{"id":244902,"date":"2019-12-05T08:03:30","date_gmt":"2019-12-05T11:03:30","guid":{"rendered":"http:\/\/quersaberpolitica.com.br\/2016\/?p=244902"},"modified":"2019-12-04T17:15:05","modified_gmt":"2019-12-04T20:15:05","slug":"relator-da-onu-no-brasil-recebe-denuncias-sobre-gestao-ambiental-do-governo-bolsonaro","status":"publish","type":"post","link":"https:\/\/blogdofarnesio.com.br\/?p=244902","title":{"rendered":"Relator da ONU no Brasil recebe den\u00fancias sobre gest\u00e3o ambiental do governo Bolsonaro"},"content":{"rendered":"<header>\n<h2 class=\"description\"><span style=\"font-size: 16px;\">Cristiane Sampaio | Brasil de Fato\u00a0<\/span><\/h2>\n<figure>A quest\u00e3o do vazamento de \u00f3leo na costa do Brasil foi destaque em audi\u00eancia p\u00fablica na C\u00e2mara dos Deputados nesta ter\u00e7a-feira (3), com a presen\u00e7a do relator especial da ONU na \u00e1rea de \u201cImplica\u00e7\u00f5es da gest\u00e3o e elimina\u00e7\u00e3o ambientalmente racional de subst\u00e2ncias e res\u00edduos perigosos\u201d, Baskut Tuncak.<\/figure>\n<\/header>\n<div class=\"content\">\n<div class=\"text-content\">\n<p>Em miss\u00e3o oficial no Brasil at\u00e9 o dia 13, o emiss\u00e1rio esteve na Comiss\u00e3o de Direitos Humanos e Minorias (CDHM) da Casa para ouvir relatos e receber dados de parlamentares e especialistas sobre o tema.<\/p>\n<p>Em meio ao drama que afetou, at\u00e9 agora, a costa de 11 estados brasileiros, o coordenador da comiss\u00e3o externa da C\u00e2mara que acompanha as investiga\u00e7\u00f5es sobre o vazamento de \u00f3leo, deputado Jo\u00e3o Daniel (PT-SE), destacou que o problema foi identificado em 30 de agosto e chegou a um total de 866 localidades em 127 munic\u00edpios, segundo o \u00faltimo boletim do Ibama (Instituto Brasileiro do Meio Ambiente e dos Recursos Naturais).<\/p>\n<p>\u201cN\u00e3o temos, at\u00e9 hoje, nenhuma comprova\u00e7\u00e3o da origem do \u00f3leo. O governo federal em nenhum momento atuou sobre o caso sem antes ter havido uma den\u00fancia ou cobran\u00e7a por parte da sociedade, da C\u00e2mara Federal, do Senado e, em especial, das comunidades atingidas\u201d, relatou o parlamentar.<\/p>\n<p>O problema dos res\u00edduos t\u00f3xicos se desdobra tamb\u00e9m em outras quest\u00f5es, que foram levadas ao relator da ONU tamb\u00e9m por operadores do sistema de Justi\u00e7a e integrantes de movimentos populares.<\/p>\n<p class=\"ckeditor-subtitle\">&#8220;Suspens\u00e3o de direitos&#8221;<\/p>\n<p>A subprocuradora-geral da Rep\u00fablica Deborah Duprat, titular da Procuradoria Federal dos Direitos do Cidad\u00e3o (PFDC), compartilhou diferentes preocupa\u00e7\u00f5es, entre elas atua\u00e7\u00e3o de empres\u00e1rios do agroneg\u00f3cio e de outros ramos que dificultam demarca\u00e7\u00f5es de \u00e1reas para a reforma agr\u00e1ria, ind\u00edgenas e quilombolas. Ela afirmou que o Brasil vive um quadro de \u201csuspens\u00e3o de direitos\u201d.<\/p>\n<p>\u201cN\u00f3s temos um quadro de irresponsabilidade empresarial, apesar de o direito brasileiro trazer uma legisla\u00e7\u00e3o muito interessante sobre responsabilidade nas empresas, especialmente no campo ambiental, e de a Suprema Corte ter decidido, em mais de um caso, que as empresas t\u00eam compromisso tal qual o Estado de observar, proteger e promover direitos humanos\u201d, completou, ao mencionar ainda a atua\u00e7\u00e3o de mineradoras.<\/p>\n<p>A a\u00e7\u00e3o predat\u00f3ria de empresas de minera\u00e7\u00e3o tamb\u00e9m foi lembrada pelo geraizeiro Adair Nenz\u00e3o, da comunidade Vale das Cancelas (MG), que resgatou os casos de Mariana (MG) e Brumadinho (MG), cidades devastadas pelo rompimento de barragens da companhia Vale.<\/p>\n<p>\u201cN\u00e3o aceitamos mais minera\u00e7\u00e3o em Minas e pedimos a imediata interdi\u00e7\u00e3o dessas empresas. \u00c9 preciso que haja senso de humanidade e respeito pelo povo de Minas Gerais e do Brasil\u201d, apelou, ao pedir aux\u00edlio da ONU para o caso.<\/p>\n<p class=\"ckeditor-subtitle\"><strong>Agrot\u00f3xicos<\/strong><\/p>\n<p>Teve destaque ainda a libera\u00e7\u00e3o de agrot\u00f3xicos no Brasil, que j\u00e1 contabilizada 467 produtos in\u00e9ditos no mercado nacional este ano, o primeiro da gest\u00e3o Bolsonaro.<\/p>\n<p>\u201c\u00c9 o maior \u00edndice da historia do pa\u00eds, sendo que mais de 40% deles s\u00e3o proibidos por outros pa\u00edses. Hoje se sabe, por meio de pesquisa, que um em cada quatro munic\u00edpios do pa\u00eds tem na sua \u00e1gua um coquetel de agrot\u00f3xicos\u201d, destacou o presidente do Conselho Nacional de Direitos Humanos (CNDH), Leonardo Pinho, ao mencionar os riscos da contamina\u00e7\u00e3o por esse tipo de produto.<\/p>\n<p>A exposi\u00e7\u00e3o a res\u00edduos qu\u00edmicos pode ser a maior causa de doen\u00e7as e mortes no mundo, segundo aponta a Organiza\u00e7\u00e3o das Na\u00e7\u00f5es Unidas (ONU). A problem\u00e1tica atinge principalmente a popula\u00e7\u00e3o pobre de pa\u00edses de baixa ou m\u00e9dia rendas, alvo de mais de 90% das ocorr\u00eancias.<\/p>\n<p>A militante Naiara Bittencourt, da Campanha Permanente contra os Agrot\u00f3xicos e pela Vida, sublinhou a preocupa\u00e7\u00e3o com a nova classifica\u00e7\u00e3o toxicol\u00f3gica da Ag\u00eancia Nacional de Vigil\u00e2ncia Sanit\u00e1ria (Anvisa), que relativiza a gravidade de determinados pesticidas.<\/p>\n<p>\u201cProdutos cujo dano n\u00e3o \u00e9 t\u00e3o percept\u00edvel ou que t\u00eam consequ\u00eancias vistas num per\u00edodo de tempo maior, como as intoxica\u00e7\u00f5es cr\u00f4nicas, n\u00e3o mais ter\u00e3o a caveira indicativa na embalagem. Imaginem uma crian\u00e7a ou mesmo um trabalhador rural que n\u00e3o sabe ler. Eles n\u00e3o v\u00e3o mais identificar nesse produto um risco t\u00f3xico. Isso \u00e9 muito preocupante\u201d, afirmou ao relator da ONU.<\/p>\n<p>O Movimento dos Trabalhadores Rurais sem Terra (MST) tamb\u00e9m levou preocupa\u00e7\u00f5es relacionadas \u00e0 expans\u00e3o de pesticidas no campo brasileiro. \u201cNossa produ\u00e7\u00e3o est\u00e1 sendo muito amea\u00e7ada porque n\u00e3o estamos conseguindo comprovar a certifica\u00e7\u00e3o dos nossos produtos por estarmos recebendo chuvas de veneno provocadas por avi\u00f5es e m\u00e1quinas agr\u00edcolas\u201d, relatou a dirigente nacional da entidade Antonia Ivoneide de Melo Silva.<\/p>\n<p>J\u00e1 o l\u00edder ind\u00edgena J\u00e2nio Guarani Kaiow\u00e1, do Mato Grosso do Sul, lembrou que a quest\u00e3o do uso de veneno pelo agroneg\u00f3cio causa doen\u00e7as, atinge escolas ind\u00edgenas, aldeias em geral e provoca tamb\u00e9m mortic\u00ednio de lideran\u00e7as que resistem a a\u00e7\u00f5es de empresas com atua\u00e7\u00e3o predat\u00f3ria. Ele tamb\u00e9m ressaltou que o veneno contamina rios e ajuda na devasta\u00e7\u00e3o das florestas. \u201cA natureza est\u00e1 pedindo socorro, e sem ela a gente n\u00e3o \u00e9 nada\u201d.<\/p>\n<p class=\"ckeditor-subtitle\"><strong>Relator<\/strong><\/p>\n<p>Em uma r\u00e1pida declara\u00e7\u00e3o, o relator Baskut Tuncak pediu aos integrantes da sociedade civil, especialistas e parlamentares que seguissem em clima de resist\u00eancia. \u201c\u00c9 grave e tremendamente corajoso o que est\u00e3o fazendo, principalmente os que j\u00e1 receberam amea\u00e7as de morte\u201d.<\/p>\n<p>Ao mencionar a problem\u00e1tica dos agrot\u00f3xicos, o emiss\u00e1rio lembrou que tais produtos s\u00e3o t\u00f3xicos e causam diferentes danos.\u00a0 \u201cUma das verdades que vir\u00e3o \u00e0 tona \u00e9 o estrago econ\u00f4mico que tem sido causado pela intoxica\u00e7\u00e3o do planeta. As pessoas est\u00e3o ficando doentes, infelizes, improdutivas. (\u2026) E tamb\u00e9m h\u00e1 um mito de que a desregulamenta\u00e7\u00e3o \u00e9 boa para os neg\u00f3cios, mas isso n\u00e3o \u00e9 bom porque promove modelos obsoletos e insustent\u00e1veis, faz as sociedades recuarem em vez de avan\u00e7arem com m\u00e9todos de produ\u00e7\u00e3o mais avan\u00e7ado\u201d, argumentou.<\/p>\n<p>Este foi o primeiro compromisso p\u00fablico do relator no pa\u00eds, que dever\u00e1 ter destaque num relat\u00f3rio a ser apresentado por ele em 2020 na sede da ONU em Genebra, na Su\u00ed\u00e7a.<\/p>\n<p class=\"editor\">Edi\u00e7\u00e3o: Rodrigo Chagas<\/p>\n<\/div>\n<\/div>\n","protected":false},"excerpt":{"rendered":"<p>Cristiane Sampaio | Brasil de Fato\u00a0 A quest\u00e3o do vazamento de \u00f3leo na costa do Brasil foi destaque em audi\u00eancia p\u00fablica na C\u00e2mara dos Deputados nesta ter\u00e7a-feira (3), com a presen\u00e7a do relator especial da ONU na \u00e1rea de \u201cImplica\u00e7\u00f5es da gest\u00e3o e elimina\u00e7\u00e3o ambientalmente racional de subst\u00e2ncias e res\u00edduos perigosos\u201d, Baskut Tuncak. Em miss\u00e3o oficial no Brasil at\u00e9 o dia 13, o emiss\u00e1rio esteve na Comiss\u00e3o de Direitos Humanos e Minorias (CDHM) da Casa para ouvir relatos e receber dados de parlamentares e especialistas sobre o tema. Em meio ao drama que afetou, at\u00e9 agora, a costa de 11 estados brasileiros, o coordenador da comiss\u00e3o externa da C\u00e2mara que acompanha as investiga\u00e7\u00f5es sobre o vazamento de \u00f3leo, deputado Jo\u00e3o&hellip; <\/p>\n","protected":false},"author":1,"featured_media":244903,"comment_status":"closed","ping_status":"closed","sticky":false,"template":"","format":"standard","meta":{"_acf_changed":false,"footnotes":""},"categories":[29],"tags":[],"class_list":["post-244902","post","type-post","status-publish","format-standard","has-post-thumbnail","hentry","category-meio-ambiente"],"acf":[],"yoast_head":"<!-- This site is optimized with the Yoast SEO plugin v27.4 - https:\/\/yoast.com\/product\/yoast-seo-wordpress\/ -->\n<title>Relator da ONU no Brasil recebe den\u00fancias sobre gest\u00e3o ambiental do governo Bolsonaro - Blog do Farn\u00e9sio<\/title>\n<meta name=\"robots\" content=\"index, follow, max-snippet:-1, max-image-preview:large, max-video-preview:-1\" \/>\n<link rel=\"canonical\" href=\"https:\/\/blogdofarnesio.com.br\/?p=244902\" \/>\n<meta property=\"og:locale\" content=\"pt_BR\" \/>\n<meta property=\"og:type\" content=\"article\" \/>\n<meta property=\"og:title\" content=\"Relator da ONU no Brasil recebe den\u00fancias sobre gest\u00e3o ambiental do governo Bolsonaro - Blog do Farn\u00e9sio\" \/>\n<meta property=\"og:description\" content=\"Cristiane Sampaio | Brasil de Fato\u00a0 A quest\u00e3o do vazamento de \u00f3leo na costa do Brasil foi destaque em audi\u00eancia p\u00fablica na C\u00e2mara dos Deputados nesta ter\u00e7a-feira (3), com a presen\u00e7a do relator especial da ONU na \u00e1rea de \u201cImplica\u00e7\u00f5es da gest\u00e3o e elimina\u00e7\u00e3o ambientalmente racional de subst\u00e2ncias e res\u00edduos perigosos\u201d, Baskut Tuncak. Em miss\u00e3o oficial no Brasil at\u00e9 o dia 13, o emiss\u00e1rio esteve na Comiss\u00e3o de Direitos Humanos e Minorias (CDHM) da Casa para ouvir relatos e receber dados de parlamentares e especialistas sobre o tema. Em meio ao drama que afetou, at\u00e9 agora, a costa de 11 estados brasileiros, o coordenador da comiss\u00e3o externa da C\u00e2mara que acompanha as investiga\u00e7\u00f5es sobre o vazamento de \u00f3leo, deputado Jo\u00e3o&hellip;\" \/>\n<meta property=\"og:url\" content=\"https:\/\/blogdofarnesio.com.br\/?p=244902\" \/>\n<meta property=\"og:site_name\" content=\"Blog do Farn\u00e9sio\" \/>\n<meta property=\"article:publisher\" content=\"https:\/\/www.facebook.com\/BlogQuerSaberPolitica\/\" \/>\n<meta property=\"article:published_time\" content=\"2019-12-05T11:03:30+00:00\" \/>\n<meta property=\"og:image\" content=\"https:\/\/blogdofarnesio.com.br\/wp-content\/uploads\/2019\/12\/BLOGQSPBaskut-Tuncak-da-ONU-Vinicius-Loures-C\u00e2mara-dos-Deputados.jpg\" \/>\n\t<meta property=\"og:image:width\" content=\"640\" \/>\n\t<meta property=\"og:image:height\" content=\"427\" \/>\n\t<meta property=\"og:image:type\" content=\"image\/jpeg\" \/>\n<meta name=\"author\" content=\"Farn\u00e9sio\" \/>\n<meta name=\"twitter:card\" content=\"summary_large_image\" \/>\n<meta name=\"twitter:label1\" content=\"Escrito por\" \/>\n\t<meta name=\"twitter:data1\" content=\"Farn\u00e9sio\" \/>\n\t<meta name=\"twitter:label2\" content=\"Est. tempo de leitura\" \/>\n\t<meta name=\"twitter:data2\" content=\"5 minutos\" \/>\n<script type=\"application\/ld+json\" class=\"yoast-schema-graph\">{\"@context\":\"https:\\\/\\\/schema.org\",\"@graph\":[{\"@type\":\"Article\",\"@id\":\"https:\\\/\\\/blogdofarnesio.com.br\\\/?p=244902#article\",\"isPartOf\":{\"@id\":\"https:\\\/\\\/blogdofarnesio.com.br\\\/?p=244902\"},\"author\":{\"name\":\"Farn\u00e9sio\",\"@id\":\"https:\\\/\\\/blogdofarnesio.com.br\\\/#\\\/schema\\\/person\\\/301c4acf522bccbfdb45af95b5b906a1\"},\"headline\":\"Relator da ONU no Brasil recebe den\u00fancias sobre gest\u00e3o ambiental do governo Bolsonaro\",\"datePublished\":\"2019-12-05T11:03:30+00:00\",\"mainEntityOfPage\":{\"@id\":\"https:\\\/\\\/blogdofarnesio.com.br\\\/?p=244902\"},\"wordCount\":1095,\"publisher\":{\"@id\":\"https:\\\/\\\/blogdofarnesio.com.br\\\/#organization\"},\"image\":{\"@id\":\"https:\\\/\\\/blogdofarnesio.com.br\\\/?p=244902#primaryimage\"},\"thumbnailUrl\":\"https:\\\/\\\/blogdofarnesio.com.br\\\/wp-content\\\/uploads\\\/2019\\\/12\\\/BLOGQSPBaskut-Tuncak-da-ONU-Vinicius-Loures-C\u00e2mara-dos-Deputados.jpg\",\"articleSection\":[\"Meio Ambiente\"],\"inLanguage\":\"pt-BR\"},{\"@type\":\"WebPage\",\"@id\":\"https:\\\/\\\/blogdofarnesio.com.br\\\/?p=244902\",\"url\":\"https:\\\/\\\/blogdofarnesio.com.br\\\/?p=244902\",\"name\":\"Relator da ONU no Brasil recebe den\u00fancias sobre gest\u00e3o ambiental do governo Bolsonaro - Blog do Farn\u00e9sio\",\"isPartOf\":{\"@id\":\"https:\\\/\\\/blogdofarnesio.com.br\\\/#website\"},\"primaryImageOfPage\":{\"@id\":\"https:\\\/\\\/blogdofarnesio.com.br\\\/?p=244902#primaryimage\"},\"image\":{\"@id\":\"https:\\\/\\\/blogdofarnesio.com.br\\\/?p=244902#primaryimage\"},\"thumbnailUrl\":\"https:\\\/\\\/blogdofarnesio.com.br\\\/wp-content\\\/uploads\\\/2019\\\/12\\\/BLOGQSPBaskut-Tuncak-da-ONU-Vinicius-Loures-C\u00e2mara-dos-Deputados.jpg\",\"datePublished\":\"2019-12-05T11:03:30+00:00\",\"breadcrumb\":{\"@id\":\"https:\\\/\\\/blogdofarnesio.com.br\\\/?p=244902#breadcrumb\"},\"inLanguage\":\"pt-BR\",\"potentialAction\":[{\"@type\":\"ReadAction\",\"target\":[\"https:\\\/\\\/blogdofarnesio.com.br\\\/?p=244902\"]}]},{\"@type\":\"ImageObject\",\"inLanguage\":\"pt-BR\",\"@id\":\"https:\\\/\\\/blogdofarnesio.com.br\\\/?p=244902#primaryimage\",\"url\":\"https:\\\/\\\/blogdofarnesio.com.br\\\/wp-content\\\/uploads\\\/2019\\\/12\\\/BLOGQSPBaskut-Tuncak-da-ONU-Vinicius-Loures-C\u00e2mara-dos-Deputados.jpg\",\"contentUrl\":\"https:\\\/\\\/blogdofarnesio.com.br\\\/wp-content\\\/uploads\\\/2019\\\/12\\\/BLOGQSPBaskut-Tuncak-da-ONU-Vinicius-Loures-C\u00e2mara-dos-Deputados.jpg\",\"width\":640,\"height\":427},{\"@type\":\"BreadcrumbList\",\"@id\":\"https:\\\/\\\/blogdofarnesio.com.br\\\/?p=244902#breadcrumb\",\"itemListElement\":[{\"@type\":\"ListItem\",\"position\":1,\"name\":\"In\u00edcio\",\"item\":\"https:\\\/\\\/blogdofarnesio.com.br\\\/\"},{\"@type\":\"ListItem\",\"position\":2,\"name\":\"Relator da ONU no Brasil recebe den\u00fancias sobre gest\u00e3o ambiental do governo Bolsonaro\"}]},{\"@type\":\"WebSite\",\"@id\":\"https:\\\/\\\/blogdofarnesio.com.br\\\/#website\",\"url\":\"https:\\\/\\\/blogdofarnesio.com.br\\\/\",\"name\":\"Blog do Farn\u00e9sio\",\"description\":\"Quer Saber Pol\u00edtica?\",\"publisher\":{\"@id\":\"https:\\\/\\\/blogdofarnesio.com.br\\\/#organization\"},\"potentialAction\":[{\"@type\":\"SearchAction\",\"target\":{\"@type\":\"EntryPoint\",\"urlTemplate\":\"https:\\\/\\\/blogdofarnesio.com.br\\\/?s={search_term_string}\"},\"query-input\":{\"@type\":\"PropertyValueSpecification\",\"valueRequired\":true,\"valueName\":\"search_term_string\"}}],\"inLanguage\":\"pt-BR\"},{\"@type\":\"Organization\",\"@id\":\"https:\\\/\\\/blogdofarnesio.com.br\\\/#organization\",\"name\":\"Blog do Farn\u00e9sio\",\"url\":\"https:\\\/\\\/blogdofarnesio.com.br\\\/\",\"logo\":{\"@type\":\"ImageObject\",\"inLanguage\":\"pt-BR\",\"@id\":\"https:\\\/\\\/blogdofarnesio.com.br\\\/#\\\/schema\\\/logo\\\/image\\\/\",\"url\":\"https:\\\/\\\/blogdofarnesio.com.br\\\/wp-content\\\/uploads\\\/2026\\\/03\\\/cropped-logo_new-1.png\",\"contentUrl\":\"https:\\\/\\\/blogdofarnesio.com.br\\\/wp-content\\\/uploads\\\/2026\\\/03\\\/cropped-logo_new-1.png\",\"width\":881,\"height\":685,\"caption\":\"Blog do Farn\u00e9sio\"},\"image\":{\"@id\":\"https:\\\/\\\/blogdofarnesio.com.br\\\/#\\\/schema\\\/logo\\\/image\\\/\"},\"sameAs\":[\"https:\\\/\\\/www.facebook.com\\\/BlogQuerSaberPolitica\\\/\"]},{\"@type\":\"Person\",\"@id\":\"https:\\\/\\\/blogdofarnesio.com.br\\\/#\\\/schema\\\/person\\\/301c4acf522bccbfdb45af95b5b906a1\",\"name\":\"Farn\u00e9sio\",\"image\":{\"@type\":\"ImageObject\",\"inLanguage\":\"pt-BR\",\"@id\":\"https:\\\/\\\/secure.gravatar.com\\\/avatar\\\/df0c9a14567c056f8ad6876ba5bbd1e3e2c48023eb6807342fc4663adf549f38?s=96&d=mm&r=g\",\"url\":\"https:\\\/\\\/secure.gravatar.com\\\/avatar\\\/df0c9a14567c056f8ad6876ba5bbd1e3e2c48023eb6807342fc4663adf549f38?s=96&d=mm&r=g\",\"contentUrl\":\"https:\\\/\\\/secure.gravatar.com\\\/avatar\\\/df0c9a14567c056f8ad6876ba5bbd1e3e2c48023eb6807342fc4663adf549f38?s=96&d=mm&r=g\",\"caption\":\"Farn\u00e9sio\"},\"sameAs\":[\"https:\\\/\\\/quersaberpolitica.com.br\"],\"url\":\"https:\\\/\\\/blogdofarnesio.com.br\\\/?author=1\"}]}<\/script>\n<!-- \/ Yoast SEO plugin. -->","yoast_head_json":{"title":"Relator da ONU no Brasil recebe den\u00fancias sobre gest\u00e3o ambiental do governo Bolsonaro - Blog do Farn\u00e9sio","robots":{"index":"index","follow":"follow","max-snippet":"max-snippet:-1","max-image-preview":"max-image-preview:large","max-video-preview":"max-video-preview:-1"},"canonical":"https:\/\/blogdofarnesio.com.br\/?p=244902","og_locale":"pt_BR","og_type":"article","og_title":"Relator da ONU no Brasil recebe den\u00fancias sobre gest\u00e3o ambiental do governo Bolsonaro - Blog do Farn\u00e9sio","og_description":"Cristiane Sampaio | Brasil de Fato\u00a0 A quest\u00e3o do vazamento de \u00f3leo na costa do Brasil foi destaque em audi\u00eancia p\u00fablica na C\u00e2mara dos Deputados nesta ter\u00e7a-feira (3), com a presen\u00e7a do relator especial da ONU na \u00e1rea de \u201cImplica\u00e7\u00f5es da gest\u00e3o e elimina\u00e7\u00e3o ambientalmente racional de subst\u00e2ncias e res\u00edduos perigosos\u201d, Baskut Tuncak. Em miss\u00e3o oficial no Brasil at\u00e9 o dia 13, o emiss\u00e1rio esteve na Comiss\u00e3o de Direitos Humanos e Minorias (CDHM) da Casa para ouvir relatos e receber dados de parlamentares e especialistas sobre o tema. Em meio ao drama que afetou, at\u00e9 agora, a costa de 11 estados brasileiros, o coordenador da comiss\u00e3o externa da C\u00e2mara que acompanha as investiga\u00e7\u00f5es sobre o vazamento de \u00f3leo, deputado Jo\u00e3o&hellip;","og_url":"https:\/\/blogdofarnesio.com.br\/?p=244902","og_site_name":"Blog do Farn\u00e9sio","article_publisher":"https:\/\/www.facebook.com\/BlogQuerSaberPolitica\/","article_published_time":"2019-12-05T11:03:30+00:00","og_image":[{"width":640,"height":427,"url":"https:\/\/blogdofarnesio.com.br\/wp-content\/uploads\/2019\/12\/BLOGQSPBaskut-Tuncak-da-ONU-Vinicius-Loures-C\u00e2mara-dos-Deputados.jpg","type":"image\/jpeg"}],"author":"Farn\u00e9sio","twitter_card":"summary_large_image","twitter_misc":{"Escrito por":"Farn\u00e9sio","Est. tempo de leitura":"5 minutos"},"schema":{"@context":"https:\/\/schema.org","@graph":[{"@type":"Article","@id":"https:\/\/blogdofarnesio.com.br\/?p=244902#article","isPartOf":{"@id":"https:\/\/blogdofarnesio.com.br\/?p=244902"},"author":{"name":"Farn\u00e9sio","@id":"https:\/\/blogdofarnesio.com.br\/#\/schema\/person\/301c4acf522bccbfdb45af95b5b906a1"},"headline":"Relator da ONU no Brasil recebe den\u00fancias sobre gest\u00e3o ambiental do governo Bolsonaro","datePublished":"2019-12-05T11:03:30+00:00","mainEntityOfPage":{"@id":"https:\/\/blogdofarnesio.com.br\/?p=244902"},"wordCount":1095,"publisher":{"@id":"https:\/\/blogdofarnesio.com.br\/#organization"},"image":{"@id":"https:\/\/blogdofarnesio.com.br\/?p=244902#primaryimage"},"thumbnailUrl":"https:\/\/blogdofarnesio.com.br\/wp-content\/uploads\/2019\/12\/BLOGQSPBaskut-Tuncak-da-ONU-Vinicius-Loures-C\u00e2mara-dos-Deputados.jpg","articleSection":["Meio Ambiente"],"inLanguage":"pt-BR"},{"@type":"WebPage","@id":"https:\/\/blogdofarnesio.com.br\/?p=244902","url":"https:\/\/blogdofarnesio.com.br\/?p=244902","name":"Relator da ONU no Brasil recebe den\u00fancias sobre gest\u00e3o ambiental do governo Bolsonaro - Blog do Farn\u00e9sio","isPartOf":{"@id":"https:\/\/blogdofarnesio.com.br\/#website"},"primaryImageOfPage":{"@id":"https:\/\/blogdofarnesio.com.br\/?p=244902#primaryimage"},"image":{"@id":"https:\/\/blogdofarnesio.com.br\/?p=244902#primaryimage"},"thumbnailUrl":"https:\/\/blogdofarnesio.com.br\/wp-content\/uploads\/2019\/12\/BLOGQSPBaskut-Tuncak-da-ONU-Vinicius-Loures-C\u00e2mara-dos-Deputados.jpg","datePublished":"2019-12-05T11:03:30+00:00","breadcrumb":{"@id":"https:\/\/blogdofarnesio.com.br\/?p=244902#breadcrumb"},"inLanguage":"pt-BR","potentialAction":[{"@type":"ReadAction","target":["https:\/\/blogdofarnesio.com.br\/?p=244902"]}]},{"@type":"ImageObject","inLanguage":"pt-BR","@id":"https:\/\/blogdofarnesio.com.br\/?p=244902#primaryimage","url":"https:\/\/blogdofarnesio.com.br\/wp-content\/uploads\/2019\/12\/BLOGQSPBaskut-Tuncak-da-ONU-Vinicius-Loures-C\u00e2mara-dos-Deputados.jpg","contentUrl":"https:\/\/blogdofarnesio.com.br\/wp-content\/uploads\/2019\/12\/BLOGQSPBaskut-Tuncak-da-ONU-Vinicius-Loures-C\u00e2mara-dos-Deputados.jpg","width":640,"height":427},{"@type":"BreadcrumbList","@id":"https:\/\/blogdofarnesio.com.br\/?p=244902#breadcrumb","itemListElement":[{"@type":"ListItem","position":1,"name":"In\u00edcio","item":"https:\/\/blogdofarnesio.com.br\/"},{"@type":"ListItem","position":2,"name":"Relator da ONU no Brasil recebe den\u00fancias sobre gest\u00e3o ambiental do governo Bolsonaro"}]},{"@type":"WebSite","@id":"https:\/\/blogdofarnesio.com.br\/#website","url":"https:\/\/blogdofarnesio.com.br\/","name":"Blog do Farn\u00e9sio","description":"Quer Saber Pol\u00edtica?","publisher":{"@id":"https:\/\/blogdofarnesio.com.br\/#organization"},"potentialAction":[{"@type":"SearchAction","target":{"@type":"EntryPoint","urlTemplate":"https:\/\/blogdofarnesio.com.br\/?s={search_term_string}"},"query-input":{"@type":"PropertyValueSpecification","valueRequired":true,"valueName":"search_term_string"}}],"inLanguage":"pt-BR"},{"@type":"Organization","@id":"https:\/\/blogdofarnesio.com.br\/#organization","name":"Blog do Farn\u00e9sio","url":"https:\/\/blogdofarnesio.com.br\/","logo":{"@type":"ImageObject","inLanguage":"pt-BR","@id":"https:\/\/blogdofarnesio.com.br\/#\/schema\/logo\/image\/","url":"https:\/\/blogdofarnesio.com.br\/wp-content\/uploads\/2026\/03\/cropped-logo_new-1.png","contentUrl":"https:\/\/blogdofarnesio.com.br\/wp-content\/uploads\/2026\/03\/cropped-logo_new-1.png","width":881,"height":685,"caption":"Blog do Farn\u00e9sio"},"image":{"@id":"https:\/\/blogdofarnesio.com.br\/#\/schema\/logo\/image\/"},"sameAs":["https:\/\/www.facebook.com\/BlogQuerSaberPolitica\/"]},{"@type":"Person","@id":"https:\/\/blogdofarnesio.com.br\/#\/schema\/person\/301c4acf522bccbfdb45af95b5b906a1","name":"Farn\u00e9sio","image":{"@type":"ImageObject","inLanguage":"pt-BR","@id":"https:\/\/secure.gravatar.com\/avatar\/df0c9a14567c056f8ad6876ba5bbd1e3e2c48023eb6807342fc4663adf549f38?s=96&d=mm&r=g","url":"https:\/\/secure.gravatar.com\/avatar\/df0c9a14567c056f8ad6876ba5bbd1e3e2c48023eb6807342fc4663adf549f38?s=96&d=mm&r=g","contentUrl":"https:\/\/secure.gravatar.com\/avatar\/df0c9a14567c056f8ad6876ba5bbd1e3e2c48023eb6807342fc4663adf549f38?s=96&d=mm&r=g","caption":"Farn\u00e9sio"},"sameAs":["https:\/\/quersaberpolitica.com.br"],"url":"https:\/\/blogdofarnesio.com.br\/?author=1"}]}},"_links":{"self":[{"href":"https:\/\/blogdofarnesio.com.br\/index.php?rest_route=\/wp\/v2\/posts\/244902","targetHints":{"allow":["GET"]}}],"collection":[{"href":"https:\/\/blogdofarnesio.com.br\/index.php?rest_route=\/wp\/v2\/posts"}],"about":[{"href":"https:\/\/blogdofarnesio.com.br\/index.php?rest_route=\/wp\/v2\/types\/post"}],"author":[{"embeddable":true,"href":"https:\/\/blogdofarnesio.com.br\/index.php?rest_route=\/wp\/v2\/users\/1"}],"replies":[{"embeddable":true,"href":"https:\/\/blogdofarnesio.com.br\/index.php?rest_route=%2Fwp%2Fv2%2Fcomments&post=244902"}],"version-history":[{"count":0,"href":"https:\/\/blogdofarnesio.com.br\/index.php?rest_route=\/wp\/v2\/posts\/244902\/revisions"}],"wp:featuredmedia":[{"embeddable":true,"href":"https:\/\/blogdofarnesio.com.br\/index.php?rest_route=\/wp\/v2\/media\/244903"}],"wp:attachment":[{"href":"https:\/\/blogdofarnesio.com.br\/index.php?rest_route=%2Fwp%2Fv2%2Fmedia&parent=244902"}],"wp:term":[{"taxonomy":"category","embeddable":true,"href":"https:\/\/blogdofarnesio.com.br\/index.php?rest_route=%2Fwp%2Fv2%2Fcategories&post=244902"},{"taxonomy":"post_tag","embeddable":true,"href":"https:\/\/blogdofarnesio.com.br\/index.php?rest_route=%2Fwp%2Fv2%2Ftags&post=244902"}],"curies":[{"name":"wp","href":"https:\/\/api.w.org\/{rel}","templated":true}]}}