{"id":244856,"date":"2019-12-05T09:20:31","date_gmt":"2019-12-05T12:20:31","guid":{"rendered":"http:\/\/quersaberpolitica.com.br\/2016\/?p=244856"},"modified":"2019-12-04T15:19:44","modified_gmt":"2019-12-04T18:19:44","slug":"vereadores-do-prefeito-migeul-coelho-nao-dao-brecha-e-derrubam-emendas-da-oposicao-na-loa-2020","status":"publish","type":"post","link":"https:\/\/blogdofarnesio.com.br\/?p=244856","title":{"rendered":"vereadores do prefeito Miguel Coelho n\u00e3o d\u00e3o &#8216;brecha&#8217; e derrubam emendas da oposi\u00e7\u00e3o na LOA\/2020"},"content":{"rendered":"<p style=\"font-weight: 400;\">Em sess\u00e3o ordin\u00e1ria na ter\u00e7a (03), os vereadores da Casa Pl\u00ednio Amorim apreciaram as emendas \u00e0 Lei Or\u00e7ament\u00e1ria Anual (LOA) para o exerc\u00edcio financeiro de 2020, reprovadas pela Comiss\u00e3o de Finan\u00e7as e Or\u00e7amento. No total, foram 377 emendas apresentadas, 366 aprovadas e 10 rejeitadas, sendo nove do vereador Gilmar Santos e uma da vereadora Cristina Costa (ambos da Bancada de Oposi\u00e7\u00e3o). Durante a vota\u00e7\u00e3o no plen\u00e1rio, o vereador conseguiu reverter apenas uma de suas emendas rejeitadas. Ou seja, os vereadores do prefeito rejeitaram a emenda de Cristina e oito do vereador Gilmar.<\/p>\n<p style=\"font-weight: 400;\">Durante a discuss\u00e3o das mat\u00e9rias, a vereadora Cristina Costa questionou os 40% do or\u00e7amento para remanejamento concedidos ao prefeito, \u201cN\u00f3s sab\u00edamos que ia ser reprovada pelos colegas, eles t\u00eam maioria, mas n\u00e3o podemos aceitar que a Casa Legislativa conceda 40% do or\u00e7amento anual para remanejamento do Executivo, \u00e9 o mesmo que assinar um cheque em branco, admitindo um percentual t\u00e3o alto para utiliza\u00e7\u00e3o de recursos que n\u00f3s vereadores n\u00e3o sabemos para onde s\u00e3o destinados\u201d, argumentou Cristina que pedia a redu\u00e7\u00e3o do percentual pra 20%, ao inv\u00e9s dos 40% apresentados no Projeto de Lei do Executivo Municipal. Em setembro deste ano, essa proposta foi discutida na Lei de Diretrizes Or\u00e7ament\u00e1rias (LDO\/2020) e remanejada para ser apreciada na LOA.<\/p>\n<p style=\"font-weight: 400;\">Das emendas do vereador Gilmar Santos, questionadas pela Comiss\u00e3o, apenas uma passou pelo crivo dos vereadores do prefeito. Das 27 apresentadas, nove foram rejeitadas pela Comiss\u00e3o e apenas a emenda 252, que prev\u00ea um fundo municipal de habita\u00e7\u00e3o de interesse social, no valor estimado de R$ 500 mil, foi aprovada.<\/p>\n<p style=\"font-weight: 400;\">Os vereadores Paulo Valgueiro e Elismar Gon\u00e7alves tiveram suas emendas modificativas aprovadas.<\/p>\n<p style=\"font-weight: 400;\">Gabriel Menezes n\u00e3o apresentou emendas para a LOA nem para a LDO de 2020, como forma protesto ao descaso do prefeito de n\u00e3o atender nenhuma de suas emendas desde que assumiu a gest\u00e3o municipal. \u201cN\u00f3s apresentamos cerca de 30 emendas em 2017 que n\u00e3o foram atendidas pelo prefeito Miguel Coelho, em fun\u00e7\u00e3o disso, repetimos as mesmas emendas para o exerc\u00edcio de 2018 e nunca foram executadas, n\u00e3o estou aqui para fazer papel de palha\u00e7o e criar falsas expectativas no meu eleitor, tenho responsabilidade e coer\u00eancia como legislador, que o prefeito e seus aliados vivam essa falsa ilus\u00e3o de obras, eu n\u00e3o quero participar dessa engana\u00e7\u00e3o com o povo de Petrolina\u201d.<\/p>\n<p style=\"font-weight: 400;\"><strong>Emendas da LOA dos vereadores da Bancada de Oposi\u00e7\u00e3o<\/strong><\/p>\n<ul>\n<li style=\"font-weight: 400;\">CRISTINA COSTA<\/li>\n<li style=\"font-weight: 400;\">&#8211; Constru\u00e7\u00e3o de uma Pra\u00e7a na Vila D\u00e9bora;<\/li>\n<li style=\"font-weight: 400;\">&#8211; Constru\u00e7\u00e3o do Hospital da Mulher;<\/li>\n<li style=\"font-weight: 400;\">&#8211; Aquisi\u00e7\u00e3o de mais viaturas para a Patrulha Maria da Penha;<\/li>\n<li style=\"font-weight: 400;\">&#8211;\u00a0 Implanta\u00e7\u00e3o do centro de apoio a pessoas com c\u00e2ncer;<\/li>\n<li style=\"font-weight: 400;\">&#8211; Constru\u00e7\u00e3o da AME do Jo\u00e3o de Deus;<\/li>\n<li style=\"font-weight: 400;\">&#8211; Pavimenta\u00e7\u00e3o de ruas no Jo\u00e3o de Deus, Jardim Amazonas, Vila D\u00e9bora, Maria Lins, Avenida Principal da comunidade rural de Baixa Alegre;<\/li>\n<li style=\"font-weight: 400;\">&#8211;\u00a0 Constru\u00e7\u00e3o do terminal de apoio a passageiros e turistas na travessia do transporte fluvial entre Petrolina e Juazeiro;<\/li>\n<li style=\"font-weight: 400;\">&#8211; Implanta\u00e7\u00e3o de cargos e carreiras de servidores municipais;<\/li>\n<li style=\"font-weight: 400;\">&#8211; Regulamenta\u00e7\u00e3o em Petrolina da carga hor\u00e1ria de 30 horas semanais para os profissionais de enfermagem;<\/li>\n<li style=\"font-weight: 400;\">&#8211; Apoio a entidades sem fins lucrativos;<\/li>\n<li style=\"font-weight: 400;\">&#8211; Apoio \u00e0 feira de caprinos e ovinos da agricultura familiar no interior do munic\u00edpio;<\/li>\n<li style=\"font-weight: 400;\">&#8211; Amplia\u00e7\u00e3o de vale transporte para estudantes das faculdades de educa\u00e7\u00e3o \u00e0 dist\u00e2ncia com aulas em tutoria presencial, entre outras emendas.<\/li>\n<\/ul>\n<ul>\n<li style=\"font-weight: 400;\">ELISMAR GON\u00c7ALVES<\/li>\n<li style=\"font-weight: 400;\">-Apoiar torneio de futebol de Nova Descoberta<\/li>\n<li style=\"font-weight: 400;\">-Realiza\u00e7\u00e3o de Festival de Dan\u00e7a e Cortejo Afro em Petrolina<\/li>\n<li style=\"font-weight: 400;\">-Apoiar o S\u00e3o Jo\u00e3o de Nova Descoberta e a Festa do Colono do Bebedouro<\/li>\n<li style=\"font-weight: 400;\">-Melhorar Adutora da Regi\u00e3o de Lagoa dos Cavalos, beneficiando Varzinha, Barreiro, Cai\u00e7ara, Lagoa dos Cavalos e Ouricuri<\/li>\n<li style=\"font-weight: 400;\">-Fazer patrolamento nas estradas dos distritos do munic\u00edpio<\/li>\n<li style=\"font-weight: 400;\">-Incentivar a Festa de Pega de Boi no Mato do Muqu\u00e9m<\/li>\n<li style=\"font-weight: 400;\">-Construir modernizar e cobrir o p\u00e1tio da feira livre de Nova Descoberta<\/li>\n<li style=\"font-weight: 400;\">-Incentivar a produ\u00e7\u00e3o de caprinocultura e avicultura<\/li>\n<li style=\"font-weight: 400;\">-Pavimenta\u00e7\u00e3o de vias p\u00fablicas no Bebedouro, Nova Descoberta e Izacol\u00e2ndia<\/li>\n<li style=\"font-weight: 400;\">-Implantar saneamento b\u00e1sico no projeto Bebedouro<\/li>\n<li style=\"font-weight: 400;\">-Manuten\u00e7\u00e3o das pra\u00e7as dos projetos Bebedouro e Izacol\u00e2ndia<\/li>\n<li style=\"font-weight: 400;\">-Construir pra\u00e7a em Nova Descoberta<\/li>\n<li style=\"font-weight: 400;\">-Construir quadra poliesportiva em Izacol\u00e2ndia<\/li>\n<li style=\"font-weight: 400;\">-Reformar e cobrir quadras poliesportivas no Bebedouro e Po\u00e7o da Cruz<\/li>\n<li style=\"font-weight: 400;\">-Fazer Regula\u00e7\u00e3o Fundi\u00e1ria em Nova Descoberta<\/li>\n<li style=\"font-weight: 400;\">-Construir quadras poliesportivas em Pedrinhas, Pedra Grande<\/li>\n<li style=\"font-weight: 400;\">-Pavimentar vias p\u00fablicas no S\u00e3o Gon\u00e7alo, Ant\u00f4nio Cassimiro, Serrote do Urubu, Nova Descoberta e Loteamento Colinas do Rio<\/li>\n<li style=\"font-weight: 400;\">-Construir pra\u00e7as na Vila Marcela, loteamento colinas do rio e projeto Bebedouro<\/li>\n<\/ul>\n<ul>\n<li style=\"font-weight: 400;\">GILMAR SANTOS<\/li>\n<li style=\"font-weight: 400;\">-Gest\u00e3o de equipamentos culturais;<\/li>\n<li style=\"font-weight: 400;\">-Realiza\u00e7\u00e3o de Editais ou Concursos de Eventos Tradicionalmente Culturais;<\/li>\n<li style=\"font-weight: 400;\">-Pavimenta\u00e7\u00e3o de Ruas;<\/li>\n<li style=\"font-weight: 400;\">-Implementa\u00e7\u00e3o da Pol\u00edtica de Habita\u00e7\u00e3o Urbana;<\/li>\n<li style=\"font-weight: 400;\">-Consolida\u00e7\u00e3o da Pol\u00edtica Municipal de Direitos Humanos;<\/li>\n<li style=\"font-weight: 400;\">-Manuten\u00e7\u00e3o de Equipamentos Urbanos de Acessibilidade;<\/li>\n<li style=\"font-weight: 400;\">-Manuten\u00e7\u00e3o da Casa dos Conselhos;<\/li>\n<li style=\"font-weight: 400;\">-Execu\u00e7\u00e3o do Programa de aquisi\u00e7\u00e3o de Alimentos (PAA) da Agricultura Familiar;<\/li>\n<li style=\"font-weight: 400;\">-Fortalecimento da Pol\u00edtica de Apoio ao Idoso;<\/li>\n<li style=\"font-weight: 400;\">-Implementa\u00e7\u00e3o da Pol\u00edtica de Habita\u00e7\u00e3o Urbana;<\/li>\n<li style=\"font-weight: 400;\">-Pavimenta\u00e7\u00e3o das Ruas dos Bairros Mandacaru, Park Mandacaru e Terras do Sul;<\/li>\n<li style=\"font-weight: 400;\">-Constru\u00e7\u00e3o de Cisternas Coletiva e Individual;<\/li>\n<li style=\"font-weight: 400;\">-Construir e equipar a Casa dos Conselhos;<\/li>\n<li style=\"font-weight: 400;\">-Reestrutura\u00e7\u00e3o e Implementa\u00e7\u00e3o dos equipamentos Socioassistenciais;<\/li>\n<li style=\"font-weight: 400;\">-Implementa\u00e7\u00e3o e Fortalecimento da Vigil\u00e2ncia Socioassitencial;<\/li>\n<li style=\"font-weight: 400;\">-Capacita\u00e7\u00e3o para Professores;<\/li>\n<li style=\"font-weight: 400;\">-Implementa\u00e7\u00e3o de Sala de recursos;<\/li>\n<li style=\"font-weight: 400;\">-Implanta\u00e7\u00e3o de Educa\u00e7\u00e3o Bil\u00edngue (LIBRAS);<\/li>\n<li style=\"font-weight: 400;\"><\/li>\n<li style=\"font-weight: 400;\">PAULO VALGUEIRO<\/li>\n<li style=\"font-weight: 400;\">&#8211; Implanta\u00e7\u00e3o de abrigo para passageiros do transporte coletivo;<\/li>\n<li style=\"font-weight: 400;\">-Constru\u00e7\u00e3o de um terminal integrado nos Bairros Cohab Massangano, Pedra Linda e Jos\u00e9 e Maria;<\/li>\n<li style=\"font-weight: 400;\">-Constru\u00e7\u00e3o de cobertura nos pontos de moto taxi e taxis;<\/li>\n<li style=\"font-weight: 400;\">-Constru\u00e7\u00e3o de unidades de sa\u00fade de fam\u00edlia nos Residenciais Monsenhor Bernardino Vivendas;<\/li>\n<li style=\"font-weight: 400;\">-Patrolamento das estradas vicinais do Distrito de Rajada;<\/li>\n<li style=\"font-weight: 400;\">-Implanta\u00e7\u00e3o da cobertura da feira livre do Bairro Jos\u00e9 e Maria e Residencial Vivendas;<\/li>\n<li style=\"font-weight: 400;\">-Instala\u00e7\u00e3o de iluminaria p\u00fablica nas ruas e avenidas dos bairros Mandacaru e Terras do Sul;<\/li>\n<li style=\"font-weight: 400;\">-Pavimenta\u00e7\u00e3o de vias p\u00fablicas no Cosme e Dami\u00e3o, Jardim Amazonas, Vila D\u00e9bora, Rio Claro, Padre C\u00edcero, Rio Corrente, Jo\u00e3o de Deus, S\u00e3o Gon\u00e7alo, Caminho do Sol, Pedra Linda, Vila Eduardo e Colina Imperial;<\/li>\n<li style=\"font-weight: 400;\">-Manuten\u00e7\u00e3o e amplia\u00e7\u00e3o do Programa Nova Semente;<\/li>\n<li style=\"font-weight: 400;\">-Constru\u00e7\u00e3o de boxes na feira livre do Bairro Jos\u00e9 e Maria;<\/li>\n<li style=\"font-weight: 400;\">-Constru\u00e7\u00e3o de escolas no Residencial Monsenhor Bernardino, Residencial Brasil, Nova Petrolina e Terras do Sul;<\/li>\n<li style=\"font-weight: 400;\">-Recapeamento de vias p\u00fablicas que vai da Rua 22 do bairro Jo\u00e3o de Deus, entre os Bairros Quati e Bela Vista;<\/li>\n<li style=\"font-weight: 400;\">-Cobertura do canal de Drenagem na via de Acesso do IF Sert\u00e3o;<\/li>\n<li style=\"font-weight: 400;\">-Execu\u00e7\u00e3o do servi\u00e7o de Saneamento do Bairro Caminho do Sul;<\/li>\n<li style=\"font-weight: 400;\">-Constru\u00e7\u00e3o da Pra\u00e7a do Caminho do Sol;<\/li>\n<li style=\"font-weight: 400;\">-Recupera\u00e7\u00e3o da Pra\u00e7a da Rua Val\u00e9rio Pereira, no Centro;<\/li>\n<li style=\"font-weight: 400;\">-Execu\u00e7\u00e3o do servi\u00e7o de saneamento do Bairro Caminho do Sol;<\/li>\n<li style=\"font-weight: 400;\">-Cobertura do canal de drenagem na via de acesso do IF Sert\u00e3o;<\/li>\n<li style=\"font-weight: 400;\">-Recapeamento de vias p\u00fablicas que vai da Rua 22 no Jo\u00e3o de Deus aos Bairros Quati e Bela Vista<\/li>\n<li style=\"font-weight: 400;\">-Implanta\u00e7\u00e3o de uma Pra\u00e7a de Alimenta\u00e7\u00e3o e Ponto de Apoio na Rua Janu\u00e1rio Alves, Centro da Cidade;<\/li>\n<li style=\"font-weight: 400;\">-Manuten\u00e7\u00e3o e Amplia\u00e7\u00e3o do programa Nova Semente;<\/li>\n<li style=\"font-weight: 400;\">-Pavimenta\u00e7\u00e3o da Avenida Jo\u00e3o Campos e ruas sem pavimenta\u00e7\u00e3o;<\/li>\n<li style=\"font-weight: 400;\">-Constru\u00e7\u00e3o de uma Pra\u00e7a, usando 20% do terreno onde localizava o Col\u00e9gio Motiva, com equipamentos p\u00fablicos para a pr\u00e1tica de atividades f\u00edsicas;<\/li>\n<li style=\"font-weight: 400;\">&#8211; Amplia\u00e7\u00e3o do sistema de esgotamento sanit\u00e1rio das Ruas Jo\u00e3o Cardoso Galv\u00e3o, Quintino Marcelo; Cassimiro Gomes de S\u00e1, M\u00e3e Chica, Jo\u00e3o Campos, Rosa, Lilas, Milton Menezes, Francisco Xavier no Bairro caminho do Sol;<\/li>\n<li style=\"font-weight: 400;\">-Cobertura no canal de drenagem das Ruas do Bege, Ven\u00e2ncio Jos\u00e9 de Souza e Manoel Felix do Bairro Caminho do Sol;<\/li>\n<li style=\"font-weight: 400;\">&#8211; Instala\u00e7\u00e3o do Sistema de Energia Solar nos pr\u00e9dios das escolas municipais e UBS;<\/li>\n<li style=\"font-weight: 400;\">-Assegurar gratifica\u00e7\u00e3o de dif\u00edcil acesso para os profissionais de Educa\u00e7\u00e3o, outras gratifica\u00e7\u00f5es e reajuste salarial;<\/li>\n<li style=\"font-weight: 400;\">-Assegurar para servidores gratifica\u00e7\u00f5es e reajustes salariais da \u00e1rea de sa\u00fade da AMMPLA, Guarda Civil, Agentes de Seguran\u00e7a Patrimonial;<\/li>\n<li style=\"font-weight: 400;\">-Implanta\u00e7\u00e3o de aux\u00edlio fardamento para Agentes de Seguran\u00e7a Patrimonial e Guarda Civil.<\/li>\n<\/ul>\n<p style=\"font-weight: 400;\"><strong>M\u00f4nia Ramos\/Bancada de Oposi\u00e7\u00e3o Petrolina\u00a0<\/strong><\/p>\n","protected":false},"excerpt":{"rendered":"<p>Em sess\u00e3o ordin\u00e1ria na ter\u00e7a (03), os vereadores da Casa Pl\u00ednio Amorim apreciaram as emendas \u00e0 Lei Or\u00e7ament\u00e1ria Anual (LOA) para o exerc\u00edcio financeiro de 2020, reprovadas pela Comiss\u00e3o de Finan\u00e7as e Or\u00e7amento. No total, foram 377 emendas apresentadas, 366 aprovadas e 10 rejeitadas, sendo nove do vereador Gilmar Santos e uma da vereadora Cristina Costa (ambos da Bancada de Oposi\u00e7\u00e3o). Durante a vota\u00e7\u00e3o no plen\u00e1rio, o vereador conseguiu reverter apenas uma de suas emendas rejeitadas. Ou seja, os vereadores do prefeito rejeitaram a emenda de Cristina e oito do vereador Gilmar. Durante a discuss\u00e3o das mat\u00e9rias, a vereadora Cristina Costa questionou os 40% do or\u00e7amento para remanejamento concedidos ao prefeito, \u201cN\u00f3s sab\u00edamos que ia ser reprovada pelos colegas, eles&hellip; <\/p>\n","protected":false},"author":1,"featured_media":200367,"comment_status":"closed","ping_status":"closed","sticky":false,"template":"","format":"standard","meta":{"_acf_changed":false,"footnotes":""},"categories":[1],"tags":[],"class_list":["post-244856","post","type-post","status-publish","format-standard","has-post-thumbnail","hentry","category-politica"],"acf":[],"yoast_head":"<!-- This site is optimized with the Yoast SEO plugin v27.4 - https:\/\/yoast.com\/product\/yoast-seo-wordpress\/ -->\n<title>vereadores do prefeito Miguel Coelho n\u00e3o d\u00e3o &#039;brecha&#039; e derrubam emendas da oposi\u00e7\u00e3o na LOA\/2020 - Blog do Farn\u00e9sio<\/title>\n<meta name=\"robots\" content=\"index, follow, max-snippet:-1, max-image-preview:large, max-video-preview:-1\" \/>\n<link rel=\"canonical\" href=\"https:\/\/blogdofarnesio.com.br\/?p=244856\" \/>\n<meta property=\"og:locale\" content=\"pt_BR\" \/>\n<meta property=\"og:type\" content=\"article\" \/>\n<meta property=\"og:title\" content=\"vereadores do prefeito Miguel Coelho n\u00e3o d\u00e3o &#039;brecha&#039; e derrubam emendas da oposi\u00e7\u00e3o na LOA\/2020 - Blog do Farn\u00e9sio\" \/>\n<meta property=\"og:description\" content=\"Em sess\u00e3o ordin\u00e1ria na ter\u00e7a (03), os vereadores da Casa Pl\u00ednio Amorim apreciaram as emendas \u00e0 Lei Or\u00e7ament\u00e1ria Anual (LOA) para o exerc\u00edcio financeiro de 2020, reprovadas pela Comiss\u00e3o de Finan\u00e7as e Or\u00e7amento. No total, foram 377 emendas apresentadas, 366 aprovadas e 10 rejeitadas, sendo nove do vereador Gilmar Santos e uma da vereadora Cristina Costa (ambos da Bancada de Oposi\u00e7\u00e3o). Durante a vota\u00e7\u00e3o no plen\u00e1rio, o vereador conseguiu reverter apenas uma de suas emendas rejeitadas. Ou seja, os vereadores do prefeito rejeitaram a emenda de Cristina e oito do vereador Gilmar. Durante a discuss\u00e3o das mat\u00e9rias, a vereadora Cristina Costa questionou os 40% do or\u00e7amento para remanejamento concedidos ao prefeito, \u201cN\u00f3s sab\u00edamos que ia ser reprovada pelos colegas, eles&hellip;\" \/>\n<meta property=\"og:url\" content=\"https:\/\/blogdofarnesio.com.br\/?p=244856\" \/>\n<meta property=\"og:site_name\" content=\"Blog do Farn\u00e9sio\" \/>\n<meta property=\"article:publisher\" content=\"https:\/\/www.facebook.com\/BlogQuerSaberPolitica\/\" \/>\n<meta property=\"article:published_time\" content=\"2019-12-05T12:20:31+00:00\" \/>\n<meta property=\"og:image\" content=\"https:\/\/blogdofarnesio.com.br\/wp-content\/uploads\/2018\/06\/blogqsp-camara-petrolina.jpg\" \/>\n\t<meta property=\"og:image:width\" content=\"448\" \/>\n\t<meta property=\"og:image:height\" content=\"298\" \/>\n\t<meta property=\"og:image:type\" content=\"image\/jpeg\" \/>\n<meta name=\"author\" content=\"Farn\u00e9sio\" \/>\n<meta name=\"twitter:card\" content=\"summary_large_image\" \/>\n<meta name=\"twitter:label1\" content=\"Escrito por\" \/>\n\t<meta name=\"twitter:data1\" content=\"Farn\u00e9sio\" \/>\n\t<meta name=\"twitter:label2\" content=\"Est. tempo de leitura\" \/>\n\t<meta name=\"twitter:data2\" content=\"7 minutos\" \/>\n<script type=\"application\/ld+json\" class=\"yoast-schema-graph\">{\"@context\":\"https:\\\/\\\/schema.org\",\"@graph\":[{\"@type\":\"Article\",\"@id\":\"https:\\\/\\\/blogdofarnesio.com.br\\\/?p=244856#article\",\"isPartOf\":{\"@id\":\"https:\\\/\\\/blogdofarnesio.com.br\\\/?p=244856\"},\"author\":{\"name\":\"Farn\u00e9sio\",\"@id\":\"https:\\\/\\\/blogdofarnesio.com.br\\\/#\\\/schema\\\/person\\\/301c4acf522bccbfdb45af95b5b906a1\"},\"headline\":\"vereadores do prefeito Miguel Coelho n\u00e3o d\u00e3o &#8216;brecha&#8217; e derrubam emendas da oposi\u00e7\u00e3o na LOA\\\/2020\",\"datePublished\":\"2019-12-05T12:20:31+00:00\",\"mainEntityOfPage\":{\"@id\":\"https:\\\/\\\/blogdofarnesio.com.br\\\/?p=244856\"},\"wordCount\":1451,\"publisher\":{\"@id\":\"https:\\\/\\\/blogdofarnesio.com.br\\\/#organization\"},\"image\":{\"@id\":\"https:\\\/\\\/blogdofarnesio.com.br\\\/?p=244856#primaryimage\"},\"thumbnailUrl\":\"https:\\\/\\\/blogdofarnesio.com.br\\\/wp-content\\\/uploads\\\/2018\\\/06\\\/blogqsp-camara-petrolina.jpg\",\"articleSection\":[\"Pol\u00edtica\"],\"inLanguage\":\"pt-BR\"},{\"@type\":\"WebPage\",\"@id\":\"https:\\\/\\\/blogdofarnesio.com.br\\\/?p=244856\",\"url\":\"https:\\\/\\\/blogdofarnesio.com.br\\\/?p=244856\",\"name\":\"vereadores do prefeito Miguel Coelho n\u00e3o d\u00e3o 'brecha' e derrubam emendas da oposi\u00e7\u00e3o na LOA\\\/2020 - Blog do Farn\u00e9sio\",\"isPartOf\":{\"@id\":\"https:\\\/\\\/blogdofarnesio.com.br\\\/#website\"},\"primaryImageOfPage\":{\"@id\":\"https:\\\/\\\/blogdofarnesio.com.br\\\/?p=244856#primaryimage\"},\"image\":{\"@id\":\"https:\\\/\\\/blogdofarnesio.com.br\\\/?p=244856#primaryimage\"},\"thumbnailUrl\":\"https:\\\/\\\/blogdofarnesio.com.br\\\/wp-content\\\/uploads\\\/2018\\\/06\\\/blogqsp-camara-petrolina.jpg\",\"datePublished\":\"2019-12-05T12:20:31+00:00\",\"breadcrumb\":{\"@id\":\"https:\\\/\\\/blogdofarnesio.com.br\\\/?p=244856#breadcrumb\"},\"inLanguage\":\"pt-BR\",\"potentialAction\":[{\"@type\":\"ReadAction\",\"target\":[\"https:\\\/\\\/blogdofarnesio.com.br\\\/?p=244856\"]}]},{\"@type\":\"ImageObject\",\"inLanguage\":\"pt-BR\",\"@id\":\"https:\\\/\\\/blogdofarnesio.com.br\\\/?p=244856#primaryimage\",\"url\":\"https:\\\/\\\/blogdofarnesio.com.br\\\/wp-content\\\/uploads\\\/2018\\\/06\\\/blogqsp-camara-petrolina.jpg\",\"contentUrl\":\"https:\\\/\\\/blogdofarnesio.com.br\\\/wp-content\\\/uploads\\\/2018\\\/06\\\/blogqsp-camara-petrolina.jpg\",\"width\":448,\"height\":298,\"caption\":\"????????????????????????????????????\"},{\"@type\":\"BreadcrumbList\",\"@id\":\"https:\\\/\\\/blogdofarnesio.com.br\\\/?p=244856#breadcrumb\",\"itemListElement\":[{\"@type\":\"ListItem\",\"position\":1,\"name\":\"In\u00edcio\",\"item\":\"https:\\\/\\\/blogdofarnesio.com.br\\\/\"},{\"@type\":\"ListItem\",\"position\":2,\"name\":\"vereadores do prefeito Miguel Coelho n\u00e3o d\u00e3o &#8216;brecha&#8217; e derrubam emendas da oposi\u00e7\u00e3o na LOA\\\/2020\"}]},{\"@type\":\"WebSite\",\"@id\":\"https:\\\/\\\/blogdofarnesio.com.br\\\/#website\",\"url\":\"https:\\\/\\\/blogdofarnesio.com.br\\\/\",\"name\":\"Blog do Farn\u00e9sio\",\"description\":\"Quer Saber Pol\u00edtica?\",\"publisher\":{\"@id\":\"https:\\\/\\\/blogdofarnesio.com.br\\\/#organization\"},\"potentialAction\":[{\"@type\":\"SearchAction\",\"target\":{\"@type\":\"EntryPoint\",\"urlTemplate\":\"https:\\\/\\\/blogdofarnesio.com.br\\\/?s={search_term_string}\"},\"query-input\":{\"@type\":\"PropertyValueSpecification\",\"valueRequired\":true,\"valueName\":\"search_term_string\"}}],\"inLanguage\":\"pt-BR\"},{\"@type\":\"Organization\",\"@id\":\"https:\\\/\\\/blogdofarnesio.com.br\\\/#organization\",\"name\":\"Blog do Farn\u00e9sio\",\"url\":\"https:\\\/\\\/blogdofarnesio.com.br\\\/\",\"logo\":{\"@type\":\"ImageObject\",\"inLanguage\":\"pt-BR\",\"@id\":\"https:\\\/\\\/blogdofarnesio.com.br\\\/#\\\/schema\\\/logo\\\/image\\\/\",\"url\":\"https:\\\/\\\/blogdofarnesio.com.br\\\/wp-content\\\/uploads\\\/2026\\\/03\\\/cropped-logo_new-1.png\",\"contentUrl\":\"https:\\\/\\\/blogdofarnesio.com.br\\\/wp-content\\\/uploads\\\/2026\\\/03\\\/cropped-logo_new-1.png\",\"width\":881,\"height\":685,\"caption\":\"Blog do Farn\u00e9sio\"},\"image\":{\"@id\":\"https:\\\/\\\/blogdofarnesio.com.br\\\/#\\\/schema\\\/logo\\\/image\\\/\"},\"sameAs\":[\"https:\\\/\\\/www.facebook.com\\\/BlogQuerSaberPolitica\\\/\"]},{\"@type\":\"Person\",\"@id\":\"https:\\\/\\\/blogdofarnesio.com.br\\\/#\\\/schema\\\/person\\\/301c4acf522bccbfdb45af95b5b906a1\",\"name\":\"Farn\u00e9sio\",\"image\":{\"@type\":\"ImageObject\",\"inLanguage\":\"pt-BR\",\"@id\":\"https:\\\/\\\/secure.gravatar.com\\\/avatar\\\/df0c9a14567c056f8ad6876ba5bbd1e3e2c48023eb6807342fc4663adf549f38?s=96&d=mm&r=g\",\"url\":\"https:\\\/\\\/secure.gravatar.com\\\/avatar\\\/df0c9a14567c056f8ad6876ba5bbd1e3e2c48023eb6807342fc4663adf549f38?s=96&d=mm&r=g\",\"contentUrl\":\"https:\\\/\\\/secure.gravatar.com\\\/avatar\\\/df0c9a14567c056f8ad6876ba5bbd1e3e2c48023eb6807342fc4663adf549f38?s=96&d=mm&r=g\",\"caption\":\"Farn\u00e9sio\"},\"sameAs\":[\"https:\\\/\\\/quersaberpolitica.com.br\"],\"url\":\"https:\\\/\\\/blogdofarnesio.com.br\\\/?author=1\"}]}<\/script>\n<!-- \/ Yoast SEO plugin. -->","yoast_head_json":{"title":"vereadores do prefeito Miguel Coelho n\u00e3o d\u00e3o 'brecha' e derrubam emendas da oposi\u00e7\u00e3o na LOA\/2020 - Blog do Farn\u00e9sio","robots":{"index":"index","follow":"follow","max-snippet":"max-snippet:-1","max-image-preview":"max-image-preview:large","max-video-preview":"max-video-preview:-1"},"canonical":"https:\/\/blogdofarnesio.com.br\/?p=244856","og_locale":"pt_BR","og_type":"article","og_title":"vereadores do prefeito Miguel Coelho n\u00e3o d\u00e3o 'brecha' e derrubam emendas da oposi\u00e7\u00e3o na LOA\/2020 - Blog do Farn\u00e9sio","og_description":"Em sess\u00e3o ordin\u00e1ria na ter\u00e7a (03), os vereadores da Casa Pl\u00ednio Amorim apreciaram as emendas \u00e0 Lei Or\u00e7ament\u00e1ria Anual (LOA) para o exerc\u00edcio financeiro de 2020, reprovadas pela Comiss\u00e3o de Finan\u00e7as e Or\u00e7amento. No total, foram 377 emendas apresentadas, 366 aprovadas e 10 rejeitadas, sendo nove do vereador Gilmar Santos e uma da vereadora Cristina Costa (ambos da Bancada de Oposi\u00e7\u00e3o). Durante a vota\u00e7\u00e3o no plen\u00e1rio, o vereador conseguiu reverter apenas uma de suas emendas rejeitadas. Ou seja, os vereadores do prefeito rejeitaram a emenda de Cristina e oito do vereador Gilmar. Durante a discuss\u00e3o das mat\u00e9rias, a vereadora Cristina Costa questionou os 40% do or\u00e7amento para remanejamento concedidos ao prefeito, \u201cN\u00f3s sab\u00edamos que ia ser reprovada pelos colegas, eles&hellip;","og_url":"https:\/\/blogdofarnesio.com.br\/?p=244856","og_site_name":"Blog do Farn\u00e9sio","article_publisher":"https:\/\/www.facebook.com\/BlogQuerSaberPolitica\/","article_published_time":"2019-12-05T12:20:31+00:00","og_image":[{"width":448,"height":298,"url":"https:\/\/blogdofarnesio.com.br\/wp-content\/uploads\/2018\/06\/blogqsp-camara-petrolina.jpg","type":"image\/jpeg"}],"author":"Farn\u00e9sio","twitter_card":"summary_large_image","twitter_misc":{"Escrito por":"Farn\u00e9sio","Est. tempo de leitura":"7 minutos"},"schema":{"@context":"https:\/\/schema.org","@graph":[{"@type":"Article","@id":"https:\/\/blogdofarnesio.com.br\/?p=244856#article","isPartOf":{"@id":"https:\/\/blogdofarnesio.com.br\/?p=244856"},"author":{"name":"Farn\u00e9sio","@id":"https:\/\/blogdofarnesio.com.br\/#\/schema\/person\/301c4acf522bccbfdb45af95b5b906a1"},"headline":"vereadores do prefeito Miguel Coelho n\u00e3o d\u00e3o &#8216;brecha&#8217; e derrubam emendas da oposi\u00e7\u00e3o na LOA\/2020","datePublished":"2019-12-05T12:20:31+00:00","mainEntityOfPage":{"@id":"https:\/\/blogdofarnesio.com.br\/?p=244856"},"wordCount":1451,"publisher":{"@id":"https:\/\/blogdofarnesio.com.br\/#organization"},"image":{"@id":"https:\/\/blogdofarnesio.com.br\/?p=244856#primaryimage"},"thumbnailUrl":"https:\/\/blogdofarnesio.com.br\/wp-content\/uploads\/2018\/06\/blogqsp-camara-petrolina.jpg","articleSection":["Pol\u00edtica"],"inLanguage":"pt-BR"},{"@type":"WebPage","@id":"https:\/\/blogdofarnesio.com.br\/?p=244856","url":"https:\/\/blogdofarnesio.com.br\/?p=244856","name":"vereadores do prefeito Miguel Coelho n\u00e3o d\u00e3o 'brecha' e derrubam emendas da oposi\u00e7\u00e3o na LOA\/2020 - Blog do Farn\u00e9sio","isPartOf":{"@id":"https:\/\/blogdofarnesio.com.br\/#website"},"primaryImageOfPage":{"@id":"https:\/\/blogdofarnesio.com.br\/?p=244856#primaryimage"},"image":{"@id":"https:\/\/blogdofarnesio.com.br\/?p=244856#primaryimage"},"thumbnailUrl":"https:\/\/blogdofarnesio.com.br\/wp-content\/uploads\/2018\/06\/blogqsp-camara-petrolina.jpg","datePublished":"2019-12-05T12:20:31+00:00","breadcrumb":{"@id":"https:\/\/blogdofarnesio.com.br\/?p=244856#breadcrumb"},"inLanguage":"pt-BR","potentialAction":[{"@type":"ReadAction","target":["https:\/\/blogdofarnesio.com.br\/?p=244856"]}]},{"@type":"ImageObject","inLanguage":"pt-BR","@id":"https:\/\/blogdofarnesio.com.br\/?p=244856#primaryimage","url":"https:\/\/blogdofarnesio.com.br\/wp-content\/uploads\/2018\/06\/blogqsp-camara-petrolina.jpg","contentUrl":"https:\/\/blogdofarnesio.com.br\/wp-content\/uploads\/2018\/06\/blogqsp-camara-petrolina.jpg","width":448,"height":298,"caption":"????????????????????????????????????"},{"@type":"BreadcrumbList","@id":"https:\/\/blogdofarnesio.com.br\/?p=244856#breadcrumb","itemListElement":[{"@type":"ListItem","position":1,"name":"In\u00edcio","item":"https:\/\/blogdofarnesio.com.br\/"},{"@type":"ListItem","position":2,"name":"vereadores do prefeito Miguel Coelho n\u00e3o d\u00e3o &#8216;brecha&#8217; e derrubam emendas da oposi\u00e7\u00e3o na LOA\/2020"}]},{"@type":"WebSite","@id":"https:\/\/blogdofarnesio.com.br\/#website","url":"https:\/\/blogdofarnesio.com.br\/","name":"Blog do Farn\u00e9sio","description":"Quer Saber Pol\u00edtica?","publisher":{"@id":"https:\/\/blogdofarnesio.com.br\/#organization"},"potentialAction":[{"@type":"SearchAction","target":{"@type":"EntryPoint","urlTemplate":"https:\/\/blogdofarnesio.com.br\/?s={search_term_string}"},"query-input":{"@type":"PropertyValueSpecification","valueRequired":true,"valueName":"search_term_string"}}],"inLanguage":"pt-BR"},{"@type":"Organization","@id":"https:\/\/blogdofarnesio.com.br\/#organization","name":"Blog do Farn\u00e9sio","url":"https:\/\/blogdofarnesio.com.br\/","logo":{"@type":"ImageObject","inLanguage":"pt-BR","@id":"https:\/\/blogdofarnesio.com.br\/#\/schema\/logo\/image\/","url":"https:\/\/blogdofarnesio.com.br\/wp-content\/uploads\/2026\/03\/cropped-logo_new-1.png","contentUrl":"https:\/\/blogdofarnesio.com.br\/wp-content\/uploads\/2026\/03\/cropped-logo_new-1.png","width":881,"height":685,"caption":"Blog do Farn\u00e9sio"},"image":{"@id":"https:\/\/blogdofarnesio.com.br\/#\/schema\/logo\/image\/"},"sameAs":["https:\/\/www.facebook.com\/BlogQuerSaberPolitica\/"]},{"@type":"Person","@id":"https:\/\/blogdofarnesio.com.br\/#\/schema\/person\/301c4acf522bccbfdb45af95b5b906a1","name":"Farn\u00e9sio","image":{"@type":"ImageObject","inLanguage":"pt-BR","@id":"https:\/\/secure.gravatar.com\/avatar\/df0c9a14567c056f8ad6876ba5bbd1e3e2c48023eb6807342fc4663adf549f38?s=96&d=mm&r=g","url":"https:\/\/secure.gravatar.com\/avatar\/df0c9a14567c056f8ad6876ba5bbd1e3e2c48023eb6807342fc4663adf549f38?s=96&d=mm&r=g","contentUrl":"https:\/\/secure.gravatar.com\/avatar\/df0c9a14567c056f8ad6876ba5bbd1e3e2c48023eb6807342fc4663adf549f38?s=96&d=mm&r=g","caption":"Farn\u00e9sio"},"sameAs":["https:\/\/quersaberpolitica.com.br"],"url":"https:\/\/blogdofarnesio.com.br\/?author=1"}]}},"_links":{"self":[{"href":"https:\/\/blogdofarnesio.com.br\/index.php?rest_route=\/wp\/v2\/posts\/244856","targetHints":{"allow":["GET"]}}],"collection":[{"href":"https:\/\/blogdofarnesio.com.br\/index.php?rest_route=\/wp\/v2\/posts"}],"about":[{"href":"https:\/\/blogdofarnesio.com.br\/index.php?rest_route=\/wp\/v2\/types\/post"}],"author":[{"embeddable":true,"href":"https:\/\/blogdofarnesio.com.br\/index.php?rest_route=\/wp\/v2\/users\/1"}],"replies":[{"embeddable":true,"href":"https:\/\/blogdofarnesio.com.br\/index.php?rest_route=%2Fwp%2Fv2%2Fcomments&post=244856"}],"version-history":[{"count":0,"href":"https:\/\/blogdofarnesio.com.br\/index.php?rest_route=\/wp\/v2\/posts\/244856\/revisions"}],"wp:featuredmedia":[{"embeddable":true,"href":"https:\/\/blogdofarnesio.com.br\/index.php?rest_route=\/wp\/v2\/media\/200367"}],"wp:attachment":[{"href":"https:\/\/blogdofarnesio.com.br\/index.php?rest_route=%2Fwp%2Fv2%2Fmedia&parent=244856"}],"wp:term":[{"taxonomy":"category","embeddable":true,"href":"https:\/\/blogdofarnesio.com.br\/index.php?rest_route=%2Fwp%2Fv2%2Fcategories&post=244856"},{"taxonomy":"post_tag","embeddable":true,"href":"https:\/\/blogdofarnesio.com.br\/index.php?rest_route=%2Fwp%2Fv2%2Ftags&post=244856"}],"curies":[{"name":"wp","href":"https:\/\/api.w.org\/{rel}","templated":true}]}}