{"id":244853,"date":"2019-12-04T17:33:24","date_gmt":"2019-12-04T20:33:24","guid":{"rendered":"http:\/\/quersaberpolitica.com.br\/2016\/?p=244853"},"modified":"2019-12-04T15:12:40","modified_gmt":"2019-12-04T18:12:40","slug":"sob-nova-direcao-ancine-retira-cartazes-de-filmes-de-sua-sede-e-de-site","status":"publish","type":"post","link":"https:\/\/blogdofarnesio.com.br\/?p=244853","title":{"rendered":"Sob nova dire\u00e7\u00e3o, Ancine retira cartazes de filmes de sua sede e de site"},"content":{"rendered":"<div class=\"box-title\"><\/div>\n<div class=\"box-body\" data-io-article-url=\"https:\/\/www.bahianoticias.com.br\/app\/bn-ajax.php\">\n<div class=\"text-center\">\n<div class=\"box-img\">\n<div class=\"img-legenda\">Ap\u00f3s a guinada ideol\u00f3gica na pol\u00edtica cultural do governo federal, mais de cem quadros com cartazes de filmes nacionais foram retirados das \u00e1reas comuns dos pr\u00e9dios da Ag\u00eancia Nacional do Cinema (Ancine), no Rio de Janeiro, na \u00faltima sexta-feira (29). De acordo com informa\u00e7\u00f5es da Folha de S. Paulo, o material recolhido foi para um dep\u00f3sito. Ainda segundo a publica\u00e7\u00e3o, a limpa aconteceu n\u00e3o s\u00f3 nos meios f\u00edsicos, mas tamb\u00e9m no site da Ancine, que antes expunha uma aba fixa imagens das novas produ\u00e7\u00f5es brasileiras.<\/div>\n<\/div>\n<\/div>\n<div class=\"text-descricao\">\n<p><img decoding=\"async\" class=\"img-center img-responsive alignleft\" src=\"https:\/\/www.bahianoticias.com.br\/fotos\/entretenimento_noticias\/36532\/IMAGEM_NOTICIA_5.jpg?checksum=1575455662\" alt=\"Sob nova dire\u00e7\u00e3o, Ancine retira cartazes de filmes de sua sede e de site\" \/>Segundo o jornal, os quadros estavam nas paredes da institui\u00e7\u00e3o desde 2002 e retratavam n\u00e3o apenas filmes mais atuais, como tamb\u00e9m alguns cl\u00e1ssicos como \u201cDeus e o Diabo na Terra do Sol&#8221; (1964), de Glauber Rocha, \u201cO Bandido da Luz Vermelha\u201d (1968), de Rog\u00e9rio Sganzerla, e \u201cCabra Marcado para Morrer\u201d (1984), de Eduardo Coutinho.<\/p>\n<p>Nas \u00e1reas internas de cada setor ainda restam alguns quadros nas paredes, mas uma TV que exibia trailers nacionais no sagu\u00e3o da entrada principal permanece desligada desde a sexta-feira (29).<\/p>\n<p>O diretor de comunica\u00e7\u00e3o da Ancine, \u00c9rico Cazarr\u00e9, justificou que a retirada ocorreu ap\u00f3s reuni\u00e3o o presidente-interino do \u00f3rg\u00e3o, Alex Braga, em meados de novembro, sob alega\u00e7\u00e3o de que a ag\u00eancia decidiu priorizar sua \u00e1rea reguladora em rela\u00e7\u00e3o \u00e0 de fomento. \u201cHavia muitos pedidos de divulga\u00e7\u00e3o, de festivais a eventos e palestras. Se eu fosse botar um filme, teria que ter todos.<\/p>\n<p>Depois, informa\u00e7\u00f5es de distribuidores e produtores, e por a\u00ed vai. Por isonomia, optamos por n\u00e3o divulgar mais nada\u201d, argumentou Cazarr\u00e9, que negou que a decis\u00e3o tenha ocorrido porque a institui\u00e7\u00e3o n\u00e3o queria divulgar filmes com temas combatidos pelo governo, como tem sido ventilado nas redes sociais. Segundo a Folha, nos corredores da Ancine, no entanto, \u00e9 uma teoria discutida por alguns funcion\u00e1rios.<\/p>\n<p>\u201cIsso tem cheiro de censura\u201d, avaliou Vera Zaverucha, ex-diretora da Ancine que, diante da situa\u00e7\u00e3o, escreveu ao \u00f3rg\u00e3o para questionar a retirada dos quadros. Como resposta, a ag\u00eancia justificou que se deu \u201cna compreens\u00e3o de que diversos agentes econ\u00f4micos est\u00e3o \u00e0 espera de um tratamento institucional ison\u00f4mico, e (&#8230;) considerando a impossibilidade de contemplar as demandas espec\u00edficas de cada um, a Ancine optou por interrup\u00e7\u00e3o das a\u00e7\u00f5es de divulga\u00e7\u00e3o constantes\u201d. Para Zaverucha, no entanto, a iniciativa \u00e9 \u201clament\u00e1vel\u201d.<\/p>\n<\/div>\n<\/div>\n","protected":false},"excerpt":{"rendered":"<p>Ap\u00f3s a guinada ideol\u00f3gica na pol\u00edtica cultural do governo federal, mais de cem quadros com cartazes de filmes nacionais foram retirados das \u00e1reas comuns dos pr\u00e9dios da Ag\u00eancia Nacional do Cinema (Ancine), no Rio de Janeiro, na \u00faltima sexta-feira (29). De acordo com informa\u00e7\u00f5es da Folha de S. Paulo, o material recolhido foi para um dep\u00f3sito. Ainda segundo a publica\u00e7\u00e3o, a limpa aconteceu n\u00e3o s\u00f3 nos meios f\u00edsicos, mas tamb\u00e9m no site da Ancine, que antes expunha uma aba fixa imagens das novas produ\u00e7\u00f5es brasileiras. Segundo o jornal, os quadros estavam nas paredes da institui\u00e7\u00e3o desde 2002 e retratavam n\u00e3o apenas filmes mais atuais, como tamb\u00e9m alguns cl\u00e1ssicos como \u201cDeus e o Diabo na Terra do Sol&#8221; (1964), de Glauber&hellip; <\/p>\n","protected":false},"author":1,"featured_media":238272,"comment_status":"closed","ping_status":"closed","sticky":false,"template":"","format":"standard","meta":{"_acf_changed":false,"footnotes":""},"categories":[1],"tags":[],"class_list":["post-244853","post","type-post","status-publish","format-standard","has-post-thumbnail","hentry","category-politica"],"acf":[],"yoast_head":"<!-- This site is optimized with the Yoast SEO plugin v27.4 - https:\/\/yoast.com\/product\/yoast-seo-wordpress\/ -->\n<title>Sob nova dire\u00e7\u00e3o, Ancine retira cartazes de filmes de sua sede e de site - Blog do Farn\u00e9sio<\/title>\n<meta name=\"robots\" content=\"index, follow, max-snippet:-1, max-image-preview:large, max-video-preview:-1\" \/>\n<link rel=\"canonical\" href=\"https:\/\/blogdofarnesio.com.br\/?p=244853\" \/>\n<meta property=\"og:locale\" content=\"pt_BR\" \/>\n<meta property=\"og:type\" content=\"article\" \/>\n<meta property=\"og:title\" content=\"Sob nova dire\u00e7\u00e3o, Ancine retira cartazes de filmes de sua sede e de site - Blog do Farn\u00e9sio\" \/>\n<meta property=\"og:description\" content=\"Ap\u00f3s a guinada ideol\u00f3gica na pol\u00edtica cultural do governo federal, mais de cem quadros com cartazes de filmes nacionais foram retirados das \u00e1reas comuns dos pr\u00e9dios da Ag\u00eancia Nacional do Cinema (Ancine), no Rio de Janeiro, na \u00faltima sexta-feira (29). De acordo com informa\u00e7\u00f5es da Folha de S. Paulo, o material recolhido foi para um dep\u00f3sito. Ainda segundo a publica\u00e7\u00e3o, a limpa aconteceu n\u00e3o s\u00f3 nos meios f\u00edsicos, mas tamb\u00e9m no site da Ancine, que antes expunha uma aba fixa imagens das novas produ\u00e7\u00f5es brasileiras. Segundo o jornal, os quadros estavam nas paredes da institui\u00e7\u00e3o desde 2002 e retratavam n\u00e3o apenas filmes mais atuais, como tamb\u00e9m alguns cl\u00e1ssicos como \u201cDeus e o Diabo na Terra do Sol&#8221; (1964), de Glauber&hellip;\" \/>\n<meta property=\"og:url\" content=\"https:\/\/blogdofarnesio.com.br\/?p=244853\" \/>\n<meta property=\"og:site_name\" content=\"Blog do Farn\u00e9sio\" \/>\n<meta property=\"article:publisher\" content=\"https:\/\/www.facebook.com\/BlogQuerSaberPolitica\/\" \/>\n<meta property=\"article:published_time\" content=\"2019-12-04T20:33:24+00:00\" \/>\n<meta property=\"og:image\" content=\"https:\/\/blogdofarnesio.com.br\/wp-content\/uploads\/2019\/09\/blogqspcensura.jpg\" \/>\n\t<meta property=\"og:image:width\" content=\"311\" \/>\n\t<meta property=\"og:image:height\" content=\"162\" \/>\n\t<meta property=\"og:image:type\" content=\"image\/jpeg\" \/>\n<meta name=\"author\" content=\"Farn\u00e9sio\" \/>\n<meta name=\"twitter:card\" content=\"summary_large_image\" \/>\n<meta name=\"twitter:label1\" content=\"Escrito por\" \/>\n\t<meta name=\"twitter:data1\" content=\"Farn\u00e9sio\" \/>\n\t<meta name=\"twitter:label2\" content=\"Est. tempo de leitura\" \/>\n\t<meta name=\"twitter:data2\" content=\"2 minutos\" \/>\n<script type=\"application\/ld+json\" class=\"yoast-schema-graph\">{\"@context\":\"https:\\\/\\\/schema.org\",\"@graph\":[{\"@type\":\"Article\",\"@id\":\"https:\\\/\\\/blogdofarnesio.com.br\\\/?p=244853#article\",\"isPartOf\":{\"@id\":\"https:\\\/\\\/blogdofarnesio.com.br\\\/?p=244853\"},\"author\":{\"name\":\"Farn\u00e9sio\",\"@id\":\"https:\\\/\\\/blogdofarnesio.com.br\\\/#\\\/schema\\\/person\\\/301c4acf522bccbfdb45af95b5b906a1\"},\"headline\":\"Sob nova dire\u00e7\u00e3o, Ancine retira cartazes de filmes de sua sede e de site\",\"datePublished\":\"2019-12-04T20:33:24+00:00\",\"mainEntityOfPage\":{\"@id\":\"https:\\\/\\\/blogdofarnesio.com.br\\\/?p=244853\"},\"wordCount\":419,\"publisher\":{\"@id\":\"https:\\\/\\\/blogdofarnesio.com.br\\\/#organization\"},\"image\":{\"@id\":\"https:\\\/\\\/blogdofarnesio.com.br\\\/?p=244853#primaryimage\"},\"thumbnailUrl\":\"https:\\\/\\\/blogdofarnesio.com.br\\\/wp-content\\\/uploads\\\/2019\\\/09\\\/blogqspcensura.jpg\",\"articleSection\":[\"Pol\u00edtica\"],\"inLanguage\":\"pt-BR\"},{\"@type\":\"WebPage\",\"@id\":\"https:\\\/\\\/blogdofarnesio.com.br\\\/?p=244853\",\"url\":\"https:\\\/\\\/blogdofarnesio.com.br\\\/?p=244853\",\"name\":\"Sob nova dire\u00e7\u00e3o, Ancine retira cartazes de filmes de sua sede e de site - Blog do Farn\u00e9sio\",\"isPartOf\":{\"@id\":\"https:\\\/\\\/blogdofarnesio.com.br\\\/#website\"},\"primaryImageOfPage\":{\"@id\":\"https:\\\/\\\/blogdofarnesio.com.br\\\/?p=244853#primaryimage\"},\"image\":{\"@id\":\"https:\\\/\\\/blogdofarnesio.com.br\\\/?p=244853#primaryimage\"},\"thumbnailUrl\":\"https:\\\/\\\/blogdofarnesio.com.br\\\/wp-content\\\/uploads\\\/2019\\\/09\\\/blogqspcensura.jpg\",\"datePublished\":\"2019-12-04T20:33:24+00:00\",\"breadcrumb\":{\"@id\":\"https:\\\/\\\/blogdofarnesio.com.br\\\/?p=244853#breadcrumb\"},\"inLanguage\":\"pt-BR\",\"potentialAction\":[{\"@type\":\"ReadAction\",\"target\":[\"https:\\\/\\\/blogdofarnesio.com.br\\\/?p=244853\"]}]},{\"@type\":\"ImageObject\",\"inLanguage\":\"pt-BR\",\"@id\":\"https:\\\/\\\/blogdofarnesio.com.br\\\/?p=244853#primaryimage\",\"url\":\"https:\\\/\\\/blogdofarnesio.com.br\\\/wp-content\\\/uploads\\\/2019\\\/09\\\/blogqspcensura.jpg\",\"contentUrl\":\"https:\\\/\\\/blogdofarnesio.com.br\\\/wp-content\\\/uploads\\\/2019\\\/09\\\/blogqspcensura.jpg\",\"width\":311,\"height\":162},{\"@type\":\"BreadcrumbList\",\"@id\":\"https:\\\/\\\/blogdofarnesio.com.br\\\/?p=244853#breadcrumb\",\"itemListElement\":[{\"@type\":\"ListItem\",\"position\":1,\"name\":\"In\u00edcio\",\"item\":\"https:\\\/\\\/blogdofarnesio.com.br\\\/\"},{\"@type\":\"ListItem\",\"position\":2,\"name\":\"Sob nova dire\u00e7\u00e3o, Ancine retira cartazes de filmes de sua sede e de site\"}]},{\"@type\":\"WebSite\",\"@id\":\"https:\\\/\\\/blogdofarnesio.com.br\\\/#website\",\"url\":\"https:\\\/\\\/blogdofarnesio.com.br\\\/\",\"name\":\"Blog do Farn\u00e9sio\",\"description\":\"Quer Saber Pol\u00edtica?\",\"publisher\":{\"@id\":\"https:\\\/\\\/blogdofarnesio.com.br\\\/#organization\"},\"potentialAction\":[{\"@type\":\"SearchAction\",\"target\":{\"@type\":\"EntryPoint\",\"urlTemplate\":\"https:\\\/\\\/blogdofarnesio.com.br\\\/?s={search_term_string}\"},\"query-input\":{\"@type\":\"PropertyValueSpecification\",\"valueRequired\":true,\"valueName\":\"search_term_string\"}}],\"inLanguage\":\"pt-BR\"},{\"@type\":\"Organization\",\"@id\":\"https:\\\/\\\/blogdofarnesio.com.br\\\/#organization\",\"name\":\"Blog do Farn\u00e9sio\",\"url\":\"https:\\\/\\\/blogdofarnesio.com.br\\\/\",\"logo\":{\"@type\":\"ImageObject\",\"inLanguage\":\"pt-BR\",\"@id\":\"https:\\\/\\\/blogdofarnesio.com.br\\\/#\\\/schema\\\/logo\\\/image\\\/\",\"url\":\"https:\\\/\\\/blogdofarnesio.com.br\\\/wp-content\\\/uploads\\\/2026\\\/03\\\/cropped-logo_new-1.png\",\"contentUrl\":\"https:\\\/\\\/blogdofarnesio.com.br\\\/wp-content\\\/uploads\\\/2026\\\/03\\\/cropped-logo_new-1.png\",\"width\":881,\"height\":685,\"caption\":\"Blog do Farn\u00e9sio\"},\"image\":{\"@id\":\"https:\\\/\\\/blogdofarnesio.com.br\\\/#\\\/schema\\\/logo\\\/image\\\/\"},\"sameAs\":[\"https:\\\/\\\/www.facebook.com\\\/BlogQuerSaberPolitica\\\/\"]},{\"@type\":\"Person\",\"@id\":\"https:\\\/\\\/blogdofarnesio.com.br\\\/#\\\/schema\\\/person\\\/301c4acf522bccbfdb45af95b5b906a1\",\"name\":\"Farn\u00e9sio\",\"image\":{\"@type\":\"ImageObject\",\"inLanguage\":\"pt-BR\",\"@id\":\"https:\\\/\\\/secure.gravatar.com\\\/avatar\\\/df0c9a14567c056f8ad6876ba5bbd1e3e2c48023eb6807342fc4663adf549f38?s=96&d=mm&r=g\",\"url\":\"https:\\\/\\\/secure.gravatar.com\\\/avatar\\\/df0c9a14567c056f8ad6876ba5bbd1e3e2c48023eb6807342fc4663adf549f38?s=96&d=mm&r=g\",\"contentUrl\":\"https:\\\/\\\/secure.gravatar.com\\\/avatar\\\/df0c9a14567c056f8ad6876ba5bbd1e3e2c48023eb6807342fc4663adf549f38?s=96&d=mm&r=g\",\"caption\":\"Farn\u00e9sio\"},\"sameAs\":[\"https:\\\/\\\/quersaberpolitica.com.br\"],\"url\":\"https:\\\/\\\/blogdofarnesio.com.br\\\/?author=1\"}]}<\/script>\n<!-- \/ Yoast SEO plugin. -->","yoast_head_json":{"title":"Sob nova dire\u00e7\u00e3o, Ancine retira cartazes de filmes de sua sede e de site - Blog do Farn\u00e9sio","robots":{"index":"index","follow":"follow","max-snippet":"max-snippet:-1","max-image-preview":"max-image-preview:large","max-video-preview":"max-video-preview:-1"},"canonical":"https:\/\/blogdofarnesio.com.br\/?p=244853","og_locale":"pt_BR","og_type":"article","og_title":"Sob nova dire\u00e7\u00e3o, Ancine retira cartazes de filmes de sua sede e de site - Blog do Farn\u00e9sio","og_description":"Ap\u00f3s a guinada ideol\u00f3gica na pol\u00edtica cultural do governo federal, mais de cem quadros com cartazes de filmes nacionais foram retirados das \u00e1reas comuns dos pr\u00e9dios da Ag\u00eancia Nacional do Cinema (Ancine), no Rio de Janeiro, na \u00faltima sexta-feira (29). De acordo com informa\u00e7\u00f5es da Folha de S. Paulo, o material recolhido foi para um dep\u00f3sito. Ainda segundo a publica\u00e7\u00e3o, a limpa aconteceu n\u00e3o s\u00f3 nos meios f\u00edsicos, mas tamb\u00e9m no site da Ancine, que antes expunha uma aba fixa imagens das novas produ\u00e7\u00f5es brasileiras. Segundo o jornal, os quadros estavam nas paredes da institui\u00e7\u00e3o desde 2002 e retratavam n\u00e3o apenas filmes mais atuais, como tamb\u00e9m alguns cl\u00e1ssicos como \u201cDeus e o Diabo na Terra do Sol&#8221; (1964), de Glauber&hellip;","og_url":"https:\/\/blogdofarnesio.com.br\/?p=244853","og_site_name":"Blog do Farn\u00e9sio","article_publisher":"https:\/\/www.facebook.com\/BlogQuerSaberPolitica\/","article_published_time":"2019-12-04T20:33:24+00:00","og_image":[{"width":311,"height":162,"url":"https:\/\/blogdofarnesio.com.br\/wp-content\/uploads\/2019\/09\/blogqspcensura.jpg","type":"image\/jpeg"}],"author":"Farn\u00e9sio","twitter_card":"summary_large_image","twitter_misc":{"Escrito por":"Farn\u00e9sio","Est. tempo de leitura":"2 minutos"},"schema":{"@context":"https:\/\/schema.org","@graph":[{"@type":"Article","@id":"https:\/\/blogdofarnesio.com.br\/?p=244853#article","isPartOf":{"@id":"https:\/\/blogdofarnesio.com.br\/?p=244853"},"author":{"name":"Farn\u00e9sio","@id":"https:\/\/blogdofarnesio.com.br\/#\/schema\/person\/301c4acf522bccbfdb45af95b5b906a1"},"headline":"Sob nova dire\u00e7\u00e3o, Ancine retira cartazes de filmes de sua sede e de site","datePublished":"2019-12-04T20:33:24+00:00","mainEntityOfPage":{"@id":"https:\/\/blogdofarnesio.com.br\/?p=244853"},"wordCount":419,"publisher":{"@id":"https:\/\/blogdofarnesio.com.br\/#organization"},"image":{"@id":"https:\/\/blogdofarnesio.com.br\/?p=244853#primaryimage"},"thumbnailUrl":"https:\/\/blogdofarnesio.com.br\/wp-content\/uploads\/2019\/09\/blogqspcensura.jpg","articleSection":["Pol\u00edtica"],"inLanguage":"pt-BR"},{"@type":"WebPage","@id":"https:\/\/blogdofarnesio.com.br\/?p=244853","url":"https:\/\/blogdofarnesio.com.br\/?p=244853","name":"Sob nova dire\u00e7\u00e3o, Ancine retira cartazes de filmes de sua sede e de site - Blog do Farn\u00e9sio","isPartOf":{"@id":"https:\/\/blogdofarnesio.com.br\/#website"},"primaryImageOfPage":{"@id":"https:\/\/blogdofarnesio.com.br\/?p=244853#primaryimage"},"image":{"@id":"https:\/\/blogdofarnesio.com.br\/?p=244853#primaryimage"},"thumbnailUrl":"https:\/\/blogdofarnesio.com.br\/wp-content\/uploads\/2019\/09\/blogqspcensura.jpg","datePublished":"2019-12-04T20:33:24+00:00","breadcrumb":{"@id":"https:\/\/blogdofarnesio.com.br\/?p=244853#breadcrumb"},"inLanguage":"pt-BR","potentialAction":[{"@type":"ReadAction","target":["https:\/\/blogdofarnesio.com.br\/?p=244853"]}]},{"@type":"ImageObject","inLanguage":"pt-BR","@id":"https:\/\/blogdofarnesio.com.br\/?p=244853#primaryimage","url":"https:\/\/blogdofarnesio.com.br\/wp-content\/uploads\/2019\/09\/blogqspcensura.jpg","contentUrl":"https:\/\/blogdofarnesio.com.br\/wp-content\/uploads\/2019\/09\/blogqspcensura.jpg","width":311,"height":162},{"@type":"BreadcrumbList","@id":"https:\/\/blogdofarnesio.com.br\/?p=244853#breadcrumb","itemListElement":[{"@type":"ListItem","position":1,"name":"In\u00edcio","item":"https:\/\/blogdofarnesio.com.br\/"},{"@type":"ListItem","position":2,"name":"Sob nova dire\u00e7\u00e3o, Ancine retira cartazes de filmes de sua sede e de site"}]},{"@type":"WebSite","@id":"https:\/\/blogdofarnesio.com.br\/#website","url":"https:\/\/blogdofarnesio.com.br\/","name":"Blog do Farn\u00e9sio","description":"Quer Saber Pol\u00edtica?","publisher":{"@id":"https:\/\/blogdofarnesio.com.br\/#organization"},"potentialAction":[{"@type":"SearchAction","target":{"@type":"EntryPoint","urlTemplate":"https:\/\/blogdofarnesio.com.br\/?s={search_term_string}"},"query-input":{"@type":"PropertyValueSpecification","valueRequired":true,"valueName":"search_term_string"}}],"inLanguage":"pt-BR"},{"@type":"Organization","@id":"https:\/\/blogdofarnesio.com.br\/#organization","name":"Blog do Farn\u00e9sio","url":"https:\/\/blogdofarnesio.com.br\/","logo":{"@type":"ImageObject","inLanguage":"pt-BR","@id":"https:\/\/blogdofarnesio.com.br\/#\/schema\/logo\/image\/","url":"https:\/\/blogdofarnesio.com.br\/wp-content\/uploads\/2026\/03\/cropped-logo_new-1.png","contentUrl":"https:\/\/blogdofarnesio.com.br\/wp-content\/uploads\/2026\/03\/cropped-logo_new-1.png","width":881,"height":685,"caption":"Blog do Farn\u00e9sio"},"image":{"@id":"https:\/\/blogdofarnesio.com.br\/#\/schema\/logo\/image\/"},"sameAs":["https:\/\/www.facebook.com\/BlogQuerSaberPolitica\/"]},{"@type":"Person","@id":"https:\/\/blogdofarnesio.com.br\/#\/schema\/person\/301c4acf522bccbfdb45af95b5b906a1","name":"Farn\u00e9sio","image":{"@type":"ImageObject","inLanguage":"pt-BR","@id":"https:\/\/secure.gravatar.com\/avatar\/df0c9a14567c056f8ad6876ba5bbd1e3e2c48023eb6807342fc4663adf549f38?s=96&d=mm&r=g","url":"https:\/\/secure.gravatar.com\/avatar\/df0c9a14567c056f8ad6876ba5bbd1e3e2c48023eb6807342fc4663adf549f38?s=96&d=mm&r=g","contentUrl":"https:\/\/secure.gravatar.com\/avatar\/df0c9a14567c056f8ad6876ba5bbd1e3e2c48023eb6807342fc4663adf549f38?s=96&d=mm&r=g","caption":"Farn\u00e9sio"},"sameAs":["https:\/\/quersaberpolitica.com.br"],"url":"https:\/\/blogdofarnesio.com.br\/?author=1"}]}},"_links":{"self":[{"href":"https:\/\/blogdofarnesio.com.br\/index.php?rest_route=\/wp\/v2\/posts\/244853","targetHints":{"allow":["GET"]}}],"collection":[{"href":"https:\/\/blogdofarnesio.com.br\/index.php?rest_route=\/wp\/v2\/posts"}],"about":[{"href":"https:\/\/blogdofarnesio.com.br\/index.php?rest_route=\/wp\/v2\/types\/post"}],"author":[{"embeddable":true,"href":"https:\/\/blogdofarnesio.com.br\/index.php?rest_route=\/wp\/v2\/users\/1"}],"replies":[{"embeddable":true,"href":"https:\/\/blogdofarnesio.com.br\/index.php?rest_route=%2Fwp%2Fv2%2Fcomments&post=244853"}],"version-history":[{"count":0,"href":"https:\/\/blogdofarnesio.com.br\/index.php?rest_route=\/wp\/v2\/posts\/244853\/revisions"}],"wp:featuredmedia":[{"embeddable":true,"href":"https:\/\/blogdofarnesio.com.br\/index.php?rest_route=\/wp\/v2\/media\/238272"}],"wp:attachment":[{"href":"https:\/\/blogdofarnesio.com.br\/index.php?rest_route=%2Fwp%2Fv2%2Fmedia&parent=244853"}],"wp:term":[{"taxonomy":"category","embeddable":true,"href":"https:\/\/blogdofarnesio.com.br\/index.php?rest_route=%2Fwp%2Fv2%2Fcategories&post=244853"},{"taxonomy":"post_tag","embeddable":true,"href":"https:\/\/blogdofarnesio.com.br\/index.php?rest_route=%2Fwp%2Fv2%2Ftags&post=244853"}],"curies":[{"name":"wp","href":"https:\/\/api.w.org\/{rel}","templated":true}]}}