{"id":244828,"date":"2019-12-05T07:40:52","date_gmt":"2019-12-05T10:40:52","guid":{"rendered":"http:\/\/quersaberpolitica.com.br\/2016\/?p=244828"},"modified":"2019-12-04T14:45:31","modified_gmt":"2019-12-04T17:45:31","slug":"juazeiro-e-teatro-do-oprimido-sao-destaques-no-soteropolis-da-tve","status":"publish","type":"post","link":"https:\/\/blogdofarnesio.com.br\/?p=244828","title":{"rendered":"Alex Moreira e o Teatro do Oprimido ser\u00e3o destaques hoje no programa Soter\u00f3polis da TVE"},"content":{"rendered":"<div>Nesta quinta-feira (05) o Soter\u00f3polis vai at\u00e9 a cidade de Juazeiro conhecer o trabalho com Carrancas do artista pl\u00e1stico Alex Moreira. O programa, que vai ao ar \u00e0s 22h, na TVE Bahia, destaca ainda a metodologia do Teatro do Oprimido e o trabalho musical da nigeriana Okwei Odili. A Carranca \u00e9 um s\u00edmbolo folcl\u00f3rico cultural do Rio S\u00e3o Francisco, e tamb\u00e9m a arte de Alex Moreira, que a produz utilizando uma t\u00e9cnica pr\u00f3pria: a escultura produzida em carv\u00e3o.<\/div>\n<div><\/div>\n<div>O artista apresenta as t\u00e9cnicas desenvolvidas, sua rela\u00e7\u00e3o com a lenda da carranca e fala tamb\u00e9m sobre as quest\u00f5es de preserva\u00e7\u00e3o do Rio S\u00e3o Francisco.<\/div>\n<div><\/div>\n<div>Desenvolvida pelo brasileiro Augusto Boal em 1960, O Teatro do Oprimido (TO) \u00e9 uma metodologia que usa o teatro como ferramenta de trabalho pol\u00edtico, social, \u00e9tico e est\u00e9tico, contribuindo para a transforma\u00e7\u00e3o social. Para falar sobre o m\u00e9todo, o programa conversou com Julian Boal, filho de Augusto Boal, com o professor Licko Turle, com a atriz e pesquisadora Cilene Canda, com a diretora, artista e ativista, Barbara Fontes, e com Ant\u00f4nia Pereira Bezerra, professora refer\u00eancia na pesquisa sobre o Teatro do Oprimido.<\/div>\n<div><\/div>\n<div>Ainda nesta edi\u00e7\u00e3o o p\u00fablico acompanha o perfil da nigeriana Okwei Odili, que esteve em Salvador pela primeira vez em 2013, e hoje mora na capital baiana. A cantora est\u00e1 produzindo um novo \u00e1lbum e apresenta no programa o seu trabalho, suas influ\u00eancias e as parcerias com m\u00fasicos locais.<\/div>\n<div><\/div>\n<div>O Soter\u00f3polis vai ao ar na TVE \u00e0s quintas-feiras, \u00e0s 22h, com reprises \u00e0s sextas-feiras, \u00e0s 19h30 e aos domingos, \u00e0s 18h30.<\/div>\n<div><\/div>\n","protected":false},"excerpt":{"rendered":"<p>Nesta quinta-feira (05) o Soter\u00f3polis vai at\u00e9 a cidade de Juazeiro conhecer o trabalho com Carrancas do artista pl\u00e1stico Alex Moreira. O programa, que vai ao ar \u00e0s 22h, na TVE Bahia, destaca ainda a metodologia do Teatro do Oprimido e o trabalho musical da nigeriana Okwei Odili. A Carranca \u00e9 um s\u00edmbolo folcl\u00f3rico cultural do Rio S\u00e3o Francisco, e tamb\u00e9m a arte de Alex Moreira, que a produz utilizando uma t\u00e9cnica pr\u00f3pria: a escultura produzida em carv\u00e3o. O artista apresenta as t\u00e9cnicas desenvolvidas, sua rela\u00e7\u00e3o com a lenda da carranca e fala tamb\u00e9m sobre as quest\u00f5es de preserva\u00e7\u00e3o do Rio S\u00e3o Francisco. Desenvolvida pelo brasileiro Augusto Boal em 1960, O Teatro do Oprimido (TO) \u00e9 uma metodologia que usa&hellip; <\/p>\n","protected":false},"author":1,"featured_media":244829,"comment_status":"closed","ping_status":"closed","sticky":false,"template":"","format":"standard","meta":{"_acf_changed":false,"footnotes":""},"categories":[10],"tags":[],"class_list":["post-244828","post","type-post","status-publish","format-standard","has-post-thumbnail","hentry","category-cultura"],"acf":[],"yoast_head":"<!-- This site is optimized with the Yoast SEO plugin v27.4 - https:\/\/yoast.com\/product\/yoast-seo-wordpress\/ -->\n<title>Alex Moreira e o Teatro do Oprimido ser\u00e3o destaques hoje no programa Soter\u00f3polis da TVE - Blog do Farn\u00e9sio<\/title>\n<meta name=\"robots\" content=\"index, follow, max-snippet:-1, max-image-preview:large, max-video-preview:-1\" \/>\n<link rel=\"canonical\" href=\"https:\/\/blogdofarnesio.com.br\/?p=244828\" \/>\n<meta property=\"og:locale\" content=\"pt_BR\" \/>\n<meta property=\"og:type\" content=\"article\" \/>\n<meta property=\"og:title\" content=\"Alex Moreira e o Teatro do Oprimido ser\u00e3o destaques hoje no programa Soter\u00f3polis da TVE - Blog do Farn\u00e9sio\" \/>\n<meta property=\"og:description\" content=\"Nesta quinta-feira (05) o Soter\u00f3polis vai at\u00e9 a cidade de Juazeiro conhecer o trabalho com Carrancas do artista pl\u00e1stico Alex Moreira. O programa, que vai ao ar \u00e0s 22h, na TVE Bahia, destaca ainda a metodologia do Teatro do Oprimido e o trabalho musical da nigeriana Okwei Odili. A Carranca \u00e9 um s\u00edmbolo folcl\u00f3rico cultural do Rio S\u00e3o Francisco, e tamb\u00e9m a arte de Alex Moreira, que a produz utilizando uma t\u00e9cnica pr\u00f3pria: a escultura produzida em carv\u00e3o. O artista apresenta as t\u00e9cnicas desenvolvidas, sua rela\u00e7\u00e3o com a lenda da carranca e fala tamb\u00e9m sobre as quest\u00f5es de preserva\u00e7\u00e3o do Rio S\u00e3o Francisco. Desenvolvida pelo brasileiro Augusto Boal em 1960, O Teatro do Oprimido (TO) \u00e9 uma metodologia que usa&hellip;\" \/>\n<meta property=\"og:url\" content=\"https:\/\/blogdofarnesio.com.br\/?p=244828\" \/>\n<meta property=\"og:site_name\" content=\"Blog do Farn\u00e9sio\" \/>\n<meta property=\"article:publisher\" content=\"https:\/\/www.facebook.com\/BlogQuerSaberPolitica\/\" \/>\n<meta property=\"article:published_time\" content=\"2019-12-05T10:40:52+00:00\" \/>\n<meta property=\"og:image\" content=\"https:\/\/blogdofarnesio.com.br\/wp-content\/uploads\/2019\/12\/blogqsp-soteropolis.png\" \/>\n\t<meta property=\"og:image:width\" content=\"480\" \/>\n\t<meta property=\"og:image:height\" content=\"480\" \/>\n\t<meta property=\"og:image:type\" content=\"image\/png\" \/>\n<meta name=\"author\" content=\"Farn\u00e9sio\" \/>\n<meta name=\"twitter:card\" content=\"summary_large_image\" \/>\n<meta name=\"twitter:label1\" content=\"Escrito por\" \/>\n\t<meta name=\"twitter:data1\" content=\"Farn\u00e9sio\" \/>\n\t<meta name=\"twitter:label2\" content=\"Est. tempo de leitura\" \/>\n\t<meta name=\"twitter:data2\" content=\"1 minuto\" \/>\n<script type=\"application\/ld+json\" class=\"yoast-schema-graph\">{\"@context\":\"https:\\\/\\\/schema.org\",\"@graph\":[{\"@type\":\"Article\",\"@id\":\"https:\\\/\\\/blogdofarnesio.com.br\\\/?p=244828#article\",\"isPartOf\":{\"@id\":\"https:\\\/\\\/blogdofarnesio.com.br\\\/?p=244828\"},\"author\":{\"name\":\"Farn\u00e9sio\",\"@id\":\"https:\\\/\\\/blogdofarnesio.com.br\\\/#\\\/schema\\\/person\\\/301c4acf522bccbfdb45af95b5b906a1\"},\"headline\":\"Alex Moreira e o Teatro do Oprimido ser\u00e3o destaques hoje no programa Soter\u00f3polis da TVE\",\"datePublished\":\"2019-12-05T10:40:52+00:00\",\"mainEntityOfPage\":{\"@id\":\"https:\\\/\\\/blogdofarnesio.com.br\\\/?p=244828\"},\"wordCount\":294,\"publisher\":{\"@id\":\"https:\\\/\\\/blogdofarnesio.com.br\\\/#organization\"},\"image\":{\"@id\":\"https:\\\/\\\/blogdofarnesio.com.br\\\/?p=244828#primaryimage\"},\"thumbnailUrl\":\"https:\\\/\\\/blogdofarnesio.com.br\\\/wp-content\\\/uploads\\\/2019\\\/12\\\/blogqsp-soteropolis.png\",\"articleSection\":[\"Cultura\"],\"inLanguage\":\"pt-BR\"},{\"@type\":\"WebPage\",\"@id\":\"https:\\\/\\\/blogdofarnesio.com.br\\\/?p=244828\",\"url\":\"https:\\\/\\\/blogdofarnesio.com.br\\\/?p=244828\",\"name\":\"Alex Moreira e o Teatro do Oprimido ser\u00e3o destaques hoje no programa Soter\u00f3polis da TVE - Blog do Farn\u00e9sio\",\"isPartOf\":{\"@id\":\"https:\\\/\\\/blogdofarnesio.com.br\\\/#website\"},\"primaryImageOfPage\":{\"@id\":\"https:\\\/\\\/blogdofarnesio.com.br\\\/?p=244828#primaryimage\"},\"image\":{\"@id\":\"https:\\\/\\\/blogdofarnesio.com.br\\\/?p=244828#primaryimage\"},\"thumbnailUrl\":\"https:\\\/\\\/blogdofarnesio.com.br\\\/wp-content\\\/uploads\\\/2019\\\/12\\\/blogqsp-soteropolis.png\",\"datePublished\":\"2019-12-05T10:40:52+00:00\",\"breadcrumb\":{\"@id\":\"https:\\\/\\\/blogdofarnesio.com.br\\\/?p=244828#breadcrumb\"},\"inLanguage\":\"pt-BR\",\"potentialAction\":[{\"@type\":\"ReadAction\",\"target\":[\"https:\\\/\\\/blogdofarnesio.com.br\\\/?p=244828\"]}]},{\"@type\":\"ImageObject\",\"inLanguage\":\"pt-BR\",\"@id\":\"https:\\\/\\\/blogdofarnesio.com.br\\\/?p=244828#primaryimage\",\"url\":\"https:\\\/\\\/blogdofarnesio.com.br\\\/wp-content\\\/uploads\\\/2019\\\/12\\\/blogqsp-soteropolis.png\",\"contentUrl\":\"https:\\\/\\\/blogdofarnesio.com.br\\\/wp-content\\\/uploads\\\/2019\\\/12\\\/blogqsp-soteropolis.png\",\"width\":480,\"height\":480},{\"@type\":\"BreadcrumbList\",\"@id\":\"https:\\\/\\\/blogdofarnesio.com.br\\\/?p=244828#breadcrumb\",\"itemListElement\":[{\"@type\":\"ListItem\",\"position\":1,\"name\":\"In\u00edcio\",\"item\":\"https:\\\/\\\/blogdofarnesio.com.br\\\/\"},{\"@type\":\"ListItem\",\"position\":2,\"name\":\"Alex Moreira e o Teatro do Oprimido ser\u00e3o destaques hoje no programa Soter\u00f3polis da TVE\"}]},{\"@type\":\"WebSite\",\"@id\":\"https:\\\/\\\/blogdofarnesio.com.br\\\/#website\",\"url\":\"https:\\\/\\\/blogdofarnesio.com.br\\\/\",\"name\":\"Blog do Farn\u00e9sio\",\"description\":\"Quer Saber Pol\u00edtica?\",\"publisher\":{\"@id\":\"https:\\\/\\\/blogdofarnesio.com.br\\\/#organization\"},\"potentialAction\":[{\"@type\":\"SearchAction\",\"target\":{\"@type\":\"EntryPoint\",\"urlTemplate\":\"https:\\\/\\\/blogdofarnesio.com.br\\\/?s={search_term_string}\"},\"query-input\":{\"@type\":\"PropertyValueSpecification\",\"valueRequired\":true,\"valueName\":\"search_term_string\"}}],\"inLanguage\":\"pt-BR\"},{\"@type\":\"Organization\",\"@id\":\"https:\\\/\\\/blogdofarnesio.com.br\\\/#organization\",\"name\":\"Blog do Farn\u00e9sio\",\"url\":\"https:\\\/\\\/blogdofarnesio.com.br\\\/\",\"logo\":{\"@type\":\"ImageObject\",\"inLanguage\":\"pt-BR\",\"@id\":\"https:\\\/\\\/blogdofarnesio.com.br\\\/#\\\/schema\\\/logo\\\/image\\\/\",\"url\":\"https:\\\/\\\/blogdofarnesio.com.br\\\/wp-content\\\/uploads\\\/2026\\\/03\\\/cropped-logo_new-1.png\",\"contentUrl\":\"https:\\\/\\\/blogdofarnesio.com.br\\\/wp-content\\\/uploads\\\/2026\\\/03\\\/cropped-logo_new-1.png\",\"width\":881,\"height\":685,\"caption\":\"Blog do Farn\u00e9sio\"},\"image\":{\"@id\":\"https:\\\/\\\/blogdofarnesio.com.br\\\/#\\\/schema\\\/logo\\\/image\\\/\"},\"sameAs\":[\"https:\\\/\\\/www.facebook.com\\\/BlogQuerSaberPolitica\\\/\"]},{\"@type\":\"Person\",\"@id\":\"https:\\\/\\\/blogdofarnesio.com.br\\\/#\\\/schema\\\/person\\\/301c4acf522bccbfdb45af95b5b906a1\",\"name\":\"Farn\u00e9sio\",\"image\":{\"@type\":\"ImageObject\",\"inLanguage\":\"pt-BR\",\"@id\":\"https:\\\/\\\/secure.gravatar.com\\\/avatar\\\/df0c9a14567c056f8ad6876ba5bbd1e3e2c48023eb6807342fc4663adf549f38?s=96&d=mm&r=g\",\"url\":\"https:\\\/\\\/secure.gravatar.com\\\/avatar\\\/df0c9a14567c056f8ad6876ba5bbd1e3e2c48023eb6807342fc4663adf549f38?s=96&d=mm&r=g\",\"contentUrl\":\"https:\\\/\\\/secure.gravatar.com\\\/avatar\\\/df0c9a14567c056f8ad6876ba5bbd1e3e2c48023eb6807342fc4663adf549f38?s=96&d=mm&r=g\",\"caption\":\"Farn\u00e9sio\"},\"sameAs\":[\"https:\\\/\\\/quersaberpolitica.com.br\"],\"url\":\"https:\\\/\\\/blogdofarnesio.com.br\\\/?author=1\"}]}<\/script>\n<!-- \/ Yoast SEO plugin. -->","yoast_head_json":{"title":"Alex Moreira e o Teatro do Oprimido ser\u00e3o destaques hoje no programa Soter\u00f3polis da TVE - Blog do Farn\u00e9sio","robots":{"index":"index","follow":"follow","max-snippet":"max-snippet:-1","max-image-preview":"max-image-preview:large","max-video-preview":"max-video-preview:-1"},"canonical":"https:\/\/blogdofarnesio.com.br\/?p=244828","og_locale":"pt_BR","og_type":"article","og_title":"Alex Moreira e o Teatro do Oprimido ser\u00e3o destaques hoje no programa Soter\u00f3polis da TVE - Blog do Farn\u00e9sio","og_description":"Nesta quinta-feira (05) o Soter\u00f3polis vai at\u00e9 a cidade de Juazeiro conhecer o trabalho com Carrancas do artista pl\u00e1stico Alex Moreira. O programa, que vai ao ar \u00e0s 22h, na TVE Bahia, destaca ainda a metodologia do Teatro do Oprimido e o trabalho musical da nigeriana Okwei Odili. A Carranca \u00e9 um s\u00edmbolo folcl\u00f3rico cultural do Rio S\u00e3o Francisco, e tamb\u00e9m a arte de Alex Moreira, que a produz utilizando uma t\u00e9cnica pr\u00f3pria: a escultura produzida em carv\u00e3o. O artista apresenta as t\u00e9cnicas desenvolvidas, sua rela\u00e7\u00e3o com a lenda da carranca e fala tamb\u00e9m sobre as quest\u00f5es de preserva\u00e7\u00e3o do Rio S\u00e3o Francisco. Desenvolvida pelo brasileiro Augusto Boal em 1960, O Teatro do Oprimido (TO) \u00e9 uma metodologia que usa&hellip;","og_url":"https:\/\/blogdofarnesio.com.br\/?p=244828","og_site_name":"Blog do Farn\u00e9sio","article_publisher":"https:\/\/www.facebook.com\/BlogQuerSaberPolitica\/","article_published_time":"2019-12-05T10:40:52+00:00","og_image":[{"width":480,"height":480,"url":"https:\/\/blogdofarnesio.com.br\/wp-content\/uploads\/2019\/12\/blogqsp-soteropolis.png","type":"image\/png"}],"author":"Farn\u00e9sio","twitter_card":"summary_large_image","twitter_misc":{"Escrito por":"Farn\u00e9sio","Est. tempo de leitura":"1 minuto"},"schema":{"@context":"https:\/\/schema.org","@graph":[{"@type":"Article","@id":"https:\/\/blogdofarnesio.com.br\/?p=244828#article","isPartOf":{"@id":"https:\/\/blogdofarnesio.com.br\/?p=244828"},"author":{"name":"Farn\u00e9sio","@id":"https:\/\/blogdofarnesio.com.br\/#\/schema\/person\/301c4acf522bccbfdb45af95b5b906a1"},"headline":"Alex Moreira e o Teatro do Oprimido ser\u00e3o destaques hoje no programa Soter\u00f3polis da TVE","datePublished":"2019-12-05T10:40:52+00:00","mainEntityOfPage":{"@id":"https:\/\/blogdofarnesio.com.br\/?p=244828"},"wordCount":294,"publisher":{"@id":"https:\/\/blogdofarnesio.com.br\/#organization"},"image":{"@id":"https:\/\/blogdofarnesio.com.br\/?p=244828#primaryimage"},"thumbnailUrl":"https:\/\/blogdofarnesio.com.br\/wp-content\/uploads\/2019\/12\/blogqsp-soteropolis.png","articleSection":["Cultura"],"inLanguage":"pt-BR"},{"@type":"WebPage","@id":"https:\/\/blogdofarnesio.com.br\/?p=244828","url":"https:\/\/blogdofarnesio.com.br\/?p=244828","name":"Alex Moreira e o Teatro do Oprimido ser\u00e3o destaques hoje no programa Soter\u00f3polis da TVE - Blog do Farn\u00e9sio","isPartOf":{"@id":"https:\/\/blogdofarnesio.com.br\/#website"},"primaryImageOfPage":{"@id":"https:\/\/blogdofarnesio.com.br\/?p=244828#primaryimage"},"image":{"@id":"https:\/\/blogdofarnesio.com.br\/?p=244828#primaryimage"},"thumbnailUrl":"https:\/\/blogdofarnesio.com.br\/wp-content\/uploads\/2019\/12\/blogqsp-soteropolis.png","datePublished":"2019-12-05T10:40:52+00:00","breadcrumb":{"@id":"https:\/\/blogdofarnesio.com.br\/?p=244828#breadcrumb"},"inLanguage":"pt-BR","potentialAction":[{"@type":"ReadAction","target":["https:\/\/blogdofarnesio.com.br\/?p=244828"]}]},{"@type":"ImageObject","inLanguage":"pt-BR","@id":"https:\/\/blogdofarnesio.com.br\/?p=244828#primaryimage","url":"https:\/\/blogdofarnesio.com.br\/wp-content\/uploads\/2019\/12\/blogqsp-soteropolis.png","contentUrl":"https:\/\/blogdofarnesio.com.br\/wp-content\/uploads\/2019\/12\/blogqsp-soteropolis.png","width":480,"height":480},{"@type":"BreadcrumbList","@id":"https:\/\/blogdofarnesio.com.br\/?p=244828#breadcrumb","itemListElement":[{"@type":"ListItem","position":1,"name":"In\u00edcio","item":"https:\/\/blogdofarnesio.com.br\/"},{"@type":"ListItem","position":2,"name":"Alex Moreira e o Teatro do Oprimido ser\u00e3o destaques hoje no programa Soter\u00f3polis da TVE"}]},{"@type":"WebSite","@id":"https:\/\/blogdofarnesio.com.br\/#website","url":"https:\/\/blogdofarnesio.com.br\/","name":"Blog do Farn\u00e9sio","description":"Quer Saber Pol\u00edtica?","publisher":{"@id":"https:\/\/blogdofarnesio.com.br\/#organization"},"potentialAction":[{"@type":"SearchAction","target":{"@type":"EntryPoint","urlTemplate":"https:\/\/blogdofarnesio.com.br\/?s={search_term_string}"},"query-input":{"@type":"PropertyValueSpecification","valueRequired":true,"valueName":"search_term_string"}}],"inLanguage":"pt-BR"},{"@type":"Organization","@id":"https:\/\/blogdofarnesio.com.br\/#organization","name":"Blog do Farn\u00e9sio","url":"https:\/\/blogdofarnesio.com.br\/","logo":{"@type":"ImageObject","inLanguage":"pt-BR","@id":"https:\/\/blogdofarnesio.com.br\/#\/schema\/logo\/image\/","url":"https:\/\/blogdofarnesio.com.br\/wp-content\/uploads\/2026\/03\/cropped-logo_new-1.png","contentUrl":"https:\/\/blogdofarnesio.com.br\/wp-content\/uploads\/2026\/03\/cropped-logo_new-1.png","width":881,"height":685,"caption":"Blog do Farn\u00e9sio"},"image":{"@id":"https:\/\/blogdofarnesio.com.br\/#\/schema\/logo\/image\/"},"sameAs":["https:\/\/www.facebook.com\/BlogQuerSaberPolitica\/"]},{"@type":"Person","@id":"https:\/\/blogdofarnesio.com.br\/#\/schema\/person\/301c4acf522bccbfdb45af95b5b906a1","name":"Farn\u00e9sio","image":{"@type":"ImageObject","inLanguage":"pt-BR","@id":"https:\/\/secure.gravatar.com\/avatar\/df0c9a14567c056f8ad6876ba5bbd1e3e2c48023eb6807342fc4663adf549f38?s=96&d=mm&r=g","url":"https:\/\/secure.gravatar.com\/avatar\/df0c9a14567c056f8ad6876ba5bbd1e3e2c48023eb6807342fc4663adf549f38?s=96&d=mm&r=g","contentUrl":"https:\/\/secure.gravatar.com\/avatar\/df0c9a14567c056f8ad6876ba5bbd1e3e2c48023eb6807342fc4663adf549f38?s=96&d=mm&r=g","caption":"Farn\u00e9sio"},"sameAs":["https:\/\/quersaberpolitica.com.br"],"url":"https:\/\/blogdofarnesio.com.br\/?author=1"}]}},"_links":{"self":[{"href":"https:\/\/blogdofarnesio.com.br\/index.php?rest_route=\/wp\/v2\/posts\/244828","targetHints":{"allow":["GET"]}}],"collection":[{"href":"https:\/\/blogdofarnesio.com.br\/index.php?rest_route=\/wp\/v2\/posts"}],"about":[{"href":"https:\/\/blogdofarnesio.com.br\/index.php?rest_route=\/wp\/v2\/types\/post"}],"author":[{"embeddable":true,"href":"https:\/\/blogdofarnesio.com.br\/index.php?rest_route=\/wp\/v2\/users\/1"}],"replies":[{"embeddable":true,"href":"https:\/\/blogdofarnesio.com.br\/index.php?rest_route=%2Fwp%2Fv2%2Fcomments&post=244828"}],"version-history":[{"count":0,"href":"https:\/\/blogdofarnesio.com.br\/index.php?rest_route=\/wp\/v2\/posts\/244828\/revisions"}],"wp:featuredmedia":[{"embeddable":true,"href":"https:\/\/blogdofarnesio.com.br\/index.php?rest_route=\/wp\/v2\/media\/244829"}],"wp:attachment":[{"href":"https:\/\/blogdofarnesio.com.br\/index.php?rest_route=%2Fwp%2Fv2%2Fmedia&parent=244828"}],"wp:term":[{"taxonomy":"category","embeddable":true,"href":"https:\/\/blogdofarnesio.com.br\/index.php?rest_route=%2Fwp%2Fv2%2Fcategories&post=244828"},{"taxonomy":"post_tag","embeddable":true,"href":"https:\/\/blogdofarnesio.com.br\/index.php?rest_route=%2Fwp%2Fv2%2Ftags&post=244828"}],"curies":[{"name":"wp","href":"https:\/\/api.w.org\/{rel}","templated":true}]}}