{"id":243679,"date":"2019-11-20T17:09:09","date_gmt":"2019-11-20T20:09:09","guid":{"rendered":"http:\/\/quersaberpolitica.com.br\/2016\/?p=243679"},"modified":"2019-11-20T17:09:09","modified_gmt":"2019-11-20T20:09:09","slug":"dois-medicos-da-regiao-do-vale-do-sao-francisco-participam-do-premio-euro-inovacao-na-saude","status":"publish","type":"post","link":"https:\/\/blogdofarnesio.com.br\/?p=243679","title":{"rendered":"Dois m\u00e9dicos da regi\u00e3o do Vale do S\u00e3o Francisco participam do Pr\u00eamio Euro \u2013 Inova\u00e7\u00e3o na Sa\u00fade"},"content":{"rendered":"<p style=\"text-align: justify;\">A Eurofarma, presente em 20 pa\u00edses e a farmac\u00eautica brasileira que mais investe em inova\u00e7\u00e3o, patrocina com<br \/>\nexclusividade o Pr\u00eamio Euro Inova\u00e7\u00e3o na Sa\u00fade, com o objetivo de reconhecer as mais inovadoras iniciativas no<br \/>\nBrasil, considerando solu\u00e7\u00f5es, servi\u00e7os e produtos que tenham contribu\u00eddo ou venham a contribuir para a<br \/>\nqualidade de vida e bem-estar das pessoas. Ao todo, o pr\u00eamio distribuir\u00e1 1 milh\u00e3o de euros e as<br \/>\ninscri\u00e7\u00f5es j\u00e1 foram encerradas no m\u00eas de outubro de 2019.<br \/>\nA premia\u00e7\u00e3o \u00e9 destinada exclusivamente a m\u00e9dicos, com seus registros ativos junto aos respectivos conselhos<br \/>\nregionais, e sem v\u00ednculo direto com a Eurofarma. Os projetos inscritos dever\u00e3o demonstrar suas cria\u00e7\u00f5es<br \/>\ninovadoras, o planejamento e sua execu\u00e7\u00e3o, al\u00e9m de resultados efetivos ou potenciais comprov\u00e1veis e obtidos<br \/>\nem todo o territ\u00f3rio nacional.<br \/>\nDois m\u00e9dicos da regi\u00e3o do vale do S\u00e3o Francisco, se inscreveram. S\u00e3o eles Jo\u00e3o Nicole Tupina Nogueira e<br \/>\nRenato Jos\u00e9 Leal de Morais.<br \/>\nOs dois m\u00e9dicos se inscreveram e apresentaram o trabalho com o tema: `Intelig\u00eancia Artificial e gest\u00e3o em sa\u00fade:<br \/>\ncombate ao estelionato previdenci\u00e1rio`.<br \/>\nSegundo os profissionais inscritos, a iniciativa prop\u00f5e uma solu\u00e7\u00e3o simples para problemas complexos de<br \/>\ngest\u00e3o de recursos e investimentos na medicina, um segmento que sofre com elevadas taxas de custeio,<br \/>\nenvelhecimento da popula\u00e7\u00e3o e fraudes.<br \/>\nAp\u00f3s identificar que o atraso na comunica\u00e7\u00e3o de \u00f3bitos \u00e0 Previd\u00eancia Social provoca preju\u00edzo financeiro<br \/>\nbilion\u00e1rio anual aos cofres p\u00fablicos, a iniciativa consiste na utiliza\u00e7\u00e3o de tecnologia da computa\u00e7\u00e3o<br \/>\npara preenchimento e comunica\u00e7\u00e3o do \u00f3bito de forma digitalizada, com gera\u00e7\u00e3o de economia imediata de<br \/>\nrecursos indevidamente utilizados.<br \/>\nAl\u00e9m disso, por meio da cria\u00e7\u00e3o e manuten\u00e7\u00e3o de dados padronizados em registros eletr\u00f4nicos, a iniciativa abre as portas para a Data Science, permitindo o uso Intelig\u00eancia Artificial, em especial modelos de Machine Learning, para facilitar a identifica\u00e7\u00e3o de fraudes e auxiliar o controle de resultados das pol\u00edticas de sa\u00fade, corrigindo erros e reduzindo esfor\u00e7os para cumprir a miss\u00e3o.<br \/>\nAssim, os gestores ganham a capacidade de inventariar a sa\u00fade p\u00fablica ou privada em tempo real, bem como acessar informa\u00e7\u00f5es estrat\u00e9gicas para fundamentar a tomada de decis\u00e3o, economizando recursos e melhorando a qualidade assistencial.<\/p>\n<p style=\"text-align: justify;\">Conhe\u00e7a o hist\u00f3rico dos dois m\u00e9dicos que defendem o\u00a0 projeto e que est\u00e3o concorrendo a 1 milh\u00e3o de euros:<br \/>\n\uf0b7 Jo\u00e3o Nicolle Tupin\u00e1 Nogueira, filho de av\u00f3s e pais naturais de Sento-S\u00e9 e Juazeiro-Ba. Cursou Medicina na<br \/>\nUniversidade Federal da Bahia de 2002 a 2008.Trabalhou no Vale do S\u00e3o Francisco como m\u00e9dico da Aten\u00e7\u00e3o b\u00e1sica<br \/>\nno Bairro Rio Corrente em Petrolina e como m\u00e9dico anestesista no Hospital de Traumas tamb\u00e9m em Petrolina.<br \/>\nAtualmente ocupa o Cargo de m\u00e9dico anestesista das For\u00e7as Armadas do Ex\u00e9rcito Brasileiro e o cargo de M\u00e9dico<br \/>\nPerito Federal no Minist\u00e9rio da Economia!<br \/>\n\uf0b7 Renato Jos\u00e9 Leal de Morais, natural de Jaic\u00f3s (Piau\u00ed), filho de pais de av\u00f3s piauienses, m\u00e9dico formado pela<br \/>\nUniversidade Federal do Vale do S\u00e3o Francisco (UNIVASF) de 2005-2011, neurologista com resid\u00eancia m\u00e9dica no<br \/>\nHospital S\u00e3o Rafael em Salvador (BA), membro efetivo da Academia Brasileira de Neurologia. Atuou na aten\u00e7\u00e3o<br \/>\nb\u00e1sica nos munic\u00edpios de Jaguarari (BA) &#8211; distrito de Juacema &#8211; e Afr\u00e2nio (povoado de Extrema), funcion\u00e1rio<br \/>\np\u00fablico do munic\u00edpio de Juazeiro (Emergencista &#8211; SAMU) desde 2012. Atualmente labora como Neurologista na<br \/>\niniciativa privada, \u00e9 Professor do curso de medicina da Faculdade Est\u00e1cio de Juazeiro (BA) e atua como perito<br \/>\nm\u00e9dico previdenci\u00e1rio na iniciativa privada.<br \/>\nOs dois m\u00e9dicos est\u00e3o muito confiantes no projeto inscrito e avaliam que o conte\u00fado do que foi apresentado, al\u00e9m de ser inovador, pode contribuir para a qualidade de vida e bem estar das pessoas. Esperam ser contemplados e chegarem a final do pr\u00eamio.<br \/>\nO grande evento final, que ser\u00e1 realizado em mar\u00e7o de 2020, divulgar\u00e1 o grande vencedor. Ser\u00e3o 10 pr\u00eamios no valor<br \/>\ncorrespondente em reais a \u20ac 50.000,00 (cinquenta mil euros) e um \u00fanico pr\u00eamio ao grande vencedor no valor correspondente em reais a \u20ac 500.000,00 (quinhentos mil euros), totalizando o correspondente em reais a \u20ac 1.000.000,00 (um milh\u00e3o de euros). Os valores dos pr\u00eamios ser\u00e3o convertidos para reais e estar\u00e3o sujeitos \u00e0 reten\u00e7\u00e3o de Imposto de Renda Retido na Fonte (IRRF), conforme a legisla\u00e7\u00e3o vigente.<\/p>\n","protected":false},"excerpt":{"rendered":"<p>A Eurofarma, presente em 20 pa\u00edses e a farmac\u00eautica brasileira que mais investe em inova\u00e7\u00e3o, patrocina com exclusividade o Pr\u00eamio Euro Inova\u00e7\u00e3o na Sa\u00fade, com o objetivo de reconhecer as mais inovadoras iniciativas no Brasil, considerando solu\u00e7\u00f5es, servi\u00e7os e produtos que tenham contribu\u00eddo ou venham a contribuir para a qualidade de vida e bem-estar das pessoas. Ao todo, o pr\u00eamio distribuir\u00e1 1 milh\u00e3o de euros e as inscri\u00e7\u00f5es j\u00e1 foram encerradas no m\u00eas de outubro de 2019. A premia\u00e7\u00e3o \u00e9 destinada exclusivamente a m\u00e9dicos, com seus registros ativos junto aos respectivos conselhos regionais, e sem v\u00ednculo direto com a Eurofarma. Os projetos inscritos dever\u00e3o demonstrar suas cria\u00e7\u00f5es inovadoras, o planejamento e sua execu\u00e7\u00e3o, al\u00e9m de resultados efetivos ou potenciais comprov\u00e1veis&hellip; <\/p>\n","protected":false},"author":1,"featured_media":243680,"comment_status":"closed","ping_status":"closed","sticky":false,"template":"","format":"standard","meta":{"_acf_changed":false,"footnotes":""},"categories":[44],"tags":[],"class_list":["post-243679","post","type-post","status-publish","format-standard","has-post-thumbnail","hentry","category-administracao"],"acf":[],"yoast_head":"<!-- This site is optimized with the Yoast SEO plugin v27.4 - https:\/\/yoast.com\/product\/yoast-seo-wordpress\/ -->\n<title>Dois m\u00e9dicos da regi\u00e3o do Vale do S\u00e3o Francisco participam do Pr\u00eamio Euro \u2013 Inova\u00e7\u00e3o na Sa\u00fade - Blog do Farn\u00e9sio<\/title>\n<meta name=\"robots\" content=\"index, follow, max-snippet:-1, max-image-preview:large, max-video-preview:-1\" \/>\n<link rel=\"canonical\" href=\"https:\/\/blogdofarnesio.com.br\/?p=243679\" \/>\n<meta property=\"og:locale\" content=\"pt_BR\" \/>\n<meta property=\"og:type\" content=\"article\" \/>\n<meta property=\"og:title\" content=\"Dois m\u00e9dicos da regi\u00e3o do Vale do S\u00e3o Francisco participam do Pr\u00eamio Euro \u2013 Inova\u00e7\u00e3o na Sa\u00fade - Blog do Farn\u00e9sio\" \/>\n<meta property=\"og:description\" content=\"A Eurofarma, presente em 20 pa\u00edses e a farmac\u00eautica brasileira que mais investe em inova\u00e7\u00e3o, patrocina com exclusividade o Pr\u00eamio Euro Inova\u00e7\u00e3o na Sa\u00fade, com o objetivo de reconhecer as mais inovadoras iniciativas no Brasil, considerando solu\u00e7\u00f5es, servi\u00e7os e produtos que tenham contribu\u00eddo ou venham a contribuir para a qualidade de vida e bem-estar das pessoas. Ao todo, o pr\u00eamio distribuir\u00e1 1 milh\u00e3o de euros e as inscri\u00e7\u00f5es j\u00e1 foram encerradas no m\u00eas de outubro de 2019. A premia\u00e7\u00e3o \u00e9 destinada exclusivamente a m\u00e9dicos, com seus registros ativos junto aos respectivos conselhos regionais, e sem v\u00ednculo direto com a Eurofarma. Os projetos inscritos dever\u00e3o demonstrar suas cria\u00e7\u00f5es inovadoras, o planejamento e sua execu\u00e7\u00e3o, al\u00e9m de resultados efetivos ou potenciais comprov\u00e1veis&hellip;\" \/>\n<meta property=\"og:url\" content=\"https:\/\/blogdofarnesio.com.br\/?p=243679\" \/>\n<meta property=\"og:site_name\" content=\"Blog do Farn\u00e9sio\" \/>\n<meta property=\"article:publisher\" content=\"https:\/\/www.facebook.com\/BlogQuerSaberPolitica\/\" \/>\n<meta property=\"article:published_time\" content=\"2019-11-20T20:09:09+00:00\" \/>\n<meta property=\"og:image\" content=\"https:\/\/blogdofarnesio.com.br\/wp-content\/uploads\/2019\/11\/blogqsp-medicos.jpg\" \/>\n\t<meta property=\"og:image:width\" content=\"623\" \/>\n\t<meta property=\"og:image:height\" content=\"485\" \/>\n\t<meta property=\"og:image:type\" content=\"image\/jpeg\" \/>\n<meta name=\"author\" content=\"Farn\u00e9sio\" \/>\n<meta name=\"twitter:card\" content=\"summary_large_image\" \/>\n<meta name=\"twitter:label1\" content=\"Escrito por\" \/>\n\t<meta name=\"twitter:data1\" content=\"Farn\u00e9sio\" \/>\n\t<meta name=\"twitter:label2\" content=\"Est. tempo de leitura\" \/>\n\t<meta name=\"twitter:data2\" content=\"4 minutos\" \/>\n<script type=\"application\/ld+json\" class=\"yoast-schema-graph\">{\"@context\":\"https:\\\/\\\/schema.org\",\"@graph\":[{\"@type\":\"Article\",\"@id\":\"https:\\\/\\\/blogdofarnesio.com.br\\\/?p=243679#article\",\"isPartOf\":{\"@id\":\"https:\\\/\\\/blogdofarnesio.com.br\\\/?p=243679\"},\"author\":{\"name\":\"Farn\u00e9sio\",\"@id\":\"https:\\\/\\\/blogdofarnesio.com.br\\\/#\\\/schema\\\/person\\\/301c4acf522bccbfdb45af95b5b906a1\"},\"headline\":\"Dois m\u00e9dicos da regi\u00e3o do Vale do S\u00e3o Francisco participam do Pr\u00eamio Euro \u2013 Inova\u00e7\u00e3o na Sa\u00fade\",\"datePublished\":\"2019-11-20T20:09:09+00:00\",\"mainEntityOfPage\":{\"@id\":\"https:\\\/\\\/blogdofarnesio.com.br\\\/?p=243679\"},\"wordCount\":788,\"publisher\":{\"@id\":\"https:\\\/\\\/blogdofarnesio.com.br\\\/#organization\"},\"image\":{\"@id\":\"https:\\\/\\\/blogdofarnesio.com.br\\\/?p=243679#primaryimage\"},\"thumbnailUrl\":\"https:\\\/\\\/blogdofarnesio.com.br\\\/wp-content\\\/uploads\\\/2019\\\/11\\\/blogqsp-medicos.jpg\",\"articleSection\":[\"Administra\u00e7\u00e3o\"],\"inLanguage\":\"pt-BR\"},{\"@type\":\"WebPage\",\"@id\":\"https:\\\/\\\/blogdofarnesio.com.br\\\/?p=243679\",\"url\":\"https:\\\/\\\/blogdofarnesio.com.br\\\/?p=243679\",\"name\":\"Dois m\u00e9dicos da regi\u00e3o do Vale do S\u00e3o Francisco participam do Pr\u00eamio Euro \u2013 Inova\u00e7\u00e3o na Sa\u00fade - Blog do Farn\u00e9sio\",\"isPartOf\":{\"@id\":\"https:\\\/\\\/blogdofarnesio.com.br\\\/#website\"},\"primaryImageOfPage\":{\"@id\":\"https:\\\/\\\/blogdofarnesio.com.br\\\/?p=243679#primaryimage\"},\"image\":{\"@id\":\"https:\\\/\\\/blogdofarnesio.com.br\\\/?p=243679#primaryimage\"},\"thumbnailUrl\":\"https:\\\/\\\/blogdofarnesio.com.br\\\/wp-content\\\/uploads\\\/2019\\\/11\\\/blogqsp-medicos.jpg\",\"datePublished\":\"2019-11-20T20:09:09+00:00\",\"breadcrumb\":{\"@id\":\"https:\\\/\\\/blogdofarnesio.com.br\\\/?p=243679#breadcrumb\"},\"inLanguage\":\"pt-BR\",\"potentialAction\":[{\"@type\":\"ReadAction\",\"target\":[\"https:\\\/\\\/blogdofarnesio.com.br\\\/?p=243679\"]}]},{\"@type\":\"ImageObject\",\"inLanguage\":\"pt-BR\",\"@id\":\"https:\\\/\\\/blogdofarnesio.com.br\\\/?p=243679#primaryimage\",\"url\":\"https:\\\/\\\/blogdofarnesio.com.br\\\/wp-content\\\/uploads\\\/2019\\\/11\\\/blogqsp-medicos.jpg\",\"contentUrl\":\"https:\\\/\\\/blogdofarnesio.com.br\\\/wp-content\\\/uploads\\\/2019\\\/11\\\/blogqsp-medicos.jpg\",\"width\":623,\"height\":485},{\"@type\":\"BreadcrumbList\",\"@id\":\"https:\\\/\\\/blogdofarnesio.com.br\\\/?p=243679#breadcrumb\",\"itemListElement\":[{\"@type\":\"ListItem\",\"position\":1,\"name\":\"In\u00edcio\",\"item\":\"https:\\\/\\\/blogdofarnesio.com.br\\\/\"},{\"@type\":\"ListItem\",\"position\":2,\"name\":\"Dois m\u00e9dicos da regi\u00e3o do Vale do S\u00e3o Francisco participam do Pr\u00eamio Euro \u2013 Inova\u00e7\u00e3o na Sa\u00fade\"}]},{\"@type\":\"WebSite\",\"@id\":\"https:\\\/\\\/blogdofarnesio.com.br\\\/#website\",\"url\":\"https:\\\/\\\/blogdofarnesio.com.br\\\/\",\"name\":\"Blog do Farn\u00e9sio\",\"description\":\"Quer Saber Pol\u00edtica?\",\"publisher\":{\"@id\":\"https:\\\/\\\/blogdofarnesio.com.br\\\/#organization\"},\"potentialAction\":[{\"@type\":\"SearchAction\",\"target\":{\"@type\":\"EntryPoint\",\"urlTemplate\":\"https:\\\/\\\/blogdofarnesio.com.br\\\/?s={search_term_string}\"},\"query-input\":{\"@type\":\"PropertyValueSpecification\",\"valueRequired\":true,\"valueName\":\"search_term_string\"}}],\"inLanguage\":\"pt-BR\"},{\"@type\":\"Organization\",\"@id\":\"https:\\\/\\\/blogdofarnesio.com.br\\\/#organization\",\"name\":\"Blog do Farn\u00e9sio\",\"url\":\"https:\\\/\\\/blogdofarnesio.com.br\\\/\",\"logo\":{\"@type\":\"ImageObject\",\"inLanguage\":\"pt-BR\",\"@id\":\"https:\\\/\\\/blogdofarnesio.com.br\\\/#\\\/schema\\\/logo\\\/image\\\/\",\"url\":\"https:\\\/\\\/blogdofarnesio.com.br\\\/wp-content\\\/uploads\\\/2026\\\/03\\\/cropped-logo_new-1.png\",\"contentUrl\":\"https:\\\/\\\/blogdofarnesio.com.br\\\/wp-content\\\/uploads\\\/2026\\\/03\\\/cropped-logo_new-1.png\",\"width\":881,\"height\":685,\"caption\":\"Blog do Farn\u00e9sio\"},\"image\":{\"@id\":\"https:\\\/\\\/blogdofarnesio.com.br\\\/#\\\/schema\\\/logo\\\/image\\\/\"},\"sameAs\":[\"https:\\\/\\\/www.facebook.com\\\/BlogQuerSaberPolitica\\\/\"]},{\"@type\":\"Person\",\"@id\":\"https:\\\/\\\/blogdofarnesio.com.br\\\/#\\\/schema\\\/person\\\/301c4acf522bccbfdb45af95b5b906a1\",\"name\":\"Farn\u00e9sio\",\"image\":{\"@type\":\"ImageObject\",\"inLanguage\":\"pt-BR\",\"@id\":\"https:\\\/\\\/secure.gravatar.com\\\/avatar\\\/df0c9a14567c056f8ad6876ba5bbd1e3e2c48023eb6807342fc4663adf549f38?s=96&d=mm&r=g\",\"url\":\"https:\\\/\\\/secure.gravatar.com\\\/avatar\\\/df0c9a14567c056f8ad6876ba5bbd1e3e2c48023eb6807342fc4663adf549f38?s=96&d=mm&r=g\",\"contentUrl\":\"https:\\\/\\\/secure.gravatar.com\\\/avatar\\\/df0c9a14567c056f8ad6876ba5bbd1e3e2c48023eb6807342fc4663adf549f38?s=96&d=mm&r=g\",\"caption\":\"Farn\u00e9sio\"},\"sameAs\":[\"https:\\\/\\\/quersaberpolitica.com.br\"],\"url\":\"https:\\\/\\\/blogdofarnesio.com.br\\\/?author=1\"}]}<\/script>\n<!-- \/ Yoast SEO plugin. -->","yoast_head_json":{"title":"Dois m\u00e9dicos da regi\u00e3o do Vale do S\u00e3o Francisco participam do Pr\u00eamio Euro \u2013 Inova\u00e7\u00e3o na Sa\u00fade - Blog do Farn\u00e9sio","robots":{"index":"index","follow":"follow","max-snippet":"max-snippet:-1","max-image-preview":"max-image-preview:large","max-video-preview":"max-video-preview:-1"},"canonical":"https:\/\/blogdofarnesio.com.br\/?p=243679","og_locale":"pt_BR","og_type":"article","og_title":"Dois m\u00e9dicos da regi\u00e3o do Vale do S\u00e3o Francisco participam do Pr\u00eamio Euro \u2013 Inova\u00e7\u00e3o na Sa\u00fade - Blog do Farn\u00e9sio","og_description":"A Eurofarma, presente em 20 pa\u00edses e a farmac\u00eautica brasileira que mais investe em inova\u00e7\u00e3o, patrocina com exclusividade o Pr\u00eamio Euro Inova\u00e7\u00e3o na Sa\u00fade, com o objetivo de reconhecer as mais inovadoras iniciativas no Brasil, considerando solu\u00e7\u00f5es, servi\u00e7os e produtos que tenham contribu\u00eddo ou venham a contribuir para a qualidade de vida e bem-estar das pessoas. Ao todo, o pr\u00eamio distribuir\u00e1 1 milh\u00e3o de euros e as inscri\u00e7\u00f5es j\u00e1 foram encerradas no m\u00eas de outubro de 2019. A premia\u00e7\u00e3o \u00e9 destinada exclusivamente a m\u00e9dicos, com seus registros ativos junto aos respectivos conselhos regionais, e sem v\u00ednculo direto com a Eurofarma. Os projetos inscritos dever\u00e3o demonstrar suas cria\u00e7\u00f5es inovadoras, o planejamento e sua execu\u00e7\u00e3o, al\u00e9m de resultados efetivos ou potenciais comprov\u00e1veis&hellip;","og_url":"https:\/\/blogdofarnesio.com.br\/?p=243679","og_site_name":"Blog do Farn\u00e9sio","article_publisher":"https:\/\/www.facebook.com\/BlogQuerSaberPolitica\/","article_published_time":"2019-11-20T20:09:09+00:00","og_image":[{"width":623,"height":485,"url":"https:\/\/blogdofarnesio.com.br\/wp-content\/uploads\/2019\/11\/blogqsp-medicos.jpg","type":"image\/jpeg"}],"author":"Farn\u00e9sio","twitter_card":"summary_large_image","twitter_misc":{"Escrito por":"Farn\u00e9sio","Est. tempo de leitura":"4 minutos"},"schema":{"@context":"https:\/\/schema.org","@graph":[{"@type":"Article","@id":"https:\/\/blogdofarnesio.com.br\/?p=243679#article","isPartOf":{"@id":"https:\/\/blogdofarnesio.com.br\/?p=243679"},"author":{"name":"Farn\u00e9sio","@id":"https:\/\/blogdofarnesio.com.br\/#\/schema\/person\/301c4acf522bccbfdb45af95b5b906a1"},"headline":"Dois m\u00e9dicos da regi\u00e3o do Vale do S\u00e3o Francisco participam do Pr\u00eamio Euro \u2013 Inova\u00e7\u00e3o na Sa\u00fade","datePublished":"2019-11-20T20:09:09+00:00","mainEntityOfPage":{"@id":"https:\/\/blogdofarnesio.com.br\/?p=243679"},"wordCount":788,"publisher":{"@id":"https:\/\/blogdofarnesio.com.br\/#organization"},"image":{"@id":"https:\/\/blogdofarnesio.com.br\/?p=243679#primaryimage"},"thumbnailUrl":"https:\/\/blogdofarnesio.com.br\/wp-content\/uploads\/2019\/11\/blogqsp-medicos.jpg","articleSection":["Administra\u00e7\u00e3o"],"inLanguage":"pt-BR"},{"@type":"WebPage","@id":"https:\/\/blogdofarnesio.com.br\/?p=243679","url":"https:\/\/blogdofarnesio.com.br\/?p=243679","name":"Dois m\u00e9dicos da regi\u00e3o do Vale do S\u00e3o Francisco participam do Pr\u00eamio Euro \u2013 Inova\u00e7\u00e3o na Sa\u00fade - Blog do Farn\u00e9sio","isPartOf":{"@id":"https:\/\/blogdofarnesio.com.br\/#website"},"primaryImageOfPage":{"@id":"https:\/\/blogdofarnesio.com.br\/?p=243679#primaryimage"},"image":{"@id":"https:\/\/blogdofarnesio.com.br\/?p=243679#primaryimage"},"thumbnailUrl":"https:\/\/blogdofarnesio.com.br\/wp-content\/uploads\/2019\/11\/blogqsp-medicos.jpg","datePublished":"2019-11-20T20:09:09+00:00","breadcrumb":{"@id":"https:\/\/blogdofarnesio.com.br\/?p=243679#breadcrumb"},"inLanguage":"pt-BR","potentialAction":[{"@type":"ReadAction","target":["https:\/\/blogdofarnesio.com.br\/?p=243679"]}]},{"@type":"ImageObject","inLanguage":"pt-BR","@id":"https:\/\/blogdofarnesio.com.br\/?p=243679#primaryimage","url":"https:\/\/blogdofarnesio.com.br\/wp-content\/uploads\/2019\/11\/blogqsp-medicos.jpg","contentUrl":"https:\/\/blogdofarnesio.com.br\/wp-content\/uploads\/2019\/11\/blogqsp-medicos.jpg","width":623,"height":485},{"@type":"BreadcrumbList","@id":"https:\/\/blogdofarnesio.com.br\/?p=243679#breadcrumb","itemListElement":[{"@type":"ListItem","position":1,"name":"In\u00edcio","item":"https:\/\/blogdofarnesio.com.br\/"},{"@type":"ListItem","position":2,"name":"Dois m\u00e9dicos da regi\u00e3o do Vale do S\u00e3o Francisco participam do Pr\u00eamio Euro \u2013 Inova\u00e7\u00e3o na Sa\u00fade"}]},{"@type":"WebSite","@id":"https:\/\/blogdofarnesio.com.br\/#website","url":"https:\/\/blogdofarnesio.com.br\/","name":"Blog do Farn\u00e9sio","description":"Quer Saber Pol\u00edtica?","publisher":{"@id":"https:\/\/blogdofarnesio.com.br\/#organization"},"potentialAction":[{"@type":"SearchAction","target":{"@type":"EntryPoint","urlTemplate":"https:\/\/blogdofarnesio.com.br\/?s={search_term_string}"},"query-input":{"@type":"PropertyValueSpecification","valueRequired":true,"valueName":"search_term_string"}}],"inLanguage":"pt-BR"},{"@type":"Organization","@id":"https:\/\/blogdofarnesio.com.br\/#organization","name":"Blog do Farn\u00e9sio","url":"https:\/\/blogdofarnesio.com.br\/","logo":{"@type":"ImageObject","inLanguage":"pt-BR","@id":"https:\/\/blogdofarnesio.com.br\/#\/schema\/logo\/image\/","url":"https:\/\/blogdofarnesio.com.br\/wp-content\/uploads\/2026\/03\/cropped-logo_new-1.png","contentUrl":"https:\/\/blogdofarnesio.com.br\/wp-content\/uploads\/2026\/03\/cropped-logo_new-1.png","width":881,"height":685,"caption":"Blog do Farn\u00e9sio"},"image":{"@id":"https:\/\/blogdofarnesio.com.br\/#\/schema\/logo\/image\/"},"sameAs":["https:\/\/www.facebook.com\/BlogQuerSaberPolitica\/"]},{"@type":"Person","@id":"https:\/\/blogdofarnesio.com.br\/#\/schema\/person\/301c4acf522bccbfdb45af95b5b906a1","name":"Farn\u00e9sio","image":{"@type":"ImageObject","inLanguage":"pt-BR","@id":"https:\/\/secure.gravatar.com\/avatar\/df0c9a14567c056f8ad6876ba5bbd1e3e2c48023eb6807342fc4663adf549f38?s=96&d=mm&r=g","url":"https:\/\/secure.gravatar.com\/avatar\/df0c9a14567c056f8ad6876ba5bbd1e3e2c48023eb6807342fc4663adf549f38?s=96&d=mm&r=g","contentUrl":"https:\/\/secure.gravatar.com\/avatar\/df0c9a14567c056f8ad6876ba5bbd1e3e2c48023eb6807342fc4663adf549f38?s=96&d=mm&r=g","caption":"Farn\u00e9sio"},"sameAs":["https:\/\/quersaberpolitica.com.br"],"url":"https:\/\/blogdofarnesio.com.br\/?author=1"}]}},"_links":{"self":[{"href":"https:\/\/blogdofarnesio.com.br\/index.php?rest_route=\/wp\/v2\/posts\/243679","targetHints":{"allow":["GET"]}}],"collection":[{"href":"https:\/\/blogdofarnesio.com.br\/index.php?rest_route=\/wp\/v2\/posts"}],"about":[{"href":"https:\/\/blogdofarnesio.com.br\/index.php?rest_route=\/wp\/v2\/types\/post"}],"author":[{"embeddable":true,"href":"https:\/\/blogdofarnesio.com.br\/index.php?rest_route=\/wp\/v2\/users\/1"}],"replies":[{"embeddable":true,"href":"https:\/\/blogdofarnesio.com.br\/index.php?rest_route=%2Fwp%2Fv2%2Fcomments&post=243679"}],"version-history":[{"count":0,"href":"https:\/\/blogdofarnesio.com.br\/index.php?rest_route=\/wp\/v2\/posts\/243679\/revisions"}],"wp:featuredmedia":[{"embeddable":true,"href":"https:\/\/blogdofarnesio.com.br\/index.php?rest_route=\/wp\/v2\/media\/243680"}],"wp:attachment":[{"href":"https:\/\/blogdofarnesio.com.br\/index.php?rest_route=%2Fwp%2Fv2%2Fmedia&parent=243679"}],"wp:term":[{"taxonomy":"category","embeddable":true,"href":"https:\/\/blogdofarnesio.com.br\/index.php?rest_route=%2Fwp%2Fv2%2Fcategories&post=243679"},{"taxonomy":"post_tag","embeddable":true,"href":"https:\/\/blogdofarnesio.com.br\/index.php?rest_route=%2Fwp%2Fv2%2Ftags&post=243679"}],"curies":[{"name":"wp","href":"https:\/\/api.w.org\/{rel}","templated":true}]}}