{"id":243671,"date":"2019-11-20T12:00:23","date_gmt":"2019-11-20T15:00:23","guid":{"rendered":"http:\/\/quersaberpolitica.com.br\/2016\/?p=243671"},"modified":"2019-11-20T09:43:23","modified_gmt":"2019-11-20T12:43:23","slug":"stf-decide-por-novo-afastamento-de-mario-negromonte-do-tcm-ba","status":"publish","type":"post","link":"https:\/\/blogdofarnesio.com.br\/?p=243671","title":{"rendered":"STF decide por novo afastamento de M\u00e1rio Negromonte do TCM-BA"},"content":{"rendered":"<p>A primeira turma do Supremo Tribunal Federal determinou por maioria, nesta ter\u00e7a-feira (20), o imediato afastamento de M\u00e1rio Negromonte do cargo de Conselheiro do Tribunal de Contas dos Munic\u00edpios (TCM-BA). O julgamento tamb\u00e9m indeferiu, por unanimidade, o pedido de trancamento da a\u00e7\u00e3o penal.<\/p>\n<p>Negromonte \u00e9 acusado de, em 2011, ter aceitado R$ 25 milh\u00f5es em propina do Sindicato Nacional da Ind\u00fastria de Componentes para Ve\u00edculos Automotores (Sindipe\u00e7as) e ter repassado o valor para campanhas eleitorais dos candidatos do Partido Progressista (PP). Na \u00e9poca ministro das Cidades de Dilma Rousseff, Negromonte se tornou r\u00e9u no processo com base em em acordo de colabora\u00e7\u00e3o premiada celebrado entre a for\u00e7a tarefa da Lava Jato do Minist\u00e9rio P\u00fablico e o doleiro Alberto Youssef.<\/p>\n<p>Negromonte estava no cargo desde junho do \u00faltimo ano quando o ministro Marco Aur\u00e9lio Mello suspendeu a medida cautelar que impunha o afastamento do tribunal.<\/p>\n","protected":false},"excerpt":{"rendered":"<p>A primeira turma do Supremo Tribunal Federal determinou por maioria, nesta ter\u00e7a-feira (20), o imediato afastamento de M\u00e1rio Negromonte do cargo de Conselheiro do Tribunal de Contas dos Munic\u00edpios (TCM-BA). O julgamento tamb\u00e9m indeferiu, por unanimidade, o pedido de trancamento da a\u00e7\u00e3o penal. Negromonte \u00e9 acusado de, em 2011, ter aceitado R$ 25 milh\u00f5es em propina do Sindicato Nacional da Ind\u00fastria de Componentes para Ve\u00edculos Automotores (Sindipe\u00e7as) e ter repassado o valor para campanhas eleitorais dos candidatos do Partido Progressista (PP). Na \u00e9poca ministro das Cidades de Dilma Rousseff, Negromonte se tornou r\u00e9u no processo com base em em acordo de colabora\u00e7\u00e3o premiada celebrado entre a for\u00e7a tarefa da Lava Jato do Minist\u00e9rio P\u00fablico e o doleiro Alberto Youssef. Negromonte&hellip; <\/p>\n","protected":false},"author":1,"featured_media":189349,"comment_status":"closed","ping_status":"closed","sticky":false,"template":"","format":"standard","meta":{"_acf_changed":false,"footnotes":""},"categories":[1],"tags":[],"class_list":["post-243671","post","type-post","status-publish","format-standard","has-post-thumbnail","hentry","category-politica"],"acf":[],"yoast_head":"<!-- This site is optimized with the Yoast SEO plugin v27.4 - https:\/\/yoast.com\/product\/yoast-seo-wordpress\/ -->\n<title>STF decide por novo afastamento de M\u00e1rio Negromonte do TCM-BA - Blog do Farn\u00e9sio<\/title>\n<meta name=\"robots\" content=\"index, follow, max-snippet:-1, max-image-preview:large, max-video-preview:-1\" \/>\n<link rel=\"canonical\" href=\"https:\/\/blogdofarnesio.com.br\/?p=243671\" \/>\n<meta property=\"og:locale\" content=\"pt_BR\" \/>\n<meta property=\"og:type\" content=\"article\" \/>\n<meta property=\"og:title\" content=\"STF decide por novo afastamento de M\u00e1rio Negromonte do TCM-BA - Blog do Farn\u00e9sio\" \/>\n<meta property=\"og:description\" content=\"A primeira turma do Supremo Tribunal Federal determinou por maioria, nesta ter\u00e7a-feira (20), o imediato afastamento de M\u00e1rio Negromonte do cargo de Conselheiro do Tribunal de Contas dos Munic\u00edpios (TCM-BA). O julgamento tamb\u00e9m indeferiu, por unanimidade, o pedido de trancamento da a\u00e7\u00e3o penal. Negromonte \u00e9 acusado de, em 2011, ter aceitado R$ 25 milh\u00f5es em propina do Sindicato Nacional da Ind\u00fastria de Componentes para Ve\u00edculos Automotores (Sindipe\u00e7as) e ter repassado o valor para campanhas eleitorais dos candidatos do Partido Progressista (PP). Na \u00e9poca ministro das Cidades de Dilma Rousseff, Negromonte se tornou r\u00e9u no processo com base em em acordo de colabora\u00e7\u00e3o premiada celebrado entre a for\u00e7a tarefa da Lava Jato do Minist\u00e9rio P\u00fablico e o doleiro Alberto Youssef. Negromonte&hellip;\" \/>\n<meta property=\"og:url\" content=\"https:\/\/blogdofarnesio.com.br\/?p=243671\" \/>\n<meta property=\"og:site_name\" content=\"Blog do Farn\u00e9sio\" \/>\n<meta property=\"article:publisher\" content=\"https:\/\/www.facebook.com\/BlogQuerSaberPolitica\/\" \/>\n<meta property=\"article:published_time\" content=\"2019-11-20T15:00:23+00:00\" \/>\n<meta property=\"og:image\" content=\"https:\/\/blogdofarnesio.com.br\/wp-content\/uploads\/2018\/02\/blogqsptcmbamarionegromonte-Agbr.jpg\" \/>\n\t<meta property=\"og:image:width\" content=\"380\" \/>\n\t<meta property=\"og:image:height\" content=\"280\" \/>\n\t<meta property=\"og:image:type\" content=\"image\/jpeg\" \/>\n<meta name=\"author\" content=\"Farn\u00e9sio\" \/>\n<meta name=\"twitter:card\" content=\"summary_large_image\" \/>\n<meta name=\"twitter:label1\" content=\"Escrito por\" \/>\n\t<meta name=\"twitter:data1\" content=\"Farn\u00e9sio\" \/>\n\t<meta name=\"twitter:label2\" content=\"Est. tempo de leitura\" \/>\n\t<meta name=\"twitter:data2\" content=\"1 minuto\" \/>\n<script type=\"application\/ld+json\" class=\"yoast-schema-graph\">{\"@context\":\"https:\\\/\\\/schema.org\",\"@graph\":[{\"@type\":\"Article\",\"@id\":\"https:\\\/\\\/blogdofarnesio.com.br\\\/?p=243671#article\",\"isPartOf\":{\"@id\":\"https:\\\/\\\/blogdofarnesio.com.br\\\/?p=243671\"},\"author\":{\"name\":\"Farn\u00e9sio\",\"@id\":\"https:\\\/\\\/blogdofarnesio.com.br\\\/#\\\/schema\\\/person\\\/301c4acf522bccbfdb45af95b5b906a1\"},\"headline\":\"STF decide por novo afastamento de M\u00e1rio Negromonte do TCM-BA\",\"datePublished\":\"2019-11-20T15:00:23+00:00\",\"mainEntityOfPage\":{\"@id\":\"https:\\\/\\\/blogdofarnesio.com.br\\\/?p=243671\"},\"wordCount\":166,\"publisher\":{\"@id\":\"https:\\\/\\\/blogdofarnesio.com.br\\\/#organization\"},\"image\":{\"@id\":\"https:\\\/\\\/blogdofarnesio.com.br\\\/?p=243671#primaryimage\"},\"thumbnailUrl\":\"https:\\\/\\\/blogdofarnesio.com.br\\\/wp-content\\\/uploads\\\/2018\\\/02\\\/blogqsptcmbamarionegromonte-Agbr.jpg\",\"articleSection\":[\"Pol\u00edtica\"],\"inLanguage\":\"pt-BR\"},{\"@type\":\"WebPage\",\"@id\":\"https:\\\/\\\/blogdofarnesio.com.br\\\/?p=243671\",\"url\":\"https:\\\/\\\/blogdofarnesio.com.br\\\/?p=243671\",\"name\":\"STF decide por novo afastamento de M\u00e1rio Negromonte do TCM-BA - Blog do Farn\u00e9sio\",\"isPartOf\":{\"@id\":\"https:\\\/\\\/blogdofarnesio.com.br\\\/#website\"},\"primaryImageOfPage\":{\"@id\":\"https:\\\/\\\/blogdofarnesio.com.br\\\/?p=243671#primaryimage\"},\"image\":{\"@id\":\"https:\\\/\\\/blogdofarnesio.com.br\\\/?p=243671#primaryimage\"},\"thumbnailUrl\":\"https:\\\/\\\/blogdofarnesio.com.br\\\/wp-content\\\/uploads\\\/2018\\\/02\\\/blogqsptcmbamarionegromonte-Agbr.jpg\",\"datePublished\":\"2019-11-20T15:00:23+00:00\",\"breadcrumb\":{\"@id\":\"https:\\\/\\\/blogdofarnesio.com.br\\\/?p=243671#breadcrumb\"},\"inLanguage\":\"pt-BR\",\"potentialAction\":[{\"@type\":\"ReadAction\",\"target\":[\"https:\\\/\\\/blogdofarnesio.com.br\\\/?p=243671\"]}]},{\"@type\":\"ImageObject\",\"inLanguage\":\"pt-BR\",\"@id\":\"https:\\\/\\\/blogdofarnesio.com.br\\\/?p=243671#primaryimage\",\"url\":\"https:\\\/\\\/blogdofarnesio.com.br\\\/wp-content\\\/uploads\\\/2018\\\/02\\\/blogqsptcmbamarionegromonte-Agbr.jpg\",\"contentUrl\":\"https:\\\/\\\/blogdofarnesio.com.br\\\/wp-content\\\/uploads\\\/2018\\\/02\\\/blogqsptcmbamarionegromonte-Agbr.jpg\",\"width\":380,\"height\":280},{\"@type\":\"BreadcrumbList\",\"@id\":\"https:\\\/\\\/blogdofarnesio.com.br\\\/?p=243671#breadcrumb\",\"itemListElement\":[{\"@type\":\"ListItem\",\"position\":1,\"name\":\"In\u00edcio\",\"item\":\"https:\\\/\\\/blogdofarnesio.com.br\\\/\"},{\"@type\":\"ListItem\",\"position\":2,\"name\":\"STF decide por novo afastamento de M\u00e1rio Negromonte do TCM-BA\"}]},{\"@type\":\"WebSite\",\"@id\":\"https:\\\/\\\/blogdofarnesio.com.br\\\/#website\",\"url\":\"https:\\\/\\\/blogdofarnesio.com.br\\\/\",\"name\":\"Blog do Farn\u00e9sio\",\"description\":\"Quer Saber Pol\u00edtica?\",\"publisher\":{\"@id\":\"https:\\\/\\\/blogdofarnesio.com.br\\\/#organization\"},\"potentialAction\":[{\"@type\":\"SearchAction\",\"target\":{\"@type\":\"EntryPoint\",\"urlTemplate\":\"https:\\\/\\\/blogdofarnesio.com.br\\\/?s={search_term_string}\"},\"query-input\":{\"@type\":\"PropertyValueSpecification\",\"valueRequired\":true,\"valueName\":\"search_term_string\"}}],\"inLanguage\":\"pt-BR\"},{\"@type\":\"Organization\",\"@id\":\"https:\\\/\\\/blogdofarnesio.com.br\\\/#organization\",\"name\":\"Blog do Farn\u00e9sio\",\"url\":\"https:\\\/\\\/blogdofarnesio.com.br\\\/\",\"logo\":{\"@type\":\"ImageObject\",\"inLanguage\":\"pt-BR\",\"@id\":\"https:\\\/\\\/blogdofarnesio.com.br\\\/#\\\/schema\\\/logo\\\/image\\\/\",\"url\":\"https:\\\/\\\/blogdofarnesio.com.br\\\/wp-content\\\/uploads\\\/2026\\\/03\\\/cropped-logo_new-1.png\",\"contentUrl\":\"https:\\\/\\\/blogdofarnesio.com.br\\\/wp-content\\\/uploads\\\/2026\\\/03\\\/cropped-logo_new-1.png\",\"width\":881,\"height\":685,\"caption\":\"Blog do Farn\u00e9sio\"},\"image\":{\"@id\":\"https:\\\/\\\/blogdofarnesio.com.br\\\/#\\\/schema\\\/logo\\\/image\\\/\"},\"sameAs\":[\"https:\\\/\\\/www.facebook.com\\\/BlogQuerSaberPolitica\\\/\"]},{\"@type\":\"Person\",\"@id\":\"https:\\\/\\\/blogdofarnesio.com.br\\\/#\\\/schema\\\/person\\\/301c4acf522bccbfdb45af95b5b906a1\",\"name\":\"Farn\u00e9sio\",\"image\":{\"@type\":\"ImageObject\",\"inLanguage\":\"pt-BR\",\"@id\":\"https:\\\/\\\/secure.gravatar.com\\\/avatar\\\/df0c9a14567c056f8ad6876ba5bbd1e3e2c48023eb6807342fc4663adf549f38?s=96&d=mm&r=g\",\"url\":\"https:\\\/\\\/secure.gravatar.com\\\/avatar\\\/df0c9a14567c056f8ad6876ba5bbd1e3e2c48023eb6807342fc4663adf549f38?s=96&d=mm&r=g\",\"contentUrl\":\"https:\\\/\\\/secure.gravatar.com\\\/avatar\\\/df0c9a14567c056f8ad6876ba5bbd1e3e2c48023eb6807342fc4663adf549f38?s=96&d=mm&r=g\",\"caption\":\"Farn\u00e9sio\"},\"sameAs\":[\"https:\\\/\\\/quersaberpolitica.com.br\"],\"url\":\"https:\\\/\\\/blogdofarnesio.com.br\\\/?author=1\"}]}<\/script>\n<!-- \/ Yoast SEO plugin. -->","yoast_head_json":{"title":"STF decide por novo afastamento de M\u00e1rio Negromonte do TCM-BA - Blog do Farn\u00e9sio","robots":{"index":"index","follow":"follow","max-snippet":"max-snippet:-1","max-image-preview":"max-image-preview:large","max-video-preview":"max-video-preview:-1"},"canonical":"https:\/\/blogdofarnesio.com.br\/?p=243671","og_locale":"pt_BR","og_type":"article","og_title":"STF decide por novo afastamento de M\u00e1rio Negromonte do TCM-BA - Blog do Farn\u00e9sio","og_description":"A primeira turma do Supremo Tribunal Federal determinou por maioria, nesta ter\u00e7a-feira (20), o imediato afastamento de M\u00e1rio Negromonte do cargo de Conselheiro do Tribunal de Contas dos Munic\u00edpios (TCM-BA). O julgamento tamb\u00e9m indeferiu, por unanimidade, o pedido de trancamento da a\u00e7\u00e3o penal. Negromonte \u00e9 acusado de, em 2011, ter aceitado R$ 25 milh\u00f5es em propina do Sindicato Nacional da Ind\u00fastria de Componentes para Ve\u00edculos Automotores (Sindipe\u00e7as) e ter repassado o valor para campanhas eleitorais dos candidatos do Partido Progressista (PP). Na \u00e9poca ministro das Cidades de Dilma Rousseff, Negromonte se tornou r\u00e9u no processo com base em em acordo de colabora\u00e7\u00e3o premiada celebrado entre a for\u00e7a tarefa da Lava Jato do Minist\u00e9rio P\u00fablico e o doleiro Alberto Youssef. Negromonte&hellip;","og_url":"https:\/\/blogdofarnesio.com.br\/?p=243671","og_site_name":"Blog do Farn\u00e9sio","article_publisher":"https:\/\/www.facebook.com\/BlogQuerSaberPolitica\/","article_published_time":"2019-11-20T15:00:23+00:00","og_image":[{"width":380,"height":280,"url":"https:\/\/blogdofarnesio.com.br\/wp-content\/uploads\/2018\/02\/blogqsptcmbamarionegromonte-Agbr.jpg","type":"image\/jpeg"}],"author":"Farn\u00e9sio","twitter_card":"summary_large_image","twitter_misc":{"Escrito por":"Farn\u00e9sio","Est. tempo de leitura":"1 minuto"},"schema":{"@context":"https:\/\/schema.org","@graph":[{"@type":"Article","@id":"https:\/\/blogdofarnesio.com.br\/?p=243671#article","isPartOf":{"@id":"https:\/\/blogdofarnesio.com.br\/?p=243671"},"author":{"name":"Farn\u00e9sio","@id":"https:\/\/blogdofarnesio.com.br\/#\/schema\/person\/301c4acf522bccbfdb45af95b5b906a1"},"headline":"STF decide por novo afastamento de M\u00e1rio Negromonte do TCM-BA","datePublished":"2019-11-20T15:00:23+00:00","mainEntityOfPage":{"@id":"https:\/\/blogdofarnesio.com.br\/?p=243671"},"wordCount":166,"publisher":{"@id":"https:\/\/blogdofarnesio.com.br\/#organization"},"image":{"@id":"https:\/\/blogdofarnesio.com.br\/?p=243671#primaryimage"},"thumbnailUrl":"https:\/\/blogdofarnesio.com.br\/wp-content\/uploads\/2018\/02\/blogqsptcmbamarionegromonte-Agbr.jpg","articleSection":["Pol\u00edtica"],"inLanguage":"pt-BR"},{"@type":"WebPage","@id":"https:\/\/blogdofarnesio.com.br\/?p=243671","url":"https:\/\/blogdofarnesio.com.br\/?p=243671","name":"STF decide por novo afastamento de M\u00e1rio Negromonte do TCM-BA - Blog do Farn\u00e9sio","isPartOf":{"@id":"https:\/\/blogdofarnesio.com.br\/#website"},"primaryImageOfPage":{"@id":"https:\/\/blogdofarnesio.com.br\/?p=243671#primaryimage"},"image":{"@id":"https:\/\/blogdofarnesio.com.br\/?p=243671#primaryimage"},"thumbnailUrl":"https:\/\/blogdofarnesio.com.br\/wp-content\/uploads\/2018\/02\/blogqsptcmbamarionegromonte-Agbr.jpg","datePublished":"2019-11-20T15:00:23+00:00","breadcrumb":{"@id":"https:\/\/blogdofarnesio.com.br\/?p=243671#breadcrumb"},"inLanguage":"pt-BR","potentialAction":[{"@type":"ReadAction","target":["https:\/\/blogdofarnesio.com.br\/?p=243671"]}]},{"@type":"ImageObject","inLanguage":"pt-BR","@id":"https:\/\/blogdofarnesio.com.br\/?p=243671#primaryimage","url":"https:\/\/blogdofarnesio.com.br\/wp-content\/uploads\/2018\/02\/blogqsptcmbamarionegromonte-Agbr.jpg","contentUrl":"https:\/\/blogdofarnesio.com.br\/wp-content\/uploads\/2018\/02\/blogqsptcmbamarionegromonte-Agbr.jpg","width":380,"height":280},{"@type":"BreadcrumbList","@id":"https:\/\/blogdofarnesio.com.br\/?p=243671#breadcrumb","itemListElement":[{"@type":"ListItem","position":1,"name":"In\u00edcio","item":"https:\/\/blogdofarnesio.com.br\/"},{"@type":"ListItem","position":2,"name":"STF decide por novo afastamento de M\u00e1rio Negromonte do TCM-BA"}]},{"@type":"WebSite","@id":"https:\/\/blogdofarnesio.com.br\/#website","url":"https:\/\/blogdofarnesio.com.br\/","name":"Blog do Farn\u00e9sio","description":"Quer Saber Pol\u00edtica?","publisher":{"@id":"https:\/\/blogdofarnesio.com.br\/#organization"},"potentialAction":[{"@type":"SearchAction","target":{"@type":"EntryPoint","urlTemplate":"https:\/\/blogdofarnesio.com.br\/?s={search_term_string}"},"query-input":{"@type":"PropertyValueSpecification","valueRequired":true,"valueName":"search_term_string"}}],"inLanguage":"pt-BR"},{"@type":"Organization","@id":"https:\/\/blogdofarnesio.com.br\/#organization","name":"Blog do Farn\u00e9sio","url":"https:\/\/blogdofarnesio.com.br\/","logo":{"@type":"ImageObject","inLanguage":"pt-BR","@id":"https:\/\/blogdofarnesio.com.br\/#\/schema\/logo\/image\/","url":"https:\/\/blogdofarnesio.com.br\/wp-content\/uploads\/2026\/03\/cropped-logo_new-1.png","contentUrl":"https:\/\/blogdofarnesio.com.br\/wp-content\/uploads\/2026\/03\/cropped-logo_new-1.png","width":881,"height":685,"caption":"Blog do Farn\u00e9sio"},"image":{"@id":"https:\/\/blogdofarnesio.com.br\/#\/schema\/logo\/image\/"},"sameAs":["https:\/\/www.facebook.com\/BlogQuerSaberPolitica\/"]},{"@type":"Person","@id":"https:\/\/blogdofarnesio.com.br\/#\/schema\/person\/301c4acf522bccbfdb45af95b5b906a1","name":"Farn\u00e9sio","image":{"@type":"ImageObject","inLanguage":"pt-BR","@id":"https:\/\/secure.gravatar.com\/avatar\/df0c9a14567c056f8ad6876ba5bbd1e3e2c48023eb6807342fc4663adf549f38?s=96&d=mm&r=g","url":"https:\/\/secure.gravatar.com\/avatar\/df0c9a14567c056f8ad6876ba5bbd1e3e2c48023eb6807342fc4663adf549f38?s=96&d=mm&r=g","contentUrl":"https:\/\/secure.gravatar.com\/avatar\/df0c9a14567c056f8ad6876ba5bbd1e3e2c48023eb6807342fc4663adf549f38?s=96&d=mm&r=g","caption":"Farn\u00e9sio"},"sameAs":["https:\/\/quersaberpolitica.com.br"],"url":"https:\/\/blogdofarnesio.com.br\/?author=1"}]}},"_links":{"self":[{"href":"https:\/\/blogdofarnesio.com.br\/index.php?rest_route=\/wp\/v2\/posts\/243671","targetHints":{"allow":["GET"]}}],"collection":[{"href":"https:\/\/blogdofarnesio.com.br\/index.php?rest_route=\/wp\/v2\/posts"}],"about":[{"href":"https:\/\/blogdofarnesio.com.br\/index.php?rest_route=\/wp\/v2\/types\/post"}],"author":[{"embeddable":true,"href":"https:\/\/blogdofarnesio.com.br\/index.php?rest_route=\/wp\/v2\/users\/1"}],"replies":[{"embeddable":true,"href":"https:\/\/blogdofarnesio.com.br\/index.php?rest_route=%2Fwp%2Fv2%2Fcomments&post=243671"}],"version-history":[{"count":0,"href":"https:\/\/blogdofarnesio.com.br\/index.php?rest_route=\/wp\/v2\/posts\/243671\/revisions"}],"wp:featuredmedia":[{"embeddable":true,"href":"https:\/\/blogdofarnesio.com.br\/index.php?rest_route=\/wp\/v2\/media\/189349"}],"wp:attachment":[{"href":"https:\/\/blogdofarnesio.com.br\/index.php?rest_route=%2Fwp%2Fv2%2Fmedia&parent=243671"}],"wp:term":[{"taxonomy":"category","embeddable":true,"href":"https:\/\/blogdofarnesio.com.br\/index.php?rest_route=%2Fwp%2Fv2%2Fcategories&post=243671"},{"taxonomy":"post_tag","embeddable":true,"href":"https:\/\/blogdofarnesio.com.br\/index.php?rest_route=%2Fwp%2Fv2%2Ftags&post=243671"}],"curies":[{"name":"wp","href":"https:\/\/api.w.org\/{rel}","templated":true}]}}