{"id":243610,"date":"2019-11-20T13:00:11","date_gmt":"2019-11-20T16:00:11","guid":{"rendered":"http:\/\/quersaberpolitica.com.br\/2016\/?p=243610"},"modified":"2019-11-20T09:52:27","modified_gmt":"2019-11-20T12:52:27","slug":"com-acoes-em-feiras-livres-petrolina-antecipa-programacao-do-dia-mundial-de-luta-contra-aids","status":"publish","type":"post","link":"https:\/\/blogdofarnesio.com.br\/?p=243610","title":{"rendered":"Com a\u00e7\u00f5es em feiras livres, Petrolina antecipa programa\u00e7\u00e3o do \u2018Dia Mundial de Luta Contra Aids\u2019"},"content":{"rendered":"<p style=\"font-weight: 400;\">A Prefeitura de Petrolina antecipou a programa\u00e7\u00e3o em alus\u00e3o ao \u2018Dia Mundial de Luta Contra a Aids\u2019, comemorado no dia 1\u00ba de dezembro. As atividades j\u00e1 iniciam neste s\u00e1bado (23), com panfletagem, distribui\u00e7\u00e3o de preservativos e orienta\u00e7\u00f5es sobre as Infec\u00e7\u00f5es Sexualmente Transmiss\u00edveis (ISTs). A a\u00e7\u00e3o acontecer\u00e1 na Feira da Cohab Massangano, das 8h \u00e0s 12h.<\/p>\n<p style=\"font-weight: 400;\">O objetivo \u00e9 conscientizar a popula\u00e7\u00e3o e divulgar estrat\u00e9gias de preven\u00e7\u00e3o \u00e0s doen\u00e7as sexualmente transmiss\u00edveis, como o uso da camisinha, realiza\u00e7\u00e3o de testes r\u00e1pidos de HIV e trabalho educativo com a popula\u00e7\u00e3o nas feiras livres e pra\u00e7as. A programa\u00e7\u00e3o segue no domingo (24), na feira livre do bairro Jo\u00e3o de Deus, das 8h \u00e0s 12h. Os profissionais envolvidos na a\u00e7\u00e3o v\u00e3o distribuir preservativos e panfletos e orientar os frequentadores da feira.<\/p>\n<p style=\"font-weight: 400;\">No dia 27, acontecer\u00e1 uma ronda noturna que ter\u00e1 como p\u00fablico alvo profissionais do sexo e pessoas que vivem em situa\u00e7\u00e3o de rua em diversos pontos da cidade. No dia 28, das 8h \u00e0s 12h, acontecer\u00e1 uma a\u00e7\u00e3o no sem\u00e1foro em frente \u00e0 prefeitura, na Avenida Guararapes, com panfletagem e distribui\u00e7\u00e3o de insumos.<\/p>\n<p style=\"font-weight: 400;\">No dia 29 de novembro, das 7h \u00e0s 16h, no Centro de Testagem e Aconselhamento (CTA), localizado na Rua Joaquim Nabuco, S\/N, em frente ao Hospital Dom Malan\/Imip, acontecer\u00e1 o Dia \u2018D\u2019. Na ocasi\u00e3o ser\u00e1 intensificada a realiza\u00e7\u00e3o de testes r\u00e1pidos de HIV, s\u00edfilis e hepatites B e C.<\/p>\n<p style=\"font-weight: 400;\">\u201c<em>Essas a\u00e7\u00f5es servem para orientar a popula\u00e7\u00e3o sobre a import\u00e2ncia da preven\u00e7\u00e3o e principalmente alertar sobre os perigos que o HIV e Aids causam no organismo. A doen\u00e7a n\u00e3o tem cura, mas existe tratamento de controle gratuitos. Vale ressaltar que o preservativo ainda \u00e9 o m\u00e9todo mais eficaz para a preven\u00e7\u00e3o de doen\u00e7as sexualmente transmiss\u00edveis<\/em>\u201d, destaca a secret\u00e1ria executiva de Vigil\u00e2ncia em Sa\u00fade, Marlene Leandro.<\/p>\n<p style=\"font-weight: 400;\"><strong>Doen\u00e7a<\/strong><\/p>\n<p style=\"font-weight: 400;\">A Aids \u00e9 uma doen\u00e7a causada pelo v\u00edrus HIV, que ataca as c\u00e9lulas respons\u00e1veis pela defesa do organismo, deixando a pessoa mais vulner\u00e1vel a doen\u00e7as oportunistas. A doen\u00e7a n\u00e3o tem cura, mas tem tratamento de controle. A pessoa pode ter o v\u00edrus HIV e n\u00e3o saber, por que os sintomas demoram a aparecer. Por isso, se a pessoa passar por alguma situa\u00e7\u00e3o de risco (sexo sem preservativo, compartilhamento de seringas, transmiss\u00e3o vertical) recomenda-se fazer o teste.<\/p>\n<p style=\"font-weight: 400;\">Foto: Prefeitura de Petrolina<\/p>\n","protected":false},"excerpt":{"rendered":"<p>A Prefeitura de Petrolina antecipou a programa\u00e7\u00e3o em alus\u00e3o ao \u2018Dia Mundial de Luta Contra a Aids\u2019, comemorado no dia 1\u00ba de dezembro. As atividades j\u00e1 iniciam neste s\u00e1bado (23), com panfletagem, distribui\u00e7\u00e3o de preservativos e orienta\u00e7\u00f5es sobre as Infec\u00e7\u00f5es Sexualmente Transmiss\u00edveis (ISTs). A a\u00e7\u00e3o acontecer\u00e1 na Feira da Cohab Massangano, das 8h \u00e0s 12h. O objetivo \u00e9 conscientizar a popula\u00e7\u00e3o e divulgar estrat\u00e9gias de preven\u00e7\u00e3o \u00e0s doen\u00e7as sexualmente transmiss\u00edveis, como o uso da camisinha, realiza\u00e7\u00e3o de testes r\u00e1pidos de HIV e trabalho educativo com a popula\u00e7\u00e3o nas feiras livres e pra\u00e7as. A programa\u00e7\u00e3o segue no domingo (24), na feira livre do bairro Jo\u00e3o de Deus, das 8h \u00e0s 12h. Os profissionais envolvidos na a\u00e7\u00e3o v\u00e3o distribuir preservativos e panfletos&hellip; <\/p>\n","protected":false},"author":1,"featured_media":0,"comment_status":"closed","ping_status":"closed","sticky":false,"template":"","format":"standard","meta":{"_acf_changed":false,"footnotes":""},"categories":[44],"tags":[],"class_list":["post-243610","post","type-post","status-publish","format-standard","hentry","category-administracao"],"acf":[],"yoast_head":"<!-- This site is optimized with the Yoast SEO plugin v27.4 - https:\/\/yoast.com\/product\/yoast-seo-wordpress\/ -->\n<title>Com a\u00e7\u00f5es em feiras livres, Petrolina antecipa programa\u00e7\u00e3o do \u2018Dia Mundial de Luta Contra Aids\u2019 - Blog do Farn\u00e9sio<\/title>\n<meta name=\"robots\" content=\"index, follow, max-snippet:-1, max-image-preview:large, max-video-preview:-1\" \/>\n<link rel=\"canonical\" href=\"https:\/\/blogdofarnesio.com.br\/?p=243610\" \/>\n<meta property=\"og:locale\" content=\"pt_BR\" \/>\n<meta property=\"og:type\" content=\"article\" \/>\n<meta property=\"og:title\" content=\"Com a\u00e7\u00f5es em feiras livres, Petrolina antecipa programa\u00e7\u00e3o do \u2018Dia Mundial de Luta Contra Aids\u2019 - Blog do Farn\u00e9sio\" \/>\n<meta property=\"og:description\" content=\"A Prefeitura de Petrolina antecipou a programa\u00e7\u00e3o em alus\u00e3o ao \u2018Dia Mundial de Luta Contra a Aids\u2019, comemorado no dia 1\u00ba de dezembro. As atividades j\u00e1 iniciam neste s\u00e1bado (23), com panfletagem, distribui\u00e7\u00e3o de preservativos e orienta\u00e7\u00f5es sobre as Infec\u00e7\u00f5es Sexualmente Transmiss\u00edveis (ISTs). A a\u00e7\u00e3o acontecer\u00e1 na Feira da Cohab Massangano, das 8h \u00e0s 12h. O objetivo \u00e9 conscientizar a popula\u00e7\u00e3o e divulgar estrat\u00e9gias de preven\u00e7\u00e3o \u00e0s doen\u00e7as sexualmente transmiss\u00edveis, como o uso da camisinha, realiza\u00e7\u00e3o de testes r\u00e1pidos de HIV e trabalho educativo com a popula\u00e7\u00e3o nas feiras livres e pra\u00e7as. A programa\u00e7\u00e3o segue no domingo (24), na feira livre do bairro Jo\u00e3o de Deus, das 8h \u00e0s 12h. Os profissionais envolvidos na a\u00e7\u00e3o v\u00e3o distribuir preservativos e panfletos&hellip;\" \/>\n<meta property=\"og:url\" content=\"https:\/\/blogdofarnesio.com.br\/?p=243610\" \/>\n<meta property=\"og:site_name\" content=\"Blog do Farn\u00e9sio\" \/>\n<meta property=\"article:publisher\" content=\"https:\/\/www.facebook.com\/BlogQuerSaberPolitica\/\" \/>\n<meta property=\"article:published_time\" content=\"2019-11-20T16:00:11+00:00\" \/>\n<meta name=\"author\" content=\"Farn\u00e9sio\" \/>\n<meta name=\"twitter:card\" content=\"summary_large_image\" \/>\n<meta name=\"twitter:label1\" content=\"Escrito por\" \/>\n\t<meta name=\"twitter:data1\" content=\"Farn\u00e9sio\" \/>\n\t<meta name=\"twitter:label2\" content=\"Est. tempo de leitura\" \/>\n\t<meta name=\"twitter:data2\" content=\"2 minutos\" \/>\n<script type=\"application\/ld+json\" class=\"yoast-schema-graph\">{\"@context\":\"https:\\\/\\\/schema.org\",\"@graph\":[{\"@type\":\"Article\",\"@id\":\"https:\\\/\\\/blogdofarnesio.com.br\\\/?p=243610#article\",\"isPartOf\":{\"@id\":\"https:\\\/\\\/blogdofarnesio.com.br\\\/?p=243610\"},\"author\":{\"name\":\"Farn\u00e9sio\",\"@id\":\"https:\\\/\\\/blogdofarnesio.com.br\\\/#\\\/schema\\\/person\\\/301c4acf522bccbfdb45af95b5b906a1\"},\"headline\":\"Com a\u00e7\u00f5es em feiras livres, Petrolina antecipa programa\u00e7\u00e3o do \u2018Dia Mundial de Luta Contra Aids\u2019\",\"datePublished\":\"2019-11-20T16:00:11+00:00\",\"mainEntityOfPage\":{\"@id\":\"https:\\\/\\\/blogdofarnesio.com.br\\\/?p=243610\"},\"wordCount\":439,\"publisher\":{\"@id\":\"https:\\\/\\\/blogdofarnesio.com.br\\\/#organization\"},\"articleSection\":[\"Administra\u00e7\u00e3o\"],\"inLanguage\":\"pt-BR\"},{\"@type\":\"WebPage\",\"@id\":\"https:\\\/\\\/blogdofarnesio.com.br\\\/?p=243610\",\"url\":\"https:\\\/\\\/blogdofarnesio.com.br\\\/?p=243610\",\"name\":\"Com a\u00e7\u00f5es em feiras livres, Petrolina antecipa programa\u00e7\u00e3o do \u2018Dia Mundial de Luta Contra Aids\u2019 - Blog do Farn\u00e9sio\",\"isPartOf\":{\"@id\":\"https:\\\/\\\/blogdofarnesio.com.br\\\/#website\"},\"datePublished\":\"2019-11-20T16:00:11+00:00\",\"breadcrumb\":{\"@id\":\"https:\\\/\\\/blogdofarnesio.com.br\\\/?p=243610#breadcrumb\"},\"inLanguage\":\"pt-BR\",\"potentialAction\":[{\"@type\":\"ReadAction\",\"target\":[\"https:\\\/\\\/blogdofarnesio.com.br\\\/?p=243610\"]}]},{\"@type\":\"BreadcrumbList\",\"@id\":\"https:\\\/\\\/blogdofarnesio.com.br\\\/?p=243610#breadcrumb\",\"itemListElement\":[{\"@type\":\"ListItem\",\"position\":1,\"name\":\"In\u00edcio\",\"item\":\"https:\\\/\\\/blogdofarnesio.com.br\\\/\"},{\"@type\":\"ListItem\",\"position\":2,\"name\":\"Com a\u00e7\u00f5es em feiras livres, Petrolina antecipa programa\u00e7\u00e3o do \u2018Dia Mundial de Luta Contra Aids\u2019\"}]},{\"@type\":\"WebSite\",\"@id\":\"https:\\\/\\\/blogdofarnesio.com.br\\\/#website\",\"url\":\"https:\\\/\\\/blogdofarnesio.com.br\\\/\",\"name\":\"Blog do Farn\u00e9sio\",\"description\":\"Quer Saber Pol\u00edtica?\",\"publisher\":{\"@id\":\"https:\\\/\\\/blogdofarnesio.com.br\\\/#organization\"},\"potentialAction\":[{\"@type\":\"SearchAction\",\"target\":{\"@type\":\"EntryPoint\",\"urlTemplate\":\"https:\\\/\\\/blogdofarnesio.com.br\\\/?s={search_term_string}\"},\"query-input\":{\"@type\":\"PropertyValueSpecification\",\"valueRequired\":true,\"valueName\":\"search_term_string\"}}],\"inLanguage\":\"pt-BR\"},{\"@type\":\"Organization\",\"@id\":\"https:\\\/\\\/blogdofarnesio.com.br\\\/#organization\",\"name\":\"Blog do Farn\u00e9sio\",\"url\":\"https:\\\/\\\/blogdofarnesio.com.br\\\/\",\"logo\":{\"@type\":\"ImageObject\",\"inLanguage\":\"pt-BR\",\"@id\":\"https:\\\/\\\/blogdofarnesio.com.br\\\/#\\\/schema\\\/logo\\\/image\\\/\",\"url\":\"https:\\\/\\\/blogdofarnesio.com.br\\\/wp-content\\\/uploads\\\/2026\\\/03\\\/cropped-logo_new-1.png\",\"contentUrl\":\"https:\\\/\\\/blogdofarnesio.com.br\\\/wp-content\\\/uploads\\\/2026\\\/03\\\/cropped-logo_new-1.png\",\"width\":881,\"height\":685,\"caption\":\"Blog do Farn\u00e9sio\"},\"image\":{\"@id\":\"https:\\\/\\\/blogdofarnesio.com.br\\\/#\\\/schema\\\/logo\\\/image\\\/\"},\"sameAs\":[\"https:\\\/\\\/www.facebook.com\\\/BlogQuerSaberPolitica\\\/\"]},{\"@type\":\"Person\",\"@id\":\"https:\\\/\\\/blogdofarnesio.com.br\\\/#\\\/schema\\\/person\\\/301c4acf522bccbfdb45af95b5b906a1\",\"name\":\"Farn\u00e9sio\",\"image\":{\"@type\":\"ImageObject\",\"inLanguage\":\"pt-BR\",\"@id\":\"https:\\\/\\\/secure.gravatar.com\\\/avatar\\\/df0c9a14567c056f8ad6876ba5bbd1e3e2c48023eb6807342fc4663adf549f38?s=96&d=mm&r=g\",\"url\":\"https:\\\/\\\/secure.gravatar.com\\\/avatar\\\/df0c9a14567c056f8ad6876ba5bbd1e3e2c48023eb6807342fc4663adf549f38?s=96&d=mm&r=g\",\"contentUrl\":\"https:\\\/\\\/secure.gravatar.com\\\/avatar\\\/df0c9a14567c056f8ad6876ba5bbd1e3e2c48023eb6807342fc4663adf549f38?s=96&d=mm&r=g\",\"caption\":\"Farn\u00e9sio\"},\"sameAs\":[\"https:\\\/\\\/quersaberpolitica.com.br\"],\"url\":\"https:\\\/\\\/blogdofarnesio.com.br\\\/?author=1\"}]}<\/script>\n<!-- \/ Yoast SEO plugin. -->","yoast_head_json":{"title":"Com a\u00e7\u00f5es em feiras livres, Petrolina antecipa programa\u00e7\u00e3o do \u2018Dia Mundial de Luta Contra Aids\u2019 - Blog do Farn\u00e9sio","robots":{"index":"index","follow":"follow","max-snippet":"max-snippet:-1","max-image-preview":"max-image-preview:large","max-video-preview":"max-video-preview:-1"},"canonical":"https:\/\/blogdofarnesio.com.br\/?p=243610","og_locale":"pt_BR","og_type":"article","og_title":"Com a\u00e7\u00f5es em feiras livres, Petrolina antecipa programa\u00e7\u00e3o do \u2018Dia Mundial de Luta Contra Aids\u2019 - Blog do Farn\u00e9sio","og_description":"A Prefeitura de Petrolina antecipou a programa\u00e7\u00e3o em alus\u00e3o ao \u2018Dia Mundial de Luta Contra a Aids\u2019, comemorado no dia 1\u00ba de dezembro. As atividades j\u00e1 iniciam neste s\u00e1bado (23), com panfletagem, distribui\u00e7\u00e3o de preservativos e orienta\u00e7\u00f5es sobre as Infec\u00e7\u00f5es Sexualmente Transmiss\u00edveis (ISTs). A a\u00e7\u00e3o acontecer\u00e1 na Feira da Cohab Massangano, das 8h \u00e0s 12h. O objetivo \u00e9 conscientizar a popula\u00e7\u00e3o e divulgar estrat\u00e9gias de preven\u00e7\u00e3o \u00e0s doen\u00e7as sexualmente transmiss\u00edveis, como o uso da camisinha, realiza\u00e7\u00e3o de testes r\u00e1pidos de HIV e trabalho educativo com a popula\u00e7\u00e3o nas feiras livres e pra\u00e7as. A programa\u00e7\u00e3o segue no domingo (24), na feira livre do bairro Jo\u00e3o de Deus, das 8h \u00e0s 12h. Os profissionais envolvidos na a\u00e7\u00e3o v\u00e3o distribuir preservativos e panfletos&hellip;","og_url":"https:\/\/blogdofarnesio.com.br\/?p=243610","og_site_name":"Blog do Farn\u00e9sio","article_publisher":"https:\/\/www.facebook.com\/BlogQuerSaberPolitica\/","article_published_time":"2019-11-20T16:00:11+00:00","author":"Farn\u00e9sio","twitter_card":"summary_large_image","twitter_misc":{"Escrito por":"Farn\u00e9sio","Est. tempo de leitura":"2 minutos"},"schema":{"@context":"https:\/\/schema.org","@graph":[{"@type":"Article","@id":"https:\/\/blogdofarnesio.com.br\/?p=243610#article","isPartOf":{"@id":"https:\/\/blogdofarnesio.com.br\/?p=243610"},"author":{"name":"Farn\u00e9sio","@id":"https:\/\/blogdofarnesio.com.br\/#\/schema\/person\/301c4acf522bccbfdb45af95b5b906a1"},"headline":"Com a\u00e7\u00f5es em feiras livres, Petrolina antecipa programa\u00e7\u00e3o do \u2018Dia Mundial de Luta Contra Aids\u2019","datePublished":"2019-11-20T16:00:11+00:00","mainEntityOfPage":{"@id":"https:\/\/blogdofarnesio.com.br\/?p=243610"},"wordCount":439,"publisher":{"@id":"https:\/\/blogdofarnesio.com.br\/#organization"},"articleSection":["Administra\u00e7\u00e3o"],"inLanguage":"pt-BR"},{"@type":"WebPage","@id":"https:\/\/blogdofarnesio.com.br\/?p=243610","url":"https:\/\/blogdofarnesio.com.br\/?p=243610","name":"Com a\u00e7\u00f5es em feiras livres, Petrolina antecipa programa\u00e7\u00e3o do \u2018Dia Mundial de Luta Contra Aids\u2019 - Blog do Farn\u00e9sio","isPartOf":{"@id":"https:\/\/blogdofarnesio.com.br\/#website"},"datePublished":"2019-11-20T16:00:11+00:00","breadcrumb":{"@id":"https:\/\/blogdofarnesio.com.br\/?p=243610#breadcrumb"},"inLanguage":"pt-BR","potentialAction":[{"@type":"ReadAction","target":["https:\/\/blogdofarnesio.com.br\/?p=243610"]}]},{"@type":"BreadcrumbList","@id":"https:\/\/blogdofarnesio.com.br\/?p=243610#breadcrumb","itemListElement":[{"@type":"ListItem","position":1,"name":"In\u00edcio","item":"https:\/\/blogdofarnesio.com.br\/"},{"@type":"ListItem","position":2,"name":"Com a\u00e7\u00f5es em feiras livres, Petrolina antecipa programa\u00e7\u00e3o do \u2018Dia Mundial de Luta Contra Aids\u2019"}]},{"@type":"WebSite","@id":"https:\/\/blogdofarnesio.com.br\/#website","url":"https:\/\/blogdofarnesio.com.br\/","name":"Blog do Farn\u00e9sio","description":"Quer Saber Pol\u00edtica?","publisher":{"@id":"https:\/\/blogdofarnesio.com.br\/#organization"},"potentialAction":[{"@type":"SearchAction","target":{"@type":"EntryPoint","urlTemplate":"https:\/\/blogdofarnesio.com.br\/?s={search_term_string}"},"query-input":{"@type":"PropertyValueSpecification","valueRequired":true,"valueName":"search_term_string"}}],"inLanguage":"pt-BR"},{"@type":"Organization","@id":"https:\/\/blogdofarnesio.com.br\/#organization","name":"Blog do Farn\u00e9sio","url":"https:\/\/blogdofarnesio.com.br\/","logo":{"@type":"ImageObject","inLanguage":"pt-BR","@id":"https:\/\/blogdofarnesio.com.br\/#\/schema\/logo\/image\/","url":"https:\/\/blogdofarnesio.com.br\/wp-content\/uploads\/2026\/03\/cropped-logo_new-1.png","contentUrl":"https:\/\/blogdofarnesio.com.br\/wp-content\/uploads\/2026\/03\/cropped-logo_new-1.png","width":881,"height":685,"caption":"Blog do Farn\u00e9sio"},"image":{"@id":"https:\/\/blogdofarnesio.com.br\/#\/schema\/logo\/image\/"},"sameAs":["https:\/\/www.facebook.com\/BlogQuerSaberPolitica\/"]},{"@type":"Person","@id":"https:\/\/blogdofarnesio.com.br\/#\/schema\/person\/301c4acf522bccbfdb45af95b5b906a1","name":"Farn\u00e9sio","image":{"@type":"ImageObject","inLanguage":"pt-BR","@id":"https:\/\/secure.gravatar.com\/avatar\/df0c9a14567c056f8ad6876ba5bbd1e3e2c48023eb6807342fc4663adf549f38?s=96&d=mm&r=g","url":"https:\/\/secure.gravatar.com\/avatar\/df0c9a14567c056f8ad6876ba5bbd1e3e2c48023eb6807342fc4663adf549f38?s=96&d=mm&r=g","contentUrl":"https:\/\/secure.gravatar.com\/avatar\/df0c9a14567c056f8ad6876ba5bbd1e3e2c48023eb6807342fc4663adf549f38?s=96&d=mm&r=g","caption":"Farn\u00e9sio"},"sameAs":["https:\/\/quersaberpolitica.com.br"],"url":"https:\/\/blogdofarnesio.com.br\/?author=1"}]}},"_links":{"self":[{"href":"https:\/\/blogdofarnesio.com.br\/index.php?rest_route=\/wp\/v2\/posts\/243610","targetHints":{"allow":["GET"]}}],"collection":[{"href":"https:\/\/blogdofarnesio.com.br\/index.php?rest_route=\/wp\/v2\/posts"}],"about":[{"href":"https:\/\/blogdofarnesio.com.br\/index.php?rest_route=\/wp\/v2\/types\/post"}],"author":[{"embeddable":true,"href":"https:\/\/blogdofarnesio.com.br\/index.php?rest_route=\/wp\/v2\/users\/1"}],"replies":[{"embeddable":true,"href":"https:\/\/blogdofarnesio.com.br\/index.php?rest_route=%2Fwp%2Fv2%2Fcomments&post=243610"}],"version-history":[{"count":0,"href":"https:\/\/blogdofarnesio.com.br\/index.php?rest_route=\/wp\/v2\/posts\/243610\/revisions"}],"wp:attachment":[{"href":"https:\/\/blogdofarnesio.com.br\/index.php?rest_route=%2Fwp%2Fv2%2Fmedia&parent=243610"}],"wp:term":[{"taxonomy":"category","embeddable":true,"href":"https:\/\/blogdofarnesio.com.br\/index.php?rest_route=%2Fwp%2Fv2%2Fcategories&post=243610"},{"taxonomy":"post_tag","embeddable":true,"href":"https:\/\/blogdofarnesio.com.br\/index.php?rest_route=%2Fwp%2Fv2%2Ftags&post=243610"}],"curies":[{"name":"wp","href":"https:\/\/api.w.org\/{rel}","templated":true}]}}