{"id":242619,"date":"2019-11-06T10:30:10","date_gmt":"2019-11-06T13:30:10","guid":{"rendered":"http:\/\/quersaberpolitica.com.br\/2016\/?p=242619"},"modified":"2019-11-06T10:33:34","modified_gmt":"2019-11-06T13:33:34","slug":"242619-2","status":"publish","type":"post","link":"https:\/\/blogdofarnesio.com.br\/?p=242619","title":{"rendered":"Vice-reitor da Univasf \u00e9 eleito Reitor da institui\u00e7\u00e3o para o quadri\u00eanio 2020\/2024"},"content":{"rendered":"<figure class=\"wp-block-image\"><\/figure>\n<p>Ap\u00f3s uma s\u00e9rie de debates em todos os campis da Univasf, com a participa\u00e7\u00e3o do corpo docente e discente, elei\u00e7\u00e3o ocorrida ontem, elegeu o atual vice-reitor, Telio Leite, como o novo reitor da Universidade do Vale do S\u00e3o Francisco (Univasf), para o quadri\u00eanio 2020-2024. OAp\u00f3s apura\u00e7\u00e3o do escrut\u00ednio que terminou na madrugada desta quarta-feira (6), apresentou os seguintes n\u00fameros:<\/p>\n<p><strong>56,26% CHAPA 3\u00a0<\/strong>\u2013 UNIVASF P\u00daBLICA, DEMOCR\u00c1TICA E INCLUSIVA<br \/>\nReitor:\u00a0<strong>TELIO NOBRE LEITE<\/strong><br \/>\nVice: LUCIA MARISY SOUZA RIBEIRO DE OLIVEIRA<\/p>\n<p><strong>34,76% CHAPA 2<\/strong>\u00a0\u2013 ENERGIA PARA MUDAR<br \/>\nReitor:\u00a0<strong>JORGE LUIS CAVALCANTI RAMOS<\/strong><br \/>\nVice: FERDINANDO OLIVEIRA CARVALHO<\/p>\n<p><strong>6,25% CHAPA 4\u00a0<\/strong>\u2013 AVAN\u00c7A UNIVASF<br \/>\nReitora:\u00a0<strong>VIRG\u00cdNIA DE OLIVEIRA ALVES PASSOS<\/strong><br \/>\nVice: JOS\u00c9 AM\u00c9RICO DE SOUSA MOURA<\/p>\n<p><strong>2,73% \u2013 CHAPA 1\u00a0<\/strong>\u2013 REDE IDENTIDADES<br \/>\nReitor:\u00a0<strong>LUIS ALBERTO VALOTTA<br \/>\n<\/strong>Vice: JOS\u00c9 JAIME FRETAS MACEDO<\/p>\n<p><strong>Ascom<\/strong><\/p>\n","protected":false},"excerpt":{"rendered":"<p>Ap\u00f3s uma s\u00e9rie de debates em todos os campis da Univasf, com a participa\u00e7\u00e3o do corpo docente e discente, elei\u00e7\u00e3o ocorrida ontem, elegeu o atual vice-reitor, Telio Leite, como o novo reitor da Universidade do Vale do S\u00e3o Francisco (Univasf), para o quadri\u00eanio 2020-2024. OAp\u00f3s apura\u00e7\u00e3o do escrut\u00ednio que terminou na madrugada desta quarta-feira (6), apresentou os seguintes n\u00fameros: 56,26% CHAPA 3\u00a0\u2013 UNIVASF P\u00daBLICA, DEMOCR\u00c1TICA E INCLUSIVA Reitor:\u00a0TELIO NOBRE LEITE Vice: LUCIA MARISY SOUZA RIBEIRO DE OLIVEIRA 34,76% CHAPA 2\u00a0\u2013 ENERGIA PARA MUDAR Reitor:\u00a0JORGE LUIS CAVALCANTI RAMOS Vice: FERDINANDO OLIVEIRA CARVALHO 6,25% CHAPA 4\u00a0\u2013 AVAN\u00c7A UNIVASF Reitora:\u00a0VIRG\u00cdNIA DE OLIVEIRA ALVES PASSOS Vice: JOS\u00c9 AM\u00c9RICO DE SOUSA MOURA 2,73% \u2013 CHAPA 1\u00a0\u2013 REDE IDENTIDADES Reitor:\u00a0LUIS ALBERTO VALOTTA Vice: JOS\u00c9 JAIME FRETAS&hellip; <\/p>\n","protected":false},"author":1,"featured_media":242620,"comment_status":"closed","ping_status":"closed","sticky":false,"template":"","format":"standard","meta":{"_acf_changed":false,"footnotes":""},"categories":[6],"tags":[],"class_list":["post-242619","post","type-post","status-publish","format-standard","has-post-thumbnail","hentry","category-educacao"],"acf":[],"yoast_head":"<!-- This site is optimized with the Yoast SEO plugin v27.4 - https:\/\/yoast.com\/product\/yoast-seo-wordpress\/ -->\n<title>Vice-reitor da Univasf \u00e9 eleito Reitor da institui\u00e7\u00e3o para o quadri\u00eanio 2020\/2024 - Blog do Farn\u00e9sio<\/title>\n<meta name=\"robots\" content=\"index, follow, max-snippet:-1, max-image-preview:large, max-video-preview:-1\" \/>\n<link rel=\"canonical\" href=\"https:\/\/blogdofarnesio.com.br\/?p=242619\" \/>\n<meta property=\"og:locale\" content=\"pt_BR\" \/>\n<meta property=\"og:type\" content=\"article\" \/>\n<meta property=\"og:title\" content=\"Vice-reitor da Univasf \u00e9 eleito Reitor da institui\u00e7\u00e3o para o quadri\u00eanio 2020\/2024 - Blog do Farn\u00e9sio\" \/>\n<meta property=\"og:description\" content=\"Ap\u00f3s uma s\u00e9rie de debates em todos os campis da Univasf, com a participa\u00e7\u00e3o do corpo docente e discente, elei\u00e7\u00e3o ocorrida ontem, elegeu o atual vice-reitor, Telio Leite, como o novo reitor da Universidade do Vale do S\u00e3o Francisco (Univasf), para o quadri\u00eanio 2020-2024. OAp\u00f3s apura\u00e7\u00e3o do escrut\u00ednio que terminou na madrugada desta quarta-feira (6), apresentou os seguintes n\u00fameros: 56,26% CHAPA 3\u00a0\u2013 UNIVASF P\u00daBLICA, DEMOCR\u00c1TICA E INCLUSIVA Reitor:\u00a0TELIO NOBRE LEITE Vice: LUCIA MARISY SOUZA RIBEIRO DE OLIVEIRA 34,76% CHAPA 2\u00a0\u2013 ENERGIA PARA MUDAR Reitor:\u00a0JORGE LUIS CAVALCANTI RAMOS Vice: FERDINANDO OLIVEIRA CARVALHO 6,25% CHAPA 4\u00a0\u2013 AVAN\u00c7A UNIVASF Reitora:\u00a0VIRG\u00cdNIA DE OLIVEIRA ALVES PASSOS Vice: JOS\u00c9 AM\u00c9RICO DE SOUSA MOURA 2,73% \u2013 CHAPA 1\u00a0\u2013 REDE IDENTIDADES Reitor:\u00a0LUIS ALBERTO VALOTTA Vice: JOS\u00c9 JAIME FRETAS&hellip;\" \/>\n<meta property=\"og:url\" content=\"https:\/\/blogdofarnesio.com.br\/?p=242619\" \/>\n<meta property=\"og:site_name\" content=\"Blog do Farn\u00e9sio\" \/>\n<meta property=\"article:publisher\" content=\"https:\/\/www.facebook.com\/BlogQuerSaberPolitica\/\" \/>\n<meta property=\"article:published_time\" content=\"2019-11-06T13:30:10+00:00\" \/>\n<meta property=\"article:modified_time\" content=\"2019-11-06T13:33:34+00:00\" \/>\n<meta property=\"og:image\" content=\"https:\/\/blogdofarnesio.com.br\/wp-content\/uploads\/2019\/11\/blogqspunivasf-reitor-telio-leite-nobre-Foto-Univasf-e1573046933590.jpeg\" \/>\n\t<meta property=\"og:image:width\" content=\"650\" \/>\n\t<meta property=\"og:image:height\" content=\"433\" \/>\n\t<meta property=\"og:image:type\" content=\"image\/jpeg\" \/>\n<meta name=\"author\" content=\"Farn\u00e9sio\" \/>\n<meta name=\"twitter:card\" content=\"summary_large_image\" \/>\n<meta name=\"twitter:label1\" content=\"Escrito por\" \/>\n\t<meta name=\"twitter:data1\" content=\"Farn\u00e9sio\" \/>\n\t<meta name=\"twitter:label2\" content=\"Est. tempo de leitura\" \/>\n\t<meta name=\"twitter:data2\" content=\"1 minuto\" \/>\n<script type=\"application\/ld+json\" class=\"yoast-schema-graph\">{\"@context\":\"https:\\\/\\\/schema.org\",\"@graph\":[{\"@type\":\"Article\",\"@id\":\"https:\\\/\\\/blogdofarnesio.com.br\\\/?p=242619#article\",\"isPartOf\":{\"@id\":\"https:\\\/\\\/blogdofarnesio.com.br\\\/?p=242619\"},\"author\":{\"name\":\"Farn\u00e9sio\",\"@id\":\"https:\\\/\\\/blogdofarnesio.com.br\\\/#\\\/schema\\\/person\\\/301c4acf522bccbfdb45af95b5b906a1\"},\"headline\":\"Vice-reitor da Univasf \u00e9 eleito Reitor da institui\u00e7\u00e3o para o quadri\u00eanio 2020\\\/2024\",\"datePublished\":\"2019-11-06T13:30:10+00:00\",\"dateModified\":\"2019-11-06T13:33:34+00:00\",\"mainEntityOfPage\":{\"@id\":\"https:\\\/\\\/blogdofarnesio.com.br\\\/?p=242619\"},\"wordCount\":143,\"publisher\":{\"@id\":\"https:\\\/\\\/blogdofarnesio.com.br\\\/#organization\"},\"image\":{\"@id\":\"https:\\\/\\\/blogdofarnesio.com.br\\\/?p=242619#primaryimage\"},\"thumbnailUrl\":\"https:\\\/\\\/blogdofarnesio.com.br\\\/wp-content\\\/uploads\\\/2019\\\/11\\\/blogqspunivasf-reitor-telio-leite-nobre-Foto-Univasf-e1573046933590.jpeg\",\"articleSection\":[\"Educa\u00e7\u00e3o\"],\"inLanguage\":\"pt-BR\"},{\"@type\":\"WebPage\",\"@id\":\"https:\\\/\\\/blogdofarnesio.com.br\\\/?p=242619\",\"url\":\"https:\\\/\\\/blogdofarnesio.com.br\\\/?p=242619\",\"name\":\"Vice-reitor da Univasf \u00e9 eleito Reitor da institui\u00e7\u00e3o para o quadri\u00eanio 2020\\\/2024 - Blog do Farn\u00e9sio\",\"isPartOf\":{\"@id\":\"https:\\\/\\\/blogdofarnesio.com.br\\\/#website\"},\"primaryImageOfPage\":{\"@id\":\"https:\\\/\\\/blogdofarnesio.com.br\\\/?p=242619#primaryimage\"},\"image\":{\"@id\":\"https:\\\/\\\/blogdofarnesio.com.br\\\/?p=242619#primaryimage\"},\"thumbnailUrl\":\"https:\\\/\\\/blogdofarnesio.com.br\\\/wp-content\\\/uploads\\\/2019\\\/11\\\/blogqspunivasf-reitor-telio-leite-nobre-Foto-Univasf-e1573046933590.jpeg\",\"datePublished\":\"2019-11-06T13:30:10+00:00\",\"dateModified\":\"2019-11-06T13:33:34+00:00\",\"breadcrumb\":{\"@id\":\"https:\\\/\\\/blogdofarnesio.com.br\\\/?p=242619#breadcrumb\"},\"inLanguage\":\"pt-BR\",\"potentialAction\":[{\"@type\":\"ReadAction\",\"target\":[\"https:\\\/\\\/blogdofarnesio.com.br\\\/?p=242619\"]}]},{\"@type\":\"ImageObject\",\"inLanguage\":\"pt-BR\",\"@id\":\"https:\\\/\\\/blogdofarnesio.com.br\\\/?p=242619#primaryimage\",\"url\":\"https:\\\/\\\/blogdofarnesio.com.br\\\/wp-content\\\/uploads\\\/2019\\\/11\\\/blogqspunivasf-reitor-telio-leite-nobre-Foto-Univasf-e1573046933590.jpeg\",\"contentUrl\":\"https:\\\/\\\/blogdofarnesio.com.br\\\/wp-content\\\/uploads\\\/2019\\\/11\\\/blogqspunivasf-reitor-telio-leite-nobre-Foto-Univasf-e1573046933590.jpeg\",\"width\":650,\"height\":433},{\"@type\":\"BreadcrumbList\",\"@id\":\"https:\\\/\\\/blogdofarnesio.com.br\\\/?p=242619#breadcrumb\",\"itemListElement\":[{\"@type\":\"ListItem\",\"position\":1,\"name\":\"In\u00edcio\",\"item\":\"https:\\\/\\\/blogdofarnesio.com.br\\\/\"},{\"@type\":\"ListItem\",\"position\":2,\"name\":\"Vice-reitor da Univasf \u00e9 eleito Reitor da institui\u00e7\u00e3o para o quadri\u00eanio 2020\\\/2024\"}]},{\"@type\":\"WebSite\",\"@id\":\"https:\\\/\\\/blogdofarnesio.com.br\\\/#website\",\"url\":\"https:\\\/\\\/blogdofarnesio.com.br\\\/\",\"name\":\"Blog do Farn\u00e9sio\",\"description\":\"Quer Saber Pol\u00edtica?\",\"publisher\":{\"@id\":\"https:\\\/\\\/blogdofarnesio.com.br\\\/#organization\"},\"potentialAction\":[{\"@type\":\"SearchAction\",\"target\":{\"@type\":\"EntryPoint\",\"urlTemplate\":\"https:\\\/\\\/blogdofarnesio.com.br\\\/?s={search_term_string}\"},\"query-input\":{\"@type\":\"PropertyValueSpecification\",\"valueRequired\":true,\"valueName\":\"search_term_string\"}}],\"inLanguage\":\"pt-BR\"},{\"@type\":\"Organization\",\"@id\":\"https:\\\/\\\/blogdofarnesio.com.br\\\/#organization\",\"name\":\"Blog do Farn\u00e9sio\",\"url\":\"https:\\\/\\\/blogdofarnesio.com.br\\\/\",\"logo\":{\"@type\":\"ImageObject\",\"inLanguage\":\"pt-BR\",\"@id\":\"https:\\\/\\\/blogdofarnesio.com.br\\\/#\\\/schema\\\/logo\\\/image\\\/\",\"url\":\"https:\\\/\\\/blogdofarnesio.com.br\\\/wp-content\\\/uploads\\\/2026\\\/03\\\/cropped-logo_new-1.png\",\"contentUrl\":\"https:\\\/\\\/blogdofarnesio.com.br\\\/wp-content\\\/uploads\\\/2026\\\/03\\\/cropped-logo_new-1.png\",\"width\":881,\"height\":685,\"caption\":\"Blog do Farn\u00e9sio\"},\"image\":{\"@id\":\"https:\\\/\\\/blogdofarnesio.com.br\\\/#\\\/schema\\\/logo\\\/image\\\/\"},\"sameAs\":[\"https:\\\/\\\/www.facebook.com\\\/BlogQuerSaberPolitica\\\/\"]},{\"@type\":\"Person\",\"@id\":\"https:\\\/\\\/blogdofarnesio.com.br\\\/#\\\/schema\\\/person\\\/301c4acf522bccbfdb45af95b5b906a1\",\"name\":\"Farn\u00e9sio\",\"image\":{\"@type\":\"ImageObject\",\"inLanguage\":\"pt-BR\",\"@id\":\"https:\\\/\\\/secure.gravatar.com\\\/avatar\\\/df0c9a14567c056f8ad6876ba5bbd1e3e2c48023eb6807342fc4663adf549f38?s=96&d=mm&r=g\",\"url\":\"https:\\\/\\\/secure.gravatar.com\\\/avatar\\\/df0c9a14567c056f8ad6876ba5bbd1e3e2c48023eb6807342fc4663adf549f38?s=96&d=mm&r=g\",\"contentUrl\":\"https:\\\/\\\/secure.gravatar.com\\\/avatar\\\/df0c9a14567c056f8ad6876ba5bbd1e3e2c48023eb6807342fc4663adf549f38?s=96&d=mm&r=g\",\"caption\":\"Farn\u00e9sio\"},\"sameAs\":[\"https:\\\/\\\/quersaberpolitica.com.br\"],\"url\":\"https:\\\/\\\/blogdofarnesio.com.br\\\/?author=1\"}]}<\/script>\n<!-- \/ Yoast SEO plugin. -->","yoast_head_json":{"title":"Vice-reitor da Univasf \u00e9 eleito Reitor da institui\u00e7\u00e3o para o quadri\u00eanio 2020\/2024 - Blog do Farn\u00e9sio","robots":{"index":"index","follow":"follow","max-snippet":"max-snippet:-1","max-image-preview":"max-image-preview:large","max-video-preview":"max-video-preview:-1"},"canonical":"https:\/\/blogdofarnesio.com.br\/?p=242619","og_locale":"pt_BR","og_type":"article","og_title":"Vice-reitor da Univasf \u00e9 eleito Reitor da institui\u00e7\u00e3o para o quadri\u00eanio 2020\/2024 - Blog do Farn\u00e9sio","og_description":"Ap\u00f3s uma s\u00e9rie de debates em todos os campis da Univasf, com a participa\u00e7\u00e3o do corpo docente e discente, elei\u00e7\u00e3o ocorrida ontem, elegeu o atual vice-reitor, Telio Leite, como o novo reitor da Universidade do Vale do S\u00e3o Francisco (Univasf), para o quadri\u00eanio 2020-2024. OAp\u00f3s apura\u00e7\u00e3o do escrut\u00ednio que terminou na madrugada desta quarta-feira (6), apresentou os seguintes n\u00fameros: 56,26% CHAPA 3\u00a0\u2013 UNIVASF P\u00daBLICA, DEMOCR\u00c1TICA E INCLUSIVA Reitor:\u00a0TELIO NOBRE LEITE Vice: LUCIA MARISY SOUZA RIBEIRO DE OLIVEIRA 34,76% CHAPA 2\u00a0\u2013 ENERGIA PARA MUDAR Reitor:\u00a0JORGE LUIS CAVALCANTI RAMOS Vice: FERDINANDO OLIVEIRA CARVALHO 6,25% CHAPA 4\u00a0\u2013 AVAN\u00c7A UNIVASF Reitora:\u00a0VIRG\u00cdNIA DE OLIVEIRA ALVES PASSOS Vice: JOS\u00c9 AM\u00c9RICO DE SOUSA MOURA 2,73% \u2013 CHAPA 1\u00a0\u2013 REDE IDENTIDADES Reitor:\u00a0LUIS ALBERTO VALOTTA Vice: JOS\u00c9 JAIME FRETAS&hellip;","og_url":"https:\/\/blogdofarnesio.com.br\/?p=242619","og_site_name":"Blog do Farn\u00e9sio","article_publisher":"https:\/\/www.facebook.com\/BlogQuerSaberPolitica\/","article_published_time":"2019-11-06T13:30:10+00:00","article_modified_time":"2019-11-06T13:33:34+00:00","og_image":[{"width":650,"height":433,"url":"https:\/\/blogdofarnesio.com.br\/wp-content\/uploads\/2019\/11\/blogqspunivasf-reitor-telio-leite-nobre-Foto-Univasf-e1573046933590.jpeg","type":"image\/jpeg"}],"author":"Farn\u00e9sio","twitter_card":"summary_large_image","twitter_misc":{"Escrito por":"Farn\u00e9sio","Est. tempo de leitura":"1 minuto"},"schema":{"@context":"https:\/\/schema.org","@graph":[{"@type":"Article","@id":"https:\/\/blogdofarnesio.com.br\/?p=242619#article","isPartOf":{"@id":"https:\/\/blogdofarnesio.com.br\/?p=242619"},"author":{"name":"Farn\u00e9sio","@id":"https:\/\/blogdofarnesio.com.br\/#\/schema\/person\/301c4acf522bccbfdb45af95b5b906a1"},"headline":"Vice-reitor da Univasf \u00e9 eleito Reitor da institui\u00e7\u00e3o para o quadri\u00eanio 2020\/2024","datePublished":"2019-11-06T13:30:10+00:00","dateModified":"2019-11-06T13:33:34+00:00","mainEntityOfPage":{"@id":"https:\/\/blogdofarnesio.com.br\/?p=242619"},"wordCount":143,"publisher":{"@id":"https:\/\/blogdofarnesio.com.br\/#organization"},"image":{"@id":"https:\/\/blogdofarnesio.com.br\/?p=242619#primaryimage"},"thumbnailUrl":"https:\/\/blogdofarnesio.com.br\/wp-content\/uploads\/2019\/11\/blogqspunivasf-reitor-telio-leite-nobre-Foto-Univasf-e1573046933590.jpeg","articleSection":["Educa\u00e7\u00e3o"],"inLanguage":"pt-BR"},{"@type":"WebPage","@id":"https:\/\/blogdofarnesio.com.br\/?p=242619","url":"https:\/\/blogdofarnesio.com.br\/?p=242619","name":"Vice-reitor da Univasf \u00e9 eleito Reitor da institui\u00e7\u00e3o para o quadri\u00eanio 2020\/2024 - Blog do Farn\u00e9sio","isPartOf":{"@id":"https:\/\/blogdofarnesio.com.br\/#website"},"primaryImageOfPage":{"@id":"https:\/\/blogdofarnesio.com.br\/?p=242619#primaryimage"},"image":{"@id":"https:\/\/blogdofarnesio.com.br\/?p=242619#primaryimage"},"thumbnailUrl":"https:\/\/blogdofarnesio.com.br\/wp-content\/uploads\/2019\/11\/blogqspunivasf-reitor-telio-leite-nobre-Foto-Univasf-e1573046933590.jpeg","datePublished":"2019-11-06T13:30:10+00:00","dateModified":"2019-11-06T13:33:34+00:00","breadcrumb":{"@id":"https:\/\/blogdofarnesio.com.br\/?p=242619#breadcrumb"},"inLanguage":"pt-BR","potentialAction":[{"@type":"ReadAction","target":["https:\/\/blogdofarnesio.com.br\/?p=242619"]}]},{"@type":"ImageObject","inLanguage":"pt-BR","@id":"https:\/\/blogdofarnesio.com.br\/?p=242619#primaryimage","url":"https:\/\/blogdofarnesio.com.br\/wp-content\/uploads\/2019\/11\/blogqspunivasf-reitor-telio-leite-nobre-Foto-Univasf-e1573046933590.jpeg","contentUrl":"https:\/\/blogdofarnesio.com.br\/wp-content\/uploads\/2019\/11\/blogqspunivasf-reitor-telio-leite-nobre-Foto-Univasf-e1573046933590.jpeg","width":650,"height":433},{"@type":"BreadcrumbList","@id":"https:\/\/blogdofarnesio.com.br\/?p=242619#breadcrumb","itemListElement":[{"@type":"ListItem","position":1,"name":"In\u00edcio","item":"https:\/\/blogdofarnesio.com.br\/"},{"@type":"ListItem","position":2,"name":"Vice-reitor da Univasf \u00e9 eleito Reitor da institui\u00e7\u00e3o para o quadri\u00eanio 2020\/2024"}]},{"@type":"WebSite","@id":"https:\/\/blogdofarnesio.com.br\/#website","url":"https:\/\/blogdofarnesio.com.br\/","name":"Blog do Farn\u00e9sio","description":"Quer Saber Pol\u00edtica?","publisher":{"@id":"https:\/\/blogdofarnesio.com.br\/#organization"},"potentialAction":[{"@type":"SearchAction","target":{"@type":"EntryPoint","urlTemplate":"https:\/\/blogdofarnesio.com.br\/?s={search_term_string}"},"query-input":{"@type":"PropertyValueSpecification","valueRequired":true,"valueName":"search_term_string"}}],"inLanguage":"pt-BR"},{"@type":"Organization","@id":"https:\/\/blogdofarnesio.com.br\/#organization","name":"Blog do Farn\u00e9sio","url":"https:\/\/blogdofarnesio.com.br\/","logo":{"@type":"ImageObject","inLanguage":"pt-BR","@id":"https:\/\/blogdofarnesio.com.br\/#\/schema\/logo\/image\/","url":"https:\/\/blogdofarnesio.com.br\/wp-content\/uploads\/2026\/03\/cropped-logo_new-1.png","contentUrl":"https:\/\/blogdofarnesio.com.br\/wp-content\/uploads\/2026\/03\/cropped-logo_new-1.png","width":881,"height":685,"caption":"Blog do Farn\u00e9sio"},"image":{"@id":"https:\/\/blogdofarnesio.com.br\/#\/schema\/logo\/image\/"},"sameAs":["https:\/\/www.facebook.com\/BlogQuerSaberPolitica\/"]},{"@type":"Person","@id":"https:\/\/blogdofarnesio.com.br\/#\/schema\/person\/301c4acf522bccbfdb45af95b5b906a1","name":"Farn\u00e9sio","image":{"@type":"ImageObject","inLanguage":"pt-BR","@id":"https:\/\/secure.gravatar.com\/avatar\/df0c9a14567c056f8ad6876ba5bbd1e3e2c48023eb6807342fc4663adf549f38?s=96&d=mm&r=g","url":"https:\/\/secure.gravatar.com\/avatar\/df0c9a14567c056f8ad6876ba5bbd1e3e2c48023eb6807342fc4663adf549f38?s=96&d=mm&r=g","contentUrl":"https:\/\/secure.gravatar.com\/avatar\/df0c9a14567c056f8ad6876ba5bbd1e3e2c48023eb6807342fc4663adf549f38?s=96&d=mm&r=g","caption":"Farn\u00e9sio"},"sameAs":["https:\/\/quersaberpolitica.com.br"],"url":"https:\/\/blogdofarnesio.com.br\/?author=1"}]}},"_links":{"self":[{"href":"https:\/\/blogdofarnesio.com.br\/index.php?rest_route=\/wp\/v2\/posts\/242619","targetHints":{"allow":["GET"]}}],"collection":[{"href":"https:\/\/blogdofarnesio.com.br\/index.php?rest_route=\/wp\/v2\/posts"}],"about":[{"href":"https:\/\/blogdofarnesio.com.br\/index.php?rest_route=\/wp\/v2\/types\/post"}],"author":[{"embeddable":true,"href":"https:\/\/blogdofarnesio.com.br\/index.php?rest_route=\/wp\/v2\/users\/1"}],"replies":[{"embeddable":true,"href":"https:\/\/blogdofarnesio.com.br\/index.php?rest_route=%2Fwp%2Fv2%2Fcomments&post=242619"}],"version-history":[{"count":0,"href":"https:\/\/blogdofarnesio.com.br\/index.php?rest_route=\/wp\/v2\/posts\/242619\/revisions"}],"wp:featuredmedia":[{"embeddable":true,"href":"https:\/\/blogdofarnesio.com.br\/index.php?rest_route=\/wp\/v2\/media\/242620"}],"wp:attachment":[{"href":"https:\/\/blogdofarnesio.com.br\/index.php?rest_route=%2Fwp%2Fv2%2Fmedia&parent=242619"}],"wp:term":[{"taxonomy":"category","embeddable":true,"href":"https:\/\/blogdofarnesio.com.br\/index.php?rest_route=%2Fwp%2Fv2%2Fcategories&post=242619"},{"taxonomy":"post_tag","embeddable":true,"href":"https:\/\/blogdofarnesio.com.br\/index.php?rest_route=%2Fwp%2Fv2%2Ftags&post=242619"}],"curies":[{"name":"wp","href":"https:\/\/api.w.org\/{rel}","templated":true}]}}