{"id":241210,"date":"2019-10-20T09:00:26","date_gmt":"2019-10-20T12:00:26","guid":{"rendered":"http:\/\/quersaberpolitica.com.br\/2016\/?p=241210"},"modified":"2019-10-19T16:54:02","modified_gmt":"2019-10-19T19:54:02","slug":"reuniao-da-operacao-papai-noel-define-reforco-da-seguranca-em-petrolina","status":"publish","type":"post","link":"https:\/\/blogdofarnesio.com.br\/?p=241210","title":{"rendered":"Reuni\u00e3o da &#8216;Opera\u00e7\u00e3o Papai Noel&#8217; define refor\u00e7o da seguran\u00e7a em Petrolina"},"content":{"rendered":"<p align=\"justify\">A partir do pr\u00f3ximo dia 18 de novembro, Petrolina receber\u00e1 mais uma edi\u00e7\u00e3o da Opera\u00e7\u00e3o Papai Noel, desenvolvida atrav\u00e9s de uma parceria entre o Sindicato do Com\u00e9rcio Varejista de Petrolina (Sindilojas), C\u00e2mara de Dirigentes Lojistas (CDL), pol\u00edcias Militar e Civil, Guarda Municipal e Autarquia Municipal de Mobilidade de Petrolina (AMMPLA).<\/p>\n<p align=\"justify\">O objetivo \u00e9 intensificar as a\u00e7\u00f5es de seguran\u00e7a p\u00fablica na \u00e1rea central do com\u00e9rcio no per\u00edodo das festividades de final de ano, quando naturalmente o fluxo de consumidores aumenta tanto pelas compras de Natal quanto pelo pagamento do d\u00e9cimo terceiro. A Opera\u00e7\u00e3o se estender\u00e1 at\u00e9 o dia 07 de janeiro.<\/p>\n<p align=\"justify\">Na manh\u00e3 desta sexta (18), na sala de reuni\u00e3o da CDL, representantes do com\u00e9rcio varejista e autoridades das institui\u00e7\u00f5es de seguran\u00e7a estiveram reunidos discutindo sobre os detalhes da Opera\u00e7\u00e3o, dentre eles, a log\u00edstica que ser\u00e1 utilizada. Uma das novidades nesta edi\u00e7\u00e3o \u00e9 que durante o per\u00edodo do evento, policiais dever\u00e3o orientar a popula\u00e7\u00e3o sobre o programa Alerta Celular.<\/p>\n<p align=\"justify\">\u201cNo ponto fixo que ainda ser\u00e1 determinado para a base da Opera\u00e7\u00e3o, um computador servir\u00e1 para cadastrar os telefones dos cidad\u00e3os neste programa que \u00e9 desenvolvido pela secretaria de Defesa Social de Pernambuco e \u00e9 bastante exitoso, sendo copiado, inclusive, por v\u00e1rios estados. Caso um telefone seja extraviado, roubado ou at\u00e9 mesmo perdido, a pessoa cadastrada entra no sistema, d\u00e1 o alerta e os policiais militares do BIEsp e do 5<sup>o<\/sup>\u00a0BPM poder\u00e3o localizar este aparelho em posse de meliantes\u201d, explica o comandante do Batalh\u00e3o Integrado Especializado (BIEsp), tenente coronel Andr\u00e9 Luiz.<\/p>\n<p align=\"justify\">O presidente da CDL, Manoel Vilmar, agradece \u00e0s for\u00e7as de seguran\u00e7a pela parceria e refor\u00e7a a import\u00e2ncia da Opera\u00e7\u00e3o Papai Noel. \u201cEsta a\u00e7\u00e3o \u00e9 tradicional e visa coibir o n\u00famero de assaltos e furtos durante o per\u00edodo de festas de fim de ano, em que a popula\u00e7\u00e3o transita mais pela \u00e1rea comercial com aporte de recursos. Portanto, \u00e9 preciso que sejam concentrados esfor\u00e7os no sentido de garantir mais seguran\u00e7a ao cidad\u00e3o e aos lojistas\u201d.<\/p>\n<p align=\"justify\">Durante o per\u00edodo da Opera\u00e7\u00e3o, os \u00f3rg\u00e3os de seguran\u00e7a ir\u00e3o avaliar semanalmente a Opera\u00e7\u00e3o, com o intuito de que o planejamento de efetivo e a\u00e7\u00f5es seja cada vez mais assertivo.<\/p>\n<p align=\"justify\">O presidente do Sindilojas Petrolina, Joaquim de Castro, reafirma o apoio do com\u00e9rcio varejista \u00e0 iniciativa. \u201cReconhecemos o trabalho de todos os \u00f3rg\u00e3os aqui representados, sobretudo quando sabemos os desafios que eles enfrentam na execu\u00e7\u00e3o de suas atividades di\u00e1rias. A presen\u00e7a das institui\u00e7\u00f5es de seguran\u00e7a p\u00fablica em atua\u00e7\u00e3o na \u00e1rea comercial, possibilitam uma importante sensa\u00e7\u00e3o de seguran\u00e7a para o transeunte, ao mesmo tempo que inibe a a\u00e7\u00e3o de meliantes. Desta maneira, mais uma vez, somos parceiros desta iniciativa que s\u00f3 tem agregado resultados positivos para todos n\u00f3s\u201d.<\/p>\n","protected":false},"excerpt":{"rendered":"<p>A partir do pr\u00f3ximo dia 18 de novembro, Petrolina receber\u00e1 mais uma edi\u00e7\u00e3o da Opera\u00e7\u00e3o Papai Noel, desenvolvida atrav\u00e9s de uma parceria entre o Sindicato do Com\u00e9rcio Varejista de Petrolina (Sindilojas), C\u00e2mara de Dirigentes Lojistas (CDL), pol\u00edcias Militar e Civil, Guarda Municipal e Autarquia Municipal de Mobilidade de Petrolina (AMMPLA). O objetivo \u00e9 intensificar as a\u00e7\u00f5es de seguran\u00e7a p\u00fablica na \u00e1rea central do com\u00e9rcio no per\u00edodo das festividades de final de ano, quando naturalmente o fluxo de consumidores aumenta tanto pelas compras de Natal quanto pelo pagamento do d\u00e9cimo terceiro. A Opera\u00e7\u00e3o se estender\u00e1 at\u00e9 o dia 07 de janeiro. Na manh\u00e3 desta sexta (18), na sala de reuni\u00e3o da CDL, representantes do com\u00e9rcio varejista e autoridades das institui\u00e7\u00f5es de&hellip; <\/p>\n","protected":false},"author":1,"featured_media":241211,"comment_status":"closed","ping_status":"closed","sticky":false,"template":"","format":"standard","meta":{"_acf_changed":false,"footnotes":""},"categories":[44],"tags":[],"class_list":["post-241210","post","type-post","status-publish","format-standard","has-post-thumbnail","hentry","category-administracao"],"acf":[],"yoast_head":"<!-- This site is optimized with the Yoast SEO plugin v27.4 - https:\/\/yoast.com\/product\/yoast-seo-wordpress\/ -->\n<title>Reuni\u00e3o da &#039;Opera\u00e7\u00e3o Papai Noel&#039; define refor\u00e7o da seguran\u00e7a em Petrolina - Blog do Farn\u00e9sio<\/title>\n<meta name=\"robots\" content=\"index, follow, max-snippet:-1, max-image-preview:large, max-video-preview:-1\" \/>\n<link rel=\"canonical\" href=\"https:\/\/blogdofarnesio.com.br\/?p=241210\" \/>\n<meta property=\"og:locale\" content=\"pt_BR\" \/>\n<meta property=\"og:type\" content=\"article\" \/>\n<meta property=\"og:title\" content=\"Reuni\u00e3o da &#039;Opera\u00e7\u00e3o Papai Noel&#039; define refor\u00e7o da seguran\u00e7a em Petrolina - Blog do Farn\u00e9sio\" \/>\n<meta property=\"og:description\" content=\"A partir do pr\u00f3ximo dia 18 de novembro, Petrolina receber\u00e1 mais uma edi\u00e7\u00e3o da Opera\u00e7\u00e3o Papai Noel, desenvolvida atrav\u00e9s de uma parceria entre o Sindicato do Com\u00e9rcio Varejista de Petrolina (Sindilojas), C\u00e2mara de Dirigentes Lojistas (CDL), pol\u00edcias Militar e Civil, Guarda Municipal e Autarquia Municipal de Mobilidade de Petrolina (AMMPLA). O objetivo \u00e9 intensificar as a\u00e7\u00f5es de seguran\u00e7a p\u00fablica na \u00e1rea central do com\u00e9rcio no per\u00edodo das festividades de final de ano, quando naturalmente o fluxo de consumidores aumenta tanto pelas compras de Natal quanto pelo pagamento do d\u00e9cimo terceiro. A Opera\u00e7\u00e3o se estender\u00e1 at\u00e9 o dia 07 de janeiro. Na manh\u00e3 desta sexta (18), na sala de reuni\u00e3o da CDL, representantes do com\u00e9rcio varejista e autoridades das institui\u00e7\u00f5es de&hellip;\" \/>\n<meta property=\"og:url\" content=\"https:\/\/blogdofarnesio.com.br\/?p=241210\" \/>\n<meta property=\"og:site_name\" content=\"Blog do Farn\u00e9sio\" \/>\n<meta property=\"article:publisher\" content=\"https:\/\/www.facebook.com\/BlogQuerSaberPolitica\/\" \/>\n<meta property=\"article:published_time\" content=\"2019-10-20T12:00:26+00:00\" \/>\n<meta property=\"og:image\" content=\"https:\/\/blogdofarnesio.com.br\/wp-content\/uploads\/2019\/10\/blogqsp-papai-noel-2.jpg\" \/>\n\t<meta property=\"og:image:width\" content=\"640\" \/>\n\t<meta property=\"og:image:height\" content=\"480\" \/>\n\t<meta property=\"og:image:type\" content=\"image\/jpeg\" \/>\n<meta name=\"author\" content=\"Farn\u00e9sio\" \/>\n<meta name=\"twitter:card\" content=\"summary_large_image\" \/>\n<meta name=\"twitter:label1\" content=\"Escrito por\" \/>\n\t<meta name=\"twitter:data1\" content=\"Farn\u00e9sio\" \/>\n\t<meta name=\"twitter:label2\" content=\"Est. tempo de leitura\" \/>\n\t<meta name=\"twitter:data2\" content=\"2 minutos\" \/>\n<script type=\"application\/ld+json\" class=\"yoast-schema-graph\">{\"@context\":\"https:\\\/\\\/schema.org\",\"@graph\":[{\"@type\":\"Article\",\"@id\":\"https:\\\/\\\/blogdofarnesio.com.br\\\/?p=241210#article\",\"isPartOf\":{\"@id\":\"https:\\\/\\\/blogdofarnesio.com.br\\\/?p=241210\"},\"author\":{\"name\":\"Farn\u00e9sio\",\"@id\":\"https:\\\/\\\/blogdofarnesio.com.br\\\/#\\\/schema\\\/person\\\/301c4acf522bccbfdb45af95b5b906a1\"},\"headline\":\"Reuni\u00e3o da &#8216;Opera\u00e7\u00e3o Papai Noel&#8217; define refor\u00e7o da seguran\u00e7a em Petrolina\",\"datePublished\":\"2019-10-20T12:00:26+00:00\",\"mainEntityOfPage\":{\"@id\":\"https:\\\/\\\/blogdofarnesio.com.br\\\/?p=241210\"},\"wordCount\":507,\"publisher\":{\"@id\":\"https:\\\/\\\/blogdofarnesio.com.br\\\/#organization\"},\"image\":{\"@id\":\"https:\\\/\\\/blogdofarnesio.com.br\\\/?p=241210#primaryimage\"},\"thumbnailUrl\":\"https:\\\/\\\/blogdofarnesio.com.br\\\/wp-content\\\/uploads\\\/2019\\\/10\\\/blogqsp-papai-noel-2.jpg\",\"articleSection\":[\"Administra\u00e7\u00e3o\"],\"inLanguage\":\"pt-BR\"},{\"@type\":\"WebPage\",\"@id\":\"https:\\\/\\\/blogdofarnesio.com.br\\\/?p=241210\",\"url\":\"https:\\\/\\\/blogdofarnesio.com.br\\\/?p=241210\",\"name\":\"Reuni\u00e3o da 'Opera\u00e7\u00e3o Papai Noel' define refor\u00e7o da seguran\u00e7a em Petrolina - Blog do Farn\u00e9sio\",\"isPartOf\":{\"@id\":\"https:\\\/\\\/blogdofarnesio.com.br\\\/#website\"},\"primaryImageOfPage\":{\"@id\":\"https:\\\/\\\/blogdofarnesio.com.br\\\/?p=241210#primaryimage\"},\"image\":{\"@id\":\"https:\\\/\\\/blogdofarnesio.com.br\\\/?p=241210#primaryimage\"},\"thumbnailUrl\":\"https:\\\/\\\/blogdofarnesio.com.br\\\/wp-content\\\/uploads\\\/2019\\\/10\\\/blogqsp-papai-noel-2.jpg\",\"datePublished\":\"2019-10-20T12:00:26+00:00\",\"breadcrumb\":{\"@id\":\"https:\\\/\\\/blogdofarnesio.com.br\\\/?p=241210#breadcrumb\"},\"inLanguage\":\"pt-BR\",\"potentialAction\":[{\"@type\":\"ReadAction\",\"target\":[\"https:\\\/\\\/blogdofarnesio.com.br\\\/?p=241210\"]}]},{\"@type\":\"ImageObject\",\"inLanguage\":\"pt-BR\",\"@id\":\"https:\\\/\\\/blogdofarnesio.com.br\\\/?p=241210#primaryimage\",\"url\":\"https:\\\/\\\/blogdofarnesio.com.br\\\/wp-content\\\/uploads\\\/2019\\\/10\\\/blogqsp-papai-noel-2.jpg\",\"contentUrl\":\"https:\\\/\\\/blogdofarnesio.com.br\\\/wp-content\\\/uploads\\\/2019\\\/10\\\/blogqsp-papai-noel-2.jpg\",\"width\":640,\"height\":480},{\"@type\":\"BreadcrumbList\",\"@id\":\"https:\\\/\\\/blogdofarnesio.com.br\\\/?p=241210#breadcrumb\",\"itemListElement\":[{\"@type\":\"ListItem\",\"position\":1,\"name\":\"In\u00edcio\",\"item\":\"https:\\\/\\\/blogdofarnesio.com.br\\\/\"},{\"@type\":\"ListItem\",\"position\":2,\"name\":\"Reuni\u00e3o da &#8216;Opera\u00e7\u00e3o Papai Noel&#8217; define refor\u00e7o da seguran\u00e7a em Petrolina\"}]},{\"@type\":\"WebSite\",\"@id\":\"https:\\\/\\\/blogdofarnesio.com.br\\\/#website\",\"url\":\"https:\\\/\\\/blogdofarnesio.com.br\\\/\",\"name\":\"Blog do Farn\u00e9sio\",\"description\":\"Quer Saber Pol\u00edtica?\",\"publisher\":{\"@id\":\"https:\\\/\\\/blogdofarnesio.com.br\\\/#organization\"},\"potentialAction\":[{\"@type\":\"SearchAction\",\"target\":{\"@type\":\"EntryPoint\",\"urlTemplate\":\"https:\\\/\\\/blogdofarnesio.com.br\\\/?s={search_term_string}\"},\"query-input\":{\"@type\":\"PropertyValueSpecification\",\"valueRequired\":true,\"valueName\":\"search_term_string\"}}],\"inLanguage\":\"pt-BR\"},{\"@type\":\"Organization\",\"@id\":\"https:\\\/\\\/blogdofarnesio.com.br\\\/#organization\",\"name\":\"Blog do Farn\u00e9sio\",\"url\":\"https:\\\/\\\/blogdofarnesio.com.br\\\/\",\"logo\":{\"@type\":\"ImageObject\",\"inLanguage\":\"pt-BR\",\"@id\":\"https:\\\/\\\/blogdofarnesio.com.br\\\/#\\\/schema\\\/logo\\\/image\\\/\",\"url\":\"https:\\\/\\\/blogdofarnesio.com.br\\\/wp-content\\\/uploads\\\/2026\\\/03\\\/cropped-logo_new-1.png\",\"contentUrl\":\"https:\\\/\\\/blogdofarnesio.com.br\\\/wp-content\\\/uploads\\\/2026\\\/03\\\/cropped-logo_new-1.png\",\"width\":881,\"height\":685,\"caption\":\"Blog do Farn\u00e9sio\"},\"image\":{\"@id\":\"https:\\\/\\\/blogdofarnesio.com.br\\\/#\\\/schema\\\/logo\\\/image\\\/\"},\"sameAs\":[\"https:\\\/\\\/www.facebook.com\\\/BlogQuerSaberPolitica\\\/\"]},{\"@type\":\"Person\",\"@id\":\"https:\\\/\\\/blogdofarnesio.com.br\\\/#\\\/schema\\\/person\\\/301c4acf522bccbfdb45af95b5b906a1\",\"name\":\"Farn\u00e9sio\",\"image\":{\"@type\":\"ImageObject\",\"inLanguage\":\"pt-BR\",\"@id\":\"https:\\\/\\\/secure.gravatar.com\\\/avatar\\\/df0c9a14567c056f8ad6876ba5bbd1e3e2c48023eb6807342fc4663adf549f38?s=96&d=mm&r=g\",\"url\":\"https:\\\/\\\/secure.gravatar.com\\\/avatar\\\/df0c9a14567c056f8ad6876ba5bbd1e3e2c48023eb6807342fc4663adf549f38?s=96&d=mm&r=g\",\"contentUrl\":\"https:\\\/\\\/secure.gravatar.com\\\/avatar\\\/df0c9a14567c056f8ad6876ba5bbd1e3e2c48023eb6807342fc4663adf549f38?s=96&d=mm&r=g\",\"caption\":\"Farn\u00e9sio\"},\"sameAs\":[\"https:\\\/\\\/quersaberpolitica.com.br\"],\"url\":\"https:\\\/\\\/blogdofarnesio.com.br\\\/?author=1\"}]}<\/script>\n<!-- \/ Yoast SEO plugin. -->","yoast_head_json":{"title":"Reuni\u00e3o da 'Opera\u00e7\u00e3o Papai Noel' define refor\u00e7o da seguran\u00e7a em Petrolina - Blog do Farn\u00e9sio","robots":{"index":"index","follow":"follow","max-snippet":"max-snippet:-1","max-image-preview":"max-image-preview:large","max-video-preview":"max-video-preview:-1"},"canonical":"https:\/\/blogdofarnesio.com.br\/?p=241210","og_locale":"pt_BR","og_type":"article","og_title":"Reuni\u00e3o da 'Opera\u00e7\u00e3o Papai Noel' define refor\u00e7o da seguran\u00e7a em Petrolina - Blog do Farn\u00e9sio","og_description":"A partir do pr\u00f3ximo dia 18 de novembro, Petrolina receber\u00e1 mais uma edi\u00e7\u00e3o da Opera\u00e7\u00e3o Papai Noel, desenvolvida atrav\u00e9s de uma parceria entre o Sindicato do Com\u00e9rcio Varejista de Petrolina (Sindilojas), C\u00e2mara de Dirigentes Lojistas (CDL), pol\u00edcias Militar e Civil, Guarda Municipal e Autarquia Municipal de Mobilidade de Petrolina (AMMPLA). O objetivo \u00e9 intensificar as a\u00e7\u00f5es de seguran\u00e7a p\u00fablica na \u00e1rea central do com\u00e9rcio no per\u00edodo das festividades de final de ano, quando naturalmente o fluxo de consumidores aumenta tanto pelas compras de Natal quanto pelo pagamento do d\u00e9cimo terceiro. A Opera\u00e7\u00e3o se estender\u00e1 at\u00e9 o dia 07 de janeiro. Na manh\u00e3 desta sexta (18), na sala de reuni\u00e3o da CDL, representantes do com\u00e9rcio varejista e autoridades das institui\u00e7\u00f5es de&hellip;","og_url":"https:\/\/blogdofarnesio.com.br\/?p=241210","og_site_name":"Blog do Farn\u00e9sio","article_publisher":"https:\/\/www.facebook.com\/BlogQuerSaberPolitica\/","article_published_time":"2019-10-20T12:00:26+00:00","og_image":[{"width":640,"height":480,"url":"https:\/\/blogdofarnesio.com.br\/wp-content\/uploads\/2019\/10\/blogqsp-papai-noel-2.jpg","type":"image\/jpeg"}],"author":"Farn\u00e9sio","twitter_card":"summary_large_image","twitter_misc":{"Escrito por":"Farn\u00e9sio","Est. tempo de leitura":"2 minutos"},"schema":{"@context":"https:\/\/schema.org","@graph":[{"@type":"Article","@id":"https:\/\/blogdofarnesio.com.br\/?p=241210#article","isPartOf":{"@id":"https:\/\/blogdofarnesio.com.br\/?p=241210"},"author":{"name":"Farn\u00e9sio","@id":"https:\/\/blogdofarnesio.com.br\/#\/schema\/person\/301c4acf522bccbfdb45af95b5b906a1"},"headline":"Reuni\u00e3o da &#8216;Opera\u00e7\u00e3o Papai Noel&#8217; define refor\u00e7o da seguran\u00e7a em Petrolina","datePublished":"2019-10-20T12:00:26+00:00","mainEntityOfPage":{"@id":"https:\/\/blogdofarnesio.com.br\/?p=241210"},"wordCount":507,"publisher":{"@id":"https:\/\/blogdofarnesio.com.br\/#organization"},"image":{"@id":"https:\/\/blogdofarnesio.com.br\/?p=241210#primaryimage"},"thumbnailUrl":"https:\/\/blogdofarnesio.com.br\/wp-content\/uploads\/2019\/10\/blogqsp-papai-noel-2.jpg","articleSection":["Administra\u00e7\u00e3o"],"inLanguage":"pt-BR"},{"@type":"WebPage","@id":"https:\/\/blogdofarnesio.com.br\/?p=241210","url":"https:\/\/blogdofarnesio.com.br\/?p=241210","name":"Reuni\u00e3o da 'Opera\u00e7\u00e3o Papai Noel' define refor\u00e7o da seguran\u00e7a em Petrolina - Blog do Farn\u00e9sio","isPartOf":{"@id":"https:\/\/blogdofarnesio.com.br\/#website"},"primaryImageOfPage":{"@id":"https:\/\/blogdofarnesio.com.br\/?p=241210#primaryimage"},"image":{"@id":"https:\/\/blogdofarnesio.com.br\/?p=241210#primaryimage"},"thumbnailUrl":"https:\/\/blogdofarnesio.com.br\/wp-content\/uploads\/2019\/10\/blogqsp-papai-noel-2.jpg","datePublished":"2019-10-20T12:00:26+00:00","breadcrumb":{"@id":"https:\/\/blogdofarnesio.com.br\/?p=241210#breadcrumb"},"inLanguage":"pt-BR","potentialAction":[{"@type":"ReadAction","target":["https:\/\/blogdofarnesio.com.br\/?p=241210"]}]},{"@type":"ImageObject","inLanguage":"pt-BR","@id":"https:\/\/blogdofarnesio.com.br\/?p=241210#primaryimage","url":"https:\/\/blogdofarnesio.com.br\/wp-content\/uploads\/2019\/10\/blogqsp-papai-noel-2.jpg","contentUrl":"https:\/\/blogdofarnesio.com.br\/wp-content\/uploads\/2019\/10\/blogqsp-papai-noel-2.jpg","width":640,"height":480},{"@type":"BreadcrumbList","@id":"https:\/\/blogdofarnesio.com.br\/?p=241210#breadcrumb","itemListElement":[{"@type":"ListItem","position":1,"name":"In\u00edcio","item":"https:\/\/blogdofarnesio.com.br\/"},{"@type":"ListItem","position":2,"name":"Reuni\u00e3o da &#8216;Opera\u00e7\u00e3o Papai Noel&#8217; define refor\u00e7o da seguran\u00e7a em Petrolina"}]},{"@type":"WebSite","@id":"https:\/\/blogdofarnesio.com.br\/#website","url":"https:\/\/blogdofarnesio.com.br\/","name":"Blog do Farn\u00e9sio","description":"Quer Saber Pol\u00edtica?","publisher":{"@id":"https:\/\/blogdofarnesio.com.br\/#organization"},"potentialAction":[{"@type":"SearchAction","target":{"@type":"EntryPoint","urlTemplate":"https:\/\/blogdofarnesio.com.br\/?s={search_term_string}"},"query-input":{"@type":"PropertyValueSpecification","valueRequired":true,"valueName":"search_term_string"}}],"inLanguage":"pt-BR"},{"@type":"Organization","@id":"https:\/\/blogdofarnesio.com.br\/#organization","name":"Blog do Farn\u00e9sio","url":"https:\/\/blogdofarnesio.com.br\/","logo":{"@type":"ImageObject","inLanguage":"pt-BR","@id":"https:\/\/blogdofarnesio.com.br\/#\/schema\/logo\/image\/","url":"https:\/\/blogdofarnesio.com.br\/wp-content\/uploads\/2026\/03\/cropped-logo_new-1.png","contentUrl":"https:\/\/blogdofarnesio.com.br\/wp-content\/uploads\/2026\/03\/cropped-logo_new-1.png","width":881,"height":685,"caption":"Blog do Farn\u00e9sio"},"image":{"@id":"https:\/\/blogdofarnesio.com.br\/#\/schema\/logo\/image\/"},"sameAs":["https:\/\/www.facebook.com\/BlogQuerSaberPolitica\/"]},{"@type":"Person","@id":"https:\/\/blogdofarnesio.com.br\/#\/schema\/person\/301c4acf522bccbfdb45af95b5b906a1","name":"Farn\u00e9sio","image":{"@type":"ImageObject","inLanguage":"pt-BR","@id":"https:\/\/secure.gravatar.com\/avatar\/df0c9a14567c056f8ad6876ba5bbd1e3e2c48023eb6807342fc4663adf549f38?s=96&d=mm&r=g","url":"https:\/\/secure.gravatar.com\/avatar\/df0c9a14567c056f8ad6876ba5bbd1e3e2c48023eb6807342fc4663adf549f38?s=96&d=mm&r=g","contentUrl":"https:\/\/secure.gravatar.com\/avatar\/df0c9a14567c056f8ad6876ba5bbd1e3e2c48023eb6807342fc4663adf549f38?s=96&d=mm&r=g","caption":"Farn\u00e9sio"},"sameAs":["https:\/\/quersaberpolitica.com.br"],"url":"https:\/\/blogdofarnesio.com.br\/?author=1"}]}},"_links":{"self":[{"href":"https:\/\/blogdofarnesio.com.br\/index.php?rest_route=\/wp\/v2\/posts\/241210","targetHints":{"allow":["GET"]}}],"collection":[{"href":"https:\/\/blogdofarnesio.com.br\/index.php?rest_route=\/wp\/v2\/posts"}],"about":[{"href":"https:\/\/blogdofarnesio.com.br\/index.php?rest_route=\/wp\/v2\/types\/post"}],"author":[{"embeddable":true,"href":"https:\/\/blogdofarnesio.com.br\/index.php?rest_route=\/wp\/v2\/users\/1"}],"replies":[{"embeddable":true,"href":"https:\/\/blogdofarnesio.com.br\/index.php?rest_route=%2Fwp%2Fv2%2Fcomments&post=241210"}],"version-history":[{"count":0,"href":"https:\/\/blogdofarnesio.com.br\/index.php?rest_route=\/wp\/v2\/posts\/241210\/revisions"}],"wp:featuredmedia":[{"embeddable":true,"href":"https:\/\/blogdofarnesio.com.br\/index.php?rest_route=\/wp\/v2\/media\/241211"}],"wp:attachment":[{"href":"https:\/\/blogdofarnesio.com.br\/index.php?rest_route=%2Fwp%2Fv2%2Fmedia&parent=241210"}],"wp:term":[{"taxonomy":"category","embeddable":true,"href":"https:\/\/blogdofarnesio.com.br\/index.php?rest_route=%2Fwp%2Fv2%2Fcategories&post=241210"},{"taxonomy":"post_tag","embeddable":true,"href":"https:\/\/blogdofarnesio.com.br\/index.php?rest_route=%2Fwp%2Fv2%2Ftags&post=241210"}],"curies":[{"name":"wp","href":"https:\/\/api.w.org\/{rel}","templated":true}]}}