{"id":239264,"date":"2019-09-26T09:00:31","date_gmt":"2019-09-26T12:00:31","guid":{"rendered":"http:\/\/quersaberpolitica.com.br\/2016\/?p=239264"},"modified":"2019-09-25T19:38:55","modified_gmt":"2019-09-25T22:38:55","slug":"ainda-sem-legenda-definida-advogado-de-juazeiro-pavimenta-pre-candidatura-a-prefeito","status":"publish","type":"post","link":"https:\/\/blogdofarnesio.com.br\/2019\/09\/ainda-sem-legenda-definida-advogado-de-juazeiro-pavimenta-pre-candidatura-a-prefeito\/","title":{"rendered":"AINDA SEM LEGENDA DEFINIDA, ADVOGADO DE JUAZEIRO PAVIMENTA PR\u00c9-CANDIDATURA A PREFEITO"},"content":{"rendered":"<p>O advogado Kalber Fernandes em entrevista ao programa <strong><em>Bastidores da Cidade<\/em><\/strong> falou sobre os planos para as elei\u00e7\u00f5es de 2020 em Juazeiro e anunciou que ser\u00e1 pr\u00e9-candidato \u00e0 prefeitura do munic\u00edpio. Kalber \u00e9 advogado empresarial, foi presidente do PDT de Juazeiro, vice-presidente da OAB do Estado do Rio de Janeiro por Nova Igua\u00e7u e presidente do Centro Acad\u00eamico Universit\u00e1rio.<\/p>\n<p>O pr\u00e9- candidato disse ter ouvido e observando os reclames sobre a situa\u00e7\u00e3o em que o munic\u00edpio se encontra, chegando \u00e0 conclus\u00e3o de que a cidade precisa de um gestor comprometido com a popula\u00e7\u00e3o, que trabalhe para o desenvolvimento social em todas as \u00e1reas.<\/p>\n<p>Sobre o partido, ele explicou. \u201cJ\u00e1 estamos analisando alguns partidos e inclusive j\u00e1 tem deputados que est\u00e1 nos ajudando, a exemplo, do PTC \u2013 mais a nossa ideologia \u00e9 mudan\u00e7a e iremos buscar partidos que nos der bases parlamentares de emendas e recursos para a cidade e infelizmente este partido n\u00e3o condiz com nossa ideologia\u201d.<\/p>\n<p>Por outro lado, ele listou algumas prioridades de suas propostas. \u201cIremos trazer novas formas atrativas para que os estudantes participem de eventos de cultura, al\u00e9m disso, dar oportunidade aos jovens que est\u00e3o entrando no mercado de trabalho e investir tamb\u00e9m na agricultura familiar, pois precisam de linhas de cr\u00e9ditos e serem bem\u00a0 atendidas. \u00c9 preciso trazer o brilho para a popula\u00e7\u00e3o. Temos que ter cuidado com o dinheiro p\u00fablico e deixar de gastar indevidamente os investimentos. Juazeiro n\u00e3o pode ficar pra baixo\u201d.<\/p>\n<p>Kalber disse ainda que a sua inten\u00e7\u00e3o de disputar a prefeitura da maior cidade do norte baiano \u00e9 tamb\u00e9m renovar o quadro pol\u00edtico da cidade, permitindo op\u00e7\u00f5es ao eleitorado juazeirense.\u201d \u201cA popula\u00e7\u00e3o tem que ficar atentas a todas propostas dos candidatos que ir\u00e3o surgir at\u00e9 as elei\u00e7\u00f5es. Precisamos oxigenar a pol\u00edtica com novas ideias e que possam elevar a pol\u00edtica de Juazeiro\u201d, concluiu.<\/p>\n<p><em><strong>Da Reda\u00e7\u00e3o-BlogQSP<\/strong><\/em><\/p>\n","protected":false},"excerpt":{"rendered":"<p>O advogado Kalber Fernandes em entrevista ao programa Bastidores da Cidade falou sobre os planos para as elei\u00e7\u00f5es de 2020 em Juazeiro e anunciou que ser\u00e1 pr\u00e9-candidato \u00e0 prefeitura do munic\u00edpio. Kalber \u00e9 advogado empresarial, foi presidente do PDT de Juazeiro, vice-presidente da OAB do Estado do Rio de Janeiro por Nova Igua\u00e7u e presidente do Centro Acad\u00eamico Universit\u00e1rio. O pr\u00e9- candidato disse ter ouvido e observando os reclames sobre a situa\u00e7\u00e3o em que o munic\u00edpio se encontra, chegando \u00e0 conclus\u00e3o de que a cidade precisa de um gestor comprometido com a popula\u00e7\u00e3o, que trabalhe para o desenvolvimento social em todas as \u00e1reas. Sobre o partido, ele explicou. \u201cJ\u00e1 estamos analisando alguns partidos e inclusive j\u00e1 tem deputados que est\u00e1&hellip; <\/p>\n","protected":false},"author":1,"featured_media":234835,"comment_status":"closed","ping_status":"closed","sticky":false,"template":"","format":"standard","meta":{"_acf_changed":false,"footnotes":""},"categories":[1],"tags":[],"class_list":["post-239264","post","type-post","status-publish","format-standard","has-post-thumbnail","hentry","category-politica"],"acf":[],"yoast_head":"<!-- This site is optimized with the Yoast SEO plugin v27.5 - https:\/\/yoast.com\/product\/yoast-seo-wordpress\/ -->\n<title>AINDA SEM LEGENDA DEFINIDA, ADVOGADO DE JUAZEIRO PAVIMENTA PR\u00c9-CANDIDATURA A PREFEITO - Blog do Farn\u00e9sio<\/title>\n<meta name=\"robots\" content=\"index, follow, max-snippet:-1, max-image-preview:large, max-video-preview:-1\" \/>\n<link rel=\"canonical\" href=\"https:\/\/blogdofarnesio.com.br\/2019\/09\/ainda-sem-legenda-definida-advogado-de-juazeiro-pavimenta-pre-candidatura-a-prefeito\/\" \/>\n<meta property=\"og:locale\" content=\"pt_BR\" \/>\n<meta property=\"og:type\" content=\"article\" \/>\n<meta property=\"og:title\" content=\"AINDA SEM LEGENDA DEFINIDA, ADVOGADO DE JUAZEIRO PAVIMENTA PR\u00c9-CANDIDATURA A PREFEITO - Blog do Farn\u00e9sio\" \/>\n<meta property=\"og:description\" content=\"O advogado Kalber Fernandes em entrevista ao programa Bastidores da Cidade falou sobre os planos para as elei\u00e7\u00f5es de 2020 em Juazeiro e anunciou que ser\u00e1 pr\u00e9-candidato \u00e0 prefeitura do munic\u00edpio. Kalber \u00e9 advogado empresarial, foi presidente do PDT de Juazeiro, vice-presidente da OAB do Estado do Rio de Janeiro por Nova Igua\u00e7u e presidente do Centro Acad\u00eamico Universit\u00e1rio. O pr\u00e9- candidato disse ter ouvido e observando os reclames sobre a situa\u00e7\u00e3o em que o munic\u00edpio se encontra, chegando \u00e0 conclus\u00e3o de que a cidade precisa de um gestor comprometido com a popula\u00e7\u00e3o, que trabalhe para o desenvolvimento social em todas as \u00e1reas. Sobre o partido, ele explicou. \u201cJ\u00e1 estamos analisando alguns partidos e inclusive j\u00e1 tem deputados que est\u00e1&hellip;\" \/>\n<meta property=\"og:url\" content=\"https:\/\/blogdofarnesio.com.br\/2019\/09\/ainda-sem-legenda-definida-advogado-de-juazeiro-pavimenta-pre-candidatura-a-prefeito\/\" \/>\n<meta property=\"og:site_name\" content=\"Blog do Farn\u00e9sio\" \/>\n<meta property=\"article:publisher\" content=\"https:\/\/www.facebook.com\/BlogQuerSaberPolitica\/\" \/>\n<meta property=\"article:published_time\" content=\"2019-09-26T12:00:31+00:00\" \/>\n<meta property=\"og:image\" content=\"https:\/\/blogdofarnesio.com.br\/wp-content\/uploads\/2019\/08\/blogqspkalber-fernandes1.jpg\" \/>\n\t<meta property=\"og:image:width\" content=\"624\" \/>\n\t<meta property=\"og:image:height\" content=\"397\" \/>\n\t<meta property=\"og:image:type\" content=\"image\/jpeg\" \/>\n<meta name=\"author\" content=\"Farn\u00e9sio\" \/>\n<meta name=\"twitter:card\" content=\"summary_large_image\" \/>\n<meta name=\"twitter:label1\" content=\"Escrito por\" \/>\n\t<meta name=\"twitter:data1\" content=\"Farn\u00e9sio\" \/>\n\t<meta name=\"twitter:label2\" content=\"Est. tempo de leitura\" \/>\n\t<meta name=\"twitter:data2\" content=\"2 minutos\" \/>\n<script type=\"application\/ld+json\" class=\"yoast-schema-graph\">{\"@context\":\"https:\\\/\\\/schema.org\",\"@graph\":[{\"@type\":\"Article\",\"@id\":\"https:\\\/\\\/blogdofarnesio.com.br\\\/2019\\\/09\\\/ainda-sem-legenda-definida-advogado-de-juazeiro-pavimenta-pre-candidatura-a-prefeito\\\/#article\",\"isPartOf\":{\"@id\":\"https:\\\/\\\/blogdofarnesio.com.br\\\/2019\\\/09\\\/ainda-sem-legenda-definida-advogado-de-juazeiro-pavimenta-pre-candidatura-a-prefeito\\\/\"},\"author\":{\"name\":\"Farn\u00e9sio\",\"@id\":\"https:\\\/\\\/blogdofarnesio.com.br\\\/#\\\/schema\\\/person\\\/301c4acf522bccbfdb45af95b5b906a1\"},\"headline\":\"AINDA SEM LEGENDA DEFINIDA, ADVOGADO DE JUAZEIRO PAVIMENTA PR\u00c9-CANDIDATURA A PREFEITO\",\"datePublished\":\"2019-09-26T12:00:31+00:00\",\"mainEntityOfPage\":{\"@id\":\"https:\\\/\\\/blogdofarnesio.com.br\\\/2019\\\/09\\\/ainda-sem-legenda-definida-advogado-de-juazeiro-pavimenta-pre-candidatura-a-prefeito\\\/\"},\"wordCount\":339,\"publisher\":{\"@id\":\"https:\\\/\\\/blogdofarnesio.com.br\\\/#organization\"},\"image\":{\"@id\":\"https:\\\/\\\/blogdofarnesio.com.br\\\/2019\\\/09\\\/ainda-sem-legenda-definida-advogado-de-juazeiro-pavimenta-pre-candidatura-a-prefeito\\\/#primaryimage\"},\"thumbnailUrl\":\"https:\\\/\\\/blogdofarnesio.com.br\\\/wp-content\\\/uploads\\\/2019\\\/08\\\/blogqspkalber-fernandes1.jpg\",\"articleSection\":[\"Pol\u00edtica\"],\"inLanguage\":\"pt-BR\"},{\"@type\":\"WebPage\",\"@id\":\"https:\\\/\\\/blogdofarnesio.com.br\\\/2019\\\/09\\\/ainda-sem-legenda-definida-advogado-de-juazeiro-pavimenta-pre-candidatura-a-prefeito\\\/\",\"url\":\"https:\\\/\\\/blogdofarnesio.com.br\\\/2019\\\/09\\\/ainda-sem-legenda-definida-advogado-de-juazeiro-pavimenta-pre-candidatura-a-prefeito\\\/\",\"name\":\"AINDA SEM LEGENDA DEFINIDA, ADVOGADO DE JUAZEIRO PAVIMENTA PR\u00c9-CANDIDATURA A PREFEITO - Blog do Farn\u00e9sio\",\"isPartOf\":{\"@id\":\"https:\\\/\\\/blogdofarnesio.com.br\\\/#website\"},\"primaryImageOfPage\":{\"@id\":\"https:\\\/\\\/blogdofarnesio.com.br\\\/2019\\\/09\\\/ainda-sem-legenda-definida-advogado-de-juazeiro-pavimenta-pre-candidatura-a-prefeito\\\/#primaryimage\"},\"image\":{\"@id\":\"https:\\\/\\\/blogdofarnesio.com.br\\\/2019\\\/09\\\/ainda-sem-legenda-definida-advogado-de-juazeiro-pavimenta-pre-candidatura-a-prefeito\\\/#primaryimage\"},\"thumbnailUrl\":\"https:\\\/\\\/blogdofarnesio.com.br\\\/wp-content\\\/uploads\\\/2019\\\/08\\\/blogqspkalber-fernandes1.jpg\",\"datePublished\":\"2019-09-26T12:00:31+00:00\",\"breadcrumb\":{\"@id\":\"https:\\\/\\\/blogdofarnesio.com.br\\\/2019\\\/09\\\/ainda-sem-legenda-definida-advogado-de-juazeiro-pavimenta-pre-candidatura-a-prefeito\\\/#breadcrumb\"},\"inLanguage\":\"pt-BR\",\"potentialAction\":[{\"@type\":\"ReadAction\",\"target\":[\"https:\\\/\\\/blogdofarnesio.com.br\\\/2019\\\/09\\\/ainda-sem-legenda-definida-advogado-de-juazeiro-pavimenta-pre-candidatura-a-prefeito\\\/\"]}]},{\"@type\":\"ImageObject\",\"inLanguage\":\"pt-BR\",\"@id\":\"https:\\\/\\\/blogdofarnesio.com.br\\\/2019\\\/09\\\/ainda-sem-legenda-definida-advogado-de-juazeiro-pavimenta-pre-candidatura-a-prefeito\\\/#primaryimage\",\"url\":\"https:\\\/\\\/blogdofarnesio.com.br\\\/wp-content\\\/uploads\\\/2019\\\/08\\\/blogqspkalber-fernandes1.jpg\",\"contentUrl\":\"https:\\\/\\\/blogdofarnesio.com.br\\\/wp-content\\\/uploads\\\/2019\\\/08\\\/blogqspkalber-fernandes1.jpg\",\"width\":624,\"height\":397},{\"@type\":\"BreadcrumbList\",\"@id\":\"https:\\\/\\\/blogdofarnesio.com.br\\\/2019\\\/09\\\/ainda-sem-legenda-definida-advogado-de-juazeiro-pavimenta-pre-candidatura-a-prefeito\\\/#breadcrumb\",\"itemListElement\":[{\"@type\":\"ListItem\",\"position\":1,\"name\":\"In\u00edcio\",\"item\":\"https:\\\/\\\/blogdofarnesio.com.br\\\/\"},{\"@type\":\"ListItem\",\"position\":2,\"name\":\"AINDA SEM LEGENDA DEFINIDA, ADVOGADO DE JUAZEIRO PAVIMENTA PR\u00c9-CANDIDATURA A PREFEITO\"}]},{\"@type\":\"WebSite\",\"@id\":\"https:\\\/\\\/blogdofarnesio.com.br\\\/#website\",\"url\":\"https:\\\/\\\/blogdofarnesio.com.br\\\/\",\"name\":\"Blog do Farn\u00e9sio\",\"description\":\"Quer Saber Pol\u00edtica?\",\"publisher\":{\"@id\":\"https:\\\/\\\/blogdofarnesio.com.br\\\/#organization\"},\"potentialAction\":[{\"@type\":\"SearchAction\",\"target\":{\"@type\":\"EntryPoint\",\"urlTemplate\":\"https:\\\/\\\/blogdofarnesio.com.br\\\/?s={search_term_string}\"},\"query-input\":{\"@type\":\"PropertyValueSpecification\",\"valueRequired\":true,\"valueName\":\"search_term_string\"}}],\"inLanguage\":\"pt-BR\"},{\"@type\":\"Organization\",\"@id\":\"https:\\\/\\\/blogdofarnesio.com.br\\\/#organization\",\"name\":\"Blog do Farn\u00e9sio\",\"url\":\"https:\\\/\\\/blogdofarnesio.com.br\\\/\",\"logo\":{\"@type\":\"ImageObject\",\"inLanguage\":\"pt-BR\",\"@id\":\"https:\\\/\\\/blogdofarnesio.com.br\\\/#\\\/schema\\\/logo\\\/image\\\/\",\"url\":\"https:\\\/\\\/blogdofarnesio.com.br\\\/wp-content\\\/uploads\\\/2026\\\/03\\\/cropped-logo_new-1.png\",\"contentUrl\":\"https:\\\/\\\/blogdofarnesio.com.br\\\/wp-content\\\/uploads\\\/2026\\\/03\\\/cropped-logo_new-1.png\",\"width\":881,\"height\":685,\"caption\":\"Blog do Farn\u00e9sio\"},\"image\":{\"@id\":\"https:\\\/\\\/blogdofarnesio.com.br\\\/#\\\/schema\\\/logo\\\/image\\\/\"},\"sameAs\":[\"https:\\\/\\\/www.facebook.com\\\/BlogQuerSaberPolitica\\\/\"]},{\"@type\":\"Person\",\"@id\":\"https:\\\/\\\/blogdofarnesio.com.br\\\/#\\\/schema\\\/person\\\/301c4acf522bccbfdb45af95b5b906a1\",\"name\":\"Farn\u00e9sio\",\"image\":{\"@type\":\"ImageObject\",\"inLanguage\":\"pt-BR\",\"@id\":\"https:\\\/\\\/secure.gravatar.com\\\/avatar\\\/df0c9a14567c056f8ad6876ba5bbd1e3e2c48023eb6807342fc4663adf549f38?s=96&d=mm&r=g\",\"url\":\"https:\\\/\\\/secure.gravatar.com\\\/avatar\\\/df0c9a14567c056f8ad6876ba5bbd1e3e2c48023eb6807342fc4663adf549f38?s=96&d=mm&r=g\",\"contentUrl\":\"https:\\\/\\\/secure.gravatar.com\\\/avatar\\\/df0c9a14567c056f8ad6876ba5bbd1e3e2c48023eb6807342fc4663adf549f38?s=96&d=mm&r=g\",\"caption\":\"Farn\u00e9sio\"},\"sameAs\":[\"https:\\\/\\\/quersaberpolitica.com.br\"],\"url\":\"https:\\\/\\\/blogdofarnesio.com.br\\\/author\\\/farnesio\\\/\"}]}<\/script>\n<!-- \/ Yoast SEO plugin. -->","yoast_head_json":{"title":"AINDA SEM LEGENDA DEFINIDA, ADVOGADO DE JUAZEIRO PAVIMENTA PR\u00c9-CANDIDATURA A PREFEITO - Blog do Farn\u00e9sio","robots":{"index":"index","follow":"follow","max-snippet":"max-snippet:-1","max-image-preview":"max-image-preview:large","max-video-preview":"max-video-preview:-1"},"canonical":"https:\/\/blogdofarnesio.com.br\/2019\/09\/ainda-sem-legenda-definida-advogado-de-juazeiro-pavimenta-pre-candidatura-a-prefeito\/","og_locale":"pt_BR","og_type":"article","og_title":"AINDA SEM LEGENDA DEFINIDA, ADVOGADO DE JUAZEIRO PAVIMENTA PR\u00c9-CANDIDATURA A PREFEITO - Blog do Farn\u00e9sio","og_description":"O advogado Kalber Fernandes em entrevista ao programa Bastidores da Cidade falou sobre os planos para as elei\u00e7\u00f5es de 2020 em Juazeiro e anunciou que ser\u00e1 pr\u00e9-candidato \u00e0 prefeitura do munic\u00edpio. Kalber \u00e9 advogado empresarial, foi presidente do PDT de Juazeiro, vice-presidente da OAB do Estado do Rio de Janeiro por Nova Igua\u00e7u e presidente do Centro Acad\u00eamico Universit\u00e1rio. O pr\u00e9- candidato disse ter ouvido e observando os reclames sobre a situa\u00e7\u00e3o em que o munic\u00edpio se encontra, chegando \u00e0 conclus\u00e3o de que a cidade precisa de um gestor comprometido com a popula\u00e7\u00e3o, que trabalhe para o desenvolvimento social em todas as \u00e1reas. Sobre o partido, ele explicou. \u201cJ\u00e1 estamos analisando alguns partidos e inclusive j\u00e1 tem deputados que est\u00e1&hellip;","og_url":"https:\/\/blogdofarnesio.com.br\/2019\/09\/ainda-sem-legenda-definida-advogado-de-juazeiro-pavimenta-pre-candidatura-a-prefeito\/","og_site_name":"Blog do Farn\u00e9sio","article_publisher":"https:\/\/www.facebook.com\/BlogQuerSaberPolitica\/","article_published_time":"2019-09-26T12:00:31+00:00","og_image":[{"width":624,"height":397,"url":"https:\/\/blogdofarnesio.com.br\/wp-content\/uploads\/2019\/08\/blogqspkalber-fernandes1.jpg","type":"image\/jpeg"}],"author":"Farn\u00e9sio","twitter_card":"summary_large_image","twitter_misc":{"Escrito por":"Farn\u00e9sio","Est. tempo de leitura":"2 minutos"},"schema":{"@context":"https:\/\/schema.org","@graph":[{"@type":"Article","@id":"https:\/\/blogdofarnesio.com.br\/2019\/09\/ainda-sem-legenda-definida-advogado-de-juazeiro-pavimenta-pre-candidatura-a-prefeito\/#article","isPartOf":{"@id":"https:\/\/blogdofarnesio.com.br\/2019\/09\/ainda-sem-legenda-definida-advogado-de-juazeiro-pavimenta-pre-candidatura-a-prefeito\/"},"author":{"name":"Farn\u00e9sio","@id":"https:\/\/blogdofarnesio.com.br\/#\/schema\/person\/301c4acf522bccbfdb45af95b5b906a1"},"headline":"AINDA SEM LEGENDA DEFINIDA, ADVOGADO DE JUAZEIRO PAVIMENTA PR\u00c9-CANDIDATURA A PREFEITO","datePublished":"2019-09-26T12:00:31+00:00","mainEntityOfPage":{"@id":"https:\/\/blogdofarnesio.com.br\/2019\/09\/ainda-sem-legenda-definida-advogado-de-juazeiro-pavimenta-pre-candidatura-a-prefeito\/"},"wordCount":339,"publisher":{"@id":"https:\/\/blogdofarnesio.com.br\/#organization"},"image":{"@id":"https:\/\/blogdofarnesio.com.br\/2019\/09\/ainda-sem-legenda-definida-advogado-de-juazeiro-pavimenta-pre-candidatura-a-prefeito\/#primaryimage"},"thumbnailUrl":"https:\/\/blogdofarnesio.com.br\/wp-content\/uploads\/2019\/08\/blogqspkalber-fernandes1.jpg","articleSection":["Pol\u00edtica"],"inLanguage":"pt-BR"},{"@type":"WebPage","@id":"https:\/\/blogdofarnesio.com.br\/2019\/09\/ainda-sem-legenda-definida-advogado-de-juazeiro-pavimenta-pre-candidatura-a-prefeito\/","url":"https:\/\/blogdofarnesio.com.br\/2019\/09\/ainda-sem-legenda-definida-advogado-de-juazeiro-pavimenta-pre-candidatura-a-prefeito\/","name":"AINDA SEM LEGENDA DEFINIDA, ADVOGADO DE JUAZEIRO PAVIMENTA PR\u00c9-CANDIDATURA A PREFEITO - Blog do Farn\u00e9sio","isPartOf":{"@id":"https:\/\/blogdofarnesio.com.br\/#website"},"primaryImageOfPage":{"@id":"https:\/\/blogdofarnesio.com.br\/2019\/09\/ainda-sem-legenda-definida-advogado-de-juazeiro-pavimenta-pre-candidatura-a-prefeito\/#primaryimage"},"image":{"@id":"https:\/\/blogdofarnesio.com.br\/2019\/09\/ainda-sem-legenda-definida-advogado-de-juazeiro-pavimenta-pre-candidatura-a-prefeito\/#primaryimage"},"thumbnailUrl":"https:\/\/blogdofarnesio.com.br\/wp-content\/uploads\/2019\/08\/blogqspkalber-fernandes1.jpg","datePublished":"2019-09-26T12:00:31+00:00","breadcrumb":{"@id":"https:\/\/blogdofarnesio.com.br\/2019\/09\/ainda-sem-legenda-definida-advogado-de-juazeiro-pavimenta-pre-candidatura-a-prefeito\/#breadcrumb"},"inLanguage":"pt-BR","potentialAction":[{"@type":"ReadAction","target":["https:\/\/blogdofarnesio.com.br\/2019\/09\/ainda-sem-legenda-definida-advogado-de-juazeiro-pavimenta-pre-candidatura-a-prefeito\/"]}]},{"@type":"ImageObject","inLanguage":"pt-BR","@id":"https:\/\/blogdofarnesio.com.br\/2019\/09\/ainda-sem-legenda-definida-advogado-de-juazeiro-pavimenta-pre-candidatura-a-prefeito\/#primaryimage","url":"https:\/\/blogdofarnesio.com.br\/wp-content\/uploads\/2019\/08\/blogqspkalber-fernandes1.jpg","contentUrl":"https:\/\/blogdofarnesio.com.br\/wp-content\/uploads\/2019\/08\/blogqspkalber-fernandes1.jpg","width":624,"height":397},{"@type":"BreadcrumbList","@id":"https:\/\/blogdofarnesio.com.br\/2019\/09\/ainda-sem-legenda-definida-advogado-de-juazeiro-pavimenta-pre-candidatura-a-prefeito\/#breadcrumb","itemListElement":[{"@type":"ListItem","position":1,"name":"In\u00edcio","item":"https:\/\/blogdofarnesio.com.br\/"},{"@type":"ListItem","position":2,"name":"AINDA SEM LEGENDA DEFINIDA, ADVOGADO DE JUAZEIRO PAVIMENTA PR\u00c9-CANDIDATURA A PREFEITO"}]},{"@type":"WebSite","@id":"https:\/\/blogdofarnesio.com.br\/#website","url":"https:\/\/blogdofarnesio.com.br\/","name":"Blog do Farn\u00e9sio","description":"Quer Saber Pol\u00edtica?","publisher":{"@id":"https:\/\/blogdofarnesio.com.br\/#organization"},"potentialAction":[{"@type":"SearchAction","target":{"@type":"EntryPoint","urlTemplate":"https:\/\/blogdofarnesio.com.br\/?s={search_term_string}"},"query-input":{"@type":"PropertyValueSpecification","valueRequired":true,"valueName":"search_term_string"}}],"inLanguage":"pt-BR"},{"@type":"Organization","@id":"https:\/\/blogdofarnesio.com.br\/#organization","name":"Blog do Farn\u00e9sio","url":"https:\/\/blogdofarnesio.com.br\/","logo":{"@type":"ImageObject","inLanguage":"pt-BR","@id":"https:\/\/blogdofarnesio.com.br\/#\/schema\/logo\/image\/","url":"https:\/\/blogdofarnesio.com.br\/wp-content\/uploads\/2026\/03\/cropped-logo_new-1.png","contentUrl":"https:\/\/blogdofarnesio.com.br\/wp-content\/uploads\/2026\/03\/cropped-logo_new-1.png","width":881,"height":685,"caption":"Blog do Farn\u00e9sio"},"image":{"@id":"https:\/\/blogdofarnesio.com.br\/#\/schema\/logo\/image\/"},"sameAs":["https:\/\/www.facebook.com\/BlogQuerSaberPolitica\/"]},{"@type":"Person","@id":"https:\/\/blogdofarnesio.com.br\/#\/schema\/person\/301c4acf522bccbfdb45af95b5b906a1","name":"Farn\u00e9sio","image":{"@type":"ImageObject","inLanguage":"pt-BR","@id":"https:\/\/secure.gravatar.com\/avatar\/df0c9a14567c056f8ad6876ba5bbd1e3e2c48023eb6807342fc4663adf549f38?s=96&d=mm&r=g","url":"https:\/\/secure.gravatar.com\/avatar\/df0c9a14567c056f8ad6876ba5bbd1e3e2c48023eb6807342fc4663adf549f38?s=96&d=mm&r=g","contentUrl":"https:\/\/secure.gravatar.com\/avatar\/df0c9a14567c056f8ad6876ba5bbd1e3e2c48023eb6807342fc4663adf549f38?s=96&d=mm&r=g","caption":"Farn\u00e9sio"},"sameAs":["https:\/\/quersaberpolitica.com.br"],"url":"https:\/\/blogdofarnesio.com.br\/author\/farnesio\/"}]}},"_links":{"self":[{"href":"https:\/\/blogdofarnesio.com.br\/wp-json\/wp\/v2\/posts\/239264","targetHints":{"allow":["GET"]}}],"collection":[{"href":"https:\/\/blogdofarnesio.com.br\/wp-json\/wp\/v2\/posts"}],"about":[{"href":"https:\/\/blogdofarnesio.com.br\/wp-json\/wp\/v2\/types\/post"}],"author":[{"embeddable":true,"href":"https:\/\/blogdofarnesio.com.br\/wp-json\/wp\/v2\/users\/1"}],"replies":[{"embeddable":true,"href":"https:\/\/blogdofarnesio.com.br\/wp-json\/wp\/v2\/comments?post=239264"}],"version-history":[{"count":0,"href":"https:\/\/blogdofarnesio.com.br\/wp-json\/wp\/v2\/posts\/239264\/revisions"}],"wp:featuredmedia":[{"embeddable":true,"href":"https:\/\/blogdofarnesio.com.br\/wp-json\/wp\/v2\/media\/234835"}],"wp:attachment":[{"href":"https:\/\/blogdofarnesio.com.br\/wp-json\/wp\/v2\/media?parent=239264"}],"wp:term":[{"taxonomy":"category","embeddable":true,"href":"https:\/\/blogdofarnesio.com.br\/wp-json\/wp\/v2\/categories?post=239264"},{"taxonomy":"post_tag","embeddable":true,"href":"https:\/\/blogdofarnesio.com.br\/wp-json\/wp\/v2\/tags?post=239264"}],"curies":[{"name":"wp","href":"https:\/\/api.w.org\/{rel}","templated":true}]}}