{"id":238861,"date":"2019-09-20T15:40:23","date_gmt":"2019-09-20T18:40:23","guid":{"rendered":"http:\/\/quersaberpolitica.com.br\/2016\/?p=238861"},"modified":"2019-09-20T11:12:02","modified_gmt":"2019-09-20T14:12:02","slug":"prefeitura-e-codevasf-celebram-convenio-para-pavimentacao-de-25-ruas-de-petrolina","status":"publish","type":"post","link":"https:\/\/blogdofarnesio.com.br\/?p=238861","title":{"rendered":"Prefeitura e Codevasf celebram conv\u00eanio para pavimenta\u00e7\u00e3o de 25 ruas de Petrolina"},"content":{"rendered":"<div class=\"gs\">\n<div class=\"\">\n<div id=\":ja\" class=\"ii gt adO\">\n<div id=\":st\" class=\"a3s aXjCH \">\n<div dir=\"auto\">\n<div dir=\"auto\"><\/div>\n<div dir=\"auto\">As comunidades da Vila Eduardo, Terras do Sul, S\u00e3o Jorge e Jardim Petr\u00f3polis ter\u00e3o 25 ruas pavimentadas. O prefeito Miguel Coelho e o superintendente regional da Codevasf, Aurivalter Cordeiro, assinaram ontem (19), uma ordem de servi\u00e7o para obras de infraestrutura nessas quatro localidades. A interven\u00e7\u00e3o deve come\u00e7ar j\u00e1 na pr\u00f3xima semana e tem investimento de R$ 3 milh\u00f5es.<\/div>\n<div dir=\"auto\"><\/div>\n<div dir=\"auto\">A pavimenta\u00e7\u00e3o ser\u00e1 realizada com paralelep\u00edpedos nessas 25 vias. Entre as ruas que receber\u00e3o obras est\u00e3o a Monteiro Lobato, Est\u00e1cio de S\u00e1 e Glauber Rocha (Vila Eduardo); Carpinteiro (Terras do Sul); 4 e 5 (Jardim Petr\u00f3polis); e Zinco, Fosfato e Fr\u00e2ncio, no S\u00e3o Jorge.<\/div>\n<div dir=\"auto\"><\/div>\n<div dir=\"auto\">A previs\u00e3o \u00e9 entregar as ruas prontas em quatro meses. &#8220;Essa parceria com a Codevasf \u00e9 muito importante para Petrolina. S\u00e3o mais obras em comunidades que precisavam de investimento em infraestrutura e que ficar\u00e3o valorizadas quando sa\u00edrem da lama e poeira&#8221;, resumiu o prefeito sobre a relev\u00e2ncia do trabalho para as quatro comunidades.<\/div>\n<div dir=\"auto\"><\/div>\n<div dir=\"auto\">Fotos: Alexandre Justino<\/div>\n<div dir=\"auto\"><\/div>\n<div dir=\"auto\">Confira a lista de ruas:<\/div>\n<div dir=\"auto\"><\/div>\n<div dir=\"auto\">Terras do Sul<\/div>\n<div dir=\"auto\">&#8211; Rua do Carpinteiro<\/div>\n<div dir=\"auto\">&#8211; Rua das Violetas<\/div>\n<div dir=\"auto\">&#8211; Rua dos Pinheiros<\/div>\n<div dir=\"auto\"><\/div>\n<div dir=\"auto\">Jardim Petrop\u00f3lis<\/div>\n<div dir=\"auto\">&#8211; Rua 04<\/div>\n<div dir=\"auto\">&#8211; Rua 05<\/div>\n<div dir=\"auto\">&#8211; Rua 06<\/div>\n<div dir=\"auto\"><\/div>\n<div dir=\"auto\">S\u00e3o Jorge<\/div>\n<div dir=\"auto\">&#8211;\u00a0<a href=\"https:\/\/www.google.com\/maps\/search\/Rua+do+Fr%C3%A2ncio+(Rua+03?entry=gmail&amp;source=g\" target=\"_blank\" rel=\"noopener noreferrer\" data-saferedirecturl=\"https:\/\/www.google.com\/url?q=https:\/\/www.google.com\/maps\/search\/Rua%2Bdo%2BFr%25C3%25A2ncio%2B(Rua%2B03?entry%3Dgmail%26source%3Dg&amp;source=gmail&amp;ust=1569072622171000&amp;usg=AFQjCNEtqC-gFmZBr6AEsdOQlNwqmAijxw\">Rua do Fr\u00e2ncio (Rua 03<\/a>)<\/div>\n<div dir=\"auto\">&#8211; Rua do Zinco (Rua 04)<\/div>\n<div dir=\"auto\">&#8211; Rua da Sil\u00edcia (Rua 05)<\/div>\n<div dir=\"auto\">&#8211; Rua da Macassita (Rua 06)<\/div>\n<div dir=\"auto\">&#8211; Rua do Brilhante (Rua 07)<\/div>\n<div dir=\"auto\">&#8211;\u00a0<a href=\"https:\/\/www.google.com\/maps\/search\/Rua+do+Fosfato+(Rua+08)+Vila+Eduardo?entry=gmail&amp;source=g\" target=\"_blank\" rel=\"noopener noreferrer\" data-saferedirecturl=\"https:\/\/www.google.com\/url?q=https:\/\/www.google.com\/maps\/search\/Rua%2Bdo%2BFosfato%2B(Rua%2B08)%2BVila%2BEduardo?entry%3Dgmail%26source%3Dg&amp;source=gmail&amp;ust=1569072622171000&amp;usg=AFQjCNGNaodbBlqXfP_jw65XUQ6Vq9-5EQ\">Rua do Fosfato (Rua 08)<\/a><\/div>\n<div dir=\"auto\"><\/div>\n<div dir=\"auto\"><a href=\"https:\/\/www.google.com\/maps\/search\/Rua+do+Fosfato+(Rua+08)+Vila+Eduardo?entry=gmail&amp;source=g\" target=\"_blank\" rel=\"noopener noreferrer\" data-saferedirecturl=\"https:\/\/www.google.com\/url?q=https:\/\/www.google.com\/maps\/search\/Rua%2Bdo%2BFosfato%2B(Rua%2B08)%2BVila%2BEduardo?entry%3Dgmail%26source%3Dg&amp;source=gmail&amp;ust=1569072622171000&amp;usg=AFQjCNGNaodbBlqXfP_jw65XUQ6Vq9-5EQ\">Vila Eduardo<\/a><\/div>\n<div dir=\"auto\">&#8211; Rua Monteiro Lobato<\/div>\n<div dir=\"auto\">&#8211; Rua Cabrob\u00f3 I<\/div>\n<div dir=\"auto\">&#8211; Travessa Tiradentes<\/div>\n<div dir=\"auto\">&#8211; Travessa Raquel de Queiroz<\/div>\n<div dir=\"auto\">&#8211; Rua Janete Clair<\/div>\n<div dir=\"auto\">&#8211; Travessa Dr. Obertiol<\/div>\n<div dir=\"auto\">&#8211; Rua Glauber Rocha<\/div>\n<div dir=\"auto\">&#8211; Rua Padre C\u00edcero<\/div>\n<div dir=\"auto\">&#8211; Rua Est\u00e1cio de S\u00e1<\/div>\n<div dir=\"auto\">&#8211; Rua Raquel de Queiroz<\/div>\n<div dir=\"auto\">&#8211; Rua Ulisses Guimar\u00e3es<\/div>\n<div dir=\"auto\">&#8211; Rua Dantas Barreto<\/div>\n<div dir=\"auto\">&#8211; Rua Dr. Obertiol<\/div>\n<\/div>\n<div class=\"yj6qo ajU\">\n<div id=\":oe\" class=\"ajR\" tabindex=\"0\" role=\"button\" data-tooltip=\"Mostrar conte\u00fado cortado\" aria-label=\"Mostrar conte\u00fado cortado\" aria-expanded=\"false\"><img decoding=\"async\" class=\"ajT\" src=\"https:\/\/ssl.gstatic.com\/ui\/v1\/icons\/mail\/images\/cleardot.gif\" \/><\/div>\n<\/div>\n<\/div>\n<\/div>\n<div id=\":o0\" class=\"hq gt\">\n<div id=\":nz\" class=\"ho\">\n<div class=\"aZi J-J5-Ji\">\n<div id=\":jr\" class=\"T-I J-J5-Ji aZj T-I-ax7 T-I-Js-IF L3\" tabindex=\"0\" role=\"button\" aria-label=\"Fazer o download de todos os anexos\" data-tooltip=\"Fazer o download de todos os anexos\" aria-disabled=\"false\">\n<div class=\"asa\">\n<div class=\"aZh T-I-J3 J-J5-Ji\"><\/div>\n<\/div>\n<\/div>\n<\/div>\n<\/div>\n<\/div>\n<\/div>\n<\/div>\n","protected":false},"excerpt":{"rendered":"<p>As comunidades da Vila Eduardo, Terras do Sul, S\u00e3o Jorge e Jardim Petr\u00f3polis ter\u00e3o 25 ruas pavimentadas. O prefeito Miguel Coelho e o superintendente regional da Codevasf, Aurivalter Cordeiro, assinaram ontem (19), uma ordem de servi\u00e7o para obras de infraestrutura nessas quatro localidades. A interven\u00e7\u00e3o deve come\u00e7ar j\u00e1 na pr\u00f3xima semana e tem investimento de R$ 3 milh\u00f5es. A pavimenta\u00e7\u00e3o ser\u00e1 realizada com paralelep\u00edpedos nessas 25 vias. Entre as ruas que receber\u00e3o obras est\u00e3o a Monteiro Lobato, Est\u00e1cio de S\u00e1 e Glauber Rocha (Vila Eduardo); Carpinteiro (Terras do Sul); 4 e 5 (Jardim Petr\u00f3polis); e Zinco, Fosfato e Fr\u00e2ncio, no S\u00e3o Jorge. A previs\u00e3o \u00e9 entregar as ruas prontas em quatro meses. &#8220;Essa parceria com a Codevasf \u00e9 muito importante&hellip; <\/p>\n","protected":false},"author":1,"featured_media":238862,"comment_status":"closed","ping_status":"closed","sticky":false,"template":"","format":"standard","meta":{"_acf_changed":false,"footnotes":""},"categories":[44],"tags":[],"class_list":["post-238861","post","type-post","status-publish","format-standard","has-post-thumbnail","hentry","category-administracao"],"acf":[],"yoast_head":"<!-- This site is optimized with the Yoast SEO plugin v27.4 - https:\/\/yoast.com\/product\/yoast-seo-wordpress\/ -->\n<title>Prefeitura e Codevasf celebram conv\u00eanio para pavimenta\u00e7\u00e3o de 25 ruas de Petrolina - Blog do Farn\u00e9sio<\/title>\n<meta name=\"robots\" content=\"index, follow, max-snippet:-1, max-image-preview:large, max-video-preview:-1\" \/>\n<link rel=\"canonical\" href=\"https:\/\/blogdofarnesio.com.br\/?p=238861\" \/>\n<meta property=\"og:locale\" content=\"pt_BR\" \/>\n<meta property=\"og:type\" content=\"article\" \/>\n<meta property=\"og:title\" content=\"Prefeitura e Codevasf celebram conv\u00eanio para pavimenta\u00e7\u00e3o de 25 ruas de Petrolina - Blog do Farn\u00e9sio\" \/>\n<meta property=\"og:description\" content=\"As comunidades da Vila Eduardo, Terras do Sul, S\u00e3o Jorge e Jardim Petr\u00f3polis ter\u00e3o 25 ruas pavimentadas. O prefeito Miguel Coelho e o superintendente regional da Codevasf, Aurivalter Cordeiro, assinaram ontem (19), uma ordem de servi\u00e7o para obras de infraestrutura nessas quatro localidades. A interven\u00e7\u00e3o deve come\u00e7ar j\u00e1 na pr\u00f3xima semana e tem investimento de R$ 3 milh\u00f5es. A pavimenta\u00e7\u00e3o ser\u00e1 realizada com paralelep\u00edpedos nessas 25 vias. Entre as ruas que receber\u00e3o obras est\u00e3o a Monteiro Lobato, Est\u00e1cio de S\u00e1 e Glauber Rocha (Vila Eduardo); Carpinteiro (Terras do Sul); 4 e 5 (Jardim Petr\u00f3polis); e Zinco, Fosfato e Fr\u00e2ncio, no S\u00e3o Jorge. A previs\u00e3o \u00e9 entregar as ruas prontas em quatro meses. &#8220;Essa parceria com a Codevasf \u00e9 muito importante&hellip;\" \/>\n<meta property=\"og:url\" content=\"https:\/\/blogdofarnesio.com.br\/?p=238861\" \/>\n<meta property=\"og:site_name\" content=\"Blog do Farn\u00e9sio\" \/>\n<meta property=\"article:publisher\" content=\"https:\/\/www.facebook.com\/BlogQuerSaberPolitica\/\" \/>\n<meta property=\"article:published_time\" content=\"2019-09-20T18:40:23+00:00\" \/>\n<meta property=\"og:image\" content=\"https:\/\/blogdofarnesio.com.br\/wp-content\/uploads\/2019\/09\/blogqsp-miguel-2.jpg\" \/>\n\t<meta property=\"og:image:width\" content=\"640\" \/>\n\t<meta property=\"og:image:height\" content=\"427\" \/>\n\t<meta property=\"og:image:type\" content=\"image\/jpeg\" \/>\n<meta name=\"author\" content=\"Farn\u00e9sio\" \/>\n<meta name=\"twitter:card\" content=\"summary_large_image\" \/>\n<meta name=\"twitter:label1\" content=\"Escrito por\" \/>\n\t<meta name=\"twitter:data1\" content=\"Farn\u00e9sio\" \/>\n\t<meta name=\"twitter:label2\" content=\"Est. tempo de leitura\" \/>\n\t<meta name=\"twitter:data2\" content=\"1 minuto\" \/>\n<script type=\"application\/ld+json\" class=\"yoast-schema-graph\">{\"@context\":\"https:\\\/\\\/schema.org\",\"@graph\":[{\"@type\":\"Article\",\"@id\":\"https:\\\/\\\/blogdofarnesio.com.br\\\/?p=238861#article\",\"isPartOf\":{\"@id\":\"https:\\\/\\\/blogdofarnesio.com.br\\\/?p=238861\"},\"author\":{\"name\":\"Farn\u00e9sio\",\"@id\":\"https:\\\/\\\/blogdofarnesio.com.br\\\/#\\\/schema\\\/person\\\/301c4acf522bccbfdb45af95b5b906a1\"},\"headline\":\"Prefeitura e Codevasf celebram conv\u00eanio para pavimenta\u00e7\u00e3o de 25 ruas de Petrolina\",\"datePublished\":\"2019-09-20T18:40:23+00:00\",\"mainEntityOfPage\":{\"@id\":\"https:\\\/\\\/blogdofarnesio.com.br\\\/?p=238861\"},\"wordCount\":307,\"publisher\":{\"@id\":\"https:\\\/\\\/blogdofarnesio.com.br\\\/#organization\"},\"image\":{\"@id\":\"https:\\\/\\\/blogdofarnesio.com.br\\\/?p=238861#primaryimage\"},\"thumbnailUrl\":\"https:\\\/\\\/blogdofarnesio.com.br\\\/wp-content\\\/uploads\\\/2019\\\/09\\\/blogqsp-miguel-2.jpg\",\"articleSection\":[\"Administra\u00e7\u00e3o\"],\"inLanguage\":\"pt-BR\"},{\"@type\":\"WebPage\",\"@id\":\"https:\\\/\\\/blogdofarnesio.com.br\\\/?p=238861\",\"url\":\"https:\\\/\\\/blogdofarnesio.com.br\\\/?p=238861\",\"name\":\"Prefeitura e Codevasf celebram conv\u00eanio para pavimenta\u00e7\u00e3o de 25 ruas de Petrolina - Blog do Farn\u00e9sio\",\"isPartOf\":{\"@id\":\"https:\\\/\\\/blogdofarnesio.com.br\\\/#website\"},\"primaryImageOfPage\":{\"@id\":\"https:\\\/\\\/blogdofarnesio.com.br\\\/?p=238861#primaryimage\"},\"image\":{\"@id\":\"https:\\\/\\\/blogdofarnesio.com.br\\\/?p=238861#primaryimage\"},\"thumbnailUrl\":\"https:\\\/\\\/blogdofarnesio.com.br\\\/wp-content\\\/uploads\\\/2019\\\/09\\\/blogqsp-miguel-2.jpg\",\"datePublished\":\"2019-09-20T18:40:23+00:00\",\"breadcrumb\":{\"@id\":\"https:\\\/\\\/blogdofarnesio.com.br\\\/?p=238861#breadcrumb\"},\"inLanguage\":\"pt-BR\",\"potentialAction\":[{\"@type\":\"ReadAction\",\"target\":[\"https:\\\/\\\/blogdofarnesio.com.br\\\/?p=238861\"]}]},{\"@type\":\"ImageObject\",\"inLanguage\":\"pt-BR\",\"@id\":\"https:\\\/\\\/blogdofarnesio.com.br\\\/?p=238861#primaryimage\",\"url\":\"https:\\\/\\\/blogdofarnesio.com.br\\\/wp-content\\\/uploads\\\/2019\\\/09\\\/blogqsp-miguel-2.jpg\",\"contentUrl\":\"https:\\\/\\\/blogdofarnesio.com.br\\\/wp-content\\\/uploads\\\/2019\\\/09\\\/blogqsp-miguel-2.jpg\",\"width\":640,\"height\":427},{\"@type\":\"BreadcrumbList\",\"@id\":\"https:\\\/\\\/blogdofarnesio.com.br\\\/?p=238861#breadcrumb\",\"itemListElement\":[{\"@type\":\"ListItem\",\"position\":1,\"name\":\"In\u00edcio\",\"item\":\"https:\\\/\\\/blogdofarnesio.com.br\\\/\"},{\"@type\":\"ListItem\",\"position\":2,\"name\":\"Prefeitura e Codevasf celebram conv\u00eanio para pavimenta\u00e7\u00e3o de 25 ruas de Petrolina\"}]},{\"@type\":\"WebSite\",\"@id\":\"https:\\\/\\\/blogdofarnesio.com.br\\\/#website\",\"url\":\"https:\\\/\\\/blogdofarnesio.com.br\\\/\",\"name\":\"Blog do Farn\u00e9sio\",\"description\":\"Quer Saber Pol\u00edtica?\",\"publisher\":{\"@id\":\"https:\\\/\\\/blogdofarnesio.com.br\\\/#organization\"},\"potentialAction\":[{\"@type\":\"SearchAction\",\"target\":{\"@type\":\"EntryPoint\",\"urlTemplate\":\"https:\\\/\\\/blogdofarnesio.com.br\\\/?s={search_term_string}\"},\"query-input\":{\"@type\":\"PropertyValueSpecification\",\"valueRequired\":true,\"valueName\":\"search_term_string\"}}],\"inLanguage\":\"pt-BR\"},{\"@type\":\"Organization\",\"@id\":\"https:\\\/\\\/blogdofarnesio.com.br\\\/#organization\",\"name\":\"Blog do Farn\u00e9sio\",\"url\":\"https:\\\/\\\/blogdofarnesio.com.br\\\/\",\"logo\":{\"@type\":\"ImageObject\",\"inLanguage\":\"pt-BR\",\"@id\":\"https:\\\/\\\/blogdofarnesio.com.br\\\/#\\\/schema\\\/logo\\\/image\\\/\",\"url\":\"https:\\\/\\\/blogdofarnesio.com.br\\\/wp-content\\\/uploads\\\/2026\\\/03\\\/cropped-logo_new-1.png\",\"contentUrl\":\"https:\\\/\\\/blogdofarnesio.com.br\\\/wp-content\\\/uploads\\\/2026\\\/03\\\/cropped-logo_new-1.png\",\"width\":881,\"height\":685,\"caption\":\"Blog do Farn\u00e9sio\"},\"image\":{\"@id\":\"https:\\\/\\\/blogdofarnesio.com.br\\\/#\\\/schema\\\/logo\\\/image\\\/\"},\"sameAs\":[\"https:\\\/\\\/www.facebook.com\\\/BlogQuerSaberPolitica\\\/\"]},{\"@type\":\"Person\",\"@id\":\"https:\\\/\\\/blogdofarnesio.com.br\\\/#\\\/schema\\\/person\\\/301c4acf522bccbfdb45af95b5b906a1\",\"name\":\"Farn\u00e9sio\",\"image\":{\"@type\":\"ImageObject\",\"inLanguage\":\"pt-BR\",\"@id\":\"https:\\\/\\\/secure.gravatar.com\\\/avatar\\\/df0c9a14567c056f8ad6876ba5bbd1e3e2c48023eb6807342fc4663adf549f38?s=96&d=mm&r=g\",\"url\":\"https:\\\/\\\/secure.gravatar.com\\\/avatar\\\/df0c9a14567c056f8ad6876ba5bbd1e3e2c48023eb6807342fc4663adf549f38?s=96&d=mm&r=g\",\"contentUrl\":\"https:\\\/\\\/secure.gravatar.com\\\/avatar\\\/df0c9a14567c056f8ad6876ba5bbd1e3e2c48023eb6807342fc4663adf549f38?s=96&d=mm&r=g\",\"caption\":\"Farn\u00e9sio\"},\"sameAs\":[\"https:\\\/\\\/quersaberpolitica.com.br\"],\"url\":\"https:\\\/\\\/blogdofarnesio.com.br\\\/?author=1\"}]}<\/script>\n<!-- \/ Yoast SEO plugin. -->","yoast_head_json":{"title":"Prefeitura e Codevasf celebram conv\u00eanio para pavimenta\u00e7\u00e3o de 25 ruas de Petrolina - Blog do Farn\u00e9sio","robots":{"index":"index","follow":"follow","max-snippet":"max-snippet:-1","max-image-preview":"max-image-preview:large","max-video-preview":"max-video-preview:-1"},"canonical":"https:\/\/blogdofarnesio.com.br\/?p=238861","og_locale":"pt_BR","og_type":"article","og_title":"Prefeitura e Codevasf celebram conv\u00eanio para pavimenta\u00e7\u00e3o de 25 ruas de Petrolina - Blog do Farn\u00e9sio","og_description":"As comunidades da Vila Eduardo, Terras do Sul, S\u00e3o Jorge e Jardim Petr\u00f3polis ter\u00e3o 25 ruas pavimentadas. O prefeito Miguel Coelho e o superintendente regional da Codevasf, Aurivalter Cordeiro, assinaram ontem (19), uma ordem de servi\u00e7o para obras de infraestrutura nessas quatro localidades. A interven\u00e7\u00e3o deve come\u00e7ar j\u00e1 na pr\u00f3xima semana e tem investimento de R$ 3 milh\u00f5es. A pavimenta\u00e7\u00e3o ser\u00e1 realizada com paralelep\u00edpedos nessas 25 vias. Entre as ruas que receber\u00e3o obras est\u00e3o a Monteiro Lobato, Est\u00e1cio de S\u00e1 e Glauber Rocha (Vila Eduardo); Carpinteiro (Terras do Sul); 4 e 5 (Jardim Petr\u00f3polis); e Zinco, Fosfato e Fr\u00e2ncio, no S\u00e3o Jorge. A previs\u00e3o \u00e9 entregar as ruas prontas em quatro meses. &#8220;Essa parceria com a Codevasf \u00e9 muito importante&hellip;","og_url":"https:\/\/blogdofarnesio.com.br\/?p=238861","og_site_name":"Blog do Farn\u00e9sio","article_publisher":"https:\/\/www.facebook.com\/BlogQuerSaberPolitica\/","article_published_time":"2019-09-20T18:40:23+00:00","og_image":[{"width":640,"height":427,"url":"https:\/\/blogdofarnesio.com.br\/wp-content\/uploads\/2019\/09\/blogqsp-miguel-2.jpg","type":"image\/jpeg"}],"author":"Farn\u00e9sio","twitter_card":"summary_large_image","twitter_misc":{"Escrito por":"Farn\u00e9sio","Est. tempo de leitura":"1 minuto"},"schema":{"@context":"https:\/\/schema.org","@graph":[{"@type":"Article","@id":"https:\/\/blogdofarnesio.com.br\/?p=238861#article","isPartOf":{"@id":"https:\/\/blogdofarnesio.com.br\/?p=238861"},"author":{"name":"Farn\u00e9sio","@id":"https:\/\/blogdofarnesio.com.br\/#\/schema\/person\/301c4acf522bccbfdb45af95b5b906a1"},"headline":"Prefeitura e Codevasf celebram conv\u00eanio para pavimenta\u00e7\u00e3o de 25 ruas de Petrolina","datePublished":"2019-09-20T18:40:23+00:00","mainEntityOfPage":{"@id":"https:\/\/blogdofarnesio.com.br\/?p=238861"},"wordCount":307,"publisher":{"@id":"https:\/\/blogdofarnesio.com.br\/#organization"},"image":{"@id":"https:\/\/blogdofarnesio.com.br\/?p=238861#primaryimage"},"thumbnailUrl":"https:\/\/blogdofarnesio.com.br\/wp-content\/uploads\/2019\/09\/blogqsp-miguel-2.jpg","articleSection":["Administra\u00e7\u00e3o"],"inLanguage":"pt-BR"},{"@type":"WebPage","@id":"https:\/\/blogdofarnesio.com.br\/?p=238861","url":"https:\/\/blogdofarnesio.com.br\/?p=238861","name":"Prefeitura e Codevasf celebram conv\u00eanio para pavimenta\u00e7\u00e3o de 25 ruas de Petrolina - Blog do Farn\u00e9sio","isPartOf":{"@id":"https:\/\/blogdofarnesio.com.br\/#website"},"primaryImageOfPage":{"@id":"https:\/\/blogdofarnesio.com.br\/?p=238861#primaryimage"},"image":{"@id":"https:\/\/blogdofarnesio.com.br\/?p=238861#primaryimage"},"thumbnailUrl":"https:\/\/blogdofarnesio.com.br\/wp-content\/uploads\/2019\/09\/blogqsp-miguel-2.jpg","datePublished":"2019-09-20T18:40:23+00:00","breadcrumb":{"@id":"https:\/\/blogdofarnesio.com.br\/?p=238861#breadcrumb"},"inLanguage":"pt-BR","potentialAction":[{"@type":"ReadAction","target":["https:\/\/blogdofarnesio.com.br\/?p=238861"]}]},{"@type":"ImageObject","inLanguage":"pt-BR","@id":"https:\/\/blogdofarnesio.com.br\/?p=238861#primaryimage","url":"https:\/\/blogdofarnesio.com.br\/wp-content\/uploads\/2019\/09\/blogqsp-miguel-2.jpg","contentUrl":"https:\/\/blogdofarnesio.com.br\/wp-content\/uploads\/2019\/09\/blogqsp-miguel-2.jpg","width":640,"height":427},{"@type":"BreadcrumbList","@id":"https:\/\/blogdofarnesio.com.br\/?p=238861#breadcrumb","itemListElement":[{"@type":"ListItem","position":1,"name":"In\u00edcio","item":"https:\/\/blogdofarnesio.com.br\/"},{"@type":"ListItem","position":2,"name":"Prefeitura e Codevasf celebram conv\u00eanio para pavimenta\u00e7\u00e3o de 25 ruas de Petrolina"}]},{"@type":"WebSite","@id":"https:\/\/blogdofarnesio.com.br\/#website","url":"https:\/\/blogdofarnesio.com.br\/","name":"Blog do Farn\u00e9sio","description":"Quer Saber Pol\u00edtica?","publisher":{"@id":"https:\/\/blogdofarnesio.com.br\/#organization"},"potentialAction":[{"@type":"SearchAction","target":{"@type":"EntryPoint","urlTemplate":"https:\/\/blogdofarnesio.com.br\/?s={search_term_string}"},"query-input":{"@type":"PropertyValueSpecification","valueRequired":true,"valueName":"search_term_string"}}],"inLanguage":"pt-BR"},{"@type":"Organization","@id":"https:\/\/blogdofarnesio.com.br\/#organization","name":"Blog do Farn\u00e9sio","url":"https:\/\/blogdofarnesio.com.br\/","logo":{"@type":"ImageObject","inLanguage":"pt-BR","@id":"https:\/\/blogdofarnesio.com.br\/#\/schema\/logo\/image\/","url":"https:\/\/blogdofarnesio.com.br\/wp-content\/uploads\/2026\/03\/cropped-logo_new-1.png","contentUrl":"https:\/\/blogdofarnesio.com.br\/wp-content\/uploads\/2026\/03\/cropped-logo_new-1.png","width":881,"height":685,"caption":"Blog do Farn\u00e9sio"},"image":{"@id":"https:\/\/blogdofarnesio.com.br\/#\/schema\/logo\/image\/"},"sameAs":["https:\/\/www.facebook.com\/BlogQuerSaberPolitica\/"]},{"@type":"Person","@id":"https:\/\/blogdofarnesio.com.br\/#\/schema\/person\/301c4acf522bccbfdb45af95b5b906a1","name":"Farn\u00e9sio","image":{"@type":"ImageObject","inLanguage":"pt-BR","@id":"https:\/\/secure.gravatar.com\/avatar\/df0c9a14567c056f8ad6876ba5bbd1e3e2c48023eb6807342fc4663adf549f38?s=96&d=mm&r=g","url":"https:\/\/secure.gravatar.com\/avatar\/df0c9a14567c056f8ad6876ba5bbd1e3e2c48023eb6807342fc4663adf549f38?s=96&d=mm&r=g","contentUrl":"https:\/\/secure.gravatar.com\/avatar\/df0c9a14567c056f8ad6876ba5bbd1e3e2c48023eb6807342fc4663adf549f38?s=96&d=mm&r=g","caption":"Farn\u00e9sio"},"sameAs":["https:\/\/quersaberpolitica.com.br"],"url":"https:\/\/blogdofarnesio.com.br\/?author=1"}]}},"_links":{"self":[{"href":"https:\/\/blogdofarnesio.com.br\/index.php?rest_route=\/wp\/v2\/posts\/238861","targetHints":{"allow":["GET"]}}],"collection":[{"href":"https:\/\/blogdofarnesio.com.br\/index.php?rest_route=\/wp\/v2\/posts"}],"about":[{"href":"https:\/\/blogdofarnesio.com.br\/index.php?rest_route=\/wp\/v2\/types\/post"}],"author":[{"embeddable":true,"href":"https:\/\/blogdofarnesio.com.br\/index.php?rest_route=\/wp\/v2\/users\/1"}],"replies":[{"embeddable":true,"href":"https:\/\/blogdofarnesio.com.br\/index.php?rest_route=%2Fwp%2Fv2%2Fcomments&post=238861"}],"version-history":[{"count":0,"href":"https:\/\/blogdofarnesio.com.br\/index.php?rest_route=\/wp\/v2\/posts\/238861\/revisions"}],"wp:featuredmedia":[{"embeddable":true,"href":"https:\/\/blogdofarnesio.com.br\/index.php?rest_route=\/wp\/v2\/media\/238862"}],"wp:attachment":[{"href":"https:\/\/blogdofarnesio.com.br\/index.php?rest_route=%2Fwp%2Fv2%2Fmedia&parent=238861"}],"wp:term":[{"taxonomy":"category","embeddable":true,"href":"https:\/\/blogdofarnesio.com.br\/index.php?rest_route=%2Fwp%2Fv2%2Fcategories&post=238861"},{"taxonomy":"post_tag","embeddable":true,"href":"https:\/\/blogdofarnesio.com.br\/index.php?rest_route=%2Fwp%2Fv2%2Ftags&post=238861"}],"curies":[{"name":"wp","href":"https:\/\/api.w.org\/{rel}","templated":true}]}}