{"id":238840,"date":"2019-09-20T17:02:25","date_gmt":"2019-09-20T20:02:25","guid":{"rendered":"http:\/\/quersaberpolitica.com.br\/2016\/?p=238840"},"modified":"2019-09-20T15:11:57","modified_gmt":"2019-09-20T18:11:57","slug":"wagner-e-suspeito-de-receber-r-1-milhao-em-esquema-de-caixa-2-para-campanha","status":"publish","type":"post","link":"https:\/\/blogdofarnesio.com.br\/?p=238840","title":{"rendered":"Wagner \u00e9 suspeito de receber R$ 1 milh\u00e3o em esquema de caixa 2 para campanha"},"content":{"rendered":"<p>O senador pela Bahia Jaques Wagner (PT) \u00e9 suspeito de ser um dos pol\u00edticos do Nordeste que recebeu propina repassada pela empreiteira OAS, em 2013. As informa\u00e7\u00f5es s\u00e3o da revista \u00c9poca, em mat\u00e9ria publicada ontem (19).<\/p>\n<p>Segundo a reportagem, o esquema de lavagem de dinheiro do empres\u00e1rio Jo\u00e3o Carlos Lyra, alvo de opera\u00e7\u00e3o da Pol\u00edcia Federal deflagrada nesta quinta, funcionava como uma central de abastecimento de propina para pol\u00edticos nordestinos, de acordo com investiga\u00e7\u00f5es da PF e Procuradoria-Geral da Rep\u00fablica (PGR).<\/p>\n<p>O principal alvo deste in\u00edcio de opera\u00e7\u00e3o foi o senador Fernando Bezerra Coelho (MDB-PE), l\u00edder do governo Bolsonaro no Senado, e seu filho, o deputado Fernando Bezerra Coelho Filho (DEM-PE). Ainda s\u00e3o suspeitos o ministro do Tribunal de Contas da Uni\u00e3o (TCU) Vital do R\u00eago e o ex-governador de Pernambuco Eduardo Campos, morto em 2014 em um acidente de avi\u00e3o.<\/p>\n<p><strong>Eduardo Campos<\/strong><\/p>\n<p>A Opera\u00e7\u00e3o Turbul\u00eancia, deflagrada em 2016, revelou que Jo\u00e3o Carlos Lyra era o dono do avi\u00e3o usado pelo ex-governador de Pernambuco, Eduardo Campos, e que Lyra recebia grande volume de recursos oriundos de empreiteiras investigadas na Lava-Jato. O empres\u00e1rio buscou as autoridades para fechar um acordo de dela\u00e7\u00e3o e confessou que suas empresas lavavam dinheiro para que essas empreiteiras repassem propina a pol\u00edticos.<\/p>\n<p>Ainda de acordo com a mat\u00e9ria, as duas empresas que centralizavam a lavagem de dinheiro eram a C\u00e2mara &amp; Vasconcelos e a Vasconcelos &amp; C\u00e2mara. &#8220;A partir de 2011, a Vasconcelos &amp; C\u00e2mara e a C\u00e2mara &amp; Vasconcelos passaram a emitir grande volume de notas fiscais superfaturadas ou fict\u00edcias para empre1teuas, especialmente a OAS e a Mendes J\u00fanior, para fins de gera\u00e7\u00e3o de caixa dois&#8221;, afirmou Jo\u00e3o Lyra, na dela\u00e7\u00e3o.<\/p>\n<p>Nessa dela\u00e7\u00e3o, Jo\u00e3o Lyra revelou, pela primeira vez, a capta\u00e7\u00e3o de recursos il\u00edcitos para Eduardo Campos, suspeita que se iniciou na Opera\u00e7\u00e3o Turbul\u00eancia.<\/p>\n<p>Investiga\u00e7\u00f5es posteriores chegaram a pistas de repasses a Jaques Wagner e Vital do R\u00eago. Segundo a reportagem, um ex-executivo do setor de contabilidade paralela da OAS, Adriano Santana Quadros de Andrade, relatou em seu termo de dela\u00e7\u00e3o premiada n\u00ba 9 o &#8220;repasse de R$ 1 milh\u00e3o a Jaques Wagner no ano de 2013, com recursos disponibilizados pela empresa C\u00e2mara &amp; Vasconcelos, intermediado por Carlos Daltro (aliado de Wagner)&#8221;. O anexo foi enviado pelo Supremo Tribunal Federal para apura\u00e7\u00e3o na Justi\u00e7a Federal da Bahia.<\/p>\n<p>Lyra tamb\u00e9m contou que foi procurado pelo executivo da OAS Roberto Cunha, que estava &#8220;muito angustiado&#8221; porque precisava operacionalizar repasses de R$ 2 milh\u00f5es a Vital do R\u00eago, \u00e0 \u00e9poca senador e relator da CPI da Petrobras no Senado. O pagamento &#8220;destinava-se a obter favorecimentos ou facilidades&#8221; para a empreiteira na CPI.<\/p>\n<p>Procurada pela revista, a assessoria de Jaques Wagner afirmou que n\u00e3o teve acesso ao conte\u00fado da dela\u00e7\u00e3o. &#8220;A defesa do senador Jaques Wagner n\u00e3o teve acesso a esse conte\u00fado ou a qualquer cita\u00e7\u00e3o e condena o expediente de vazamentos seletivos de supostas dela\u00e7\u00f5es baseadas apenas na palavra de r\u00e9us confessos, n\u00e3o em provas&#8221;, diz a assessoria.<\/p>\n","protected":false},"excerpt":{"rendered":"<p>O senador pela Bahia Jaques Wagner (PT) \u00e9 suspeito de ser um dos pol\u00edticos do Nordeste que recebeu propina repassada pela empreiteira OAS, em 2013. As informa\u00e7\u00f5es s\u00e3o da revista \u00c9poca, em mat\u00e9ria publicada ontem (19). Segundo a reportagem, o esquema de lavagem de dinheiro do empres\u00e1rio Jo\u00e3o Carlos Lyra, alvo de opera\u00e7\u00e3o da Pol\u00edcia Federal deflagrada nesta quinta, funcionava como uma central de abastecimento de propina para pol\u00edticos nordestinos, de acordo com investiga\u00e7\u00f5es da PF e Procuradoria-Geral da Rep\u00fablica (PGR). O principal alvo deste in\u00edcio de opera\u00e7\u00e3o foi o senador Fernando Bezerra Coelho (MDB-PE), l\u00edder do governo Bolsonaro no Senado, e seu filho, o deputado Fernando Bezerra Coelho Filho (DEM-PE). Ainda s\u00e3o suspeitos o ministro do Tribunal de Contas&hellip; <\/p>\n","protected":false},"author":1,"featured_media":236564,"comment_status":"closed","ping_status":"closed","sticky":false,"template":"","format":"standard","meta":{"_acf_changed":false,"footnotes":""},"categories":[1],"tags":[],"class_list":["post-238840","post","type-post","status-publish","format-standard","has-post-thumbnail","hentry","category-politica"],"acf":[],"yoast_head":"<!-- This site is optimized with the Yoast SEO plugin v27.4 - https:\/\/yoast.com\/product\/yoast-seo-wordpress\/ -->\n<title>Wagner \u00e9 suspeito de receber R$ 1 milh\u00e3o em esquema de caixa 2 para campanha - Blog do Farn\u00e9sio<\/title>\n<meta name=\"robots\" content=\"index, follow, max-snippet:-1, max-image-preview:large, max-video-preview:-1\" \/>\n<link rel=\"canonical\" href=\"https:\/\/blogdofarnesio.com.br\/?p=238840\" \/>\n<meta property=\"og:locale\" content=\"pt_BR\" \/>\n<meta property=\"og:type\" content=\"article\" \/>\n<meta property=\"og:title\" content=\"Wagner \u00e9 suspeito de receber R$ 1 milh\u00e3o em esquema de caixa 2 para campanha - Blog do Farn\u00e9sio\" \/>\n<meta property=\"og:description\" content=\"O senador pela Bahia Jaques Wagner (PT) \u00e9 suspeito de ser um dos pol\u00edticos do Nordeste que recebeu propina repassada pela empreiteira OAS, em 2013. As informa\u00e7\u00f5es s\u00e3o da revista \u00c9poca, em mat\u00e9ria publicada ontem (19). Segundo a reportagem, o esquema de lavagem de dinheiro do empres\u00e1rio Jo\u00e3o Carlos Lyra, alvo de opera\u00e7\u00e3o da Pol\u00edcia Federal deflagrada nesta quinta, funcionava como uma central de abastecimento de propina para pol\u00edticos nordestinos, de acordo com investiga\u00e7\u00f5es da PF e Procuradoria-Geral da Rep\u00fablica (PGR). O principal alvo deste in\u00edcio de opera\u00e7\u00e3o foi o senador Fernando Bezerra Coelho (MDB-PE), l\u00edder do governo Bolsonaro no Senado, e seu filho, o deputado Fernando Bezerra Coelho Filho (DEM-PE). Ainda s\u00e3o suspeitos o ministro do Tribunal de Contas&hellip;\" \/>\n<meta property=\"og:url\" content=\"https:\/\/blogdofarnesio.com.br\/?p=238840\" \/>\n<meta property=\"og:site_name\" content=\"Blog do Farn\u00e9sio\" \/>\n<meta property=\"article:publisher\" content=\"https:\/\/www.facebook.com\/BlogQuerSaberPolitica\/\" \/>\n<meta property=\"article:published_time\" content=\"2019-09-20T20:02:25+00:00\" \/>\n<meta property=\"og:image\" content=\"https:\/\/blogdofarnesio.com.br\/wp-content\/uploads\/2019\/08\/blogqspJaques-Wagner-by-Agencia-Brasil-1140x570.jpg\" \/>\n\t<meta property=\"og:image:width\" content=\"640\" \/>\n\t<meta property=\"og:image:height\" content=\"320\" \/>\n\t<meta property=\"og:image:type\" content=\"image\/jpeg\" \/>\n<meta name=\"author\" content=\"Farn\u00e9sio\" \/>\n<meta name=\"twitter:card\" content=\"summary_large_image\" \/>\n<meta name=\"twitter:label1\" content=\"Escrito por\" \/>\n\t<meta name=\"twitter:data1\" content=\"Farn\u00e9sio\" \/>\n\t<meta name=\"twitter:label2\" content=\"Est. tempo de leitura\" \/>\n\t<meta name=\"twitter:data2\" content=\"3 minutos\" \/>\n<script type=\"application\/ld+json\" class=\"yoast-schema-graph\">{\"@context\":\"https:\\\/\\\/schema.org\",\"@graph\":[{\"@type\":\"Article\",\"@id\":\"https:\\\/\\\/blogdofarnesio.com.br\\\/?p=238840#article\",\"isPartOf\":{\"@id\":\"https:\\\/\\\/blogdofarnesio.com.br\\\/?p=238840\"},\"author\":{\"name\":\"Farn\u00e9sio\",\"@id\":\"https:\\\/\\\/blogdofarnesio.com.br\\\/#\\\/schema\\\/person\\\/301c4acf522bccbfdb45af95b5b906a1\"},\"headline\":\"Wagner \u00e9 suspeito de receber R$ 1 milh\u00e3o em esquema de caixa 2 para campanha\",\"datePublished\":\"2019-09-20T20:02:25+00:00\",\"mainEntityOfPage\":{\"@id\":\"https:\\\/\\\/blogdofarnesio.com.br\\\/?p=238840\"},\"wordCount\":553,\"publisher\":{\"@id\":\"https:\\\/\\\/blogdofarnesio.com.br\\\/#organization\"},\"image\":{\"@id\":\"https:\\\/\\\/blogdofarnesio.com.br\\\/?p=238840#primaryimage\"},\"thumbnailUrl\":\"https:\\\/\\\/blogdofarnesio.com.br\\\/wp-content\\\/uploads\\\/2019\\\/08\\\/blogqspJaques-Wagner-by-Agencia-Brasil-1140x570.jpg\",\"articleSection\":[\"Pol\u00edtica\"],\"inLanguage\":\"pt-BR\"},{\"@type\":\"WebPage\",\"@id\":\"https:\\\/\\\/blogdofarnesio.com.br\\\/?p=238840\",\"url\":\"https:\\\/\\\/blogdofarnesio.com.br\\\/?p=238840\",\"name\":\"Wagner \u00e9 suspeito de receber R$ 1 milh\u00e3o em esquema de caixa 2 para campanha - Blog do Farn\u00e9sio\",\"isPartOf\":{\"@id\":\"https:\\\/\\\/blogdofarnesio.com.br\\\/#website\"},\"primaryImageOfPage\":{\"@id\":\"https:\\\/\\\/blogdofarnesio.com.br\\\/?p=238840#primaryimage\"},\"image\":{\"@id\":\"https:\\\/\\\/blogdofarnesio.com.br\\\/?p=238840#primaryimage\"},\"thumbnailUrl\":\"https:\\\/\\\/blogdofarnesio.com.br\\\/wp-content\\\/uploads\\\/2019\\\/08\\\/blogqspJaques-Wagner-by-Agencia-Brasil-1140x570.jpg\",\"datePublished\":\"2019-09-20T20:02:25+00:00\",\"breadcrumb\":{\"@id\":\"https:\\\/\\\/blogdofarnesio.com.br\\\/?p=238840#breadcrumb\"},\"inLanguage\":\"pt-BR\",\"potentialAction\":[{\"@type\":\"ReadAction\",\"target\":[\"https:\\\/\\\/blogdofarnesio.com.br\\\/?p=238840\"]}]},{\"@type\":\"ImageObject\",\"inLanguage\":\"pt-BR\",\"@id\":\"https:\\\/\\\/blogdofarnesio.com.br\\\/?p=238840#primaryimage\",\"url\":\"https:\\\/\\\/blogdofarnesio.com.br\\\/wp-content\\\/uploads\\\/2019\\\/08\\\/blogqspJaques-Wagner-by-Agencia-Brasil-1140x570.jpg\",\"contentUrl\":\"https:\\\/\\\/blogdofarnesio.com.br\\\/wp-content\\\/uploads\\\/2019\\\/08\\\/blogqspJaques-Wagner-by-Agencia-Brasil-1140x570.jpg\",\"width\":640,\"height\":320},{\"@type\":\"BreadcrumbList\",\"@id\":\"https:\\\/\\\/blogdofarnesio.com.br\\\/?p=238840#breadcrumb\",\"itemListElement\":[{\"@type\":\"ListItem\",\"position\":1,\"name\":\"In\u00edcio\",\"item\":\"https:\\\/\\\/blogdofarnesio.com.br\\\/\"},{\"@type\":\"ListItem\",\"position\":2,\"name\":\"Wagner \u00e9 suspeito de receber R$ 1 milh\u00e3o em esquema de caixa 2 para campanha\"}]},{\"@type\":\"WebSite\",\"@id\":\"https:\\\/\\\/blogdofarnesio.com.br\\\/#website\",\"url\":\"https:\\\/\\\/blogdofarnesio.com.br\\\/\",\"name\":\"Blog do Farn\u00e9sio\",\"description\":\"Quer Saber Pol\u00edtica?\",\"publisher\":{\"@id\":\"https:\\\/\\\/blogdofarnesio.com.br\\\/#organization\"},\"potentialAction\":[{\"@type\":\"SearchAction\",\"target\":{\"@type\":\"EntryPoint\",\"urlTemplate\":\"https:\\\/\\\/blogdofarnesio.com.br\\\/?s={search_term_string}\"},\"query-input\":{\"@type\":\"PropertyValueSpecification\",\"valueRequired\":true,\"valueName\":\"search_term_string\"}}],\"inLanguage\":\"pt-BR\"},{\"@type\":\"Organization\",\"@id\":\"https:\\\/\\\/blogdofarnesio.com.br\\\/#organization\",\"name\":\"Blog do Farn\u00e9sio\",\"url\":\"https:\\\/\\\/blogdofarnesio.com.br\\\/\",\"logo\":{\"@type\":\"ImageObject\",\"inLanguage\":\"pt-BR\",\"@id\":\"https:\\\/\\\/blogdofarnesio.com.br\\\/#\\\/schema\\\/logo\\\/image\\\/\",\"url\":\"https:\\\/\\\/blogdofarnesio.com.br\\\/wp-content\\\/uploads\\\/2026\\\/03\\\/cropped-logo_new-1.png\",\"contentUrl\":\"https:\\\/\\\/blogdofarnesio.com.br\\\/wp-content\\\/uploads\\\/2026\\\/03\\\/cropped-logo_new-1.png\",\"width\":881,\"height\":685,\"caption\":\"Blog do Farn\u00e9sio\"},\"image\":{\"@id\":\"https:\\\/\\\/blogdofarnesio.com.br\\\/#\\\/schema\\\/logo\\\/image\\\/\"},\"sameAs\":[\"https:\\\/\\\/www.facebook.com\\\/BlogQuerSaberPolitica\\\/\"]},{\"@type\":\"Person\",\"@id\":\"https:\\\/\\\/blogdofarnesio.com.br\\\/#\\\/schema\\\/person\\\/301c4acf522bccbfdb45af95b5b906a1\",\"name\":\"Farn\u00e9sio\",\"image\":{\"@type\":\"ImageObject\",\"inLanguage\":\"pt-BR\",\"@id\":\"https:\\\/\\\/secure.gravatar.com\\\/avatar\\\/df0c9a14567c056f8ad6876ba5bbd1e3e2c48023eb6807342fc4663adf549f38?s=96&d=mm&r=g\",\"url\":\"https:\\\/\\\/secure.gravatar.com\\\/avatar\\\/df0c9a14567c056f8ad6876ba5bbd1e3e2c48023eb6807342fc4663adf549f38?s=96&d=mm&r=g\",\"contentUrl\":\"https:\\\/\\\/secure.gravatar.com\\\/avatar\\\/df0c9a14567c056f8ad6876ba5bbd1e3e2c48023eb6807342fc4663adf549f38?s=96&d=mm&r=g\",\"caption\":\"Farn\u00e9sio\"},\"sameAs\":[\"https:\\\/\\\/quersaberpolitica.com.br\"],\"url\":\"https:\\\/\\\/blogdofarnesio.com.br\\\/?author=1\"}]}<\/script>\n<!-- \/ Yoast SEO plugin. -->","yoast_head_json":{"title":"Wagner \u00e9 suspeito de receber R$ 1 milh\u00e3o em esquema de caixa 2 para campanha - Blog do Farn\u00e9sio","robots":{"index":"index","follow":"follow","max-snippet":"max-snippet:-1","max-image-preview":"max-image-preview:large","max-video-preview":"max-video-preview:-1"},"canonical":"https:\/\/blogdofarnesio.com.br\/?p=238840","og_locale":"pt_BR","og_type":"article","og_title":"Wagner \u00e9 suspeito de receber R$ 1 milh\u00e3o em esquema de caixa 2 para campanha - Blog do Farn\u00e9sio","og_description":"O senador pela Bahia Jaques Wagner (PT) \u00e9 suspeito de ser um dos pol\u00edticos do Nordeste que recebeu propina repassada pela empreiteira OAS, em 2013. As informa\u00e7\u00f5es s\u00e3o da revista \u00c9poca, em mat\u00e9ria publicada ontem (19). Segundo a reportagem, o esquema de lavagem de dinheiro do empres\u00e1rio Jo\u00e3o Carlos Lyra, alvo de opera\u00e7\u00e3o da Pol\u00edcia Federal deflagrada nesta quinta, funcionava como uma central de abastecimento de propina para pol\u00edticos nordestinos, de acordo com investiga\u00e7\u00f5es da PF e Procuradoria-Geral da Rep\u00fablica (PGR). O principal alvo deste in\u00edcio de opera\u00e7\u00e3o foi o senador Fernando Bezerra Coelho (MDB-PE), l\u00edder do governo Bolsonaro no Senado, e seu filho, o deputado Fernando Bezerra Coelho Filho (DEM-PE). Ainda s\u00e3o suspeitos o ministro do Tribunal de Contas&hellip;","og_url":"https:\/\/blogdofarnesio.com.br\/?p=238840","og_site_name":"Blog do Farn\u00e9sio","article_publisher":"https:\/\/www.facebook.com\/BlogQuerSaberPolitica\/","article_published_time":"2019-09-20T20:02:25+00:00","og_image":[{"width":640,"height":320,"url":"https:\/\/blogdofarnesio.com.br\/wp-content\/uploads\/2019\/08\/blogqspJaques-Wagner-by-Agencia-Brasil-1140x570.jpg","type":"image\/jpeg"}],"author":"Farn\u00e9sio","twitter_card":"summary_large_image","twitter_misc":{"Escrito por":"Farn\u00e9sio","Est. tempo de leitura":"3 minutos"},"schema":{"@context":"https:\/\/schema.org","@graph":[{"@type":"Article","@id":"https:\/\/blogdofarnesio.com.br\/?p=238840#article","isPartOf":{"@id":"https:\/\/blogdofarnesio.com.br\/?p=238840"},"author":{"name":"Farn\u00e9sio","@id":"https:\/\/blogdofarnesio.com.br\/#\/schema\/person\/301c4acf522bccbfdb45af95b5b906a1"},"headline":"Wagner \u00e9 suspeito de receber R$ 1 milh\u00e3o em esquema de caixa 2 para campanha","datePublished":"2019-09-20T20:02:25+00:00","mainEntityOfPage":{"@id":"https:\/\/blogdofarnesio.com.br\/?p=238840"},"wordCount":553,"publisher":{"@id":"https:\/\/blogdofarnesio.com.br\/#organization"},"image":{"@id":"https:\/\/blogdofarnesio.com.br\/?p=238840#primaryimage"},"thumbnailUrl":"https:\/\/blogdofarnesio.com.br\/wp-content\/uploads\/2019\/08\/blogqspJaques-Wagner-by-Agencia-Brasil-1140x570.jpg","articleSection":["Pol\u00edtica"],"inLanguage":"pt-BR"},{"@type":"WebPage","@id":"https:\/\/blogdofarnesio.com.br\/?p=238840","url":"https:\/\/blogdofarnesio.com.br\/?p=238840","name":"Wagner \u00e9 suspeito de receber R$ 1 milh\u00e3o em esquema de caixa 2 para campanha - Blog do Farn\u00e9sio","isPartOf":{"@id":"https:\/\/blogdofarnesio.com.br\/#website"},"primaryImageOfPage":{"@id":"https:\/\/blogdofarnesio.com.br\/?p=238840#primaryimage"},"image":{"@id":"https:\/\/blogdofarnesio.com.br\/?p=238840#primaryimage"},"thumbnailUrl":"https:\/\/blogdofarnesio.com.br\/wp-content\/uploads\/2019\/08\/blogqspJaques-Wagner-by-Agencia-Brasil-1140x570.jpg","datePublished":"2019-09-20T20:02:25+00:00","breadcrumb":{"@id":"https:\/\/blogdofarnesio.com.br\/?p=238840#breadcrumb"},"inLanguage":"pt-BR","potentialAction":[{"@type":"ReadAction","target":["https:\/\/blogdofarnesio.com.br\/?p=238840"]}]},{"@type":"ImageObject","inLanguage":"pt-BR","@id":"https:\/\/blogdofarnesio.com.br\/?p=238840#primaryimage","url":"https:\/\/blogdofarnesio.com.br\/wp-content\/uploads\/2019\/08\/blogqspJaques-Wagner-by-Agencia-Brasil-1140x570.jpg","contentUrl":"https:\/\/blogdofarnesio.com.br\/wp-content\/uploads\/2019\/08\/blogqspJaques-Wagner-by-Agencia-Brasil-1140x570.jpg","width":640,"height":320},{"@type":"BreadcrumbList","@id":"https:\/\/blogdofarnesio.com.br\/?p=238840#breadcrumb","itemListElement":[{"@type":"ListItem","position":1,"name":"In\u00edcio","item":"https:\/\/blogdofarnesio.com.br\/"},{"@type":"ListItem","position":2,"name":"Wagner \u00e9 suspeito de receber R$ 1 milh\u00e3o em esquema de caixa 2 para campanha"}]},{"@type":"WebSite","@id":"https:\/\/blogdofarnesio.com.br\/#website","url":"https:\/\/blogdofarnesio.com.br\/","name":"Blog do Farn\u00e9sio","description":"Quer Saber Pol\u00edtica?","publisher":{"@id":"https:\/\/blogdofarnesio.com.br\/#organization"},"potentialAction":[{"@type":"SearchAction","target":{"@type":"EntryPoint","urlTemplate":"https:\/\/blogdofarnesio.com.br\/?s={search_term_string}"},"query-input":{"@type":"PropertyValueSpecification","valueRequired":true,"valueName":"search_term_string"}}],"inLanguage":"pt-BR"},{"@type":"Organization","@id":"https:\/\/blogdofarnesio.com.br\/#organization","name":"Blog do Farn\u00e9sio","url":"https:\/\/blogdofarnesio.com.br\/","logo":{"@type":"ImageObject","inLanguage":"pt-BR","@id":"https:\/\/blogdofarnesio.com.br\/#\/schema\/logo\/image\/","url":"https:\/\/blogdofarnesio.com.br\/wp-content\/uploads\/2026\/03\/cropped-logo_new-1.png","contentUrl":"https:\/\/blogdofarnesio.com.br\/wp-content\/uploads\/2026\/03\/cropped-logo_new-1.png","width":881,"height":685,"caption":"Blog do Farn\u00e9sio"},"image":{"@id":"https:\/\/blogdofarnesio.com.br\/#\/schema\/logo\/image\/"},"sameAs":["https:\/\/www.facebook.com\/BlogQuerSaberPolitica\/"]},{"@type":"Person","@id":"https:\/\/blogdofarnesio.com.br\/#\/schema\/person\/301c4acf522bccbfdb45af95b5b906a1","name":"Farn\u00e9sio","image":{"@type":"ImageObject","inLanguage":"pt-BR","@id":"https:\/\/secure.gravatar.com\/avatar\/df0c9a14567c056f8ad6876ba5bbd1e3e2c48023eb6807342fc4663adf549f38?s=96&d=mm&r=g","url":"https:\/\/secure.gravatar.com\/avatar\/df0c9a14567c056f8ad6876ba5bbd1e3e2c48023eb6807342fc4663adf549f38?s=96&d=mm&r=g","contentUrl":"https:\/\/secure.gravatar.com\/avatar\/df0c9a14567c056f8ad6876ba5bbd1e3e2c48023eb6807342fc4663adf549f38?s=96&d=mm&r=g","caption":"Farn\u00e9sio"},"sameAs":["https:\/\/quersaberpolitica.com.br"],"url":"https:\/\/blogdofarnesio.com.br\/?author=1"}]}},"_links":{"self":[{"href":"https:\/\/blogdofarnesio.com.br\/index.php?rest_route=\/wp\/v2\/posts\/238840","targetHints":{"allow":["GET"]}}],"collection":[{"href":"https:\/\/blogdofarnesio.com.br\/index.php?rest_route=\/wp\/v2\/posts"}],"about":[{"href":"https:\/\/blogdofarnesio.com.br\/index.php?rest_route=\/wp\/v2\/types\/post"}],"author":[{"embeddable":true,"href":"https:\/\/blogdofarnesio.com.br\/index.php?rest_route=\/wp\/v2\/users\/1"}],"replies":[{"embeddable":true,"href":"https:\/\/blogdofarnesio.com.br\/index.php?rest_route=%2Fwp%2Fv2%2Fcomments&post=238840"}],"version-history":[{"count":0,"href":"https:\/\/blogdofarnesio.com.br\/index.php?rest_route=\/wp\/v2\/posts\/238840\/revisions"}],"wp:featuredmedia":[{"embeddable":true,"href":"https:\/\/blogdofarnesio.com.br\/index.php?rest_route=\/wp\/v2\/media\/236564"}],"wp:attachment":[{"href":"https:\/\/blogdofarnesio.com.br\/index.php?rest_route=%2Fwp%2Fv2%2Fmedia&parent=238840"}],"wp:term":[{"taxonomy":"category","embeddable":true,"href":"https:\/\/blogdofarnesio.com.br\/index.php?rest_route=%2Fwp%2Fv2%2Fcategories&post=238840"},{"taxonomy":"post_tag","embeddable":true,"href":"https:\/\/blogdofarnesio.com.br\/index.php?rest_route=%2Fwp%2Fv2%2Ftags&post=238840"}],"curies":[{"name":"wp","href":"https:\/\/api.w.org\/{rel}","templated":true}]}}