{"id":237964,"date":"2019-09-10T14:40:41","date_gmt":"2019-09-10T17:40:41","guid":{"rendered":"http:\/\/quersaberpolitica.com.br\/2016\/?p=237964"},"modified":"2019-09-10T11:25:55","modified_gmt":"2019-09-10T14:25:55","slug":"mais-de-mil-familias-receberao-titulos-de-posse-dos-seus-imoveis-em-petrolina","status":"publish","type":"post","link":"https:\/\/blogdofarnesio.com.br\/?p=237964","title":{"rendered":"Mais de mil fam\u00edlias receber\u00e3o t\u00edtulos de posse dos seus im\u00f3veis em Petrolina"},"content":{"rendered":"<p style=\"font-weight: 400;\">A regulariza\u00e7\u00e3o fundi\u00e1ria \u00e9 uma das prioridades da atual gest\u00e3o municipal, que assumiu o compromisso de entregar 10 mil escrituras at\u00e9 o fim de 2020. Quase 50% da meta vai ser alcan\u00e7ada nesta ter\u00e7a-feira (10), com a entrega de mais de mil t\u00edtulos de posse de im\u00f3veis aos moradores de diversos bairros da cidade. O evento faz parte da programa\u00e7\u00e3o do anivers\u00e1rio de Petrolina, que no dia 21 de setembro comemora 124 anos.<\/p>\n<p style=\"font-weight: 400;\">A solenidade de entrega ser\u00e1 na Avenida Gleycimara Alves Pereira, ao lado da Pra\u00e7a da Juventude no Jo\u00e3o de Deus, a partir das 19h. Para receber a titularidade, o propriet\u00e1rio do im\u00f3vel precisa apresentar um documento de identifica\u00e7\u00e3o com foto, se for um casal, os dois precisam comprovar a identidade. Al\u00e9m da comunidade que vai receber o evento, tamb\u00e9m ser\u00e3o contemplados com os t\u00edtulos os moradores do S\u00e3o Gon\u00e7alo, Pedro Raimundo, Cosme e Dami\u00e3o, Pedra Linda, Henrique Leite, Fernando Idalino, loteamento Terras do Sul e Alto do Cocar.<\/p>\n<p style=\"font-weight: 400;\">A emiss\u00e3o das escrituras dos im\u00f3veis \u00e9 de gra\u00e7a e est\u00e1 sendo viabilizada pelo programa Petrolina Legal, coordenado pela Secretaria de Desenvolvimento Urbano e Habita\u00e7\u00e3o. At\u00e9 agora 3700 moradias j\u00e1 foram regularizadas pela prefeitura.<\/p>\n<p style=\"font-weight: 400;\">\n<p style=\"font-weight: 400;\">Texto: Andr\u00e9a Meireles<\/p>\n","protected":false},"excerpt":{"rendered":"<p>A regulariza\u00e7\u00e3o fundi\u00e1ria \u00e9 uma das prioridades da atual gest\u00e3o municipal, que assumiu o compromisso de entregar 10 mil escrituras at\u00e9 o fim de 2020. Quase 50% da meta vai ser alcan\u00e7ada nesta ter\u00e7a-feira (10), com a entrega de mais de mil t\u00edtulos de posse de im\u00f3veis aos moradores de diversos bairros da cidade. O evento faz parte da programa\u00e7\u00e3o do anivers\u00e1rio de Petrolina, que no dia 21 de setembro comemora 124 anos. A solenidade de entrega ser\u00e1 na Avenida Gleycimara Alves Pereira, ao lado da Pra\u00e7a da Juventude no Jo\u00e3o de Deus, a partir das 19h. Para receber a titularidade, o propriet\u00e1rio do im\u00f3vel precisa apresentar um documento de identifica\u00e7\u00e3o com foto, se for um casal, os dois precisam&hellip; <\/p>\n","protected":false},"author":1,"featured_media":237965,"comment_status":"closed","ping_status":"closed","sticky":false,"template":"","format":"standard","meta":{"_acf_changed":false,"footnotes":""},"categories":[44],"tags":[],"class_list":["post-237964","post","type-post","status-publish","format-standard","has-post-thumbnail","hentry","category-administracao"],"acf":[],"yoast_head":"<!-- This site is optimized with the Yoast SEO plugin v27.4 - https:\/\/yoast.com\/product\/yoast-seo-wordpress\/ -->\n<title>Mais de mil fam\u00edlias receber\u00e3o t\u00edtulos de posse dos seus im\u00f3veis em Petrolina - Blog do Farn\u00e9sio<\/title>\n<meta name=\"robots\" content=\"index, follow, max-snippet:-1, max-image-preview:large, max-video-preview:-1\" \/>\n<link rel=\"canonical\" href=\"https:\/\/blogdofarnesio.com.br\/?p=237964\" \/>\n<meta property=\"og:locale\" content=\"pt_BR\" \/>\n<meta property=\"og:type\" content=\"article\" \/>\n<meta property=\"og:title\" content=\"Mais de mil fam\u00edlias receber\u00e3o t\u00edtulos de posse dos seus im\u00f3veis em Petrolina - Blog do Farn\u00e9sio\" \/>\n<meta property=\"og:description\" content=\"A regulariza\u00e7\u00e3o fundi\u00e1ria \u00e9 uma das prioridades da atual gest\u00e3o municipal, que assumiu o compromisso de entregar 10 mil escrituras at\u00e9 o fim de 2020. Quase 50% da meta vai ser alcan\u00e7ada nesta ter\u00e7a-feira (10), com a entrega de mais de mil t\u00edtulos de posse de im\u00f3veis aos moradores de diversos bairros da cidade. O evento faz parte da programa\u00e7\u00e3o do anivers\u00e1rio de Petrolina, que no dia 21 de setembro comemora 124 anos. A solenidade de entrega ser\u00e1 na Avenida Gleycimara Alves Pereira, ao lado da Pra\u00e7a da Juventude no Jo\u00e3o de Deus, a partir das 19h. Para receber a titularidade, o propriet\u00e1rio do im\u00f3vel precisa apresentar um documento de identifica\u00e7\u00e3o com foto, se for um casal, os dois precisam&hellip;\" \/>\n<meta property=\"og:url\" content=\"https:\/\/blogdofarnesio.com.br\/?p=237964\" \/>\n<meta property=\"og:site_name\" content=\"Blog do Farn\u00e9sio\" \/>\n<meta property=\"article:publisher\" content=\"https:\/\/www.facebook.com\/BlogQuerSaberPolitica\/\" \/>\n<meta property=\"article:published_time\" content=\"2019-09-10T17:40:41+00:00\" \/>\n<meta property=\"og:image\" content=\"https:\/\/blogdofarnesio.com.br\/wp-content\/uploads\/2019\/09\/BLOGQSP-PETROLINA-LEGAL-JO\u00c3O-DE-DEUS-1.jpeg\" \/>\n\t<meta property=\"og:image:width\" content=\"360\" \/>\n\t<meta property=\"og:image:height\" content=\"640\" \/>\n\t<meta property=\"og:image:type\" content=\"image\/jpeg\" \/>\n<meta name=\"author\" content=\"Farn\u00e9sio\" \/>\n<meta name=\"twitter:card\" content=\"summary_large_image\" \/>\n<meta name=\"twitter:label1\" content=\"Escrito por\" \/>\n\t<meta name=\"twitter:data1\" content=\"Farn\u00e9sio\" \/>\n\t<meta name=\"twitter:label2\" content=\"Est. tempo de leitura\" \/>\n\t<meta name=\"twitter:data2\" content=\"1 minuto\" \/>\n<script type=\"application\/ld+json\" class=\"yoast-schema-graph\">{\"@context\":\"https:\\\/\\\/schema.org\",\"@graph\":[{\"@type\":\"Article\",\"@id\":\"https:\\\/\\\/blogdofarnesio.com.br\\\/?p=237964#article\",\"isPartOf\":{\"@id\":\"https:\\\/\\\/blogdofarnesio.com.br\\\/?p=237964\"},\"author\":{\"name\":\"Farn\u00e9sio\",\"@id\":\"https:\\\/\\\/blogdofarnesio.com.br\\\/#\\\/schema\\\/person\\\/301c4acf522bccbfdb45af95b5b906a1\"},\"headline\":\"Mais de mil fam\u00edlias receber\u00e3o t\u00edtulos de posse dos seus im\u00f3veis em Petrolina\",\"datePublished\":\"2019-09-10T17:40:41+00:00\",\"mainEntityOfPage\":{\"@id\":\"https:\\\/\\\/blogdofarnesio.com.br\\\/?p=237964\"},\"wordCount\":232,\"publisher\":{\"@id\":\"https:\\\/\\\/blogdofarnesio.com.br\\\/#organization\"},\"image\":{\"@id\":\"https:\\\/\\\/blogdofarnesio.com.br\\\/?p=237964#primaryimage\"},\"thumbnailUrl\":\"https:\\\/\\\/blogdofarnesio.com.br\\\/wp-content\\\/uploads\\\/2019\\\/09\\\/BLOGQSP-PETROLINA-LEGAL-JO\u00c3O-DE-DEUS-1.jpeg\",\"articleSection\":[\"Administra\u00e7\u00e3o\"],\"inLanguage\":\"pt-BR\"},{\"@type\":\"WebPage\",\"@id\":\"https:\\\/\\\/blogdofarnesio.com.br\\\/?p=237964\",\"url\":\"https:\\\/\\\/blogdofarnesio.com.br\\\/?p=237964\",\"name\":\"Mais de mil fam\u00edlias receber\u00e3o t\u00edtulos de posse dos seus im\u00f3veis em Petrolina - Blog do Farn\u00e9sio\",\"isPartOf\":{\"@id\":\"https:\\\/\\\/blogdofarnesio.com.br\\\/#website\"},\"primaryImageOfPage\":{\"@id\":\"https:\\\/\\\/blogdofarnesio.com.br\\\/?p=237964#primaryimage\"},\"image\":{\"@id\":\"https:\\\/\\\/blogdofarnesio.com.br\\\/?p=237964#primaryimage\"},\"thumbnailUrl\":\"https:\\\/\\\/blogdofarnesio.com.br\\\/wp-content\\\/uploads\\\/2019\\\/09\\\/BLOGQSP-PETROLINA-LEGAL-JO\u00c3O-DE-DEUS-1.jpeg\",\"datePublished\":\"2019-09-10T17:40:41+00:00\",\"breadcrumb\":{\"@id\":\"https:\\\/\\\/blogdofarnesio.com.br\\\/?p=237964#breadcrumb\"},\"inLanguage\":\"pt-BR\",\"potentialAction\":[{\"@type\":\"ReadAction\",\"target\":[\"https:\\\/\\\/blogdofarnesio.com.br\\\/?p=237964\"]}]},{\"@type\":\"ImageObject\",\"inLanguage\":\"pt-BR\",\"@id\":\"https:\\\/\\\/blogdofarnesio.com.br\\\/?p=237964#primaryimage\",\"url\":\"https:\\\/\\\/blogdofarnesio.com.br\\\/wp-content\\\/uploads\\\/2019\\\/09\\\/BLOGQSP-PETROLINA-LEGAL-JO\u00c3O-DE-DEUS-1.jpeg\",\"contentUrl\":\"https:\\\/\\\/blogdofarnesio.com.br\\\/wp-content\\\/uploads\\\/2019\\\/09\\\/BLOGQSP-PETROLINA-LEGAL-JO\u00c3O-DE-DEUS-1.jpeg\",\"width\":360,\"height\":640},{\"@type\":\"BreadcrumbList\",\"@id\":\"https:\\\/\\\/blogdofarnesio.com.br\\\/?p=237964#breadcrumb\",\"itemListElement\":[{\"@type\":\"ListItem\",\"position\":1,\"name\":\"In\u00edcio\",\"item\":\"https:\\\/\\\/blogdofarnesio.com.br\\\/\"},{\"@type\":\"ListItem\",\"position\":2,\"name\":\"Mais de mil fam\u00edlias receber\u00e3o t\u00edtulos de posse dos seus im\u00f3veis em Petrolina\"}]},{\"@type\":\"WebSite\",\"@id\":\"https:\\\/\\\/blogdofarnesio.com.br\\\/#website\",\"url\":\"https:\\\/\\\/blogdofarnesio.com.br\\\/\",\"name\":\"Blog do Farn\u00e9sio\",\"description\":\"Quer Saber Pol\u00edtica?\",\"publisher\":{\"@id\":\"https:\\\/\\\/blogdofarnesio.com.br\\\/#organization\"},\"potentialAction\":[{\"@type\":\"SearchAction\",\"target\":{\"@type\":\"EntryPoint\",\"urlTemplate\":\"https:\\\/\\\/blogdofarnesio.com.br\\\/?s={search_term_string}\"},\"query-input\":{\"@type\":\"PropertyValueSpecification\",\"valueRequired\":true,\"valueName\":\"search_term_string\"}}],\"inLanguage\":\"pt-BR\"},{\"@type\":\"Organization\",\"@id\":\"https:\\\/\\\/blogdofarnesio.com.br\\\/#organization\",\"name\":\"Blog do Farn\u00e9sio\",\"url\":\"https:\\\/\\\/blogdofarnesio.com.br\\\/\",\"logo\":{\"@type\":\"ImageObject\",\"inLanguage\":\"pt-BR\",\"@id\":\"https:\\\/\\\/blogdofarnesio.com.br\\\/#\\\/schema\\\/logo\\\/image\\\/\",\"url\":\"https:\\\/\\\/blogdofarnesio.com.br\\\/wp-content\\\/uploads\\\/2026\\\/03\\\/cropped-logo_new-1.png\",\"contentUrl\":\"https:\\\/\\\/blogdofarnesio.com.br\\\/wp-content\\\/uploads\\\/2026\\\/03\\\/cropped-logo_new-1.png\",\"width\":881,\"height\":685,\"caption\":\"Blog do Farn\u00e9sio\"},\"image\":{\"@id\":\"https:\\\/\\\/blogdofarnesio.com.br\\\/#\\\/schema\\\/logo\\\/image\\\/\"},\"sameAs\":[\"https:\\\/\\\/www.facebook.com\\\/BlogQuerSaberPolitica\\\/\"]},{\"@type\":\"Person\",\"@id\":\"https:\\\/\\\/blogdofarnesio.com.br\\\/#\\\/schema\\\/person\\\/301c4acf522bccbfdb45af95b5b906a1\",\"name\":\"Farn\u00e9sio\",\"image\":{\"@type\":\"ImageObject\",\"inLanguage\":\"pt-BR\",\"@id\":\"https:\\\/\\\/secure.gravatar.com\\\/avatar\\\/df0c9a14567c056f8ad6876ba5bbd1e3e2c48023eb6807342fc4663adf549f38?s=96&d=mm&r=g\",\"url\":\"https:\\\/\\\/secure.gravatar.com\\\/avatar\\\/df0c9a14567c056f8ad6876ba5bbd1e3e2c48023eb6807342fc4663adf549f38?s=96&d=mm&r=g\",\"contentUrl\":\"https:\\\/\\\/secure.gravatar.com\\\/avatar\\\/df0c9a14567c056f8ad6876ba5bbd1e3e2c48023eb6807342fc4663adf549f38?s=96&d=mm&r=g\",\"caption\":\"Farn\u00e9sio\"},\"sameAs\":[\"https:\\\/\\\/quersaberpolitica.com.br\"],\"url\":\"https:\\\/\\\/blogdofarnesio.com.br\\\/?author=1\"}]}<\/script>\n<!-- \/ Yoast SEO plugin. -->","yoast_head_json":{"title":"Mais de mil fam\u00edlias receber\u00e3o t\u00edtulos de posse dos seus im\u00f3veis em Petrolina - Blog do Farn\u00e9sio","robots":{"index":"index","follow":"follow","max-snippet":"max-snippet:-1","max-image-preview":"max-image-preview:large","max-video-preview":"max-video-preview:-1"},"canonical":"https:\/\/blogdofarnesio.com.br\/?p=237964","og_locale":"pt_BR","og_type":"article","og_title":"Mais de mil fam\u00edlias receber\u00e3o t\u00edtulos de posse dos seus im\u00f3veis em Petrolina - Blog do Farn\u00e9sio","og_description":"A regulariza\u00e7\u00e3o fundi\u00e1ria \u00e9 uma das prioridades da atual gest\u00e3o municipal, que assumiu o compromisso de entregar 10 mil escrituras at\u00e9 o fim de 2020. Quase 50% da meta vai ser alcan\u00e7ada nesta ter\u00e7a-feira (10), com a entrega de mais de mil t\u00edtulos de posse de im\u00f3veis aos moradores de diversos bairros da cidade. O evento faz parte da programa\u00e7\u00e3o do anivers\u00e1rio de Petrolina, que no dia 21 de setembro comemora 124 anos. A solenidade de entrega ser\u00e1 na Avenida Gleycimara Alves Pereira, ao lado da Pra\u00e7a da Juventude no Jo\u00e3o de Deus, a partir das 19h. Para receber a titularidade, o propriet\u00e1rio do im\u00f3vel precisa apresentar um documento de identifica\u00e7\u00e3o com foto, se for um casal, os dois precisam&hellip;","og_url":"https:\/\/blogdofarnesio.com.br\/?p=237964","og_site_name":"Blog do Farn\u00e9sio","article_publisher":"https:\/\/www.facebook.com\/BlogQuerSaberPolitica\/","article_published_time":"2019-09-10T17:40:41+00:00","og_image":[{"width":360,"height":640,"url":"https:\/\/blogdofarnesio.com.br\/wp-content\/uploads\/2019\/09\/BLOGQSP-PETROLINA-LEGAL-JO\u00c3O-DE-DEUS-1.jpeg","type":"image\/jpeg"}],"author":"Farn\u00e9sio","twitter_card":"summary_large_image","twitter_misc":{"Escrito por":"Farn\u00e9sio","Est. tempo de leitura":"1 minuto"},"schema":{"@context":"https:\/\/schema.org","@graph":[{"@type":"Article","@id":"https:\/\/blogdofarnesio.com.br\/?p=237964#article","isPartOf":{"@id":"https:\/\/blogdofarnesio.com.br\/?p=237964"},"author":{"name":"Farn\u00e9sio","@id":"https:\/\/blogdofarnesio.com.br\/#\/schema\/person\/301c4acf522bccbfdb45af95b5b906a1"},"headline":"Mais de mil fam\u00edlias receber\u00e3o t\u00edtulos de posse dos seus im\u00f3veis em Petrolina","datePublished":"2019-09-10T17:40:41+00:00","mainEntityOfPage":{"@id":"https:\/\/blogdofarnesio.com.br\/?p=237964"},"wordCount":232,"publisher":{"@id":"https:\/\/blogdofarnesio.com.br\/#organization"},"image":{"@id":"https:\/\/blogdofarnesio.com.br\/?p=237964#primaryimage"},"thumbnailUrl":"https:\/\/blogdofarnesio.com.br\/wp-content\/uploads\/2019\/09\/BLOGQSP-PETROLINA-LEGAL-JO\u00c3O-DE-DEUS-1.jpeg","articleSection":["Administra\u00e7\u00e3o"],"inLanguage":"pt-BR"},{"@type":"WebPage","@id":"https:\/\/blogdofarnesio.com.br\/?p=237964","url":"https:\/\/blogdofarnesio.com.br\/?p=237964","name":"Mais de mil fam\u00edlias receber\u00e3o t\u00edtulos de posse dos seus im\u00f3veis em Petrolina - Blog do Farn\u00e9sio","isPartOf":{"@id":"https:\/\/blogdofarnesio.com.br\/#website"},"primaryImageOfPage":{"@id":"https:\/\/blogdofarnesio.com.br\/?p=237964#primaryimage"},"image":{"@id":"https:\/\/blogdofarnesio.com.br\/?p=237964#primaryimage"},"thumbnailUrl":"https:\/\/blogdofarnesio.com.br\/wp-content\/uploads\/2019\/09\/BLOGQSP-PETROLINA-LEGAL-JO\u00c3O-DE-DEUS-1.jpeg","datePublished":"2019-09-10T17:40:41+00:00","breadcrumb":{"@id":"https:\/\/blogdofarnesio.com.br\/?p=237964#breadcrumb"},"inLanguage":"pt-BR","potentialAction":[{"@type":"ReadAction","target":["https:\/\/blogdofarnesio.com.br\/?p=237964"]}]},{"@type":"ImageObject","inLanguage":"pt-BR","@id":"https:\/\/blogdofarnesio.com.br\/?p=237964#primaryimage","url":"https:\/\/blogdofarnesio.com.br\/wp-content\/uploads\/2019\/09\/BLOGQSP-PETROLINA-LEGAL-JO\u00c3O-DE-DEUS-1.jpeg","contentUrl":"https:\/\/blogdofarnesio.com.br\/wp-content\/uploads\/2019\/09\/BLOGQSP-PETROLINA-LEGAL-JO\u00c3O-DE-DEUS-1.jpeg","width":360,"height":640},{"@type":"BreadcrumbList","@id":"https:\/\/blogdofarnesio.com.br\/?p=237964#breadcrumb","itemListElement":[{"@type":"ListItem","position":1,"name":"In\u00edcio","item":"https:\/\/blogdofarnesio.com.br\/"},{"@type":"ListItem","position":2,"name":"Mais de mil fam\u00edlias receber\u00e3o t\u00edtulos de posse dos seus im\u00f3veis em Petrolina"}]},{"@type":"WebSite","@id":"https:\/\/blogdofarnesio.com.br\/#website","url":"https:\/\/blogdofarnesio.com.br\/","name":"Blog do Farn\u00e9sio","description":"Quer Saber Pol\u00edtica?","publisher":{"@id":"https:\/\/blogdofarnesio.com.br\/#organization"},"potentialAction":[{"@type":"SearchAction","target":{"@type":"EntryPoint","urlTemplate":"https:\/\/blogdofarnesio.com.br\/?s={search_term_string}"},"query-input":{"@type":"PropertyValueSpecification","valueRequired":true,"valueName":"search_term_string"}}],"inLanguage":"pt-BR"},{"@type":"Organization","@id":"https:\/\/blogdofarnesio.com.br\/#organization","name":"Blog do Farn\u00e9sio","url":"https:\/\/blogdofarnesio.com.br\/","logo":{"@type":"ImageObject","inLanguage":"pt-BR","@id":"https:\/\/blogdofarnesio.com.br\/#\/schema\/logo\/image\/","url":"https:\/\/blogdofarnesio.com.br\/wp-content\/uploads\/2026\/03\/cropped-logo_new-1.png","contentUrl":"https:\/\/blogdofarnesio.com.br\/wp-content\/uploads\/2026\/03\/cropped-logo_new-1.png","width":881,"height":685,"caption":"Blog do Farn\u00e9sio"},"image":{"@id":"https:\/\/blogdofarnesio.com.br\/#\/schema\/logo\/image\/"},"sameAs":["https:\/\/www.facebook.com\/BlogQuerSaberPolitica\/"]},{"@type":"Person","@id":"https:\/\/blogdofarnesio.com.br\/#\/schema\/person\/301c4acf522bccbfdb45af95b5b906a1","name":"Farn\u00e9sio","image":{"@type":"ImageObject","inLanguage":"pt-BR","@id":"https:\/\/secure.gravatar.com\/avatar\/df0c9a14567c056f8ad6876ba5bbd1e3e2c48023eb6807342fc4663adf549f38?s=96&d=mm&r=g","url":"https:\/\/secure.gravatar.com\/avatar\/df0c9a14567c056f8ad6876ba5bbd1e3e2c48023eb6807342fc4663adf549f38?s=96&d=mm&r=g","contentUrl":"https:\/\/secure.gravatar.com\/avatar\/df0c9a14567c056f8ad6876ba5bbd1e3e2c48023eb6807342fc4663adf549f38?s=96&d=mm&r=g","caption":"Farn\u00e9sio"},"sameAs":["https:\/\/quersaberpolitica.com.br"],"url":"https:\/\/blogdofarnesio.com.br\/?author=1"}]}},"_links":{"self":[{"href":"https:\/\/blogdofarnesio.com.br\/index.php?rest_route=\/wp\/v2\/posts\/237964","targetHints":{"allow":["GET"]}}],"collection":[{"href":"https:\/\/blogdofarnesio.com.br\/index.php?rest_route=\/wp\/v2\/posts"}],"about":[{"href":"https:\/\/blogdofarnesio.com.br\/index.php?rest_route=\/wp\/v2\/types\/post"}],"author":[{"embeddable":true,"href":"https:\/\/blogdofarnesio.com.br\/index.php?rest_route=\/wp\/v2\/users\/1"}],"replies":[{"embeddable":true,"href":"https:\/\/blogdofarnesio.com.br\/index.php?rest_route=%2Fwp%2Fv2%2Fcomments&post=237964"}],"version-history":[{"count":0,"href":"https:\/\/blogdofarnesio.com.br\/index.php?rest_route=\/wp\/v2\/posts\/237964\/revisions"}],"wp:featuredmedia":[{"embeddable":true,"href":"https:\/\/blogdofarnesio.com.br\/index.php?rest_route=\/wp\/v2\/media\/237965"}],"wp:attachment":[{"href":"https:\/\/blogdofarnesio.com.br\/index.php?rest_route=%2Fwp%2Fv2%2Fmedia&parent=237964"}],"wp:term":[{"taxonomy":"category","embeddable":true,"href":"https:\/\/blogdofarnesio.com.br\/index.php?rest_route=%2Fwp%2Fv2%2Fcategories&post=237964"},{"taxonomy":"post_tag","embeddable":true,"href":"https:\/\/blogdofarnesio.com.br\/index.php?rest_route=%2Fwp%2Fv2%2Ftags&post=237964"}],"curies":[{"name":"wp","href":"https:\/\/api.w.org\/{rel}","templated":true}]}}