{"id":237958,"date":"2019-09-10T14:00:43","date_gmt":"2019-09-10T17:00:43","guid":{"rendered":"http:\/\/quersaberpolitica.com.br\/2016\/?p=237958"},"modified":"2019-09-10T12:29:57","modified_gmt":"2019-09-10T15:29:57","slug":"prefeitura-de-petrolina-notifica-cidadao-que-furtou-arvore-plantada-pelo-municipio","status":"publish","type":"post","link":"https:\/\/blogdofarnesio.com.br\/?p=237958","title":{"rendered":"Prefeitura de Petrolina notifica cidad\u00e3o que furtou \u00e1rvore plantada pelo munic\u00edpio; Veja o v\u00eddeo"},"content":{"rendered":"<p dir=\"ltr\">A segunda-feira (9) come\u00e7ou com decep\u00e7\u00e3o para quem estava trabalhando no plantio de mais de 200 mudas na Avenida Ulysses Guimar\u00e3es, em Petrolina. \u00c9 que uma palmeira havia sido furtada, deixando no local, um vazio entre as \u00e1rvores.<\/p>\n<p dir=\"ltr\">Os servidores da Ag\u00eancia Municipal do Meio Ambiente (AMMA) foram em busca de imagens de c\u00e2meras no entorno e, descobriram que a planta havia sido furtada no final da domingo (8), por um homem em uma carro\u00e7a. Ap\u00f3s investiga\u00e7\u00f5es, descobriram quem e onde estava a muda retirada.<\/p>\n<div style=\"width: 848px;\" class=\"wp-video\"><video class=\"wp-video-shortcode\" id=\"video-237958-1\" width=\"848\" height=\"480\" preload=\"metadata\" controls=\"controls\"><source type=\"video\/mp4\" src=\"http:\/\/quersaberpolitica.com.br\/2016\/wp-content\/uploads\/2019\/09\/V\u00eddeo-roubo-palmeira-1.mp4?_=1\" \/><a href=\"http:\/\/quersaberpolitica.com.br\/2016\/wp-content\/uploads\/2019\/09\/V\u00eddeo-roubo-palmeira-1.mp4\">http:\/\/quersaberpolitica.com.br\/2016\/wp-content\/uploads\/2019\/09\/V\u00eddeo-roubo-palmeira-1.mp4<\/a><\/video><\/div>\n<p dir=\"ltr\">Apesar do tom c\u00f4mico, o furto de bem p\u00fablico \u00e9 algo s\u00e9rio e o praticante poderia sofrer a pena de um a quatro anos de reclus\u00e3o e multa, de acordo com C\u00f3digo Penal Brasileiro, enquadrado no crime de furto. As pessoas que presenciarem dano ao patrim\u00f4nio p\u00fablico, podem acionar a Guarda Municipal pelo 153.<\/p>\n<div>\n<p dir=\"ltr\">Fotos: Prefeitura de Petrolina<\/p>\n<\/div>\n","protected":false},"excerpt":{"rendered":"<p>A segunda-feira (9) come\u00e7ou com decep\u00e7\u00e3o para quem estava trabalhando no plantio de mais de 200 mudas na Avenida Ulysses Guimar\u00e3es, em Petrolina. \u00c9 que uma palmeira havia sido furtada, deixando no local, um vazio entre as \u00e1rvores. Os servidores da Ag\u00eancia Municipal do Meio Ambiente (AMMA) foram em busca de imagens de c\u00e2meras no entorno e, descobriram que a planta havia sido furtada no final da domingo (8), por um homem em uma carro\u00e7a. Ap\u00f3s investiga\u00e7\u00f5es, descobriram quem e onde estava a muda retirada. Apesar do tom c\u00f4mico, o furto de bem p\u00fablico \u00e9 algo s\u00e9rio e o praticante poderia sofrer a pena de um a quatro anos de reclus\u00e3o e multa, de acordo com C\u00f3digo Penal Brasileiro, enquadrado&hellip; <\/p>\n","protected":false},"author":1,"featured_media":237959,"comment_status":"closed","ping_status":"closed","sticky":false,"template":"","format":"standard","meta":{"_acf_changed":false,"footnotes":""},"categories":[44],"tags":[],"class_list":["post-237958","post","type-post","status-publish","format-standard","has-post-thumbnail","hentry","category-administracao"],"acf":[],"yoast_head":"<!-- This site is optimized with the Yoast SEO plugin v27.4 - https:\/\/yoast.com\/product\/yoast-seo-wordpress\/ -->\n<title>Prefeitura de Petrolina notifica cidad\u00e3o que furtou \u00e1rvore plantada pelo munic\u00edpio; Veja o v\u00eddeo - Blog do Farn\u00e9sio<\/title>\n<meta name=\"robots\" content=\"index, follow, max-snippet:-1, max-image-preview:large, max-video-preview:-1\" \/>\n<link rel=\"canonical\" href=\"https:\/\/blogdofarnesio.com.br\/?p=237958\" \/>\n<meta property=\"og:locale\" content=\"pt_BR\" \/>\n<meta property=\"og:type\" content=\"article\" \/>\n<meta property=\"og:title\" content=\"Prefeitura de Petrolina notifica cidad\u00e3o que furtou \u00e1rvore plantada pelo munic\u00edpio; Veja o v\u00eddeo - Blog do Farn\u00e9sio\" \/>\n<meta property=\"og:description\" content=\"A segunda-feira (9) come\u00e7ou com decep\u00e7\u00e3o para quem estava trabalhando no plantio de mais de 200 mudas na Avenida Ulysses Guimar\u00e3es, em Petrolina. \u00c9 que uma palmeira havia sido furtada, deixando no local, um vazio entre as \u00e1rvores. Os servidores da Ag\u00eancia Municipal do Meio Ambiente (AMMA) foram em busca de imagens de c\u00e2meras no entorno e, descobriram que a planta havia sido furtada no final da domingo (8), por um homem em uma carro\u00e7a. Ap\u00f3s investiga\u00e7\u00f5es, descobriram quem e onde estava a muda retirada. Apesar do tom c\u00f4mico, o furto de bem p\u00fablico \u00e9 algo s\u00e9rio e o praticante poderia sofrer a pena de um a quatro anos de reclus\u00e3o e multa, de acordo com C\u00f3digo Penal Brasileiro, enquadrado&hellip;\" \/>\n<meta property=\"og:url\" content=\"https:\/\/blogdofarnesio.com.br\/?p=237958\" \/>\n<meta property=\"og:site_name\" content=\"Blog do Farn\u00e9sio\" \/>\n<meta property=\"article:publisher\" content=\"https:\/\/www.facebook.com\/BlogQuerSaberPolitica\/\" \/>\n<meta property=\"article:published_time\" content=\"2019-09-10T17:00:43+00:00\" \/>\n<meta property=\"og:image\" content=\"https:\/\/blogdofarnesio.com.br\/wp-content\/uploads\/2019\/09\/BLOGQSP-roubo-palmenira-3.jpg\" \/>\n\t<meta property=\"og:image:width\" content=\"640\" \/>\n\t<meta property=\"og:image:height\" content=\"480\" \/>\n\t<meta property=\"og:image:type\" content=\"image\/jpeg\" \/>\n<meta name=\"author\" content=\"Farn\u00e9sio\" \/>\n<meta name=\"twitter:card\" content=\"summary_large_image\" \/>\n<meta name=\"twitter:label1\" content=\"Escrito por\" \/>\n\t<meta name=\"twitter:data1\" content=\"Farn\u00e9sio\" \/>\n\t<meta name=\"twitter:label2\" content=\"Est. tempo de leitura\" \/>\n\t<meta name=\"twitter:data2\" content=\"1 minuto\" \/>\n<script type=\"application\/ld+json\" class=\"yoast-schema-graph\">{\"@context\":\"https:\\\/\\\/schema.org\",\"@graph\":[{\"@type\":\"Article\",\"@id\":\"https:\\\/\\\/blogdofarnesio.com.br\\\/?p=237958#article\",\"isPartOf\":{\"@id\":\"https:\\\/\\\/blogdofarnesio.com.br\\\/?p=237958\"},\"author\":{\"name\":\"Farn\u00e9sio\",\"@id\":\"https:\\\/\\\/blogdofarnesio.com.br\\\/#\\\/schema\\\/person\\\/301c4acf522bccbfdb45af95b5b906a1\"},\"headline\":\"Prefeitura de Petrolina notifica cidad\u00e3o que furtou \u00e1rvore plantada pelo munic\u00edpio; Veja o v\u00eddeo\",\"datePublished\":\"2019-09-10T17:00:43+00:00\",\"mainEntityOfPage\":{\"@id\":\"https:\\\/\\\/blogdofarnesio.com.br\\\/?p=237958\"},\"wordCount\":183,\"publisher\":{\"@id\":\"https:\\\/\\\/blogdofarnesio.com.br\\\/#organization\"},\"image\":{\"@id\":\"https:\\\/\\\/blogdofarnesio.com.br\\\/?p=237958#primaryimage\"},\"thumbnailUrl\":\"https:\\\/\\\/blogdofarnesio.com.br\\\/wp-content\\\/uploads\\\/2019\\\/09\\\/BLOGQSP-roubo-palmenira-3.jpg\",\"articleSection\":[\"Administra\u00e7\u00e3o\"],\"inLanguage\":\"pt-BR\"},{\"@type\":\"WebPage\",\"@id\":\"https:\\\/\\\/blogdofarnesio.com.br\\\/?p=237958\",\"url\":\"https:\\\/\\\/blogdofarnesio.com.br\\\/?p=237958\",\"name\":\"Prefeitura de Petrolina notifica cidad\u00e3o que furtou \u00e1rvore plantada pelo munic\u00edpio; Veja o v\u00eddeo - Blog do Farn\u00e9sio\",\"isPartOf\":{\"@id\":\"https:\\\/\\\/blogdofarnesio.com.br\\\/#website\"},\"primaryImageOfPage\":{\"@id\":\"https:\\\/\\\/blogdofarnesio.com.br\\\/?p=237958#primaryimage\"},\"image\":{\"@id\":\"https:\\\/\\\/blogdofarnesio.com.br\\\/?p=237958#primaryimage\"},\"thumbnailUrl\":\"https:\\\/\\\/blogdofarnesio.com.br\\\/wp-content\\\/uploads\\\/2019\\\/09\\\/BLOGQSP-roubo-palmenira-3.jpg\",\"datePublished\":\"2019-09-10T17:00:43+00:00\",\"breadcrumb\":{\"@id\":\"https:\\\/\\\/blogdofarnesio.com.br\\\/?p=237958#breadcrumb\"},\"inLanguage\":\"pt-BR\",\"potentialAction\":[{\"@type\":\"ReadAction\",\"target\":[\"https:\\\/\\\/blogdofarnesio.com.br\\\/?p=237958\"]}]},{\"@type\":\"ImageObject\",\"inLanguage\":\"pt-BR\",\"@id\":\"https:\\\/\\\/blogdofarnesio.com.br\\\/?p=237958#primaryimage\",\"url\":\"https:\\\/\\\/blogdofarnesio.com.br\\\/wp-content\\\/uploads\\\/2019\\\/09\\\/BLOGQSP-roubo-palmenira-3.jpg\",\"contentUrl\":\"https:\\\/\\\/blogdofarnesio.com.br\\\/wp-content\\\/uploads\\\/2019\\\/09\\\/BLOGQSP-roubo-palmenira-3.jpg\",\"width\":640,\"height\":480},{\"@type\":\"BreadcrumbList\",\"@id\":\"https:\\\/\\\/blogdofarnesio.com.br\\\/?p=237958#breadcrumb\",\"itemListElement\":[{\"@type\":\"ListItem\",\"position\":1,\"name\":\"In\u00edcio\",\"item\":\"https:\\\/\\\/blogdofarnesio.com.br\\\/\"},{\"@type\":\"ListItem\",\"position\":2,\"name\":\"Prefeitura de Petrolina notifica cidad\u00e3o que furtou \u00e1rvore plantada pelo munic\u00edpio; Veja o v\u00eddeo\"}]},{\"@type\":\"WebSite\",\"@id\":\"https:\\\/\\\/blogdofarnesio.com.br\\\/#website\",\"url\":\"https:\\\/\\\/blogdofarnesio.com.br\\\/\",\"name\":\"Blog do Farn\u00e9sio\",\"description\":\"Quer Saber Pol\u00edtica?\",\"publisher\":{\"@id\":\"https:\\\/\\\/blogdofarnesio.com.br\\\/#organization\"},\"potentialAction\":[{\"@type\":\"SearchAction\",\"target\":{\"@type\":\"EntryPoint\",\"urlTemplate\":\"https:\\\/\\\/blogdofarnesio.com.br\\\/?s={search_term_string}\"},\"query-input\":{\"@type\":\"PropertyValueSpecification\",\"valueRequired\":true,\"valueName\":\"search_term_string\"}}],\"inLanguage\":\"pt-BR\"},{\"@type\":\"Organization\",\"@id\":\"https:\\\/\\\/blogdofarnesio.com.br\\\/#organization\",\"name\":\"Blog do Farn\u00e9sio\",\"url\":\"https:\\\/\\\/blogdofarnesio.com.br\\\/\",\"logo\":{\"@type\":\"ImageObject\",\"inLanguage\":\"pt-BR\",\"@id\":\"https:\\\/\\\/blogdofarnesio.com.br\\\/#\\\/schema\\\/logo\\\/image\\\/\",\"url\":\"https:\\\/\\\/blogdofarnesio.com.br\\\/wp-content\\\/uploads\\\/2026\\\/03\\\/cropped-logo_new-1.png\",\"contentUrl\":\"https:\\\/\\\/blogdofarnesio.com.br\\\/wp-content\\\/uploads\\\/2026\\\/03\\\/cropped-logo_new-1.png\",\"width\":881,\"height\":685,\"caption\":\"Blog do Farn\u00e9sio\"},\"image\":{\"@id\":\"https:\\\/\\\/blogdofarnesio.com.br\\\/#\\\/schema\\\/logo\\\/image\\\/\"},\"sameAs\":[\"https:\\\/\\\/www.facebook.com\\\/BlogQuerSaberPolitica\\\/\"]},{\"@type\":\"Person\",\"@id\":\"https:\\\/\\\/blogdofarnesio.com.br\\\/#\\\/schema\\\/person\\\/301c4acf522bccbfdb45af95b5b906a1\",\"name\":\"Farn\u00e9sio\",\"image\":{\"@type\":\"ImageObject\",\"inLanguage\":\"pt-BR\",\"@id\":\"https:\\\/\\\/secure.gravatar.com\\\/avatar\\\/df0c9a14567c056f8ad6876ba5bbd1e3e2c48023eb6807342fc4663adf549f38?s=96&d=mm&r=g\",\"url\":\"https:\\\/\\\/secure.gravatar.com\\\/avatar\\\/df0c9a14567c056f8ad6876ba5bbd1e3e2c48023eb6807342fc4663adf549f38?s=96&d=mm&r=g\",\"contentUrl\":\"https:\\\/\\\/secure.gravatar.com\\\/avatar\\\/df0c9a14567c056f8ad6876ba5bbd1e3e2c48023eb6807342fc4663adf549f38?s=96&d=mm&r=g\",\"caption\":\"Farn\u00e9sio\"},\"sameAs\":[\"https:\\\/\\\/quersaberpolitica.com.br\"],\"url\":\"https:\\\/\\\/blogdofarnesio.com.br\\\/?author=1\"}]}<\/script>\n<!-- \/ Yoast SEO plugin. -->","yoast_head_json":{"title":"Prefeitura de Petrolina notifica cidad\u00e3o que furtou \u00e1rvore plantada pelo munic\u00edpio; Veja o v\u00eddeo - Blog do Farn\u00e9sio","robots":{"index":"index","follow":"follow","max-snippet":"max-snippet:-1","max-image-preview":"max-image-preview:large","max-video-preview":"max-video-preview:-1"},"canonical":"https:\/\/blogdofarnesio.com.br\/?p=237958","og_locale":"pt_BR","og_type":"article","og_title":"Prefeitura de Petrolina notifica cidad\u00e3o que furtou \u00e1rvore plantada pelo munic\u00edpio; Veja o v\u00eddeo - Blog do Farn\u00e9sio","og_description":"A segunda-feira (9) come\u00e7ou com decep\u00e7\u00e3o para quem estava trabalhando no plantio de mais de 200 mudas na Avenida Ulysses Guimar\u00e3es, em Petrolina. \u00c9 que uma palmeira havia sido furtada, deixando no local, um vazio entre as \u00e1rvores. Os servidores da Ag\u00eancia Municipal do Meio Ambiente (AMMA) foram em busca de imagens de c\u00e2meras no entorno e, descobriram que a planta havia sido furtada no final da domingo (8), por um homem em uma carro\u00e7a. Ap\u00f3s investiga\u00e7\u00f5es, descobriram quem e onde estava a muda retirada. Apesar do tom c\u00f4mico, o furto de bem p\u00fablico \u00e9 algo s\u00e9rio e o praticante poderia sofrer a pena de um a quatro anos de reclus\u00e3o e multa, de acordo com C\u00f3digo Penal Brasileiro, enquadrado&hellip;","og_url":"https:\/\/blogdofarnesio.com.br\/?p=237958","og_site_name":"Blog do Farn\u00e9sio","article_publisher":"https:\/\/www.facebook.com\/BlogQuerSaberPolitica\/","article_published_time":"2019-09-10T17:00:43+00:00","og_image":[{"width":640,"height":480,"url":"https:\/\/blogdofarnesio.com.br\/wp-content\/uploads\/2019\/09\/BLOGQSP-roubo-palmenira-3.jpg","type":"image\/jpeg"}],"author":"Farn\u00e9sio","twitter_card":"summary_large_image","twitter_misc":{"Escrito por":"Farn\u00e9sio","Est. tempo de leitura":"1 minuto"},"schema":{"@context":"https:\/\/schema.org","@graph":[{"@type":"Article","@id":"https:\/\/blogdofarnesio.com.br\/?p=237958#article","isPartOf":{"@id":"https:\/\/blogdofarnesio.com.br\/?p=237958"},"author":{"name":"Farn\u00e9sio","@id":"https:\/\/blogdofarnesio.com.br\/#\/schema\/person\/301c4acf522bccbfdb45af95b5b906a1"},"headline":"Prefeitura de Petrolina notifica cidad\u00e3o que furtou \u00e1rvore plantada pelo munic\u00edpio; Veja o v\u00eddeo","datePublished":"2019-09-10T17:00:43+00:00","mainEntityOfPage":{"@id":"https:\/\/blogdofarnesio.com.br\/?p=237958"},"wordCount":183,"publisher":{"@id":"https:\/\/blogdofarnesio.com.br\/#organization"},"image":{"@id":"https:\/\/blogdofarnesio.com.br\/?p=237958#primaryimage"},"thumbnailUrl":"https:\/\/blogdofarnesio.com.br\/wp-content\/uploads\/2019\/09\/BLOGQSP-roubo-palmenira-3.jpg","articleSection":["Administra\u00e7\u00e3o"],"inLanguage":"pt-BR"},{"@type":"WebPage","@id":"https:\/\/blogdofarnesio.com.br\/?p=237958","url":"https:\/\/blogdofarnesio.com.br\/?p=237958","name":"Prefeitura de Petrolina notifica cidad\u00e3o que furtou \u00e1rvore plantada pelo munic\u00edpio; Veja o v\u00eddeo - Blog do Farn\u00e9sio","isPartOf":{"@id":"https:\/\/blogdofarnesio.com.br\/#website"},"primaryImageOfPage":{"@id":"https:\/\/blogdofarnesio.com.br\/?p=237958#primaryimage"},"image":{"@id":"https:\/\/blogdofarnesio.com.br\/?p=237958#primaryimage"},"thumbnailUrl":"https:\/\/blogdofarnesio.com.br\/wp-content\/uploads\/2019\/09\/BLOGQSP-roubo-palmenira-3.jpg","datePublished":"2019-09-10T17:00:43+00:00","breadcrumb":{"@id":"https:\/\/blogdofarnesio.com.br\/?p=237958#breadcrumb"},"inLanguage":"pt-BR","potentialAction":[{"@type":"ReadAction","target":["https:\/\/blogdofarnesio.com.br\/?p=237958"]}]},{"@type":"ImageObject","inLanguage":"pt-BR","@id":"https:\/\/blogdofarnesio.com.br\/?p=237958#primaryimage","url":"https:\/\/blogdofarnesio.com.br\/wp-content\/uploads\/2019\/09\/BLOGQSP-roubo-palmenira-3.jpg","contentUrl":"https:\/\/blogdofarnesio.com.br\/wp-content\/uploads\/2019\/09\/BLOGQSP-roubo-palmenira-3.jpg","width":640,"height":480},{"@type":"BreadcrumbList","@id":"https:\/\/blogdofarnesio.com.br\/?p=237958#breadcrumb","itemListElement":[{"@type":"ListItem","position":1,"name":"In\u00edcio","item":"https:\/\/blogdofarnesio.com.br\/"},{"@type":"ListItem","position":2,"name":"Prefeitura de Petrolina notifica cidad\u00e3o que furtou \u00e1rvore plantada pelo munic\u00edpio; Veja o v\u00eddeo"}]},{"@type":"WebSite","@id":"https:\/\/blogdofarnesio.com.br\/#website","url":"https:\/\/blogdofarnesio.com.br\/","name":"Blog do Farn\u00e9sio","description":"Quer Saber Pol\u00edtica?","publisher":{"@id":"https:\/\/blogdofarnesio.com.br\/#organization"},"potentialAction":[{"@type":"SearchAction","target":{"@type":"EntryPoint","urlTemplate":"https:\/\/blogdofarnesio.com.br\/?s={search_term_string}"},"query-input":{"@type":"PropertyValueSpecification","valueRequired":true,"valueName":"search_term_string"}}],"inLanguage":"pt-BR"},{"@type":"Organization","@id":"https:\/\/blogdofarnesio.com.br\/#organization","name":"Blog do Farn\u00e9sio","url":"https:\/\/blogdofarnesio.com.br\/","logo":{"@type":"ImageObject","inLanguage":"pt-BR","@id":"https:\/\/blogdofarnesio.com.br\/#\/schema\/logo\/image\/","url":"https:\/\/blogdofarnesio.com.br\/wp-content\/uploads\/2026\/03\/cropped-logo_new-1.png","contentUrl":"https:\/\/blogdofarnesio.com.br\/wp-content\/uploads\/2026\/03\/cropped-logo_new-1.png","width":881,"height":685,"caption":"Blog do Farn\u00e9sio"},"image":{"@id":"https:\/\/blogdofarnesio.com.br\/#\/schema\/logo\/image\/"},"sameAs":["https:\/\/www.facebook.com\/BlogQuerSaberPolitica\/"]},{"@type":"Person","@id":"https:\/\/blogdofarnesio.com.br\/#\/schema\/person\/301c4acf522bccbfdb45af95b5b906a1","name":"Farn\u00e9sio","image":{"@type":"ImageObject","inLanguage":"pt-BR","@id":"https:\/\/secure.gravatar.com\/avatar\/df0c9a14567c056f8ad6876ba5bbd1e3e2c48023eb6807342fc4663adf549f38?s=96&d=mm&r=g","url":"https:\/\/secure.gravatar.com\/avatar\/df0c9a14567c056f8ad6876ba5bbd1e3e2c48023eb6807342fc4663adf549f38?s=96&d=mm&r=g","contentUrl":"https:\/\/secure.gravatar.com\/avatar\/df0c9a14567c056f8ad6876ba5bbd1e3e2c48023eb6807342fc4663adf549f38?s=96&d=mm&r=g","caption":"Farn\u00e9sio"},"sameAs":["https:\/\/quersaberpolitica.com.br"],"url":"https:\/\/blogdofarnesio.com.br\/?author=1"}]}},"_links":{"self":[{"href":"https:\/\/blogdofarnesio.com.br\/index.php?rest_route=\/wp\/v2\/posts\/237958","targetHints":{"allow":["GET"]}}],"collection":[{"href":"https:\/\/blogdofarnesio.com.br\/index.php?rest_route=\/wp\/v2\/posts"}],"about":[{"href":"https:\/\/blogdofarnesio.com.br\/index.php?rest_route=\/wp\/v2\/types\/post"}],"author":[{"embeddable":true,"href":"https:\/\/blogdofarnesio.com.br\/index.php?rest_route=\/wp\/v2\/users\/1"}],"replies":[{"embeddable":true,"href":"https:\/\/blogdofarnesio.com.br\/index.php?rest_route=%2Fwp%2Fv2%2Fcomments&post=237958"}],"version-history":[{"count":0,"href":"https:\/\/blogdofarnesio.com.br\/index.php?rest_route=\/wp\/v2\/posts\/237958\/revisions"}],"wp:featuredmedia":[{"embeddable":true,"href":"https:\/\/blogdofarnesio.com.br\/index.php?rest_route=\/wp\/v2\/media\/237959"}],"wp:attachment":[{"href":"https:\/\/blogdofarnesio.com.br\/index.php?rest_route=%2Fwp%2Fv2%2Fmedia&parent=237958"}],"wp:term":[{"taxonomy":"category","embeddable":true,"href":"https:\/\/blogdofarnesio.com.br\/index.php?rest_route=%2Fwp%2Fv2%2Fcategories&post=237958"},{"taxonomy":"post_tag","embeddable":true,"href":"https:\/\/blogdofarnesio.com.br\/index.php?rest_route=%2Fwp%2Fv2%2Ftags&post=237958"}],"curies":[{"name":"wp","href":"https:\/\/api.w.org\/{rel}","templated":true}]}}