{"id":237519,"date":"2019-09-05T07:40:47","date_gmt":"2019-09-05T10:40:47","guid":{"rendered":"http:\/\/quersaberpolitica.com.br\/2016\/?p=237519"},"modified":"2019-09-04T21:29:11","modified_gmt":"2019-09-05T00:29:11","slug":"postos-de-combustiveis-sao-interditados-em-sr-do-bonfim","status":"publish","type":"post","link":"https:\/\/blogdofarnesio.com.br\/?p=237519","title":{"rendered":"Postos de Combust\u00edveis s\u00e3o interditados em Sr. do Bonfim"},"content":{"rendered":"<div class=\"td-post-header\">\n<header class=\"td-post-title\">\n<div class=\"td-module-meta-info\"><\/div>\n<\/header>\n<\/div>\n<div class=\"td-post-content\">\n<div class=\"viavi_container\"><\/div>\n<p>Nesta quarta (04), a Superintendente do Meio Ambiente em parceria com a PM do 6\u00ba BPM, esteve interditando tr\u00eas postos de combust\u00edveis em Senhor do Bonfim, sendo dois na sede e um na zona rural. De acordo com Bernadete Rocha, a Rede de Postos Vit\u00f3ria, que tem 4 postos em Senhor do Bonfim, encontra-se em desconformidade com o meio ambiente, segundo a Superintendente,\u00a0<i>\u201cj\u00e1 tem algum tempo que a gente notifica o posto, chamamos para conversa foi assinado um termo e em nenhum momento os termos do acordo foi cumprido, \u00e9 irregularidade ambiental\u201d<\/i>, disse Bernadete.<br \/>\n<i><\/i><\/p>\n<p><img loading=\"lazy\" decoding=\"async\" class=\"aligncenter size-full wp-image-145572 td-animation-stack-type0-1\" src=\"http:\/\/bonfimnoticias.com\/site\/wp-content\/uploads\/2019\/09\/postos-s.jpg\" alt=\"\" width=\"640\" height=\"192\" \/><i>\u201cA gente deu prazo para que eles se regularizasse, s\u00e3o 4 postos da mesma rede, teriam despesas para regularizar tudo, ent\u00e3o demos um prazo que n\u00e3o foi cumprido, n\u00f3s j\u00e1 notificamos por diversas vezes depois do vencimento desse prazo, mas infelizmente o propriet\u00e1rio n\u00e3o quis se regularizar, nosso chamamento n\u00e3o foi atendido, demos oportunidade ao m\u00e1ximo, porque a gente n\u00e3o busca prejudicar nenhum empres\u00e1rio, o que a gente quer \u00e9 que fique regular e que o \u00f3rg\u00e3o gestor, que \u00e9 o que tem que fiscalizar e tem que fazer cumprir a lei, n\u00e3o fique tamb\u00e9m errado, se deixarmos eles sem a regulariza\u00e7\u00e3o, n\u00f3s estar\u00edamos compactuando com o erro\u201d<\/i>, pontuou Rocha.<\/p>\n<p>Questionamos sobre a libera\u00e7\u00e3o para o retorno do funcionamento dos postos e, de acordo com Bernadete o propriet\u00e1rio pode buscar junto a Superintend\u00eancia de Meio Ambiente a regulariza\u00e7\u00e3o adequada e\/ou assinar um novo termo de ajuste de conduta, de forma que mostre andamento na legaliza\u00e7\u00e3o.<\/p>\n<p>Dentre os itens que n\u00e3o foram apresentados para a libera\u00e7\u00e3o da licen\u00e7a ambiental s\u00e3o os estudos geol\u00f3gicos e hidrol\u00f3gicos, que s\u00e3o obrigados.<\/p>\n<p>Segundo Bernadete, sendo apresentado esses estudos pode ser revista a possibilidade de reabertura dos postos.<\/p>\n<p><strong>Passos para abertura de um posto<\/strong><\/p>\n<p><strong>1\u00ba<\/strong>\u00a0\u2013 Buscar a viabilidade junto a Secretaria de Meio Ambiente;<br \/>\n<strong>2\u00ba<\/strong>\u00a0\u2013 produzir os estudos geol\u00f3gico e hidrol\u00f3gico;<br \/>\n<strong>3\u00ba<\/strong>\u00a0\u2013 Licen\u00e7a ambiental, etc.<\/p>\n<p><strong>O que diz a resolu\u00e7\u00e3o 273<\/strong><\/p>\n<p>Um posto de combust\u00edvel n\u00e3o pode ser constru\u00eddo a menos de 100 metros de escolas, hospitais, cl\u00ednicas, pr\u00e9dios multifamiliares e igrejas.<\/p>\n<p>Foram interditados os postos da Rua Visconde do Rio Branco, da Olaria e do Distrito de Tijua\u00e7u.<\/p>\n<\/div>\n","protected":false},"excerpt":{"rendered":"<p>Nesta quarta (04), a Superintendente do Meio Ambiente em parceria com a PM do 6\u00ba BPM, esteve interditando tr\u00eas postos de combust\u00edveis em Senhor do Bonfim, sendo dois na sede e um na zona rural. De acordo com Bernadete Rocha, a Rede de Postos Vit\u00f3ria, que tem 4 postos em Senhor do Bonfim, encontra-se em desconformidade com o meio ambiente, segundo a Superintendente,\u00a0\u201cj\u00e1 tem algum tempo que a gente notifica o posto, chamamos para conversa foi assinado um termo e em nenhum momento os termos do acordo foi cumprido, \u00e9 irregularidade ambiental\u201d, disse Bernadete. \u201cA gente deu prazo para que eles se regularizasse, s\u00e3o 4 postos da mesma rede, teriam despesas para regularizar tudo, ent\u00e3o demos um prazo que n\u00e3o&hellip; <\/p>\n","protected":false},"author":1,"featured_media":220949,"comment_status":"closed","ping_status":"closed","sticky":false,"template":"","format":"standard","meta":{"_acf_changed":false,"footnotes":""},"categories":[27,20],"tags":[],"class_list":["post-237519","post","type-post","status-publish","format-standard","has-post-thumbnail","hentry","category-cidades","category-economia"],"acf":[],"yoast_head":"<!-- This site is optimized with the Yoast SEO plugin v27.4 - https:\/\/yoast.com\/product\/yoast-seo-wordpress\/ -->\n<title>Postos de Combust\u00edveis s\u00e3o interditados em Sr. do Bonfim - Blog do Farn\u00e9sio<\/title>\n<meta name=\"robots\" content=\"index, follow, max-snippet:-1, max-image-preview:large, max-video-preview:-1\" \/>\n<link rel=\"canonical\" href=\"https:\/\/blogdofarnesio.com.br\/?p=237519\" \/>\n<meta property=\"og:locale\" content=\"pt_BR\" \/>\n<meta property=\"og:type\" content=\"article\" \/>\n<meta property=\"og:title\" content=\"Postos de Combust\u00edveis s\u00e3o interditados em Sr. do Bonfim - Blog do Farn\u00e9sio\" \/>\n<meta property=\"og:description\" content=\"Nesta quarta (04), a Superintendente do Meio Ambiente em parceria com a PM do 6\u00ba BPM, esteve interditando tr\u00eas postos de combust\u00edveis em Senhor do Bonfim, sendo dois na sede e um na zona rural. De acordo com Bernadete Rocha, a Rede de Postos Vit\u00f3ria, que tem 4 postos em Senhor do Bonfim, encontra-se em desconformidade com o meio ambiente, segundo a Superintendente,\u00a0\u201cj\u00e1 tem algum tempo que a gente notifica o posto, chamamos para conversa foi assinado um termo e em nenhum momento os termos do acordo foi cumprido, \u00e9 irregularidade ambiental\u201d, disse Bernadete. \u201cA gente deu prazo para que eles se regularizasse, s\u00e3o 4 postos da mesma rede, teriam despesas para regularizar tudo, ent\u00e3o demos um prazo que n\u00e3o&hellip;\" \/>\n<meta property=\"og:url\" content=\"https:\/\/blogdofarnesio.com.br\/?p=237519\" \/>\n<meta property=\"og:site_name\" content=\"Blog do Farn\u00e9sio\" \/>\n<meta property=\"article:publisher\" content=\"https:\/\/www.facebook.com\/BlogQuerSaberPolitica\/\" \/>\n<meta property=\"article:published_time\" content=\"2019-09-05T10:40:47+00:00\" \/>\n<meta property=\"og:image\" content=\"https:\/\/blogdofarnesio.com.br\/wp-content\/uploads\/2019\/02\/blogqsppetrobras-fiscaliza\u00e7\u00e3o-prodecon.jpg\" \/>\n\t<meta property=\"og:image:width\" content=\"640\" \/>\n\t<meta property=\"og:image:height\" content=\"426\" \/>\n\t<meta property=\"og:image:type\" content=\"image\/jpeg\" \/>\n<meta name=\"author\" content=\"Farn\u00e9sio\" \/>\n<meta name=\"twitter:card\" content=\"summary_large_image\" \/>\n<meta name=\"twitter:label1\" content=\"Escrito por\" \/>\n\t<meta name=\"twitter:data1\" content=\"Farn\u00e9sio\" \/>\n\t<meta name=\"twitter:label2\" content=\"Est. tempo de leitura\" \/>\n\t<meta name=\"twitter:data2\" content=\"2 minutos\" \/>\n<script type=\"application\/ld+json\" class=\"yoast-schema-graph\">{\"@context\":\"https:\\\/\\\/schema.org\",\"@graph\":[{\"@type\":\"Article\",\"@id\":\"https:\\\/\\\/blogdofarnesio.com.br\\\/?p=237519#article\",\"isPartOf\":{\"@id\":\"https:\\\/\\\/blogdofarnesio.com.br\\\/?p=237519\"},\"author\":{\"name\":\"Farn\u00e9sio\",\"@id\":\"https:\\\/\\\/blogdofarnesio.com.br\\\/#\\\/schema\\\/person\\\/301c4acf522bccbfdb45af95b5b906a1\"},\"headline\":\"Postos de Combust\u00edveis s\u00e3o interditados em Sr. do Bonfim\",\"datePublished\":\"2019-09-05T10:40:47+00:00\",\"mainEntityOfPage\":{\"@id\":\"https:\\\/\\\/blogdofarnesio.com.br\\\/?p=237519\"},\"wordCount\":399,\"publisher\":{\"@id\":\"https:\\\/\\\/blogdofarnesio.com.br\\\/#organization\"},\"image\":{\"@id\":\"https:\\\/\\\/blogdofarnesio.com.br\\\/?p=237519#primaryimage\"},\"thumbnailUrl\":\"https:\\\/\\\/blogdofarnesio.com.br\\\/wp-content\\\/uploads\\\/2019\\\/02\\\/blogqsppetrobras-fiscaliza\u00e7\u00e3o-prodecon.jpg\",\"articleSection\":[\"Cidades\",\"Economia\"],\"inLanguage\":\"pt-BR\"},{\"@type\":\"WebPage\",\"@id\":\"https:\\\/\\\/blogdofarnesio.com.br\\\/?p=237519\",\"url\":\"https:\\\/\\\/blogdofarnesio.com.br\\\/?p=237519\",\"name\":\"Postos de Combust\u00edveis s\u00e3o interditados em Sr. do Bonfim - Blog do Farn\u00e9sio\",\"isPartOf\":{\"@id\":\"https:\\\/\\\/blogdofarnesio.com.br\\\/#website\"},\"primaryImageOfPage\":{\"@id\":\"https:\\\/\\\/blogdofarnesio.com.br\\\/?p=237519#primaryimage\"},\"image\":{\"@id\":\"https:\\\/\\\/blogdofarnesio.com.br\\\/?p=237519#primaryimage\"},\"thumbnailUrl\":\"https:\\\/\\\/blogdofarnesio.com.br\\\/wp-content\\\/uploads\\\/2019\\\/02\\\/blogqsppetrobras-fiscaliza\u00e7\u00e3o-prodecon.jpg\",\"datePublished\":\"2019-09-05T10:40:47+00:00\",\"breadcrumb\":{\"@id\":\"https:\\\/\\\/blogdofarnesio.com.br\\\/?p=237519#breadcrumb\"},\"inLanguage\":\"pt-BR\",\"potentialAction\":[{\"@type\":\"ReadAction\",\"target\":[\"https:\\\/\\\/blogdofarnesio.com.br\\\/?p=237519\"]}]},{\"@type\":\"ImageObject\",\"inLanguage\":\"pt-BR\",\"@id\":\"https:\\\/\\\/blogdofarnesio.com.br\\\/?p=237519#primaryimage\",\"url\":\"https:\\\/\\\/blogdofarnesio.com.br\\\/wp-content\\\/uploads\\\/2019\\\/02\\\/blogqsppetrobras-fiscaliza\u00e7\u00e3o-prodecon.jpg\",\"contentUrl\":\"https:\\\/\\\/blogdofarnesio.com.br\\\/wp-content\\\/uploads\\\/2019\\\/02\\\/blogqsppetrobras-fiscaliza\u00e7\u00e3o-prodecon.jpg\",\"width\":640,\"height\":426,\"caption\":\"Imagem meramente ilustrativa\"},{\"@type\":\"BreadcrumbList\",\"@id\":\"https:\\\/\\\/blogdofarnesio.com.br\\\/?p=237519#breadcrumb\",\"itemListElement\":[{\"@type\":\"ListItem\",\"position\":1,\"name\":\"In\u00edcio\",\"item\":\"https:\\\/\\\/blogdofarnesio.com.br\\\/\"},{\"@type\":\"ListItem\",\"position\":2,\"name\":\"Postos de Combust\u00edveis s\u00e3o interditados em Sr. do Bonfim\"}]},{\"@type\":\"WebSite\",\"@id\":\"https:\\\/\\\/blogdofarnesio.com.br\\\/#website\",\"url\":\"https:\\\/\\\/blogdofarnesio.com.br\\\/\",\"name\":\"Blog do Farn\u00e9sio\",\"description\":\"Quer Saber Pol\u00edtica?\",\"publisher\":{\"@id\":\"https:\\\/\\\/blogdofarnesio.com.br\\\/#organization\"},\"potentialAction\":[{\"@type\":\"SearchAction\",\"target\":{\"@type\":\"EntryPoint\",\"urlTemplate\":\"https:\\\/\\\/blogdofarnesio.com.br\\\/?s={search_term_string}\"},\"query-input\":{\"@type\":\"PropertyValueSpecification\",\"valueRequired\":true,\"valueName\":\"search_term_string\"}}],\"inLanguage\":\"pt-BR\"},{\"@type\":\"Organization\",\"@id\":\"https:\\\/\\\/blogdofarnesio.com.br\\\/#organization\",\"name\":\"Blog do Farn\u00e9sio\",\"url\":\"https:\\\/\\\/blogdofarnesio.com.br\\\/\",\"logo\":{\"@type\":\"ImageObject\",\"inLanguage\":\"pt-BR\",\"@id\":\"https:\\\/\\\/blogdofarnesio.com.br\\\/#\\\/schema\\\/logo\\\/image\\\/\",\"url\":\"https:\\\/\\\/blogdofarnesio.com.br\\\/wp-content\\\/uploads\\\/2026\\\/03\\\/cropped-logo_new-1.png\",\"contentUrl\":\"https:\\\/\\\/blogdofarnesio.com.br\\\/wp-content\\\/uploads\\\/2026\\\/03\\\/cropped-logo_new-1.png\",\"width\":881,\"height\":685,\"caption\":\"Blog do Farn\u00e9sio\"},\"image\":{\"@id\":\"https:\\\/\\\/blogdofarnesio.com.br\\\/#\\\/schema\\\/logo\\\/image\\\/\"},\"sameAs\":[\"https:\\\/\\\/www.facebook.com\\\/BlogQuerSaberPolitica\\\/\"]},{\"@type\":\"Person\",\"@id\":\"https:\\\/\\\/blogdofarnesio.com.br\\\/#\\\/schema\\\/person\\\/301c4acf522bccbfdb45af95b5b906a1\",\"name\":\"Farn\u00e9sio\",\"image\":{\"@type\":\"ImageObject\",\"inLanguage\":\"pt-BR\",\"@id\":\"https:\\\/\\\/secure.gravatar.com\\\/avatar\\\/df0c9a14567c056f8ad6876ba5bbd1e3e2c48023eb6807342fc4663adf549f38?s=96&d=mm&r=g\",\"url\":\"https:\\\/\\\/secure.gravatar.com\\\/avatar\\\/df0c9a14567c056f8ad6876ba5bbd1e3e2c48023eb6807342fc4663adf549f38?s=96&d=mm&r=g\",\"contentUrl\":\"https:\\\/\\\/secure.gravatar.com\\\/avatar\\\/df0c9a14567c056f8ad6876ba5bbd1e3e2c48023eb6807342fc4663adf549f38?s=96&d=mm&r=g\",\"caption\":\"Farn\u00e9sio\"},\"sameAs\":[\"https:\\\/\\\/quersaberpolitica.com.br\"],\"url\":\"https:\\\/\\\/blogdofarnesio.com.br\\\/?author=1\"}]}<\/script>\n<!-- \/ Yoast SEO plugin. -->","yoast_head_json":{"title":"Postos de Combust\u00edveis s\u00e3o interditados em Sr. do Bonfim - Blog do Farn\u00e9sio","robots":{"index":"index","follow":"follow","max-snippet":"max-snippet:-1","max-image-preview":"max-image-preview:large","max-video-preview":"max-video-preview:-1"},"canonical":"https:\/\/blogdofarnesio.com.br\/?p=237519","og_locale":"pt_BR","og_type":"article","og_title":"Postos de Combust\u00edveis s\u00e3o interditados em Sr. do Bonfim - Blog do Farn\u00e9sio","og_description":"Nesta quarta (04), a Superintendente do Meio Ambiente em parceria com a PM do 6\u00ba BPM, esteve interditando tr\u00eas postos de combust\u00edveis em Senhor do Bonfim, sendo dois na sede e um na zona rural. De acordo com Bernadete Rocha, a Rede de Postos Vit\u00f3ria, que tem 4 postos em Senhor do Bonfim, encontra-se em desconformidade com o meio ambiente, segundo a Superintendente,\u00a0\u201cj\u00e1 tem algum tempo que a gente notifica o posto, chamamos para conversa foi assinado um termo e em nenhum momento os termos do acordo foi cumprido, \u00e9 irregularidade ambiental\u201d, disse Bernadete. \u201cA gente deu prazo para que eles se regularizasse, s\u00e3o 4 postos da mesma rede, teriam despesas para regularizar tudo, ent\u00e3o demos um prazo que n\u00e3o&hellip;","og_url":"https:\/\/blogdofarnesio.com.br\/?p=237519","og_site_name":"Blog do Farn\u00e9sio","article_publisher":"https:\/\/www.facebook.com\/BlogQuerSaberPolitica\/","article_published_time":"2019-09-05T10:40:47+00:00","og_image":[{"width":640,"height":426,"url":"https:\/\/blogdofarnesio.com.br\/wp-content\/uploads\/2019\/02\/blogqsppetrobras-fiscaliza\u00e7\u00e3o-prodecon.jpg","type":"image\/jpeg"}],"author":"Farn\u00e9sio","twitter_card":"summary_large_image","twitter_misc":{"Escrito por":"Farn\u00e9sio","Est. tempo de leitura":"2 minutos"},"schema":{"@context":"https:\/\/schema.org","@graph":[{"@type":"Article","@id":"https:\/\/blogdofarnesio.com.br\/?p=237519#article","isPartOf":{"@id":"https:\/\/blogdofarnesio.com.br\/?p=237519"},"author":{"name":"Farn\u00e9sio","@id":"https:\/\/blogdofarnesio.com.br\/#\/schema\/person\/301c4acf522bccbfdb45af95b5b906a1"},"headline":"Postos de Combust\u00edveis s\u00e3o interditados em Sr. do Bonfim","datePublished":"2019-09-05T10:40:47+00:00","mainEntityOfPage":{"@id":"https:\/\/blogdofarnesio.com.br\/?p=237519"},"wordCount":399,"publisher":{"@id":"https:\/\/blogdofarnesio.com.br\/#organization"},"image":{"@id":"https:\/\/blogdofarnesio.com.br\/?p=237519#primaryimage"},"thumbnailUrl":"https:\/\/blogdofarnesio.com.br\/wp-content\/uploads\/2019\/02\/blogqsppetrobras-fiscaliza\u00e7\u00e3o-prodecon.jpg","articleSection":["Cidades","Economia"],"inLanguage":"pt-BR"},{"@type":"WebPage","@id":"https:\/\/blogdofarnesio.com.br\/?p=237519","url":"https:\/\/blogdofarnesio.com.br\/?p=237519","name":"Postos de Combust\u00edveis s\u00e3o interditados em Sr. do Bonfim - Blog do Farn\u00e9sio","isPartOf":{"@id":"https:\/\/blogdofarnesio.com.br\/#website"},"primaryImageOfPage":{"@id":"https:\/\/blogdofarnesio.com.br\/?p=237519#primaryimage"},"image":{"@id":"https:\/\/blogdofarnesio.com.br\/?p=237519#primaryimage"},"thumbnailUrl":"https:\/\/blogdofarnesio.com.br\/wp-content\/uploads\/2019\/02\/blogqsppetrobras-fiscaliza\u00e7\u00e3o-prodecon.jpg","datePublished":"2019-09-05T10:40:47+00:00","breadcrumb":{"@id":"https:\/\/blogdofarnesio.com.br\/?p=237519#breadcrumb"},"inLanguage":"pt-BR","potentialAction":[{"@type":"ReadAction","target":["https:\/\/blogdofarnesio.com.br\/?p=237519"]}]},{"@type":"ImageObject","inLanguage":"pt-BR","@id":"https:\/\/blogdofarnesio.com.br\/?p=237519#primaryimage","url":"https:\/\/blogdofarnesio.com.br\/wp-content\/uploads\/2019\/02\/blogqsppetrobras-fiscaliza\u00e7\u00e3o-prodecon.jpg","contentUrl":"https:\/\/blogdofarnesio.com.br\/wp-content\/uploads\/2019\/02\/blogqsppetrobras-fiscaliza\u00e7\u00e3o-prodecon.jpg","width":640,"height":426,"caption":"Imagem meramente ilustrativa"},{"@type":"BreadcrumbList","@id":"https:\/\/blogdofarnesio.com.br\/?p=237519#breadcrumb","itemListElement":[{"@type":"ListItem","position":1,"name":"In\u00edcio","item":"https:\/\/blogdofarnesio.com.br\/"},{"@type":"ListItem","position":2,"name":"Postos de Combust\u00edveis s\u00e3o interditados em Sr. do Bonfim"}]},{"@type":"WebSite","@id":"https:\/\/blogdofarnesio.com.br\/#website","url":"https:\/\/blogdofarnesio.com.br\/","name":"Blog do Farn\u00e9sio","description":"Quer Saber Pol\u00edtica?","publisher":{"@id":"https:\/\/blogdofarnesio.com.br\/#organization"},"potentialAction":[{"@type":"SearchAction","target":{"@type":"EntryPoint","urlTemplate":"https:\/\/blogdofarnesio.com.br\/?s={search_term_string}"},"query-input":{"@type":"PropertyValueSpecification","valueRequired":true,"valueName":"search_term_string"}}],"inLanguage":"pt-BR"},{"@type":"Organization","@id":"https:\/\/blogdofarnesio.com.br\/#organization","name":"Blog do Farn\u00e9sio","url":"https:\/\/blogdofarnesio.com.br\/","logo":{"@type":"ImageObject","inLanguage":"pt-BR","@id":"https:\/\/blogdofarnesio.com.br\/#\/schema\/logo\/image\/","url":"https:\/\/blogdofarnesio.com.br\/wp-content\/uploads\/2026\/03\/cropped-logo_new-1.png","contentUrl":"https:\/\/blogdofarnesio.com.br\/wp-content\/uploads\/2026\/03\/cropped-logo_new-1.png","width":881,"height":685,"caption":"Blog do Farn\u00e9sio"},"image":{"@id":"https:\/\/blogdofarnesio.com.br\/#\/schema\/logo\/image\/"},"sameAs":["https:\/\/www.facebook.com\/BlogQuerSaberPolitica\/"]},{"@type":"Person","@id":"https:\/\/blogdofarnesio.com.br\/#\/schema\/person\/301c4acf522bccbfdb45af95b5b906a1","name":"Farn\u00e9sio","image":{"@type":"ImageObject","inLanguage":"pt-BR","@id":"https:\/\/secure.gravatar.com\/avatar\/df0c9a14567c056f8ad6876ba5bbd1e3e2c48023eb6807342fc4663adf549f38?s=96&d=mm&r=g","url":"https:\/\/secure.gravatar.com\/avatar\/df0c9a14567c056f8ad6876ba5bbd1e3e2c48023eb6807342fc4663adf549f38?s=96&d=mm&r=g","contentUrl":"https:\/\/secure.gravatar.com\/avatar\/df0c9a14567c056f8ad6876ba5bbd1e3e2c48023eb6807342fc4663adf549f38?s=96&d=mm&r=g","caption":"Farn\u00e9sio"},"sameAs":["https:\/\/quersaberpolitica.com.br"],"url":"https:\/\/blogdofarnesio.com.br\/?author=1"}]}},"_links":{"self":[{"href":"https:\/\/blogdofarnesio.com.br\/index.php?rest_route=\/wp\/v2\/posts\/237519","targetHints":{"allow":["GET"]}}],"collection":[{"href":"https:\/\/blogdofarnesio.com.br\/index.php?rest_route=\/wp\/v2\/posts"}],"about":[{"href":"https:\/\/blogdofarnesio.com.br\/index.php?rest_route=\/wp\/v2\/types\/post"}],"author":[{"embeddable":true,"href":"https:\/\/blogdofarnesio.com.br\/index.php?rest_route=\/wp\/v2\/users\/1"}],"replies":[{"embeddable":true,"href":"https:\/\/blogdofarnesio.com.br\/index.php?rest_route=%2Fwp%2Fv2%2Fcomments&post=237519"}],"version-history":[{"count":0,"href":"https:\/\/blogdofarnesio.com.br\/index.php?rest_route=\/wp\/v2\/posts\/237519\/revisions"}],"wp:featuredmedia":[{"embeddable":true,"href":"https:\/\/blogdofarnesio.com.br\/index.php?rest_route=\/wp\/v2\/media\/220949"}],"wp:attachment":[{"href":"https:\/\/blogdofarnesio.com.br\/index.php?rest_route=%2Fwp%2Fv2%2Fmedia&parent=237519"}],"wp:term":[{"taxonomy":"category","embeddable":true,"href":"https:\/\/blogdofarnesio.com.br\/index.php?rest_route=%2Fwp%2Fv2%2Fcategories&post=237519"},{"taxonomy":"post_tag","embeddable":true,"href":"https:\/\/blogdofarnesio.com.br\/index.php?rest_route=%2Fwp%2Fv2%2Ftags&post=237519"}],"curies":[{"name":"wp","href":"https:\/\/api.w.org\/{rel}","templated":true}]}}