{"id":237504,"date":"2019-09-05T08:03:57","date_gmt":"2019-09-05T11:03:57","guid":{"rendered":"http:\/\/quersaberpolitica.com.br\/2016\/?p=237504"},"modified":"2019-09-04T18:17:59","modified_gmt":"2019-09-04T21:17:59","slug":"237504-2","status":"publish","type":"post","link":"https:\/\/blogdofarnesio.com.br\/?p=237504","title":{"rendered":"Bolsonaro: Brasil \u00e9 pac\u00edfico, mas n\u00e3o continuar\u00e1 sendo passivo com ataques"},"content":{"rendered":"<h1 class=\"entry-title\"><span style=\"font-size: 16px;\">Com Estad\u00e3o Conte\u00fado<\/span><\/h1>\n<div class=\"td-post-text-content\">\n<div class=\"context\">\n<p>O presidente\u00a0<a href=\"https:\/\/jovempan.uol.com.br\/tag\/Jair-Bolsonaro\" target=\"_blank\" rel=\"noopener noreferrer\">Jair Bolsonaro<\/a>\u00a0disse nesta quarta-feira (4) que o Brasil \u00e9 um pa\u00eds pac\u00edfico, mas \u201cn\u00e3o continuar\u00e1 sendo passivo\u201d quando sofrer um \u201cataque \u00e0 soberania\u201d.<\/p>\n<p>\u201cQuando um pa\u00eds nos amea\u00e7a, n\u00e3o vem daquele momento, vem de momentos anteriores, onde infelizmente autoridades e chefes pol\u00edticos n\u00e3o se interessaram com essa quest\u00e3o\u201d, declarou em cerim\u00f4nia em An\u00e1polis, Goi\u00e1s, para entrega da primeira aeronave KC-390 \u00e0 For\u00e7a A\u00e9rea Brasileira (FAB). O modelo \u00e9 fabricado pela Embraer.<\/p>\n<p>No evento, o presidente repetiu que \u201ca Amaz\u00f4nia brasileira \u00e9 nossa\u201d. As declara\u00e7\u00f5es ocorrem ap\u00f3s cr\u00edticas de pa\u00edses europeus, principalmente da Fran\u00e7a, sobre a crise ambiental. Bolsonaro disse que os ataques tiveram efeito positivo, pois teriam engajado a popula\u00e7\u00e3o brasileira a defender a soberania do Pa\u00eds.<\/p>\n<\/div>\n<\/div>\n","protected":false},"excerpt":{"rendered":"<p>Com Estad\u00e3o Conte\u00fado O presidente\u00a0Jair Bolsonaro\u00a0disse nesta quarta-feira (4) que o Brasil \u00e9 um pa\u00eds pac\u00edfico, mas \u201cn\u00e3o continuar\u00e1 sendo passivo\u201d quando sofrer um \u201cataque \u00e0 soberania\u201d. \u201cQuando um pa\u00eds nos amea\u00e7a, n\u00e3o vem daquele momento, vem de momentos anteriores, onde infelizmente autoridades e chefes pol\u00edticos n\u00e3o se interessaram com essa quest\u00e3o\u201d, declarou em cerim\u00f4nia em An\u00e1polis, Goi\u00e1s, para entrega da primeira aeronave KC-390 \u00e0 For\u00e7a A\u00e9rea Brasileira (FAB). O modelo \u00e9 fabricado pela Embraer. No evento, o presidente repetiu que \u201ca Amaz\u00f4nia brasileira \u00e9 nossa\u201d. As declara\u00e7\u00f5es ocorrem ap\u00f3s cr\u00edticas de pa\u00edses europeus, principalmente da Fran\u00e7a, sobre a crise ambiental. Bolsonaro disse que os ataques tiveram efeito positivo, pois teriam engajado a popula\u00e7\u00e3o brasileira a defender a soberania do&hellip; <\/p>\n","protected":false},"author":1,"featured_media":237505,"comment_status":"closed","ping_status":"closed","sticky":false,"template":"","format":"standard","meta":{"_acf_changed":false,"footnotes":""},"categories":[1],"tags":[],"class_list":["post-237504","post","type-post","status-publish","format-standard","has-post-thumbnail","hentry","category-politica"],"acf":[],"yoast_head":"<!-- This site is optimized with the Yoast SEO plugin v27.4 - https:\/\/yoast.com\/product\/yoast-seo-wordpress\/ -->\n<title>Bolsonaro: Brasil \u00e9 pac\u00edfico, mas n\u00e3o continuar\u00e1 sendo passivo com ataques - Blog do Farn\u00e9sio<\/title>\n<meta name=\"robots\" content=\"index, follow, max-snippet:-1, max-image-preview:large, max-video-preview:-1\" \/>\n<link rel=\"canonical\" href=\"https:\/\/blogdofarnesio.com.br\/?p=237504\" \/>\n<meta property=\"og:locale\" content=\"pt_BR\" \/>\n<meta property=\"og:type\" content=\"article\" \/>\n<meta property=\"og:title\" content=\"Bolsonaro: Brasil \u00e9 pac\u00edfico, mas n\u00e3o continuar\u00e1 sendo passivo com ataques - Blog do Farn\u00e9sio\" \/>\n<meta property=\"og:description\" content=\"Com Estad\u00e3o Conte\u00fado O presidente\u00a0Jair Bolsonaro\u00a0disse nesta quarta-feira (4) que o Brasil \u00e9 um pa\u00eds pac\u00edfico, mas \u201cn\u00e3o continuar\u00e1 sendo passivo\u201d quando sofrer um \u201cataque \u00e0 soberania\u201d. \u201cQuando um pa\u00eds nos amea\u00e7a, n\u00e3o vem daquele momento, vem de momentos anteriores, onde infelizmente autoridades e chefes pol\u00edticos n\u00e3o se interessaram com essa quest\u00e3o\u201d, declarou em cerim\u00f4nia em An\u00e1polis, Goi\u00e1s, para entrega da primeira aeronave KC-390 \u00e0 For\u00e7a A\u00e9rea Brasileira (FAB). O modelo \u00e9 fabricado pela Embraer. No evento, o presidente repetiu que \u201ca Amaz\u00f4nia brasileira \u00e9 nossa\u201d. As declara\u00e7\u00f5es ocorrem ap\u00f3s cr\u00edticas de pa\u00edses europeus, principalmente da Fran\u00e7a, sobre a crise ambiental. Bolsonaro disse que os ataques tiveram efeito positivo, pois teriam engajado a popula\u00e7\u00e3o brasileira a defender a soberania do&hellip;\" \/>\n<meta property=\"og:url\" content=\"https:\/\/blogdofarnesio.com.br\/?p=237504\" \/>\n<meta property=\"og:site_name\" content=\"Blog do Farn\u00e9sio\" \/>\n<meta property=\"article:publisher\" content=\"https:\/\/www.facebook.com\/BlogQuerSaberPolitica\/\" \/>\n<meta property=\"article:published_time\" content=\"2019-09-05T11:03:57+00:00\" \/>\n<meta property=\"og:image\" content=\"https:\/\/blogdofarnesio.com.br\/wp-content\/uploads\/2019\/09\/blogqspbolsonaro.jpg\" \/>\n\t<meta property=\"og:image:width\" content=\"640\" \/>\n\t<meta property=\"og:image:height\" content=\"427\" \/>\n\t<meta property=\"og:image:type\" content=\"image\/jpeg\" \/>\n<meta name=\"author\" content=\"Farn\u00e9sio\" \/>\n<meta name=\"twitter:card\" content=\"summary_large_image\" \/>\n<meta name=\"twitter:label1\" content=\"Escrito por\" \/>\n\t<meta name=\"twitter:data1\" content=\"Farn\u00e9sio\" \/>\n\t<meta name=\"twitter:label2\" content=\"Est. tempo de leitura\" \/>\n\t<meta name=\"twitter:data2\" content=\"1 minuto\" \/>\n<script type=\"application\/ld+json\" class=\"yoast-schema-graph\">{\"@context\":\"https:\\\/\\\/schema.org\",\"@graph\":[{\"@type\":\"Article\",\"@id\":\"https:\\\/\\\/blogdofarnesio.com.br\\\/?p=237504#article\",\"isPartOf\":{\"@id\":\"https:\\\/\\\/blogdofarnesio.com.br\\\/?p=237504\"},\"author\":{\"name\":\"Farn\u00e9sio\",\"@id\":\"https:\\\/\\\/blogdofarnesio.com.br\\\/#\\\/schema\\\/person\\\/301c4acf522bccbfdb45af95b5b906a1\"},\"headline\":\"Bolsonaro: Brasil \u00e9 pac\u00edfico, mas n\u00e3o continuar\u00e1 sendo passivo com ataques\",\"datePublished\":\"2019-09-05T11:03:57+00:00\",\"mainEntityOfPage\":{\"@id\":\"https:\\\/\\\/blogdofarnesio.com.br\\\/?p=237504\"},\"wordCount\":153,\"publisher\":{\"@id\":\"https:\\\/\\\/blogdofarnesio.com.br\\\/#organization\"},\"image\":{\"@id\":\"https:\\\/\\\/blogdofarnesio.com.br\\\/?p=237504#primaryimage\"},\"thumbnailUrl\":\"https:\\\/\\\/blogdofarnesio.com.br\\\/wp-content\\\/uploads\\\/2019\\\/09\\\/blogqspbolsonaro.jpg\",\"articleSection\":[\"Pol\u00edtica\"],\"inLanguage\":\"pt-BR\"},{\"@type\":\"WebPage\",\"@id\":\"https:\\\/\\\/blogdofarnesio.com.br\\\/?p=237504\",\"url\":\"https:\\\/\\\/blogdofarnesio.com.br\\\/?p=237504\",\"name\":\"Bolsonaro: Brasil \u00e9 pac\u00edfico, mas n\u00e3o continuar\u00e1 sendo passivo com ataques - Blog do Farn\u00e9sio\",\"isPartOf\":{\"@id\":\"https:\\\/\\\/blogdofarnesio.com.br\\\/#website\"},\"primaryImageOfPage\":{\"@id\":\"https:\\\/\\\/blogdofarnesio.com.br\\\/?p=237504#primaryimage\"},\"image\":{\"@id\":\"https:\\\/\\\/blogdofarnesio.com.br\\\/?p=237504#primaryimage\"},\"thumbnailUrl\":\"https:\\\/\\\/blogdofarnesio.com.br\\\/wp-content\\\/uploads\\\/2019\\\/09\\\/blogqspbolsonaro.jpg\",\"datePublished\":\"2019-09-05T11:03:57+00:00\",\"breadcrumb\":{\"@id\":\"https:\\\/\\\/blogdofarnesio.com.br\\\/?p=237504#breadcrumb\"},\"inLanguage\":\"pt-BR\",\"potentialAction\":[{\"@type\":\"ReadAction\",\"target\":[\"https:\\\/\\\/blogdofarnesio.com.br\\\/?p=237504\"]}]},{\"@type\":\"ImageObject\",\"inLanguage\":\"pt-BR\",\"@id\":\"https:\\\/\\\/blogdofarnesio.com.br\\\/?p=237504#primaryimage\",\"url\":\"https:\\\/\\\/blogdofarnesio.com.br\\\/wp-content\\\/uploads\\\/2019\\\/09\\\/blogqspbolsonaro.jpg\",\"contentUrl\":\"https:\\\/\\\/blogdofarnesio.com.br\\\/wp-content\\\/uploads\\\/2019\\\/09\\\/blogqspbolsonaro.jpg\",\"width\":640,\"height\":427,\"caption\":\"(An\u00e1polis - GO, 04\\\/09\\\/2019) Presidente da Rep\u00fablica, Jair Bolsonaro recebe as honras militares.?Foto: Alan Santos\\\/PR\"},{\"@type\":\"BreadcrumbList\",\"@id\":\"https:\\\/\\\/blogdofarnesio.com.br\\\/?p=237504#breadcrumb\",\"itemListElement\":[{\"@type\":\"ListItem\",\"position\":1,\"name\":\"In\u00edcio\",\"item\":\"https:\\\/\\\/blogdofarnesio.com.br\\\/\"},{\"@type\":\"ListItem\",\"position\":2,\"name\":\"Bolsonaro: Brasil \u00e9 pac\u00edfico, mas n\u00e3o continuar\u00e1 sendo passivo com ataques\"}]},{\"@type\":\"WebSite\",\"@id\":\"https:\\\/\\\/blogdofarnesio.com.br\\\/#website\",\"url\":\"https:\\\/\\\/blogdofarnesio.com.br\\\/\",\"name\":\"Blog do Farn\u00e9sio\",\"description\":\"Quer Saber Pol\u00edtica?\",\"publisher\":{\"@id\":\"https:\\\/\\\/blogdofarnesio.com.br\\\/#organization\"},\"potentialAction\":[{\"@type\":\"SearchAction\",\"target\":{\"@type\":\"EntryPoint\",\"urlTemplate\":\"https:\\\/\\\/blogdofarnesio.com.br\\\/?s={search_term_string}\"},\"query-input\":{\"@type\":\"PropertyValueSpecification\",\"valueRequired\":true,\"valueName\":\"search_term_string\"}}],\"inLanguage\":\"pt-BR\"},{\"@type\":\"Organization\",\"@id\":\"https:\\\/\\\/blogdofarnesio.com.br\\\/#organization\",\"name\":\"Blog do Farn\u00e9sio\",\"url\":\"https:\\\/\\\/blogdofarnesio.com.br\\\/\",\"logo\":{\"@type\":\"ImageObject\",\"inLanguage\":\"pt-BR\",\"@id\":\"https:\\\/\\\/blogdofarnesio.com.br\\\/#\\\/schema\\\/logo\\\/image\\\/\",\"url\":\"https:\\\/\\\/blogdofarnesio.com.br\\\/wp-content\\\/uploads\\\/2026\\\/03\\\/cropped-logo_new-1.png\",\"contentUrl\":\"https:\\\/\\\/blogdofarnesio.com.br\\\/wp-content\\\/uploads\\\/2026\\\/03\\\/cropped-logo_new-1.png\",\"width\":881,\"height\":685,\"caption\":\"Blog do Farn\u00e9sio\"},\"image\":{\"@id\":\"https:\\\/\\\/blogdofarnesio.com.br\\\/#\\\/schema\\\/logo\\\/image\\\/\"},\"sameAs\":[\"https:\\\/\\\/www.facebook.com\\\/BlogQuerSaberPolitica\\\/\"]},{\"@type\":\"Person\",\"@id\":\"https:\\\/\\\/blogdofarnesio.com.br\\\/#\\\/schema\\\/person\\\/301c4acf522bccbfdb45af95b5b906a1\",\"name\":\"Farn\u00e9sio\",\"image\":{\"@type\":\"ImageObject\",\"inLanguage\":\"pt-BR\",\"@id\":\"https:\\\/\\\/secure.gravatar.com\\\/avatar\\\/df0c9a14567c056f8ad6876ba5bbd1e3e2c48023eb6807342fc4663adf549f38?s=96&d=mm&r=g\",\"url\":\"https:\\\/\\\/secure.gravatar.com\\\/avatar\\\/df0c9a14567c056f8ad6876ba5bbd1e3e2c48023eb6807342fc4663adf549f38?s=96&d=mm&r=g\",\"contentUrl\":\"https:\\\/\\\/secure.gravatar.com\\\/avatar\\\/df0c9a14567c056f8ad6876ba5bbd1e3e2c48023eb6807342fc4663adf549f38?s=96&d=mm&r=g\",\"caption\":\"Farn\u00e9sio\"},\"sameAs\":[\"https:\\\/\\\/quersaberpolitica.com.br\"],\"url\":\"https:\\\/\\\/blogdofarnesio.com.br\\\/?author=1\"}]}<\/script>\n<!-- \/ Yoast SEO plugin. -->","yoast_head_json":{"title":"Bolsonaro: Brasil \u00e9 pac\u00edfico, mas n\u00e3o continuar\u00e1 sendo passivo com ataques - Blog do Farn\u00e9sio","robots":{"index":"index","follow":"follow","max-snippet":"max-snippet:-1","max-image-preview":"max-image-preview:large","max-video-preview":"max-video-preview:-1"},"canonical":"https:\/\/blogdofarnesio.com.br\/?p=237504","og_locale":"pt_BR","og_type":"article","og_title":"Bolsonaro: Brasil \u00e9 pac\u00edfico, mas n\u00e3o continuar\u00e1 sendo passivo com ataques - Blog do Farn\u00e9sio","og_description":"Com Estad\u00e3o Conte\u00fado O presidente\u00a0Jair Bolsonaro\u00a0disse nesta quarta-feira (4) que o Brasil \u00e9 um pa\u00eds pac\u00edfico, mas \u201cn\u00e3o continuar\u00e1 sendo passivo\u201d quando sofrer um \u201cataque \u00e0 soberania\u201d. \u201cQuando um pa\u00eds nos amea\u00e7a, n\u00e3o vem daquele momento, vem de momentos anteriores, onde infelizmente autoridades e chefes pol\u00edticos n\u00e3o se interessaram com essa quest\u00e3o\u201d, declarou em cerim\u00f4nia em An\u00e1polis, Goi\u00e1s, para entrega da primeira aeronave KC-390 \u00e0 For\u00e7a A\u00e9rea Brasileira (FAB). O modelo \u00e9 fabricado pela Embraer. No evento, o presidente repetiu que \u201ca Amaz\u00f4nia brasileira \u00e9 nossa\u201d. As declara\u00e7\u00f5es ocorrem ap\u00f3s cr\u00edticas de pa\u00edses europeus, principalmente da Fran\u00e7a, sobre a crise ambiental. Bolsonaro disse que os ataques tiveram efeito positivo, pois teriam engajado a popula\u00e7\u00e3o brasileira a defender a soberania do&hellip;","og_url":"https:\/\/blogdofarnesio.com.br\/?p=237504","og_site_name":"Blog do Farn\u00e9sio","article_publisher":"https:\/\/www.facebook.com\/BlogQuerSaberPolitica\/","article_published_time":"2019-09-05T11:03:57+00:00","og_image":[{"width":640,"height":427,"url":"https:\/\/blogdofarnesio.com.br\/wp-content\/uploads\/2019\/09\/blogqspbolsonaro.jpg","type":"image\/jpeg"}],"author":"Farn\u00e9sio","twitter_card":"summary_large_image","twitter_misc":{"Escrito por":"Farn\u00e9sio","Est. tempo de leitura":"1 minuto"},"schema":{"@context":"https:\/\/schema.org","@graph":[{"@type":"Article","@id":"https:\/\/blogdofarnesio.com.br\/?p=237504#article","isPartOf":{"@id":"https:\/\/blogdofarnesio.com.br\/?p=237504"},"author":{"name":"Farn\u00e9sio","@id":"https:\/\/blogdofarnesio.com.br\/#\/schema\/person\/301c4acf522bccbfdb45af95b5b906a1"},"headline":"Bolsonaro: Brasil \u00e9 pac\u00edfico, mas n\u00e3o continuar\u00e1 sendo passivo com ataques","datePublished":"2019-09-05T11:03:57+00:00","mainEntityOfPage":{"@id":"https:\/\/blogdofarnesio.com.br\/?p=237504"},"wordCount":153,"publisher":{"@id":"https:\/\/blogdofarnesio.com.br\/#organization"},"image":{"@id":"https:\/\/blogdofarnesio.com.br\/?p=237504#primaryimage"},"thumbnailUrl":"https:\/\/blogdofarnesio.com.br\/wp-content\/uploads\/2019\/09\/blogqspbolsonaro.jpg","articleSection":["Pol\u00edtica"],"inLanguage":"pt-BR"},{"@type":"WebPage","@id":"https:\/\/blogdofarnesio.com.br\/?p=237504","url":"https:\/\/blogdofarnesio.com.br\/?p=237504","name":"Bolsonaro: Brasil \u00e9 pac\u00edfico, mas n\u00e3o continuar\u00e1 sendo passivo com ataques - Blog do Farn\u00e9sio","isPartOf":{"@id":"https:\/\/blogdofarnesio.com.br\/#website"},"primaryImageOfPage":{"@id":"https:\/\/blogdofarnesio.com.br\/?p=237504#primaryimage"},"image":{"@id":"https:\/\/blogdofarnesio.com.br\/?p=237504#primaryimage"},"thumbnailUrl":"https:\/\/blogdofarnesio.com.br\/wp-content\/uploads\/2019\/09\/blogqspbolsonaro.jpg","datePublished":"2019-09-05T11:03:57+00:00","breadcrumb":{"@id":"https:\/\/blogdofarnesio.com.br\/?p=237504#breadcrumb"},"inLanguage":"pt-BR","potentialAction":[{"@type":"ReadAction","target":["https:\/\/blogdofarnesio.com.br\/?p=237504"]}]},{"@type":"ImageObject","inLanguage":"pt-BR","@id":"https:\/\/blogdofarnesio.com.br\/?p=237504#primaryimage","url":"https:\/\/blogdofarnesio.com.br\/wp-content\/uploads\/2019\/09\/blogqspbolsonaro.jpg","contentUrl":"https:\/\/blogdofarnesio.com.br\/wp-content\/uploads\/2019\/09\/blogqspbolsonaro.jpg","width":640,"height":427,"caption":"(An\u00e1polis - GO, 04\/09\/2019) Presidente da Rep\u00fablica, Jair Bolsonaro recebe as honras militares.?Foto: Alan Santos\/PR"},{"@type":"BreadcrumbList","@id":"https:\/\/blogdofarnesio.com.br\/?p=237504#breadcrumb","itemListElement":[{"@type":"ListItem","position":1,"name":"In\u00edcio","item":"https:\/\/blogdofarnesio.com.br\/"},{"@type":"ListItem","position":2,"name":"Bolsonaro: Brasil \u00e9 pac\u00edfico, mas n\u00e3o continuar\u00e1 sendo passivo com ataques"}]},{"@type":"WebSite","@id":"https:\/\/blogdofarnesio.com.br\/#website","url":"https:\/\/blogdofarnesio.com.br\/","name":"Blog do Farn\u00e9sio","description":"Quer Saber Pol\u00edtica?","publisher":{"@id":"https:\/\/blogdofarnesio.com.br\/#organization"},"potentialAction":[{"@type":"SearchAction","target":{"@type":"EntryPoint","urlTemplate":"https:\/\/blogdofarnesio.com.br\/?s={search_term_string}"},"query-input":{"@type":"PropertyValueSpecification","valueRequired":true,"valueName":"search_term_string"}}],"inLanguage":"pt-BR"},{"@type":"Organization","@id":"https:\/\/blogdofarnesio.com.br\/#organization","name":"Blog do Farn\u00e9sio","url":"https:\/\/blogdofarnesio.com.br\/","logo":{"@type":"ImageObject","inLanguage":"pt-BR","@id":"https:\/\/blogdofarnesio.com.br\/#\/schema\/logo\/image\/","url":"https:\/\/blogdofarnesio.com.br\/wp-content\/uploads\/2026\/03\/cropped-logo_new-1.png","contentUrl":"https:\/\/blogdofarnesio.com.br\/wp-content\/uploads\/2026\/03\/cropped-logo_new-1.png","width":881,"height":685,"caption":"Blog do Farn\u00e9sio"},"image":{"@id":"https:\/\/blogdofarnesio.com.br\/#\/schema\/logo\/image\/"},"sameAs":["https:\/\/www.facebook.com\/BlogQuerSaberPolitica\/"]},{"@type":"Person","@id":"https:\/\/blogdofarnesio.com.br\/#\/schema\/person\/301c4acf522bccbfdb45af95b5b906a1","name":"Farn\u00e9sio","image":{"@type":"ImageObject","inLanguage":"pt-BR","@id":"https:\/\/secure.gravatar.com\/avatar\/df0c9a14567c056f8ad6876ba5bbd1e3e2c48023eb6807342fc4663adf549f38?s=96&d=mm&r=g","url":"https:\/\/secure.gravatar.com\/avatar\/df0c9a14567c056f8ad6876ba5bbd1e3e2c48023eb6807342fc4663adf549f38?s=96&d=mm&r=g","contentUrl":"https:\/\/secure.gravatar.com\/avatar\/df0c9a14567c056f8ad6876ba5bbd1e3e2c48023eb6807342fc4663adf549f38?s=96&d=mm&r=g","caption":"Farn\u00e9sio"},"sameAs":["https:\/\/quersaberpolitica.com.br"],"url":"https:\/\/blogdofarnesio.com.br\/?author=1"}]}},"_links":{"self":[{"href":"https:\/\/blogdofarnesio.com.br\/index.php?rest_route=\/wp\/v2\/posts\/237504","targetHints":{"allow":["GET"]}}],"collection":[{"href":"https:\/\/blogdofarnesio.com.br\/index.php?rest_route=\/wp\/v2\/posts"}],"about":[{"href":"https:\/\/blogdofarnesio.com.br\/index.php?rest_route=\/wp\/v2\/types\/post"}],"author":[{"embeddable":true,"href":"https:\/\/blogdofarnesio.com.br\/index.php?rest_route=\/wp\/v2\/users\/1"}],"replies":[{"embeddable":true,"href":"https:\/\/blogdofarnesio.com.br\/index.php?rest_route=%2Fwp%2Fv2%2Fcomments&post=237504"}],"version-history":[{"count":0,"href":"https:\/\/blogdofarnesio.com.br\/index.php?rest_route=\/wp\/v2\/posts\/237504\/revisions"}],"wp:featuredmedia":[{"embeddable":true,"href":"https:\/\/blogdofarnesio.com.br\/index.php?rest_route=\/wp\/v2\/media\/237505"}],"wp:attachment":[{"href":"https:\/\/blogdofarnesio.com.br\/index.php?rest_route=%2Fwp%2Fv2%2Fmedia&parent=237504"}],"wp:term":[{"taxonomy":"category","embeddable":true,"href":"https:\/\/blogdofarnesio.com.br\/index.php?rest_route=%2Fwp%2Fv2%2Fcategories&post=237504"},{"taxonomy":"post_tag","embeddable":true,"href":"https:\/\/blogdofarnesio.com.br\/index.php?rest_route=%2Fwp%2Fv2%2Ftags&post=237504"}],"curies":[{"name":"wp","href":"https:\/\/api.w.org\/{rel}","templated":true}]}}