{"id":237182,"date":"2019-09-01T11:00:04","date_gmt":"2019-09-01T14:00:04","guid":{"rendered":"http:\/\/quersaberpolitica.com.br\/2016\/?p=237182"},"modified":"2019-09-01T11:06:42","modified_gmt":"2019-09-01T14:06:42","slug":"jovens-catolicos-acompanham-idosos-da-casa-geriatrico-em-visita-ao-museu-do-sertao","status":"publish","type":"post","link":"https:\/\/blogdofarnesio.com.br\/?p=237182","title":{"rendered":"jovens cat\u00f3licos acompanham idosos da casa geri\u00e1trica em visita ao museu do sert\u00e3o"},"content":{"rendered":"<div class=\"td-post-header\"><\/div>\n<div class=\"td-post-content\">\n<div id=\"td_uid_2_5d6bba4425e05\" class=\"td-gallery td-slide-on-2-columns\">\n<div class=\"post_td_gallery\">\n<div class=\"td-doubleSlider-2 td_center_slide2\">\n<div class=\"td-slider\">\n<div class=\"td-button td-item3\">\n<div class=\"td-border\">Idosos que vivem na Casa Geri\u00e1trica de Petrolina tiveram a oportunidade de revisitar o passado em uma visita especial que fizeram ao Museu do Sert\u00e3o na sexta-feira (30). Acompanhados de um grupo de jovens da Igreja Cat\u00f3lica, os visitantes da terceira idade foram recebidos em clima de festa para o passeio cultural. A atividade faz parte do projeto \u201cConhecer o lugar que eu escolhi para viver\u201d, coordenado pela institui\u00e7\u00e3o geri\u00e1trica.<\/div>\n<\/div>\n<\/div>\n<\/div>\n<\/div>\n<\/div>\n<p>Durante a visita gratuita ao equipamento p\u00fablico de preserva\u00e7\u00e3o da hist\u00f3ria do munic\u00edpio, os idosos foram se identificando com algumas passagens registradas no local. Relembrando momentos marcantes da trajet\u00f3ria de Petrolina, bem como, reconhecendo que alguns objetos em exposi\u00e7\u00e3o no espa\u00e7o, j\u00e1 fizeram parte das suas rotinas h\u00e1 algumas d\u00e9cadas. Al\u00e9m do Museu do Sert\u00e3o, outros locais da cidade ser\u00e3o visitados pelo grupo.<\/p>\n<p>Para Luana Granja, gestora do Museu, a visita foi enriquecedora. \u201c<em>Foi muito gratificante para n\u00f3s receber a visita calorosa do grupo. Sabemos que o Museu do Sert\u00e3o \u00e9 um espa\u00e7o que guarda fragmentos da hist\u00f3ria do munic\u00edpio, mas s\u00e3o em momentos como esse que percebemos que cada pe\u00e7a em exposi\u00e7\u00e3o conta tamb\u00e9m parte da hist\u00f3ria de vida de quem visita o local<\/em>\u201d, destaca.<\/p>\n<p>O Museu do Sert\u00e3o fica na Rua Esmelinda Brand\u00e3o, Centro. O espa\u00e7o administrado pela Prefeitura de Petrolina funciona de ter\u00e7a-feira a s\u00e1bado, das 9h \u00e0s 17h e no domingo o funcionamento segue das 9h \u00e0s 14h. Nas segundas-feiras o Museu \u00e9 fechado para manuten\u00e7\u00e3o.<\/p>\n<p>Informa\u00e7\u00f5es ou agendamentos para grupos podem ser feitos atrav\u00e9s do e-mail:\u00a0<a href=\"mailto:museudosertaopetrolina@gmail.com\">museudosertaopetrolina@gmail.com<\/a>, pelo WhatsApp (87) 9 8803-0335 ou pelo telefone (87) 3862-1534.<\/p>\n<\/div>\n","protected":false},"excerpt":{"rendered":"<p>Idosos que vivem na Casa Geri\u00e1trica de Petrolina tiveram a oportunidade de revisitar o passado em uma visita especial que fizeram ao Museu do Sert\u00e3o na sexta-feira (30). Acompanhados de um grupo de jovens da Igreja Cat\u00f3lica, os visitantes da terceira idade foram recebidos em clima de festa para o passeio cultural. A atividade faz parte do projeto \u201cConhecer o lugar que eu escolhi para viver\u201d, coordenado pela institui\u00e7\u00e3o geri\u00e1trica. Durante a visita gratuita ao equipamento p\u00fablico de preserva\u00e7\u00e3o da hist\u00f3ria do munic\u00edpio, os idosos foram se identificando com algumas passagens registradas no local. Relembrando momentos marcantes da trajet\u00f3ria de Petrolina, bem como, reconhecendo que alguns objetos em exposi\u00e7\u00e3o no espa\u00e7o, j\u00e1 fizeram parte das suas rotinas h\u00e1 algumas d\u00e9cadas.&hellip; <\/p>\n","protected":false},"author":1,"featured_media":237184,"comment_status":"closed","ping_status":"closed","sticky":false,"template":"","format":"standard","meta":{"_acf_changed":false,"footnotes":""},"categories":[22,10],"tags":[],"class_list":["post-237182","post","type-post","status-publish","format-standard","has-post-thumbnail","hentry","category-acao-social","category-cultura"],"acf":[],"yoast_head":"<!-- This site is optimized with the Yoast SEO plugin v27.4 - https:\/\/yoast.com\/product\/yoast-seo-wordpress\/ -->\n<title>jovens cat\u00f3licos acompanham idosos da casa geri\u00e1trica em visita ao museu do sert\u00e3o - Blog do Farn\u00e9sio<\/title>\n<meta name=\"robots\" content=\"index, follow, max-snippet:-1, max-image-preview:large, max-video-preview:-1\" \/>\n<link rel=\"canonical\" href=\"https:\/\/blogdofarnesio.com.br\/?p=237182\" \/>\n<meta property=\"og:locale\" content=\"pt_BR\" \/>\n<meta property=\"og:type\" content=\"article\" \/>\n<meta property=\"og:title\" content=\"jovens cat\u00f3licos acompanham idosos da casa geri\u00e1trica em visita ao museu do sert\u00e3o - Blog do Farn\u00e9sio\" \/>\n<meta property=\"og:description\" content=\"Idosos que vivem na Casa Geri\u00e1trica de Petrolina tiveram a oportunidade de revisitar o passado em uma visita especial que fizeram ao Museu do Sert\u00e3o na sexta-feira (30). Acompanhados de um grupo de jovens da Igreja Cat\u00f3lica, os visitantes da terceira idade foram recebidos em clima de festa para o passeio cultural. A atividade faz parte do projeto \u201cConhecer o lugar que eu escolhi para viver\u201d, coordenado pela institui\u00e7\u00e3o geri\u00e1trica. Durante a visita gratuita ao equipamento p\u00fablico de preserva\u00e7\u00e3o da hist\u00f3ria do munic\u00edpio, os idosos foram se identificando com algumas passagens registradas no local. Relembrando momentos marcantes da trajet\u00f3ria de Petrolina, bem como, reconhecendo que alguns objetos em exposi\u00e7\u00e3o no espa\u00e7o, j\u00e1 fizeram parte das suas rotinas h\u00e1 algumas d\u00e9cadas.&hellip;\" \/>\n<meta property=\"og:url\" content=\"https:\/\/blogdofarnesio.com.br\/?p=237182\" \/>\n<meta property=\"og:site_name\" content=\"Blog do Farn\u00e9sio\" \/>\n<meta property=\"article:publisher\" content=\"https:\/\/www.facebook.com\/BlogQuerSaberPolitica\/\" \/>\n<meta property=\"article:published_time\" content=\"2019-09-01T14:00:04+00:00\" \/>\n<meta property=\"article:modified_time\" content=\"2019-09-01T14:06:42+00:00\" \/>\n<meta property=\"og:image\" content=\"https:\/\/blogdofarnesio.com.br\/wp-content\/uploads\/2019\/09\/blogqspMuseu-do-Set\u00e3o-II.jpeg\" \/>\n\t<meta property=\"og:image:width\" content=\"640\" \/>\n\t<meta property=\"og:image:height\" content=\"311\" \/>\n\t<meta property=\"og:image:type\" content=\"image\/jpeg\" \/>\n<meta name=\"author\" content=\"Farn\u00e9sio\" \/>\n<meta name=\"twitter:card\" content=\"summary_large_image\" \/>\n<meta name=\"twitter:label1\" content=\"Escrito por\" \/>\n\t<meta name=\"twitter:data1\" content=\"Farn\u00e9sio\" \/>\n\t<meta name=\"twitter:label2\" content=\"Est. tempo de leitura\" \/>\n\t<meta name=\"twitter:data2\" content=\"1 minuto\" \/>\n<script type=\"application\/ld+json\" class=\"yoast-schema-graph\">{\"@context\":\"https:\\\/\\\/schema.org\",\"@graph\":[{\"@type\":\"Article\",\"@id\":\"https:\\\/\\\/blogdofarnesio.com.br\\\/?p=237182#article\",\"isPartOf\":{\"@id\":\"https:\\\/\\\/blogdofarnesio.com.br\\\/?p=237182\"},\"author\":{\"name\":\"Farn\u00e9sio\",\"@id\":\"https:\\\/\\\/blogdofarnesio.com.br\\\/#\\\/schema\\\/person\\\/301c4acf522bccbfdb45af95b5b906a1\"},\"headline\":\"jovens cat\u00f3licos acompanham idosos da casa geri\u00e1trica em visita ao museu do sert\u00e3o\",\"datePublished\":\"2019-09-01T14:00:04+00:00\",\"dateModified\":\"2019-09-01T14:06:42+00:00\",\"mainEntityOfPage\":{\"@id\":\"https:\\\/\\\/blogdofarnesio.com.br\\\/?p=237182\"},\"wordCount\":308,\"publisher\":{\"@id\":\"https:\\\/\\\/blogdofarnesio.com.br\\\/#organization\"},\"image\":{\"@id\":\"https:\\\/\\\/blogdofarnesio.com.br\\\/?p=237182#primaryimage\"},\"thumbnailUrl\":\"https:\\\/\\\/blogdofarnesio.com.br\\\/wp-content\\\/uploads\\\/2019\\\/09\\\/blogqspMuseu-do-Set\u00e3o-II.jpeg\",\"articleSection\":[\"A\u00e7\u00e3o Social\",\"Cultura\"],\"inLanguage\":\"pt-BR\"},{\"@type\":\"WebPage\",\"@id\":\"https:\\\/\\\/blogdofarnesio.com.br\\\/?p=237182\",\"url\":\"https:\\\/\\\/blogdofarnesio.com.br\\\/?p=237182\",\"name\":\"jovens cat\u00f3licos acompanham idosos da casa geri\u00e1trica em visita ao museu do sert\u00e3o - Blog do Farn\u00e9sio\",\"isPartOf\":{\"@id\":\"https:\\\/\\\/blogdofarnesio.com.br\\\/#website\"},\"primaryImageOfPage\":{\"@id\":\"https:\\\/\\\/blogdofarnesio.com.br\\\/?p=237182#primaryimage\"},\"image\":{\"@id\":\"https:\\\/\\\/blogdofarnesio.com.br\\\/?p=237182#primaryimage\"},\"thumbnailUrl\":\"https:\\\/\\\/blogdofarnesio.com.br\\\/wp-content\\\/uploads\\\/2019\\\/09\\\/blogqspMuseu-do-Set\u00e3o-II.jpeg\",\"datePublished\":\"2019-09-01T14:00:04+00:00\",\"dateModified\":\"2019-09-01T14:06:42+00:00\",\"breadcrumb\":{\"@id\":\"https:\\\/\\\/blogdofarnesio.com.br\\\/?p=237182#breadcrumb\"},\"inLanguage\":\"pt-BR\",\"potentialAction\":[{\"@type\":\"ReadAction\",\"target\":[\"https:\\\/\\\/blogdofarnesio.com.br\\\/?p=237182\"]}]},{\"@type\":\"ImageObject\",\"inLanguage\":\"pt-BR\",\"@id\":\"https:\\\/\\\/blogdofarnesio.com.br\\\/?p=237182#primaryimage\",\"url\":\"https:\\\/\\\/blogdofarnesio.com.br\\\/wp-content\\\/uploads\\\/2019\\\/09\\\/blogqspMuseu-do-Set\u00e3o-II.jpeg\",\"contentUrl\":\"https:\\\/\\\/blogdofarnesio.com.br\\\/wp-content\\\/uploads\\\/2019\\\/09\\\/blogqspMuseu-do-Set\u00e3o-II.jpeg\",\"width\":640,\"height\":311},{\"@type\":\"BreadcrumbList\",\"@id\":\"https:\\\/\\\/blogdofarnesio.com.br\\\/?p=237182#breadcrumb\",\"itemListElement\":[{\"@type\":\"ListItem\",\"position\":1,\"name\":\"In\u00edcio\",\"item\":\"https:\\\/\\\/blogdofarnesio.com.br\\\/\"},{\"@type\":\"ListItem\",\"position\":2,\"name\":\"jovens cat\u00f3licos acompanham idosos da casa geri\u00e1trica em visita ao museu do sert\u00e3o\"}]},{\"@type\":\"WebSite\",\"@id\":\"https:\\\/\\\/blogdofarnesio.com.br\\\/#website\",\"url\":\"https:\\\/\\\/blogdofarnesio.com.br\\\/\",\"name\":\"Blog do Farn\u00e9sio\",\"description\":\"Quer Saber Pol\u00edtica?\",\"publisher\":{\"@id\":\"https:\\\/\\\/blogdofarnesio.com.br\\\/#organization\"},\"potentialAction\":[{\"@type\":\"SearchAction\",\"target\":{\"@type\":\"EntryPoint\",\"urlTemplate\":\"https:\\\/\\\/blogdofarnesio.com.br\\\/?s={search_term_string}\"},\"query-input\":{\"@type\":\"PropertyValueSpecification\",\"valueRequired\":true,\"valueName\":\"search_term_string\"}}],\"inLanguage\":\"pt-BR\"},{\"@type\":\"Organization\",\"@id\":\"https:\\\/\\\/blogdofarnesio.com.br\\\/#organization\",\"name\":\"Blog do Farn\u00e9sio\",\"url\":\"https:\\\/\\\/blogdofarnesio.com.br\\\/\",\"logo\":{\"@type\":\"ImageObject\",\"inLanguage\":\"pt-BR\",\"@id\":\"https:\\\/\\\/blogdofarnesio.com.br\\\/#\\\/schema\\\/logo\\\/image\\\/\",\"url\":\"https:\\\/\\\/blogdofarnesio.com.br\\\/wp-content\\\/uploads\\\/2026\\\/03\\\/cropped-logo_new-1.png\",\"contentUrl\":\"https:\\\/\\\/blogdofarnesio.com.br\\\/wp-content\\\/uploads\\\/2026\\\/03\\\/cropped-logo_new-1.png\",\"width\":881,\"height\":685,\"caption\":\"Blog do Farn\u00e9sio\"},\"image\":{\"@id\":\"https:\\\/\\\/blogdofarnesio.com.br\\\/#\\\/schema\\\/logo\\\/image\\\/\"},\"sameAs\":[\"https:\\\/\\\/www.facebook.com\\\/BlogQuerSaberPolitica\\\/\"]},{\"@type\":\"Person\",\"@id\":\"https:\\\/\\\/blogdofarnesio.com.br\\\/#\\\/schema\\\/person\\\/301c4acf522bccbfdb45af95b5b906a1\",\"name\":\"Farn\u00e9sio\",\"image\":{\"@type\":\"ImageObject\",\"inLanguage\":\"pt-BR\",\"@id\":\"https:\\\/\\\/secure.gravatar.com\\\/avatar\\\/df0c9a14567c056f8ad6876ba5bbd1e3e2c48023eb6807342fc4663adf549f38?s=96&d=mm&r=g\",\"url\":\"https:\\\/\\\/secure.gravatar.com\\\/avatar\\\/df0c9a14567c056f8ad6876ba5bbd1e3e2c48023eb6807342fc4663adf549f38?s=96&d=mm&r=g\",\"contentUrl\":\"https:\\\/\\\/secure.gravatar.com\\\/avatar\\\/df0c9a14567c056f8ad6876ba5bbd1e3e2c48023eb6807342fc4663adf549f38?s=96&d=mm&r=g\",\"caption\":\"Farn\u00e9sio\"},\"sameAs\":[\"https:\\\/\\\/quersaberpolitica.com.br\"],\"url\":\"https:\\\/\\\/blogdofarnesio.com.br\\\/?author=1\"}]}<\/script>\n<!-- \/ Yoast SEO plugin. -->","yoast_head_json":{"title":"jovens cat\u00f3licos acompanham idosos da casa geri\u00e1trica em visita ao museu do sert\u00e3o - Blog do Farn\u00e9sio","robots":{"index":"index","follow":"follow","max-snippet":"max-snippet:-1","max-image-preview":"max-image-preview:large","max-video-preview":"max-video-preview:-1"},"canonical":"https:\/\/blogdofarnesio.com.br\/?p=237182","og_locale":"pt_BR","og_type":"article","og_title":"jovens cat\u00f3licos acompanham idosos da casa geri\u00e1trica em visita ao museu do sert\u00e3o - Blog do Farn\u00e9sio","og_description":"Idosos que vivem na Casa Geri\u00e1trica de Petrolina tiveram a oportunidade de revisitar o passado em uma visita especial que fizeram ao Museu do Sert\u00e3o na sexta-feira (30). Acompanhados de um grupo de jovens da Igreja Cat\u00f3lica, os visitantes da terceira idade foram recebidos em clima de festa para o passeio cultural. A atividade faz parte do projeto \u201cConhecer o lugar que eu escolhi para viver\u201d, coordenado pela institui\u00e7\u00e3o geri\u00e1trica. Durante a visita gratuita ao equipamento p\u00fablico de preserva\u00e7\u00e3o da hist\u00f3ria do munic\u00edpio, os idosos foram se identificando com algumas passagens registradas no local. Relembrando momentos marcantes da trajet\u00f3ria de Petrolina, bem como, reconhecendo que alguns objetos em exposi\u00e7\u00e3o no espa\u00e7o, j\u00e1 fizeram parte das suas rotinas h\u00e1 algumas d\u00e9cadas.&hellip;","og_url":"https:\/\/blogdofarnesio.com.br\/?p=237182","og_site_name":"Blog do Farn\u00e9sio","article_publisher":"https:\/\/www.facebook.com\/BlogQuerSaberPolitica\/","article_published_time":"2019-09-01T14:00:04+00:00","article_modified_time":"2019-09-01T14:06:42+00:00","og_image":[{"width":640,"height":311,"url":"https:\/\/blogdofarnesio.com.br\/wp-content\/uploads\/2019\/09\/blogqspMuseu-do-Set\u00e3o-II.jpeg","type":"image\/jpeg"}],"author":"Farn\u00e9sio","twitter_card":"summary_large_image","twitter_misc":{"Escrito por":"Farn\u00e9sio","Est. tempo de leitura":"1 minuto"},"schema":{"@context":"https:\/\/schema.org","@graph":[{"@type":"Article","@id":"https:\/\/blogdofarnesio.com.br\/?p=237182#article","isPartOf":{"@id":"https:\/\/blogdofarnesio.com.br\/?p=237182"},"author":{"name":"Farn\u00e9sio","@id":"https:\/\/blogdofarnesio.com.br\/#\/schema\/person\/301c4acf522bccbfdb45af95b5b906a1"},"headline":"jovens cat\u00f3licos acompanham idosos da casa geri\u00e1trica em visita ao museu do sert\u00e3o","datePublished":"2019-09-01T14:00:04+00:00","dateModified":"2019-09-01T14:06:42+00:00","mainEntityOfPage":{"@id":"https:\/\/blogdofarnesio.com.br\/?p=237182"},"wordCount":308,"publisher":{"@id":"https:\/\/blogdofarnesio.com.br\/#organization"},"image":{"@id":"https:\/\/blogdofarnesio.com.br\/?p=237182#primaryimage"},"thumbnailUrl":"https:\/\/blogdofarnesio.com.br\/wp-content\/uploads\/2019\/09\/blogqspMuseu-do-Set\u00e3o-II.jpeg","articleSection":["A\u00e7\u00e3o Social","Cultura"],"inLanguage":"pt-BR"},{"@type":"WebPage","@id":"https:\/\/blogdofarnesio.com.br\/?p=237182","url":"https:\/\/blogdofarnesio.com.br\/?p=237182","name":"jovens cat\u00f3licos acompanham idosos da casa geri\u00e1trica em visita ao museu do sert\u00e3o - Blog do Farn\u00e9sio","isPartOf":{"@id":"https:\/\/blogdofarnesio.com.br\/#website"},"primaryImageOfPage":{"@id":"https:\/\/blogdofarnesio.com.br\/?p=237182#primaryimage"},"image":{"@id":"https:\/\/blogdofarnesio.com.br\/?p=237182#primaryimage"},"thumbnailUrl":"https:\/\/blogdofarnesio.com.br\/wp-content\/uploads\/2019\/09\/blogqspMuseu-do-Set\u00e3o-II.jpeg","datePublished":"2019-09-01T14:00:04+00:00","dateModified":"2019-09-01T14:06:42+00:00","breadcrumb":{"@id":"https:\/\/blogdofarnesio.com.br\/?p=237182#breadcrumb"},"inLanguage":"pt-BR","potentialAction":[{"@type":"ReadAction","target":["https:\/\/blogdofarnesio.com.br\/?p=237182"]}]},{"@type":"ImageObject","inLanguage":"pt-BR","@id":"https:\/\/blogdofarnesio.com.br\/?p=237182#primaryimage","url":"https:\/\/blogdofarnesio.com.br\/wp-content\/uploads\/2019\/09\/blogqspMuseu-do-Set\u00e3o-II.jpeg","contentUrl":"https:\/\/blogdofarnesio.com.br\/wp-content\/uploads\/2019\/09\/blogqspMuseu-do-Set\u00e3o-II.jpeg","width":640,"height":311},{"@type":"BreadcrumbList","@id":"https:\/\/blogdofarnesio.com.br\/?p=237182#breadcrumb","itemListElement":[{"@type":"ListItem","position":1,"name":"In\u00edcio","item":"https:\/\/blogdofarnesio.com.br\/"},{"@type":"ListItem","position":2,"name":"jovens cat\u00f3licos acompanham idosos da casa geri\u00e1trica em visita ao museu do sert\u00e3o"}]},{"@type":"WebSite","@id":"https:\/\/blogdofarnesio.com.br\/#website","url":"https:\/\/blogdofarnesio.com.br\/","name":"Blog do Farn\u00e9sio","description":"Quer Saber Pol\u00edtica?","publisher":{"@id":"https:\/\/blogdofarnesio.com.br\/#organization"},"potentialAction":[{"@type":"SearchAction","target":{"@type":"EntryPoint","urlTemplate":"https:\/\/blogdofarnesio.com.br\/?s={search_term_string}"},"query-input":{"@type":"PropertyValueSpecification","valueRequired":true,"valueName":"search_term_string"}}],"inLanguage":"pt-BR"},{"@type":"Organization","@id":"https:\/\/blogdofarnesio.com.br\/#organization","name":"Blog do Farn\u00e9sio","url":"https:\/\/blogdofarnesio.com.br\/","logo":{"@type":"ImageObject","inLanguage":"pt-BR","@id":"https:\/\/blogdofarnesio.com.br\/#\/schema\/logo\/image\/","url":"https:\/\/blogdofarnesio.com.br\/wp-content\/uploads\/2026\/03\/cropped-logo_new-1.png","contentUrl":"https:\/\/blogdofarnesio.com.br\/wp-content\/uploads\/2026\/03\/cropped-logo_new-1.png","width":881,"height":685,"caption":"Blog do Farn\u00e9sio"},"image":{"@id":"https:\/\/blogdofarnesio.com.br\/#\/schema\/logo\/image\/"},"sameAs":["https:\/\/www.facebook.com\/BlogQuerSaberPolitica\/"]},{"@type":"Person","@id":"https:\/\/blogdofarnesio.com.br\/#\/schema\/person\/301c4acf522bccbfdb45af95b5b906a1","name":"Farn\u00e9sio","image":{"@type":"ImageObject","inLanguage":"pt-BR","@id":"https:\/\/secure.gravatar.com\/avatar\/df0c9a14567c056f8ad6876ba5bbd1e3e2c48023eb6807342fc4663adf549f38?s=96&d=mm&r=g","url":"https:\/\/secure.gravatar.com\/avatar\/df0c9a14567c056f8ad6876ba5bbd1e3e2c48023eb6807342fc4663adf549f38?s=96&d=mm&r=g","contentUrl":"https:\/\/secure.gravatar.com\/avatar\/df0c9a14567c056f8ad6876ba5bbd1e3e2c48023eb6807342fc4663adf549f38?s=96&d=mm&r=g","caption":"Farn\u00e9sio"},"sameAs":["https:\/\/quersaberpolitica.com.br"],"url":"https:\/\/blogdofarnesio.com.br\/?author=1"}]}},"_links":{"self":[{"href":"https:\/\/blogdofarnesio.com.br\/index.php?rest_route=\/wp\/v2\/posts\/237182","targetHints":{"allow":["GET"]}}],"collection":[{"href":"https:\/\/blogdofarnesio.com.br\/index.php?rest_route=\/wp\/v2\/posts"}],"about":[{"href":"https:\/\/blogdofarnesio.com.br\/index.php?rest_route=\/wp\/v2\/types\/post"}],"author":[{"embeddable":true,"href":"https:\/\/blogdofarnesio.com.br\/index.php?rest_route=\/wp\/v2\/users\/1"}],"replies":[{"embeddable":true,"href":"https:\/\/blogdofarnesio.com.br\/index.php?rest_route=%2Fwp%2Fv2%2Fcomments&post=237182"}],"version-history":[{"count":0,"href":"https:\/\/blogdofarnesio.com.br\/index.php?rest_route=\/wp\/v2\/posts\/237182\/revisions"}],"wp:featuredmedia":[{"embeddable":true,"href":"https:\/\/blogdofarnesio.com.br\/index.php?rest_route=\/wp\/v2\/media\/237184"}],"wp:attachment":[{"href":"https:\/\/blogdofarnesio.com.br\/index.php?rest_route=%2Fwp%2Fv2%2Fmedia&parent=237182"}],"wp:term":[{"taxonomy":"category","embeddable":true,"href":"https:\/\/blogdofarnesio.com.br\/index.php?rest_route=%2Fwp%2Fv2%2Fcategories&post=237182"},{"taxonomy":"post_tag","embeddable":true,"href":"https:\/\/blogdofarnesio.com.br\/index.php?rest_route=%2Fwp%2Fv2%2Ftags&post=237182"}],"curies":[{"name":"wp","href":"https:\/\/api.w.org\/{rel}","templated":true}]}}