{"id":237095,"date":"2019-08-31T10:30:21","date_gmt":"2019-08-31T13:30:21","guid":{"rendered":"http:\/\/quersaberpolitica.com.br\/2016\/?p=237095"},"modified":"2019-08-31T08:38:47","modified_gmt":"2019-08-31T11:38:47","slug":"governo-propoe-salario-minimo-de-r-1-03900-para-o-ano-que-vem","status":"publish","type":"post","link":"https:\/\/blogdofarnesio.com.br\/?p=237095","title":{"rendered":"Governo prop\u00f5e sal\u00e1rio m\u00ednimo de R$ 1.039,00 para o ano que vem"},"content":{"rendered":"<p>O governo revisou para R$ 1.039,00, a proje\u00e7\u00e3o para o valor do sal\u00e1rio m\u00ednimo em 2020. Em abril, quando enviou o projeto de LDO (Lei de Diretrizes Or\u00e7ament\u00e1rias), a equipe do presidente Jair Bolsonaro estimava um sal\u00e1rio m\u00ednimo de R$ 1.040,00. A redu\u00e7\u00e3o de R$ 1 se deve a uma expectativa menor de infla\u00e7\u00e3o.<\/p>\n<p>Para 2020, o governo espera uma infla\u00e7\u00e3o de 4,02%, medida pelo INPC (\u00cdndice Nacional de Pre\u00e7os ao Consumidor). No projeto de LDO, a estimativa era de 4,19%.<\/p>\n<p>Isso provocou a ligeira revis\u00e3o na estimativa de sal\u00e1rio m\u00ednimo. Ainda assim, \u00e9 a primeira vez que o piso salarial ultrapassa a barreira de R$ 1.000. Atualmente, o sal\u00e1rio m\u00ednimo \u00e9 de R$ 998.<\/p>\n<p>Bolsonaro prev\u00ea um sal\u00e1rio m\u00ednimo corrigido em 2020 apenas pela infla\u00e7\u00e3o. Na pr\u00e1tica, o governo interrompe uma pol\u00edtica p\u00fablica que permitiu 25 anos de ganhos reais aos trabalhadores. Ou seja, com aumentos que consideravam a infla\u00e7\u00e3o mais o crescimento da economia.<\/p>\n<p>O ganho real do sal\u00e1rio m\u00ednimo foi implementado informalmente em 1994, por Fernando Henrique Cardoso (PSDB), logo ap\u00f3s a ado\u00e7\u00e3o do Plano Real. As gest\u00f5es petistas oficializaram a medida.<\/p>\n<p>O governo de Luiz In\u00e1cio Lula da Silva (PT) estabeleceu a f\u00f3rmula de reajuste pela infla\u00e7\u00e3o medida pelo INPC mais a varia\u00e7\u00e3o do PIB (Produto Interno Bruto) de dois anos antes. Dilma Rousseff (PT) transformou a regra em lei.<\/p>\n<p>Michel Temer (MDB), que governou durante a recess\u00e3o, n\u00e3o mudou a legisla\u00e7\u00e3o.<br \/>\nAt\u00e9 o fim deste ano, o governo apresentar\u00e1 um projeto de lei definindo qual ser\u00e1 a nova pol\u00edtica de reajuste.<\/p>\n<p>O secret\u00e1rio especial da Fazenda do Minist\u00e9rio da Economia, Waldery Rodrigues, fez quest\u00e3o de ressaltar que a f\u00f3rmula de corre\u00e7\u00e3o do sal\u00e1rio m\u00ednimo ainda n\u00e3o est\u00e1 definida, apesar da previs\u00e3o de aumento apenas pela infla\u00e7\u00e3o em 2020.<\/p>\n<p>&#8220;Esse n\u00famero n\u00e3o \u00e9 a nossa pol\u00edtica de sal\u00e1rio m\u00ednimo. Temos at\u00e9 dezembro deste ano para estabelecer a pol\u00edtica de sal\u00e1rio m\u00ednimo&#8221;, disse, durante a apresenta\u00e7\u00e3o do Or\u00e7amento do pr\u00f3ximo ano.<\/p>\n<p>Cabe ao Congresso aprovar o projeto que prev\u00ea as receitas e despesas de 2020. Os parlamentares, portanto, podem fazer altera\u00e7\u00f5es no valor do sal\u00e1rio m\u00ednimo. Isso, contudo, tem impacto nas contas p\u00fablicas.<\/p>\n<p>Em abril, o governo projetou um sal\u00e1rio m\u00ednimo de R$ 1.082,0 em 2021, e de R$ 1.123,0, para 2022.<\/p>\n","protected":false},"excerpt":{"rendered":"<p>O governo revisou para R$ 1.039,00, a proje\u00e7\u00e3o para o valor do sal\u00e1rio m\u00ednimo em 2020. Em abril, quando enviou o projeto de LDO (Lei de Diretrizes Or\u00e7ament\u00e1rias), a equipe do presidente Jair Bolsonaro estimava um sal\u00e1rio m\u00ednimo de R$ 1.040,00. A redu\u00e7\u00e3o de R$ 1 se deve a uma expectativa menor de infla\u00e7\u00e3o. Para 2020, o governo espera uma infla\u00e7\u00e3o de 4,02%, medida pelo INPC (\u00cdndice Nacional de Pre\u00e7os ao Consumidor). No projeto de LDO, a estimativa era de 4,19%. Isso provocou a ligeira revis\u00e3o na estimativa de sal\u00e1rio m\u00ednimo. Ainda assim, \u00e9 a primeira vez que o piso salarial ultrapassa a barreira de R$ 1.000. Atualmente, o sal\u00e1rio m\u00ednimo \u00e9 de R$ 998. Bolsonaro prev\u00ea um sal\u00e1rio m\u00ednimo&hellip; <\/p>\n","protected":false},"author":1,"featured_media":237096,"comment_status":"closed","ping_status":"closed","sticky":false,"template":"","format":"standard","meta":{"_acf_changed":false,"footnotes":""},"categories":[44],"tags":[],"class_list":["post-237095","post","type-post","status-publish","format-standard","has-post-thumbnail","hentry","category-administracao"],"acf":[],"yoast_head":"<!-- This site is optimized with the Yoast SEO plugin v27.4 - https:\/\/yoast.com\/product\/yoast-seo-wordpress\/ -->\n<title>Governo prop\u00f5e sal\u00e1rio m\u00ednimo de R$ 1.039,00 para o ano que vem - Blog do Farn\u00e9sio<\/title>\n<meta name=\"robots\" content=\"index, follow, max-snippet:-1, max-image-preview:large, max-video-preview:-1\" \/>\n<link rel=\"canonical\" href=\"https:\/\/blogdofarnesio.com.br\/?p=237095\" \/>\n<meta property=\"og:locale\" content=\"pt_BR\" \/>\n<meta property=\"og:type\" content=\"article\" \/>\n<meta property=\"og:title\" content=\"Governo prop\u00f5e sal\u00e1rio m\u00ednimo de R$ 1.039,00 para o ano que vem - Blog do Farn\u00e9sio\" \/>\n<meta property=\"og:description\" content=\"O governo revisou para R$ 1.039,00, a proje\u00e7\u00e3o para o valor do sal\u00e1rio m\u00ednimo em 2020. Em abril, quando enviou o projeto de LDO (Lei de Diretrizes Or\u00e7ament\u00e1rias), a equipe do presidente Jair Bolsonaro estimava um sal\u00e1rio m\u00ednimo de R$ 1.040,00. A redu\u00e7\u00e3o de R$ 1 se deve a uma expectativa menor de infla\u00e7\u00e3o. Para 2020, o governo espera uma infla\u00e7\u00e3o de 4,02%, medida pelo INPC (\u00cdndice Nacional de Pre\u00e7os ao Consumidor). No projeto de LDO, a estimativa era de 4,19%. Isso provocou a ligeira revis\u00e3o na estimativa de sal\u00e1rio m\u00ednimo. Ainda assim, \u00e9 a primeira vez que o piso salarial ultrapassa a barreira de R$ 1.000. Atualmente, o sal\u00e1rio m\u00ednimo \u00e9 de R$ 998. Bolsonaro prev\u00ea um sal\u00e1rio m\u00ednimo&hellip;\" \/>\n<meta property=\"og:url\" content=\"https:\/\/blogdofarnesio.com.br\/?p=237095\" \/>\n<meta property=\"og:site_name\" content=\"Blog do Farn\u00e9sio\" \/>\n<meta property=\"article:publisher\" content=\"https:\/\/www.facebook.com\/BlogQuerSaberPolitica\/\" \/>\n<meta property=\"article:published_time\" content=\"2019-08-31T13:30:21+00:00\" \/>\n<meta property=\"og:image\" content=\"https:\/\/blogdofarnesio.com.br\/wp-content\/uploads\/2019\/08\/BLOGQSP-DINHEIRO.jpg\" \/>\n\t<meta property=\"og:image:width\" content=\"890\" \/>\n\t<meta property=\"og:image:height\" content=\"500\" \/>\n\t<meta property=\"og:image:type\" content=\"image\/jpeg\" \/>\n<meta name=\"author\" content=\"Farn\u00e9sio\" \/>\n<meta name=\"twitter:card\" content=\"summary_large_image\" \/>\n<meta name=\"twitter:label1\" content=\"Escrito por\" \/>\n\t<meta name=\"twitter:data1\" content=\"Farn\u00e9sio\" \/>\n\t<meta name=\"twitter:label2\" content=\"Est. tempo de leitura\" \/>\n\t<meta name=\"twitter:data2\" content=\"2 minutos\" \/>\n<script type=\"application\/ld+json\" class=\"yoast-schema-graph\">{\"@context\":\"https:\\\/\\\/schema.org\",\"@graph\":[{\"@type\":\"Article\",\"@id\":\"https:\\\/\\\/blogdofarnesio.com.br\\\/?p=237095#article\",\"isPartOf\":{\"@id\":\"https:\\\/\\\/blogdofarnesio.com.br\\\/?p=237095\"},\"author\":{\"name\":\"Farn\u00e9sio\",\"@id\":\"https:\\\/\\\/blogdofarnesio.com.br\\\/#\\\/schema\\\/person\\\/301c4acf522bccbfdb45af95b5b906a1\"},\"headline\":\"Governo prop\u00f5e sal\u00e1rio m\u00ednimo de R$ 1.039,00 para o ano que vem\",\"datePublished\":\"2019-08-31T13:30:21+00:00\",\"mainEntityOfPage\":{\"@id\":\"https:\\\/\\\/blogdofarnesio.com.br\\\/?p=237095\"},\"wordCount\":431,\"publisher\":{\"@id\":\"https:\\\/\\\/blogdofarnesio.com.br\\\/#organization\"},\"image\":{\"@id\":\"https:\\\/\\\/blogdofarnesio.com.br\\\/?p=237095#primaryimage\"},\"thumbnailUrl\":\"https:\\\/\\\/blogdofarnesio.com.br\\\/wp-content\\\/uploads\\\/2019\\\/08\\\/BLOGQSP-DINHEIRO.jpg\",\"articleSection\":[\"Administra\u00e7\u00e3o\"],\"inLanguage\":\"pt-BR\"},{\"@type\":\"WebPage\",\"@id\":\"https:\\\/\\\/blogdofarnesio.com.br\\\/?p=237095\",\"url\":\"https:\\\/\\\/blogdofarnesio.com.br\\\/?p=237095\",\"name\":\"Governo prop\u00f5e sal\u00e1rio m\u00ednimo de R$ 1.039,00 para o ano que vem - Blog do Farn\u00e9sio\",\"isPartOf\":{\"@id\":\"https:\\\/\\\/blogdofarnesio.com.br\\\/#website\"},\"primaryImageOfPage\":{\"@id\":\"https:\\\/\\\/blogdofarnesio.com.br\\\/?p=237095#primaryimage\"},\"image\":{\"@id\":\"https:\\\/\\\/blogdofarnesio.com.br\\\/?p=237095#primaryimage\"},\"thumbnailUrl\":\"https:\\\/\\\/blogdofarnesio.com.br\\\/wp-content\\\/uploads\\\/2019\\\/08\\\/BLOGQSP-DINHEIRO.jpg\",\"datePublished\":\"2019-08-31T13:30:21+00:00\",\"breadcrumb\":{\"@id\":\"https:\\\/\\\/blogdofarnesio.com.br\\\/?p=237095#breadcrumb\"},\"inLanguage\":\"pt-BR\",\"potentialAction\":[{\"@type\":\"ReadAction\",\"target\":[\"https:\\\/\\\/blogdofarnesio.com.br\\\/?p=237095\"]}]},{\"@type\":\"ImageObject\",\"inLanguage\":\"pt-BR\",\"@id\":\"https:\\\/\\\/blogdofarnesio.com.br\\\/?p=237095#primaryimage\",\"url\":\"https:\\\/\\\/blogdofarnesio.com.br\\\/wp-content\\\/uploads\\\/2019\\\/08\\\/BLOGQSP-DINHEIRO.jpg\",\"contentUrl\":\"https:\\\/\\\/blogdofarnesio.com.br\\\/wp-content\\\/uploads\\\/2019\\\/08\\\/BLOGQSP-DINHEIRO.jpg\",\"width\":890,\"height\":500},{\"@type\":\"BreadcrumbList\",\"@id\":\"https:\\\/\\\/blogdofarnesio.com.br\\\/?p=237095#breadcrumb\",\"itemListElement\":[{\"@type\":\"ListItem\",\"position\":1,\"name\":\"In\u00edcio\",\"item\":\"https:\\\/\\\/blogdofarnesio.com.br\\\/\"},{\"@type\":\"ListItem\",\"position\":2,\"name\":\"Governo prop\u00f5e sal\u00e1rio m\u00ednimo de R$ 1.039,00 para o ano que vem\"}]},{\"@type\":\"WebSite\",\"@id\":\"https:\\\/\\\/blogdofarnesio.com.br\\\/#website\",\"url\":\"https:\\\/\\\/blogdofarnesio.com.br\\\/\",\"name\":\"Blog do Farn\u00e9sio\",\"description\":\"Quer Saber Pol\u00edtica?\",\"publisher\":{\"@id\":\"https:\\\/\\\/blogdofarnesio.com.br\\\/#organization\"},\"potentialAction\":[{\"@type\":\"SearchAction\",\"target\":{\"@type\":\"EntryPoint\",\"urlTemplate\":\"https:\\\/\\\/blogdofarnesio.com.br\\\/?s={search_term_string}\"},\"query-input\":{\"@type\":\"PropertyValueSpecification\",\"valueRequired\":true,\"valueName\":\"search_term_string\"}}],\"inLanguage\":\"pt-BR\"},{\"@type\":\"Organization\",\"@id\":\"https:\\\/\\\/blogdofarnesio.com.br\\\/#organization\",\"name\":\"Blog do Farn\u00e9sio\",\"url\":\"https:\\\/\\\/blogdofarnesio.com.br\\\/\",\"logo\":{\"@type\":\"ImageObject\",\"inLanguage\":\"pt-BR\",\"@id\":\"https:\\\/\\\/blogdofarnesio.com.br\\\/#\\\/schema\\\/logo\\\/image\\\/\",\"url\":\"https:\\\/\\\/blogdofarnesio.com.br\\\/wp-content\\\/uploads\\\/2026\\\/03\\\/cropped-logo_new-1.png\",\"contentUrl\":\"https:\\\/\\\/blogdofarnesio.com.br\\\/wp-content\\\/uploads\\\/2026\\\/03\\\/cropped-logo_new-1.png\",\"width\":881,\"height\":685,\"caption\":\"Blog do Farn\u00e9sio\"},\"image\":{\"@id\":\"https:\\\/\\\/blogdofarnesio.com.br\\\/#\\\/schema\\\/logo\\\/image\\\/\"},\"sameAs\":[\"https:\\\/\\\/www.facebook.com\\\/BlogQuerSaberPolitica\\\/\"]},{\"@type\":\"Person\",\"@id\":\"https:\\\/\\\/blogdofarnesio.com.br\\\/#\\\/schema\\\/person\\\/301c4acf522bccbfdb45af95b5b906a1\",\"name\":\"Farn\u00e9sio\",\"image\":{\"@type\":\"ImageObject\",\"inLanguage\":\"pt-BR\",\"@id\":\"https:\\\/\\\/secure.gravatar.com\\\/avatar\\\/df0c9a14567c056f8ad6876ba5bbd1e3e2c48023eb6807342fc4663adf549f38?s=96&d=mm&r=g\",\"url\":\"https:\\\/\\\/secure.gravatar.com\\\/avatar\\\/df0c9a14567c056f8ad6876ba5bbd1e3e2c48023eb6807342fc4663adf549f38?s=96&d=mm&r=g\",\"contentUrl\":\"https:\\\/\\\/secure.gravatar.com\\\/avatar\\\/df0c9a14567c056f8ad6876ba5bbd1e3e2c48023eb6807342fc4663adf549f38?s=96&d=mm&r=g\",\"caption\":\"Farn\u00e9sio\"},\"sameAs\":[\"https:\\\/\\\/quersaberpolitica.com.br\"],\"url\":\"https:\\\/\\\/blogdofarnesio.com.br\\\/?author=1\"}]}<\/script>\n<!-- \/ Yoast SEO plugin. -->","yoast_head_json":{"title":"Governo prop\u00f5e sal\u00e1rio m\u00ednimo de R$ 1.039,00 para o ano que vem - Blog do Farn\u00e9sio","robots":{"index":"index","follow":"follow","max-snippet":"max-snippet:-1","max-image-preview":"max-image-preview:large","max-video-preview":"max-video-preview:-1"},"canonical":"https:\/\/blogdofarnesio.com.br\/?p=237095","og_locale":"pt_BR","og_type":"article","og_title":"Governo prop\u00f5e sal\u00e1rio m\u00ednimo de R$ 1.039,00 para o ano que vem - Blog do Farn\u00e9sio","og_description":"O governo revisou para R$ 1.039,00, a proje\u00e7\u00e3o para o valor do sal\u00e1rio m\u00ednimo em 2020. Em abril, quando enviou o projeto de LDO (Lei de Diretrizes Or\u00e7ament\u00e1rias), a equipe do presidente Jair Bolsonaro estimava um sal\u00e1rio m\u00ednimo de R$ 1.040,00. A redu\u00e7\u00e3o de R$ 1 se deve a uma expectativa menor de infla\u00e7\u00e3o. Para 2020, o governo espera uma infla\u00e7\u00e3o de 4,02%, medida pelo INPC (\u00cdndice Nacional de Pre\u00e7os ao Consumidor). No projeto de LDO, a estimativa era de 4,19%. Isso provocou a ligeira revis\u00e3o na estimativa de sal\u00e1rio m\u00ednimo. Ainda assim, \u00e9 a primeira vez que o piso salarial ultrapassa a barreira de R$ 1.000. Atualmente, o sal\u00e1rio m\u00ednimo \u00e9 de R$ 998. Bolsonaro prev\u00ea um sal\u00e1rio m\u00ednimo&hellip;","og_url":"https:\/\/blogdofarnesio.com.br\/?p=237095","og_site_name":"Blog do Farn\u00e9sio","article_publisher":"https:\/\/www.facebook.com\/BlogQuerSaberPolitica\/","article_published_time":"2019-08-31T13:30:21+00:00","og_image":[{"width":890,"height":500,"url":"https:\/\/blogdofarnesio.com.br\/wp-content\/uploads\/2019\/08\/BLOGQSP-DINHEIRO.jpg","type":"image\/jpeg"}],"author":"Farn\u00e9sio","twitter_card":"summary_large_image","twitter_misc":{"Escrito por":"Farn\u00e9sio","Est. tempo de leitura":"2 minutos"},"schema":{"@context":"https:\/\/schema.org","@graph":[{"@type":"Article","@id":"https:\/\/blogdofarnesio.com.br\/?p=237095#article","isPartOf":{"@id":"https:\/\/blogdofarnesio.com.br\/?p=237095"},"author":{"name":"Farn\u00e9sio","@id":"https:\/\/blogdofarnesio.com.br\/#\/schema\/person\/301c4acf522bccbfdb45af95b5b906a1"},"headline":"Governo prop\u00f5e sal\u00e1rio m\u00ednimo de R$ 1.039,00 para o ano que vem","datePublished":"2019-08-31T13:30:21+00:00","mainEntityOfPage":{"@id":"https:\/\/blogdofarnesio.com.br\/?p=237095"},"wordCount":431,"publisher":{"@id":"https:\/\/blogdofarnesio.com.br\/#organization"},"image":{"@id":"https:\/\/blogdofarnesio.com.br\/?p=237095#primaryimage"},"thumbnailUrl":"https:\/\/blogdofarnesio.com.br\/wp-content\/uploads\/2019\/08\/BLOGQSP-DINHEIRO.jpg","articleSection":["Administra\u00e7\u00e3o"],"inLanguage":"pt-BR"},{"@type":"WebPage","@id":"https:\/\/blogdofarnesio.com.br\/?p=237095","url":"https:\/\/blogdofarnesio.com.br\/?p=237095","name":"Governo prop\u00f5e sal\u00e1rio m\u00ednimo de R$ 1.039,00 para o ano que vem - Blog do Farn\u00e9sio","isPartOf":{"@id":"https:\/\/blogdofarnesio.com.br\/#website"},"primaryImageOfPage":{"@id":"https:\/\/blogdofarnesio.com.br\/?p=237095#primaryimage"},"image":{"@id":"https:\/\/blogdofarnesio.com.br\/?p=237095#primaryimage"},"thumbnailUrl":"https:\/\/blogdofarnesio.com.br\/wp-content\/uploads\/2019\/08\/BLOGQSP-DINHEIRO.jpg","datePublished":"2019-08-31T13:30:21+00:00","breadcrumb":{"@id":"https:\/\/blogdofarnesio.com.br\/?p=237095#breadcrumb"},"inLanguage":"pt-BR","potentialAction":[{"@type":"ReadAction","target":["https:\/\/blogdofarnesio.com.br\/?p=237095"]}]},{"@type":"ImageObject","inLanguage":"pt-BR","@id":"https:\/\/blogdofarnesio.com.br\/?p=237095#primaryimage","url":"https:\/\/blogdofarnesio.com.br\/wp-content\/uploads\/2019\/08\/BLOGQSP-DINHEIRO.jpg","contentUrl":"https:\/\/blogdofarnesio.com.br\/wp-content\/uploads\/2019\/08\/BLOGQSP-DINHEIRO.jpg","width":890,"height":500},{"@type":"BreadcrumbList","@id":"https:\/\/blogdofarnesio.com.br\/?p=237095#breadcrumb","itemListElement":[{"@type":"ListItem","position":1,"name":"In\u00edcio","item":"https:\/\/blogdofarnesio.com.br\/"},{"@type":"ListItem","position":2,"name":"Governo prop\u00f5e sal\u00e1rio m\u00ednimo de R$ 1.039,00 para o ano que vem"}]},{"@type":"WebSite","@id":"https:\/\/blogdofarnesio.com.br\/#website","url":"https:\/\/blogdofarnesio.com.br\/","name":"Blog do Farn\u00e9sio","description":"Quer Saber Pol\u00edtica?","publisher":{"@id":"https:\/\/blogdofarnesio.com.br\/#organization"},"potentialAction":[{"@type":"SearchAction","target":{"@type":"EntryPoint","urlTemplate":"https:\/\/blogdofarnesio.com.br\/?s={search_term_string}"},"query-input":{"@type":"PropertyValueSpecification","valueRequired":true,"valueName":"search_term_string"}}],"inLanguage":"pt-BR"},{"@type":"Organization","@id":"https:\/\/blogdofarnesio.com.br\/#organization","name":"Blog do Farn\u00e9sio","url":"https:\/\/blogdofarnesio.com.br\/","logo":{"@type":"ImageObject","inLanguage":"pt-BR","@id":"https:\/\/blogdofarnesio.com.br\/#\/schema\/logo\/image\/","url":"https:\/\/blogdofarnesio.com.br\/wp-content\/uploads\/2026\/03\/cropped-logo_new-1.png","contentUrl":"https:\/\/blogdofarnesio.com.br\/wp-content\/uploads\/2026\/03\/cropped-logo_new-1.png","width":881,"height":685,"caption":"Blog do Farn\u00e9sio"},"image":{"@id":"https:\/\/blogdofarnesio.com.br\/#\/schema\/logo\/image\/"},"sameAs":["https:\/\/www.facebook.com\/BlogQuerSaberPolitica\/"]},{"@type":"Person","@id":"https:\/\/blogdofarnesio.com.br\/#\/schema\/person\/301c4acf522bccbfdb45af95b5b906a1","name":"Farn\u00e9sio","image":{"@type":"ImageObject","inLanguage":"pt-BR","@id":"https:\/\/secure.gravatar.com\/avatar\/df0c9a14567c056f8ad6876ba5bbd1e3e2c48023eb6807342fc4663adf549f38?s=96&d=mm&r=g","url":"https:\/\/secure.gravatar.com\/avatar\/df0c9a14567c056f8ad6876ba5bbd1e3e2c48023eb6807342fc4663adf549f38?s=96&d=mm&r=g","contentUrl":"https:\/\/secure.gravatar.com\/avatar\/df0c9a14567c056f8ad6876ba5bbd1e3e2c48023eb6807342fc4663adf549f38?s=96&d=mm&r=g","caption":"Farn\u00e9sio"},"sameAs":["https:\/\/quersaberpolitica.com.br"],"url":"https:\/\/blogdofarnesio.com.br\/?author=1"}]}},"_links":{"self":[{"href":"https:\/\/blogdofarnesio.com.br\/index.php?rest_route=\/wp\/v2\/posts\/237095","targetHints":{"allow":["GET"]}}],"collection":[{"href":"https:\/\/blogdofarnesio.com.br\/index.php?rest_route=\/wp\/v2\/posts"}],"about":[{"href":"https:\/\/blogdofarnesio.com.br\/index.php?rest_route=\/wp\/v2\/types\/post"}],"author":[{"embeddable":true,"href":"https:\/\/blogdofarnesio.com.br\/index.php?rest_route=\/wp\/v2\/users\/1"}],"replies":[{"embeddable":true,"href":"https:\/\/blogdofarnesio.com.br\/index.php?rest_route=%2Fwp%2Fv2%2Fcomments&post=237095"}],"version-history":[{"count":0,"href":"https:\/\/blogdofarnesio.com.br\/index.php?rest_route=\/wp\/v2\/posts\/237095\/revisions"}],"wp:featuredmedia":[{"embeddable":true,"href":"https:\/\/blogdofarnesio.com.br\/index.php?rest_route=\/wp\/v2\/media\/237096"}],"wp:attachment":[{"href":"https:\/\/blogdofarnesio.com.br\/index.php?rest_route=%2Fwp%2Fv2%2Fmedia&parent=237095"}],"wp:term":[{"taxonomy":"category","embeddable":true,"href":"https:\/\/blogdofarnesio.com.br\/index.php?rest_route=%2Fwp%2Fv2%2Fcategories&post=237095"},{"taxonomy":"post_tag","embeddable":true,"href":"https:\/\/blogdofarnesio.com.br\/index.php?rest_route=%2Fwp%2Fv2%2Ftags&post=237095"}],"curies":[{"name":"wp","href":"https:\/\/api.w.org\/{rel}","templated":true}]}}