{"id":236876,"date":"2019-08-31T08:00:40","date_gmt":"2019-08-31T11:00:40","guid":{"rendered":"http:\/\/quersaberpolitica.com.br\/2016\/?p=236876"},"modified":"2019-09-02T11:28:56","modified_gmt":"2019-09-02T14:28:56","slug":"em-sua-17a-edicao-caravana-da-cidadania-levara-servicos-gratuitos-a-comunidade-do-rio-corrente","status":"publish","type":"post","link":"https:\/\/blogdofarnesio.com.br\/2019\/08\/em-sua-17a-edicao-caravana-da-cidadania-levara-servicos-gratuitos-a-comunidade-do-rio-corrente\/","title":{"rendered":"Em sua 17\u00aa edi\u00e7\u00e3o, Caravana da Cidadania levar\u00e1 servi\u00e7os gratuitos \u00e0 comunidade do Rio Corrente"},"content":{"rendered":"<p style=\"font-weight: 400;\">O Projeto Caravana da Cidadania chega \u00e0 sua 17\u00aa edi\u00e7\u00e3o neste s\u00e1bado (31), no bairro Rio Corrente em Petrolina, com oferta de diversos servi\u00e7os prestados pela prefeitura \u00a0e \u00a0apoio de parceiros de \u00f3rg\u00e3os p\u00fablicos e privados. O evento acontecer\u00e1 na Escola Ariano Suassuna, das 8h \u00e0s 12h.<\/p>\n<p style=\"font-weight: 400;\">Ser\u00e3o ofertados os servi\u00e7os de: atendimento m\u00e9dico, exames ginecol\u00f3gicos, atendimento psicossocial, dentista, nutricionista, orienta\u00e7\u00f5es do Conselho Tutelar, Minist\u00e9rio P\u00fablico, Vara C\u00edvel da Fam\u00edlia, media\u00e7\u00e3o de conflitos e orienta\u00e7\u00e3o nas a\u00e7\u00f5es c\u00edvel e criminal pela Defensoria P\u00fablica Estadual, projeto \u2018Elas Merecem Respeito\u2019 (CEAM), emiss\u00e3o de ID Jovem e carteirinha do idoso, atendimento do Cadastro \u00danico e cortes de cabelo feminino e masculino, al\u00e9m de servi\u00e7os de est\u00e9tica, dentre outros.<\/p>\n<p style=\"font-weight: 400;\">A secret\u00e1ria executiva de Desenvolvimento Social Doriane Secchi, comemora a quantidade de servi\u00e7os ofertados durante a Caravana.\u00a0<em>\u201cNessa edi\u00e7\u00e3o n\u00f3s teremos ainda mais parceiros auxiliando a comunidade. Hoje somamos quase 50 parceiros das esferas p\u00fablica e privada que se disponibilizam a ofertar servi\u00e7os de forma gratuita. Esse projeto da Prefeitura Municipal de Petrolina tem feito muito sucesso por onde passa, pois, em um s\u00f3 dia, o indiv\u00edduo consegue resolver as mais diversas pend\u00eancias\u201d<\/em>, pontua a executiva.<\/p>\n<p style=\"font-weight: 400;\">A Caravana da Cidadania \u00e9 uma iniciativa gratuita coordenada\u00a0 pela Secretaria de Desenvolvimento Social e Direitos Humanos, por meio da Secretaria Executiva de Desenvolvimento Social.<\/p>\n<p style=\"font-weight: 400;\">Texto: Karem Moraes<\/p>\n","protected":false},"excerpt":{"rendered":"<p>O Projeto Caravana da Cidadania chega \u00e0 sua 17\u00aa edi\u00e7\u00e3o neste s\u00e1bado (31), no bairro Rio Corrente em Petrolina, com oferta de diversos servi\u00e7os prestados pela prefeitura \u00a0e \u00a0apoio de parceiros de \u00f3rg\u00e3os p\u00fablicos e privados. O evento acontecer\u00e1 na Escola Ariano Suassuna, das 8h \u00e0s 12h. Ser\u00e3o ofertados os servi\u00e7os de: atendimento m\u00e9dico, exames ginecol\u00f3gicos, atendimento psicossocial, dentista, nutricionista, orienta\u00e7\u00f5es do Conselho Tutelar, Minist\u00e9rio P\u00fablico, Vara C\u00edvel da Fam\u00edlia, media\u00e7\u00e3o de conflitos e orienta\u00e7\u00e3o nas a\u00e7\u00f5es c\u00edvel e criminal pela Defensoria P\u00fablica Estadual, projeto \u2018Elas Merecem Respeito\u2019 (CEAM), emiss\u00e3o de ID Jovem e carteirinha do idoso, atendimento do Cadastro \u00danico e cortes de cabelo feminino e masculino, al\u00e9m de servi\u00e7os de est\u00e9tica, dentre outros. A secret\u00e1ria executiva de Desenvolvimento&hellip; <\/p>\n","protected":false},"author":1,"featured_media":236877,"comment_status":"closed","ping_status":"closed","sticky":false,"template":"","format":"standard","meta":{"_acf_changed":false,"footnotes":""},"categories":[44],"tags":[],"class_list":["post-236876","post","type-post","status-publish","format-standard","has-post-thumbnail","hentry","category-administracao"],"acf":[],"yoast_head":"<!-- This site is optimized with the Yoast SEO plugin v27.5 - https:\/\/yoast.com\/product\/yoast-seo-wordpress\/ -->\n<title>Em sua 17\u00aa edi\u00e7\u00e3o, Caravana da Cidadania levar\u00e1 servi\u00e7os gratuitos \u00e0 comunidade do Rio Corrente - Blog do Farn\u00e9sio<\/title>\n<meta name=\"robots\" content=\"index, follow, max-snippet:-1, max-image-preview:large, max-video-preview:-1\" \/>\n<link rel=\"canonical\" href=\"https:\/\/blogdofarnesio.com.br\/2019\/08\/em-sua-17a-edicao-caravana-da-cidadania-levara-servicos-gratuitos-a-comunidade-do-rio-corrente\/\" \/>\n<meta property=\"og:locale\" content=\"pt_BR\" \/>\n<meta property=\"og:type\" content=\"article\" \/>\n<meta property=\"og:title\" content=\"Em sua 17\u00aa edi\u00e7\u00e3o, Caravana da Cidadania levar\u00e1 servi\u00e7os gratuitos \u00e0 comunidade do Rio Corrente - Blog do Farn\u00e9sio\" \/>\n<meta property=\"og:description\" content=\"O Projeto Caravana da Cidadania chega \u00e0 sua 17\u00aa edi\u00e7\u00e3o neste s\u00e1bado (31), no bairro Rio Corrente em Petrolina, com oferta de diversos servi\u00e7os prestados pela prefeitura \u00a0e \u00a0apoio de parceiros de \u00f3rg\u00e3os p\u00fablicos e privados. O evento acontecer\u00e1 na Escola Ariano Suassuna, das 8h \u00e0s 12h. Ser\u00e3o ofertados os servi\u00e7os de: atendimento m\u00e9dico, exames ginecol\u00f3gicos, atendimento psicossocial, dentista, nutricionista, orienta\u00e7\u00f5es do Conselho Tutelar, Minist\u00e9rio P\u00fablico, Vara C\u00edvel da Fam\u00edlia, media\u00e7\u00e3o de conflitos e orienta\u00e7\u00e3o nas a\u00e7\u00f5es c\u00edvel e criminal pela Defensoria P\u00fablica Estadual, projeto \u2018Elas Merecem Respeito\u2019 (CEAM), emiss\u00e3o de ID Jovem e carteirinha do idoso, atendimento do Cadastro \u00danico e cortes de cabelo feminino e masculino, al\u00e9m de servi\u00e7os de est\u00e9tica, dentre outros. A secret\u00e1ria executiva de Desenvolvimento&hellip;\" \/>\n<meta property=\"og:url\" content=\"https:\/\/blogdofarnesio.com.br\/2019\/08\/em-sua-17a-edicao-caravana-da-cidadania-levara-servicos-gratuitos-a-comunidade-do-rio-corrente\/\" \/>\n<meta property=\"og:site_name\" content=\"Blog do Farn\u00e9sio\" \/>\n<meta property=\"article:publisher\" content=\"https:\/\/www.facebook.com\/BlogQuerSaberPolitica\/\" \/>\n<meta property=\"article:published_time\" content=\"2019-08-31T11:00:40+00:00\" \/>\n<meta property=\"article:modified_time\" content=\"2019-09-02T14:28:56+00:00\" \/>\n<meta property=\"og:image\" content=\"https:\/\/blogdofarnesio.com.br\/wp-content\/uploads\/2019\/08\/blogqsp-Caravana-Rio-Corrente.jpeg\" \/>\n\t<meta property=\"og:image:width\" content=\"480\" \/>\n\t<meta property=\"og:image:height\" content=\"480\" \/>\n\t<meta property=\"og:image:type\" content=\"image\/jpeg\" \/>\n<meta name=\"author\" content=\"Farn\u00e9sio\" \/>\n<meta name=\"twitter:card\" content=\"summary_large_image\" \/>\n<meta name=\"twitter:label1\" content=\"Escrito por\" \/>\n\t<meta name=\"twitter:data1\" content=\"Farn\u00e9sio\" \/>\n\t<meta name=\"twitter:label2\" content=\"Est. tempo de leitura\" \/>\n\t<meta name=\"twitter:data2\" content=\"1 minuto\" \/>\n<script type=\"application\/ld+json\" class=\"yoast-schema-graph\">{\"@context\":\"https:\\\/\\\/schema.org\",\"@graph\":[{\"@type\":\"Article\",\"@id\":\"https:\\\/\\\/blogdofarnesio.com.br\\\/2019\\\/08\\\/em-sua-17a-edicao-caravana-da-cidadania-levara-servicos-gratuitos-a-comunidade-do-rio-corrente\\\/#article\",\"isPartOf\":{\"@id\":\"https:\\\/\\\/blogdofarnesio.com.br\\\/2019\\\/08\\\/em-sua-17a-edicao-caravana-da-cidadania-levara-servicos-gratuitos-a-comunidade-do-rio-corrente\\\/\"},\"author\":{\"name\":\"Farn\u00e9sio\",\"@id\":\"https:\\\/\\\/blogdofarnesio.com.br\\\/#\\\/schema\\\/person\\\/301c4acf522bccbfdb45af95b5b906a1\"},\"headline\":\"Em sua 17\u00aa edi\u00e7\u00e3o, Caravana da Cidadania levar\u00e1 servi\u00e7os gratuitos \u00e0 comunidade do Rio Corrente\",\"datePublished\":\"2019-08-31T11:00:40+00:00\",\"dateModified\":\"2019-09-02T14:28:56+00:00\",\"mainEntityOfPage\":{\"@id\":\"https:\\\/\\\/blogdofarnesio.com.br\\\/2019\\\/08\\\/em-sua-17a-edicao-caravana-da-cidadania-levara-servicos-gratuitos-a-comunidade-do-rio-corrente\\\/\"},\"wordCount\":260,\"publisher\":{\"@id\":\"https:\\\/\\\/blogdofarnesio.com.br\\\/#organization\"},\"image\":{\"@id\":\"https:\\\/\\\/blogdofarnesio.com.br\\\/2019\\\/08\\\/em-sua-17a-edicao-caravana-da-cidadania-levara-servicos-gratuitos-a-comunidade-do-rio-corrente\\\/#primaryimage\"},\"thumbnailUrl\":\"https:\\\/\\\/blogdofarnesio.com.br\\\/wp-content\\\/uploads\\\/2019\\\/08\\\/blogqsp-Caravana-Rio-Corrente.jpeg\",\"articleSection\":[\"Administra\u00e7\u00e3o\"],\"inLanguage\":\"pt-BR\"},{\"@type\":\"WebPage\",\"@id\":\"https:\\\/\\\/blogdofarnesio.com.br\\\/2019\\\/08\\\/em-sua-17a-edicao-caravana-da-cidadania-levara-servicos-gratuitos-a-comunidade-do-rio-corrente\\\/\",\"url\":\"https:\\\/\\\/blogdofarnesio.com.br\\\/2019\\\/08\\\/em-sua-17a-edicao-caravana-da-cidadania-levara-servicos-gratuitos-a-comunidade-do-rio-corrente\\\/\",\"name\":\"Em sua 17\u00aa edi\u00e7\u00e3o, Caravana da Cidadania levar\u00e1 servi\u00e7os gratuitos \u00e0 comunidade do Rio Corrente - Blog do Farn\u00e9sio\",\"isPartOf\":{\"@id\":\"https:\\\/\\\/blogdofarnesio.com.br\\\/#website\"},\"primaryImageOfPage\":{\"@id\":\"https:\\\/\\\/blogdofarnesio.com.br\\\/2019\\\/08\\\/em-sua-17a-edicao-caravana-da-cidadania-levara-servicos-gratuitos-a-comunidade-do-rio-corrente\\\/#primaryimage\"},\"image\":{\"@id\":\"https:\\\/\\\/blogdofarnesio.com.br\\\/2019\\\/08\\\/em-sua-17a-edicao-caravana-da-cidadania-levara-servicos-gratuitos-a-comunidade-do-rio-corrente\\\/#primaryimage\"},\"thumbnailUrl\":\"https:\\\/\\\/blogdofarnesio.com.br\\\/wp-content\\\/uploads\\\/2019\\\/08\\\/blogqsp-Caravana-Rio-Corrente.jpeg\",\"datePublished\":\"2019-08-31T11:00:40+00:00\",\"dateModified\":\"2019-09-02T14:28:56+00:00\",\"breadcrumb\":{\"@id\":\"https:\\\/\\\/blogdofarnesio.com.br\\\/2019\\\/08\\\/em-sua-17a-edicao-caravana-da-cidadania-levara-servicos-gratuitos-a-comunidade-do-rio-corrente\\\/#breadcrumb\"},\"inLanguage\":\"pt-BR\",\"potentialAction\":[{\"@type\":\"ReadAction\",\"target\":[\"https:\\\/\\\/blogdofarnesio.com.br\\\/2019\\\/08\\\/em-sua-17a-edicao-caravana-da-cidadania-levara-servicos-gratuitos-a-comunidade-do-rio-corrente\\\/\"]}]},{\"@type\":\"ImageObject\",\"inLanguage\":\"pt-BR\",\"@id\":\"https:\\\/\\\/blogdofarnesio.com.br\\\/2019\\\/08\\\/em-sua-17a-edicao-caravana-da-cidadania-levara-servicos-gratuitos-a-comunidade-do-rio-corrente\\\/#primaryimage\",\"url\":\"https:\\\/\\\/blogdofarnesio.com.br\\\/wp-content\\\/uploads\\\/2019\\\/08\\\/blogqsp-Caravana-Rio-Corrente.jpeg\",\"contentUrl\":\"https:\\\/\\\/blogdofarnesio.com.br\\\/wp-content\\\/uploads\\\/2019\\\/08\\\/blogqsp-Caravana-Rio-Corrente.jpeg\",\"width\":480,\"height\":480},{\"@type\":\"BreadcrumbList\",\"@id\":\"https:\\\/\\\/blogdofarnesio.com.br\\\/2019\\\/08\\\/em-sua-17a-edicao-caravana-da-cidadania-levara-servicos-gratuitos-a-comunidade-do-rio-corrente\\\/#breadcrumb\",\"itemListElement\":[{\"@type\":\"ListItem\",\"position\":1,\"name\":\"In\u00edcio\",\"item\":\"https:\\\/\\\/blogdofarnesio.com.br\\\/\"},{\"@type\":\"ListItem\",\"position\":2,\"name\":\"Em sua 17\u00aa edi\u00e7\u00e3o, Caravana da Cidadania levar\u00e1 servi\u00e7os gratuitos \u00e0 comunidade do Rio Corrente\"}]},{\"@type\":\"WebSite\",\"@id\":\"https:\\\/\\\/blogdofarnesio.com.br\\\/#website\",\"url\":\"https:\\\/\\\/blogdofarnesio.com.br\\\/\",\"name\":\"Blog do Farn\u00e9sio\",\"description\":\"Quer Saber Pol\u00edtica?\",\"publisher\":{\"@id\":\"https:\\\/\\\/blogdofarnesio.com.br\\\/#organization\"},\"potentialAction\":[{\"@type\":\"SearchAction\",\"target\":{\"@type\":\"EntryPoint\",\"urlTemplate\":\"https:\\\/\\\/blogdofarnesio.com.br\\\/?s={search_term_string}\"},\"query-input\":{\"@type\":\"PropertyValueSpecification\",\"valueRequired\":true,\"valueName\":\"search_term_string\"}}],\"inLanguage\":\"pt-BR\"},{\"@type\":\"Organization\",\"@id\":\"https:\\\/\\\/blogdofarnesio.com.br\\\/#organization\",\"name\":\"Blog do Farn\u00e9sio\",\"url\":\"https:\\\/\\\/blogdofarnesio.com.br\\\/\",\"logo\":{\"@type\":\"ImageObject\",\"inLanguage\":\"pt-BR\",\"@id\":\"https:\\\/\\\/blogdofarnesio.com.br\\\/#\\\/schema\\\/logo\\\/image\\\/\",\"url\":\"https:\\\/\\\/blogdofarnesio.com.br\\\/wp-content\\\/uploads\\\/2026\\\/03\\\/cropped-logo_new-1.png\",\"contentUrl\":\"https:\\\/\\\/blogdofarnesio.com.br\\\/wp-content\\\/uploads\\\/2026\\\/03\\\/cropped-logo_new-1.png\",\"width\":881,\"height\":685,\"caption\":\"Blog do Farn\u00e9sio\"},\"image\":{\"@id\":\"https:\\\/\\\/blogdofarnesio.com.br\\\/#\\\/schema\\\/logo\\\/image\\\/\"},\"sameAs\":[\"https:\\\/\\\/www.facebook.com\\\/BlogQuerSaberPolitica\\\/\"]},{\"@type\":\"Person\",\"@id\":\"https:\\\/\\\/blogdofarnesio.com.br\\\/#\\\/schema\\\/person\\\/301c4acf522bccbfdb45af95b5b906a1\",\"name\":\"Farn\u00e9sio\",\"image\":{\"@type\":\"ImageObject\",\"inLanguage\":\"pt-BR\",\"@id\":\"https:\\\/\\\/secure.gravatar.com\\\/avatar\\\/df0c9a14567c056f8ad6876ba5bbd1e3e2c48023eb6807342fc4663adf549f38?s=96&d=mm&r=g\",\"url\":\"https:\\\/\\\/secure.gravatar.com\\\/avatar\\\/df0c9a14567c056f8ad6876ba5bbd1e3e2c48023eb6807342fc4663adf549f38?s=96&d=mm&r=g\",\"contentUrl\":\"https:\\\/\\\/secure.gravatar.com\\\/avatar\\\/df0c9a14567c056f8ad6876ba5bbd1e3e2c48023eb6807342fc4663adf549f38?s=96&d=mm&r=g\",\"caption\":\"Farn\u00e9sio\"},\"sameAs\":[\"https:\\\/\\\/quersaberpolitica.com.br\"],\"url\":\"https:\\\/\\\/blogdofarnesio.com.br\\\/author\\\/farnesio\\\/\"}]}<\/script>\n<!-- \/ Yoast SEO plugin. -->","yoast_head_json":{"title":"Em sua 17\u00aa edi\u00e7\u00e3o, Caravana da Cidadania levar\u00e1 servi\u00e7os gratuitos \u00e0 comunidade do Rio Corrente - Blog do Farn\u00e9sio","robots":{"index":"index","follow":"follow","max-snippet":"max-snippet:-1","max-image-preview":"max-image-preview:large","max-video-preview":"max-video-preview:-1"},"canonical":"https:\/\/blogdofarnesio.com.br\/2019\/08\/em-sua-17a-edicao-caravana-da-cidadania-levara-servicos-gratuitos-a-comunidade-do-rio-corrente\/","og_locale":"pt_BR","og_type":"article","og_title":"Em sua 17\u00aa edi\u00e7\u00e3o, Caravana da Cidadania levar\u00e1 servi\u00e7os gratuitos \u00e0 comunidade do Rio Corrente - Blog do Farn\u00e9sio","og_description":"O Projeto Caravana da Cidadania chega \u00e0 sua 17\u00aa edi\u00e7\u00e3o neste s\u00e1bado (31), no bairro Rio Corrente em Petrolina, com oferta de diversos servi\u00e7os prestados pela prefeitura \u00a0e \u00a0apoio de parceiros de \u00f3rg\u00e3os p\u00fablicos e privados. O evento acontecer\u00e1 na Escola Ariano Suassuna, das 8h \u00e0s 12h. Ser\u00e3o ofertados os servi\u00e7os de: atendimento m\u00e9dico, exames ginecol\u00f3gicos, atendimento psicossocial, dentista, nutricionista, orienta\u00e7\u00f5es do Conselho Tutelar, Minist\u00e9rio P\u00fablico, Vara C\u00edvel da Fam\u00edlia, media\u00e7\u00e3o de conflitos e orienta\u00e7\u00e3o nas a\u00e7\u00f5es c\u00edvel e criminal pela Defensoria P\u00fablica Estadual, projeto \u2018Elas Merecem Respeito\u2019 (CEAM), emiss\u00e3o de ID Jovem e carteirinha do idoso, atendimento do Cadastro \u00danico e cortes de cabelo feminino e masculino, al\u00e9m de servi\u00e7os de est\u00e9tica, dentre outros. A secret\u00e1ria executiva de Desenvolvimento&hellip;","og_url":"https:\/\/blogdofarnesio.com.br\/2019\/08\/em-sua-17a-edicao-caravana-da-cidadania-levara-servicos-gratuitos-a-comunidade-do-rio-corrente\/","og_site_name":"Blog do Farn\u00e9sio","article_publisher":"https:\/\/www.facebook.com\/BlogQuerSaberPolitica\/","article_published_time":"2019-08-31T11:00:40+00:00","article_modified_time":"2019-09-02T14:28:56+00:00","og_image":[{"width":480,"height":480,"url":"https:\/\/blogdofarnesio.com.br\/wp-content\/uploads\/2019\/08\/blogqsp-Caravana-Rio-Corrente.jpeg","type":"image\/jpeg"}],"author":"Farn\u00e9sio","twitter_card":"summary_large_image","twitter_misc":{"Escrito por":"Farn\u00e9sio","Est. tempo de leitura":"1 minuto"},"schema":{"@context":"https:\/\/schema.org","@graph":[{"@type":"Article","@id":"https:\/\/blogdofarnesio.com.br\/2019\/08\/em-sua-17a-edicao-caravana-da-cidadania-levara-servicos-gratuitos-a-comunidade-do-rio-corrente\/#article","isPartOf":{"@id":"https:\/\/blogdofarnesio.com.br\/2019\/08\/em-sua-17a-edicao-caravana-da-cidadania-levara-servicos-gratuitos-a-comunidade-do-rio-corrente\/"},"author":{"name":"Farn\u00e9sio","@id":"https:\/\/blogdofarnesio.com.br\/#\/schema\/person\/301c4acf522bccbfdb45af95b5b906a1"},"headline":"Em sua 17\u00aa edi\u00e7\u00e3o, Caravana da Cidadania levar\u00e1 servi\u00e7os gratuitos \u00e0 comunidade do Rio Corrente","datePublished":"2019-08-31T11:00:40+00:00","dateModified":"2019-09-02T14:28:56+00:00","mainEntityOfPage":{"@id":"https:\/\/blogdofarnesio.com.br\/2019\/08\/em-sua-17a-edicao-caravana-da-cidadania-levara-servicos-gratuitos-a-comunidade-do-rio-corrente\/"},"wordCount":260,"publisher":{"@id":"https:\/\/blogdofarnesio.com.br\/#organization"},"image":{"@id":"https:\/\/blogdofarnesio.com.br\/2019\/08\/em-sua-17a-edicao-caravana-da-cidadania-levara-servicos-gratuitos-a-comunidade-do-rio-corrente\/#primaryimage"},"thumbnailUrl":"https:\/\/blogdofarnesio.com.br\/wp-content\/uploads\/2019\/08\/blogqsp-Caravana-Rio-Corrente.jpeg","articleSection":["Administra\u00e7\u00e3o"],"inLanguage":"pt-BR"},{"@type":"WebPage","@id":"https:\/\/blogdofarnesio.com.br\/2019\/08\/em-sua-17a-edicao-caravana-da-cidadania-levara-servicos-gratuitos-a-comunidade-do-rio-corrente\/","url":"https:\/\/blogdofarnesio.com.br\/2019\/08\/em-sua-17a-edicao-caravana-da-cidadania-levara-servicos-gratuitos-a-comunidade-do-rio-corrente\/","name":"Em sua 17\u00aa edi\u00e7\u00e3o, Caravana da Cidadania levar\u00e1 servi\u00e7os gratuitos \u00e0 comunidade do Rio Corrente - Blog do Farn\u00e9sio","isPartOf":{"@id":"https:\/\/blogdofarnesio.com.br\/#website"},"primaryImageOfPage":{"@id":"https:\/\/blogdofarnesio.com.br\/2019\/08\/em-sua-17a-edicao-caravana-da-cidadania-levara-servicos-gratuitos-a-comunidade-do-rio-corrente\/#primaryimage"},"image":{"@id":"https:\/\/blogdofarnesio.com.br\/2019\/08\/em-sua-17a-edicao-caravana-da-cidadania-levara-servicos-gratuitos-a-comunidade-do-rio-corrente\/#primaryimage"},"thumbnailUrl":"https:\/\/blogdofarnesio.com.br\/wp-content\/uploads\/2019\/08\/blogqsp-Caravana-Rio-Corrente.jpeg","datePublished":"2019-08-31T11:00:40+00:00","dateModified":"2019-09-02T14:28:56+00:00","breadcrumb":{"@id":"https:\/\/blogdofarnesio.com.br\/2019\/08\/em-sua-17a-edicao-caravana-da-cidadania-levara-servicos-gratuitos-a-comunidade-do-rio-corrente\/#breadcrumb"},"inLanguage":"pt-BR","potentialAction":[{"@type":"ReadAction","target":["https:\/\/blogdofarnesio.com.br\/2019\/08\/em-sua-17a-edicao-caravana-da-cidadania-levara-servicos-gratuitos-a-comunidade-do-rio-corrente\/"]}]},{"@type":"ImageObject","inLanguage":"pt-BR","@id":"https:\/\/blogdofarnesio.com.br\/2019\/08\/em-sua-17a-edicao-caravana-da-cidadania-levara-servicos-gratuitos-a-comunidade-do-rio-corrente\/#primaryimage","url":"https:\/\/blogdofarnesio.com.br\/wp-content\/uploads\/2019\/08\/blogqsp-Caravana-Rio-Corrente.jpeg","contentUrl":"https:\/\/blogdofarnesio.com.br\/wp-content\/uploads\/2019\/08\/blogqsp-Caravana-Rio-Corrente.jpeg","width":480,"height":480},{"@type":"BreadcrumbList","@id":"https:\/\/blogdofarnesio.com.br\/2019\/08\/em-sua-17a-edicao-caravana-da-cidadania-levara-servicos-gratuitos-a-comunidade-do-rio-corrente\/#breadcrumb","itemListElement":[{"@type":"ListItem","position":1,"name":"In\u00edcio","item":"https:\/\/blogdofarnesio.com.br\/"},{"@type":"ListItem","position":2,"name":"Em sua 17\u00aa edi\u00e7\u00e3o, Caravana da Cidadania levar\u00e1 servi\u00e7os gratuitos \u00e0 comunidade do Rio Corrente"}]},{"@type":"WebSite","@id":"https:\/\/blogdofarnesio.com.br\/#website","url":"https:\/\/blogdofarnesio.com.br\/","name":"Blog do Farn\u00e9sio","description":"Quer Saber Pol\u00edtica?","publisher":{"@id":"https:\/\/blogdofarnesio.com.br\/#organization"},"potentialAction":[{"@type":"SearchAction","target":{"@type":"EntryPoint","urlTemplate":"https:\/\/blogdofarnesio.com.br\/?s={search_term_string}"},"query-input":{"@type":"PropertyValueSpecification","valueRequired":true,"valueName":"search_term_string"}}],"inLanguage":"pt-BR"},{"@type":"Organization","@id":"https:\/\/blogdofarnesio.com.br\/#organization","name":"Blog do Farn\u00e9sio","url":"https:\/\/blogdofarnesio.com.br\/","logo":{"@type":"ImageObject","inLanguage":"pt-BR","@id":"https:\/\/blogdofarnesio.com.br\/#\/schema\/logo\/image\/","url":"https:\/\/blogdofarnesio.com.br\/wp-content\/uploads\/2026\/03\/cropped-logo_new-1.png","contentUrl":"https:\/\/blogdofarnesio.com.br\/wp-content\/uploads\/2026\/03\/cropped-logo_new-1.png","width":881,"height":685,"caption":"Blog do Farn\u00e9sio"},"image":{"@id":"https:\/\/blogdofarnesio.com.br\/#\/schema\/logo\/image\/"},"sameAs":["https:\/\/www.facebook.com\/BlogQuerSaberPolitica\/"]},{"@type":"Person","@id":"https:\/\/blogdofarnesio.com.br\/#\/schema\/person\/301c4acf522bccbfdb45af95b5b906a1","name":"Farn\u00e9sio","image":{"@type":"ImageObject","inLanguage":"pt-BR","@id":"https:\/\/secure.gravatar.com\/avatar\/df0c9a14567c056f8ad6876ba5bbd1e3e2c48023eb6807342fc4663adf549f38?s=96&d=mm&r=g","url":"https:\/\/secure.gravatar.com\/avatar\/df0c9a14567c056f8ad6876ba5bbd1e3e2c48023eb6807342fc4663adf549f38?s=96&d=mm&r=g","contentUrl":"https:\/\/secure.gravatar.com\/avatar\/df0c9a14567c056f8ad6876ba5bbd1e3e2c48023eb6807342fc4663adf549f38?s=96&d=mm&r=g","caption":"Farn\u00e9sio"},"sameAs":["https:\/\/quersaberpolitica.com.br"],"url":"https:\/\/blogdofarnesio.com.br\/author\/farnesio\/"}]}},"_links":{"self":[{"href":"https:\/\/blogdofarnesio.com.br\/wp-json\/wp\/v2\/posts\/236876","targetHints":{"allow":["GET"]}}],"collection":[{"href":"https:\/\/blogdofarnesio.com.br\/wp-json\/wp\/v2\/posts"}],"about":[{"href":"https:\/\/blogdofarnesio.com.br\/wp-json\/wp\/v2\/types\/post"}],"author":[{"embeddable":true,"href":"https:\/\/blogdofarnesio.com.br\/wp-json\/wp\/v2\/users\/1"}],"replies":[{"embeddable":true,"href":"https:\/\/blogdofarnesio.com.br\/wp-json\/wp\/v2\/comments?post=236876"}],"version-history":[{"count":0,"href":"https:\/\/blogdofarnesio.com.br\/wp-json\/wp\/v2\/posts\/236876\/revisions"}],"wp:featuredmedia":[{"embeddable":true,"href":"https:\/\/blogdofarnesio.com.br\/wp-json\/wp\/v2\/media\/236877"}],"wp:attachment":[{"href":"https:\/\/blogdofarnesio.com.br\/wp-json\/wp\/v2\/media?parent=236876"}],"wp:term":[{"taxonomy":"category","embeddable":true,"href":"https:\/\/blogdofarnesio.com.br\/wp-json\/wp\/v2\/categories?post=236876"},{"taxonomy":"post_tag","embeddable":true,"href":"https:\/\/blogdofarnesio.com.br\/wp-json\/wp\/v2\/tags?post=236876"}],"curies":[{"name":"wp","href":"https:\/\/api.w.org\/{rel}","templated":true}]}}