{"id":236776,"date":"2019-08-28T08:34:32","date_gmt":"2019-08-28T11:34:32","guid":{"rendered":"http:\/\/quersaberpolitica.com.br\/2016\/?p=236776"},"modified":"2019-08-27T18:04:00","modified_gmt":"2019-08-27T21:04:00","slug":"stf-marcou-para-esta-4a-feira-reuniao-sobre-dinheiro-da-lava-jato-para-a-amazonia","status":"publish","type":"post","link":"https:\/\/blogdofarnesio.com.br\/?p=236776","title":{"rendered":"STF marcou para esta 4\u00aa feira reuni\u00e3o sobre dinheiro da Lava Jato para a Amaz\u00f4nia"},"content":{"rendered":"<header>\n<p class=\"author\"><a class=\"author url fn\" title=\"Posts de Poder360\" href=\"https:\/\/www.poder360.com.br\/author\/do-poder360\/\" rel=\"author\">PODER360<\/a> &#8211;<\/p>\n<\/header>\n<div class=\"content wp js-mediator-article\" data-ga-ano=\"2019\" data-ga-categoria=\"Brasil\" data-ga-autor=\"Poder360\">\n<p>O ministro do STF (Supremo Tribunal Federal) Alexandre de Moraes convocou uma reuni\u00e3o\u00a0na pr\u00f3xima 4\u00aa feira (28.ago.2019) \u00e0s 10h\u00a0para discutir o destino dos\u00a0R$ 2,5 bilh\u00f5es referentes a uma multa paga pela Petrobras nos Estados Unidos e repatriados por a\u00e7\u00e3o da Lava Jato.<\/p>\n<p>De acordo com o\u00a0<a href=\"http:\/\/static.poder360.com.br\/2019\/08\/reuniao-fundo-amazonia.pdf\" target=\"_blank\" rel=\"noopener noreferrer\">of\u00edcio<\/a>, foram convocados C\u00e2mara, Secretaria de Governo da Presid\u00eancia da Rep\u00fablica, Procuradoria Geral da Uni\u00e3o, Advocacia Geral da Uni\u00e3o, Minist\u00e9rio da Economia e Procuradoria Geral da Fazenda Nacional.<\/p>\n<p>Na 6\u00aa feira (23.ago), o presidente da C\u00e2mara, Rodrigo Maia (DEM-RJ),\u00a0<a href=\"https:\/\/www.poder360.com.br\/congresso\/maia-defende-que-fundo-de-r-25-bilhoes-da-petrobras-va-para-amazonia\/\" target=\"_blank\" rel=\"noopener noreferrer\">sugeriu<\/a>que parte do valor fosse utilizado na Amaz\u00f4nia.<\/p>\n<p>O\u00a0<strong>Poder360<\/strong>\u00a0<a href=\"https:\/\/www.poder360.com.br\/justica\/meio-ambiente-e-amazonia-receberao-r-1-bilhao-recuperado-pela-lava-jato\/\">antecipou<\/a>\u00a0que o STF determinaria a libera\u00e7\u00e3o na 4\u00aa (28.ago) e que a solicita\u00e7\u00e3o do Legislativo tinha a seguinte separa\u00e7\u00e3o:<\/p>\n<ul>\n<li>\n<ul>\n<li><strong>R$ 1,5 bilh\u00e3o<\/strong>\u00a0\u2013 pagamento de despesas discricion\u00e1rias relacionadas ao FNDE (Fundo Nacional de Desenvolvimento da Educa\u00e7\u00e3o);<\/li>\n<li><strong>R$ 800 milh\u00f5es<\/strong>\u00a0\u2013 a\u00e7\u00f5es or\u00e7ament\u00e1rias destinadas a\u0300 preven\u00e7\u00e3o e combate de inc\u00eandios florestais, em duas partes iguais, uma por execu\u00e7\u00e3o direta, outra por execu\u00e7\u00e3o descentralizada, envolvendo, para tanto, articula\u00e7\u00e3o entre o Minist\u00e9rio do Meio Ambiente e os Estados-membros da regi\u00e3o amaz\u00f4nica, em exerc\u00edcio de federalismo cooperativo.<\/li>\n<li><strong>R$ 200 milh\u00f5es<\/strong> \u2013 desbloqueio or\u00e7ament\u00e1rio que hoje existe em desfavor de programas relacionados a\u0300 prote\u00e7\u00e3o do meio ambiente, seja no \u00e2mbito do Minist\u00e9rio do Meio Ambiente ou demais \u00f3rg\u00e3os e entidades a ele vinculados;<\/li>\n<\/ul>\n<\/li>\n<\/ul>\n<p>A procuradora-geral Raquel Dodge j\u00e1 apresentou seu parecer sobre o tema. Discordou sobre a divis\u00e3o dos recursos. Eis a proposta feita por Dodge (<a href=\"https:\/\/static.poder360.com.br\/2019\/08\/parecer-PGR-fundo-lava-jato.pdf\">\u00edntegra<\/a>):<\/p>\n<ul>\n<li><strong>R$ 1,3 bilh\u00e3o<\/strong>\u00a0\u2013 para educa\u00e7\u00e3o. Dividos em R$ 500 milh\u00f5es para o\u00a0Fundo Nacional de Desenvolvimento da Educa\u00e7\u00e3o (FNDE), R$ 300 milh\u00f5es para 1\u00aa inf\u00e2ncia e R$ 500 milh\u00f5es para ci\u00eancia e tecnologia;<\/li>\n<li><strong>R$ 1,2 bilh\u00e3o<\/strong>\u00a0\u2013 para prote\u00e7\u00e3o da Floresta Amaz\u00f4nica, dos quais R$ 200 milh\u00f5es devem ser desbloqueados e R$ 1 bilh\u00e3o destinado para a\u00e7\u00f5es de preserva\u00e7\u00e3o. O montante deve ser distribu\u00eddo entre os minist\u00e9rios do Meio Ambiente, Agricultura e Defesa; reestrutura\u00e7\u00e3o e intensifica\u00e7\u00e3o da atividade de fiscaliza\u00e7\u00e3o por Ibama, Incra, Funai e outros \u00f3rg\u00e3os, incluindo programas de regulariza\u00e7\u00e3o fundi\u00e1ria e capacita\u00e7\u00e3o de agricultores para explora\u00e7\u00e3o econ\u00f4mica sustent\u00e1vel na regi\u00e3o.<\/li>\n<\/ul>\n<p>A PGR prop\u00f5e ainda a cria\u00e7\u00e3o de 1 comit\u00ea para propor as iniciativas e acompanhar sua execu\u00e7\u00e3o. Na avalia\u00e7\u00e3o da procuradora, a despeito da necessidade de apagar os inc\u00eandios na regi\u00e3o, \u00e9 necess\u00e1rio que os valores \u201cn\u00e3o sejam utilizados apenas para a resolu\u00e7\u00e3o de um problema imediato, [\u2026] mas que seja devidamente elaborado e aplicado 1 plano sustent\u00e1vel de prote\u00e7\u00e3o da Floresta Amaz\u00f4nica\u201d.<\/p>\n<p>O\u00a0<a href=\"https:\/\/www.poder360.com.br\/drive-premium\/\" target=\"_blank\" rel=\"noopener noreferrer\">Drive Premium<\/a>\u00a0\u2013newsletter exclusiva para assinantes produzida pela equipe do\u00a0<strong>Poder360<\/strong>\u2013 apurou que Pal\u00e1cio do Planalto, Advocacia Geral da Uni\u00e3o, Minist\u00e9rio da Economia e Procuradoria Geral da Fazenda Nacional devem apresentar proposta \u00fanica na 4\u00aa feira. Fechado 1 acordo, o dinheiro pode ser liberado imediatamente.<\/p>\n<h2><strong>AN\u00c1LISE<\/strong><br \/>\n<em><strong>RECORDE DE RECURSOS<\/strong><\/em><\/h2>\n<p><em>Se o dinheiro da Lava Jato for destinado para programas de preserva\u00e7\u00e3o do meio ambiente, ser\u00e1 o maior volume liberado de uma vez para esse fim. A decis\u00e3o representar\u00e1 uma vit\u00f3ria de v\u00e1rios atores envolvidos. Primeiro, do STF, com o voto do relator Alexandre de Moraes. Rodrigo Maia tamb\u00e9m sair\u00e1 mais forte por ter sido o autor formal da proposta. Bolsonaro vai faturar no m\u00e9dio prazo, caso use os recursos com rapidez e efici\u00eancia.\u00a0<\/em><br \/>\n__<\/p>\n<p><em>Informa\u00e7\u00f5es deste post foram publicadas antes pelo\u00a0<strong>Drive<\/strong>, com exclusividade. A newsletter \u00e9 produzida para assinantes pela equipe de jornalistas do<strong>\u00a0Poder360<\/strong>. Conhe\u00e7a mais o\u00a0<strong>Drive\u00a0<a href=\"https:\/\/www.poder360.com.br\/drive-premium\/\" target=\"_blank\" rel=\"noopener noreferrer\" data-saferedirecturl=\"https:\/\/www.google.com\/url?hl=pt-BR&amp;q=http:\/\/www.poder360.com.br\/drive-premium\/&amp;source=gmail&amp;ust=1484674870347000&amp;usg=AFQjCNF5a7Dl6JWxIBCzNbHGE1RJUTA-cw\">aqui<\/a><\/strong>\u00a0e saiba como receber com anteced\u00eancia todas as principais informa\u00e7\u00f5es do poder e da pol\u00edtica.<\/em><\/p>\n<\/div>\n","protected":false},"excerpt":{"rendered":"<p>PODER360 &#8211; O ministro do STF (Supremo Tribunal Federal) Alexandre de Moraes convocou uma reuni\u00e3o\u00a0na pr\u00f3xima 4\u00aa feira (28.ago.2019) \u00e0s 10h\u00a0para discutir o destino dos\u00a0R$ 2,5 bilh\u00f5es referentes a uma multa paga pela Petrobras nos Estados Unidos e repatriados por a\u00e7\u00e3o da Lava Jato. De acordo com o\u00a0of\u00edcio, foram convocados C\u00e2mara, Secretaria de Governo da Presid\u00eancia da Rep\u00fablica, Procuradoria Geral da Uni\u00e3o, Advocacia Geral da Uni\u00e3o, Minist\u00e9rio da Economia e Procuradoria Geral da Fazenda Nacional. Na 6\u00aa feira (23.ago), o presidente da C\u00e2mara, Rodrigo Maia (DEM-RJ),\u00a0sugeriuque parte do valor fosse utilizado na Amaz\u00f4nia. O\u00a0Poder360\u00a0antecipou\u00a0que o STF determinaria a libera\u00e7\u00e3o na 4\u00aa (28.ago) e que a solicita\u00e7\u00e3o do Legislativo tinha a seguinte separa\u00e7\u00e3o: R$ 1,5 bilh\u00e3o\u00a0\u2013 pagamento de despesas discricion\u00e1rias relacionadas&hellip; <\/p>\n","protected":false},"author":1,"featured_media":221842,"comment_status":"closed","ping_status":"closed","sticky":false,"template":"","format":"standard","meta":{"_acf_changed":false,"footnotes":""},"categories":[23],"tags":[],"class_list":["post-236776","post","type-post","status-publish","format-standard","has-post-thumbnail","hentry","category-justica"],"acf":[],"yoast_head":"<!-- This site is optimized with the Yoast SEO plugin v27.4 - https:\/\/yoast.com\/product\/yoast-seo-wordpress\/ -->\n<title>STF marcou para esta 4\u00aa feira reuni\u00e3o sobre dinheiro da Lava Jato para a Amaz\u00f4nia - Blog do Farn\u00e9sio<\/title>\n<meta name=\"robots\" content=\"index, follow, max-snippet:-1, max-image-preview:large, max-video-preview:-1\" \/>\n<link rel=\"canonical\" href=\"https:\/\/blogdofarnesio.com.br\/?p=236776\" \/>\n<meta property=\"og:locale\" content=\"pt_BR\" \/>\n<meta property=\"og:type\" content=\"article\" \/>\n<meta property=\"og:title\" content=\"STF marcou para esta 4\u00aa feira reuni\u00e3o sobre dinheiro da Lava Jato para a Amaz\u00f4nia - Blog do Farn\u00e9sio\" \/>\n<meta property=\"og:description\" content=\"PODER360 &#8211; O ministro do STF (Supremo Tribunal Federal) Alexandre de Moraes convocou uma reuni\u00e3o\u00a0na pr\u00f3xima 4\u00aa feira (28.ago.2019) \u00e0s 10h\u00a0para discutir o destino dos\u00a0R$ 2,5 bilh\u00f5es referentes a uma multa paga pela Petrobras nos Estados Unidos e repatriados por a\u00e7\u00e3o da Lava Jato. De acordo com o\u00a0of\u00edcio, foram convocados C\u00e2mara, Secretaria de Governo da Presid\u00eancia da Rep\u00fablica, Procuradoria Geral da Uni\u00e3o, Advocacia Geral da Uni\u00e3o, Minist\u00e9rio da Economia e Procuradoria Geral da Fazenda Nacional. Na 6\u00aa feira (23.ago), o presidente da C\u00e2mara, Rodrigo Maia (DEM-RJ),\u00a0sugeriuque parte do valor fosse utilizado na Amaz\u00f4nia. O\u00a0Poder360\u00a0antecipou\u00a0que o STF determinaria a libera\u00e7\u00e3o na 4\u00aa (28.ago) e que a solicita\u00e7\u00e3o do Legislativo tinha a seguinte separa\u00e7\u00e3o: R$ 1,5 bilh\u00e3o\u00a0\u2013 pagamento de despesas discricion\u00e1rias relacionadas&hellip;\" \/>\n<meta property=\"og:url\" content=\"https:\/\/blogdofarnesio.com.br\/?p=236776\" \/>\n<meta property=\"og:site_name\" content=\"Blog do Farn\u00e9sio\" \/>\n<meta property=\"article:publisher\" content=\"https:\/\/www.facebook.com\/BlogQuerSaberPolitica\/\" \/>\n<meta property=\"article:published_time\" content=\"2019-08-28T11:34:32+00:00\" \/>\n<meta property=\"og:image\" content=\"https:\/\/blogdofarnesio.com.br\/wp-content\/uploads\/2019\/02\/blogqsp-STF.jpg\" \/>\n\t<meta property=\"og:image:width\" content=\"475\" \/>\n\t<meta property=\"og:image:height\" content=\"365\" \/>\n\t<meta property=\"og:image:type\" content=\"image\/jpeg\" \/>\n<meta name=\"author\" content=\"Farn\u00e9sio\" \/>\n<meta name=\"twitter:card\" content=\"summary_large_image\" \/>\n<meta name=\"twitter:label1\" content=\"Escrito por\" \/>\n\t<meta name=\"twitter:data1\" content=\"Farn\u00e9sio\" \/>\n\t<meta name=\"twitter:label2\" content=\"Est. tempo de leitura\" \/>\n\t<meta name=\"twitter:data2\" content=\"3 minutos\" \/>\n<script type=\"application\/ld+json\" class=\"yoast-schema-graph\">{\"@context\":\"https:\\\/\\\/schema.org\",\"@graph\":[{\"@type\":\"Article\",\"@id\":\"https:\\\/\\\/blogdofarnesio.com.br\\\/?p=236776#article\",\"isPartOf\":{\"@id\":\"https:\\\/\\\/blogdofarnesio.com.br\\\/?p=236776\"},\"author\":{\"name\":\"Farn\u00e9sio\",\"@id\":\"https:\\\/\\\/blogdofarnesio.com.br\\\/#\\\/schema\\\/person\\\/301c4acf522bccbfdb45af95b5b906a1\"},\"headline\":\"STF marcou para esta 4\u00aa feira reuni\u00e3o sobre dinheiro da Lava Jato para a Amaz\u00f4nia\",\"datePublished\":\"2019-08-28T11:34:32+00:00\",\"mainEntityOfPage\":{\"@id\":\"https:\\\/\\\/blogdofarnesio.com.br\\\/?p=236776\"},\"wordCount\":659,\"publisher\":{\"@id\":\"https:\\\/\\\/blogdofarnesio.com.br\\\/#organization\"},\"image\":{\"@id\":\"https:\\\/\\\/blogdofarnesio.com.br\\\/?p=236776#primaryimage\"},\"thumbnailUrl\":\"https:\\\/\\\/blogdofarnesio.com.br\\\/wp-content\\\/uploads\\\/2019\\\/02\\\/blogqsp-STF.jpg\",\"articleSection\":[\"Justi\u00e7a\"],\"inLanguage\":\"pt-BR\"},{\"@type\":\"WebPage\",\"@id\":\"https:\\\/\\\/blogdofarnesio.com.br\\\/?p=236776\",\"url\":\"https:\\\/\\\/blogdofarnesio.com.br\\\/?p=236776\",\"name\":\"STF marcou para esta 4\u00aa feira reuni\u00e3o sobre dinheiro da Lava Jato para a Amaz\u00f4nia - Blog do Farn\u00e9sio\",\"isPartOf\":{\"@id\":\"https:\\\/\\\/blogdofarnesio.com.br\\\/#website\"},\"primaryImageOfPage\":{\"@id\":\"https:\\\/\\\/blogdofarnesio.com.br\\\/?p=236776#primaryimage\"},\"image\":{\"@id\":\"https:\\\/\\\/blogdofarnesio.com.br\\\/?p=236776#primaryimage\"},\"thumbnailUrl\":\"https:\\\/\\\/blogdofarnesio.com.br\\\/wp-content\\\/uploads\\\/2019\\\/02\\\/blogqsp-STF.jpg\",\"datePublished\":\"2019-08-28T11:34:32+00:00\",\"breadcrumb\":{\"@id\":\"https:\\\/\\\/blogdofarnesio.com.br\\\/?p=236776#breadcrumb\"},\"inLanguage\":\"pt-BR\",\"potentialAction\":[{\"@type\":\"ReadAction\",\"target\":[\"https:\\\/\\\/blogdofarnesio.com.br\\\/?p=236776\"]}]},{\"@type\":\"ImageObject\",\"inLanguage\":\"pt-BR\",\"@id\":\"https:\\\/\\\/blogdofarnesio.com.br\\\/?p=236776#primaryimage\",\"url\":\"https:\\\/\\\/blogdofarnesio.com.br\\\/wp-content\\\/uploads\\\/2019\\\/02\\\/blogqsp-STF.jpg\",\"contentUrl\":\"https:\\\/\\\/blogdofarnesio.com.br\\\/wp-content\\\/uploads\\\/2019\\\/02\\\/blogqsp-STF.jpg\",\"width\":475,\"height\":365},{\"@type\":\"BreadcrumbList\",\"@id\":\"https:\\\/\\\/blogdofarnesio.com.br\\\/?p=236776#breadcrumb\",\"itemListElement\":[{\"@type\":\"ListItem\",\"position\":1,\"name\":\"In\u00edcio\",\"item\":\"https:\\\/\\\/blogdofarnesio.com.br\\\/\"},{\"@type\":\"ListItem\",\"position\":2,\"name\":\"STF marcou para esta 4\u00aa feira reuni\u00e3o sobre dinheiro da Lava Jato para a Amaz\u00f4nia\"}]},{\"@type\":\"WebSite\",\"@id\":\"https:\\\/\\\/blogdofarnesio.com.br\\\/#website\",\"url\":\"https:\\\/\\\/blogdofarnesio.com.br\\\/\",\"name\":\"Blog do Farn\u00e9sio\",\"description\":\"Quer Saber Pol\u00edtica?\",\"publisher\":{\"@id\":\"https:\\\/\\\/blogdofarnesio.com.br\\\/#organization\"},\"potentialAction\":[{\"@type\":\"SearchAction\",\"target\":{\"@type\":\"EntryPoint\",\"urlTemplate\":\"https:\\\/\\\/blogdofarnesio.com.br\\\/?s={search_term_string}\"},\"query-input\":{\"@type\":\"PropertyValueSpecification\",\"valueRequired\":true,\"valueName\":\"search_term_string\"}}],\"inLanguage\":\"pt-BR\"},{\"@type\":\"Organization\",\"@id\":\"https:\\\/\\\/blogdofarnesio.com.br\\\/#organization\",\"name\":\"Blog do Farn\u00e9sio\",\"url\":\"https:\\\/\\\/blogdofarnesio.com.br\\\/\",\"logo\":{\"@type\":\"ImageObject\",\"inLanguage\":\"pt-BR\",\"@id\":\"https:\\\/\\\/blogdofarnesio.com.br\\\/#\\\/schema\\\/logo\\\/image\\\/\",\"url\":\"https:\\\/\\\/blogdofarnesio.com.br\\\/wp-content\\\/uploads\\\/2026\\\/03\\\/cropped-logo_new-1.png\",\"contentUrl\":\"https:\\\/\\\/blogdofarnesio.com.br\\\/wp-content\\\/uploads\\\/2026\\\/03\\\/cropped-logo_new-1.png\",\"width\":881,\"height\":685,\"caption\":\"Blog do Farn\u00e9sio\"},\"image\":{\"@id\":\"https:\\\/\\\/blogdofarnesio.com.br\\\/#\\\/schema\\\/logo\\\/image\\\/\"},\"sameAs\":[\"https:\\\/\\\/www.facebook.com\\\/BlogQuerSaberPolitica\\\/\"]},{\"@type\":\"Person\",\"@id\":\"https:\\\/\\\/blogdofarnesio.com.br\\\/#\\\/schema\\\/person\\\/301c4acf522bccbfdb45af95b5b906a1\",\"name\":\"Farn\u00e9sio\",\"image\":{\"@type\":\"ImageObject\",\"inLanguage\":\"pt-BR\",\"@id\":\"https:\\\/\\\/secure.gravatar.com\\\/avatar\\\/df0c9a14567c056f8ad6876ba5bbd1e3e2c48023eb6807342fc4663adf549f38?s=96&d=mm&r=g\",\"url\":\"https:\\\/\\\/secure.gravatar.com\\\/avatar\\\/df0c9a14567c056f8ad6876ba5bbd1e3e2c48023eb6807342fc4663adf549f38?s=96&d=mm&r=g\",\"contentUrl\":\"https:\\\/\\\/secure.gravatar.com\\\/avatar\\\/df0c9a14567c056f8ad6876ba5bbd1e3e2c48023eb6807342fc4663adf549f38?s=96&d=mm&r=g\",\"caption\":\"Farn\u00e9sio\"},\"sameAs\":[\"https:\\\/\\\/quersaberpolitica.com.br\"],\"url\":\"https:\\\/\\\/blogdofarnesio.com.br\\\/?author=1\"}]}<\/script>\n<!-- \/ Yoast SEO plugin. -->","yoast_head_json":{"title":"STF marcou para esta 4\u00aa feira reuni\u00e3o sobre dinheiro da Lava Jato para a Amaz\u00f4nia - Blog do Farn\u00e9sio","robots":{"index":"index","follow":"follow","max-snippet":"max-snippet:-1","max-image-preview":"max-image-preview:large","max-video-preview":"max-video-preview:-1"},"canonical":"https:\/\/blogdofarnesio.com.br\/?p=236776","og_locale":"pt_BR","og_type":"article","og_title":"STF marcou para esta 4\u00aa feira reuni\u00e3o sobre dinheiro da Lava Jato para a Amaz\u00f4nia - Blog do Farn\u00e9sio","og_description":"PODER360 &#8211; O ministro do STF (Supremo Tribunal Federal) Alexandre de Moraes convocou uma reuni\u00e3o\u00a0na pr\u00f3xima 4\u00aa feira (28.ago.2019) \u00e0s 10h\u00a0para discutir o destino dos\u00a0R$ 2,5 bilh\u00f5es referentes a uma multa paga pela Petrobras nos Estados Unidos e repatriados por a\u00e7\u00e3o da Lava Jato. De acordo com o\u00a0of\u00edcio, foram convocados C\u00e2mara, Secretaria de Governo da Presid\u00eancia da Rep\u00fablica, Procuradoria Geral da Uni\u00e3o, Advocacia Geral da Uni\u00e3o, Minist\u00e9rio da Economia e Procuradoria Geral da Fazenda Nacional. Na 6\u00aa feira (23.ago), o presidente da C\u00e2mara, Rodrigo Maia (DEM-RJ),\u00a0sugeriuque parte do valor fosse utilizado na Amaz\u00f4nia. O\u00a0Poder360\u00a0antecipou\u00a0que o STF determinaria a libera\u00e7\u00e3o na 4\u00aa (28.ago) e que a solicita\u00e7\u00e3o do Legislativo tinha a seguinte separa\u00e7\u00e3o: R$ 1,5 bilh\u00e3o\u00a0\u2013 pagamento de despesas discricion\u00e1rias relacionadas&hellip;","og_url":"https:\/\/blogdofarnesio.com.br\/?p=236776","og_site_name":"Blog do Farn\u00e9sio","article_publisher":"https:\/\/www.facebook.com\/BlogQuerSaberPolitica\/","article_published_time":"2019-08-28T11:34:32+00:00","og_image":[{"width":475,"height":365,"url":"https:\/\/blogdofarnesio.com.br\/wp-content\/uploads\/2019\/02\/blogqsp-STF.jpg","type":"image\/jpeg"}],"author":"Farn\u00e9sio","twitter_card":"summary_large_image","twitter_misc":{"Escrito por":"Farn\u00e9sio","Est. tempo de leitura":"3 minutos"},"schema":{"@context":"https:\/\/schema.org","@graph":[{"@type":"Article","@id":"https:\/\/blogdofarnesio.com.br\/?p=236776#article","isPartOf":{"@id":"https:\/\/blogdofarnesio.com.br\/?p=236776"},"author":{"name":"Farn\u00e9sio","@id":"https:\/\/blogdofarnesio.com.br\/#\/schema\/person\/301c4acf522bccbfdb45af95b5b906a1"},"headline":"STF marcou para esta 4\u00aa feira reuni\u00e3o sobre dinheiro da Lava Jato para a Amaz\u00f4nia","datePublished":"2019-08-28T11:34:32+00:00","mainEntityOfPage":{"@id":"https:\/\/blogdofarnesio.com.br\/?p=236776"},"wordCount":659,"publisher":{"@id":"https:\/\/blogdofarnesio.com.br\/#organization"},"image":{"@id":"https:\/\/blogdofarnesio.com.br\/?p=236776#primaryimage"},"thumbnailUrl":"https:\/\/blogdofarnesio.com.br\/wp-content\/uploads\/2019\/02\/blogqsp-STF.jpg","articleSection":["Justi\u00e7a"],"inLanguage":"pt-BR"},{"@type":"WebPage","@id":"https:\/\/blogdofarnesio.com.br\/?p=236776","url":"https:\/\/blogdofarnesio.com.br\/?p=236776","name":"STF marcou para esta 4\u00aa feira reuni\u00e3o sobre dinheiro da Lava Jato para a Amaz\u00f4nia - Blog do Farn\u00e9sio","isPartOf":{"@id":"https:\/\/blogdofarnesio.com.br\/#website"},"primaryImageOfPage":{"@id":"https:\/\/blogdofarnesio.com.br\/?p=236776#primaryimage"},"image":{"@id":"https:\/\/blogdofarnesio.com.br\/?p=236776#primaryimage"},"thumbnailUrl":"https:\/\/blogdofarnesio.com.br\/wp-content\/uploads\/2019\/02\/blogqsp-STF.jpg","datePublished":"2019-08-28T11:34:32+00:00","breadcrumb":{"@id":"https:\/\/blogdofarnesio.com.br\/?p=236776#breadcrumb"},"inLanguage":"pt-BR","potentialAction":[{"@type":"ReadAction","target":["https:\/\/blogdofarnesio.com.br\/?p=236776"]}]},{"@type":"ImageObject","inLanguage":"pt-BR","@id":"https:\/\/blogdofarnesio.com.br\/?p=236776#primaryimage","url":"https:\/\/blogdofarnesio.com.br\/wp-content\/uploads\/2019\/02\/blogqsp-STF.jpg","contentUrl":"https:\/\/blogdofarnesio.com.br\/wp-content\/uploads\/2019\/02\/blogqsp-STF.jpg","width":475,"height":365},{"@type":"BreadcrumbList","@id":"https:\/\/blogdofarnesio.com.br\/?p=236776#breadcrumb","itemListElement":[{"@type":"ListItem","position":1,"name":"In\u00edcio","item":"https:\/\/blogdofarnesio.com.br\/"},{"@type":"ListItem","position":2,"name":"STF marcou para esta 4\u00aa feira reuni\u00e3o sobre dinheiro da Lava Jato para a Amaz\u00f4nia"}]},{"@type":"WebSite","@id":"https:\/\/blogdofarnesio.com.br\/#website","url":"https:\/\/blogdofarnesio.com.br\/","name":"Blog do Farn\u00e9sio","description":"Quer Saber Pol\u00edtica?","publisher":{"@id":"https:\/\/blogdofarnesio.com.br\/#organization"},"potentialAction":[{"@type":"SearchAction","target":{"@type":"EntryPoint","urlTemplate":"https:\/\/blogdofarnesio.com.br\/?s={search_term_string}"},"query-input":{"@type":"PropertyValueSpecification","valueRequired":true,"valueName":"search_term_string"}}],"inLanguage":"pt-BR"},{"@type":"Organization","@id":"https:\/\/blogdofarnesio.com.br\/#organization","name":"Blog do Farn\u00e9sio","url":"https:\/\/blogdofarnesio.com.br\/","logo":{"@type":"ImageObject","inLanguage":"pt-BR","@id":"https:\/\/blogdofarnesio.com.br\/#\/schema\/logo\/image\/","url":"https:\/\/blogdofarnesio.com.br\/wp-content\/uploads\/2026\/03\/cropped-logo_new-1.png","contentUrl":"https:\/\/blogdofarnesio.com.br\/wp-content\/uploads\/2026\/03\/cropped-logo_new-1.png","width":881,"height":685,"caption":"Blog do Farn\u00e9sio"},"image":{"@id":"https:\/\/blogdofarnesio.com.br\/#\/schema\/logo\/image\/"},"sameAs":["https:\/\/www.facebook.com\/BlogQuerSaberPolitica\/"]},{"@type":"Person","@id":"https:\/\/blogdofarnesio.com.br\/#\/schema\/person\/301c4acf522bccbfdb45af95b5b906a1","name":"Farn\u00e9sio","image":{"@type":"ImageObject","inLanguage":"pt-BR","@id":"https:\/\/secure.gravatar.com\/avatar\/df0c9a14567c056f8ad6876ba5bbd1e3e2c48023eb6807342fc4663adf549f38?s=96&d=mm&r=g","url":"https:\/\/secure.gravatar.com\/avatar\/df0c9a14567c056f8ad6876ba5bbd1e3e2c48023eb6807342fc4663adf549f38?s=96&d=mm&r=g","contentUrl":"https:\/\/secure.gravatar.com\/avatar\/df0c9a14567c056f8ad6876ba5bbd1e3e2c48023eb6807342fc4663adf549f38?s=96&d=mm&r=g","caption":"Farn\u00e9sio"},"sameAs":["https:\/\/quersaberpolitica.com.br"],"url":"https:\/\/blogdofarnesio.com.br\/?author=1"}]}},"_links":{"self":[{"href":"https:\/\/blogdofarnesio.com.br\/index.php?rest_route=\/wp\/v2\/posts\/236776","targetHints":{"allow":["GET"]}}],"collection":[{"href":"https:\/\/blogdofarnesio.com.br\/index.php?rest_route=\/wp\/v2\/posts"}],"about":[{"href":"https:\/\/blogdofarnesio.com.br\/index.php?rest_route=\/wp\/v2\/types\/post"}],"author":[{"embeddable":true,"href":"https:\/\/blogdofarnesio.com.br\/index.php?rest_route=\/wp\/v2\/users\/1"}],"replies":[{"embeddable":true,"href":"https:\/\/blogdofarnesio.com.br\/index.php?rest_route=%2Fwp%2Fv2%2Fcomments&post=236776"}],"version-history":[{"count":0,"href":"https:\/\/blogdofarnesio.com.br\/index.php?rest_route=\/wp\/v2\/posts\/236776\/revisions"}],"wp:featuredmedia":[{"embeddable":true,"href":"https:\/\/blogdofarnesio.com.br\/index.php?rest_route=\/wp\/v2\/media\/221842"}],"wp:attachment":[{"href":"https:\/\/blogdofarnesio.com.br\/index.php?rest_route=%2Fwp%2Fv2%2Fmedia&parent=236776"}],"wp:term":[{"taxonomy":"category","embeddable":true,"href":"https:\/\/blogdofarnesio.com.br\/index.php?rest_route=%2Fwp%2Fv2%2Fcategories&post=236776"},{"taxonomy":"post_tag","embeddable":true,"href":"https:\/\/blogdofarnesio.com.br\/index.php?rest_route=%2Fwp%2Fv2%2Ftags&post=236776"}],"curies":[{"name":"wp","href":"https:\/\/api.w.org\/{rel}","templated":true}]}}