{"id":236750,"date":"2019-08-28T07:40:07","date_gmt":"2019-08-28T10:40:07","guid":{"rendered":"http:\/\/quersaberpolitica.com.br\/2016\/?p=236750"},"modified":"2019-08-28T08:31:48","modified_gmt":"2019-08-28T11:31:48","slug":"regularizacao-fundiaria-chega-hoje-ao-bairro-terras-do-sul-para-beneficiar-ate-1200-familias-de-petrolina","status":"publish","type":"post","link":"https:\/\/blogdofarnesio.com.br\/?p=236750","title":{"rendered":"Regulariza\u00e7\u00e3o fundi\u00e1ria chega hoje ao bairro Terras do Sul para beneficiar at\u00e9 1200 fam\u00edlias de Petrolina"},"content":{"rendered":"<p style=\"font-weight: 400;\">Chegou a hora dos moradores do loteamento Terras do Sul, zona norte de Petrolina, tirarem suas d\u00favidas acerca da documenta\u00e7\u00e3o necess\u00e1ria para emitir a escritura dos seus im\u00f3veis, para que, enfim, realizem o sonho de ter a casa pr\u00f3pria de papel passado. Uma equipe da prefeitura estar\u00e1 na Rua 06, pr\u00f3ximo \u00e0 Igreja Cat\u00f3lica da comunidade, nesta quarta-feira (28), \u00e0s 19h, para orientar aos moradores sobre como dar entrada no processo de regulariza\u00e7\u00e3o fundi\u00e1ria.<\/p>\n<p style=\"font-weight: 400;\">A a\u00e7\u00e3o faz parte do programa Petrolina Legal, desenvolvido pela Secretaria de Desenvolvimento Urbano e Habita\u00e7\u00e3o (Sedurbh), que tem o objetivo de emitir t\u00edtulos de posse de 10 mil casas at\u00e9 o fim de 2020. \u201c<em>S\u00f3 no bairro Terras do Sul, temos potencial para regularizar cerca de 1200 moradias e, at\u00e9 agora, j\u00e1 emitimos 3700 t\u00edtulos. O programa est\u00e1 sendo bem aceito, a procura da popula\u00e7\u00e3o est\u00e1 satisfat\u00f3ria e nossa expectativa \u00e9 que a meta seja superada<\/em>\u201d, afirmou o titular da Sedurbh, Giovanni Costa.<\/p>\n<p style=\"font-weight: 400;\">O programa j\u00e1 passou por outros bairros como, por exemplo, Cosme e Dami\u00e3o, Jo\u00e3o de Deus e Pedra Linda. Podem ser beneficiadas as pessoas que receberam terrenos doados pela Prefeitura de Petrolina em gest\u00f5es passadas e que tenham a comprova\u00e7\u00e3o. Ou ainda aqueles que apresentarem o documento de compra e venda.<\/p>\n<p style=\"font-weight: 400;\"><strong>\u00a0<\/strong><\/p>\n<p style=\"font-weight: 400;\"><strong>Lista de documentos:<\/strong><\/p>\n<p style=\"font-weight: 400;\">\u2013 C\u00f3pia do T\u00edtulo de Doa\u00e7\u00e3o ou Contrato de Compra e Venda ou outro documento que demonstre a posse pac\u00edfica e cont\u00ednua, por pelo menos de 05 (cinco) anos. (art. 47, VII, \u201ca\u201d, Lei Federal n\u00ba 11.977\/09)*;<\/p>\n<p style=\"font-weight: 400;\">\u2013 Declara\u00e7\u00e3o de insufici\u00eancia de recursos, assinada pelo requerente, para adquirir im\u00f3vel com recursos pr\u00f3prios sem comprometer o seu sustento e de sua fam\u00edlia (preenchida no momento do requerimento) ;<\/p>\n<p style=\"font-weight: 400;\">\u2013 Declara\u00e7\u00e3o de renda mensal familiar, por meio de contracheque, pr\u00f3-labore ou outro documento que demonstre ser a renda mensal familiar abaixo de R$ 9.370,00 (nove mil, trezentos e setenta reais), de acordo com o Programa Minha Casa, Minha Vida (art. 2\u00ba da Lei Federal n\u00ba 11.977\/09) (preenchida no momento do requerimento);<\/p>\n<p style=\"font-weight: 400;\">\u2013 Certid\u00e3o Negativa do Cart\u00f3rio de Im\u00f3veis, que conste n\u00e3o haver outro im\u00f3vel em nome do requerente e do seu c\u00f4njuge;<\/p>\n<p style=\"font-weight: 400;\">\u2013 C\u00f3pia da Certid\u00e3o de Nascimento (se solteiro) ou Casamento (se divorciados com averba\u00e7\u00e3o);<\/p>\n<p style=\"font-weight: 400;\">\u2013 C\u00f3pias do CPF e RG (do casal);<\/p>\n<p style=\"font-weight: 400;\">\u2013 C\u00f3pia da Carteira Profissional;<\/p>\n<p style=\"font-weight: 400;\">\u2013 C\u00f3pia do T\u00edtulo de Eleitor<\/p>\n<p style=\"font-weight: 400;\">\u2013 C\u00f3pia da Certid\u00e3o de Nascimento dos filhos (menor idade);<\/p>\n<p style=\"font-weight: 400;\">\u2013 Declara\u00e7\u00e3o escolar dos filhos;<\/p>\n<p style=\"font-weight: 400;\">\u2013 Comprovante de resid\u00eancia atualizado (\u00faltimos tr\u00eas meses);<\/p>\n<p style=\"font-weight: 400;\">\u2013 Cart\u00e3o Bolsa Fam\u00edlia (se houver);<\/p>\n<p style=\"font-weight: 400;\">\u2013 Foto colorida frontal do im\u00f3vel<\/p>\n","protected":false},"excerpt":{"rendered":"<p>Chegou a hora dos moradores do loteamento Terras do Sul, zona norte de Petrolina, tirarem suas d\u00favidas acerca da documenta\u00e7\u00e3o necess\u00e1ria para emitir a escritura dos seus im\u00f3veis, para que, enfim, realizem o sonho de ter a casa pr\u00f3pria de papel passado. Uma equipe da prefeitura estar\u00e1 na Rua 06, pr\u00f3ximo \u00e0 Igreja Cat\u00f3lica da comunidade, nesta quarta-feira (28), \u00e0s 19h, para orientar aos moradores sobre como dar entrada no processo de regulariza\u00e7\u00e3o fundi\u00e1ria. A a\u00e7\u00e3o faz parte do programa Petrolina Legal, desenvolvido pela Secretaria de Desenvolvimento Urbano e Habita\u00e7\u00e3o (Sedurbh), que tem o objetivo de emitir t\u00edtulos de posse de 10 mil casas at\u00e9 o fim de 2020. \u201cS\u00f3 no bairro Terras do Sul, temos potencial para regularizar cerca&hellip; <\/p>\n","protected":false},"author":1,"featured_media":236751,"comment_status":"closed","ping_status":"closed","sticky":false,"template":"","format":"standard","meta":{"_acf_changed":false,"footnotes":""},"categories":[44],"tags":[],"class_list":["post-236750","post","type-post","status-publish","format-standard","has-post-thumbnail","hentry","category-administracao"],"acf":[],"yoast_head":"<!-- This site is optimized with the Yoast SEO plugin v27.4 - https:\/\/yoast.com\/product\/yoast-seo-wordpress\/ -->\n<title>Regulariza\u00e7\u00e3o fundi\u00e1ria chega hoje ao bairro Terras do Sul para beneficiar at\u00e9 1200 fam\u00edlias de Petrolina - Blog do Farn\u00e9sio<\/title>\n<meta name=\"robots\" content=\"index, follow, max-snippet:-1, max-image-preview:large, max-video-preview:-1\" \/>\n<link rel=\"canonical\" href=\"https:\/\/blogdofarnesio.com.br\/?p=236750\" \/>\n<meta property=\"og:locale\" content=\"pt_BR\" \/>\n<meta property=\"og:type\" content=\"article\" \/>\n<meta property=\"og:title\" content=\"Regulariza\u00e7\u00e3o fundi\u00e1ria chega hoje ao bairro Terras do Sul para beneficiar at\u00e9 1200 fam\u00edlias de Petrolina - Blog do Farn\u00e9sio\" \/>\n<meta property=\"og:description\" content=\"Chegou a hora dos moradores do loteamento Terras do Sul, zona norte de Petrolina, tirarem suas d\u00favidas acerca da documenta\u00e7\u00e3o necess\u00e1ria para emitir a escritura dos seus im\u00f3veis, para que, enfim, realizem o sonho de ter a casa pr\u00f3pria de papel passado. Uma equipe da prefeitura estar\u00e1 na Rua 06, pr\u00f3ximo \u00e0 Igreja Cat\u00f3lica da comunidade, nesta quarta-feira (28), \u00e0s 19h, para orientar aos moradores sobre como dar entrada no processo de regulariza\u00e7\u00e3o fundi\u00e1ria. A a\u00e7\u00e3o faz parte do programa Petrolina Legal, desenvolvido pela Secretaria de Desenvolvimento Urbano e Habita\u00e7\u00e3o (Sedurbh), que tem o objetivo de emitir t\u00edtulos de posse de 10 mil casas at\u00e9 o fim de 2020. \u201cS\u00f3 no bairro Terras do Sul, temos potencial para regularizar cerca&hellip;\" \/>\n<meta property=\"og:url\" content=\"https:\/\/blogdofarnesio.com.br\/?p=236750\" \/>\n<meta property=\"og:site_name\" content=\"Blog do Farn\u00e9sio\" \/>\n<meta property=\"article:publisher\" content=\"https:\/\/www.facebook.com\/BlogQuerSaberPolitica\/\" \/>\n<meta property=\"article:published_time\" content=\"2019-08-28T10:40:07+00:00\" \/>\n<meta property=\"article:modified_time\" content=\"2019-08-28T11:31:48+00:00\" \/>\n<meta property=\"og:image\" content=\"https:\/\/blogdofarnesio.com.br\/wp-content\/uploads\/2019\/08\/blogqsp-PETROLINA-LEGAL-3.jpeg\" \/>\n\t<meta property=\"og:image:width\" content=\"640\" \/>\n\t<meta property=\"og:image:height\" content=\"427\" \/>\n\t<meta property=\"og:image:type\" content=\"image\/jpeg\" \/>\n<meta name=\"author\" content=\"Farn\u00e9sio\" \/>\n<meta name=\"twitter:card\" content=\"summary_large_image\" \/>\n<meta name=\"twitter:label1\" content=\"Escrito por\" \/>\n\t<meta name=\"twitter:data1\" content=\"Farn\u00e9sio\" \/>\n\t<meta name=\"twitter:label2\" content=\"Est. tempo de leitura\" \/>\n\t<meta name=\"twitter:data2\" content=\"2 minutos\" \/>\n<script type=\"application\/ld+json\" class=\"yoast-schema-graph\">{\"@context\":\"https:\\\/\\\/schema.org\",\"@graph\":[{\"@type\":\"Article\",\"@id\":\"https:\\\/\\\/blogdofarnesio.com.br\\\/?p=236750#article\",\"isPartOf\":{\"@id\":\"https:\\\/\\\/blogdofarnesio.com.br\\\/?p=236750\"},\"author\":{\"name\":\"Farn\u00e9sio\",\"@id\":\"https:\\\/\\\/blogdofarnesio.com.br\\\/#\\\/schema\\\/person\\\/301c4acf522bccbfdb45af95b5b906a1\"},\"headline\":\"Regulariza\u00e7\u00e3o fundi\u00e1ria chega hoje ao bairro Terras do Sul para beneficiar at\u00e9 1200 fam\u00edlias de Petrolina\",\"datePublished\":\"2019-08-28T10:40:07+00:00\",\"dateModified\":\"2019-08-28T11:31:48+00:00\",\"mainEntityOfPage\":{\"@id\":\"https:\\\/\\\/blogdofarnesio.com.br\\\/?p=236750\"},\"wordCount\":462,\"publisher\":{\"@id\":\"https:\\\/\\\/blogdofarnesio.com.br\\\/#organization\"},\"image\":{\"@id\":\"https:\\\/\\\/blogdofarnesio.com.br\\\/?p=236750#primaryimage\"},\"thumbnailUrl\":\"https:\\\/\\\/blogdofarnesio.com.br\\\/wp-content\\\/uploads\\\/2019\\\/08\\\/blogqsp-PETROLINA-LEGAL-3.jpeg\",\"articleSection\":[\"Administra\u00e7\u00e3o\"],\"inLanguage\":\"pt-BR\"},{\"@type\":\"WebPage\",\"@id\":\"https:\\\/\\\/blogdofarnesio.com.br\\\/?p=236750\",\"url\":\"https:\\\/\\\/blogdofarnesio.com.br\\\/?p=236750\",\"name\":\"Regulariza\u00e7\u00e3o fundi\u00e1ria chega hoje ao bairro Terras do Sul para beneficiar at\u00e9 1200 fam\u00edlias de Petrolina - Blog do Farn\u00e9sio\",\"isPartOf\":{\"@id\":\"https:\\\/\\\/blogdofarnesio.com.br\\\/#website\"},\"primaryImageOfPage\":{\"@id\":\"https:\\\/\\\/blogdofarnesio.com.br\\\/?p=236750#primaryimage\"},\"image\":{\"@id\":\"https:\\\/\\\/blogdofarnesio.com.br\\\/?p=236750#primaryimage\"},\"thumbnailUrl\":\"https:\\\/\\\/blogdofarnesio.com.br\\\/wp-content\\\/uploads\\\/2019\\\/08\\\/blogqsp-PETROLINA-LEGAL-3.jpeg\",\"datePublished\":\"2019-08-28T10:40:07+00:00\",\"dateModified\":\"2019-08-28T11:31:48+00:00\",\"breadcrumb\":{\"@id\":\"https:\\\/\\\/blogdofarnesio.com.br\\\/?p=236750#breadcrumb\"},\"inLanguage\":\"pt-BR\",\"potentialAction\":[{\"@type\":\"ReadAction\",\"target\":[\"https:\\\/\\\/blogdofarnesio.com.br\\\/?p=236750\"]}]},{\"@type\":\"ImageObject\",\"inLanguage\":\"pt-BR\",\"@id\":\"https:\\\/\\\/blogdofarnesio.com.br\\\/?p=236750#primaryimage\",\"url\":\"https:\\\/\\\/blogdofarnesio.com.br\\\/wp-content\\\/uploads\\\/2019\\\/08\\\/blogqsp-PETROLINA-LEGAL-3.jpeg\",\"contentUrl\":\"https:\\\/\\\/blogdofarnesio.com.br\\\/wp-content\\\/uploads\\\/2019\\\/08\\\/blogqsp-PETROLINA-LEGAL-3.jpeg\",\"width\":640,\"height\":427},{\"@type\":\"BreadcrumbList\",\"@id\":\"https:\\\/\\\/blogdofarnesio.com.br\\\/?p=236750#breadcrumb\",\"itemListElement\":[{\"@type\":\"ListItem\",\"position\":1,\"name\":\"In\u00edcio\",\"item\":\"https:\\\/\\\/blogdofarnesio.com.br\\\/\"},{\"@type\":\"ListItem\",\"position\":2,\"name\":\"Regulariza\u00e7\u00e3o fundi\u00e1ria chega hoje ao bairro Terras do Sul para beneficiar at\u00e9 1200 fam\u00edlias de Petrolina\"}]},{\"@type\":\"WebSite\",\"@id\":\"https:\\\/\\\/blogdofarnesio.com.br\\\/#website\",\"url\":\"https:\\\/\\\/blogdofarnesio.com.br\\\/\",\"name\":\"Blog do Farn\u00e9sio\",\"description\":\"Quer Saber Pol\u00edtica?\",\"publisher\":{\"@id\":\"https:\\\/\\\/blogdofarnesio.com.br\\\/#organization\"},\"potentialAction\":[{\"@type\":\"SearchAction\",\"target\":{\"@type\":\"EntryPoint\",\"urlTemplate\":\"https:\\\/\\\/blogdofarnesio.com.br\\\/?s={search_term_string}\"},\"query-input\":{\"@type\":\"PropertyValueSpecification\",\"valueRequired\":true,\"valueName\":\"search_term_string\"}}],\"inLanguage\":\"pt-BR\"},{\"@type\":\"Organization\",\"@id\":\"https:\\\/\\\/blogdofarnesio.com.br\\\/#organization\",\"name\":\"Blog do Farn\u00e9sio\",\"url\":\"https:\\\/\\\/blogdofarnesio.com.br\\\/\",\"logo\":{\"@type\":\"ImageObject\",\"inLanguage\":\"pt-BR\",\"@id\":\"https:\\\/\\\/blogdofarnesio.com.br\\\/#\\\/schema\\\/logo\\\/image\\\/\",\"url\":\"https:\\\/\\\/blogdofarnesio.com.br\\\/wp-content\\\/uploads\\\/2026\\\/03\\\/cropped-logo_new-1.png\",\"contentUrl\":\"https:\\\/\\\/blogdofarnesio.com.br\\\/wp-content\\\/uploads\\\/2026\\\/03\\\/cropped-logo_new-1.png\",\"width\":881,\"height\":685,\"caption\":\"Blog do Farn\u00e9sio\"},\"image\":{\"@id\":\"https:\\\/\\\/blogdofarnesio.com.br\\\/#\\\/schema\\\/logo\\\/image\\\/\"},\"sameAs\":[\"https:\\\/\\\/www.facebook.com\\\/BlogQuerSaberPolitica\\\/\"]},{\"@type\":\"Person\",\"@id\":\"https:\\\/\\\/blogdofarnesio.com.br\\\/#\\\/schema\\\/person\\\/301c4acf522bccbfdb45af95b5b906a1\",\"name\":\"Farn\u00e9sio\",\"image\":{\"@type\":\"ImageObject\",\"inLanguage\":\"pt-BR\",\"@id\":\"https:\\\/\\\/secure.gravatar.com\\\/avatar\\\/df0c9a14567c056f8ad6876ba5bbd1e3e2c48023eb6807342fc4663adf549f38?s=96&d=mm&r=g\",\"url\":\"https:\\\/\\\/secure.gravatar.com\\\/avatar\\\/df0c9a14567c056f8ad6876ba5bbd1e3e2c48023eb6807342fc4663adf549f38?s=96&d=mm&r=g\",\"contentUrl\":\"https:\\\/\\\/secure.gravatar.com\\\/avatar\\\/df0c9a14567c056f8ad6876ba5bbd1e3e2c48023eb6807342fc4663adf549f38?s=96&d=mm&r=g\",\"caption\":\"Farn\u00e9sio\"},\"sameAs\":[\"https:\\\/\\\/quersaberpolitica.com.br\"],\"url\":\"https:\\\/\\\/blogdofarnesio.com.br\\\/?author=1\"}]}<\/script>\n<!-- \/ Yoast SEO plugin. -->","yoast_head_json":{"title":"Regulariza\u00e7\u00e3o fundi\u00e1ria chega hoje ao bairro Terras do Sul para beneficiar at\u00e9 1200 fam\u00edlias de Petrolina - Blog do Farn\u00e9sio","robots":{"index":"index","follow":"follow","max-snippet":"max-snippet:-1","max-image-preview":"max-image-preview:large","max-video-preview":"max-video-preview:-1"},"canonical":"https:\/\/blogdofarnesio.com.br\/?p=236750","og_locale":"pt_BR","og_type":"article","og_title":"Regulariza\u00e7\u00e3o fundi\u00e1ria chega hoje ao bairro Terras do Sul para beneficiar at\u00e9 1200 fam\u00edlias de Petrolina - Blog do Farn\u00e9sio","og_description":"Chegou a hora dos moradores do loteamento Terras do Sul, zona norte de Petrolina, tirarem suas d\u00favidas acerca da documenta\u00e7\u00e3o necess\u00e1ria para emitir a escritura dos seus im\u00f3veis, para que, enfim, realizem o sonho de ter a casa pr\u00f3pria de papel passado. Uma equipe da prefeitura estar\u00e1 na Rua 06, pr\u00f3ximo \u00e0 Igreja Cat\u00f3lica da comunidade, nesta quarta-feira (28), \u00e0s 19h, para orientar aos moradores sobre como dar entrada no processo de regulariza\u00e7\u00e3o fundi\u00e1ria. A a\u00e7\u00e3o faz parte do programa Petrolina Legal, desenvolvido pela Secretaria de Desenvolvimento Urbano e Habita\u00e7\u00e3o (Sedurbh), que tem o objetivo de emitir t\u00edtulos de posse de 10 mil casas at\u00e9 o fim de 2020. \u201cS\u00f3 no bairro Terras do Sul, temos potencial para regularizar cerca&hellip;","og_url":"https:\/\/blogdofarnesio.com.br\/?p=236750","og_site_name":"Blog do Farn\u00e9sio","article_publisher":"https:\/\/www.facebook.com\/BlogQuerSaberPolitica\/","article_published_time":"2019-08-28T10:40:07+00:00","article_modified_time":"2019-08-28T11:31:48+00:00","og_image":[{"width":640,"height":427,"url":"https:\/\/blogdofarnesio.com.br\/wp-content\/uploads\/2019\/08\/blogqsp-PETROLINA-LEGAL-3.jpeg","type":"image\/jpeg"}],"author":"Farn\u00e9sio","twitter_card":"summary_large_image","twitter_misc":{"Escrito por":"Farn\u00e9sio","Est. tempo de leitura":"2 minutos"},"schema":{"@context":"https:\/\/schema.org","@graph":[{"@type":"Article","@id":"https:\/\/blogdofarnesio.com.br\/?p=236750#article","isPartOf":{"@id":"https:\/\/blogdofarnesio.com.br\/?p=236750"},"author":{"name":"Farn\u00e9sio","@id":"https:\/\/blogdofarnesio.com.br\/#\/schema\/person\/301c4acf522bccbfdb45af95b5b906a1"},"headline":"Regulariza\u00e7\u00e3o fundi\u00e1ria chega hoje ao bairro Terras do Sul para beneficiar at\u00e9 1200 fam\u00edlias de Petrolina","datePublished":"2019-08-28T10:40:07+00:00","dateModified":"2019-08-28T11:31:48+00:00","mainEntityOfPage":{"@id":"https:\/\/blogdofarnesio.com.br\/?p=236750"},"wordCount":462,"publisher":{"@id":"https:\/\/blogdofarnesio.com.br\/#organization"},"image":{"@id":"https:\/\/blogdofarnesio.com.br\/?p=236750#primaryimage"},"thumbnailUrl":"https:\/\/blogdofarnesio.com.br\/wp-content\/uploads\/2019\/08\/blogqsp-PETROLINA-LEGAL-3.jpeg","articleSection":["Administra\u00e7\u00e3o"],"inLanguage":"pt-BR"},{"@type":"WebPage","@id":"https:\/\/blogdofarnesio.com.br\/?p=236750","url":"https:\/\/blogdofarnesio.com.br\/?p=236750","name":"Regulariza\u00e7\u00e3o fundi\u00e1ria chega hoje ao bairro Terras do Sul para beneficiar at\u00e9 1200 fam\u00edlias de Petrolina - Blog do Farn\u00e9sio","isPartOf":{"@id":"https:\/\/blogdofarnesio.com.br\/#website"},"primaryImageOfPage":{"@id":"https:\/\/blogdofarnesio.com.br\/?p=236750#primaryimage"},"image":{"@id":"https:\/\/blogdofarnesio.com.br\/?p=236750#primaryimage"},"thumbnailUrl":"https:\/\/blogdofarnesio.com.br\/wp-content\/uploads\/2019\/08\/blogqsp-PETROLINA-LEGAL-3.jpeg","datePublished":"2019-08-28T10:40:07+00:00","dateModified":"2019-08-28T11:31:48+00:00","breadcrumb":{"@id":"https:\/\/blogdofarnesio.com.br\/?p=236750#breadcrumb"},"inLanguage":"pt-BR","potentialAction":[{"@type":"ReadAction","target":["https:\/\/blogdofarnesio.com.br\/?p=236750"]}]},{"@type":"ImageObject","inLanguage":"pt-BR","@id":"https:\/\/blogdofarnesio.com.br\/?p=236750#primaryimage","url":"https:\/\/blogdofarnesio.com.br\/wp-content\/uploads\/2019\/08\/blogqsp-PETROLINA-LEGAL-3.jpeg","contentUrl":"https:\/\/blogdofarnesio.com.br\/wp-content\/uploads\/2019\/08\/blogqsp-PETROLINA-LEGAL-3.jpeg","width":640,"height":427},{"@type":"BreadcrumbList","@id":"https:\/\/blogdofarnesio.com.br\/?p=236750#breadcrumb","itemListElement":[{"@type":"ListItem","position":1,"name":"In\u00edcio","item":"https:\/\/blogdofarnesio.com.br\/"},{"@type":"ListItem","position":2,"name":"Regulariza\u00e7\u00e3o fundi\u00e1ria chega hoje ao bairro Terras do Sul para beneficiar at\u00e9 1200 fam\u00edlias de Petrolina"}]},{"@type":"WebSite","@id":"https:\/\/blogdofarnesio.com.br\/#website","url":"https:\/\/blogdofarnesio.com.br\/","name":"Blog do Farn\u00e9sio","description":"Quer Saber Pol\u00edtica?","publisher":{"@id":"https:\/\/blogdofarnesio.com.br\/#organization"},"potentialAction":[{"@type":"SearchAction","target":{"@type":"EntryPoint","urlTemplate":"https:\/\/blogdofarnesio.com.br\/?s={search_term_string}"},"query-input":{"@type":"PropertyValueSpecification","valueRequired":true,"valueName":"search_term_string"}}],"inLanguage":"pt-BR"},{"@type":"Organization","@id":"https:\/\/blogdofarnesio.com.br\/#organization","name":"Blog do Farn\u00e9sio","url":"https:\/\/blogdofarnesio.com.br\/","logo":{"@type":"ImageObject","inLanguage":"pt-BR","@id":"https:\/\/blogdofarnesio.com.br\/#\/schema\/logo\/image\/","url":"https:\/\/blogdofarnesio.com.br\/wp-content\/uploads\/2026\/03\/cropped-logo_new-1.png","contentUrl":"https:\/\/blogdofarnesio.com.br\/wp-content\/uploads\/2026\/03\/cropped-logo_new-1.png","width":881,"height":685,"caption":"Blog do Farn\u00e9sio"},"image":{"@id":"https:\/\/blogdofarnesio.com.br\/#\/schema\/logo\/image\/"},"sameAs":["https:\/\/www.facebook.com\/BlogQuerSaberPolitica\/"]},{"@type":"Person","@id":"https:\/\/blogdofarnesio.com.br\/#\/schema\/person\/301c4acf522bccbfdb45af95b5b906a1","name":"Farn\u00e9sio","image":{"@type":"ImageObject","inLanguage":"pt-BR","@id":"https:\/\/secure.gravatar.com\/avatar\/df0c9a14567c056f8ad6876ba5bbd1e3e2c48023eb6807342fc4663adf549f38?s=96&d=mm&r=g","url":"https:\/\/secure.gravatar.com\/avatar\/df0c9a14567c056f8ad6876ba5bbd1e3e2c48023eb6807342fc4663adf549f38?s=96&d=mm&r=g","contentUrl":"https:\/\/secure.gravatar.com\/avatar\/df0c9a14567c056f8ad6876ba5bbd1e3e2c48023eb6807342fc4663adf549f38?s=96&d=mm&r=g","caption":"Farn\u00e9sio"},"sameAs":["https:\/\/quersaberpolitica.com.br"],"url":"https:\/\/blogdofarnesio.com.br\/?author=1"}]}},"_links":{"self":[{"href":"https:\/\/blogdofarnesio.com.br\/index.php?rest_route=\/wp\/v2\/posts\/236750","targetHints":{"allow":["GET"]}}],"collection":[{"href":"https:\/\/blogdofarnesio.com.br\/index.php?rest_route=\/wp\/v2\/posts"}],"about":[{"href":"https:\/\/blogdofarnesio.com.br\/index.php?rest_route=\/wp\/v2\/types\/post"}],"author":[{"embeddable":true,"href":"https:\/\/blogdofarnesio.com.br\/index.php?rest_route=\/wp\/v2\/users\/1"}],"replies":[{"embeddable":true,"href":"https:\/\/blogdofarnesio.com.br\/index.php?rest_route=%2Fwp%2Fv2%2Fcomments&post=236750"}],"version-history":[{"count":0,"href":"https:\/\/blogdofarnesio.com.br\/index.php?rest_route=\/wp\/v2\/posts\/236750\/revisions"}],"wp:featuredmedia":[{"embeddable":true,"href":"https:\/\/blogdofarnesio.com.br\/index.php?rest_route=\/wp\/v2\/media\/236751"}],"wp:attachment":[{"href":"https:\/\/blogdofarnesio.com.br\/index.php?rest_route=%2Fwp%2Fv2%2Fmedia&parent=236750"}],"wp:term":[{"taxonomy":"category","embeddable":true,"href":"https:\/\/blogdofarnesio.com.br\/index.php?rest_route=%2Fwp%2Fv2%2Fcategories&post=236750"},{"taxonomy":"post_tag","embeddable":true,"href":"https:\/\/blogdofarnesio.com.br\/index.php?rest_route=%2Fwp%2Fv2%2Ftags&post=236750"}],"curies":[{"name":"wp","href":"https:\/\/api.w.org\/{rel}","templated":true}]}}