{"id":236335,"date":"2019-08-22T16:20:18","date_gmt":"2019-08-22T19:20:18","guid":{"rendered":"http:\/\/quersaberpolitica.com.br\/2016\/?p=236335"},"modified":"2019-08-22T12:49:38","modified_gmt":"2019-08-22T15:49:38","slug":"josimara-cavalcanti-garante-conquistas-para-dormentes-junto-ao-governo-do-estado","status":"publish","type":"post","link":"https:\/\/blogdofarnesio.com.br\/2019\/08\/josimara-cavalcanti-garante-conquistas-para-dormentes-junto-ao-governo-do-estado\/","title":{"rendered":"Josimara Cavalcanti garante conquistas para Dormentes junto ao governo do Estado"},"content":{"rendered":"<p><i>Entre as conquistas, est\u00e1 a t\u00e3o aguardada libera\u00e7\u00e3o para recupera\u00e7\u00e3o da estrada que liga Dormentes e Afr\u00e2nio<\/i><\/p>\n<p>Mostrando mais uma vez a sua grande for\u00e7a pol\u00edtica, a prefeita de Dormentes, Josimara Cavalcanti esteve presente na 2\u00aa rodada do projeto Todos por Pernambuco, do Governo do Estado. Durante o evento, Josimara garantiu grandes incentivos para o munic\u00edpio, entre eles a permiss\u00e3o para licita\u00e7\u00e3o e constru\u00e7\u00e3o da PE-635, que liga Dormentes e Afr\u00e2nio.<\/p>\n<p>O encontro, realizado em Petrolina, nesta quarta-feira (21), contou com a presen\u00e7a do governador de Pernambuco, Paulo C\u00e2mara e de prefeitos, deputados, vereadores e moradores de toda a regi\u00e3o. Dormentes participou ativamente, com depoimentos e propostas voltadas para a educa\u00e7\u00e3o e agricultura. \u201c<i>Educa\u00e7\u00e3o \u00e9 um investimento a longo prazo e temos orgulho de fazer parte de um estado que cria projetos educativos para a o ensino b\u00e1sico, fundamental e m\u00e9dio e que procura ouvir a popula\u00e7\u00e3o<\/i>\u201d, discursou o professor da Escola de Refer\u00eancia Senador Nilo Coelho, Samuel Ara\u00fajo.<\/p>\n<p>Um dos momentos mais esperados do dia, foi a assinatura de projetos importantes para Dormentes e regi\u00e3o. \u201c<i>Agrade\u00e7o muito o apoio do nosso governador, sa\u00edmos daqui hoje com grandes conquistas, como a libera\u00e7\u00e3o de R$5 milh\u00f5es para realiza\u00e7\u00e3o do projeto da PE-630, que liga Rajada-Dormentes-Araripina e o edital para licita\u00e7\u00e3o de contrata\u00e7\u00e3o para os servi\u00e7os de restaura\u00e7\u00e3o da PE-635, que liga Dormentes e Afr\u00e2nio. A expectativa \u00e9 de que seja liberado mais de R$35 milh\u00f5es para reconstruir os 33 quil\u00f4metros\u00a0de pista. Uma reivindica\u00e7\u00e3o antiga e que, tenho certeza, que agora ser\u00e1 realizada muito em brev<\/i>e\u201d, comemora Josimara.<\/p>\n<div>\n<span style=\"font-size: xx-small;\"><b>TEXTO: Isabella Mendes Santos, Ascom da Prefeitura de Dormentes\u00a0<\/b><\/span><\/div>\n","protected":false},"excerpt":{"rendered":"<p>Entre as conquistas, est\u00e1 a t\u00e3o aguardada libera\u00e7\u00e3o para recupera\u00e7\u00e3o da estrada que liga Dormentes e Afr\u00e2nio Mostrando mais uma vez a sua grande for\u00e7a pol\u00edtica, a prefeita de Dormentes, Josimara Cavalcanti esteve presente na 2\u00aa rodada do projeto Todos por Pernambuco, do Governo do Estado. Durante o evento, Josimara garantiu grandes incentivos para o munic\u00edpio, entre eles a permiss\u00e3o para licita\u00e7\u00e3o e constru\u00e7\u00e3o da PE-635, que liga Dormentes e Afr\u00e2nio. O encontro, realizado em Petrolina, nesta quarta-feira (21), contou com a presen\u00e7a do governador de Pernambuco, Paulo C\u00e2mara e de prefeitos, deputados, vereadores e moradores de toda a regi\u00e3o. Dormentes participou ativamente, com depoimentos e propostas voltadas para a educa\u00e7\u00e3o e agricultura. \u201cEduca\u00e7\u00e3o \u00e9 um investimento a longo prazo&hellip; <\/p>\n","protected":false},"author":1,"featured_media":236336,"comment_status":"closed","ping_status":"closed","sticky":false,"template":"","format":"standard","meta":{"_acf_changed":false,"footnotes":""},"categories":[44],"tags":[],"class_list":["post-236335","post","type-post","status-publish","format-standard","has-post-thumbnail","hentry","category-administracao"],"acf":[],"yoast_head":"<!-- This site is optimized with the Yoast SEO plugin v27.5 - https:\/\/yoast.com\/product\/yoast-seo-wordpress\/ -->\n<title>Josimara Cavalcanti garante conquistas para Dormentes junto ao governo do Estado - Blog do Farn\u00e9sio<\/title>\n<meta name=\"robots\" content=\"index, follow, max-snippet:-1, max-image-preview:large, max-video-preview:-1\" \/>\n<link rel=\"canonical\" href=\"https:\/\/blogdofarnesio.com.br\/2019\/08\/josimara-cavalcanti-garante-conquistas-para-dormentes-junto-ao-governo-do-estado\/\" \/>\n<meta property=\"og:locale\" content=\"pt_BR\" \/>\n<meta property=\"og:type\" content=\"article\" \/>\n<meta property=\"og:title\" content=\"Josimara Cavalcanti garante conquistas para Dormentes junto ao governo do Estado - Blog do Farn\u00e9sio\" \/>\n<meta property=\"og:description\" content=\"Entre as conquistas, est\u00e1 a t\u00e3o aguardada libera\u00e7\u00e3o para recupera\u00e7\u00e3o da estrada que liga Dormentes e Afr\u00e2nio Mostrando mais uma vez a sua grande for\u00e7a pol\u00edtica, a prefeita de Dormentes, Josimara Cavalcanti esteve presente na 2\u00aa rodada do projeto Todos por Pernambuco, do Governo do Estado. Durante o evento, Josimara garantiu grandes incentivos para o munic\u00edpio, entre eles a permiss\u00e3o para licita\u00e7\u00e3o e constru\u00e7\u00e3o da PE-635, que liga Dormentes e Afr\u00e2nio. O encontro, realizado em Petrolina, nesta quarta-feira (21), contou com a presen\u00e7a do governador de Pernambuco, Paulo C\u00e2mara e de prefeitos, deputados, vereadores e moradores de toda a regi\u00e3o. Dormentes participou ativamente, com depoimentos e propostas voltadas para a educa\u00e7\u00e3o e agricultura. \u201cEduca\u00e7\u00e3o \u00e9 um investimento a longo prazo&hellip;\" \/>\n<meta property=\"og:url\" content=\"https:\/\/blogdofarnesio.com.br\/2019\/08\/josimara-cavalcanti-garante-conquistas-para-dormentes-junto-ao-governo-do-estado\/\" \/>\n<meta property=\"og:site_name\" content=\"Blog do Farn\u00e9sio\" \/>\n<meta property=\"article:publisher\" content=\"https:\/\/www.facebook.com\/BlogQuerSaberPolitica\/\" \/>\n<meta property=\"article:published_time\" content=\"2019-08-22T19:20:18+00:00\" \/>\n<meta property=\"og:image\" content=\"https:\/\/blogdofarnesio.com.br\/wp-content\/uploads\/2019\/08\/BLOGQSP-JOSIMARA-TODOS-POR-PERNAMBUCO.jpg\" \/>\n\t<meta property=\"og:image:width\" content=\"521\" \/>\n\t<meta property=\"og:image:height\" content=\"480\" \/>\n\t<meta property=\"og:image:type\" content=\"image\/jpeg\" \/>\n<meta name=\"author\" content=\"Farn\u00e9sio\" \/>\n<meta name=\"twitter:card\" content=\"summary_large_image\" \/>\n<meta name=\"twitter:label1\" content=\"Escrito por\" \/>\n\t<meta name=\"twitter:data1\" content=\"Farn\u00e9sio\" \/>\n\t<meta name=\"twitter:label2\" content=\"Est. tempo de leitura\" \/>\n\t<meta name=\"twitter:data2\" content=\"1 minuto\" \/>\n<script type=\"application\/ld+json\" class=\"yoast-schema-graph\">{\"@context\":\"https:\\\/\\\/schema.org\",\"@graph\":[{\"@type\":\"Article\",\"@id\":\"https:\\\/\\\/blogdofarnesio.com.br\\\/2019\\\/08\\\/josimara-cavalcanti-garante-conquistas-para-dormentes-junto-ao-governo-do-estado\\\/#article\",\"isPartOf\":{\"@id\":\"https:\\\/\\\/blogdofarnesio.com.br\\\/2019\\\/08\\\/josimara-cavalcanti-garante-conquistas-para-dormentes-junto-ao-governo-do-estado\\\/\"},\"author\":{\"name\":\"Farn\u00e9sio\",\"@id\":\"https:\\\/\\\/blogdofarnesio.com.br\\\/#\\\/schema\\\/person\\\/301c4acf522bccbfdb45af95b5b906a1\"},\"headline\":\"Josimara Cavalcanti garante conquistas para Dormentes junto ao governo do Estado\",\"datePublished\":\"2019-08-22T19:20:18+00:00\",\"mainEntityOfPage\":{\"@id\":\"https:\\\/\\\/blogdofarnesio.com.br\\\/2019\\\/08\\\/josimara-cavalcanti-garante-conquistas-para-dormentes-junto-ao-governo-do-estado\\\/\"},\"wordCount\":307,\"publisher\":{\"@id\":\"https:\\\/\\\/blogdofarnesio.com.br\\\/#organization\"},\"image\":{\"@id\":\"https:\\\/\\\/blogdofarnesio.com.br\\\/2019\\\/08\\\/josimara-cavalcanti-garante-conquistas-para-dormentes-junto-ao-governo-do-estado\\\/#primaryimage\"},\"thumbnailUrl\":\"https:\\\/\\\/blogdofarnesio.com.br\\\/wp-content\\\/uploads\\\/2019\\\/08\\\/BLOGQSP-JOSIMARA-TODOS-POR-PERNAMBUCO.jpg\",\"articleSection\":[\"Administra\u00e7\u00e3o\"],\"inLanguage\":\"pt-BR\"},{\"@type\":\"WebPage\",\"@id\":\"https:\\\/\\\/blogdofarnesio.com.br\\\/2019\\\/08\\\/josimara-cavalcanti-garante-conquistas-para-dormentes-junto-ao-governo-do-estado\\\/\",\"url\":\"https:\\\/\\\/blogdofarnesio.com.br\\\/2019\\\/08\\\/josimara-cavalcanti-garante-conquistas-para-dormentes-junto-ao-governo-do-estado\\\/\",\"name\":\"Josimara Cavalcanti garante conquistas para Dormentes junto ao governo do Estado - Blog do Farn\u00e9sio\",\"isPartOf\":{\"@id\":\"https:\\\/\\\/blogdofarnesio.com.br\\\/#website\"},\"primaryImageOfPage\":{\"@id\":\"https:\\\/\\\/blogdofarnesio.com.br\\\/2019\\\/08\\\/josimara-cavalcanti-garante-conquistas-para-dormentes-junto-ao-governo-do-estado\\\/#primaryimage\"},\"image\":{\"@id\":\"https:\\\/\\\/blogdofarnesio.com.br\\\/2019\\\/08\\\/josimara-cavalcanti-garante-conquistas-para-dormentes-junto-ao-governo-do-estado\\\/#primaryimage\"},\"thumbnailUrl\":\"https:\\\/\\\/blogdofarnesio.com.br\\\/wp-content\\\/uploads\\\/2019\\\/08\\\/BLOGQSP-JOSIMARA-TODOS-POR-PERNAMBUCO.jpg\",\"datePublished\":\"2019-08-22T19:20:18+00:00\",\"breadcrumb\":{\"@id\":\"https:\\\/\\\/blogdofarnesio.com.br\\\/2019\\\/08\\\/josimara-cavalcanti-garante-conquistas-para-dormentes-junto-ao-governo-do-estado\\\/#breadcrumb\"},\"inLanguage\":\"pt-BR\",\"potentialAction\":[{\"@type\":\"ReadAction\",\"target\":[\"https:\\\/\\\/blogdofarnesio.com.br\\\/2019\\\/08\\\/josimara-cavalcanti-garante-conquistas-para-dormentes-junto-ao-governo-do-estado\\\/\"]}]},{\"@type\":\"ImageObject\",\"inLanguage\":\"pt-BR\",\"@id\":\"https:\\\/\\\/blogdofarnesio.com.br\\\/2019\\\/08\\\/josimara-cavalcanti-garante-conquistas-para-dormentes-junto-ao-governo-do-estado\\\/#primaryimage\",\"url\":\"https:\\\/\\\/blogdofarnesio.com.br\\\/wp-content\\\/uploads\\\/2019\\\/08\\\/BLOGQSP-JOSIMARA-TODOS-POR-PERNAMBUCO.jpg\",\"contentUrl\":\"https:\\\/\\\/blogdofarnesio.com.br\\\/wp-content\\\/uploads\\\/2019\\\/08\\\/BLOGQSP-JOSIMARA-TODOS-POR-PERNAMBUCO.jpg\",\"width\":521,\"height\":480},{\"@type\":\"BreadcrumbList\",\"@id\":\"https:\\\/\\\/blogdofarnesio.com.br\\\/2019\\\/08\\\/josimara-cavalcanti-garante-conquistas-para-dormentes-junto-ao-governo-do-estado\\\/#breadcrumb\",\"itemListElement\":[{\"@type\":\"ListItem\",\"position\":1,\"name\":\"In\u00edcio\",\"item\":\"https:\\\/\\\/blogdofarnesio.com.br\\\/\"},{\"@type\":\"ListItem\",\"position\":2,\"name\":\"Josimara Cavalcanti garante conquistas para Dormentes junto ao governo do Estado\"}]},{\"@type\":\"WebSite\",\"@id\":\"https:\\\/\\\/blogdofarnesio.com.br\\\/#website\",\"url\":\"https:\\\/\\\/blogdofarnesio.com.br\\\/\",\"name\":\"Blog do Farn\u00e9sio\",\"description\":\"Quer Saber Pol\u00edtica?\",\"publisher\":{\"@id\":\"https:\\\/\\\/blogdofarnesio.com.br\\\/#organization\"},\"potentialAction\":[{\"@type\":\"SearchAction\",\"target\":{\"@type\":\"EntryPoint\",\"urlTemplate\":\"https:\\\/\\\/blogdofarnesio.com.br\\\/?s={search_term_string}\"},\"query-input\":{\"@type\":\"PropertyValueSpecification\",\"valueRequired\":true,\"valueName\":\"search_term_string\"}}],\"inLanguage\":\"pt-BR\"},{\"@type\":\"Organization\",\"@id\":\"https:\\\/\\\/blogdofarnesio.com.br\\\/#organization\",\"name\":\"Blog do Farn\u00e9sio\",\"url\":\"https:\\\/\\\/blogdofarnesio.com.br\\\/\",\"logo\":{\"@type\":\"ImageObject\",\"inLanguage\":\"pt-BR\",\"@id\":\"https:\\\/\\\/blogdofarnesio.com.br\\\/#\\\/schema\\\/logo\\\/image\\\/\",\"url\":\"https:\\\/\\\/blogdofarnesio.com.br\\\/wp-content\\\/uploads\\\/2026\\\/03\\\/cropped-logo_new-1.png\",\"contentUrl\":\"https:\\\/\\\/blogdofarnesio.com.br\\\/wp-content\\\/uploads\\\/2026\\\/03\\\/cropped-logo_new-1.png\",\"width\":881,\"height\":685,\"caption\":\"Blog do Farn\u00e9sio\"},\"image\":{\"@id\":\"https:\\\/\\\/blogdofarnesio.com.br\\\/#\\\/schema\\\/logo\\\/image\\\/\"},\"sameAs\":[\"https:\\\/\\\/www.facebook.com\\\/BlogQuerSaberPolitica\\\/\"]},{\"@type\":\"Person\",\"@id\":\"https:\\\/\\\/blogdofarnesio.com.br\\\/#\\\/schema\\\/person\\\/301c4acf522bccbfdb45af95b5b906a1\",\"name\":\"Farn\u00e9sio\",\"image\":{\"@type\":\"ImageObject\",\"inLanguage\":\"pt-BR\",\"@id\":\"https:\\\/\\\/secure.gravatar.com\\\/avatar\\\/df0c9a14567c056f8ad6876ba5bbd1e3e2c48023eb6807342fc4663adf549f38?s=96&d=mm&r=g\",\"url\":\"https:\\\/\\\/secure.gravatar.com\\\/avatar\\\/df0c9a14567c056f8ad6876ba5bbd1e3e2c48023eb6807342fc4663adf549f38?s=96&d=mm&r=g\",\"contentUrl\":\"https:\\\/\\\/secure.gravatar.com\\\/avatar\\\/df0c9a14567c056f8ad6876ba5bbd1e3e2c48023eb6807342fc4663adf549f38?s=96&d=mm&r=g\",\"caption\":\"Farn\u00e9sio\"},\"sameAs\":[\"https:\\\/\\\/quersaberpolitica.com.br\"],\"url\":\"https:\\\/\\\/blogdofarnesio.com.br\\\/author\\\/farnesio\\\/\"}]}<\/script>\n<!-- \/ Yoast SEO plugin. -->","yoast_head_json":{"title":"Josimara Cavalcanti garante conquistas para Dormentes junto ao governo do Estado - Blog do Farn\u00e9sio","robots":{"index":"index","follow":"follow","max-snippet":"max-snippet:-1","max-image-preview":"max-image-preview:large","max-video-preview":"max-video-preview:-1"},"canonical":"https:\/\/blogdofarnesio.com.br\/2019\/08\/josimara-cavalcanti-garante-conquistas-para-dormentes-junto-ao-governo-do-estado\/","og_locale":"pt_BR","og_type":"article","og_title":"Josimara Cavalcanti garante conquistas para Dormentes junto ao governo do Estado - Blog do Farn\u00e9sio","og_description":"Entre as conquistas, est\u00e1 a t\u00e3o aguardada libera\u00e7\u00e3o para recupera\u00e7\u00e3o da estrada que liga Dormentes e Afr\u00e2nio Mostrando mais uma vez a sua grande for\u00e7a pol\u00edtica, a prefeita de Dormentes, Josimara Cavalcanti esteve presente na 2\u00aa rodada do projeto Todos por Pernambuco, do Governo do Estado. Durante o evento, Josimara garantiu grandes incentivos para o munic\u00edpio, entre eles a permiss\u00e3o para licita\u00e7\u00e3o e constru\u00e7\u00e3o da PE-635, que liga Dormentes e Afr\u00e2nio. O encontro, realizado em Petrolina, nesta quarta-feira (21), contou com a presen\u00e7a do governador de Pernambuco, Paulo C\u00e2mara e de prefeitos, deputados, vereadores e moradores de toda a regi\u00e3o. Dormentes participou ativamente, com depoimentos e propostas voltadas para a educa\u00e7\u00e3o e agricultura. \u201cEduca\u00e7\u00e3o \u00e9 um investimento a longo prazo&hellip;","og_url":"https:\/\/blogdofarnesio.com.br\/2019\/08\/josimara-cavalcanti-garante-conquistas-para-dormentes-junto-ao-governo-do-estado\/","og_site_name":"Blog do Farn\u00e9sio","article_publisher":"https:\/\/www.facebook.com\/BlogQuerSaberPolitica\/","article_published_time":"2019-08-22T19:20:18+00:00","og_image":[{"width":521,"height":480,"url":"https:\/\/blogdofarnesio.com.br\/wp-content\/uploads\/2019\/08\/BLOGQSP-JOSIMARA-TODOS-POR-PERNAMBUCO.jpg","type":"image\/jpeg"}],"author":"Farn\u00e9sio","twitter_card":"summary_large_image","twitter_misc":{"Escrito por":"Farn\u00e9sio","Est. tempo de leitura":"1 minuto"},"schema":{"@context":"https:\/\/schema.org","@graph":[{"@type":"Article","@id":"https:\/\/blogdofarnesio.com.br\/2019\/08\/josimara-cavalcanti-garante-conquistas-para-dormentes-junto-ao-governo-do-estado\/#article","isPartOf":{"@id":"https:\/\/blogdofarnesio.com.br\/2019\/08\/josimara-cavalcanti-garante-conquistas-para-dormentes-junto-ao-governo-do-estado\/"},"author":{"name":"Farn\u00e9sio","@id":"https:\/\/blogdofarnesio.com.br\/#\/schema\/person\/301c4acf522bccbfdb45af95b5b906a1"},"headline":"Josimara Cavalcanti garante conquistas para Dormentes junto ao governo do Estado","datePublished":"2019-08-22T19:20:18+00:00","mainEntityOfPage":{"@id":"https:\/\/blogdofarnesio.com.br\/2019\/08\/josimara-cavalcanti-garante-conquistas-para-dormentes-junto-ao-governo-do-estado\/"},"wordCount":307,"publisher":{"@id":"https:\/\/blogdofarnesio.com.br\/#organization"},"image":{"@id":"https:\/\/blogdofarnesio.com.br\/2019\/08\/josimara-cavalcanti-garante-conquistas-para-dormentes-junto-ao-governo-do-estado\/#primaryimage"},"thumbnailUrl":"https:\/\/blogdofarnesio.com.br\/wp-content\/uploads\/2019\/08\/BLOGQSP-JOSIMARA-TODOS-POR-PERNAMBUCO.jpg","articleSection":["Administra\u00e7\u00e3o"],"inLanguage":"pt-BR"},{"@type":"WebPage","@id":"https:\/\/blogdofarnesio.com.br\/2019\/08\/josimara-cavalcanti-garante-conquistas-para-dormentes-junto-ao-governo-do-estado\/","url":"https:\/\/blogdofarnesio.com.br\/2019\/08\/josimara-cavalcanti-garante-conquistas-para-dormentes-junto-ao-governo-do-estado\/","name":"Josimara Cavalcanti garante conquistas para Dormentes junto ao governo do Estado - Blog do Farn\u00e9sio","isPartOf":{"@id":"https:\/\/blogdofarnesio.com.br\/#website"},"primaryImageOfPage":{"@id":"https:\/\/blogdofarnesio.com.br\/2019\/08\/josimara-cavalcanti-garante-conquistas-para-dormentes-junto-ao-governo-do-estado\/#primaryimage"},"image":{"@id":"https:\/\/blogdofarnesio.com.br\/2019\/08\/josimara-cavalcanti-garante-conquistas-para-dormentes-junto-ao-governo-do-estado\/#primaryimage"},"thumbnailUrl":"https:\/\/blogdofarnesio.com.br\/wp-content\/uploads\/2019\/08\/BLOGQSP-JOSIMARA-TODOS-POR-PERNAMBUCO.jpg","datePublished":"2019-08-22T19:20:18+00:00","breadcrumb":{"@id":"https:\/\/blogdofarnesio.com.br\/2019\/08\/josimara-cavalcanti-garante-conquistas-para-dormentes-junto-ao-governo-do-estado\/#breadcrumb"},"inLanguage":"pt-BR","potentialAction":[{"@type":"ReadAction","target":["https:\/\/blogdofarnesio.com.br\/2019\/08\/josimara-cavalcanti-garante-conquistas-para-dormentes-junto-ao-governo-do-estado\/"]}]},{"@type":"ImageObject","inLanguage":"pt-BR","@id":"https:\/\/blogdofarnesio.com.br\/2019\/08\/josimara-cavalcanti-garante-conquistas-para-dormentes-junto-ao-governo-do-estado\/#primaryimage","url":"https:\/\/blogdofarnesio.com.br\/wp-content\/uploads\/2019\/08\/BLOGQSP-JOSIMARA-TODOS-POR-PERNAMBUCO.jpg","contentUrl":"https:\/\/blogdofarnesio.com.br\/wp-content\/uploads\/2019\/08\/BLOGQSP-JOSIMARA-TODOS-POR-PERNAMBUCO.jpg","width":521,"height":480},{"@type":"BreadcrumbList","@id":"https:\/\/blogdofarnesio.com.br\/2019\/08\/josimara-cavalcanti-garante-conquistas-para-dormentes-junto-ao-governo-do-estado\/#breadcrumb","itemListElement":[{"@type":"ListItem","position":1,"name":"In\u00edcio","item":"https:\/\/blogdofarnesio.com.br\/"},{"@type":"ListItem","position":2,"name":"Josimara Cavalcanti garante conquistas para Dormentes junto ao governo do Estado"}]},{"@type":"WebSite","@id":"https:\/\/blogdofarnesio.com.br\/#website","url":"https:\/\/blogdofarnesio.com.br\/","name":"Blog do Farn\u00e9sio","description":"Quer Saber Pol\u00edtica?","publisher":{"@id":"https:\/\/blogdofarnesio.com.br\/#organization"},"potentialAction":[{"@type":"SearchAction","target":{"@type":"EntryPoint","urlTemplate":"https:\/\/blogdofarnesio.com.br\/?s={search_term_string}"},"query-input":{"@type":"PropertyValueSpecification","valueRequired":true,"valueName":"search_term_string"}}],"inLanguage":"pt-BR"},{"@type":"Organization","@id":"https:\/\/blogdofarnesio.com.br\/#organization","name":"Blog do Farn\u00e9sio","url":"https:\/\/blogdofarnesio.com.br\/","logo":{"@type":"ImageObject","inLanguage":"pt-BR","@id":"https:\/\/blogdofarnesio.com.br\/#\/schema\/logo\/image\/","url":"https:\/\/blogdofarnesio.com.br\/wp-content\/uploads\/2026\/03\/cropped-logo_new-1.png","contentUrl":"https:\/\/blogdofarnesio.com.br\/wp-content\/uploads\/2026\/03\/cropped-logo_new-1.png","width":881,"height":685,"caption":"Blog do Farn\u00e9sio"},"image":{"@id":"https:\/\/blogdofarnesio.com.br\/#\/schema\/logo\/image\/"},"sameAs":["https:\/\/www.facebook.com\/BlogQuerSaberPolitica\/"]},{"@type":"Person","@id":"https:\/\/blogdofarnesio.com.br\/#\/schema\/person\/301c4acf522bccbfdb45af95b5b906a1","name":"Farn\u00e9sio","image":{"@type":"ImageObject","inLanguage":"pt-BR","@id":"https:\/\/secure.gravatar.com\/avatar\/df0c9a14567c056f8ad6876ba5bbd1e3e2c48023eb6807342fc4663adf549f38?s=96&d=mm&r=g","url":"https:\/\/secure.gravatar.com\/avatar\/df0c9a14567c056f8ad6876ba5bbd1e3e2c48023eb6807342fc4663adf549f38?s=96&d=mm&r=g","contentUrl":"https:\/\/secure.gravatar.com\/avatar\/df0c9a14567c056f8ad6876ba5bbd1e3e2c48023eb6807342fc4663adf549f38?s=96&d=mm&r=g","caption":"Farn\u00e9sio"},"sameAs":["https:\/\/quersaberpolitica.com.br"],"url":"https:\/\/blogdofarnesio.com.br\/author\/farnesio\/"}]}},"_links":{"self":[{"href":"https:\/\/blogdofarnesio.com.br\/wp-json\/wp\/v2\/posts\/236335","targetHints":{"allow":["GET"]}}],"collection":[{"href":"https:\/\/blogdofarnesio.com.br\/wp-json\/wp\/v2\/posts"}],"about":[{"href":"https:\/\/blogdofarnesio.com.br\/wp-json\/wp\/v2\/types\/post"}],"author":[{"embeddable":true,"href":"https:\/\/blogdofarnesio.com.br\/wp-json\/wp\/v2\/users\/1"}],"replies":[{"embeddable":true,"href":"https:\/\/blogdofarnesio.com.br\/wp-json\/wp\/v2\/comments?post=236335"}],"version-history":[{"count":0,"href":"https:\/\/blogdofarnesio.com.br\/wp-json\/wp\/v2\/posts\/236335\/revisions"}],"wp:featuredmedia":[{"embeddable":true,"href":"https:\/\/blogdofarnesio.com.br\/wp-json\/wp\/v2\/media\/236336"}],"wp:attachment":[{"href":"https:\/\/blogdofarnesio.com.br\/wp-json\/wp\/v2\/media?parent=236335"}],"wp:term":[{"taxonomy":"category","embeddable":true,"href":"https:\/\/blogdofarnesio.com.br\/wp-json\/wp\/v2\/categories?post=236335"},{"taxonomy":"post_tag","embeddable":true,"href":"https:\/\/blogdofarnesio.com.br\/wp-json\/wp\/v2\/tags?post=236335"}],"curies":[{"name":"wp","href":"https:\/\/api.w.org\/{rel}","templated":true}]}}