{"id":236311,"date":"2019-08-22T15:40:10","date_gmt":"2019-08-22T18:40:10","guid":{"rendered":"http:\/\/quersaberpolitica.com.br\/2016\/?p=236311"},"modified":"2019-08-22T10:40:00","modified_gmt":"2019-08-22T13:40:00","slug":"petrolina-da-um-novo-passo-rumo-a-desvinculacao-com-a-compesa","status":"publish","type":"post","link":"https:\/\/blogdofarnesio.com.br\/?p=236311","title":{"rendered":"Petrolina d\u00e1 um novo passo rumo \u00e0 desvincula\u00e7\u00e3o com a Compesa"},"content":{"rendered":"<p><strong>Jcoline &#8211;\u00a0<\/strong><\/p>\n<p>Em sua primeira passagem pela cidade de Petrolina como presidente da Compesa, a engenheira Manuela Marinho, que assumiu o cargo h\u00e1 menos de uma semana, encarou um dos principais desafios da companhia na atualidade: a amea\u00e7a do prefeito Miguel Coelho (sem partido) de tirar da estatal o abastecimento de \u00e1gua e tratamento de esgoto do munic\u00edpio.<\/p>\n<p>Manuela chegou a Petrolina na \u00faltima ter\u00e7a-feira (20) e participou, na quarta (21), do Projeto Todos por Pernambuco ao lado do governador Paulo C\u00e2mara (PSB) e da secret\u00e1ria de Infraestrutura e Recursos H\u00eddricos, Fernandha Batista.<\/p>\n<p>Na semana passada, Miguel Coelho divulgou nas suas redes sociais que o edital para a sele\u00e7\u00e3o da empresa que passar\u00e1 a prestar os servi\u00e7os em Petrolina j\u00e1 est\u00e1 pronto e seria encaminhado para an\u00e1lise do Tribunal de Contas de Pernambuco (TCE-PE).<\/p>\n<p>\u201cCom a devida aprova\u00e7\u00e3o por parte do TCE, n\u00f3s vamos publicar esse edital para que, enfim, Petrolina possa fazer uma nova licita\u00e7\u00e3o e ter uma nova empresa que fa\u00e7a investimentos e possibilite um maior abastecimento de \u00e1gua e saneamento b\u00e1sico de qualidade para a cidade. Essa \u00e9 uma promessa de campanha que estamos entregando a popula\u00e7\u00e3o\u201d, detalhou o prefeito. Segundo dados do Servi\u00e7o Nacional de Informa\u00e7\u00f5es (SNIS) de 2017, toda Petrolina tem acesso \u00e0 \u00e1gua e 21,4% da popula\u00e7\u00e3o n\u00e3o possui coleta de esgoto.<\/p>\n<p>De acordo com o TCE, o documento encaminhado pela gest\u00e3o municipal j\u00e1 foi recebido pela Inspetoria Regional do tribunal em Petrolina, mas ainda n\u00e3o chegou ao N\u00facleo de Engenharia (NEG), no Recife, que o analisar\u00e1. \u201cO tribunal tem uma resolu\u00e7\u00e3o que trata de Parcerias P\u00fablico-Privadas (PPPs), que \u00e9 o que vai ser feito em Petrolina. E as PPPs t\u00eam tr\u00eas fases, o planejamento, a licita\u00e7\u00e3o e a execu\u00e7\u00e3o. N\u00f3s vamos, ent\u00e3o, avaliar se o edital encaminhado pela prefeitura se enquadra nessa resolu\u00e7\u00e3o. Essa an\u00e1lise, inclusive, se estende at\u00e9 o fim da execu\u00e7\u00e3o do contrato, se ele for feito, que costuma durar entre 25 e 30 anos\u201d, explicou Conrado Lobo Montenegro, chefe do NEG.<\/p>\n<p>RESPOSTA<\/p>\n<p>Procurada pela reportagem, a assessoria de imprensa da Compesa afirmou que o \u00f3rg\u00e3o n\u00e3o comentaria a quest\u00e3o. Em coletiva durante a manh\u00e3 da \u00faltima quarta-feira (21), Paulo C\u00e2mara comentou que deseja resolver essa quest\u00e3o diplomaticamente. \u201cAcabamos de lan\u00e7ar uma licita\u00e7\u00e3o para fazer obras de saneamento em dois bairros importantes de Petrolina. H\u00e1 um impasse jur\u00eddico e n\u00f3s esperamos que haja uma resolu\u00e7\u00e3o. H\u00e1 disposi\u00e7\u00e3o do governo do Estado em resolver essas quest\u00f5es com di\u00e1logo\u201d, pontuou o chefe do Executivo estadual<\/p>\n","protected":false},"excerpt":{"rendered":"<p>Jcoline &#8211;\u00a0 Em sua primeira passagem pela cidade de Petrolina como presidente da Compesa, a engenheira Manuela Marinho, que assumiu o cargo h\u00e1 menos de uma semana, encarou um dos principais desafios da companhia na atualidade: a amea\u00e7a do prefeito Miguel Coelho (sem partido) de tirar da estatal o abastecimento de \u00e1gua e tratamento de esgoto do munic\u00edpio. Manuela chegou a Petrolina na \u00faltima ter\u00e7a-feira (20) e participou, na quarta (21), do Projeto Todos por Pernambuco ao lado do governador Paulo C\u00e2mara (PSB) e da secret\u00e1ria de Infraestrutura e Recursos H\u00eddricos, Fernandha Batista. Na semana passada, Miguel Coelho divulgou nas suas redes sociais que o edital para a sele\u00e7\u00e3o da empresa que passar\u00e1 a prestar os servi\u00e7os em Petrolina j\u00e1&hellip; <\/p>\n","protected":false},"author":1,"featured_media":236323,"comment_status":"closed","ping_status":"closed","sticky":false,"template":"","format":"standard","meta":{"_acf_changed":false,"footnotes":""},"categories":[44,1],"tags":[],"class_list":["post-236311","post","type-post","status-publish","format-standard","has-post-thumbnail","hentry","category-administracao","category-politica"],"acf":[],"yoast_head":"<!-- This site is optimized with the Yoast SEO plugin v27.4 - https:\/\/yoast.com\/product\/yoast-seo-wordpress\/ -->\n<title>Petrolina d\u00e1 um novo passo rumo \u00e0 desvincula\u00e7\u00e3o com a Compesa - Blog do Farn\u00e9sio<\/title>\n<meta name=\"robots\" content=\"index, follow, max-snippet:-1, max-image-preview:large, max-video-preview:-1\" \/>\n<link rel=\"canonical\" href=\"https:\/\/blogdofarnesio.com.br\/?p=236311\" \/>\n<meta property=\"og:locale\" content=\"pt_BR\" \/>\n<meta property=\"og:type\" content=\"article\" \/>\n<meta property=\"og:title\" content=\"Petrolina d\u00e1 um novo passo rumo \u00e0 desvincula\u00e7\u00e3o com a Compesa - Blog do Farn\u00e9sio\" \/>\n<meta property=\"og:description\" content=\"Jcoline &#8211;\u00a0 Em sua primeira passagem pela cidade de Petrolina como presidente da Compesa, a engenheira Manuela Marinho, que assumiu o cargo h\u00e1 menos de uma semana, encarou um dos principais desafios da companhia na atualidade: a amea\u00e7a do prefeito Miguel Coelho (sem partido) de tirar da estatal o abastecimento de \u00e1gua e tratamento de esgoto do munic\u00edpio. Manuela chegou a Petrolina na \u00faltima ter\u00e7a-feira (20) e participou, na quarta (21), do Projeto Todos por Pernambuco ao lado do governador Paulo C\u00e2mara (PSB) e da secret\u00e1ria de Infraestrutura e Recursos H\u00eddricos, Fernandha Batista. Na semana passada, Miguel Coelho divulgou nas suas redes sociais que o edital para a sele\u00e7\u00e3o da empresa que passar\u00e1 a prestar os servi\u00e7os em Petrolina j\u00e1&hellip;\" \/>\n<meta property=\"og:url\" content=\"https:\/\/blogdofarnesio.com.br\/?p=236311\" \/>\n<meta property=\"og:site_name\" content=\"Blog do Farn\u00e9sio\" \/>\n<meta property=\"article:publisher\" content=\"https:\/\/www.facebook.com\/BlogQuerSaberPolitica\/\" \/>\n<meta property=\"article:published_time\" content=\"2019-08-22T18:40:10+00:00\" \/>\n<meta property=\"og:image\" content=\"https:\/\/blogdofarnesio.com.br\/wp-content\/uploads\/2019\/08\/blogqsppaulocamara-miguel-coelho.jpg\" \/>\n\t<meta property=\"og:image:width\" content=\"748\" \/>\n\t<meta property=\"og:image:height\" content=\"410\" \/>\n\t<meta property=\"og:image:type\" content=\"image\/jpeg\" \/>\n<meta name=\"author\" content=\"Farn\u00e9sio\" \/>\n<meta name=\"twitter:card\" content=\"summary_large_image\" \/>\n<meta name=\"twitter:label1\" content=\"Escrito por\" \/>\n\t<meta name=\"twitter:data1\" content=\"Farn\u00e9sio\" \/>\n\t<meta name=\"twitter:label2\" content=\"Est. tempo de leitura\" \/>\n\t<meta name=\"twitter:data2\" content=\"2 minutos\" \/>\n<script type=\"application\/ld+json\" class=\"yoast-schema-graph\">{\"@context\":\"https:\\\/\\\/schema.org\",\"@graph\":[{\"@type\":\"Article\",\"@id\":\"https:\\\/\\\/blogdofarnesio.com.br\\\/?p=236311#article\",\"isPartOf\":{\"@id\":\"https:\\\/\\\/blogdofarnesio.com.br\\\/?p=236311\"},\"author\":{\"name\":\"Farn\u00e9sio\",\"@id\":\"https:\\\/\\\/blogdofarnesio.com.br\\\/#\\\/schema\\\/person\\\/301c4acf522bccbfdb45af95b5b906a1\"},\"headline\":\"Petrolina d\u00e1 um novo passo rumo \u00e0 desvincula\u00e7\u00e3o com a Compesa\",\"datePublished\":\"2019-08-22T18:40:10+00:00\",\"mainEntityOfPage\":{\"@id\":\"https:\\\/\\\/blogdofarnesio.com.br\\\/?p=236311\"},\"wordCount\":459,\"publisher\":{\"@id\":\"https:\\\/\\\/blogdofarnesio.com.br\\\/#organization\"},\"image\":{\"@id\":\"https:\\\/\\\/blogdofarnesio.com.br\\\/?p=236311#primaryimage\"},\"thumbnailUrl\":\"https:\\\/\\\/blogdofarnesio.com.br\\\/wp-content\\\/uploads\\\/2019\\\/08\\\/blogqsppaulocamara-miguel-coelho.jpg\",\"articleSection\":[\"Administra\u00e7\u00e3o\",\"Pol\u00edtica\"],\"inLanguage\":\"pt-BR\"},{\"@type\":\"WebPage\",\"@id\":\"https:\\\/\\\/blogdofarnesio.com.br\\\/?p=236311\",\"url\":\"https:\\\/\\\/blogdofarnesio.com.br\\\/?p=236311\",\"name\":\"Petrolina d\u00e1 um novo passo rumo \u00e0 desvincula\u00e7\u00e3o com a Compesa - Blog do Farn\u00e9sio\",\"isPartOf\":{\"@id\":\"https:\\\/\\\/blogdofarnesio.com.br\\\/#website\"},\"primaryImageOfPage\":{\"@id\":\"https:\\\/\\\/blogdofarnesio.com.br\\\/?p=236311#primaryimage\"},\"image\":{\"@id\":\"https:\\\/\\\/blogdofarnesio.com.br\\\/?p=236311#primaryimage\"},\"thumbnailUrl\":\"https:\\\/\\\/blogdofarnesio.com.br\\\/wp-content\\\/uploads\\\/2019\\\/08\\\/blogqsppaulocamara-miguel-coelho.jpg\",\"datePublished\":\"2019-08-22T18:40:10+00:00\",\"breadcrumb\":{\"@id\":\"https:\\\/\\\/blogdofarnesio.com.br\\\/?p=236311#breadcrumb\"},\"inLanguage\":\"pt-BR\",\"potentialAction\":[{\"@type\":\"ReadAction\",\"target\":[\"https:\\\/\\\/blogdofarnesio.com.br\\\/?p=236311\"]}]},{\"@type\":\"ImageObject\",\"inLanguage\":\"pt-BR\",\"@id\":\"https:\\\/\\\/blogdofarnesio.com.br\\\/?p=236311#primaryimage\",\"url\":\"https:\\\/\\\/blogdofarnesio.com.br\\\/wp-content\\\/uploads\\\/2019\\\/08\\\/blogqsppaulocamara-miguel-coelho.jpg\",\"contentUrl\":\"https:\\\/\\\/blogdofarnesio.com.br\\\/wp-content\\\/uploads\\\/2019\\\/08\\\/blogqsppaulocamara-miguel-coelho.jpg\",\"width\":748,\"height\":410},{\"@type\":\"BreadcrumbList\",\"@id\":\"https:\\\/\\\/blogdofarnesio.com.br\\\/?p=236311#breadcrumb\",\"itemListElement\":[{\"@type\":\"ListItem\",\"position\":1,\"name\":\"In\u00edcio\",\"item\":\"https:\\\/\\\/blogdofarnesio.com.br\\\/\"},{\"@type\":\"ListItem\",\"position\":2,\"name\":\"Petrolina d\u00e1 um novo passo rumo \u00e0 desvincula\u00e7\u00e3o com a Compesa\"}]},{\"@type\":\"WebSite\",\"@id\":\"https:\\\/\\\/blogdofarnesio.com.br\\\/#website\",\"url\":\"https:\\\/\\\/blogdofarnesio.com.br\\\/\",\"name\":\"Blog do Farn\u00e9sio\",\"description\":\"Quer Saber Pol\u00edtica?\",\"publisher\":{\"@id\":\"https:\\\/\\\/blogdofarnesio.com.br\\\/#organization\"},\"potentialAction\":[{\"@type\":\"SearchAction\",\"target\":{\"@type\":\"EntryPoint\",\"urlTemplate\":\"https:\\\/\\\/blogdofarnesio.com.br\\\/?s={search_term_string}\"},\"query-input\":{\"@type\":\"PropertyValueSpecification\",\"valueRequired\":true,\"valueName\":\"search_term_string\"}}],\"inLanguage\":\"pt-BR\"},{\"@type\":\"Organization\",\"@id\":\"https:\\\/\\\/blogdofarnesio.com.br\\\/#organization\",\"name\":\"Blog do Farn\u00e9sio\",\"url\":\"https:\\\/\\\/blogdofarnesio.com.br\\\/\",\"logo\":{\"@type\":\"ImageObject\",\"inLanguage\":\"pt-BR\",\"@id\":\"https:\\\/\\\/blogdofarnesio.com.br\\\/#\\\/schema\\\/logo\\\/image\\\/\",\"url\":\"https:\\\/\\\/blogdofarnesio.com.br\\\/wp-content\\\/uploads\\\/2026\\\/03\\\/cropped-logo_new-1.png\",\"contentUrl\":\"https:\\\/\\\/blogdofarnesio.com.br\\\/wp-content\\\/uploads\\\/2026\\\/03\\\/cropped-logo_new-1.png\",\"width\":881,\"height\":685,\"caption\":\"Blog do Farn\u00e9sio\"},\"image\":{\"@id\":\"https:\\\/\\\/blogdofarnesio.com.br\\\/#\\\/schema\\\/logo\\\/image\\\/\"},\"sameAs\":[\"https:\\\/\\\/www.facebook.com\\\/BlogQuerSaberPolitica\\\/\"]},{\"@type\":\"Person\",\"@id\":\"https:\\\/\\\/blogdofarnesio.com.br\\\/#\\\/schema\\\/person\\\/301c4acf522bccbfdb45af95b5b906a1\",\"name\":\"Farn\u00e9sio\",\"image\":{\"@type\":\"ImageObject\",\"inLanguage\":\"pt-BR\",\"@id\":\"https:\\\/\\\/secure.gravatar.com\\\/avatar\\\/df0c9a14567c056f8ad6876ba5bbd1e3e2c48023eb6807342fc4663adf549f38?s=96&d=mm&r=g\",\"url\":\"https:\\\/\\\/secure.gravatar.com\\\/avatar\\\/df0c9a14567c056f8ad6876ba5bbd1e3e2c48023eb6807342fc4663adf549f38?s=96&d=mm&r=g\",\"contentUrl\":\"https:\\\/\\\/secure.gravatar.com\\\/avatar\\\/df0c9a14567c056f8ad6876ba5bbd1e3e2c48023eb6807342fc4663adf549f38?s=96&d=mm&r=g\",\"caption\":\"Farn\u00e9sio\"},\"sameAs\":[\"https:\\\/\\\/quersaberpolitica.com.br\"],\"url\":\"https:\\\/\\\/blogdofarnesio.com.br\\\/?author=1\"}]}<\/script>\n<!-- \/ Yoast SEO plugin. -->","yoast_head_json":{"title":"Petrolina d\u00e1 um novo passo rumo \u00e0 desvincula\u00e7\u00e3o com a Compesa - Blog do Farn\u00e9sio","robots":{"index":"index","follow":"follow","max-snippet":"max-snippet:-1","max-image-preview":"max-image-preview:large","max-video-preview":"max-video-preview:-1"},"canonical":"https:\/\/blogdofarnesio.com.br\/?p=236311","og_locale":"pt_BR","og_type":"article","og_title":"Petrolina d\u00e1 um novo passo rumo \u00e0 desvincula\u00e7\u00e3o com a Compesa - Blog do Farn\u00e9sio","og_description":"Jcoline &#8211;\u00a0 Em sua primeira passagem pela cidade de Petrolina como presidente da Compesa, a engenheira Manuela Marinho, que assumiu o cargo h\u00e1 menos de uma semana, encarou um dos principais desafios da companhia na atualidade: a amea\u00e7a do prefeito Miguel Coelho (sem partido) de tirar da estatal o abastecimento de \u00e1gua e tratamento de esgoto do munic\u00edpio. Manuela chegou a Petrolina na \u00faltima ter\u00e7a-feira (20) e participou, na quarta (21), do Projeto Todos por Pernambuco ao lado do governador Paulo C\u00e2mara (PSB) e da secret\u00e1ria de Infraestrutura e Recursos H\u00eddricos, Fernandha Batista. Na semana passada, Miguel Coelho divulgou nas suas redes sociais que o edital para a sele\u00e7\u00e3o da empresa que passar\u00e1 a prestar os servi\u00e7os em Petrolina j\u00e1&hellip;","og_url":"https:\/\/blogdofarnesio.com.br\/?p=236311","og_site_name":"Blog do Farn\u00e9sio","article_publisher":"https:\/\/www.facebook.com\/BlogQuerSaberPolitica\/","article_published_time":"2019-08-22T18:40:10+00:00","og_image":[{"width":748,"height":410,"url":"https:\/\/blogdofarnesio.com.br\/wp-content\/uploads\/2019\/08\/blogqsppaulocamara-miguel-coelho.jpg","type":"image\/jpeg"}],"author":"Farn\u00e9sio","twitter_card":"summary_large_image","twitter_misc":{"Escrito por":"Farn\u00e9sio","Est. tempo de leitura":"2 minutos"},"schema":{"@context":"https:\/\/schema.org","@graph":[{"@type":"Article","@id":"https:\/\/blogdofarnesio.com.br\/?p=236311#article","isPartOf":{"@id":"https:\/\/blogdofarnesio.com.br\/?p=236311"},"author":{"name":"Farn\u00e9sio","@id":"https:\/\/blogdofarnesio.com.br\/#\/schema\/person\/301c4acf522bccbfdb45af95b5b906a1"},"headline":"Petrolina d\u00e1 um novo passo rumo \u00e0 desvincula\u00e7\u00e3o com a Compesa","datePublished":"2019-08-22T18:40:10+00:00","mainEntityOfPage":{"@id":"https:\/\/blogdofarnesio.com.br\/?p=236311"},"wordCount":459,"publisher":{"@id":"https:\/\/blogdofarnesio.com.br\/#organization"},"image":{"@id":"https:\/\/blogdofarnesio.com.br\/?p=236311#primaryimage"},"thumbnailUrl":"https:\/\/blogdofarnesio.com.br\/wp-content\/uploads\/2019\/08\/blogqsppaulocamara-miguel-coelho.jpg","articleSection":["Administra\u00e7\u00e3o","Pol\u00edtica"],"inLanguage":"pt-BR"},{"@type":"WebPage","@id":"https:\/\/blogdofarnesio.com.br\/?p=236311","url":"https:\/\/blogdofarnesio.com.br\/?p=236311","name":"Petrolina d\u00e1 um novo passo rumo \u00e0 desvincula\u00e7\u00e3o com a Compesa - Blog do Farn\u00e9sio","isPartOf":{"@id":"https:\/\/blogdofarnesio.com.br\/#website"},"primaryImageOfPage":{"@id":"https:\/\/blogdofarnesio.com.br\/?p=236311#primaryimage"},"image":{"@id":"https:\/\/blogdofarnesio.com.br\/?p=236311#primaryimage"},"thumbnailUrl":"https:\/\/blogdofarnesio.com.br\/wp-content\/uploads\/2019\/08\/blogqsppaulocamara-miguel-coelho.jpg","datePublished":"2019-08-22T18:40:10+00:00","breadcrumb":{"@id":"https:\/\/blogdofarnesio.com.br\/?p=236311#breadcrumb"},"inLanguage":"pt-BR","potentialAction":[{"@type":"ReadAction","target":["https:\/\/blogdofarnesio.com.br\/?p=236311"]}]},{"@type":"ImageObject","inLanguage":"pt-BR","@id":"https:\/\/blogdofarnesio.com.br\/?p=236311#primaryimage","url":"https:\/\/blogdofarnesio.com.br\/wp-content\/uploads\/2019\/08\/blogqsppaulocamara-miguel-coelho.jpg","contentUrl":"https:\/\/blogdofarnesio.com.br\/wp-content\/uploads\/2019\/08\/blogqsppaulocamara-miguel-coelho.jpg","width":748,"height":410},{"@type":"BreadcrumbList","@id":"https:\/\/blogdofarnesio.com.br\/?p=236311#breadcrumb","itemListElement":[{"@type":"ListItem","position":1,"name":"In\u00edcio","item":"https:\/\/blogdofarnesio.com.br\/"},{"@type":"ListItem","position":2,"name":"Petrolina d\u00e1 um novo passo rumo \u00e0 desvincula\u00e7\u00e3o com a Compesa"}]},{"@type":"WebSite","@id":"https:\/\/blogdofarnesio.com.br\/#website","url":"https:\/\/blogdofarnesio.com.br\/","name":"Blog do Farn\u00e9sio","description":"Quer Saber Pol\u00edtica?","publisher":{"@id":"https:\/\/blogdofarnesio.com.br\/#organization"},"potentialAction":[{"@type":"SearchAction","target":{"@type":"EntryPoint","urlTemplate":"https:\/\/blogdofarnesio.com.br\/?s={search_term_string}"},"query-input":{"@type":"PropertyValueSpecification","valueRequired":true,"valueName":"search_term_string"}}],"inLanguage":"pt-BR"},{"@type":"Organization","@id":"https:\/\/blogdofarnesio.com.br\/#organization","name":"Blog do Farn\u00e9sio","url":"https:\/\/blogdofarnesio.com.br\/","logo":{"@type":"ImageObject","inLanguage":"pt-BR","@id":"https:\/\/blogdofarnesio.com.br\/#\/schema\/logo\/image\/","url":"https:\/\/blogdofarnesio.com.br\/wp-content\/uploads\/2026\/03\/cropped-logo_new-1.png","contentUrl":"https:\/\/blogdofarnesio.com.br\/wp-content\/uploads\/2026\/03\/cropped-logo_new-1.png","width":881,"height":685,"caption":"Blog do Farn\u00e9sio"},"image":{"@id":"https:\/\/blogdofarnesio.com.br\/#\/schema\/logo\/image\/"},"sameAs":["https:\/\/www.facebook.com\/BlogQuerSaberPolitica\/"]},{"@type":"Person","@id":"https:\/\/blogdofarnesio.com.br\/#\/schema\/person\/301c4acf522bccbfdb45af95b5b906a1","name":"Farn\u00e9sio","image":{"@type":"ImageObject","inLanguage":"pt-BR","@id":"https:\/\/secure.gravatar.com\/avatar\/df0c9a14567c056f8ad6876ba5bbd1e3e2c48023eb6807342fc4663adf549f38?s=96&d=mm&r=g","url":"https:\/\/secure.gravatar.com\/avatar\/df0c9a14567c056f8ad6876ba5bbd1e3e2c48023eb6807342fc4663adf549f38?s=96&d=mm&r=g","contentUrl":"https:\/\/secure.gravatar.com\/avatar\/df0c9a14567c056f8ad6876ba5bbd1e3e2c48023eb6807342fc4663adf549f38?s=96&d=mm&r=g","caption":"Farn\u00e9sio"},"sameAs":["https:\/\/quersaberpolitica.com.br"],"url":"https:\/\/blogdofarnesio.com.br\/?author=1"}]}},"_links":{"self":[{"href":"https:\/\/blogdofarnesio.com.br\/index.php?rest_route=\/wp\/v2\/posts\/236311","targetHints":{"allow":["GET"]}}],"collection":[{"href":"https:\/\/blogdofarnesio.com.br\/index.php?rest_route=\/wp\/v2\/posts"}],"about":[{"href":"https:\/\/blogdofarnesio.com.br\/index.php?rest_route=\/wp\/v2\/types\/post"}],"author":[{"embeddable":true,"href":"https:\/\/blogdofarnesio.com.br\/index.php?rest_route=\/wp\/v2\/users\/1"}],"replies":[{"embeddable":true,"href":"https:\/\/blogdofarnesio.com.br\/index.php?rest_route=%2Fwp%2Fv2%2Fcomments&post=236311"}],"version-history":[{"count":0,"href":"https:\/\/blogdofarnesio.com.br\/index.php?rest_route=\/wp\/v2\/posts\/236311\/revisions"}],"wp:featuredmedia":[{"embeddable":true,"href":"https:\/\/blogdofarnesio.com.br\/index.php?rest_route=\/wp\/v2\/media\/236323"}],"wp:attachment":[{"href":"https:\/\/blogdofarnesio.com.br\/index.php?rest_route=%2Fwp%2Fv2%2Fmedia&parent=236311"}],"wp:term":[{"taxonomy":"category","embeddable":true,"href":"https:\/\/blogdofarnesio.com.br\/index.php?rest_route=%2Fwp%2Fv2%2Fcategories&post=236311"},{"taxonomy":"post_tag","embeddable":true,"href":"https:\/\/blogdofarnesio.com.br\/index.php?rest_route=%2Fwp%2Fv2%2Ftags&post=236311"}],"curies":[{"name":"wp","href":"https:\/\/api.w.org\/{rel}","templated":true}]}}