{"id":233890,"date":"2019-07-26T11:33:08","date_gmt":"2019-07-26T14:33:08","guid":{"rendered":"http:\/\/quersaberpolitica.com.br\/2016\/?p=233890"},"modified":"2019-07-25T21:34:51","modified_gmt":"2019-07-26T00:34:51","slug":"programa-ao-cair-da-tarde-celebrara-40-anos-no-ar","status":"publish","type":"post","link":"https:\/\/blogdofarnesio.com.br\/?p=233890","title":{"rendered":"Programa \u2018Ao Cair da Tarde\u2019 celebrar\u00e1 40 anos no ar"},"content":{"rendered":"\n<p>Para\ncelebrar as quatro d\u00e9cadas do programa de r\u00e1dio Ao Cair da Tarde, o produtor de\neventos, Andr\u00e9 Calixto e o Radialista \u00e2ncora do programa, Elias Cruz, ir\u00e3o\npromover um baile nost\u00e1lgico ao som do bolero, jazz, samba, seresta, romantismo\ne outros ritmos que ainda hoje permanecem vivos na mem\u00f3ria dos casais, amigos,\nadmiradores e ouvintes do programa relic\u00e1rio do S\u00e3o Francisco.&nbsp; <\/p>\n\n\n\n<p>Idealizado\nem 1979, pelos radialistas, Cl\u00e9sio Romulo Atan\u00e1sio e Elias Cruz, o Ao Cair da\nTarde \u00e9 sucesso de audi\u00eancia desde a sua cria\u00e7\u00e3o. Os admiradores do programa\nesperam entusiasmados para ligar o r\u00e1dio no final da tarde, para ouvirem os\ninesquec\u00edveis cl\u00e1ssicos nost\u00e1lgicos, eternizados nas vozes de Aguinaldo Tim\u00f3teo,\nAltemar Dutra, Benito di Paula, Chico Buarque, Clara Nunes, Elis Regina, Erasmo\nCarlos, Evaldo Braga, Gal Costa, Jair Rodrigues, Maria Beth\u00e2nia, Moacir Franco,\nNelson Gon\u00e7alves, N\u00fabia Lafaiete, Odair Jos\u00e9, Paulo S\u00e9rgio, Roberto Carlos,\nRonie Von, Tim Maia, Toquinho, Tom Jobim, Vinicius de Moraes, Waldick Soriano,\nWanderlei Cardoso, entre outros. <\/p>\n\n\n\n<p>&nbsp;O programa foi exibido durante 20 anos pela R\u00e1dio\nJuazeiro, passou uma temporada na R\u00e1dio Cidade, e hoje, continua sendo exibido\nde segunda a sexta-feira, a partir das 5h da tarde, pela R\u00e1dio Web Juazeiro. <\/p>\n","protected":false},"excerpt":{"rendered":"<p>Para celebrar as quatro d\u00e9cadas do programa de r\u00e1dio Ao Cair da Tarde, o produtor de eventos, Andr\u00e9 Calixto e o Radialista \u00e2ncora do programa, Elias Cruz, ir\u00e3o promover um baile nost\u00e1lgico ao som do bolero, jazz, samba, seresta, romantismo e outros ritmos que ainda hoje permanecem vivos na mem\u00f3ria dos casais, amigos, admiradores e ouvintes do programa relic\u00e1rio do S\u00e3o Francisco.&nbsp; Idealizado em 1979, pelos radialistas, Cl\u00e9sio Romulo Atan\u00e1sio e Elias Cruz, o Ao Cair da Tarde \u00e9 sucesso de audi\u00eancia desde a sua cria\u00e7\u00e3o. Os admiradores do programa esperam entusiasmados para ligar o r\u00e1dio no final da tarde, para ouvirem os inesquec\u00edveis cl\u00e1ssicos nost\u00e1lgicos, eternizados nas vozes de Aguinaldo Tim\u00f3teo, Altemar Dutra, Benito di Paula, Chico Buarque, Clara&hellip; <\/p>\n","protected":false},"author":1,"featured_media":233891,"comment_status":"closed","ping_status":"closed","sticky":false,"template":"","format":"standard","meta":{"_acf_changed":false,"footnotes":""},"categories":[44],"tags":[],"class_list":["post-233890","post","type-post","status-publish","format-standard","has-post-thumbnail","hentry","category-administracao"],"acf":[],"yoast_head":"<!-- This site is optimized with the Yoast SEO plugin v27.4 - https:\/\/yoast.com\/product\/yoast-seo-wordpress\/ -->\n<title>Programa \u2018Ao Cair da Tarde\u2019 celebrar\u00e1 40 anos no ar - Blog do Farn\u00e9sio<\/title>\n<meta name=\"robots\" content=\"index, follow, max-snippet:-1, max-image-preview:large, max-video-preview:-1\" \/>\n<link rel=\"canonical\" href=\"https:\/\/blogdofarnesio.com.br\/?p=233890\" \/>\n<meta property=\"og:locale\" content=\"pt_BR\" \/>\n<meta property=\"og:type\" content=\"article\" \/>\n<meta property=\"og:title\" content=\"Programa \u2018Ao Cair da Tarde\u2019 celebrar\u00e1 40 anos no ar - Blog do Farn\u00e9sio\" \/>\n<meta property=\"og:description\" content=\"Para celebrar as quatro d\u00e9cadas do programa de r\u00e1dio Ao Cair da Tarde, o produtor de eventos, Andr\u00e9 Calixto e o Radialista \u00e2ncora do programa, Elias Cruz, ir\u00e3o promover um baile nost\u00e1lgico ao som do bolero, jazz, samba, seresta, romantismo e outros ritmos que ainda hoje permanecem vivos na mem\u00f3ria dos casais, amigos, admiradores e ouvintes do programa relic\u00e1rio do S\u00e3o Francisco.&nbsp; Idealizado em 1979, pelos radialistas, Cl\u00e9sio Romulo Atan\u00e1sio e Elias Cruz, o Ao Cair da Tarde \u00e9 sucesso de audi\u00eancia desde a sua cria\u00e7\u00e3o. Os admiradores do programa esperam entusiasmados para ligar o r\u00e1dio no final da tarde, para ouvirem os inesquec\u00edveis cl\u00e1ssicos nost\u00e1lgicos, eternizados nas vozes de Aguinaldo Tim\u00f3teo, Altemar Dutra, Benito di Paula, Chico Buarque, Clara&hellip;\" \/>\n<meta property=\"og:url\" content=\"https:\/\/blogdofarnesio.com.br\/?p=233890\" \/>\n<meta property=\"og:site_name\" content=\"Blog do Farn\u00e9sio\" \/>\n<meta property=\"article:publisher\" content=\"https:\/\/www.facebook.com\/BlogQuerSaberPolitica\/\" \/>\n<meta property=\"article:published_time\" content=\"2019-07-26T14:33:08+00:00\" \/>\n<meta property=\"og:image\" content=\"https:\/\/blogdofarnesio.com.br\/wp-content\/uploads\/2019\/07\/blogqsp-Elias-p\u00f4-do-sol.jpeg\" \/>\n\t<meta property=\"og:image:width\" content=\"532\" \/>\n\t<meta property=\"og:image:height\" content=\"391\" \/>\n\t<meta property=\"og:image:type\" content=\"image\/jpeg\" \/>\n<meta name=\"author\" content=\"Farn\u00e9sio\" \/>\n<meta name=\"twitter:card\" content=\"summary_large_image\" \/>\n<meta name=\"twitter:label1\" content=\"Escrito por\" \/>\n\t<meta name=\"twitter:data1\" content=\"Farn\u00e9sio\" \/>\n\t<meta name=\"twitter:label2\" content=\"Est. tempo de leitura\" \/>\n\t<meta name=\"twitter:data2\" content=\"1 minuto\" \/>\n<script type=\"application\/ld+json\" class=\"yoast-schema-graph\">{\"@context\":\"https:\\\/\\\/schema.org\",\"@graph\":[{\"@type\":\"Article\",\"@id\":\"https:\\\/\\\/blogdofarnesio.com.br\\\/?p=233890#article\",\"isPartOf\":{\"@id\":\"https:\\\/\\\/blogdofarnesio.com.br\\\/?p=233890\"},\"author\":{\"name\":\"Farn\u00e9sio\",\"@id\":\"https:\\\/\\\/blogdofarnesio.com.br\\\/#\\\/schema\\\/person\\\/301c4acf522bccbfdb45af95b5b906a1\"},\"headline\":\"Programa \u2018Ao Cair da Tarde\u2019 celebrar\u00e1 40 anos no ar\",\"datePublished\":\"2019-07-26T14:33:08+00:00\",\"mainEntityOfPage\":{\"@id\":\"https:\\\/\\\/blogdofarnesio.com.br\\\/?p=233890\"},\"wordCount\":227,\"publisher\":{\"@id\":\"https:\\\/\\\/blogdofarnesio.com.br\\\/#organization\"},\"image\":{\"@id\":\"https:\\\/\\\/blogdofarnesio.com.br\\\/?p=233890#primaryimage\"},\"thumbnailUrl\":\"https:\\\/\\\/blogdofarnesio.com.br\\\/wp-content\\\/uploads\\\/2019\\\/07\\\/blogqsp-Elias-p\u00f4-do-sol.jpeg\",\"articleSection\":[\"Administra\u00e7\u00e3o\"],\"inLanguage\":\"pt-BR\"},{\"@type\":\"WebPage\",\"@id\":\"https:\\\/\\\/blogdofarnesio.com.br\\\/?p=233890\",\"url\":\"https:\\\/\\\/blogdofarnesio.com.br\\\/?p=233890\",\"name\":\"Programa \u2018Ao Cair da Tarde\u2019 celebrar\u00e1 40 anos no ar - Blog do Farn\u00e9sio\",\"isPartOf\":{\"@id\":\"https:\\\/\\\/blogdofarnesio.com.br\\\/#website\"},\"primaryImageOfPage\":{\"@id\":\"https:\\\/\\\/blogdofarnesio.com.br\\\/?p=233890#primaryimage\"},\"image\":{\"@id\":\"https:\\\/\\\/blogdofarnesio.com.br\\\/?p=233890#primaryimage\"},\"thumbnailUrl\":\"https:\\\/\\\/blogdofarnesio.com.br\\\/wp-content\\\/uploads\\\/2019\\\/07\\\/blogqsp-Elias-p\u00f4-do-sol.jpeg\",\"datePublished\":\"2019-07-26T14:33:08+00:00\",\"breadcrumb\":{\"@id\":\"https:\\\/\\\/blogdofarnesio.com.br\\\/?p=233890#breadcrumb\"},\"inLanguage\":\"pt-BR\",\"potentialAction\":[{\"@type\":\"ReadAction\",\"target\":[\"https:\\\/\\\/blogdofarnesio.com.br\\\/?p=233890\"]}]},{\"@type\":\"ImageObject\",\"inLanguage\":\"pt-BR\",\"@id\":\"https:\\\/\\\/blogdofarnesio.com.br\\\/?p=233890#primaryimage\",\"url\":\"https:\\\/\\\/blogdofarnesio.com.br\\\/wp-content\\\/uploads\\\/2019\\\/07\\\/blogqsp-Elias-p\u00f4-do-sol.jpeg\",\"contentUrl\":\"https:\\\/\\\/blogdofarnesio.com.br\\\/wp-content\\\/uploads\\\/2019\\\/07\\\/blogqsp-Elias-p\u00f4-do-sol.jpeg\",\"width\":532,\"height\":391},{\"@type\":\"BreadcrumbList\",\"@id\":\"https:\\\/\\\/blogdofarnesio.com.br\\\/?p=233890#breadcrumb\",\"itemListElement\":[{\"@type\":\"ListItem\",\"position\":1,\"name\":\"In\u00edcio\",\"item\":\"https:\\\/\\\/blogdofarnesio.com.br\\\/\"},{\"@type\":\"ListItem\",\"position\":2,\"name\":\"Programa \u2018Ao Cair da Tarde\u2019 celebrar\u00e1 40 anos no ar\"}]},{\"@type\":\"WebSite\",\"@id\":\"https:\\\/\\\/blogdofarnesio.com.br\\\/#website\",\"url\":\"https:\\\/\\\/blogdofarnesio.com.br\\\/\",\"name\":\"Blog do Farn\u00e9sio\",\"description\":\"Quer Saber Pol\u00edtica?\",\"publisher\":{\"@id\":\"https:\\\/\\\/blogdofarnesio.com.br\\\/#organization\"},\"potentialAction\":[{\"@type\":\"SearchAction\",\"target\":{\"@type\":\"EntryPoint\",\"urlTemplate\":\"https:\\\/\\\/blogdofarnesio.com.br\\\/?s={search_term_string}\"},\"query-input\":{\"@type\":\"PropertyValueSpecification\",\"valueRequired\":true,\"valueName\":\"search_term_string\"}}],\"inLanguage\":\"pt-BR\"},{\"@type\":\"Organization\",\"@id\":\"https:\\\/\\\/blogdofarnesio.com.br\\\/#organization\",\"name\":\"Blog do Farn\u00e9sio\",\"url\":\"https:\\\/\\\/blogdofarnesio.com.br\\\/\",\"logo\":{\"@type\":\"ImageObject\",\"inLanguage\":\"pt-BR\",\"@id\":\"https:\\\/\\\/blogdofarnesio.com.br\\\/#\\\/schema\\\/logo\\\/image\\\/\",\"url\":\"https:\\\/\\\/blogdofarnesio.com.br\\\/wp-content\\\/uploads\\\/2026\\\/03\\\/cropped-logo_new-1.png\",\"contentUrl\":\"https:\\\/\\\/blogdofarnesio.com.br\\\/wp-content\\\/uploads\\\/2026\\\/03\\\/cropped-logo_new-1.png\",\"width\":881,\"height\":685,\"caption\":\"Blog do Farn\u00e9sio\"},\"image\":{\"@id\":\"https:\\\/\\\/blogdofarnesio.com.br\\\/#\\\/schema\\\/logo\\\/image\\\/\"},\"sameAs\":[\"https:\\\/\\\/www.facebook.com\\\/BlogQuerSaberPolitica\\\/\"]},{\"@type\":\"Person\",\"@id\":\"https:\\\/\\\/blogdofarnesio.com.br\\\/#\\\/schema\\\/person\\\/301c4acf522bccbfdb45af95b5b906a1\",\"name\":\"Farn\u00e9sio\",\"image\":{\"@type\":\"ImageObject\",\"inLanguage\":\"pt-BR\",\"@id\":\"https:\\\/\\\/secure.gravatar.com\\\/avatar\\\/df0c9a14567c056f8ad6876ba5bbd1e3e2c48023eb6807342fc4663adf549f38?s=96&d=mm&r=g\",\"url\":\"https:\\\/\\\/secure.gravatar.com\\\/avatar\\\/df0c9a14567c056f8ad6876ba5bbd1e3e2c48023eb6807342fc4663adf549f38?s=96&d=mm&r=g\",\"contentUrl\":\"https:\\\/\\\/secure.gravatar.com\\\/avatar\\\/df0c9a14567c056f8ad6876ba5bbd1e3e2c48023eb6807342fc4663adf549f38?s=96&d=mm&r=g\",\"caption\":\"Farn\u00e9sio\"},\"sameAs\":[\"https:\\\/\\\/quersaberpolitica.com.br\"],\"url\":\"https:\\\/\\\/blogdofarnesio.com.br\\\/?author=1\"}]}<\/script>\n<!-- \/ Yoast SEO plugin. -->","yoast_head_json":{"title":"Programa \u2018Ao Cair da Tarde\u2019 celebrar\u00e1 40 anos no ar - Blog do Farn\u00e9sio","robots":{"index":"index","follow":"follow","max-snippet":"max-snippet:-1","max-image-preview":"max-image-preview:large","max-video-preview":"max-video-preview:-1"},"canonical":"https:\/\/blogdofarnesio.com.br\/?p=233890","og_locale":"pt_BR","og_type":"article","og_title":"Programa \u2018Ao Cair da Tarde\u2019 celebrar\u00e1 40 anos no ar - Blog do Farn\u00e9sio","og_description":"Para celebrar as quatro d\u00e9cadas do programa de r\u00e1dio Ao Cair da Tarde, o produtor de eventos, Andr\u00e9 Calixto e o Radialista \u00e2ncora do programa, Elias Cruz, ir\u00e3o promover um baile nost\u00e1lgico ao som do bolero, jazz, samba, seresta, romantismo e outros ritmos que ainda hoje permanecem vivos na mem\u00f3ria dos casais, amigos, admiradores e ouvintes do programa relic\u00e1rio do S\u00e3o Francisco.&nbsp; Idealizado em 1979, pelos radialistas, Cl\u00e9sio Romulo Atan\u00e1sio e Elias Cruz, o Ao Cair da Tarde \u00e9 sucesso de audi\u00eancia desde a sua cria\u00e7\u00e3o. Os admiradores do programa esperam entusiasmados para ligar o r\u00e1dio no final da tarde, para ouvirem os inesquec\u00edveis cl\u00e1ssicos nost\u00e1lgicos, eternizados nas vozes de Aguinaldo Tim\u00f3teo, Altemar Dutra, Benito di Paula, Chico Buarque, Clara&hellip;","og_url":"https:\/\/blogdofarnesio.com.br\/?p=233890","og_site_name":"Blog do Farn\u00e9sio","article_publisher":"https:\/\/www.facebook.com\/BlogQuerSaberPolitica\/","article_published_time":"2019-07-26T14:33:08+00:00","og_image":[{"width":532,"height":391,"url":"https:\/\/blogdofarnesio.com.br\/wp-content\/uploads\/2019\/07\/blogqsp-Elias-p\u00f4-do-sol.jpeg","type":"image\/jpeg"}],"author":"Farn\u00e9sio","twitter_card":"summary_large_image","twitter_misc":{"Escrito por":"Farn\u00e9sio","Est. tempo de leitura":"1 minuto"},"schema":{"@context":"https:\/\/schema.org","@graph":[{"@type":"Article","@id":"https:\/\/blogdofarnesio.com.br\/?p=233890#article","isPartOf":{"@id":"https:\/\/blogdofarnesio.com.br\/?p=233890"},"author":{"name":"Farn\u00e9sio","@id":"https:\/\/blogdofarnesio.com.br\/#\/schema\/person\/301c4acf522bccbfdb45af95b5b906a1"},"headline":"Programa \u2018Ao Cair da Tarde\u2019 celebrar\u00e1 40 anos no ar","datePublished":"2019-07-26T14:33:08+00:00","mainEntityOfPage":{"@id":"https:\/\/blogdofarnesio.com.br\/?p=233890"},"wordCount":227,"publisher":{"@id":"https:\/\/blogdofarnesio.com.br\/#organization"},"image":{"@id":"https:\/\/blogdofarnesio.com.br\/?p=233890#primaryimage"},"thumbnailUrl":"https:\/\/blogdofarnesio.com.br\/wp-content\/uploads\/2019\/07\/blogqsp-Elias-p\u00f4-do-sol.jpeg","articleSection":["Administra\u00e7\u00e3o"],"inLanguage":"pt-BR"},{"@type":"WebPage","@id":"https:\/\/blogdofarnesio.com.br\/?p=233890","url":"https:\/\/blogdofarnesio.com.br\/?p=233890","name":"Programa \u2018Ao Cair da Tarde\u2019 celebrar\u00e1 40 anos no ar - Blog do Farn\u00e9sio","isPartOf":{"@id":"https:\/\/blogdofarnesio.com.br\/#website"},"primaryImageOfPage":{"@id":"https:\/\/blogdofarnesio.com.br\/?p=233890#primaryimage"},"image":{"@id":"https:\/\/blogdofarnesio.com.br\/?p=233890#primaryimage"},"thumbnailUrl":"https:\/\/blogdofarnesio.com.br\/wp-content\/uploads\/2019\/07\/blogqsp-Elias-p\u00f4-do-sol.jpeg","datePublished":"2019-07-26T14:33:08+00:00","breadcrumb":{"@id":"https:\/\/blogdofarnesio.com.br\/?p=233890#breadcrumb"},"inLanguage":"pt-BR","potentialAction":[{"@type":"ReadAction","target":["https:\/\/blogdofarnesio.com.br\/?p=233890"]}]},{"@type":"ImageObject","inLanguage":"pt-BR","@id":"https:\/\/blogdofarnesio.com.br\/?p=233890#primaryimage","url":"https:\/\/blogdofarnesio.com.br\/wp-content\/uploads\/2019\/07\/blogqsp-Elias-p\u00f4-do-sol.jpeg","contentUrl":"https:\/\/blogdofarnesio.com.br\/wp-content\/uploads\/2019\/07\/blogqsp-Elias-p\u00f4-do-sol.jpeg","width":532,"height":391},{"@type":"BreadcrumbList","@id":"https:\/\/blogdofarnesio.com.br\/?p=233890#breadcrumb","itemListElement":[{"@type":"ListItem","position":1,"name":"In\u00edcio","item":"https:\/\/blogdofarnesio.com.br\/"},{"@type":"ListItem","position":2,"name":"Programa \u2018Ao Cair da Tarde\u2019 celebrar\u00e1 40 anos no ar"}]},{"@type":"WebSite","@id":"https:\/\/blogdofarnesio.com.br\/#website","url":"https:\/\/blogdofarnesio.com.br\/","name":"Blog do Farn\u00e9sio","description":"Quer Saber Pol\u00edtica?","publisher":{"@id":"https:\/\/blogdofarnesio.com.br\/#organization"},"potentialAction":[{"@type":"SearchAction","target":{"@type":"EntryPoint","urlTemplate":"https:\/\/blogdofarnesio.com.br\/?s={search_term_string}"},"query-input":{"@type":"PropertyValueSpecification","valueRequired":true,"valueName":"search_term_string"}}],"inLanguage":"pt-BR"},{"@type":"Organization","@id":"https:\/\/blogdofarnesio.com.br\/#organization","name":"Blog do Farn\u00e9sio","url":"https:\/\/blogdofarnesio.com.br\/","logo":{"@type":"ImageObject","inLanguage":"pt-BR","@id":"https:\/\/blogdofarnesio.com.br\/#\/schema\/logo\/image\/","url":"https:\/\/blogdofarnesio.com.br\/wp-content\/uploads\/2026\/03\/cropped-logo_new-1.png","contentUrl":"https:\/\/blogdofarnesio.com.br\/wp-content\/uploads\/2026\/03\/cropped-logo_new-1.png","width":881,"height":685,"caption":"Blog do Farn\u00e9sio"},"image":{"@id":"https:\/\/blogdofarnesio.com.br\/#\/schema\/logo\/image\/"},"sameAs":["https:\/\/www.facebook.com\/BlogQuerSaberPolitica\/"]},{"@type":"Person","@id":"https:\/\/blogdofarnesio.com.br\/#\/schema\/person\/301c4acf522bccbfdb45af95b5b906a1","name":"Farn\u00e9sio","image":{"@type":"ImageObject","inLanguage":"pt-BR","@id":"https:\/\/secure.gravatar.com\/avatar\/df0c9a14567c056f8ad6876ba5bbd1e3e2c48023eb6807342fc4663adf549f38?s=96&d=mm&r=g","url":"https:\/\/secure.gravatar.com\/avatar\/df0c9a14567c056f8ad6876ba5bbd1e3e2c48023eb6807342fc4663adf549f38?s=96&d=mm&r=g","contentUrl":"https:\/\/secure.gravatar.com\/avatar\/df0c9a14567c056f8ad6876ba5bbd1e3e2c48023eb6807342fc4663adf549f38?s=96&d=mm&r=g","caption":"Farn\u00e9sio"},"sameAs":["https:\/\/quersaberpolitica.com.br"],"url":"https:\/\/blogdofarnesio.com.br\/?author=1"}]}},"_links":{"self":[{"href":"https:\/\/blogdofarnesio.com.br\/index.php?rest_route=\/wp\/v2\/posts\/233890","targetHints":{"allow":["GET"]}}],"collection":[{"href":"https:\/\/blogdofarnesio.com.br\/index.php?rest_route=\/wp\/v2\/posts"}],"about":[{"href":"https:\/\/blogdofarnesio.com.br\/index.php?rest_route=\/wp\/v2\/types\/post"}],"author":[{"embeddable":true,"href":"https:\/\/blogdofarnesio.com.br\/index.php?rest_route=\/wp\/v2\/users\/1"}],"replies":[{"embeddable":true,"href":"https:\/\/blogdofarnesio.com.br\/index.php?rest_route=%2Fwp%2Fv2%2Fcomments&post=233890"}],"version-history":[{"count":0,"href":"https:\/\/blogdofarnesio.com.br\/index.php?rest_route=\/wp\/v2\/posts\/233890\/revisions"}],"wp:featuredmedia":[{"embeddable":true,"href":"https:\/\/blogdofarnesio.com.br\/index.php?rest_route=\/wp\/v2\/media\/233891"}],"wp:attachment":[{"href":"https:\/\/blogdofarnesio.com.br\/index.php?rest_route=%2Fwp%2Fv2%2Fmedia&parent=233890"}],"wp:term":[{"taxonomy":"category","embeddable":true,"href":"https:\/\/blogdofarnesio.com.br\/index.php?rest_route=%2Fwp%2Fv2%2Fcategories&post=233890"},{"taxonomy":"post_tag","embeddable":true,"href":"https:\/\/blogdofarnesio.com.br\/index.php?rest_route=%2Fwp%2Fv2%2Ftags&post=233890"}],"curies":[{"name":"wp","href":"https:\/\/api.w.org\/{rel}","templated":true}]}}