{"id":233844,"date":"2019-07-25T17:33:14","date_gmt":"2019-07-25T20:33:14","guid":{"rendered":"http:\/\/quersaberpolitica.com.br\/2016\/?p=233844"},"modified":"2019-07-25T16:52:09","modified_gmt":"2019-07-25T19:52:09","slug":"ban","status":"publish","type":"post","link":"https:\/\/blogdofarnesio.com.br\/?p=233844","title":{"rendered":"Pol\u00edcia procura Bandido que armado fez arrast\u00e3o, matou um e fere outro em Sr. do Bonfim"},"content":{"rendered":"\n<p>Moradores do Bairro do Mercado em Sr. do Bonfim viveram momentos de medo e muita tens\u00e3o na noite dessa quarta (24), quando um elemento ainda n\u00e3o identificado, promoveu um verdadeiro arrast\u00e3o, roubando celulares de pelo menos tr\u00eas pessoas.<\/p>\n\n\n\n<figure class=\"wp-block-image\"><img decoding=\"async\" src=\"http:\/\/bonfimnoticias.com\/site\/wp-content\/uploads\/2019\/07\/Roni-e1564057082426.jpg\" alt=\"\" class=\"wp-image-142695\"\/><\/figure>\n\n\n\n<ul class=\"wp-block-list\"><li><\/li><\/ul>\n\n\n\n<p>Na a\u00e7\u00e3o criminosa, o assaltante disparou dois tiros nas proximidades de um bar, pr\u00f3ximo ao Mercado Municipal, atingindo Ronaldo Salles, de 38 anos, mais conhecido como Roni, morador do Alto do Cigano. O Samu foi acionado, mas ao chegar no local verificou que Roni j\u00e1 estava morto.<\/p>\n\n\n\n<figure class=\"wp-block-image\"><img decoding=\"async\" src=\"http:\/\/bonfimnoticias.com\/site\/wp-content\/uploads\/2019\/07\/feitosa.jpg\" alt=\"\" class=\"wp-image-142698\"\/><figcaption>Feitosa \u2013 funcion\u00e1rio da Prefeitura Municipal<\/figcaption><\/figure>\n\n\n\n<p>Uma segunda v\u00edtima que estava dentro do bar do Coelho, identificado por Feitosa, funcion\u00e1rio da prefeitura Municipal de Senhor do Bonfim, lotado na Secretaria de Educa\u00e7\u00e3o, tamb\u00e9m foi baleado, sendo socorrido para o Hospital Dom Ant\u00f4nio Monteiro e n\u00e3o corre risco de morte.<\/p>\n\n\n\n<p>A Pol\u00edcia Militar esteve no local aguardando a equipe de agentes e peritos do Departamento de Pol\u00edcia T\u00e9cnica (DPT), que estiveram no local para os procedimentos necess\u00e1rios. O crime ser\u00e1 investigado pela Pol\u00edcia Civil de Senhor do Bonfim.<\/p>\n\n\n\n<p>Policiais fizeram dilig\u00eancias no sentido de identificar, localizar e prender o autor dos disparos que matou uma pessoa e feriu outra<\/p>\n","protected":false},"excerpt":{"rendered":"<p>Moradores do Bairro do Mercado em Sr. do Bonfim viveram momentos de medo e muita tens\u00e3o na noite dessa quarta (24), quando um elemento ainda n\u00e3o identificado, promoveu um verdadeiro arrast\u00e3o, roubando celulares de pelo menos tr\u00eas pessoas. Na a\u00e7\u00e3o criminosa, o assaltante disparou dois tiros nas proximidades de um bar, pr\u00f3ximo ao Mercado Municipal, atingindo Ronaldo Salles, de 38 anos, mais conhecido como Roni, morador do Alto do Cigano. O Samu foi acionado, mas ao chegar no local verificou que Roni j\u00e1 estava morto. Uma segunda v\u00edtima que estava dentro do bar do Coelho, identificado por Feitosa, funcion\u00e1rio da prefeitura Municipal de Senhor do Bonfim, lotado na Secretaria de Educa\u00e7\u00e3o, tamb\u00e9m foi baleado, sendo socorrido para o Hospital Dom&hellip; <\/p>\n","protected":false},"author":1,"featured_media":233869,"comment_status":"closed","ping_status":"closed","sticky":false,"template":"","format":"standard","meta":{"_acf_changed":false,"footnotes":""},"categories":[27,9],"tags":[],"class_list":["post-233844","post","type-post","status-publish","format-standard","has-post-thumbnail","hentry","category-cidades","category-policia"],"acf":[],"yoast_head":"<!-- This site is optimized with the Yoast SEO plugin v27.4 - https:\/\/yoast.com\/product\/yoast-seo-wordpress\/ -->\n<title>Pol\u00edcia procura Bandido que armado fez arrast\u00e3o, matou um e fere outro em Sr. do Bonfim - Blog do Farn\u00e9sio<\/title>\n<meta name=\"robots\" content=\"index, follow, max-snippet:-1, max-image-preview:large, max-video-preview:-1\" \/>\n<link rel=\"canonical\" href=\"https:\/\/blogdofarnesio.com.br\/?p=233844\" \/>\n<meta property=\"og:locale\" content=\"pt_BR\" \/>\n<meta property=\"og:type\" content=\"article\" \/>\n<meta property=\"og:title\" content=\"Pol\u00edcia procura Bandido que armado fez arrast\u00e3o, matou um e fere outro em Sr. do Bonfim - Blog do Farn\u00e9sio\" \/>\n<meta property=\"og:description\" content=\"Moradores do Bairro do Mercado em Sr. do Bonfim viveram momentos de medo e muita tens\u00e3o na noite dessa quarta (24), quando um elemento ainda n\u00e3o identificado, promoveu um verdadeiro arrast\u00e3o, roubando celulares de pelo menos tr\u00eas pessoas. Na a\u00e7\u00e3o criminosa, o assaltante disparou dois tiros nas proximidades de um bar, pr\u00f3ximo ao Mercado Municipal, atingindo Ronaldo Salles, de 38 anos, mais conhecido como Roni, morador do Alto do Cigano. O Samu foi acionado, mas ao chegar no local verificou que Roni j\u00e1 estava morto. Uma segunda v\u00edtima que estava dentro do bar do Coelho, identificado por Feitosa, funcion\u00e1rio da prefeitura Municipal de Senhor do Bonfim, lotado na Secretaria de Educa\u00e7\u00e3o, tamb\u00e9m foi baleado, sendo socorrido para o Hospital Dom&hellip;\" \/>\n<meta property=\"og:url\" content=\"https:\/\/blogdofarnesio.com.br\/?p=233844\" \/>\n<meta property=\"og:site_name\" content=\"Blog do Farn\u00e9sio\" \/>\n<meta property=\"article:publisher\" content=\"https:\/\/www.facebook.com\/BlogQuerSaberPolitica\/\" \/>\n<meta property=\"article:published_time\" content=\"2019-07-25T20:33:14+00:00\" \/>\n<meta property=\"og:image\" content=\"https:\/\/blogdofarnesio.com.br\/wp-content\/uploads\/2019\/07\/blogqspsrdobonfim-RONE.jpg\" \/>\n\t<meta property=\"og:image:width\" content=\"523\" \/>\n\t<meta property=\"og:image:height\" content=\"321\" \/>\n\t<meta property=\"og:image:type\" content=\"image\/jpeg\" \/>\n<meta name=\"author\" content=\"Farn\u00e9sio\" \/>\n<meta name=\"twitter:card\" content=\"summary_large_image\" \/>\n<meta name=\"twitter:label1\" content=\"Escrito por\" \/>\n\t<meta name=\"twitter:data1\" content=\"Farn\u00e9sio\" \/>\n\t<meta name=\"twitter:label2\" content=\"Est. tempo de leitura\" \/>\n\t<meta name=\"twitter:data2\" content=\"1 minuto\" \/>\n<script type=\"application\/ld+json\" class=\"yoast-schema-graph\">{\"@context\":\"https:\\\/\\\/schema.org\",\"@graph\":[{\"@type\":\"Article\",\"@id\":\"https:\\\/\\\/blogdofarnesio.com.br\\\/?p=233844#article\",\"isPartOf\":{\"@id\":\"https:\\\/\\\/blogdofarnesio.com.br\\\/?p=233844\"},\"author\":{\"name\":\"Farn\u00e9sio\",\"@id\":\"https:\\\/\\\/blogdofarnesio.com.br\\\/#\\\/schema\\\/person\\\/301c4acf522bccbfdb45af95b5b906a1\"},\"headline\":\"Pol\u00edcia procura Bandido que armado fez arrast\u00e3o, matou um e fere outro em Sr. do Bonfim\",\"datePublished\":\"2019-07-25T20:33:14+00:00\",\"mainEntityOfPage\":{\"@id\":\"https:\\\/\\\/blogdofarnesio.com.br\\\/?p=233844\"},\"wordCount\":227,\"publisher\":{\"@id\":\"https:\\\/\\\/blogdofarnesio.com.br\\\/#organization\"},\"image\":{\"@id\":\"https:\\\/\\\/blogdofarnesio.com.br\\\/?p=233844#primaryimage\"},\"thumbnailUrl\":\"https:\\\/\\\/blogdofarnesio.com.br\\\/wp-content\\\/uploads\\\/2019\\\/07\\\/blogqspsrdobonfim-RONE.jpg\",\"articleSection\":[\"Cidades\",\"Pol\u00edcia\"],\"inLanguage\":\"pt-BR\"},{\"@type\":\"WebPage\",\"@id\":\"https:\\\/\\\/blogdofarnesio.com.br\\\/?p=233844\",\"url\":\"https:\\\/\\\/blogdofarnesio.com.br\\\/?p=233844\",\"name\":\"Pol\u00edcia procura Bandido que armado fez arrast\u00e3o, matou um e fere outro em Sr. do Bonfim - Blog do Farn\u00e9sio\",\"isPartOf\":{\"@id\":\"https:\\\/\\\/blogdofarnesio.com.br\\\/#website\"},\"primaryImageOfPage\":{\"@id\":\"https:\\\/\\\/blogdofarnesio.com.br\\\/?p=233844#primaryimage\"},\"image\":{\"@id\":\"https:\\\/\\\/blogdofarnesio.com.br\\\/?p=233844#primaryimage\"},\"thumbnailUrl\":\"https:\\\/\\\/blogdofarnesio.com.br\\\/wp-content\\\/uploads\\\/2019\\\/07\\\/blogqspsrdobonfim-RONE.jpg\",\"datePublished\":\"2019-07-25T20:33:14+00:00\",\"breadcrumb\":{\"@id\":\"https:\\\/\\\/blogdofarnesio.com.br\\\/?p=233844#breadcrumb\"},\"inLanguage\":\"pt-BR\",\"potentialAction\":[{\"@type\":\"ReadAction\",\"target\":[\"https:\\\/\\\/blogdofarnesio.com.br\\\/?p=233844\"]}]},{\"@type\":\"ImageObject\",\"inLanguage\":\"pt-BR\",\"@id\":\"https:\\\/\\\/blogdofarnesio.com.br\\\/?p=233844#primaryimage\",\"url\":\"https:\\\/\\\/blogdofarnesio.com.br\\\/wp-content\\\/uploads\\\/2019\\\/07\\\/blogqspsrdobonfim-RONE.jpg\",\"contentUrl\":\"https:\\\/\\\/blogdofarnesio.com.br\\\/wp-content\\\/uploads\\\/2019\\\/07\\\/blogqspsrdobonfim-RONE.jpg\",\"width\":523,\"height\":321},{\"@type\":\"BreadcrumbList\",\"@id\":\"https:\\\/\\\/blogdofarnesio.com.br\\\/?p=233844#breadcrumb\",\"itemListElement\":[{\"@type\":\"ListItem\",\"position\":1,\"name\":\"In\u00edcio\",\"item\":\"https:\\\/\\\/blogdofarnesio.com.br\\\/\"},{\"@type\":\"ListItem\",\"position\":2,\"name\":\"Pol\u00edcia procura Bandido que armado fez arrast\u00e3o, matou um e fere outro em Sr. do Bonfim\"}]},{\"@type\":\"WebSite\",\"@id\":\"https:\\\/\\\/blogdofarnesio.com.br\\\/#website\",\"url\":\"https:\\\/\\\/blogdofarnesio.com.br\\\/\",\"name\":\"Blog do Farn\u00e9sio\",\"description\":\"Quer Saber Pol\u00edtica?\",\"publisher\":{\"@id\":\"https:\\\/\\\/blogdofarnesio.com.br\\\/#organization\"},\"potentialAction\":[{\"@type\":\"SearchAction\",\"target\":{\"@type\":\"EntryPoint\",\"urlTemplate\":\"https:\\\/\\\/blogdofarnesio.com.br\\\/?s={search_term_string}\"},\"query-input\":{\"@type\":\"PropertyValueSpecification\",\"valueRequired\":true,\"valueName\":\"search_term_string\"}}],\"inLanguage\":\"pt-BR\"},{\"@type\":\"Organization\",\"@id\":\"https:\\\/\\\/blogdofarnesio.com.br\\\/#organization\",\"name\":\"Blog do Farn\u00e9sio\",\"url\":\"https:\\\/\\\/blogdofarnesio.com.br\\\/\",\"logo\":{\"@type\":\"ImageObject\",\"inLanguage\":\"pt-BR\",\"@id\":\"https:\\\/\\\/blogdofarnesio.com.br\\\/#\\\/schema\\\/logo\\\/image\\\/\",\"url\":\"https:\\\/\\\/blogdofarnesio.com.br\\\/wp-content\\\/uploads\\\/2026\\\/03\\\/cropped-logo_new-1.png\",\"contentUrl\":\"https:\\\/\\\/blogdofarnesio.com.br\\\/wp-content\\\/uploads\\\/2026\\\/03\\\/cropped-logo_new-1.png\",\"width\":881,\"height\":685,\"caption\":\"Blog do Farn\u00e9sio\"},\"image\":{\"@id\":\"https:\\\/\\\/blogdofarnesio.com.br\\\/#\\\/schema\\\/logo\\\/image\\\/\"},\"sameAs\":[\"https:\\\/\\\/www.facebook.com\\\/BlogQuerSaberPolitica\\\/\"]},{\"@type\":\"Person\",\"@id\":\"https:\\\/\\\/blogdofarnesio.com.br\\\/#\\\/schema\\\/person\\\/301c4acf522bccbfdb45af95b5b906a1\",\"name\":\"Farn\u00e9sio\",\"image\":{\"@type\":\"ImageObject\",\"inLanguage\":\"pt-BR\",\"@id\":\"https:\\\/\\\/secure.gravatar.com\\\/avatar\\\/df0c9a14567c056f8ad6876ba5bbd1e3e2c48023eb6807342fc4663adf549f38?s=96&d=mm&r=g\",\"url\":\"https:\\\/\\\/secure.gravatar.com\\\/avatar\\\/df0c9a14567c056f8ad6876ba5bbd1e3e2c48023eb6807342fc4663adf549f38?s=96&d=mm&r=g\",\"contentUrl\":\"https:\\\/\\\/secure.gravatar.com\\\/avatar\\\/df0c9a14567c056f8ad6876ba5bbd1e3e2c48023eb6807342fc4663adf549f38?s=96&d=mm&r=g\",\"caption\":\"Farn\u00e9sio\"},\"sameAs\":[\"https:\\\/\\\/quersaberpolitica.com.br\"],\"url\":\"https:\\\/\\\/blogdofarnesio.com.br\\\/?author=1\"}]}<\/script>\n<!-- \/ Yoast SEO plugin. -->","yoast_head_json":{"title":"Pol\u00edcia procura Bandido que armado fez arrast\u00e3o, matou um e fere outro em Sr. do Bonfim - Blog do Farn\u00e9sio","robots":{"index":"index","follow":"follow","max-snippet":"max-snippet:-1","max-image-preview":"max-image-preview:large","max-video-preview":"max-video-preview:-1"},"canonical":"https:\/\/blogdofarnesio.com.br\/?p=233844","og_locale":"pt_BR","og_type":"article","og_title":"Pol\u00edcia procura Bandido que armado fez arrast\u00e3o, matou um e fere outro em Sr. do Bonfim - Blog do Farn\u00e9sio","og_description":"Moradores do Bairro do Mercado em Sr. do Bonfim viveram momentos de medo e muita tens\u00e3o na noite dessa quarta (24), quando um elemento ainda n\u00e3o identificado, promoveu um verdadeiro arrast\u00e3o, roubando celulares de pelo menos tr\u00eas pessoas. Na a\u00e7\u00e3o criminosa, o assaltante disparou dois tiros nas proximidades de um bar, pr\u00f3ximo ao Mercado Municipal, atingindo Ronaldo Salles, de 38 anos, mais conhecido como Roni, morador do Alto do Cigano. O Samu foi acionado, mas ao chegar no local verificou que Roni j\u00e1 estava morto. Uma segunda v\u00edtima que estava dentro do bar do Coelho, identificado por Feitosa, funcion\u00e1rio da prefeitura Municipal de Senhor do Bonfim, lotado na Secretaria de Educa\u00e7\u00e3o, tamb\u00e9m foi baleado, sendo socorrido para o Hospital Dom&hellip;","og_url":"https:\/\/blogdofarnesio.com.br\/?p=233844","og_site_name":"Blog do Farn\u00e9sio","article_publisher":"https:\/\/www.facebook.com\/BlogQuerSaberPolitica\/","article_published_time":"2019-07-25T20:33:14+00:00","og_image":[{"width":523,"height":321,"url":"https:\/\/blogdofarnesio.com.br\/wp-content\/uploads\/2019\/07\/blogqspsrdobonfim-RONE.jpg","type":"image\/jpeg"}],"author":"Farn\u00e9sio","twitter_card":"summary_large_image","twitter_misc":{"Escrito por":"Farn\u00e9sio","Est. tempo de leitura":"1 minuto"},"schema":{"@context":"https:\/\/schema.org","@graph":[{"@type":"Article","@id":"https:\/\/blogdofarnesio.com.br\/?p=233844#article","isPartOf":{"@id":"https:\/\/blogdofarnesio.com.br\/?p=233844"},"author":{"name":"Farn\u00e9sio","@id":"https:\/\/blogdofarnesio.com.br\/#\/schema\/person\/301c4acf522bccbfdb45af95b5b906a1"},"headline":"Pol\u00edcia procura Bandido que armado fez arrast\u00e3o, matou um e fere outro em Sr. do Bonfim","datePublished":"2019-07-25T20:33:14+00:00","mainEntityOfPage":{"@id":"https:\/\/blogdofarnesio.com.br\/?p=233844"},"wordCount":227,"publisher":{"@id":"https:\/\/blogdofarnesio.com.br\/#organization"},"image":{"@id":"https:\/\/blogdofarnesio.com.br\/?p=233844#primaryimage"},"thumbnailUrl":"https:\/\/blogdofarnesio.com.br\/wp-content\/uploads\/2019\/07\/blogqspsrdobonfim-RONE.jpg","articleSection":["Cidades","Pol\u00edcia"],"inLanguage":"pt-BR"},{"@type":"WebPage","@id":"https:\/\/blogdofarnesio.com.br\/?p=233844","url":"https:\/\/blogdofarnesio.com.br\/?p=233844","name":"Pol\u00edcia procura Bandido que armado fez arrast\u00e3o, matou um e fere outro em Sr. do Bonfim - Blog do Farn\u00e9sio","isPartOf":{"@id":"https:\/\/blogdofarnesio.com.br\/#website"},"primaryImageOfPage":{"@id":"https:\/\/blogdofarnesio.com.br\/?p=233844#primaryimage"},"image":{"@id":"https:\/\/blogdofarnesio.com.br\/?p=233844#primaryimage"},"thumbnailUrl":"https:\/\/blogdofarnesio.com.br\/wp-content\/uploads\/2019\/07\/blogqspsrdobonfim-RONE.jpg","datePublished":"2019-07-25T20:33:14+00:00","breadcrumb":{"@id":"https:\/\/blogdofarnesio.com.br\/?p=233844#breadcrumb"},"inLanguage":"pt-BR","potentialAction":[{"@type":"ReadAction","target":["https:\/\/blogdofarnesio.com.br\/?p=233844"]}]},{"@type":"ImageObject","inLanguage":"pt-BR","@id":"https:\/\/blogdofarnesio.com.br\/?p=233844#primaryimage","url":"https:\/\/blogdofarnesio.com.br\/wp-content\/uploads\/2019\/07\/blogqspsrdobonfim-RONE.jpg","contentUrl":"https:\/\/blogdofarnesio.com.br\/wp-content\/uploads\/2019\/07\/blogqspsrdobonfim-RONE.jpg","width":523,"height":321},{"@type":"BreadcrumbList","@id":"https:\/\/blogdofarnesio.com.br\/?p=233844#breadcrumb","itemListElement":[{"@type":"ListItem","position":1,"name":"In\u00edcio","item":"https:\/\/blogdofarnesio.com.br\/"},{"@type":"ListItem","position":2,"name":"Pol\u00edcia procura Bandido que armado fez arrast\u00e3o, matou um e fere outro em Sr. do Bonfim"}]},{"@type":"WebSite","@id":"https:\/\/blogdofarnesio.com.br\/#website","url":"https:\/\/blogdofarnesio.com.br\/","name":"Blog do Farn\u00e9sio","description":"Quer Saber Pol\u00edtica?","publisher":{"@id":"https:\/\/blogdofarnesio.com.br\/#organization"},"potentialAction":[{"@type":"SearchAction","target":{"@type":"EntryPoint","urlTemplate":"https:\/\/blogdofarnesio.com.br\/?s={search_term_string}"},"query-input":{"@type":"PropertyValueSpecification","valueRequired":true,"valueName":"search_term_string"}}],"inLanguage":"pt-BR"},{"@type":"Organization","@id":"https:\/\/blogdofarnesio.com.br\/#organization","name":"Blog do Farn\u00e9sio","url":"https:\/\/blogdofarnesio.com.br\/","logo":{"@type":"ImageObject","inLanguage":"pt-BR","@id":"https:\/\/blogdofarnesio.com.br\/#\/schema\/logo\/image\/","url":"https:\/\/blogdofarnesio.com.br\/wp-content\/uploads\/2026\/03\/cropped-logo_new-1.png","contentUrl":"https:\/\/blogdofarnesio.com.br\/wp-content\/uploads\/2026\/03\/cropped-logo_new-1.png","width":881,"height":685,"caption":"Blog do Farn\u00e9sio"},"image":{"@id":"https:\/\/blogdofarnesio.com.br\/#\/schema\/logo\/image\/"},"sameAs":["https:\/\/www.facebook.com\/BlogQuerSaberPolitica\/"]},{"@type":"Person","@id":"https:\/\/blogdofarnesio.com.br\/#\/schema\/person\/301c4acf522bccbfdb45af95b5b906a1","name":"Farn\u00e9sio","image":{"@type":"ImageObject","inLanguage":"pt-BR","@id":"https:\/\/secure.gravatar.com\/avatar\/df0c9a14567c056f8ad6876ba5bbd1e3e2c48023eb6807342fc4663adf549f38?s=96&d=mm&r=g","url":"https:\/\/secure.gravatar.com\/avatar\/df0c9a14567c056f8ad6876ba5bbd1e3e2c48023eb6807342fc4663adf549f38?s=96&d=mm&r=g","contentUrl":"https:\/\/secure.gravatar.com\/avatar\/df0c9a14567c056f8ad6876ba5bbd1e3e2c48023eb6807342fc4663adf549f38?s=96&d=mm&r=g","caption":"Farn\u00e9sio"},"sameAs":["https:\/\/quersaberpolitica.com.br"],"url":"https:\/\/blogdofarnesio.com.br\/?author=1"}]}},"_links":{"self":[{"href":"https:\/\/blogdofarnesio.com.br\/index.php?rest_route=\/wp\/v2\/posts\/233844","targetHints":{"allow":["GET"]}}],"collection":[{"href":"https:\/\/blogdofarnesio.com.br\/index.php?rest_route=\/wp\/v2\/posts"}],"about":[{"href":"https:\/\/blogdofarnesio.com.br\/index.php?rest_route=\/wp\/v2\/types\/post"}],"author":[{"embeddable":true,"href":"https:\/\/blogdofarnesio.com.br\/index.php?rest_route=\/wp\/v2\/users\/1"}],"replies":[{"embeddable":true,"href":"https:\/\/blogdofarnesio.com.br\/index.php?rest_route=%2Fwp%2Fv2%2Fcomments&post=233844"}],"version-history":[{"count":0,"href":"https:\/\/blogdofarnesio.com.br\/index.php?rest_route=\/wp\/v2\/posts\/233844\/revisions"}],"wp:featuredmedia":[{"embeddable":true,"href":"https:\/\/blogdofarnesio.com.br\/index.php?rest_route=\/wp\/v2\/media\/233869"}],"wp:attachment":[{"href":"https:\/\/blogdofarnesio.com.br\/index.php?rest_route=%2Fwp%2Fv2%2Fmedia&parent=233844"}],"wp:term":[{"taxonomy":"category","embeddable":true,"href":"https:\/\/blogdofarnesio.com.br\/index.php?rest_route=%2Fwp%2Fv2%2Fcategories&post=233844"},{"taxonomy":"post_tag","embeddable":true,"href":"https:\/\/blogdofarnesio.com.br\/index.php?rest_route=%2Fwp%2Fv2%2Ftags&post=233844"}],"curies":[{"name":"wp","href":"https:\/\/api.w.org\/{rel}","templated":true}]}}