{"id":233506,"date":"2019-07-22T08:20:37","date_gmt":"2019-07-22T11:20:37","guid":{"rendered":"http:\/\/quersaberpolitica.com.br\/2016\/?p=233506"},"modified":"2019-07-21T19:00:15","modified_gmt":"2019-07-21T22:00:15","slug":"detr","status":"publish","type":"post","link":"https:\/\/blogdofarnesio.com.br\/?p=233506","title":{"rendered":"Leitor lamento abandono e mal atendimento na Ciretran de Juazeiro"},"content":{"rendered":"\n<p><strong>Josaf\u00e1 Mota<\/strong> &#8211; <\/p>\n\n\n\n<p><\/p>\n\n\n\n<p>Ontem(20) visitei o 8\u2022 CIRETRAN de Juazeiro, \u00e9 triste saber a atual situa\u00e7\u00e3o de um dos \u00f3rg\u00e3os mais importantes do Governo do Estado da Bahia, dezenas de pessoas v\u00e3o para o setor de habilita\u00e7\u00e3o e se deparam com um aviso que os servi\u00e7os de Renova\u00e7\u00e3o de habilita\u00e7\u00e3o e aquisi\u00e7\u00e3o foram transferidos para o SAC, que causa um grande infort\u00fanio.<\/p>\n\n\n\n<p>L\u00e1 as filas enormes, estacionamento \u00e9 cobrado que \u00e9 outro absurdo! Al\u00e9m de n\u00e3o se justificar essa tal mudan\u00e7a, sabendo as dificuldades do atual cen\u00e1rio brasileiro permeado pela desigualdade e falta de oportunidades da garantia de direitos m\u00ednimos para um atendimento de qualidade.<\/p>\n\n\n\n<p>Vou notificar atrav\u00e9s de um of\u00edcio o Governador Rui Costa sobre a situa\u00e7\u00e3o dessa decis\u00e3o administrativa, al\u00e9m de reiterar os of\u00edcios que encaminhei para o deputado Roberto Carlos solicitando melhorias para o 8\u2022CIRETRAN de Juazeiro e que fa\u00e7a uma interven\u00e7\u00e3o junto ao Governador Rui Costa sobre a situa\u00e7\u00e3o da entrada desse \u00f3rg\u00e3o t\u00e3o importante. <\/p>\n\n\n\n<p>O princ\u00edpio constitucional da Efici\u00eancia administrativa \u00e9 uma norma expressa na constitui\u00e7\u00e3o, onde encontram-se tamb\u00e9m as obriga\u00e7\u00f5es no que tange um servi\u00e7o de qualidade, pr\u00e1tico num ambiente adequado.<\/p>\n\n\n\n<p><strong>Josafa Mota<\/strong><\/p>\n","protected":false},"excerpt":{"rendered":"<p>Josaf\u00e1 Mota &#8211; Ontem(20) visitei o 8\u2022 CIRETRAN de Juazeiro, \u00e9 triste saber a atual situa\u00e7\u00e3o de um dos \u00f3rg\u00e3os mais importantes do Governo do Estado da Bahia, dezenas de pessoas v\u00e3o para o setor de habilita\u00e7\u00e3o e se deparam com um aviso que os servi\u00e7os de Renova\u00e7\u00e3o de habilita\u00e7\u00e3o e aquisi\u00e7\u00e3o foram transferidos para o SAC, que causa um grande infort\u00fanio. L\u00e1 as filas enormes, estacionamento \u00e9 cobrado que \u00e9 outro absurdo! Al\u00e9m de n\u00e3o se justificar essa tal mudan\u00e7a, sabendo as dificuldades do atual cen\u00e1rio brasileiro permeado pela desigualdade e falta de oportunidades da garantia de direitos m\u00ednimos para um atendimento de qualidade. Vou notificar atrav\u00e9s de um of\u00edcio o Governador Rui Costa sobre a situa\u00e7\u00e3o dessa decis\u00e3o&hellip; <\/p>\n","protected":false},"author":1,"featured_media":192897,"comment_status":"closed","ping_status":"closed","sticky":false,"template":"","format":"standard","meta":{"_acf_changed":false,"footnotes":""},"categories":[30],"tags":[],"class_list":["post-233506","post","type-post","status-publish","format-standard","has-post-thumbnail","hentry","category-artigo"],"acf":[],"yoast_head":"<!-- This site is optimized with the Yoast SEO plugin v27.4 - https:\/\/yoast.com\/product\/yoast-seo-wordpress\/ -->\n<title>Leitor lamento abandono e mal atendimento na Ciretran de Juazeiro - Blog do Farn\u00e9sio<\/title>\n<meta name=\"robots\" content=\"index, follow, max-snippet:-1, max-image-preview:large, max-video-preview:-1\" \/>\n<link rel=\"canonical\" href=\"https:\/\/blogdofarnesio.com.br\/?p=233506\" \/>\n<meta property=\"og:locale\" content=\"pt_BR\" \/>\n<meta property=\"og:type\" content=\"article\" \/>\n<meta property=\"og:title\" content=\"Leitor lamento abandono e mal atendimento na Ciretran de Juazeiro - Blog do Farn\u00e9sio\" \/>\n<meta property=\"og:description\" content=\"Josaf\u00e1 Mota &#8211; Ontem(20) visitei o 8\u2022 CIRETRAN de Juazeiro, \u00e9 triste saber a atual situa\u00e7\u00e3o de um dos \u00f3rg\u00e3os mais importantes do Governo do Estado da Bahia, dezenas de pessoas v\u00e3o para o setor de habilita\u00e7\u00e3o e se deparam com um aviso que os servi\u00e7os de Renova\u00e7\u00e3o de habilita\u00e7\u00e3o e aquisi\u00e7\u00e3o foram transferidos para o SAC, que causa um grande infort\u00fanio. L\u00e1 as filas enormes, estacionamento \u00e9 cobrado que \u00e9 outro absurdo! Al\u00e9m de n\u00e3o se justificar essa tal mudan\u00e7a, sabendo as dificuldades do atual cen\u00e1rio brasileiro permeado pela desigualdade e falta de oportunidades da garantia de direitos m\u00ednimos para um atendimento de qualidade. Vou notificar atrav\u00e9s de um of\u00edcio o Governador Rui Costa sobre a situa\u00e7\u00e3o dessa decis\u00e3o&hellip;\" \/>\n<meta property=\"og:url\" content=\"https:\/\/blogdofarnesio.com.br\/?p=233506\" \/>\n<meta property=\"og:site_name\" content=\"Blog do Farn\u00e9sio\" \/>\n<meta property=\"article:publisher\" content=\"https:\/\/www.facebook.com\/BlogQuerSaberPolitica\/\" \/>\n<meta property=\"article:published_time\" content=\"2019-07-22T11:20:37+00:00\" \/>\n<meta property=\"og:image\" content=\"https:\/\/blogdofarnesio.com.br\/wp-content\/uploads\/2018\/03\/blogqspLivreExpress\u00e3oopini\u00e3o.jpg\" \/>\n\t<meta property=\"og:image:width\" content=\"680\" \/>\n\t<meta property=\"og:image:height\" content=\"428\" \/>\n\t<meta property=\"og:image:type\" content=\"image\/jpeg\" \/>\n<meta name=\"author\" content=\"Farn\u00e9sio\" \/>\n<meta name=\"twitter:card\" content=\"summary_large_image\" \/>\n<meta name=\"twitter:label1\" content=\"Escrito por\" \/>\n\t<meta name=\"twitter:data1\" content=\"Farn\u00e9sio\" \/>\n\t<meta name=\"twitter:label2\" content=\"Est. tempo de leitura\" \/>\n\t<meta name=\"twitter:data2\" content=\"1 minuto\" \/>\n<script type=\"application\/ld+json\" class=\"yoast-schema-graph\">{\"@context\":\"https:\\\/\\\/schema.org\",\"@graph\":[{\"@type\":\"Article\",\"@id\":\"https:\\\/\\\/blogdofarnesio.com.br\\\/?p=233506#article\",\"isPartOf\":{\"@id\":\"https:\\\/\\\/blogdofarnesio.com.br\\\/?p=233506\"},\"author\":{\"name\":\"Farn\u00e9sio\",\"@id\":\"https:\\\/\\\/blogdofarnesio.com.br\\\/#\\\/schema\\\/person\\\/301c4acf522bccbfdb45af95b5b906a1\"},\"headline\":\"Leitor lamento abandono e mal atendimento na Ciretran de Juazeiro\",\"datePublished\":\"2019-07-22T11:20:37+00:00\",\"mainEntityOfPage\":{\"@id\":\"https:\\\/\\\/blogdofarnesio.com.br\\\/?p=233506\"},\"wordCount\":226,\"publisher\":{\"@id\":\"https:\\\/\\\/blogdofarnesio.com.br\\\/#organization\"},\"image\":{\"@id\":\"https:\\\/\\\/blogdofarnesio.com.br\\\/?p=233506#primaryimage\"},\"thumbnailUrl\":\"https:\\\/\\\/blogdofarnesio.com.br\\\/wp-content\\\/uploads\\\/2018\\\/03\\\/blogqspLivreExpress\u00e3oopini\u00e3o.jpg\",\"articleSection\":[\"Artigo\"],\"inLanguage\":\"pt-BR\"},{\"@type\":\"WebPage\",\"@id\":\"https:\\\/\\\/blogdofarnesio.com.br\\\/?p=233506\",\"url\":\"https:\\\/\\\/blogdofarnesio.com.br\\\/?p=233506\",\"name\":\"Leitor lamento abandono e mal atendimento na Ciretran de Juazeiro - Blog do Farn\u00e9sio\",\"isPartOf\":{\"@id\":\"https:\\\/\\\/blogdofarnesio.com.br\\\/#website\"},\"primaryImageOfPage\":{\"@id\":\"https:\\\/\\\/blogdofarnesio.com.br\\\/?p=233506#primaryimage\"},\"image\":{\"@id\":\"https:\\\/\\\/blogdofarnesio.com.br\\\/?p=233506#primaryimage\"},\"thumbnailUrl\":\"https:\\\/\\\/blogdofarnesio.com.br\\\/wp-content\\\/uploads\\\/2018\\\/03\\\/blogqspLivreExpress\u00e3oopini\u00e3o.jpg\",\"datePublished\":\"2019-07-22T11:20:37+00:00\",\"breadcrumb\":{\"@id\":\"https:\\\/\\\/blogdofarnesio.com.br\\\/?p=233506#breadcrumb\"},\"inLanguage\":\"pt-BR\",\"potentialAction\":[{\"@type\":\"ReadAction\",\"target\":[\"https:\\\/\\\/blogdofarnesio.com.br\\\/?p=233506\"]}]},{\"@type\":\"ImageObject\",\"inLanguage\":\"pt-BR\",\"@id\":\"https:\\\/\\\/blogdofarnesio.com.br\\\/?p=233506#primaryimage\",\"url\":\"https:\\\/\\\/blogdofarnesio.com.br\\\/wp-content\\\/uploads\\\/2018\\\/03\\\/blogqspLivreExpress\u00e3oopini\u00e3o.jpg\",\"contentUrl\":\"https:\\\/\\\/blogdofarnesio.com.br\\\/wp-content\\\/uploads\\\/2018\\\/03\\\/blogqspLivreExpress\u00e3oopini\u00e3o.jpg\",\"width\":680,\"height\":428},{\"@type\":\"BreadcrumbList\",\"@id\":\"https:\\\/\\\/blogdofarnesio.com.br\\\/?p=233506#breadcrumb\",\"itemListElement\":[{\"@type\":\"ListItem\",\"position\":1,\"name\":\"In\u00edcio\",\"item\":\"https:\\\/\\\/blogdofarnesio.com.br\\\/\"},{\"@type\":\"ListItem\",\"position\":2,\"name\":\"Leitor lamento abandono e mal atendimento na Ciretran de Juazeiro\"}]},{\"@type\":\"WebSite\",\"@id\":\"https:\\\/\\\/blogdofarnesio.com.br\\\/#website\",\"url\":\"https:\\\/\\\/blogdofarnesio.com.br\\\/\",\"name\":\"Blog do Farn\u00e9sio\",\"description\":\"Quer Saber Pol\u00edtica?\",\"publisher\":{\"@id\":\"https:\\\/\\\/blogdofarnesio.com.br\\\/#organization\"},\"potentialAction\":[{\"@type\":\"SearchAction\",\"target\":{\"@type\":\"EntryPoint\",\"urlTemplate\":\"https:\\\/\\\/blogdofarnesio.com.br\\\/?s={search_term_string}\"},\"query-input\":{\"@type\":\"PropertyValueSpecification\",\"valueRequired\":true,\"valueName\":\"search_term_string\"}}],\"inLanguage\":\"pt-BR\"},{\"@type\":\"Organization\",\"@id\":\"https:\\\/\\\/blogdofarnesio.com.br\\\/#organization\",\"name\":\"Blog do Farn\u00e9sio\",\"url\":\"https:\\\/\\\/blogdofarnesio.com.br\\\/\",\"logo\":{\"@type\":\"ImageObject\",\"inLanguage\":\"pt-BR\",\"@id\":\"https:\\\/\\\/blogdofarnesio.com.br\\\/#\\\/schema\\\/logo\\\/image\\\/\",\"url\":\"https:\\\/\\\/blogdofarnesio.com.br\\\/wp-content\\\/uploads\\\/2026\\\/03\\\/cropped-logo_new-1.png\",\"contentUrl\":\"https:\\\/\\\/blogdofarnesio.com.br\\\/wp-content\\\/uploads\\\/2026\\\/03\\\/cropped-logo_new-1.png\",\"width\":881,\"height\":685,\"caption\":\"Blog do Farn\u00e9sio\"},\"image\":{\"@id\":\"https:\\\/\\\/blogdofarnesio.com.br\\\/#\\\/schema\\\/logo\\\/image\\\/\"},\"sameAs\":[\"https:\\\/\\\/www.facebook.com\\\/BlogQuerSaberPolitica\\\/\"]},{\"@type\":\"Person\",\"@id\":\"https:\\\/\\\/blogdofarnesio.com.br\\\/#\\\/schema\\\/person\\\/301c4acf522bccbfdb45af95b5b906a1\",\"name\":\"Farn\u00e9sio\",\"image\":{\"@type\":\"ImageObject\",\"inLanguage\":\"pt-BR\",\"@id\":\"https:\\\/\\\/secure.gravatar.com\\\/avatar\\\/df0c9a14567c056f8ad6876ba5bbd1e3e2c48023eb6807342fc4663adf549f38?s=96&d=mm&r=g\",\"url\":\"https:\\\/\\\/secure.gravatar.com\\\/avatar\\\/df0c9a14567c056f8ad6876ba5bbd1e3e2c48023eb6807342fc4663adf549f38?s=96&d=mm&r=g\",\"contentUrl\":\"https:\\\/\\\/secure.gravatar.com\\\/avatar\\\/df0c9a14567c056f8ad6876ba5bbd1e3e2c48023eb6807342fc4663adf549f38?s=96&d=mm&r=g\",\"caption\":\"Farn\u00e9sio\"},\"sameAs\":[\"https:\\\/\\\/quersaberpolitica.com.br\"],\"url\":\"https:\\\/\\\/blogdofarnesio.com.br\\\/?author=1\"}]}<\/script>\n<!-- \/ Yoast SEO plugin. -->","yoast_head_json":{"title":"Leitor lamento abandono e mal atendimento na Ciretran de Juazeiro - Blog do Farn\u00e9sio","robots":{"index":"index","follow":"follow","max-snippet":"max-snippet:-1","max-image-preview":"max-image-preview:large","max-video-preview":"max-video-preview:-1"},"canonical":"https:\/\/blogdofarnesio.com.br\/?p=233506","og_locale":"pt_BR","og_type":"article","og_title":"Leitor lamento abandono e mal atendimento na Ciretran de Juazeiro - Blog do Farn\u00e9sio","og_description":"Josaf\u00e1 Mota &#8211; Ontem(20) visitei o 8\u2022 CIRETRAN de Juazeiro, \u00e9 triste saber a atual situa\u00e7\u00e3o de um dos \u00f3rg\u00e3os mais importantes do Governo do Estado da Bahia, dezenas de pessoas v\u00e3o para o setor de habilita\u00e7\u00e3o e se deparam com um aviso que os servi\u00e7os de Renova\u00e7\u00e3o de habilita\u00e7\u00e3o e aquisi\u00e7\u00e3o foram transferidos para o SAC, que causa um grande infort\u00fanio. L\u00e1 as filas enormes, estacionamento \u00e9 cobrado que \u00e9 outro absurdo! Al\u00e9m de n\u00e3o se justificar essa tal mudan\u00e7a, sabendo as dificuldades do atual cen\u00e1rio brasileiro permeado pela desigualdade e falta de oportunidades da garantia de direitos m\u00ednimos para um atendimento de qualidade. Vou notificar atrav\u00e9s de um of\u00edcio o Governador Rui Costa sobre a situa\u00e7\u00e3o dessa decis\u00e3o&hellip;","og_url":"https:\/\/blogdofarnesio.com.br\/?p=233506","og_site_name":"Blog do Farn\u00e9sio","article_publisher":"https:\/\/www.facebook.com\/BlogQuerSaberPolitica\/","article_published_time":"2019-07-22T11:20:37+00:00","og_image":[{"width":680,"height":428,"url":"https:\/\/blogdofarnesio.com.br\/wp-content\/uploads\/2018\/03\/blogqspLivreExpress\u00e3oopini\u00e3o.jpg","type":"image\/jpeg"}],"author":"Farn\u00e9sio","twitter_card":"summary_large_image","twitter_misc":{"Escrito por":"Farn\u00e9sio","Est. tempo de leitura":"1 minuto"},"schema":{"@context":"https:\/\/schema.org","@graph":[{"@type":"Article","@id":"https:\/\/blogdofarnesio.com.br\/?p=233506#article","isPartOf":{"@id":"https:\/\/blogdofarnesio.com.br\/?p=233506"},"author":{"name":"Farn\u00e9sio","@id":"https:\/\/blogdofarnesio.com.br\/#\/schema\/person\/301c4acf522bccbfdb45af95b5b906a1"},"headline":"Leitor lamento abandono e mal atendimento na Ciretran de Juazeiro","datePublished":"2019-07-22T11:20:37+00:00","mainEntityOfPage":{"@id":"https:\/\/blogdofarnesio.com.br\/?p=233506"},"wordCount":226,"publisher":{"@id":"https:\/\/blogdofarnesio.com.br\/#organization"},"image":{"@id":"https:\/\/blogdofarnesio.com.br\/?p=233506#primaryimage"},"thumbnailUrl":"https:\/\/blogdofarnesio.com.br\/wp-content\/uploads\/2018\/03\/blogqspLivreExpress\u00e3oopini\u00e3o.jpg","articleSection":["Artigo"],"inLanguage":"pt-BR"},{"@type":"WebPage","@id":"https:\/\/blogdofarnesio.com.br\/?p=233506","url":"https:\/\/blogdofarnesio.com.br\/?p=233506","name":"Leitor lamento abandono e mal atendimento na Ciretran de Juazeiro - Blog do Farn\u00e9sio","isPartOf":{"@id":"https:\/\/blogdofarnesio.com.br\/#website"},"primaryImageOfPage":{"@id":"https:\/\/blogdofarnesio.com.br\/?p=233506#primaryimage"},"image":{"@id":"https:\/\/blogdofarnesio.com.br\/?p=233506#primaryimage"},"thumbnailUrl":"https:\/\/blogdofarnesio.com.br\/wp-content\/uploads\/2018\/03\/blogqspLivreExpress\u00e3oopini\u00e3o.jpg","datePublished":"2019-07-22T11:20:37+00:00","breadcrumb":{"@id":"https:\/\/blogdofarnesio.com.br\/?p=233506#breadcrumb"},"inLanguage":"pt-BR","potentialAction":[{"@type":"ReadAction","target":["https:\/\/blogdofarnesio.com.br\/?p=233506"]}]},{"@type":"ImageObject","inLanguage":"pt-BR","@id":"https:\/\/blogdofarnesio.com.br\/?p=233506#primaryimage","url":"https:\/\/blogdofarnesio.com.br\/wp-content\/uploads\/2018\/03\/blogqspLivreExpress\u00e3oopini\u00e3o.jpg","contentUrl":"https:\/\/blogdofarnesio.com.br\/wp-content\/uploads\/2018\/03\/blogqspLivreExpress\u00e3oopini\u00e3o.jpg","width":680,"height":428},{"@type":"BreadcrumbList","@id":"https:\/\/blogdofarnesio.com.br\/?p=233506#breadcrumb","itemListElement":[{"@type":"ListItem","position":1,"name":"In\u00edcio","item":"https:\/\/blogdofarnesio.com.br\/"},{"@type":"ListItem","position":2,"name":"Leitor lamento abandono e mal atendimento na Ciretran de Juazeiro"}]},{"@type":"WebSite","@id":"https:\/\/blogdofarnesio.com.br\/#website","url":"https:\/\/blogdofarnesio.com.br\/","name":"Blog do Farn\u00e9sio","description":"Quer Saber Pol\u00edtica?","publisher":{"@id":"https:\/\/blogdofarnesio.com.br\/#organization"},"potentialAction":[{"@type":"SearchAction","target":{"@type":"EntryPoint","urlTemplate":"https:\/\/blogdofarnesio.com.br\/?s={search_term_string}"},"query-input":{"@type":"PropertyValueSpecification","valueRequired":true,"valueName":"search_term_string"}}],"inLanguage":"pt-BR"},{"@type":"Organization","@id":"https:\/\/blogdofarnesio.com.br\/#organization","name":"Blog do Farn\u00e9sio","url":"https:\/\/blogdofarnesio.com.br\/","logo":{"@type":"ImageObject","inLanguage":"pt-BR","@id":"https:\/\/blogdofarnesio.com.br\/#\/schema\/logo\/image\/","url":"https:\/\/blogdofarnesio.com.br\/wp-content\/uploads\/2026\/03\/cropped-logo_new-1.png","contentUrl":"https:\/\/blogdofarnesio.com.br\/wp-content\/uploads\/2026\/03\/cropped-logo_new-1.png","width":881,"height":685,"caption":"Blog do Farn\u00e9sio"},"image":{"@id":"https:\/\/blogdofarnesio.com.br\/#\/schema\/logo\/image\/"},"sameAs":["https:\/\/www.facebook.com\/BlogQuerSaberPolitica\/"]},{"@type":"Person","@id":"https:\/\/blogdofarnesio.com.br\/#\/schema\/person\/301c4acf522bccbfdb45af95b5b906a1","name":"Farn\u00e9sio","image":{"@type":"ImageObject","inLanguage":"pt-BR","@id":"https:\/\/secure.gravatar.com\/avatar\/df0c9a14567c056f8ad6876ba5bbd1e3e2c48023eb6807342fc4663adf549f38?s=96&d=mm&r=g","url":"https:\/\/secure.gravatar.com\/avatar\/df0c9a14567c056f8ad6876ba5bbd1e3e2c48023eb6807342fc4663adf549f38?s=96&d=mm&r=g","contentUrl":"https:\/\/secure.gravatar.com\/avatar\/df0c9a14567c056f8ad6876ba5bbd1e3e2c48023eb6807342fc4663adf549f38?s=96&d=mm&r=g","caption":"Farn\u00e9sio"},"sameAs":["https:\/\/quersaberpolitica.com.br"],"url":"https:\/\/blogdofarnesio.com.br\/?author=1"}]}},"_links":{"self":[{"href":"https:\/\/blogdofarnesio.com.br\/index.php?rest_route=\/wp\/v2\/posts\/233506","targetHints":{"allow":["GET"]}}],"collection":[{"href":"https:\/\/blogdofarnesio.com.br\/index.php?rest_route=\/wp\/v2\/posts"}],"about":[{"href":"https:\/\/blogdofarnesio.com.br\/index.php?rest_route=\/wp\/v2\/types\/post"}],"author":[{"embeddable":true,"href":"https:\/\/blogdofarnesio.com.br\/index.php?rest_route=\/wp\/v2\/users\/1"}],"replies":[{"embeddable":true,"href":"https:\/\/blogdofarnesio.com.br\/index.php?rest_route=%2Fwp%2Fv2%2Fcomments&post=233506"}],"version-history":[{"count":0,"href":"https:\/\/blogdofarnesio.com.br\/index.php?rest_route=\/wp\/v2\/posts\/233506\/revisions"}],"wp:featuredmedia":[{"embeddable":true,"href":"https:\/\/blogdofarnesio.com.br\/index.php?rest_route=\/wp\/v2\/media\/192897"}],"wp:attachment":[{"href":"https:\/\/blogdofarnesio.com.br\/index.php?rest_route=%2Fwp%2Fv2%2Fmedia&parent=233506"}],"wp:term":[{"taxonomy":"category","embeddable":true,"href":"https:\/\/blogdofarnesio.com.br\/index.php?rest_route=%2Fwp%2Fv2%2Fcategories&post=233506"},{"taxonomy":"post_tag","embeddable":true,"href":"https:\/\/blogdofarnesio.com.br\/index.php?rest_route=%2Fwp%2Fv2%2Ftags&post=233506"}],"curies":[{"name":"wp","href":"https:\/\/api.w.org\/{rel}","templated":true}]}}