{"id":233463,"date":"2019-07-21T12:00:10","date_gmt":"2019-07-21T15:00:10","guid":{"rendered":"http:\/\/quersaberpolitica.com.br\/2016\/?p=233463"},"modified":"2019-07-21T11:43:46","modified_gmt":"2019-07-21T14:43:46","slug":"bolsonaro-estara-no-dia-1o-de-agosto-em-sobradinho-ba-para-inaugurar-usina-de-energia-solar","status":"publish","type":"post","link":"https:\/\/blogdofarnesio.com.br\/?p=233463","title":{"rendered":"Bolsonaro estar\u00e1 no dia 1\u00ba de agosto em Sobradinho-BA para inaugurar usina de energia solar"},"content":{"rendered":"\n<p>O presidente da Rep\u00fablica, Jair Bolsonaro, estar\u00e1 na cidade de Sobradinho, norte da Bahia, no pr\u00f3ximo dia 1\u00ba de agosto. Ele vir\u00e1 para a inaugura\u00e7\u00e3o, no Lago de Sobradinho, da usina flutuante com placas fotovoltaicas.<\/p>\n\n\n\n<h4 class=\"wp-block-heading\"><strong>O projeto<\/strong><\/h4>\n\n\n\n<p>Come\u00e7ando o ano com uma realidade bem diferente da de 2018, o reservat\u00f3rio de Sobradinho, no Norte da Bahia, deixa a regi\u00e3o em uma situa\u00e7\u00e3o mais confort\u00e1vel. Hoje, o n\u00edvel \u00e9 de 40% de sua capacidade total de armazenamento, segundo o Operador Nacional do Sistema El\u00e9trico (ONS).<\/p>\n\n\n\n<p>Essa mudan\u00e7a no cen\u00e1rio n\u00e3o \u00e9 a \u00fanica novidade que \u00e9 poss\u00edvel notar em um dos maiores lagos artificiais do mundo: \u00e9 na sua superf\u00edcie que est\u00e1 instalada a Planta Solar Fotovoltaica criada a partir do Projeto de Pesquisa &amp; Desenvolvimento para implanta\u00e7\u00e3o do Centro de Refer\u00eancia em Energia Solar de Petrolina (Cresp).<\/p>\n\n\n\n<p>A usina flutuante consiste na implanta\u00e7\u00e3o de diversos sistemas e componentes que al\u00e9m de subsidiar pesquisas do potencial energ\u00e9tico da regi\u00e3o visa tamb\u00e9m agregar energia \u00e0s atuais fontes de gera\u00e7\u00e3o. <\/p>\n\n\n\n<p>O projeto, no \u00e2mbito do P&amp;D+I (Pesquisa e Desenvolvimento mais Inova\u00e7\u00e3o), objetiva resultados mediante estudos t\u00e9cnicos, simula\u00e7\u00f5es e an\u00e1lises operacionais. <\/p>\n\n\n\n<p>Segundo o diretor de Opera\u00e7\u00e3o da Companhia Hidrel\u00e9trica do S\u00e3o Francisco (Chesf), Jo\u00e3o Henrique de Ara\u00fajo Franklin Neto, no projeto para o Lago de Sobradinho est\u00e3o previstas uma planta de 1MWp (Megawatt-pico) e, na sequ\u00eancia, uma planta de 4MWp, com investimento total da ordem de R$ 56 milh\u00f5es.<\/p>\n\n\n\n<p>O recurso \u00e9 oriundo da carteira Ag\u00eancia Nacional de Energia El\u00e9trica (Aneel) de P&amp;D+I da Chesf, empresa respons\u00e1vel pela instala\u00e7\u00e3o, fiscaliza\u00e7\u00e3o e opera\u00e7\u00e3o.<a href=\"https:\/\/www.blogdorobertoararipina.com.br\/#facebook\" rel=\"noreferrer noopener\" target=\"_blank\">Facebook<\/a><a href=\"https:\/\/www.blogdorobertoararipina.com.br\/#twitter\" rel=\"noreferrer noopener\" target=\"_blank\">Twitter<\/a><a href=\"https:\/\/www.blogdorobertoararipina.com.br\/#whatsapp\" rel=\"noreferrer noopener\" target=\"_blank\">WhatsApp<\/a><a href=\"https:\/\/www.blogdorobertoararipina.com.br\/#email\" rel=\"noreferrer noopener\" target=\"_blank\">Email<\/a><a href=\"https:\/\/www.blogdorobertoararipina.com.br\/#print\">Print<\/a><\/p>\n","protected":false},"excerpt":{"rendered":"<p>O presidente da Rep\u00fablica, Jair Bolsonaro, estar\u00e1 na cidade de Sobradinho, norte da Bahia, no pr\u00f3ximo dia 1\u00ba de agosto. Ele vir\u00e1 para a inaugura\u00e7\u00e3o, no Lago de Sobradinho, da usina flutuante com placas fotovoltaicas. O projeto Come\u00e7ando o ano com uma realidade bem diferente da de 2018, o reservat\u00f3rio de Sobradinho, no Norte da Bahia, deixa a regi\u00e3o em uma situa\u00e7\u00e3o mais confort\u00e1vel. Hoje, o n\u00edvel \u00e9 de 40% de sua capacidade total de armazenamento, segundo o Operador Nacional do Sistema El\u00e9trico (ONS). Essa mudan\u00e7a no cen\u00e1rio n\u00e3o \u00e9 a \u00fanica novidade que \u00e9 poss\u00edvel notar em um dos maiores lagos artificiais do mundo: \u00e9 na sua superf\u00edcie que est\u00e1 instalada a Planta Solar Fotovoltaica criada a partir do&hellip; <\/p>\n","protected":false},"author":1,"featured_media":212529,"comment_status":"closed","ping_status":"closed","sticky":false,"template":"","format":"standard","meta":{"_acf_changed":false,"footnotes":""},"categories":[20],"tags":[],"class_list":["post-233463","post","type-post","status-publish","format-standard","has-post-thumbnail","hentry","category-economia"],"acf":[],"yoast_head":"<!-- This site is optimized with the Yoast SEO plugin v27.4 - https:\/\/yoast.com\/product\/yoast-seo-wordpress\/ -->\n<title>Bolsonaro estar\u00e1 no dia 1\u00ba de agosto em Sobradinho-BA para inaugurar usina de energia solar - Blog do Farn\u00e9sio<\/title>\n<meta name=\"robots\" content=\"index, follow, max-snippet:-1, max-image-preview:large, max-video-preview:-1\" \/>\n<link rel=\"canonical\" href=\"https:\/\/blogdofarnesio.com.br\/?p=233463\" \/>\n<meta property=\"og:locale\" content=\"pt_BR\" \/>\n<meta property=\"og:type\" content=\"article\" \/>\n<meta property=\"og:title\" content=\"Bolsonaro estar\u00e1 no dia 1\u00ba de agosto em Sobradinho-BA para inaugurar usina de energia solar - Blog do Farn\u00e9sio\" \/>\n<meta property=\"og:description\" content=\"O presidente da Rep\u00fablica, Jair Bolsonaro, estar\u00e1 na cidade de Sobradinho, norte da Bahia, no pr\u00f3ximo dia 1\u00ba de agosto. Ele vir\u00e1 para a inaugura\u00e7\u00e3o, no Lago de Sobradinho, da usina flutuante com placas fotovoltaicas. O projeto Come\u00e7ando o ano com uma realidade bem diferente da de 2018, o reservat\u00f3rio de Sobradinho, no Norte da Bahia, deixa a regi\u00e3o em uma situa\u00e7\u00e3o mais confort\u00e1vel. Hoje, o n\u00edvel \u00e9 de 40% de sua capacidade total de armazenamento, segundo o Operador Nacional do Sistema El\u00e9trico (ONS). Essa mudan\u00e7a no cen\u00e1rio n\u00e3o \u00e9 a \u00fanica novidade que \u00e9 poss\u00edvel notar em um dos maiores lagos artificiais do mundo: \u00e9 na sua superf\u00edcie que est\u00e1 instalada a Planta Solar Fotovoltaica criada a partir do&hellip;\" \/>\n<meta property=\"og:url\" content=\"https:\/\/blogdofarnesio.com.br\/?p=233463\" \/>\n<meta property=\"og:site_name\" content=\"Blog do Farn\u00e9sio\" \/>\n<meta property=\"article:publisher\" content=\"https:\/\/www.facebook.com\/BlogQuerSaberPolitica\/\" \/>\n<meta property=\"article:published_time\" content=\"2019-07-21T15:00:10+00:00\" \/>\n<meta property=\"og:image\" content=\"https:\/\/blogdofarnesio.com.br\/wp-content\/uploads\/2018\/10\/blogqspsobradinho-usina-flutuante-de-energia-solar-by-div-e1540146565354-1024x576-e1540163959791.jpg\" \/>\n\t<meta property=\"og:image:width\" content=\"624\" \/>\n\t<meta property=\"og:image:height\" content=\"351\" \/>\n\t<meta property=\"og:image:type\" content=\"image\/jpeg\" \/>\n<meta name=\"author\" content=\"Farn\u00e9sio\" \/>\n<meta name=\"twitter:card\" content=\"summary_large_image\" \/>\n<meta name=\"twitter:label1\" content=\"Escrito por\" \/>\n\t<meta name=\"twitter:data1\" content=\"Farn\u00e9sio\" \/>\n\t<meta name=\"twitter:label2\" content=\"Est. tempo de leitura\" \/>\n\t<meta name=\"twitter:data2\" content=\"1 minuto\" \/>\n<script type=\"application\/ld+json\" class=\"yoast-schema-graph\">{\"@context\":\"https:\\\/\\\/schema.org\",\"@graph\":[{\"@type\":\"Article\",\"@id\":\"https:\\\/\\\/blogdofarnesio.com.br\\\/?p=233463#article\",\"isPartOf\":{\"@id\":\"https:\\\/\\\/blogdofarnesio.com.br\\\/?p=233463\"},\"author\":{\"name\":\"Farn\u00e9sio\",\"@id\":\"https:\\\/\\\/blogdofarnesio.com.br\\\/#\\\/schema\\\/person\\\/301c4acf522bccbfdb45af95b5b906a1\"},\"headline\":\"Bolsonaro estar\u00e1 no dia 1\u00ba de agosto em Sobradinho-BA para inaugurar usina de energia solar\",\"datePublished\":\"2019-07-21T15:00:10+00:00\",\"mainEntityOfPage\":{\"@id\":\"https:\\\/\\\/blogdofarnesio.com.br\\\/?p=233463\"},\"wordCount\":315,\"publisher\":{\"@id\":\"https:\\\/\\\/blogdofarnesio.com.br\\\/#organization\"},\"image\":{\"@id\":\"https:\\\/\\\/blogdofarnesio.com.br\\\/?p=233463#primaryimage\"},\"thumbnailUrl\":\"https:\\\/\\\/blogdofarnesio.com.br\\\/wp-content\\\/uploads\\\/2018\\\/10\\\/blogqspsobradinho-usina-flutuante-de-energia-solar-by-div-e1540146565354-1024x576-e1540163959791.jpg\",\"articleSection\":[\"Economia\"],\"inLanguage\":\"pt-BR\"},{\"@type\":\"WebPage\",\"@id\":\"https:\\\/\\\/blogdofarnesio.com.br\\\/?p=233463\",\"url\":\"https:\\\/\\\/blogdofarnesio.com.br\\\/?p=233463\",\"name\":\"Bolsonaro estar\u00e1 no dia 1\u00ba de agosto em Sobradinho-BA para inaugurar usina de energia solar - Blog do Farn\u00e9sio\",\"isPartOf\":{\"@id\":\"https:\\\/\\\/blogdofarnesio.com.br\\\/#website\"},\"primaryImageOfPage\":{\"@id\":\"https:\\\/\\\/blogdofarnesio.com.br\\\/?p=233463#primaryimage\"},\"image\":{\"@id\":\"https:\\\/\\\/blogdofarnesio.com.br\\\/?p=233463#primaryimage\"},\"thumbnailUrl\":\"https:\\\/\\\/blogdofarnesio.com.br\\\/wp-content\\\/uploads\\\/2018\\\/10\\\/blogqspsobradinho-usina-flutuante-de-energia-solar-by-div-e1540146565354-1024x576-e1540163959791.jpg\",\"datePublished\":\"2019-07-21T15:00:10+00:00\",\"breadcrumb\":{\"@id\":\"https:\\\/\\\/blogdofarnesio.com.br\\\/?p=233463#breadcrumb\"},\"inLanguage\":\"pt-BR\",\"potentialAction\":[{\"@type\":\"ReadAction\",\"target\":[\"https:\\\/\\\/blogdofarnesio.com.br\\\/?p=233463\"]}]},{\"@type\":\"ImageObject\",\"inLanguage\":\"pt-BR\",\"@id\":\"https:\\\/\\\/blogdofarnesio.com.br\\\/?p=233463#primaryimage\",\"url\":\"https:\\\/\\\/blogdofarnesio.com.br\\\/wp-content\\\/uploads\\\/2018\\\/10\\\/blogqspsobradinho-usina-flutuante-de-energia-solar-by-div-e1540146565354-1024x576-e1540163959791.jpg\",\"contentUrl\":\"https:\\\/\\\/blogdofarnesio.com.br\\\/wp-content\\\/uploads\\\/2018\\\/10\\\/blogqspsobradinho-usina-flutuante-de-energia-solar-by-div-e1540146565354-1024x576-e1540163959791.jpg\",\"width\":624,\"height\":351},{\"@type\":\"BreadcrumbList\",\"@id\":\"https:\\\/\\\/blogdofarnesio.com.br\\\/?p=233463#breadcrumb\",\"itemListElement\":[{\"@type\":\"ListItem\",\"position\":1,\"name\":\"In\u00edcio\",\"item\":\"https:\\\/\\\/blogdofarnesio.com.br\\\/\"},{\"@type\":\"ListItem\",\"position\":2,\"name\":\"Bolsonaro estar\u00e1 no dia 1\u00ba de agosto em Sobradinho-BA para inaugurar usina de energia solar\"}]},{\"@type\":\"WebSite\",\"@id\":\"https:\\\/\\\/blogdofarnesio.com.br\\\/#website\",\"url\":\"https:\\\/\\\/blogdofarnesio.com.br\\\/\",\"name\":\"Blog do Farn\u00e9sio\",\"description\":\"Quer Saber Pol\u00edtica?\",\"publisher\":{\"@id\":\"https:\\\/\\\/blogdofarnesio.com.br\\\/#organization\"},\"potentialAction\":[{\"@type\":\"SearchAction\",\"target\":{\"@type\":\"EntryPoint\",\"urlTemplate\":\"https:\\\/\\\/blogdofarnesio.com.br\\\/?s={search_term_string}\"},\"query-input\":{\"@type\":\"PropertyValueSpecification\",\"valueRequired\":true,\"valueName\":\"search_term_string\"}}],\"inLanguage\":\"pt-BR\"},{\"@type\":\"Organization\",\"@id\":\"https:\\\/\\\/blogdofarnesio.com.br\\\/#organization\",\"name\":\"Blog do Farn\u00e9sio\",\"url\":\"https:\\\/\\\/blogdofarnesio.com.br\\\/\",\"logo\":{\"@type\":\"ImageObject\",\"inLanguage\":\"pt-BR\",\"@id\":\"https:\\\/\\\/blogdofarnesio.com.br\\\/#\\\/schema\\\/logo\\\/image\\\/\",\"url\":\"https:\\\/\\\/blogdofarnesio.com.br\\\/wp-content\\\/uploads\\\/2026\\\/03\\\/cropped-logo_new-1.png\",\"contentUrl\":\"https:\\\/\\\/blogdofarnesio.com.br\\\/wp-content\\\/uploads\\\/2026\\\/03\\\/cropped-logo_new-1.png\",\"width\":881,\"height\":685,\"caption\":\"Blog do Farn\u00e9sio\"},\"image\":{\"@id\":\"https:\\\/\\\/blogdofarnesio.com.br\\\/#\\\/schema\\\/logo\\\/image\\\/\"},\"sameAs\":[\"https:\\\/\\\/www.facebook.com\\\/BlogQuerSaberPolitica\\\/\"]},{\"@type\":\"Person\",\"@id\":\"https:\\\/\\\/blogdofarnesio.com.br\\\/#\\\/schema\\\/person\\\/301c4acf522bccbfdb45af95b5b906a1\",\"name\":\"Farn\u00e9sio\",\"image\":{\"@type\":\"ImageObject\",\"inLanguage\":\"pt-BR\",\"@id\":\"https:\\\/\\\/secure.gravatar.com\\\/avatar\\\/df0c9a14567c056f8ad6876ba5bbd1e3e2c48023eb6807342fc4663adf549f38?s=96&d=mm&r=g\",\"url\":\"https:\\\/\\\/secure.gravatar.com\\\/avatar\\\/df0c9a14567c056f8ad6876ba5bbd1e3e2c48023eb6807342fc4663adf549f38?s=96&d=mm&r=g\",\"contentUrl\":\"https:\\\/\\\/secure.gravatar.com\\\/avatar\\\/df0c9a14567c056f8ad6876ba5bbd1e3e2c48023eb6807342fc4663adf549f38?s=96&d=mm&r=g\",\"caption\":\"Farn\u00e9sio\"},\"sameAs\":[\"https:\\\/\\\/quersaberpolitica.com.br\"],\"url\":\"https:\\\/\\\/blogdofarnesio.com.br\\\/?author=1\"}]}<\/script>\n<!-- \/ Yoast SEO plugin. -->","yoast_head_json":{"title":"Bolsonaro estar\u00e1 no dia 1\u00ba de agosto em Sobradinho-BA para inaugurar usina de energia solar - Blog do Farn\u00e9sio","robots":{"index":"index","follow":"follow","max-snippet":"max-snippet:-1","max-image-preview":"max-image-preview:large","max-video-preview":"max-video-preview:-1"},"canonical":"https:\/\/blogdofarnesio.com.br\/?p=233463","og_locale":"pt_BR","og_type":"article","og_title":"Bolsonaro estar\u00e1 no dia 1\u00ba de agosto em Sobradinho-BA para inaugurar usina de energia solar - Blog do Farn\u00e9sio","og_description":"O presidente da Rep\u00fablica, Jair Bolsonaro, estar\u00e1 na cidade de Sobradinho, norte da Bahia, no pr\u00f3ximo dia 1\u00ba de agosto. Ele vir\u00e1 para a inaugura\u00e7\u00e3o, no Lago de Sobradinho, da usina flutuante com placas fotovoltaicas. O projeto Come\u00e7ando o ano com uma realidade bem diferente da de 2018, o reservat\u00f3rio de Sobradinho, no Norte da Bahia, deixa a regi\u00e3o em uma situa\u00e7\u00e3o mais confort\u00e1vel. Hoje, o n\u00edvel \u00e9 de 40% de sua capacidade total de armazenamento, segundo o Operador Nacional do Sistema El\u00e9trico (ONS). Essa mudan\u00e7a no cen\u00e1rio n\u00e3o \u00e9 a \u00fanica novidade que \u00e9 poss\u00edvel notar em um dos maiores lagos artificiais do mundo: \u00e9 na sua superf\u00edcie que est\u00e1 instalada a Planta Solar Fotovoltaica criada a partir do&hellip;","og_url":"https:\/\/blogdofarnesio.com.br\/?p=233463","og_site_name":"Blog do Farn\u00e9sio","article_publisher":"https:\/\/www.facebook.com\/BlogQuerSaberPolitica\/","article_published_time":"2019-07-21T15:00:10+00:00","og_image":[{"width":624,"height":351,"url":"https:\/\/blogdofarnesio.com.br\/wp-content\/uploads\/2018\/10\/blogqspsobradinho-usina-flutuante-de-energia-solar-by-div-e1540146565354-1024x576-e1540163959791.jpg","type":"image\/jpeg"}],"author":"Farn\u00e9sio","twitter_card":"summary_large_image","twitter_misc":{"Escrito por":"Farn\u00e9sio","Est. tempo de leitura":"1 minuto"},"schema":{"@context":"https:\/\/schema.org","@graph":[{"@type":"Article","@id":"https:\/\/blogdofarnesio.com.br\/?p=233463#article","isPartOf":{"@id":"https:\/\/blogdofarnesio.com.br\/?p=233463"},"author":{"name":"Farn\u00e9sio","@id":"https:\/\/blogdofarnesio.com.br\/#\/schema\/person\/301c4acf522bccbfdb45af95b5b906a1"},"headline":"Bolsonaro estar\u00e1 no dia 1\u00ba de agosto em Sobradinho-BA para inaugurar usina de energia solar","datePublished":"2019-07-21T15:00:10+00:00","mainEntityOfPage":{"@id":"https:\/\/blogdofarnesio.com.br\/?p=233463"},"wordCount":315,"publisher":{"@id":"https:\/\/blogdofarnesio.com.br\/#organization"},"image":{"@id":"https:\/\/blogdofarnesio.com.br\/?p=233463#primaryimage"},"thumbnailUrl":"https:\/\/blogdofarnesio.com.br\/wp-content\/uploads\/2018\/10\/blogqspsobradinho-usina-flutuante-de-energia-solar-by-div-e1540146565354-1024x576-e1540163959791.jpg","articleSection":["Economia"],"inLanguage":"pt-BR"},{"@type":"WebPage","@id":"https:\/\/blogdofarnesio.com.br\/?p=233463","url":"https:\/\/blogdofarnesio.com.br\/?p=233463","name":"Bolsonaro estar\u00e1 no dia 1\u00ba de agosto em Sobradinho-BA para inaugurar usina de energia solar - Blog do Farn\u00e9sio","isPartOf":{"@id":"https:\/\/blogdofarnesio.com.br\/#website"},"primaryImageOfPage":{"@id":"https:\/\/blogdofarnesio.com.br\/?p=233463#primaryimage"},"image":{"@id":"https:\/\/blogdofarnesio.com.br\/?p=233463#primaryimage"},"thumbnailUrl":"https:\/\/blogdofarnesio.com.br\/wp-content\/uploads\/2018\/10\/blogqspsobradinho-usina-flutuante-de-energia-solar-by-div-e1540146565354-1024x576-e1540163959791.jpg","datePublished":"2019-07-21T15:00:10+00:00","breadcrumb":{"@id":"https:\/\/blogdofarnesio.com.br\/?p=233463#breadcrumb"},"inLanguage":"pt-BR","potentialAction":[{"@type":"ReadAction","target":["https:\/\/blogdofarnesio.com.br\/?p=233463"]}]},{"@type":"ImageObject","inLanguage":"pt-BR","@id":"https:\/\/blogdofarnesio.com.br\/?p=233463#primaryimage","url":"https:\/\/blogdofarnesio.com.br\/wp-content\/uploads\/2018\/10\/blogqspsobradinho-usina-flutuante-de-energia-solar-by-div-e1540146565354-1024x576-e1540163959791.jpg","contentUrl":"https:\/\/blogdofarnesio.com.br\/wp-content\/uploads\/2018\/10\/blogqspsobradinho-usina-flutuante-de-energia-solar-by-div-e1540146565354-1024x576-e1540163959791.jpg","width":624,"height":351},{"@type":"BreadcrumbList","@id":"https:\/\/blogdofarnesio.com.br\/?p=233463#breadcrumb","itemListElement":[{"@type":"ListItem","position":1,"name":"In\u00edcio","item":"https:\/\/blogdofarnesio.com.br\/"},{"@type":"ListItem","position":2,"name":"Bolsonaro estar\u00e1 no dia 1\u00ba de agosto em Sobradinho-BA para inaugurar usina de energia solar"}]},{"@type":"WebSite","@id":"https:\/\/blogdofarnesio.com.br\/#website","url":"https:\/\/blogdofarnesio.com.br\/","name":"Blog do Farn\u00e9sio","description":"Quer Saber Pol\u00edtica?","publisher":{"@id":"https:\/\/blogdofarnesio.com.br\/#organization"},"potentialAction":[{"@type":"SearchAction","target":{"@type":"EntryPoint","urlTemplate":"https:\/\/blogdofarnesio.com.br\/?s={search_term_string}"},"query-input":{"@type":"PropertyValueSpecification","valueRequired":true,"valueName":"search_term_string"}}],"inLanguage":"pt-BR"},{"@type":"Organization","@id":"https:\/\/blogdofarnesio.com.br\/#organization","name":"Blog do Farn\u00e9sio","url":"https:\/\/blogdofarnesio.com.br\/","logo":{"@type":"ImageObject","inLanguage":"pt-BR","@id":"https:\/\/blogdofarnesio.com.br\/#\/schema\/logo\/image\/","url":"https:\/\/blogdofarnesio.com.br\/wp-content\/uploads\/2026\/03\/cropped-logo_new-1.png","contentUrl":"https:\/\/blogdofarnesio.com.br\/wp-content\/uploads\/2026\/03\/cropped-logo_new-1.png","width":881,"height":685,"caption":"Blog do Farn\u00e9sio"},"image":{"@id":"https:\/\/blogdofarnesio.com.br\/#\/schema\/logo\/image\/"},"sameAs":["https:\/\/www.facebook.com\/BlogQuerSaberPolitica\/"]},{"@type":"Person","@id":"https:\/\/blogdofarnesio.com.br\/#\/schema\/person\/301c4acf522bccbfdb45af95b5b906a1","name":"Farn\u00e9sio","image":{"@type":"ImageObject","inLanguage":"pt-BR","@id":"https:\/\/secure.gravatar.com\/avatar\/df0c9a14567c056f8ad6876ba5bbd1e3e2c48023eb6807342fc4663adf549f38?s=96&d=mm&r=g","url":"https:\/\/secure.gravatar.com\/avatar\/df0c9a14567c056f8ad6876ba5bbd1e3e2c48023eb6807342fc4663adf549f38?s=96&d=mm&r=g","contentUrl":"https:\/\/secure.gravatar.com\/avatar\/df0c9a14567c056f8ad6876ba5bbd1e3e2c48023eb6807342fc4663adf549f38?s=96&d=mm&r=g","caption":"Farn\u00e9sio"},"sameAs":["https:\/\/quersaberpolitica.com.br"],"url":"https:\/\/blogdofarnesio.com.br\/?author=1"}]}},"_links":{"self":[{"href":"https:\/\/blogdofarnesio.com.br\/index.php?rest_route=\/wp\/v2\/posts\/233463","targetHints":{"allow":["GET"]}}],"collection":[{"href":"https:\/\/blogdofarnesio.com.br\/index.php?rest_route=\/wp\/v2\/posts"}],"about":[{"href":"https:\/\/blogdofarnesio.com.br\/index.php?rest_route=\/wp\/v2\/types\/post"}],"author":[{"embeddable":true,"href":"https:\/\/blogdofarnesio.com.br\/index.php?rest_route=\/wp\/v2\/users\/1"}],"replies":[{"embeddable":true,"href":"https:\/\/blogdofarnesio.com.br\/index.php?rest_route=%2Fwp%2Fv2%2Fcomments&post=233463"}],"version-history":[{"count":0,"href":"https:\/\/blogdofarnesio.com.br\/index.php?rest_route=\/wp\/v2\/posts\/233463\/revisions"}],"wp:featuredmedia":[{"embeddable":true,"href":"https:\/\/blogdofarnesio.com.br\/index.php?rest_route=\/wp\/v2\/media\/212529"}],"wp:attachment":[{"href":"https:\/\/blogdofarnesio.com.br\/index.php?rest_route=%2Fwp%2Fv2%2Fmedia&parent=233463"}],"wp:term":[{"taxonomy":"category","embeddable":true,"href":"https:\/\/blogdofarnesio.com.br\/index.php?rest_route=%2Fwp%2Fv2%2Fcategories&post=233463"},{"taxonomy":"post_tag","embeddable":true,"href":"https:\/\/blogdofarnesio.com.br\/index.php?rest_route=%2Fwp%2Fv2%2Ftags&post=233463"}],"curies":[{"name":"wp","href":"https:\/\/api.w.org\/{rel}","templated":true}]}}