{"id":233417,"date":"2019-07-21T10:30:15","date_gmt":"2019-07-21T13:30:15","guid":{"rendered":"http:\/\/quersaberpolitica.com.br\/2016\/?p=233417"},"modified":"2019-07-20T14:09:15","modified_gmt":"2019-07-20T17:09:15","slug":"pis","status":"publish","type":"post","link":"https:\/\/blogdofarnesio.com.br\/?p=233417","title":{"rendered":"Divulgada data para pagamento do PIS\/PASEP!"},"content":{"rendered":"\n<h2 class=\"wp-block-heading\">Os trabalhadores possuem at\u00e9 o dia 25 de julho para realizar o saque do PIS\/PASEP. Confira como receber o abono e quais ser\u00e3o os valores pagos.<\/h2>\n\n\n\n<p>Por Ana Fl\u00e1via Gonzaga &#8211; <\/p>\n\n\n\n<p>A data de pagamento do<a href=\"https:\/\/editalconcursosbrasil.com.br\/noticias\/2019\/07\/o-que-muda-no-pis-pasep-com-a-reforma-da-previdencia\/\">&nbsp;<strong>PIS\/PASEP<\/strong><\/a>&nbsp;foi definida! O abono ser\u00e1 pago no dia 25 de julho, com valores variando entre R$ 84 a R$ 998 reais. O trabalhador que n\u00e3o realizar o saque na data definida, perder\u00e1 o direito que possui ao benef\u00edcio.<\/p>\n\n\n\n<p>O abono \u00e9 ofertado para os cidad\u00e3os que trabalharam por, pelo menos, 30 dias no ano de 2017. Al\u00e9m disso, \u00e9 preciso que a&nbsp; remunera\u00e7\u00e3o mensal tenha sido de at\u00e9 dois sal\u00e1rios m\u00ednimos por m\u00eas (equivalente a R$ 1.874 em 2017). Assim, o trabalhador receber\u00e1 uma quantia proporcional ao n\u00famero de meses trabalhados com carteira assinada durante o ano base.<\/p>\n\n\n\n<p>O valor m\u00e1ximo ser\u00e1 pago para quem trabalhou durante 12 meses. J\u00e1 o valor m\u00ednimo ser\u00e1 pago para aqueles que trabalharam apenas 30 dias. Dessa forma, a quantia que ser\u00e1 recebia e os seus respectivos meses trabalhados s\u00e3o:<\/p>\n\n\n\n<ul class=\"wp-block-list\"><li><strong>1 m\u00eas trabalhado:<\/strong>&nbsp;R$ 84;<\/li><li><strong>2 meses trabalhados:<\/strong>&nbsp;R$ 167;<\/li><li><strong>3 meses trabalhados:<\/strong>&nbsp;R$ 250;<\/li><li><strong>4 meses trabalhados:<\/strong>&nbsp;R$ 333;<\/li><li><strong>5 meses trabalhados:<\/strong>&nbsp;R$ 416;<\/li><li><strong>6 meses trabalhados:<\/strong>&nbsp;R$ 499;<\/li><li><strong>7 meses trabalhados:<\/strong>&nbsp;R$ 583;<\/li><li><strong>8 meses trabalhados:<\/strong>&nbsp;R$ 666;<\/li><li><strong>9 meses trabalhados:<\/strong>&nbsp;R$ 749;<br><strong>10 meses trabalhados:<\/strong>&nbsp;R$ 832;<\/li><li><strong>11 meses trabalhados:<\/strong>&nbsp;R$ 915;<\/li><li><strong>12 meses trabalhados:<\/strong>&nbsp;R$ 988.<\/li><\/ul>\n\n\n\n<h3 class=\"wp-block-heading\">Como saber se tenho direito ao abono<\/h3>\n\n\n\n<p>Caso o trabalhador n\u00e3o saiba ou n\u00e3o tenha certeza se possui direito ao PIS\/PASEP, ele poder\u00e1 realizar consultas para sanar a d\u00favida. No caso dos trabalhadores de iniciativa privada, \u00e9 preciso entrar no<a href=\"https:\/\/acessoseguro.sso.caixa.gov.br\/cidadao\/auth?response_type=code&amp;client_id=portal-inter&amp;segmento=CIDADAO01&amp;template=portal&amp;redirect_uri=https:\/\/acessoseguro.sso.caixa.gov.br\/portal\/login\">&nbsp;site da Caixa<\/a>&nbsp;e clicar em \u201cconsultar pagamento\u201d. Assim, ele dever\u00e1 cadastrar uma senha para ter acesso aos dados.<\/p>\n\n\n\n<p>Al\u00e9m disso, tamb\u00e9m \u00e9 poss\u00edvel fazer a consulta pelo telefone 0800 726 0207, estando com o PIS, RG e CPF em m\u00e3os. J\u00e1 os servidores p\u00fablicos que desejam saber sua situa\u00e7\u00e3o frente ao PASEP devem entrar em contato pelos telefones 4004 0001 (capitais e regi\u00f5es metropolitanas) ou 0800 729 0001 (outras cidades).<\/p>\n\n\n\n<h3 class=\"wp-block-heading\">Como receber o PIS\/PASEP<\/h3>\n\n\n\n<p>Os trabalhadores de iniciativa privada devem receber o benef\u00edcio PIS em uma das ag\u00eancias da&nbsp;<a href=\"https:\/\/editalconcursosbrasil.com.br\/noticias\/2019\/07\/caixa-reduzira-ate-315-da-taxa-de-juros-em-financiamentos-imobiliarios\/\"><strong>Caixa Econ\u00f4mica Federal<\/strong><\/a>. De acordo com dados divulgados pelo bando, cerca de 1,9 milh\u00e3o de trabalhadores devem receber a quantia equivalente a R$ 1,3 bilh\u00e3o. Para realizar o saque, \u00e9 necess\u00e1rio ir at\u00e9 o caixa eletr\u00f4nico portando RG, CPF, carteira de trabalho ou o Cart\u00e3o Cidad\u00e3o.<\/p>\n\n\n\n<p>Al\u00e9m disso, \u00e9 preciso ter trabalhado por, ao menos, 30 dias e se enquadrar nos requisitos financeiros. \u00c9 preciso tamb\u00e9m estar inscrito no PIS\/PASEP por pelo menos cinco anos. Ademais, \u00e9 necess\u00e1rio estar com os dados atualizados, informados pelo empregador, na Rela\u00e7\u00e3o Anual de Informa\u00e7\u00f5es Sociais (RAIS).<\/p>\n\n\n\n<p>J\u00e1 os servidores p\u00fablicos dever\u00e3o realizar o saque do abono no<a href=\"https:\/\/editalconcursosbrasil.com.br\/noticias\/2019\/07\/banco-do-brasil-lanca-cartao-de-credito-sem-anuidade-e-consulta-ao-spc-e-serasa\/\"><strong>&nbsp;Banco do Brasil<\/strong><\/a>. Segundo informa\u00e7\u00f5es do banco, cerca de 227 mil abonos ainda est\u00e3o dispon\u00edveis, totalizando a quantia de R$ 168 milh\u00f5es<\/p>\n","protected":false},"excerpt":{"rendered":"<p>Os trabalhadores possuem at\u00e9 o dia 25 de julho para realizar o saque do PIS\/PASEP. Confira como receber o abono e quais ser\u00e3o os valores pagos. Por Ana Fl\u00e1via Gonzaga &#8211; A data de pagamento do&nbsp;PIS\/PASEP&nbsp;foi definida! O abono ser\u00e1 pago no dia 25 de julho, com valores variando entre R$ 84 a R$ 998 reais. O trabalhador que n\u00e3o realizar o saque na data definida, perder\u00e1 o direito que possui ao benef\u00edcio. O abono \u00e9 ofertado para os cidad\u00e3os que trabalharam por, pelo menos, 30 dias no ano de 2017. Al\u00e9m disso, \u00e9 preciso que a&nbsp; remunera\u00e7\u00e3o mensal tenha sido de at\u00e9 dois sal\u00e1rios m\u00ednimos por m\u00eas (equivalente a R$ 1.874 em 2017). Assim, o trabalhador receber\u00e1 uma quantia&hellip; <\/p>\n","protected":false},"author":1,"featured_media":186551,"comment_status":"closed","ping_status":"closed","sticky":false,"template":"","format":"standard","meta":{"_acf_changed":false,"footnotes":""},"categories":[20,19],"tags":[],"class_list":["post-233417","post","type-post","status-publish","format-standard","has-post-thumbnail","hentry","category-economia","category-servidores"],"acf":[],"yoast_head":"<!-- This site is optimized with the Yoast SEO plugin v27.4 - https:\/\/yoast.com\/product\/yoast-seo-wordpress\/ -->\n<title>Divulgada data para pagamento do PIS\/PASEP! - Blog do Farn\u00e9sio<\/title>\n<meta name=\"robots\" content=\"index, follow, max-snippet:-1, max-image-preview:large, max-video-preview:-1\" \/>\n<link rel=\"canonical\" href=\"https:\/\/blogdofarnesio.com.br\/?p=233417\" \/>\n<meta property=\"og:locale\" content=\"pt_BR\" \/>\n<meta property=\"og:type\" content=\"article\" \/>\n<meta property=\"og:title\" content=\"Divulgada data para pagamento do PIS\/PASEP! - Blog do Farn\u00e9sio\" \/>\n<meta property=\"og:description\" content=\"Os trabalhadores possuem at\u00e9 o dia 25 de julho para realizar o saque do PIS\/PASEP. Confira como receber o abono e quais ser\u00e3o os valores pagos. Por Ana Fl\u00e1via Gonzaga &#8211; A data de pagamento do&nbsp;PIS\/PASEP&nbsp;foi definida! O abono ser\u00e1 pago no dia 25 de julho, com valores variando entre R$ 84 a R$ 998 reais. O trabalhador que n\u00e3o realizar o saque na data definida, perder\u00e1 o direito que possui ao benef\u00edcio. O abono \u00e9 ofertado para os cidad\u00e3os que trabalharam por, pelo menos, 30 dias no ano de 2017. Al\u00e9m disso, \u00e9 preciso que a&nbsp; remunera\u00e7\u00e3o mensal tenha sido de at\u00e9 dois sal\u00e1rios m\u00ednimos por m\u00eas (equivalente a R$ 1.874 em 2017). Assim, o trabalhador receber\u00e1 uma quantia&hellip;\" \/>\n<meta property=\"og:url\" content=\"https:\/\/blogdofarnesio.com.br\/?p=233417\" \/>\n<meta property=\"og:site_name\" content=\"Blog do Farn\u00e9sio\" \/>\n<meta property=\"article:publisher\" content=\"https:\/\/www.facebook.com\/BlogQuerSaberPolitica\/\" \/>\n<meta property=\"article:published_time\" content=\"2019-07-21T13:30:15+00:00\" \/>\n<meta property=\"og:image\" content=\"https:\/\/blogdofarnesio.com.br\/wp-content\/uploads\/2018\/01\/blogqsp-pispasepjpg.jpg\" \/>\n\t<meta property=\"og:image:width\" content=\"586\" \/>\n\t<meta property=\"og:image:height\" content=\"276\" \/>\n\t<meta property=\"og:image:type\" content=\"image\/jpeg\" \/>\n<meta name=\"author\" content=\"Farn\u00e9sio\" \/>\n<meta name=\"twitter:card\" content=\"summary_large_image\" \/>\n<meta name=\"twitter:label1\" content=\"Escrito por\" \/>\n\t<meta name=\"twitter:data1\" content=\"Farn\u00e9sio\" \/>\n\t<meta name=\"twitter:label2\" content=\"Est. tempo de leitura\" \/>\n\t<meta name=\"twitter:data2\" content=\"3 minutos\" \/>\n<script type=\"application\/ld+json\" class=\"yoast-schema-graph\">{\"@context\":\"https:\\\/\\\/schema.org\",\"@graph\":[{\"@type\":\"Article\",\"@id\":\"https:\\\/\\\/blogdofarnesio.com.br\\\/?p=233417#article\",\"isPartOf\":{\"@id\":\"https:\\\/\\\/blogdofarnesio.com.br\\\/?p=233417\"},\"author\":{\"name\":\"Farn\u00e9sio\",\"@id\":\"https:\\\/\\\/blogdofarnesio.com.br\\\/#\\\/schema\\\/person\\\/301c4acf522bccbfdb45af95b5b906a1\"},\"headline\":\"Divulgada data para pagamento do PIS\\\/PASEP!\",\"datePublished\":\"2019-07-21T13:30:15+00:00\",\"mainEntityOfPage\":{\"@id\":\"https:\\\/\\\/blogdofarnesio.com.br\\\/?p=233417\"},\"wordCount\":510,\"publisher\":{\"@id\":\"https:\\\/\\\/blogdofarnesio.com.br\\\/#organization\"},\"image\":{\"@id\":\"https:\\\/\\\/blogdofarnesio.com.br\\\/?p=233417#primaryimage\"},\"thumbnailUrl\":\"https:\\\/\\\/blogdofarnesio.com.br\\\/wp-content\\\/uploads\\\/2018\\\/01\\\/blogqsp-pispasepjpg.jpg\",\"articleSection\":[\"Economia\",\"Servidores\"],\"inLanguage\":\"pt-BR\"},{\"@type\":\"WebPage\",\"@id\":\"https:\\\/\\\/blogdofarnesio.com.br\\\/?p=233417\",\"url\":\"https:\\\/\\\/blogdofarnesio.com.br\\\/?p=233417\",\"name\":\"Divulgada data para pagamento do PIS\\\/PASEP! - Blog do Farn\u00e9sio\",\"isPartOf\":{\"@id\":\"https:\\\/\\\/blogdofarnesio.com.br\\\/#website\"},\"primaryImageOfPage\":{\"@id\":\"https:\\\/\\\/blogdofarnesio.com.br\\\/?p=233417#primaryimage\"},\"image\":{\"@id\":\"https:\\\/\\\/blogdofarnesio.com.br\\\/?p=233417#primaryimage\"},\"thumbnailUrl\":\"https:\\\/\\\/blogdofarnesio.com.br\\\/wp-content\\\/uploads\\\/2018\\\/01\\\/blogqsp-pispasepjpg.jpg\",\"datePublished\":\"2019-07-21T13:30:15+00:00\",\"breadcrumb\":{\"@id\":\"https:\\\/\\\/blogdofarnesio.com.br\\\/?p=233417#breadcrumb\"},\"inLanguage\":\"pt-BR\",\"potentialAction\":[{\"@type\":\"ReadAction\",\"target\":[\"https:\\\/\\\/blogdofarnesio.com.br\\\/?p=233417\"]}]},{\"@type\":\"ImageObject\",\"inLanguage\":\"pt-BR\",\"@id\":\"https:\\\/\\\/blogdofarnesio.com.br\\\/?p=233417#primaryimage\",\"url\":\"https:\\\/\\\/blogdofarnesio.com.br\\\/wp-content\\\/uploads\\\/2018\\\/01\\\/blogqsp-pispasepjpg.jpg\",\"contentUrl\":\"https:\\\/\\\/blogdofarnesio.com.br\\\/wp-content\\\/uploads\\\/2018\\\/01\\\/blogqsp-pispasepjpg.jpg\",\"width\":586,\"height\":276},{\"@type\":\"BreadcrumbList\",\"@id\":\"https:\\\/\\\/blogdofarnesio.com.br\\\/?p=233417#breadcrumb\",\"itemListElement\":[{\"@type\":\"ListItem\",\"position\":1,\"name\":\"In\u00edcio\",\"item\":\"https:\\\/\\\/blogdofarnesio.com.br\\\/\"},{\"@type\":\"ListItem\",\"position\":2,\"name\":\"Divulgada data para pagamento do PIS\\\/PASEP!\"}]},{\"@type\":\"WebSite\",\"@id\":\"https:\\\/\\\/blogdofarnesio.com.br\\\/#website\",\"url\":\"https:\\\/\\\/blogdofarnesio.com.br\\\/\",\"name\":\"Blog do Farn\u00e9sio\",\"description\":\"Quer Saber Pol\u00edtica?\",\"publisher\":{\"@id\":\"https:\\\/\\\/blogdofarnesio.com.br\\\/#organization\"},\"potentialAction\":[{\"@type\":\"SearchAction\",\"target\":{\"@type\":\"EntryPoint\",\"urlTemplate\":\"https:\\\/\\\/blogdofarnesio.com.br\\\/?s={search_term_string}\"},\"query-input\":{\"@type\":\"PropertyValueSpecification\",\"valueRequired\":true,\"valueName\":\"search_term_string\"}}],\"inLanguage\":\"pt-BR\"},{\"@type\":\"Organization\",\"@id\":\"https:\\\/\\\/blogdofarnesio.com.br\\\/#organization\",\"name\":\"Blog do Farn\u00e9sio\",\"url\":\"https:\\\/\\\/blogdofarnesio.com.br\\\/\",\"logo\":{\"@type\":\"ImageObject\",\"inLanguage\":\"pt-BR\",\"@id\":\"https:\\\/\\\/blogdofarnesio.com.br\\\/#\\\/schema\\\/logo\\\/image\\\/\",\"url\":\"https:\\\/\\\/blogdofarnesio.com.br\\\/wp-content\\\/uploads\\\/2026\\\/03\\\/cropped-logo_new-1.png\",\"contentUrl\":\"https:\\\/\\\/blogdofarnesio.com.br\\\/wp-content\\\/uploads\\\/2026\\\/03\\\/cropped-logo_new-1.png\",\"width\":881,\"height\":685,\"caption\":\"Blog do Farn\u00e9sio\"},\"image\":{\"@id\":\"https:\\\/\\\/blogdofarnesio.com.br\\\/#\\\/schema\\\/logo\\\/image\\\/\"},\"sameAs\":[\"https:\\\/\\\/www.facebook.com\\\/BlogQuerSaberPolitica\\\/\"]},{\"@type\":\"Person\",\"@id\":\"https:\\\/\\\/blogdofarnesio.com.br\\\/#\\\/schema\\\/person\\\/301c4acf522bccbfdb45af95b5b906a1\",\"name\":\"Farn\u00e9sio\",\"image\":{\"@type\":\"ImageObject\",\"inLanguage\":\"pt-BR\",\"@id\":\"https:\\\/\\\/secure.gravatar.com\\\/avatar\\\/df0c9a14567c056f8ad6876ba5bbd1e3e2c48023eb6807342fc4663adf549f38?s=96&d=mm&r=g\",\"url\":\"https:\\\/\\\/secure.gravatar.com\\\/avatar\\\/df0c9a14567c056f8ad6876ba5bbd1e3e2c48023eb6807342fc4663adf549f38?s=96&d=mm&r=g\",\"contentUrl\":\"https:\\\/\\\/secure.gravatar.com\\\/avatar\\\/df0c9a14567c056f8ad6876ba5bbd1e3e2c48023eb6807342fc4663adf549f38?s=96&d=mm&r=g\",\"caption\":\"Farn\u00e9sio\"},\"sameAs\":[\"https:\\\/\\\/quersaberpolitica.com.br\"],\"url\":\"https:\\\/\\\/blogdofarnesio.com.br\\\/?author=1\"}]}<\/script>\n<!-- \/ Yoast SEO plugin. -->","yoast_head_json":{"title":"Divulgada data para pagamento do PIS\/PASEP! - Blog do Farn\u00e9sio","robots":{"index":"index","follow":"follow","max-snippet":"max-snippet:-1","max-image-preview":"max-image-preview:large","max-video-preview":"max-video-preview:-1"},"canonical":"https:\/\/blogdofarnesio.com.br\/?p=233417","og_locale":"pt_BR","og_type":"article","og_title":"Divulgada data para pagamento do PIS\/PASEP! - Blog do Farn\u00e9sio","og_description":"Os trabalhadores possuem at\u00e9 o dia 25 de julho para realizar o saque do PIS\/PASEP. Confira como receber o abono e quais ser\u00e3o os valores pagos. Por Ana Fl\u00e1via Gonzaga &#8211; A data de pagamento do&nbsp;PIS\/PASEP&nbsp;foi definida! O abono ser\u00e1 pago no dia 25 de julho, com valores variando entre R$ 84 a R$ 998 reais. O trabalhador que n\u00e3o realizar o saque na data definida, perder\u00e1 o direito que possui ao benef\u00edcio. O abono \u00e9 ofertado para os cidad\u00e3os que trabalharam por, pelo menos, 30 dias no ano de 2017. Al\u00e9m disso, \u00e9 preciso que a&nbsp; remunera\u00e7\u00e3o mensal tenha sido de at\u00e9 dois sal\u00e1rios m\u00ednimos por m\u00eas (equivalente a R$ 1.874 em 2017). Assim, o trabalhador receber\u00e1 uma quantia&hellip;","og_url":"https:\/\/blogdofarnesio.com.br\/?p=233417","og_site_name":"Blog do Farn\u00e9sio","article_publisher":"https:\/\/www.facebook.com\/BlogQuerSaberPolitica\/","article_published_time":"2019-07-21T13:30:15+00:00","og_image":[{"width":586,"height":276,"url":"https:\/\/blogdofarnesio.com.br\/wp-content\/uploads\/2018\/01\/blogqsp-pispasepjpg.jpg","type":"image\/jpeg"}],"author":"Farn\u00e9sio","twitter_card":"summary_large_image","twitter_misc":{"Escrito por":"Farn\u00e9sio","Est. tempo de leitura":"3 minutos"},"schema":{"@context":"https:\/\/schema.org","@graph":[{"@type":"Article","@id":"https:\/\/blogdofarnesio.com.br\/?p=233417#article","isPartOf":{"@id":"https:\/\/blogdofarnesio.com.br\/?p=233417"},"author":{"name":"Farn\u00e9sio","@id":"https:\/\/blogdofarnesio.com.br\/#\/schema\/person\/301c4acf522bccbfdb45af95b5b906a1"},"headline":"Divulgada data para pagamento do PIS\/PASEP!","datePublished":"2019-07-21T13:30:15+00:00","mainEntityOfPage":{"@id":"https:\/\/blogdofarnesio.com.br\/?p=233417"},"wordCount":510,"publisher":{"@id":"https:\/\/blogdofarnesio.com.br\/#organization"},"image":{"@id":"https:\/\/blogdofarnesio.com.br\/?p=233417#primaryimage"},"thumbnailUrl":"https:\/\/blogdofarnesio.com.br\/wp-content\/uploads\/2018\/01\/blogqsp-pispasepjpg.jpg","articleSection":["Economia","Servidores"],"inLanguage":"pt-BR"},{"@type":"WebPage","@id":"https:\/\/blogdofarnesio.com.br\/?p=233417","url":"https:\/\/blogdofarnesio.com.br\/?p=233417","name":"Divulgada data para pagamento do PIS\/PASEP! - Blog do Farn\u00e9sio","isPartOf":{"@id":"https:\/\/blogdofarnesio.com.br\/#website"},"primaryImageOfPage":{"@id":"https:\/\/blogdofarnesio.com.br\/?p=233417#primaryimage"},"image":{"@id":"https:\/\/blogdofarnesio.com.br\/?p=233417#primaryimage"},"thumbnailUrl":"https:\/\/blogdofarnesio.com.br\/wp-content\/uploads\/2018\/01\/blogqsp-pispasepjpg.jpg","datePublished":"2019-07-21T13:30:15+00:00","breadcrumb":{"@id":"https:\/\/blogdofarnesio.com.br\/?p=233417#breadcrumb"},"inLanguage":"pt-BR","potentialAction":[{"@type":"ReadAction","target":["https:\/\/blogdofarnesio.com.br\/?p=233417"]}]},{"@type":"ImageObject","inLanguage":"pt-BR","@id":"https:\/\/blogdofarnesio.com.br\/?p=233417#primaryimage","url":"https:\/\/blogdofarnesio.com.br\/wp-content\/uploads\/2018\/01\/blogqsp-pispasepjpg.jpg","contentUrl":"https:\/\/blogdofarnesio.com.br\/wp-content\/uploads\/2018\/01\/blogqsp-pispasepjpg.jpg","width":586,"height":276},{"@type":"BreadcrumbList","@id":"https:\/\/blogdofarnesio.com.br\/?p=233417#breadcrumb","itemListElement":[{"@type":"ListItem","position":1,"name":"In\u00edcio","item":"https:\/\/blogdofarnesio.com.br\/"},{"@type":"ListItem","position":2,"name":"Divulgada data para pagamento do PIS\/PASEP!"}]},{"@type":"WebSite","@id":"https:\/\/blogdofarnesio.com.br\/#website","url":"https:\/\/blogdofarnesio.com.br\/","name":"Blog do Farn\u00e9sio","description":"Quer Saber Pol\u00edtica?","publisher":{"@id":"https:\/\/blogdofarnesio.com.br\/#organization"},"potentialAction":[{"@type":"SearchAction","target":{"@type":"EntryPoint","urlTemplate":"https:\/\/blogdofarnesio.com.br\/?s={search_term_string}"},"query-input":{"@type":"PropertyValueSpecification","valueRequired":true,"valueName":"search_term_string"}}],"inLanguage":"pt-BR"},{"@type":"Organization","@id":"https:\/\/blogdofarnesio.com.br\/#organization","name":"Blog do Farn\u00e9sio","url":"https:\/\/blogdofarnesio.com.br\/","logo":{"@type":"ImageObject","inLanguage":"pt-BR","@id":"https:\/\/blogdofarnesio.com.br\/#\/schema\/logo\/image\/","url":"https:\/\/blogdofarnesio.com.br\/wp-content\/uploads\/2026\/03\/cropped-logo_new-1.png","contentUrl":"https:\/\/blogdofarnesio.com.br\/wp-content\/uploads\/2026\/03\/cropped-logo_new-1.png","width":881,"height":685,"caption":"Blog do Farn\u00e9sio"},"image":{"@id":"https:\/\/blogdofarnesio.com.br\/#\/schema\/logo\/image\/"},"sameAs":["https:\/\/www.facebook.com\/BlogQuerSaberPolitica\/"]},{"@type":"Person","@id":"https:\/\/blogdofarnesio.com.br\/#\/schema\/person\/301c4acf522bccbfdb45af95b5b906a1","name":"Farn\u00e9sio","image":{"@type":"ImageObject","inLanguage":"pt-BR","@id":"https:\/\/secure.gravatar.com\/avatar\/df0c9a14567c056f8ad6876ba5bbd1e3e2c48023eb6807342fc4663adf549f38?s=96&d=mm&r=g","url":"https:\/\/secure.gravatar.com\/avatar\/df0c9a14567c056f8ad6876ba5bbd1e3e2c48023eb6807342fc4663adf549f38?s=96&d=mm&r=g","contentUrl":"https:\/\/secure.gravatar.com\/avatar\/df0c9a14567c056f8ad6876ba5bbd1e3e2c48023eb6807342fc4663adf549f38?s=96&d=mm&r=g","caption":"Farn\u00e9sio"},"sameAs":["https:\/\/quersaberpolitica.com.br"],"url":"https:\/\/blogdofarnesio.com.br\/?author=1"}]}},"_links":{"self":[{"href":"https:\/\/blogdofarnesio.com.br\/index.php?rest_route=\/wp\/v2\/posts\/233417","targetHints":{"allow":["GET"]}}],"collection":[{"href":"https:\/\/blogdofarnesio.com.br\/index.php?rest_route=\/wp\/v2\/posts"}],"about":[{"href":"https:\/\/blogdofarnesio.com.br\/index.php?rest_route=\/wp\/v2\/types\/post"}],"author":[{"embeddable":true,"href":"https:\/\/blogdofarnesio.com.br\/index.php?rest_route=\/wp\/v2\/users\/1"}],"replies":[{"embeddable":true,"href":"https:\/\/blogdofarnesio.com.br\/index.php?rest_route=%2Fwp%2Fv2%2Fcomments&post=233417"}],"version-history":[{"count":0,"href":"https:\/\/blogdofarnesio.com.br\/index.php?rest_route=\/wp\/v2\/posts\/233417\/revisions"}],"wp:featuredmedia":[{"embeddable":true,"href":"https:\/\/blogdofarnesio.com.br\/index.php?rest_route=\/wp\/v2\/media\/186551"}],"wp:attachment":[{"href":"https:\/\/blogdofarnesio.com.br\/index.php?rest_route=%2Fwp%2Fv2%2Fmedia&parent=233417"}],"wp:term":[{"taxonomy":"category","embeddable":true,"href":"https:\/\/blogdofarnesio.com.br\/index.php?rest_route=%2Fwp%2Fv2%2Fcategories&post=233417"},{"taxonomy":"post_tag","embeddable":true,"href":"https:\/\/blogdofarnesio.com.br\/index.php?rest_route=%2Fwp%2Fv2%2Ftags&post=233417"}],"curies":[{"name":"wp","href":"https:\/\/api.w.org\/{rel}","templated":true}]}}