{"id":233399,"date":"2019-07-20T10:30:31","date_gmt":"2019-07-20T13:30:31","guid":{"rendered":"http:\/\/quersaberpolitica.com.br\/2016\/?p=233399"},"modified":"2019-07-20T10:20:25","modified_gmt":"2019-07-20T13:20:25","slug":"bruno","status":"publish","type":"post","link":"https:\/\/blogdofarnesio.com.br\/?p=233399","title":{"rendered":"Ex-goleiro Bruno, Condenado pelo homic\u00eddio de Eliza Samudio \u00e9 liberado para pris\u00e3o domiciliar"},"content":{"rendered":"\n<p>Por R\u00e9gis Melo e Lucas Soares&nbsp;\u2014 Varginha, MG<\/p>\n\n\n\n<hr class=\"wp-block-separator\"\/>\n\n\n\n<p>O goleiro Bruno Fernandes deixou o pres\u00eddio de Varginha (MG) na noite desta sexta-feira (19) e vai poder dormir em casa ap\u00f3s conseguir a progress\u00e3o para o regime semiaberto. A&nbsp;<a href=\"https:\/\/g1.globo.com\/mg\/sul-de-minas\/noticia\/2019\/07\/18\/goleiro-bruno-obtem-progressao-ao-regime-semiaberto-apos-decisao-da-justica-de-varginha.ghtml\">decis\u00e3o foi publicada nesta quinta-feira (18)&nbsp;<\/a>e cumprida ap\u00f3s a realiza\u00e7\u00e3o dos devidos procedimentos, como a audi\u00eancia de instru\u00e7\u00e3o e o exame m\u00e9dico para a sa\u00edda da pris\u00e3o.<\/p>\n\n\n\n<figure><iframe loading=\"lazy\" src=\"https:\/\/tpc.googlesyndication.com\/safeframe\/1-0-35\/html\/container.html?n=0\" height=\"250\" width=\"300\" allowfullscreen=\"\"><\/iframe><\/figure>\n\n\n\n<p>Bruno saiu do pres\u00eddio por volta de 19h. Com uma blusa branca com capuz, ele n\u00e3o falou com a imprensa e seguiu direto para o carro. A advogada do goleiro, Mariana Migliorini, disse que o goleiro vai cumprir a pena em Varginha e que ainda n\u00e3o sabe com o que e quando ele vai trabalhar. A comprova\u00e7\u00e3o de trabalho \u00e9 um dos requisitos para a progress\u00e3o para o regime semiaberto.<\/p>\n\n\n\n<figure class=\"wp-block-image\"><img decoding=\"async\" src=\"https:\/\/s04-video-glbimg-com.cdn.ampproject.org\/i\/s\/s04.video.glbimg.com\/640x360\/7779363.jpg\" alt=\"\"\/><\/figure>\n\n\n\n<figure><iframe src=\"https:\/\/s.videos.globo.com\/p3\/amp\/index.html?videosIDs=7779363&amp;adUnit=tvg_G1%2FSua_Regiao%3ESudeste%3EMinas_Gerais_%28Sul_de_Minas%29&amp;adCustomData=tvg_pgStr%3Dg1%2Fmg%2Fsul+de+minas&amp;adCmsId=11413&amp;adAccountId=95377733&amp;ga_productUA=UA-296593-3&amp;ga_extras=%7B%22dimension1%22%3A%22amp%22%7D&amp;domain=g1.globo.com&amp;ambient=amp&amp;origin_url=https%3A%2F%2Fg1.globo.com%2Fmg%2Fsul-de-minas%2Fnoticia%2F2019%2F07%2F19%2Fgoleiro-bruno-deixa-o-presidio-e-vai-dormir-em-casa-no-regime-semiaberto-em-varginha.ghtml#amp=1\"><\/iframe><\/figure>\n\n\n\n<p>Ex-goleiro Bruno deixa a pris\u00e3o em Varginha<\/p>\n\n\n\n<p>Bruno, que&nbsp;<a href=\"http:\/\/g1.globo.com\/minas-gerais\/julgamento-do-caso-eliza-samudio\/noticia\/2013\/03\/bruno-e-condenado-prisao-por-morte-de-eliza-ex-mulher-e-absolvida.html\">foi condenado pelo homic\u00eddio triplamente qualificado<\/a>&nbsp;de Eliza Samudio e pelo sequestro e c\u00e1rcere privado do filho Bruninho em 2010, estava preso em Varginha desde 2017, quando se mudou para a cidade ap\u00f3s conseguir uma liminar de soltura e assinar para jogar no Boa Esporte, time local.<\/p>\n\n\n\n<p>A&nbsp;<a href=\"https:\/\/g1.globo.com\/mg\/sul-de-minas\/noticia\/2019\/07\/19\/apos-conseguir-semiaberto-goleiro-bruno-pode-deixar-prisao-a-qualquer-momento-relembre-o-caso.ghtml\">vinda para a cidade foi marcada por diversas pol\u00eamicas<\/a>, sendo que a maior delas resultou na falta grave que causou o atraso na obten\u00e7\u00e3o da progress\u00e3o do regime e&nbsp;<a href=\"https:\/\/g1.globo.com\/mg\/sul-de-minas\/noticia\/2019\/02\/11\/goleiro-bruno-e-condenado-por-falta-grave-e-so-deve-sair-da-prisao-em-2023-diz-defesa.ghtml\">na imputa\u00e7\u00e3o de uma falta grave<\/a>, em fevereiro deste ano, a Bruno.<\/p>\n\n\n\n<figure class=\"wp-block-image\"><img decoding=\"async\" src=\"https:\/\/s02-video-glbimg-com.cdn.ampproject.org\/i\/s\/s02.video.glbimg.com\/640x360\/7778889.jpg\" alt=\"\"\/><\/figure>\n\n\n\n<figure><iframe src=\"https:\/\/s.videos.globo.com\/p3\/amp\/index.html?videosIDs=7778889&amp;adUnit=tvg_G1%2FSua_Regiao%3ESudeste%3EMinas_Gerais_%28Sul_de_Minas%29&amp;adCustomData=tvg_pgStr%3Dg1%2Fmg%2Fsul+de+minas&amp;adCmsId=11413&amp;adAccountId=95377733&amp;ga_productUA=UA-296593-3&amp;ga_extras=%7B%22dimension1%22%3A%22amp%22%7D&amp;domain=g1.globo.com&amp;ambient=amp&amp;origin_url=https%3A%2F%2Fg1.globo.com%2Fmg%2Fsul-de-minas%2Fnoticia%2F2019%2F07%2F19%2Fgoleiro-bruno-deixa-o-presidio-e-vai-dormir-em-casa-no-regime-semiaberto-em-varginha.ghtml#amp=1\"><\/iframe><\/figure>\n\n\n\n<p>Goleiro Bruno sai da cadeia e vai cumprir regime semiaberto<\/p>\n\n\n\n<figure><iframe loading=\"lazy\" src=\"https:\/\/tpc.googlesyndication.com\/safeframe\/1-0-35\/html\/container.html?n=0\" height=\"250\" width=\"300\" allowfullscreen=\"\"><\/iframe><\/figure>\n\n\n\n<p>No entanto, na decis\u00e3o desta quinta, o juiz Tarciso Moreira de Souza, da 1\u00aa Vara Criminal e de Execu\u00e7\u00f5es Penais da Comarca de Varginha analisou um ac\u00f3rd\u00e3o do Tribunal de Justi\u00e7a de Minas Gerais (TJMG) que excluiu a falta grave e, a partir da\u00ed, concedeu o benef\u00edcio a progress\u00e3o ao regime semiaberto domiciliar.<\/p>\n\n\n\n<p>Bruno vai poder dormir em casa porque a Associa\u00e7\u00e3o de Prote\u00e7\u00e3o e Assist\u00eancia ao Condenado (Apac) de Varginha ainda n\u00e3o possui conv\u00eanio com o Estado para poder receber os presos. Al\u00e9m disso, o munic\u00edpio n\u00e3o conta com outras institui\u00e7\u00f5es designadas para a fun\u00e7\u00e3o. Com isso, o semiaberto \u00e9 convertido em semiaberto domicilar.<\/p>\n\n\n\n<figure class=\"wp-block-image\"><img decoding=\"async\" src=\"https:\/\/s2-glbimg-com.cdn.ampproject.org\/i\/s\/s2.glbimg.com\/JS_MaN-gJBYPJmm-qscKza158wQ=\/0x0:1600x892\/695x0\/smart\/filters:strip_icc()\/i.s3.glbimg.com\/v1\/AUTH_59edd422c0c84a879bd37670ae4f538a\/internal_photos\/bs\/2018\/j\/F\/ADT3XvRfysZDGrAV7bLA\/bruno.jpg\" alt=\"Goleiro Bruno Fernandes \u2014 Foto: Reprodu\u00e7\u00e3o\/EPTV\/Claudemir Camilo\"\/><figcaption>Goleiro Bruno Fernandes \u2014 Foto: Reprodu\u00e7\u00e3o\/EPTV\/Claudemir Camilo<\/figcaption><\/figure>\n\n\n\n<h2 class=\"wp-block-heading\">Regras para o semiaberto<\/h2>\n\n\n\n<p>Mesmo saindo da pris\u00e3o e podendo dormir em casa, Bruno ainda deve seguir diversas regras que foram determinadas pelo juiz da 1\u00aa Vara Criminal. S\u00e3o elas:<\/p>\n\n\n\n<ul class=\"wp-block-list\"><li>Manter endere\u00e7o atualizado perante a Justi\u00e7a.<\/li><li>Comparecer em Ju\u00edzo at\u00e9 o dia 10 de cada m\u00eas para prestar contas de suas atividades.<\/li><li>Demonstrar, no prazo de 30 dias, que se encontra trabalhando, com c\u00f3pia da carta de emprego, ou CTPS, ou outro documento h\u00e1bil, ou justificar a impossibilidade.<\/li><li>Em caso da n\u00e3o comprova\u00e7\u00e3o de trabalho, dever\u00e1 prestar servi\u00e7o em obra, ou institui\u00e7\u00e3o p\u00fablica ou entidade conveniada.<\/li><li>Recolher-se para casa a partir das 20h at\u00e9 as 6h da manh\u00e3 seguinte, assim como aos domingos e feriados.<\/li><li>Ser fiscalizados pelas autoridades em casa e no trabalho.<\/li><li>N\u00e3o se envolver em crimes nem frequentar bares ou boates.<\/li><li>N\u00e3o se ausentar da cidade sem autoriza\u00e7\u00e3o pr\u00e9via da Justi\u00e7a.<\/li><\/ul>\n\n\n\n<figure class=\"wp-block-image\"><img decoding=\"async\" src=\"https:\/\/s2-glbimg-com.cdn.ampproject.org\/i\/s\/s2.glbimg.com\/dz4DtoB4vgsD6JM6BuWOb39UlPY=\/0x0:1600x823\/695x0\/smart\/filters:strip_icc()\/i.s3.glbimg.com\/v1\/AUTH_59edd422c0c84a879bd37670ae4f538a\/internal_photos\/bs\/2019\/D\/A\/RAGYTJSmiv8Bj55Sgvbw\/presidio-varginha.jpg\" alt=\"Bruno estava preso no pres\u00eddio de Varginha desde 2017 \u2014 Foto: Reprodu\u00e7\u00e3o EPTV\"\/><figcaption>Bruno estava preso no pres\u00eddio de Varginha desde 2017 \u2014 Foto: Reprodu\u00e7\u00e3o EPTV<\/figcaption><\/figure>\n\n\n\n<h2 class=\"wp-block-heading\">Crimes<\/h2>\n\n\n\n<p>Bruno foi condenado pelo homic\u00eddio triplamente qualificado de Eliza Samudio e pelo sequestro e c\u00e1rcere privado do filho Bruninho. Ele tamb\u00e9m havia sido condenado por oculta\u00e7\u00e3o de cad\u00e1ver, mas esta pena foi extinta, porque a Justi\u00e7a entendeu que o crime prescreveu. As penas somadas chegaram a 20 anos e 9 meses de pris\u00e3o.<\/p>\n\n\n\n<p>Em 2017, o goleiro chegou a ser solto por uma liminar do Superior Tribunal Federal (STF) e voltou a jogar futebol, atuando no M\u00f3dulo 2 do Campeonato Mineiro pelo Boa Esporte, mas depois teve a medida revogada e um pedido de habeas corpus negado. Em 27 de abril de 2017, Bruno se apresentou \u00e0 pol\u00edcia em Varginha, onde foi preso e levado para o pres\u00eddio da cidade.<\/p>\n\n\n\n<p>Em junho de 2018, ele passou a trabalhar na Associa\u00e7\u00e3o de Prote\u00e7\u00e3o e Assist\u00eancia ao Condenado (Apac) da cidade, ap\u00f3s decis\u00e3o da 1\u00aa Vara Criminal e de Execu\u00e7\u00f5es Penais. Desde ent\u00e3o, cumpria pena e trabalhava na unidade, mas teve o direito cassado quando a den\u00fancia veio a p\u00fablico e voltou a ficar somente no pres\u00eddio.<\/p>\n\n\n\n<figure class=\"wp-block-image\"><img decoding=\"async\" src=\"https:\/\/s2-glbimg-com.cdn.ampproject.org\/i\/s\/s2.glbimg.com\/vS9B_7EFEo8GSMWdIZSHxX2R86w=\/0x0:620x465\/695x0\/smart\/filters:strip_icc()\/i.s3.glbimg.com\/v1\/AUTH_59edd422c0c84a879bd37670ae4f538a\/internal_photos\/bs\/2018\/I\/9\/iPM57GShuiaM2vLK7EAg\/eliza-samudio-e-bruno-foto.jpg\" alt=\"Eliza Samudio e o ex-goleiro Bruno \u2014 Foto: Reprodu\u00e7\u00e3o\/Arquivo pessoal\/TV Globo\"\/><figcaption>Eliza Samudio e o ex-goleiro Bruno \u2014 Foto: Reprodu\u00e7\u00e3o\/Arquivo pessoal\/TV Globo<\/figcaption><\/figure>\n","protected":false},"excerpt":{"rendered":"<p>Por R\u00e9gis Melo e Lucas Soares&nbsp;\u2014 Varginha, MG O goleiro Bruno Fernandes deixou o pres\u00eddio de Varginha (MG) na noite desta sexta-feira (19) e vai poder dormir em casa ap\u00f3s conseguir a progress\u00e3o para o regime semiaberto. A&nbsp;decis\u00e3o foi publicada nesta quinta-feira (18)&nbsp;e cumprida ap\u00f3s a realiza\u00e7\u00e3o dos devidos procedimentos, como a audi\u00eancia de instru\u00e7\u00e3o e o exame m\u00e9dico para a sa\u00edda da pris\u00e3o. Bruno saiu do pres\u00eddio por volta de 19h. Com uma blusa branca com capuz, ele n\u00e3o falou com a imprensa e seguiu direto para o carro. A advogada do goleiro, Mariana Migliorini, disse que o goleiro vai cumprir a pena em Varginha e que ainda n\u00e3o sabe com o que e quando ele vai trabalhar. A&hellip; <\/p>\n","protected":false},"author":1,"featured_media":156522,"comment_status":"closed","ping_status":"closed","sticky":false,"template":"","format":"standard","meta":{"_acf_changed":false,"footnotes":""},"categories":[23],"tags":[],"class_list":["post-233399","post","type-post","status-publish","format-standard","has-post-thumbnail","hentry","category-justica"],"acf":[],"yoast_head":"<!-- This site is optimized with the Yoast SEO plugin v27.4 - https:\/\/yoast.com\/product\/yoast-seo-wordpress\/ -->\n<title>Ex-goleiro Bruno, Condenado pelo homic\u00eddio de Eliza Samudio \u00e9 liberado para pris\u00e3o domiciliar - Blog do Farn\u00e9sio<\/title>\n<meta name=\"robots\" content=\"index, follow, max-snippet:-1, max-image-preview:large, max-video-preview:-1\" \/>\n<link rel=\"canonical\" href=\"https:\/\/blogdofarnesio.com.br\/?p=233399\" \/>\n<meta property=\"og:locale\" content=\"pt_BR\" \/>\n<meta property=\"og:type\" content=\"article\" \/>\n<meta property=\"og:title\" content=\"Ex-goleiro Bruno, Condenado pelo homic\u00eddio de Eliza Samudio \u00e9 liberado para pris\u00e3o domiciliar - Blog do Farn\u00e9sio\" \/>\n<meta property=\"og:description\" content=\"Por R\u00e9gis Melo e Lucas Soares&nbsp;\u2014 Varginha, MG O goleiro Bruno Fernandes deixou o pres\u00eddio de Varginha (MG) na noite desta sexta-feira (19) e vai poder dormir em casa ap\u00f3s conseguir a progress\u00e3o para o regime semiaberto. A&nbsp;decis\u00e3o foi publicada nesta quinta-feira (18)&nbsp;e cumprida ap\u00f3s a realiza\u00e7\u00e3o dos devidos procedimentos, como a audi\u00eancia de instru\u00e7\u00e3o e o exame m\u00e9dico para a sa\u00edda da pris\u00e3o. Bruno saiu do pres\u00eddio por volta de 19h. Com uma blusa branca com capuz, ele n\u00e3o falou com a imprensa e seguiu direto para o carro. A advogada do goleiro, Mariana Migliorini, disse que o goleiro vai cumprir a pena em Varginha e que ainda n\u00e3o sabe com o que e quando ele vai trabalhar. A&hellip;\" \/>\n<meta property=\"og:url\" content=\"https:\/\/blogdofarnesio.com.br\/?p=233399\" \/>\n<meta property=\"og:site_name\" content=\"Blog do Farn\u00e9sio\" \/>\n<meta property=\"article:publisher\" content=\"https:\/\/www.facebook.com\/BlogQuerSaberPolitica\/\" \/>\n<meta property=\"article:published_time\" content=\"2019-07-20T13:30:31+00:00\" \/>\n<meta property=\"og:image\" content=\"https:\/\/blogdofarnesio.com.br\/wp-content\/uploads\/2017\/02\/blogqsp-goleirobruno.jpg\" \/>\n\t<meta property=\"og:image:width\" content=\"380\" \/>\n\t<meta property=\"og:image:height\" content=\"280\" \/>\n\t<meta property=\"og:image:type\" content=\"image\/jpeg\" \/>\n<meta name=\"author\" content=\"Farn\u00e9sio\" \/>\n<meta name=\"twitter:card\" content=\"summary_large_image\" \/>\n<meta name=\"twitter:label1\" content=\"Escrito por\" \/>\n\t<meta name=\"twitter:data1\" content=\"Farn\u00e9sio\" \/>\n\t<meta name=\"twitter:label2\" content=\"Est. tempo de leitura\" \/>\n\t<meta name=\"twitter:data2\" content=\"4 minutos\" \/>\n<script type=\"application\/ld+json\" class=\"yoast-schema-graph\">{\"@context\":\"https:\\\/\\\/schema.org\",\"@graph\":[{\"@type\":\"Article\",\"@id\":\"https:\\\/\\\/blogdofarnesio.com.br\\\/?p=233399#article\",\"isPartOf\":{\"@id\":\"https:\\\/\\\/blogdofarnesio.com.br\\\/?p=233399\"},\"author\":{\"name\":\"Farn\u00e9sio\",\"@id\":\"https:\\\/\\\/blogdofarnesio.com.br\\\/#\\\/schema\\\/person\\\/301c4acf522bccbfdb45af95b5b906a1\"},\"headline\":\"Ex-goleiro Bruno, Condenado pelo homic\u00eddio de Eliza Samudio \u00e9 liberado para pris\u00e3o domiciliar\",\"datePublished\":\"2019-07-20T13:30:31+00:00\",\"mainEntityOfPage\":{\"@id\":\"https:\\\/\\\/blogdofarnesio.com.br\\\/?p=233399\"},\"wordCount\":786,\"publisher\":{\"@id\":\"https:\\\/\\\/blogdofarnesio.com.br\\\/#organization\"},\"image\":{\"@id\":\"https:\\\/\\\/blogdofarnesio.com.br\\\/?p=233399#primaryimage\"},\"thumbnailUrl\":\"https:\\\/\\\/blogdofarnesio.com.br\\\/wp-content\\\/uploads\\\/2017\\\/02\\\/blogqsp-goleirobruno.jpg\",\"articleSection\":[\"Justi\u00e7a\"],\"inLanguage\":\"pt-BR\"},{\"@type\":\"WebPage\",\"@id\":\"https:\\\/\\\/blogdofarnesio.com.br\\\/?p=233399\",\"url\":\"https:\\\/\\\/blogdofarnesio.com.br\\\/?p=233399\",\"name\":\"Ex-goleiro Bruno, Condenado pelo homic\u00eddio de Eliza Samudio \u00e9 liberado para pris\u00e3o domiciliar - Blog do Farn\u00e9sio\",\"isPartOf\":{\"@id\":\"https:\\\/\\\/blogdofarnesio.com.br\\\/#website\"},\"primaryImageOfPage\":{\"@id\":\"https:\\\/\\\/blogdofarnesio.com.br\\\/?p=233399#primaryimage\"},\"image\":{\"@id\":\"https:\\\/\\\/blogdofarnesio.com.br\\\/?p=233399#primaryimage\"},\"thumbnailUrl\":\"https:\\\/\\\/blogdofarnesio.com.br\\\/wp-content\\\/uploads\\\/2017\\\/02\\\/blogqsp-goleirobruno.jpg\",\"datePublished\":\"2019-07-20T13:30:31+00:00\",\"breadcrumb\":{\"@id\":\"https:\\\/\\\/blogdofarnesio.com.br\\\/?p=233399#breadcrumb\"},\"inLanguage\":\"pt-BR\",\"potentialAction\":[{\"@type\":\"ReadAction\",\"target\":[\"https:\\\/\\\/blogdofarnesio.com.br\\\/?p=233399\"]}]},{\"@type\":\"ImageObject\",\"inLanguage\":\"pt-BR\",\"@id\":\"https:\\\/\\\/blogdofarnesio.com.br\\\/?p=233399#primaryimage\",\"url\":\"https:\\\/\\\/blogdofarnesio.com.br\\\/wp-content\\\/uploads\\\/2017\\\/02\\\/blogqsp-goleirobruno.jpg\",\"contentUrl\":\"https:\\\/\\\/blogdofarnesio.com.br\\\/wp-content\\\/uploads\\\/2017\\\/02\\\/blogqsp-goleirobruno.jpg\",\"width\":380,\"height\":280},{\"@type\":\"BreadcrumbList\",\"@id\":\"https:\\\/\\\/blogdofarnesio.com.br\\\/?p=233399#breadcrumb\",\"itemListElement\":[{\"@type\":\"ListItem\",\"position\":1,\"name\":\"In\u00edcio\",\"item\":\"https:\\\/\\\/blogdofarnesio.com.br\\\/\"},{\"@type\":\"ListItem\",\"position\":2,\"name\":\"Ex-goleiro Bruno, Condenado pelo homic\u00eddio de Eliza Samudio \u00e9 liberado para pris\u00e3o domiciliar\"}]},{\"@type\":\"WebSite\",\"@id\":\"https:\\\/\\\/blogdofarnesio.com.br\\\/#website\",\"url\":\"https:\\\/\\\/blogdofarnesio.com.br\\\/\",\"name\":\"Blog do Farn\u00e9sio\",\"description\":\"Quer Saber Pol\u00edtica?\",\"publisher\":{\"@id\":\"https:\\\/\\\/blogdofarnesio.com.br\\\/#organization\"},\"potentialAction\":[{\"@type\":\"SearchAction\",\"target\":{\"@type\":\"EntryPoint\",\"urlTemplate\":\"https:\\\/\\\/blogdofarnesio.com.br\\\/?s={search_term_string}\"},\"query-input\":{\"@type\":\"PropertyValueSpecification\",\"valueRequired\":true,\"valueName\":\"search_term_string\"}}],\"inLanguage\":\"pt-BR\"},{\"@type\":\"Organization\",\"@id\":\"https:\\\/\\\/blogdofarnesio.com.br\\\/#organization\",\"name\":\"Blog do Farn\u00e9sio\",\"url\":\"https:\\\/\\\/blogdofarnesio.com.br\\\/\",\"logo\":{\"@type\":\"ImageObject\",\"inLanguage\":\"pt-BR\",\"@id\":\"https:\\\/\\\/blogdofarnesio.com.br\\\/#\\\/schema\\\/logo\\\/image\\\/\",\"url\":\"https:\\\/\\\/blogdofarnesio.com.br\\\/wp-content\\\/uploads\\\/2026\\\/03\\\/cropped-logo_new-1.png\",\"contentUrl\":\"https:\\\/\\\/blogdofarnesio.com.br\\\/wp-content\\\/uploads\\\/2026\\\/03\\\/cropped-logo_new-1.png\",\"width\":881,\"height\":685,\"caption\":\"Blog do Farn\u00e9sio\"},\"image\":{\"@id\":\"https:\\\/\\\/blogdofarnesio.com.br\\\/#\\\/schema\\\/logo\\\/image\\\/\"},\"sameAs\":[\"https:\\\/\\\/www.facebook.com\\\/BlogQuerSaberPolitica\\\/\"]},{\"@type\":\"Person\",\"@id\":\"https:\\\/\\\/blogdofarnesio.com.br\\\/#\\\/schema\\\/person\\\/301c4acf522bccbfdb45af95b5b906a1\",\"name\":\"Farn\u00e9sio\",\"image\":{\"@type\":\"ImageObject\",\"inLanguage\":\"pt-BR\",\"@id\":\"https:\\\/\\\/secure.gravatar.com\\\/avatar\\\/df0c9a14567c056f8ad6876ba5bbd1e3e2c48023eb6807342fc4663adf549f38?s=96&d=mm&r=g\",\"url\":\"https:\\\/\\\/secure.gravatar.com\\\/avatar\\\/df0c9a14567c056f8ad6876ba5bbd1e3e2c48023eb6807342fc4663adf549f38?s=96&d=mm&r=g\",\"contentUrl\":\"https:\\\/\\\/secure.gravatar.com\\\/avatar\\\/df0c9a14567c056f8ad6876ba5bbd1e3e2c48023eb6807342fc4663adf549f38?s=96&d=mm&r=g\",\"caption\":\"Farn\u00e9sio\"},\"sameAs\":[\"https:\\\/\\\/quersaberpolitica.com.br\"],\"url\":\"https:\\\/\\\/blogdofarnesio.com.br\\\/?author=1\"}]}<\/script>\n<!-- \/ Yoast SEO plugin. -->","yoast_head_json":{"title":"Ex-goleiro Bruno, Condenado pelo homic\u00eddio de Eliza Samudio \u00e9 liberado para pris\u00e3o domiciliar - Blog do Farn\u00e9sio","robots":{"index":"index","follow":"follow","max-snippet":"max-snippet:-1","max-image-preview":"max-image-preview:large","max-video-preview":"max-video-preview:-1"},"canonical":"https:\/\/blogdofarnesio.com.br\/?p=233399","og_locale":"pt_BR","og_type":"article","og_title":"Ex-goleiro Bruno, Condenado pelo homic\u00eddio de Eliza Samudio \u00e9 liberado para pris\u00e3o domiciliar - Blog do Farn\u00e9sio","og_description":"Por R\u00e9gis Melo e Lucas Soares&nbsp;\u2014 Varginha, MG O goleiro Bruno Fernandes deixou o pres\u00eddio de Varginha (MG) na noite desta sexta-feira (19) e vai poder dormir em casa ap\u00f3s conseguir a progress\u00e3o para o regime semiaberto. A&nbsp;decis\u00e3o foi publicada nesta quinta-feira (18)&nbsp;e cumprida ap\u00f3s a realiza\u00e7\u00e3o dos devidos procedimentos, como a audi\u00eancia de instru\u00e7\u00e3o e o exame m\u00e9dico para a sa\u00edda da pris\u00e3o. Bruno saiu do pres\u00eddio por volta de 19h. Com uma blusa branca com capuz, ele n\u00e3o falou com a imprensa e seguiu direto para o carro. A advogada do goleiro, Mariana Migliorini, disse que o goleiro vai cumprir a pena em Varginha e que ainda n\u00e3o sabe com o que e quando ele vai trabalhar. A&hellip;","og_url":"https:\/\/blogdofarnesio.com.br\/?p=233399","og_site_name":"Blog do Farn\u00e9sio","article_publisher":"https:\/\/www.facebook.com\/BlogQuerSaberPolitica\/","article_published_time":"2019-07-20T13:30:31+00:00","og_image":[{"width":380,"height":280,"url":"https:\/\/blogdofarnesio.com.br\/wp-content\/uploads\/2017\/02\/blogqsp-goleirobruno.jpg","type":"image\/jpeg"}],"author":"Farn\u00e9sio","twitter_card":"summary_large_image","twitter_misc":{"Escrito por":"Farn\u00e9sio","Est. tempo de leitura":"4 minutos"},"schema":{"@context":"https:\/\/schema.org","@graph":[{"@type":"Article","@id":"https:\/\/blogdofarnesio.com.br\/?p=233399#article","isPartOf":{"@id":"https:\/\/blogdofarnesio.com.br\/?p=233399"},"author":{"name":"Farn\u00e9sio","@id":"https:\/\/blogdofarnesio.com.br\/#\/schema\/person\/301c4acf522bccbfdb45af95b5b906a1"},"headline":"Ex-goleiro Bruno, Condenado pelo homic\u00eddio de Eliza Samudio \u00e9 liberado para pris\u00e3o domiciliar","datePublished":"2019-07-20T13:30:31+00:00","mainEntityOfPage":{"@id":"https:\/\/blogdofarnesio.com.br\/?p=233399"},"wordCount":786,"publisher":{"@id":"https:\/\/blogdofarnesio.com.br\/#organization"},"image":{"@id":"https:\/\/blogdofarnesio.com.br\/?p=233399#primaryimage"},"thumbnailUrl":"https:\/\/blogdofarnesio.com.br\/wp-content\/uploads\/2017\/02\/blogqsp-goleirobruno.jpg","articleSection":["Justi\u00e7a"],"inLanguage":"pt-BR"},{"@type":"WebPage","@id":"https:\/\/blogdofarnesio.com.br\/?p=233399","url":"https:\/\/blogdofarnesio.com.br\/?p=233399","name":"Ex-goleiro Bruno, Condenado pelo homic\u00eddio de Eliza Samudio \u00e9 liberado para pris\u00e3o domiciliar - Blog do Farn\u00e9sio","isPartOf":{"@id":"https:\/\/blogdofarnesio.com.br\/#website"},"primaryImageOfPage":{"@id":"https:\/\/blogdofarnesio.com.br\/?p=233399#primaryimage"},"image":{"@id":"https:\/\/blogdofarnesio.com.br\/?p=233399#primaryimage"},"thumbnailUrl":"https:\/\/blogdofarnesio.com.br\/wp-content\/uploads\/2017\/02\/blogqsp-goleirobruno.jpg","datePublished":"2019-07-20T13:30:31+00:00","breadcrumb":{"@id":"https:\/\/blogdofarnesio.com.br\/?p=233399#breadcrumb"},"inLanguage":"pt-BR","potentialAction":[{"@type":"ReadAction","target":["https:\/\/blogdofarnesio.com.br\/?p=233399"]}]},{"@type":"ImageObject","inLanguage":"pt-BR","@id":"https:\/\/blogdofarnesio.com.br\/?p=233399#primaryimage","url":"https:\/\/blogdofarnesio.com.br\/wp-content\/uploads\/2017\/02\/blogqsp-goleirobruno.jpg","contentUrl":"https:\/\/blogdofarnesio.com.br\/wp-content\/uploads\/2017\/02\/blogqsp-goleirobruno.jpg","width":380,"height":280},{"@type":"BreadcrumbList","@id":"https:\/\/blogdofarnesio.com.br\/?p=233399#breadcrumb","itemListElement":[{"@type":"ListItem","position":1,"name":"In\u00edcio","item":"https:\/\/blogdofarnesio.com.br\/"},{"@type":"ListItem","position":2,"name":"Ex-goleiro Bruno, Condenado pelo homic\u00eddio de Eliza Samudio \u00e9 liberado para pris\u00e3o domiciliar"}]},{"@type":"WebSite","@id":"https:\/\/blogdofarnesio.com.br\/#website","url":"https:\/\/blogdofarnesio.com.br\/","name":"Blog do Farn\u00e9sio","description":"Quer Saber Pol\u00edtica?","publisher":{"@id":"https:\/\/blogdofarnesio.com.br\/#organization"},"potentialAction":[{"@type":"SearchAction","target":{"@type":"EntryPoint","urlTemplate":"https:\/\/blogdofarnesio.com.br\/?s={search_term_string}"},"query-input":{"@type":"PropertyValueSpecification","valueRequired":true,"valueName":"search_term_string"}}],"inLanguage":"pt-BR"},{"@type":"Organization","@id":"https:\/\/blogdofarnesio.com.br\/#organization","name":"Blog do Farn\u00e9sio","url":"https:\/\/blogdofarnesio.com.br\/","logo":{"@type":"ImageObject","inLanguage":"pt-BR","@id":"https:\/\/blogdofarnesio.com.br\/#\/schema\/logo\/image\/","url":"https:\/\/blogdofarnesio.com.br\/wp-content\/uploads\/2026\/03\/cropped-logo_new-1.png","contentUrl":"https:\/\/blogdofarnesio.com.br\/wp-content\/uploads\/2026\/03\/cropped-logo_new-1.png","width":881,"height":685,"caption":"Blog do Farn\u00e9sio"},"image":{"@id":"https:\/\/blogdofarnesio.com.br\/#\/schema\/logo\/image\/"},"sameAs":["https:\/\/www.facebook.com\/BlogQuerSaberPolitica\/"]},{"@type":"Person","@id":"https:\/\/blogdofarnesio.com.br\/#\/schema\/person\/301c4acf522bccbfdb45af95b5b906a1","name":"Farn\u00e9sio","image":{"@type":"ImageObject","inLanguage":"pt-BR","@id":"https:\/\/secure.gravatar.com\/avatar\/df0c9a14567c056f8ad6876ba5bbd1e3e2c48023eb6807342fc4663adf549f38?s=96&d=mm&r=g","url":"https:\/\/secure.gravatar.com\/avatar\/df0c9a14567c056f8ad6876ba5bbd1e3e2c48023eb6807342fc4663adf549f38?s=96&d=mm&r=g","contentUrl":"https:\/\/secure.gravatar.com\/avatar\/df0c9a14567c056f8ad6876ba5bbd1e3e2c48023eb6807342fc4663adf549f38?s=96&d=mm&r=g","caption":"Farn\u00e9sio"},"sameAs":["https:\/\/quersaberpolitica.com.br"],"url":"https:\/\/blogdofarnesio.com.br\/?author=1"}]}},"_links":{"self":[{"href":"https:\/\/blogdofarnesio.com.br\/index.php?rest_route=\/wp\/v2\/posts\/233399","targetHints":{"allow":["GET"]}}],"collection":[{"href":"https:\/\/blogdofarnesio.com.br\/index.php?rest_route=\/wp\/v2\/posts"}],"about":[{"href":"https:\/\/blogdofarnesio.com.br\/index.php?rest_route=\/wp\/v2\/types\/post"}],"author":[{"embeddable":true,"href":"https:\/\/blogdofarnesio.com.br\/index.php?rest_route=\/wp\/v2\/users\/1"}],"replies":[{"embeddable":true,"href":"https:\/\/blogdofarnesio.com.br\/index.php?rest_route=%2Fwp%2Fv2%2Fcomments&post=233399"}],"version-history":[{"count":0,"href":"https:\/\/blogdofarnesio.com.br\/index.php?rest_route=\/wp\/v2\/posts\/233399\/revisions"}],"wp:featuredmedia":[{"embeddable":true,"href":"https:\/\/blogdofarnesio.com.br\/index.php?rest_route=\/wp\/v2\/media\/156522"}],"wp:attachment":[{"href":"https:\/\/blogdofarnesio.com.br\/index.php?rest_route=%2Fwp%2Fv2%2Fmedia&parent=233399"}],"wp:term":[{"taxonomy":"category","embeddable":true,"href":"https:\/\/blogdofarnesio.com.br\/index.php?rest_route=%2Fwp%2Fv2%2Fcategories&post=233399"},{"taxonomy":"post_tag","embeddable":true,"href":"https:\/\/blogdofarnesio.com.br\/index.php?rest_route=%2Fwp%2Fv2%2Ftags&post=233399"}],"curies":[{"name":"wp","href":"https:\/\/api.w.org\/{rel}","templated":true}]}}