{"id":233345,"date":"2019-07-20T10:00:54","date_gmt":"2019-07-20T13:00:54","guid":{"rendered":"http:\/\/quersaberpolitica.com.br\/2016\/?p=233345"},"modified":"2019-07-20T08:10:35","modified_gmt":"2019-07-20T11:10:35","slug":"prova-de-ciclismo-vai-movimentar-o-fim-de-semana-em-juazeiro","status":"publish","type":"post","link":"https:\/\/blogdofarnesio.com.br\/?p=233345","title":{"rendered":"Prova de ciclismo vai movimentar o fim de semana em Juazeiro"},"content":{"rendered":"\n<p>Uma das etapas do Campeonato Baiano de Ciclismo ser\u00e1 realizada neste final de semana, 20 e 21 de julho, em Juazeiro. O evento \u00e9 uma parceria da Superintend\u00eancia de Desportos do Estado da Bahia, Federa\u00e7\u00e3o Baiana de Ciclismo e Prefeitura Municipal de Juazeiro, atrav\u00e9s da Secretaria de Cultura, Turismo e Esportes. Neste s\u00e1bado, \u00e0s 15h, acontece a prova de 10km contra rel\u00f3gio, no domingo \u00e0s 8h30, acontece a prova de 130 km na BR 235, encerrando no p\u00e1tio da empresa Agrovale.<\/p>\n\n\n\n<p>De acordo com o Superintendente de Esportes da SECULTE, Gilberto Pacheco, as duas provas t\u00eam largada na BR 235, com encerramento no p\u00e1tio da empresa Agrovale, que tamb\u00e9m \u00e9 parceira do evento. \u201cTeremos 120 atletas inscritos nas duas provas. As inscri\u00e7\u00f5es foram feitas diretamente no site da Federa\u00e7\u00e3o Baiana de Ciclismo. Nos articulamos para realizar o evento e, com o apoio da Agrovale, parte do percurso ser\u00e1 em um trecho da pista da empresa\u201d, completa.<\/p>\n","protected":false},"excerpt":{"rendered":"<p>Uma das etapas do Campeonato Baiano de Ciclismo ser\u00e1 realizada neste final de semana, 20 e 21 de julho, em Juazeiro. O evento \u00e9 uma parceria da Superintend\u00eancia de Desportos do Estado da Bahia, Federa\u00e7\u00e3o Baiana de Ciclismo e Prefeitura Municipal de Juazeiro, atrav\u00e9s da Secretaria de Cultura, Turismo e Esportes. Neste s\u00e1bado, \u00e0s 15h, acontece a prova de 10km contra rel\u00f3gio, no domingo \u00e0s 8h30, acontece a prova de 130 km na BR 235, encerrando no p\u00e1tio da empresa Agrovale. De acordo com o Superintendente de Esportes da SECULTE, Gilberto Pacheco, as duas provas t\u00eam largada na BR 235, com encerramento no p\u00e1tio da empresa Agrovale, que tamb\u00e9m \u00e9 parceira do evento. \u201cTeremos 120 atletas inscritos nas duas provas.&hellip; <\/p>\n","protected":false},"author":1,"featured_media":233347,"comment_status":"closed","ping_status":"closed","sticky":false,"template":"","format":"standard","meta":{"_acf_changed":false,"footnotes":""},"categories":[8],"tags":[],"class_list":["post-233345","post","type-post","status-publish","format-standard","has-post-thumbnail","hentry","category-esportes"],"acf":[],"yoast_head":"<!-- This site is optimized with the Yoast SEO plugin v27.4 - https:\/\/yoast.com\/product\/yoast-seo-wordpress\/ -->\n<title>Prova de ciclismo vai movimentar o fim de semana em Juazeiro - Blog do Farn\u00e9sio<\/title>\n<meta name=\"robots\" content=\"index, follow, max-snippet:-1, max-image-preview:large, max-video-preview:-1\" \/>\n<link rel=\"canonical\" href=\"https:\/\/blogdofarnesio.com.br\/?p=233345\" \/>\n<meta property=\"og:locale\" content=\"pt_BR\" \/>\n<meta property=\"og:type\" content=\"article\" \/>\n<meta property=\"og:title\" content=\"Prova de ciclismo vai movimentar o fim de semana em Juazeiro - Blog do Farn\u00e9sio\" \/>\n<meta property=\"og:description\" content=\"Uma das etapas do Campeonato Baiano de Ciclismo ser\u00e1 realizada neste final de semana, 20 e 21 de julho, em Juazeiro. O evento \u00e9 uma parceria da Superintend\u00eancia de Desportos do Estado da Bahia, Federa\u00e7\u00e3o Baiana de Ciclismo e Prefeitura Municipal de Juazeiro, atrav\u00e9s da Secretaria de Cultura, Turismo e Esportes. Neste s\u00e1bado, \u00e0s 15h, acontece a prova de 10km contra rel\u00f3gio, no domingo \u00e0s 8h30, acontece a prova de 130 km na BR 235, encerrando no p\u00e1tio da empresa Agrovale. De acordo com o Superintendente de Esportes da SECULTE, Gilberto Pacheco, as duas provas t\u00eam largada na BR 235, com encerramento no p\u00e1tio da empresa Agrovale, que tamb\u00e9m \u00e9 parceira do evento. \u201cTeremos 120 atletas inscritos nas duas provas.&hellip;\" \/>\n<meta property=\"og:url\" content=\"https:\/\/blogdofarnesio.com.br\/?p=233345\" \/>\n<meta property=\"og:site_name\" content=\"Blog do Farn\u00e9sio\" \/>\n<meta property=\"article:publisher\" content=\"https:\/\/www.facebook.com\/BlogQuerSaberPolitica\/\" \/>\n<meta property=\"article:published_time\" content=\"2019-07-20T13:00:54+00:00\" \/>\n<meta property=\"og:image\" content=\"https:\/\/blogdofarnesio.com.br\/wp-content\/uploads\/2019\/07\/blogqsp-Campeonato-Baiano-Ciclismo-2018.jpg\" \/>\n\t<meta property=\"og:image:width\" content=\"640\" \/>\n\t<meta property=\"og:image:height\" content=\"356\" \/>\n\t<meta property=\"og:image:type\" content=\"image\/jpeg\" \/>\n<meta name=\"author\" content=\"Farn\u00e9sio\" \/>\n<meta name=\"twitter:card\" content=\"summary_large_image\" \/>\n<meta name=\"twitter:label1\" content=\"Escrito por\" \/>\n\t<meta name=\"twitter:data1\" content=\"Farn\u00e9sio\" \/>\n\t<meta name=\"twitter:label2\" content=\"Est. tempo de leitura\" \/>\n\t<meta name=\"twitter:data2\" content=\"1 minuto\" \/>\n<script type=\"application\/ld+json\" class=\"yoast-schema-graph\">{\"@context\":\"https:\\\/\\\/schema.org\",\"@graph\":[{\"@type\":\"Article\",\"@id\":\"https:\\\/\\\/blogdofarnesio.com.br\\\/?p=233345#article\",\"isPartOf\":{\"@id\":\"https:\\\/\\\/blogdofarnesio.com.br\\\/?p=233345\"},\"author\":{\"name\":\"Farn\u00e9sio\",\"@id\":\"https:\\\/\\\/blogdofarnesio.com.br\\\/#\\\/schema\\\/person\\\/301c4acf522bccbfdb45af95b5b906a1\"},\"headline\":\"Prova de ciclismo vai movimentar o fim de semana em Juazeiro\",\"datePublished\":\"2019-07-20T13:00:54+00:00\",\"mainEntityOfPage\":{\"@id\":\"https:\\\/\\\/blogdofarnesio.com.br\\\/?p=233345\"},\"wordCount\":170,\"publisher\":{\"@id\":\"https:\\\/\\\/blogdofarnesio.com.br\\\/#organization\"},\"image\":{\"@id\":\"https:\\\/\\\/blogdofarnesio.com.br\\\/?p=233345#primaryimage\"},\"thumbnailUrl\":\"https:\\\/\\\/blogdofarnesio.com.br\\\/wp-content\\\/uploads\\\/2019\\\/07\\\/blogqsp-Campeonato-Baiano-Ciclismo-2018.jpg\",\"articleSection\":[\"Esportes\"],\"inLanguage\":\"pt-BR\"},{\"@type\":\"WebPage\",\"@id\":\"https:\\\/\\\/blogdofarnesio.com.br\\\/?p=233345\",\"url\":\"https:\\\/\\\/blogdofarnesio.com.br\\\/?p=233345\",\"name\":\"Prova de ciclismo vai movimentar o fim de semana em Juazeiro - Blog do Farn\u00e9sio\",\"isPartOf\":{\"@id\":\"https:\\\/\\\/blogdofarnesio.com.br\\\/#website\"},\"primaryImageOfPage\":{\"@id\":\"https:\\\/\\\/blogdofarnesio.com.br\\\/?p=233345#primaryimage\"},\"image\":{\"@id\":\"https:\\\/\\\/blogdofarnesio.com.br\\\/?p=233345#primaryimage\"},\"thumbnailUrl\":\"https:\\\/\\\/blogdofarnesio.com.br\\\/wp-content\\\/uploads\\\/2019\\\/07\\\/blogqsp-Campeonato-Baiano-Ciclismo-2018.jpg\",\"datePublished\":\"2019-07-20T13:00:54+00:00\",\"breadcrumb\":{\"@id\":\"https:\\\/\\\/blogdofarnesio.com.br\\\/?p=233345#breadcrumb\"},\"inLanguage\":\"pt-BR\",\"potentialAction\":[{\"@type\":\"ReadAction\",\"target\":[\"https:\\\/\\\/blogdofarnesio.com.br\\\/?p=233345\"]}]},{\"@type\":\"ImageObject\",\"inLanguage\":\"pt-BR\",\"@id\":\"https:\\\/\\\/blogdofarnesio.com.br\\\/?p=233345#primaryimage\",\"url\":\"https:\\\/\\\/blogdofarnesio.com.br\\\/wp-content\\\/uploads\\\/2019\\\/07\\\/blogqsp-Campeonato-Baiano-Ciclismo-2018.jpg\",\"contentUrl\":\"https:\\\/\\\/blogdofarnesio.com.br\\\/wp-content\\\/uploads\\\/2019\\\/07\\\/blogqsp-Campeonato-Baiano-Ciclismo-2018.jpg\",\"width\":640,\"height\":356},{\"@type\":\"BreadcrumbList\",\"@id\":\"https:\\\/\\\/blogdofarnesio.com.br\\\/?p=233345#breadcrumb\",\"itemListElement\":[{\"@type\":\"ListItem\",\"position\":1,\"name\":\"In\u00edcio\",\"item\":\"https:\\\/\\\/blogdofarnesio.com.br\\\/\"},{\"@type\":\"ListItem\",\"position\":2,\"name\":\"Prova de ciclismo vai movimentar o fim de semana em Juazeiro\"}]},{\"@type\":\"WebSite\",\"@id\":\"https:\\\/\\\/blogdofarnesio.com.br\\\/#website\",\"url\":\"https:\\\/\\\/blogdofarnesio.com.br\\\/\",\"name\":\"Blog do Farn\u00e9sio\",\"description\":\"Quer Saber Pol\u00edtica?\",\"publisher\":{\"@id\":\"https:\\\/\\\/blogdofarnesio.com.br\\\/#organization\"},\"potentialAction\":[{\"@type\":\"SearchAction\",\"target\":{\"@type\":\"EntryPoint\",\"urlTemplate\":\"https:\\\/\\\/blogdofarnesio.com.br\\\/?s={search_term_string}\"},\"query-input\":{\"@type\":\"PropertyValueSpecification\",\"valueRequired\":true,\"valueName\":\"search_term_string\"}}],\"inLanguage\":\"pt-BR\"},{\"@type\":\"Organization\",\"@id\":\"https:\\\/\\\/blogdofarnesio.com.br\\\/#organization\",\"name\":\"Blog do Farn\u00e9sio\",\"url\":\"https:\\\/\\\/blogdofarnesio.com.br\\\/\",\"logo\":{\"@type\":\"ImageObject\",\"inLanguage\":\"pt-BR\",\"@id\":\"https:\\\/\\\/blogdofarnesio.com.br\\\/#\\\/schema\\\/logo\\\/image\\\/\",\"url\":\"https:\\\/\\\/blogdofarnesio.com.br\\\/wp-content\\\/uploads\\\/2026\\\/03\\\/cropped-logo_new-1.png\",\"contentUrl\":\"https:\\\/\\\/blogdofarnesio.com.br\\\/wp-content\\\/uploads\\\/2026\\\/03\\\/cropped-logo_new-1.png\",\"width\":881,\"height\":685,\"caption\":\"Blog do Farn\u00e9sio\"},\"image\":{\"@id\":\"https:\\\/\\\/blogdofarnesio.com.br\\\/#\\\/schema\\\/logo\\\/image\\\/\"},\"sameAs\":[\"https:\\\/\\\/www.facebook.com\\\/BlogQuerSaberPolitica\\\/\"]},{\"@type\":\"Person\",\"@id\":\"https:\\\/\\\/blogdofarnesio.com.br\\\/#\\\/schema\\\/person\\\/301c4acf522bccbfdb45af95b5b906a1\",\"name\":\"Farn\u00e9sio\",\"image\":{\"@type\":\"ImageObject\",\"inLanguage\":\"pt-BR\",\"@id\":\"https:\\\/\\\/secure.gravatar.com\\\/avatar\\\/df0c9a14567c056f8ad6876ba5bbd1e3e2c48023eb6807342fc4663adf549f38?s=96&d=mm&r=g\",\"url\":\"https:\\\/\\\/secure.gravatar.com\\\/avatar\\\/df0c9a14567c056f8ad6876ba5bbd1e3e2c48023eb6807342fc4663adf549f38?s=96&d=mm&r=g\",\"contentUrl\":\"https:\\\/\\\/secure.gravatar.com\\\/avatar\\\/df0c9a14567c056f8ad6876ba5bbd1e3e2c48023eb6807342fc4663adf549f38?s=96&d=mm&r=g\",\"caption\":\"Farn\u00e9sio\"},\"sameAs\":[\"https:\\\/\\\/quersaberpolitica.com.br\"],\"url\":\"https:\\\/\\\/blogdofarnesio.com.br\\\/?author=1\"}]}<\/script>\n<!-- \/ Yoast SEO plugin. -->","yoast_head_json":{"title":"Prova de ciclismo vai movimentar o fim de semana em Juazeiro - Blog do Farn\u00e9sio","robots":{"index":"index","follow":"follow","max-snippet":"max-snippet:-1","max-image-preview":"max-image-preview:large","max-video-preview":"max-video-preview:-1"},"canonical":"https:\/\/blogdofarnesio.com.br\/?p=233345","og_locale":"pt_BR","og_type":"article","og_title":"Prova de ciclismo vai movimentar o fim de semana em Juazeiro - Blog do Farn\u00e9sio","og_description":"Uma das etapas do Campeonato Baiano de Ciclismo ser\u00e1 realizada neste final de semana, 20 e 21 de julho, em Juazeiro. O evento \u00e9 uma parceria da Superintend\u00eancia de Desportos do Estado da Bahia, Federa\u00e7\u00e3o Baiana de Ciclismo e Prefeitura Municipal de Juazeiro, atrav\u00e9s da Secretaria de Cultura, Turismo e Esportes. Neste s\u00e1bado, \u00e0s 15h, acontece a prova de 10km contra rel\u00f3gio, no domingo \u00e0s 8h30, acontece a prova de 130 km na BR 235, encerrando no p\u00e1tio da empresa Agrovale. De acordo com o Superintendente de Esportes da SECULTE, Gilberto Pacheco, as duas provas t\u00eam largada na BR 235, com encerramento no p\u00e1tio da empresa Agrovale, que tamb\u00e9m \u00e9 parceira do evento. \u201cTeremos 120 atletas inscritos nas duas provas.&hellip;","og_url":"https:\/\/blogdofarnesio.com.br\/?p=233345","og_site_name":"Blog do Farn\u00e9sio","article_publisher":"https:\/\/www.facebook.com\/BlogQuerSaberPolitica\/","article_published_time":"2019-07-20T13:00:54+00:00","og_image":[{"width":640,"height":356,"url":"https:\/\/blogdofarnesio.com.br\/wp-content\/uploads\/2019\/07\/blogqsp-Campeonato-Baiano-Ciclismo-2018.jpg","type":"image\/jpeg"}],"author":"Farn\u00e9sio","twitter_card":"summary_large_image","twitter_misc":{"Escrito por":"Farn\u00e9sio","Est. tempo de leitura":"1 minuto"},"schema":{"@context":"https:\/\/schema.org","@graph":[{"@type":"Article","@id":"https:\/\/blogdofarnesio.com.br\/?p=233345#article","isPartOf":{"@id":"https:\/\/blogdofarnesio.com.br\/?p=233345"},"author":{"name":"Farn\u00e9sio","@id":"https:\/\/blogdofarnesio.com.br\/#\/schema\/person\/301c4acf522bccbfdb45af95b5b906a1"},"headline":"Prova de ciclismo vai movimentar o fim de semana em Juazeiro","datePublished":"2019-07-20T13:00:54+00:00","mainEntityOfPage":{"@id":"https:\/\/blogdofarnesio.com.br\/?p=233345"},"wordCount":170,"publisher":{"@id":"https:\/\/blogdofarnesio.com.br\/#organization"},"image":{"@id":"https:\/\/blogdofarnesio.com.br\/?p=233345#primaryimage"},"thumbnailUrl":"https:\/\/blogdofarnesio.com.br\/wp-content\/uploads\/2019\/07\/blogqsp-Campeonato-Baiano-Ciclismo-2018.jpg","articleSection":["Esportes"],"inLanguage":"pt-BR"},{"@type":"WebPage","@id":"https:\/\/blogdofarnesio.com.br\/?p=233345","url":"https:\/\/blogdofarnesio.com.br\/?p=233345","name":"Prova de ciclismo vai movimentar o fim de semana em Juazeiro - Blog do Farn\u00e9sio","isPartOf":{"@id":"https:\/\/blogdofarnesio.com.br\/#website"},"primaryImageOfPage":{"@id":"https:\/\/blogdofarnesio.com.br\/?p=233345#primaryimage"},"image":{"@id":"https:\/\/blogdofarnesio.com.br\/?p=233345#primaryimage"},"thumbnailUrl":"https:\/\/blogdofarnesio.com.br\/wp-content\/uploads\/2019\/07\/blogqsp-Campeonato-Baiano-Ciclismo-2018.jpg","datePublished":"2019-07-20T13:00:54+00:00","breadcrumb":{"@id":"https:\/\/blogdofarnesio.com.br\/?p=233345#breadcrumb"},"inLanguage":"pt-BR","potentialAction":[{"@type":"ReadAction","target":["https:\/\/blogdofarnesio.com.br\/?p=233345"]}]},{"@type":"ImageObject","inLanguage":"pt-BR","@id":"https:\/\/blogdofarnesio.com.br\/?p=233345#primaryimage","url":"https:\/\/blogdofarnesio.com.br\/wp-content\/uploads\/2019\/07\/blogqsp-Campeonato-Baiano-Ciclismo-2018.jpg","contentUrl":"https:\/\/blogdofarnesio.com.br\/wp-content\/uploads\/2019\/07\/blogqsp-Campeonato-Baiano-Ciclismo-2018.jpg","width":640,"height":356},{"@type":"BreadcrumbList","@id":"https:\/\/blogdofarnesio.com.br\/?p=233345#breadcrumb","itemListElement":[{"@type":"ListItem","position":1,"name":"In\u00edcio","item":"https:\/\/blogdofarnesio.com.br\/"},{"@type":"ListItem","position":2,"name":"Prova de ciclismo vai movimentar o fim de semana em Juazeiro"}]},{"@type":"WebSite","@id":"https:\/\/blogdofarnesio.com.br\/#website","url":"https:\/\/blogdofarnesio.com.br\/","name":"Blog do Farn\u00e9sio","description":"Quer Saber Pol\u00edtica?","publisher":{"@id":"https:\/\/blogdofarnesio.com.br\/#organization"},"potentialAction":[{"@type":"SearchAction","target":{"@type":"EntryPoint","urlTemplate":"https:\/\/blogdofarnesio.com.br\/?s={search_term_string}"},"query-input":{"@type":"PropertyValueSpecification","valueRequired":true,"valueName":"search_term_string"}}],"inLanguage":"pt-BR"},{"@type":"Organization","@id":"https:\/\/blogdofarnesio.com.br\/#organization","name":"Blog do Farn\u00e9sio","url":"https:\/\/blogdofarnesio.com.br\/","logo":{"@type":"ImageObject","inLanguage":"pt-BR","@id":"https:\/\/blogdofarnesio.com.br\/#\/schema\/logo\/image\/","url":"https:\/\/blogdofarnesio.com.br\/wp-content\/uploads\/2026\/03\/cropped-logo_new-1.png","contentUrl":"https:\/\/blogdofarnesio.com.br\/wp-content\/uploads\/2026\/03\/cropped-logo_new-1.png","width":881,"height":685,"caption":"Blog do Farn\u00e9sio"},"image":{"@id":"https:\/\/blogdofarnesio.com.br\/#\/schema\/logo\/image\/"},"sameAs":["https:\/\/www.facebook.com\/BlogQuerSaberPolitica\/"]},{"@type":"Person","@id":"https:\/\/blogdofarnesio.com.br\/#\/schema\/person\/301c4acf522bccbfdb45af95b5b906a1","name":"Farn\u00e9sio","image":{"@type":"ImageObject","inLanguage":"pt-BR","@id":"https:\/\/secure.gravatar.com\/avatar\/df0c9a14567c056f8ad6876ba5bbd1e3e2c48023eb6807342fc4663adf549f38?s=96&d=mm&r=g","url":"https:\/\/secure.gravatar.com\/avatar\/df0c9a14567c056f8ad6876ba5bbd1e3e2c48023eb6807342fc4663adf549f38?s=96&d=mm&r=g","contentUrl":"https:\/\/secure.gravatar.com\/avatar\/df0c9a14567c056f8ad6876ba5bbd1e3e2c48023eb6807342fc4663adf549f38?s=96&d=mm&r=g","caption":"Farn\u00e9sio"},"sameAs":["https:\/\/quersaberpolitica.com.br"],"url":"https:\/\/blogdofarnesio.com.br\/?author=1"}]}},"_links":{"self":[{"href":"https:\/\/blogdofarnesio.com.br\/index.php?rest_route=\/wp\/v2\/posts\/233345","targetHints":{"allow":["GET"]}}],"collection":[{"href":"https:\/\/blogdofarnesio.com.br\/index.php?rest_route=\/wp\/v2\/posts"}],"about":[{"href":"https:\/\/blogdofarnesio.com.br\/index.php?rest_route=\/wp\/v2\/types\/post"}],"author":[{"embeddable":true,"href":"https:\/\/blogdofarnesio.com.br\/index.php?rest_route=\/wp\/v2\/users\/1"}],"replies":[{"embeddable":true,"href":"https:\/\/blogdofarnesio.com.br\/index.php?rest_route=%2Fwp%2Fv2%2Fcomments&post=233345"}],"version-history":[{"count":0,"href":"https:\/\/blogdofarnesio.com.br\/index.php?rest_route=\/wp\/v2\/posts\/233345\/revisions"}],"wp:featuredmedia":[{"embeddable":true,"href":"https:\/\/blogdofarnesio.com.br\/index.php?rest_route=\/wp\/v2\/media\/233347"}],"wp:attachment":[{"href":"https:\/\/blogdofarnesio.com.br\/index.php?rest_route=%2Fwp%2Fv2%2Fmedia&parent=233345"}],"wp:term":[{"taxonomy":"category","embeddable":true,"href":"https:\/\/blogdofarnesio.com.br\/index.php?rest_route=%2Fwp%2Fv2%2Fcategories&post=233345"},{"taxonomy":"post_tag","embeddable":true,"href":"https:\/\/blogdofarnesio.com.br\/index.php?rest_route=%2Fwp%2Fv2%2Ftags&post=233345"}],"curies":[{"name":"wp","href":"https:\/\/api.w.org\/{rel}","templated":true}]}}