{"id":233282,"date":"2019-07-19T09:00:19","date_gmt":"2019-07-19T12:00:19","guid":{"rendered":"http:\/\/quersaberpolitica.com.br\/2016\/?p=233282"},"modified":"2019-07-18T19:22:21","modified_gmt":"2019-07-18T22:22:21","slug":"mais-de-11-mil-familias-pediram-desligamento-do-bolsa-familia-em-2019","status":"publish","type":"post","link":"https:\/\/blogdofarnesio.com.br\/?p=233282","title":{"rendered":"Mais de 11 mil fam\u00edlias pediram desligamento do Bolsa Fam\u00edlia em 2019"},"content":{"rendered":"\n<p>Por:&nbsp;<a href=\"mailto:pauta@ebc.com.br\">Ag\u00eancia Brasil<\/a><\/p>\n\n\n\n<p>Mais de 11 mil fam\u00edlias solicitaram desligamento volunt\u00e1rio do Bolsa Fam\u00edlia em 2019, segundo o Minist\u00e9rio da Cidadania. Geralmente, o cancelamento do benef\u00edcio \u00e9 pedido quando benefici\u00e1rio consegue um emprego formal.<\/p>\n\n\n\n<p>O programa atende cidad\u00e3os em situa\u00e7\u00e3o de pobreza e de extrema pobreza e inclui fam\u00edlias com renda por pessoa entre R$ 89,01 e R$ 178 mensais, desde que tenham crian\u00e7as ou adolescentes de 0 a 17 anos.<br>Segundo a pasta, se a fam\u00edlia que solicitou o desligamento volunt\u00e1rio precisar novamente do benef\u00edcio, o processo \u00e9 simples. Se o pedido foi h\u00e1 menos de 36 meses, basta procurar o setor respons\u00e1vel pelo Bolsa Fam\u00edlia na sua cidade, levar a documenta\u00e7\u00e3o e solicitar a revers\u00e3o do cancelamento.<br>Fam\u00edlias consideradas abaixo da linha da pobreza, com renda per capta de at\u00e9 R$ 178 por m\u00eas, tem retorno garantido ao programa. Para solicitar a reinclus\u00e3o, o benefici\u00e1rio deve procurar o setor respons\u00e1vel pelo Bolsa Fam\u00edlia de seu munic\u00edpio. \u00c9 necess\u00e1rio levar CPF ou t\u00edtulo de eleitor e documento de identifica\u00e7\u00e3o do respons\u00e1vel familiar. Al\u00e9m disso, \u00e9 preciso apresentar a documenta\u00e7\u00e3o de todos os integrantes da fam\u00edlia, para atualizar o cadastro.<\/p>\n\n\n\n<p>Os munic\u00edpios e o Distrito Federal s\u00e3o os respons\u00e1veis pelo cadastramento das fam\u00edlias \u2014 assim, as fam\u00edlias interessadas devem ir ao setor do Bolsa Fam\u00edlia e do Cadastro \u00danico em sua cidade. Em muitos locais, o cadastramento tamb\u00e9m pode ser realizado nos Centros de Refer\u00eancia da Assist\u00eancia Social (Cras).\n\n<\/p>\n","protected":false},"excerpt":{"rendered":"<p>Por:&nbsp;Ag\u00eancia Brasil Mais de 11 mil fam\u00edlias solicitaram desligamento volunt\u00e1rio do Bolsa Fam\u00edlia em 2019, segundo o Minist\u00e9rio da Cidadania. Geralmente, o cancelamento do benef\u00edcio \u00e9 pedido quando benefici\u00e1rio consegue um emprego formal. O programa atende cidad\u00e3os em situa\u00e7\u00e3o de pobreza e de extrema pobreza e inclui fam\u00edlias com renda por pessoa entre R$ 89,01 e R$ 178 mensais, desde que tenham crian\u00e7as ou adolescentes de 0 a 17 anos.Segundo a pasta, se a fam\u00edlia que solicitou o desligamento volunt\u00e1rio precisar novamente do benef\u00edcio, o processo \u00e9 simples. Se o pedido foi h\u00e1 menos de 36 meses, basta procurar o setor respons\u00e1vel pelo Bolsa Fam\u00edlia na sua cidade, levar a documenta\u00e7\u00e3o e solicitar a revers\u00e3o do cancelamento.Fam\u00edlias consideradas abaixo da&hellip; <\/p>\n","protected":false},"author":1,"featured_media":72706,"comment_status":"closed","ping_status":"closed","sticky":false,"template":"","format":"standard","meta":{"_acf_changed":false,"footnotes":""},"categories":[22],"tags":[],"class_list":["post-233282","post","type-post","status-publish","format-standard","has-post-thumbnail","hentry","category-acao-social"],"acf":[],"yoast_head":"<!-- This site is optimized with the Yoast SEO plugin v27.4 - https:\/\/yoast.com\/product\/yoast-seo-wordpress\/ -->\n<title>Mais de 11 mil fam\u00edlias pediram desligamento do Bolsa Fam\u00edlia em 2019 - Blog do Farn\u00e9sio<\/title>\n<meta name=\"robots\" content=\"index, follow, max-snippet:-1, max-image-preview:large, max-video-preview:-1\" \/>\n<link rel=\"canonical\" href=\"https:\/\/blogdofarnesio.com.br\/?p=233282\" \/>\n<meta property=\"og:locale\" content=\"pt_BR\" \/>\n<meta property=\"og:type\" content=\"article\" \/>\n<meta property=\"og:title\" content=\"Mais de 11 mil fam\u00edlias pediram desligamento do Bolsa Fam\u00edlia em 2019 - Blog do Farn\u00e9sio\" \/>\n<meta property=\"og:description\" content=\"Por:&nbsp;Ag\u00eancia Brasil Mais de 11 mil fam\u00edlias solicitaram desligamento volunt\u00e1rio do Bolsa Fam\u00edlia em 2019, segundo o Minist\u00e9rio da Cidadania. Geralmente, o cancelamento do benef\u00edcio \u00e9 pedido quando benefici\u00e1rio consegue um emprego formal. O programa atende cidad\u00e3os em situa\u00e7\u00e3o de pobreza e de extrema pobreza e inclui fam\u00edlias com renda por pessoa entre R$ 89,01 e R$ 178 mensais, desde que tenham crian\u00e7as ou adolescentes de 0 a 17 anos.Segundo a pasta, se a fam\u00edlia que solicitou o desligamento volunt\u00e1rio precisar novamente do benef\u00edcio, o processo \u00e9 simples. Se o pedido foi h\u00e1 menos de 36 meses, basta procurar o setor respons\u00e1vel pelo Bolsa Fam\u00edlia na sua cidade, levar a documenta\u00e7\u00e3o e solicitar a revers\u00e3o do cancelamento.Fam\u00edlias consideradas abaixo da&hellip;\" \/>\n<meta property=\"og:url\" content=\"https:\/\/blogdofarnesio.com.br\/?p=233282\" \/>\n<meta property=\"og:site_name\" content=\"Blog do Farn\u00e9sio\" \/>\n<meta property=\"article:publisher\" content=\"https:\/\/www.facebook.com\/BlogQuerSaberPolitica\/\" \/>\n<meta property=\"article:published_time\" content=\"2019-07-19T12:00:19+00:00\" \/>\n<meta property=\"og:image\" content=\"https:\/\/blogdofarnesio.com.br\/wp-content\/uploads\/2014\/02\/fotmateriaOK.jpg\" \/>\n\t<meta property=\"og:image:width\" content=\"400\" \/>\n\t<meta property=\"og:image:height\" content=\"300\" \/>\n\t<meta property=\"og:image:type\" content=\"image\/jpeg\" \/>\n<meta name=\"author\" content=\"Farn\u00e9sio\" \/>\n<meta name=\"twitter:card\" content=\"summary_large_image\" \/>\n<meta name=\"twitter:label1\" content=\"Escrito por\" \/>\n\t<meta name=\"twitter:data1\" content=\"Farn\u00e9sio\" \/>\n\t<meta name=\"twitter:label2\" content=\"Est. tempo de leitura\" \/>\n\t<meta name=\"twitter:data2\" content=\"1 minuto\" \/>\n<script type=\"application\/ld+json\" class=\"yoast-schema-graph\">{\"@context\":\"https:\\\/\\\/schema.org\",\"@graph\":[{\"@type\":\"Article\",\"@id\":\"https:\\\/\\\/blogdofarnesio.com.br\\\/?p=233282#article\",\"isPartOf\":{\"@id\":\"https:\\\/\\\/blogdofarnesio.com.br\\\/?p=233282\"},\"author\":{\"name\":\"Farn\u00e9sio\",\"@id\":\"https:\\\/\\\/blogdofarnesio.com.br\\\/#\\\/schema\\\/person\\\/301c4acf522bccbfdb45af95b5b906a1\"},\"headline\":\"Mais de 11 mil fam\u00edlias pediram desligamento do Bolsa Fam\u00edlia em 2019\",\"datePublished\":\"2019-07-19T12:00:19+00:00\",\"mainEntityOfPage\":{\"@id\":\"https:\\\/\\\/blogdofarnesio.com.br\\\/?p=233282\"},\"wordCount\":280,\"publisher\":{\"@id\":\"https:\\\/\\\/blogdofarnesio.com.br\\\/#organization\"},\"image\":{\"@id\":\"https:\\\/\\\/blogdofarnesio.com.br\\\/?p=233282#primaryimage\"},\"thumbnailUrl\":\"https:\\\/\\\/blogdofarnesio.com.br\\\/wp-content\\\/uploads\\\/2014\\\/02\\\/fotmateriaOK.jpg\",\"articleSection\":[\"A\u00e7\u00e3o Social\"],\"inLanguage\":\"pt-BR\"},{\"@type\":\"WebPage\",\"@id\":\"https:\\\/\\\/blogdofarnesio.com.br\\\/?p=233282\",\"url\":\"https:\\\/\\\/blogdofarnesio.com.br\\\/?p=233282\",\"name\":\"Mais de 11 mil fam\u00edlias pediram desligamento do Bolsa Fam\u00edlia em 2019 - Blog do Farn\u00e9sio\",\"isPartOf\":{\"@id\":\"https:\\\/\\\/blogdofarnesio.com.br\\\/#website\"},\"primaryImageOfPage\":{\"@id\":\"https:\\\/\\\/blogdofarnesio.com.br\\\/?p=233282#primaryimage\"},\"image\":{\"@id\":\"https:\\\/\\\/blogdofarnesio.com.br\\\/?p=233282#primaryimage\"},\"thumbnailUrl\":\"https:\\\/\\\/blogdofarnesio.com.br\\\/wp-content\\\/uploads\\\/2014\\\/02\\\/fotmateriaOK.jpg\",\"datePublished\":\"2019-07-19T12:00:19+00:00\",\"breadcrumb\":{\"@id\":\"https:\\\/\\\/blogdofarnesio.com.br\\\/?p=233282#breadcrumb\"},\"inLanguage\":\"pt-BR\",\"potentialAction\":[{\"@type\":\"ReadAction\",\"target\":[\"https:\\\/\\\/blogdofarnesio.com.br\\\/?p=233282\"]}]},{\"@type\":\"ImageObject\",\"inLanguage\":\"pt-BR\",\"@id\":\"https:\\\/\\\/blogdofarnesio.com.br\\\/?p=233282#primaryimage\",\"url\":\"https:\\\/\\\/blogdofarnesio.com.br\\\/wp-content\\\/uploads\\\/2014\\\/02\\\/fotmateriaOK.jpg\",\"contentUrl\":\"https:\\\/\\\/blogdofarnesio.com.br\\\/wp-content\\\/uploads\\\/2014\\\/02\\\/fotmateriaOK.jpg\",\"width\":400,\"height\":300},{\"@type\":\"BreadcrumbList\",\"@id\":\"https:\\\/\\\/blogdofarnesio.com.br\\\/?p=233282#breadcrumb\",\"itemListElement\":[{\"@type\":\"ListItem\",\"position\":1,\"name\":\"In\u00edcio\",\"item\":\"https:\\\/\\\/blogdofarnesio.com.br\\\/\"},{\"@type\":\"ListItem\",\"position\":2,\"name\":\"Mais de 11 mil fam\u00edlias pediram desligamento do Bolsa Fam\u00edlia em 2019\"}]},{\"@type\":\"WebSite\",\"@id\":\"https:\\\/\\\/blogdofarnesio.com.br\\\/#website\",\"url\":\"https:\\\/\\\/blogdofarnesio.com.br\\\/\",\"name\":\"Blog do Farn\u00e9sio\",\"description\":\"Quer Saber Pol\u00edtica?\",\"publisher\":{\"@id\":\"https:\\\/\\\/blogdofarnesio.com.br\\\/#organization\"},\"potentialAction\":[{\"@type\":\"SearchAction\",\"target\":{\"@type\":\"EntryPoint\",\"urlTemplate\":\"https:\\\/\\\/blogdofarnesio.com.br\\\/?s={search_term_string}\"},\"query-input\":{\"@type\":\"PropertyValueSpecification\",\"valueRequired\":true,\"valueName\":\"search_term_string\"}}],\"inLanguage\":\"pt-BR\"},{\"@type\":\"Organization\",\"@id\":\"https:\\\/\\\/blogdofarnesio.com.br\\\/#organization\",\"name\":\"Blog do Farn\u00e9sio\",\"url\":\"https:\\\/\\\/blogdofarnesio.com.br\\\/\",\"logo\":{\"@type\":\"ImageObject\",\"inLanguage\":\"pt-BR\",\"@id\":\"https:\\\/\\\/blogdofarnesio.com.br\\\/#\\\/schema\\\/logo\\\/image\\\/\",\"url\":\"https:\\\/\\\/blogdofarnesio.com.br\\\/wp-content\\\/uploads\\\/2026\\\/03\\\/cropped-logo_new-1.png\",\"contentUrl\":\"https:\\\/\\\/blogdofarnesio.com.br\\\/wp-content\\\/uploads\\\/2026\\\/03\\\/cropped-logo_new-1.png\",\"width\":881,\"height\":685,\"caption\":\"Blog do Farn\u00e9sio\"},\"image\":{\"@id\":\"https:\\\/\\\/blogdofarnesio.com.br\\\/#\\\/schema\\\/logo\\\/image\\\/\"},\"sameAs\":[\"https:\\\/\\\/www.facebook.com\\\/BlogQuerSaberPolitica\\\/\"]},{\"@type\":\"Person\",\"@id\":\"https:\\\/\\\/blogdofarnesio.com.br\\\/#\\\/schema\\\/person\\\/301c4acf522bccbfdb45af95b5b906a1\",\"name\":\"Farn\u00e9sio\",\"image\":{\"@type\":\"ImageObject\",\"inLanguage\":\"pt-BR\",\"@id\":\"https:\\\/\\\/secure.gravatar.com\\\/avatar\\\/df0c9a14567c056f8ad6876ba5bbd1e3e2c48023eb6807342fc4663adf549f38?s=96&d=mm&r=g\",\"url\":\"https:\\\/\\\/secure.gravatar.com\\\/avatar\\\/df0c9a14567c056f8ad6876ba5bbd1e3e2c48023eb6807342fc4663adf549f38?s=96&d=mm&r=g\",\"contentUrl\":\"https:\\\/\\\/secure.gravatar.com\\\/avatar\\\/df0c9a14567c056f8ad6876ba5bbd1e3e2c48023eb6807342fc4663adf549f38?s=96&d=mm&r=g\",\"caption\":\"Farn\u00e9sio\"},\"sameAs\":[\"https:\\\/\\\/quersaberpolitica.com.br\"],\"url\":\"https:\\\/\\\/blogdofarnesio.com.br\\\/?author=1\"}]}<\/script>\n<!-- \/ Yoast SEO plugin. -->","yoast_head_json":{"title":"Mais de 11 mil fam\u00edlias pediram desligamento do Bolsa Fam\u00edlia em 2019 - Blog do Farn\u00e9sio","robots":{"index":"index","follow":"follow","max-snippet":"max-snippet:-1","max-image-preview":"max-image-preview:large","max-video-preview":"max-video-preview:-1"},"canonical":"https:\/\/blogdofarnesio.com.br\/?p=233282","og_locale":"pt_BR","og_type":"article","og_title":"Mais de 11 mil fam\u00edlias pediram desligamento do Bolsa Fam\u00edlia em 2019 - Blog do Farn\u00e9sio","og_description":"Por:&nbsp;Ag\u00eancia Brasil Mais de 11 mil fam\u00edlias solicitaram desligamento volunt\u00e1rio do Bolsa Fam\u00edlia em 2019, segundo o Minist\u00e9rio da Cidadania. Geralmente, o cancelamento do benef\u00edcio \u00e9 pedido quando benefici\u00e1rio consegue um emprego formal. O programa atende cidad\u00e3os em situa\u00e7\u00e3o de pobreza e de extrema pobreza e inclui fam\u00edlias com renda por pessoa entre R$ 89,01 e R$ 178 mensais, desde que tenham crian\u00e7as ou adolescentes de 0 a 17 anos.Segundo a pasta, se a fam\u00edlia que solicitou o desligamento volunt\u00e1rio precisar novamente do benef\u00edcio, o processo \u00e9 simples. Se o pedido foi h\u00e1 menos de 36 meses, basta procurar o setor respons\u00e1vel pelo Bolsa Fam\u00edlia na sua cidade, levar a documenta\u00e7\u00e3o e solicitar a revers\u00e3o do cancelamento.Fam\u00edlias consideradas abaixo da&hellip;","og_url":"https:\/\/blogdofarnesio.com.br\/?p=233282","og_site_name":"Blog do Farn\u00e9sio","article_publisher":"https:\/\/www.facebook.com\/BlogQuerSaberPolitica\/","article_published_time":"2019-07-19T12:00:19+00:00","og_image":[{"width":400,"height":300,"url":"https:\/\/blogdofarnesio.com.br\/wp-content\/uploads\/2014\/02\/fotmateriaOK.jpg","type":"image\/jpeg"}],"author":"Farn\u00e9sio","twitter_card":"summary_large_image","twitter_misc":{"Escrito por":"Farn\u00e9sio","Est. tempo de leitura":"1 minuto"},"schema":{"@context":"https:\/\/schema.org","@graph":[{"@type":"Article","@id":"https:\/\/blogdofarnesio.com.br\/?p=233282#article","isPartOf":{"@id":"https:\/\/blogdofarnesio.com.br\/?p=233282"},"author":{"name":"Farn\u00e9sio","@id":"https:\/\/blogdofarnesio.com.br\/#\/schema\/person\/301c4acf522bccbfdb45af95b5b906a1"},"headline":"Mais de 11 mil fam\u00edlias pediram desligamento do Bolsa Fam\u00edlia em 2019","datePublished":"2019-07-19T12:00:19+00:00","mainEntityOfPage":{"@id":"https:\/\/blogdofarnesio.com.br\/?p=233282"},"wordCount":280,"publisher":{"@id":"https:\/\/blogdofarnesio.com.br\/#organization"},"image":{"@id":"https:\/\/blogdofarnesio.com.br\/?p=233282#primaryimage"},"thumbnailUrl":"https:\/\/blogdofarnesio.com.br\/wp-content\/uploads\/2014\/02\/fotmateriaOK.jpg","articleSection":["A\u00e7\u00e3o Social"],"inLanguage":"pt-BR"},{"@type":"WebPage","@id":"https:\/\/blogdofarnesio.com.br\/?p=233282","url":"https:\/\/blogdofarnesio.com.br\/?p=233282","name":"Mais de 11 mil fam\u00edlias pediram desligamento do Bolsa Fam\u00edlia em 2019 - Blog do Farn\u00e9sio","isPartOf":{"@id":"https:\/\/blogdofarnesio.com.br\/#website"},"primaryImageOfPage":{"@id":"https:\/\/blogdofarnesio.com.br\/?p=233282#primaryimage"},"image":{"@id":"https:\/\/blogdofarnesio.com.br\/?p=233282#primaryimage"},"thumbnailUrl":"https:\/\/blogdofarnesio.com.br\/wp-content\/uploads\/2014\/02\/fotmateriaOK.jpg","datePublished":"2019-07-19T12:00:19+00:00","breadcrumb":{"@id":"https:\/\/blogdofarnesio.com.br\/?p=233282#breadcrumb"},"inLanguage":"pt-BR","potentialAction":[{"@type":"ReadAction","target":["https:\/\/blogdofarnesio.com.br\/?p=233282"]}]},{"@type":"ImageObject","inLanguage":"pt-BR","@id":"https:\/\/blogdofarnesio.com.br\/?p=233282#primaryimage","url":"https:\/\/blogdofarnesio.com.br\/wp-content\/uploads\/2014\/02\/fotmateriaOK.jpg","contentUrl":"https:\/\/blogdofarnesio.com.br\/wp-content\/uploads\/2014\/02\/fotmateriaOK.jpg","width":400,"height":300},{"@type":"BreadcrumbList","@id":"https:\/\/blogdofarnesio.com.br\/?p=233282#breadcrumb","itemListElement":[{"@type":"ListItem","position":1,"name":"In\u00edcio","item":"https:\/\/blogdofarnesio.com.br\/"},{"@type":"ListItem","position":2,"name":"Mais de 11 mil fam\u00edlias pediram desligamento do Bolsa Fam\u00edlia em 2019"}]},{"@type":"WebSite","@id":"https:\/\/blogdofarnesio.com.br\/#website","url":"https:\/\/blogdofarnesio.com.br\/","name":"Blog do Farn\u00e9sio","description":"Quer Saber Pol\u00edtica?","publisher":{"@id":"https:\/\/blogdofarnesio.com.br\/#organization"},"potentialAction":[{"@type":"SearchAction","target":{"@type":"EntryPoint","urlTemplate":"https:\/\/blogdofarnesio.com.br\/?s={search_term_string}"},"query-input":{"@type":"PropertyValueSpecification","valueRequired":true,"valueName":"search_term_string"}}],"inLanguage":"pt-BR"},{"@type":"Organization","@id":"https:\/\/blogdofarnesio.com.br\/#organization","name":"Blog do Farn\u00e9sio","url":"https:\/\/blogdofarnesio.com.br\/","logo":{"@type":"ImageObject","inLanguage":"pt-BR","@id":"https:\/\/blogdofarnesio.com.br\/#\/schema\/logo\/image\/","url":"https:\/\/blogdofarnesio.com.br\/wp-content\/uploads\/2026\/03\/cropped-logo_new-1.png","contentUrl":"https:\/\/blogdofarnesio.com.br\/wp-content\/uploads\/2026\/03\/cropped-logo_new-1.png","width":881,"height":685,"caption":"Blog do Farn\u00e9sio"},"image":{"@id":"https:\/\/blogdofarnesio.com.br\/#\/schema\/logo\/image\/"},"sameAs":["https:\/\/www.facebook.com\/BlogQuerSaberPolitica\/"]},{"@type":"Person","@id":"https:\/\/blogdofarnesio.com.br\/#\/schema\/person\/301c4acf522bccbfdb45af95b5b906a1","name":"Farn\u00e9sio","image":{"@type":"ImageObject","inLanguage":"pt-BR","@id":"https:\/\/secure.gravatar.com\/avatar\/df0c9a14567c056f8ad6876ba5bbd1e3e2c48023eb6807342fc4663adf549f38?s=96&d=mm&r=g","url":"https:\/\/secure.gravatar.com\/avatar\/df0c9a14567c056f8ad6876ba5bbd1e3e2c48023eb6807342fc4663adf549f38?s=96&d=mm&r=g","contentUrl":"https:\/\/secure.gravatar.com\/avatar\/df0c9a14567c056f8ad6876ba5bbd1e3e2c48023eb6807342fc4663adf549f38?s=96&d=mm&r=g","caption":"Farn\u00e9sio"},"sameAs":["https:\/\/quersaberpolitica.com.br"],"url":"https:\/\/blogdofarnesio.com.br\/?author=1"}]}},"_links":{"self":[{"href":"https:\/\/blogdofarnesio.com.br\/index.php?rest_route=\/wp\/v2\/posts\/233282","targetHints":{"allow":["GET"]}}],"collection":[{"href":"https:\/\/blogdofarnesio.com.br\/index.php?rest_route=\/wp\/v2\/posts"}],"about":[{"href":"https:\/\/blogdofarnesio.com.br\/index.php?rest_route=\/wp\/v2\/types\/post"}],"author":[{"embeddable":true,"href":"https:\/\/blogdofarnesio.com.br\/index.php?rest_route=\/wp\/v2\/users\/1"}],"replies":[{"embeddable":true,"href":"https:\/\/blogdofarnesio.com.br\/index.php?rest_route=%2Fwp%2Fv2%2Fcomments&post=233282"}],"version-history":[{"count":0,"href":"https:\/\/blogdofarnesio.com.br\/index.php?rest_route=\/wp\/v2\/posts\/233282\/revisions"}],"wp:featuredmedia":[{"embeddable":true,"href":"https:\/\/blogdofarnesio.com.br\/index.php?rest_route=\/wp\/v2\/media\/72706"}],"wp:attachment":[{"href":"https:\/\/blogdofarnesio.com.br\/index.php?rest_route=%2Fwp%2Fv2%2Fmedia&parent=233282"}],"wp:term":[{"taxonomy":"category","embeddable":true,"href":"https:\/\/blogdofarnesio.com.br\/index.php?rest_route=%2Fwp%2Fv2%2Fcategories&post=233282"},{"taxonomy":"post_tag","embeddable":true,"href":"https:\/\/blogdofarnesio.com.br\/index.php?rest_route=%2Fwp%2Fv2%2Ftags&post=233282"}],"curies":[{"name":"wp","href":"https:\/\/api.w.org\/{rel}","templated":true}]}}