{"id":232428,"date":"2019-07-10T09:40:31","date_gmt":"2019-07-10T12:40:31","guid":{"rendered":"http:\/\/quersaberpolitica.com.br\/2016\/?p=232428"},"modified":"2019-07-10T09:16:46","modified_gmt":"2019-07-10T12:16:46","slug":"sobradinho-realiza-entrega-de-kits-do-projeto-acerta-brasil","status":"publish","type":"post","link":"https:\/\/blogdofarnesio.com.br\/?p=232428","title":{"rendered":"Sobradinho realiza entrega de kits do Projeto Acerta Brasil"},"content":{"rendered":"\n<p>Visando a melhoria da qualidade da educa\u00e7\u00e3o do munic\u00edpio, a Prefeitura de Sobradinho, atrav\u00e9s da Secretaria Municipal de Educa\u00e7\u00e3o por meio do PAR, Programa de A\u00e7\u00f5es Articuladas, reuniu nesta segunda feira (08) no audit\u00f3rio da Creche Municipal Paulo Pacheco, professores, gestores, coordenadores e colaboradores da educa\u00e7\u00e3o para o planejamento de a\u00e7\u00f5es articuladas para a educa\u00e7\u00e3o com a&nbsp;metodologia do Projeto ACERTA BRASIL e realizou entrega de kits de materiais did\u00e1ticos para as disciplinas de Portugu\u00eas e Matem\u00e1tica por meio da Iniciativa 90.<\/p>\n\n\n\n<p>O Plano de A\u00e7\u00f5es Articuladas (PAR) \u00e9 uma estrat\u00e9gia de assist\u00eancia t\u00e9cnica e financeira, institu\u00eddo pelo Decreto n\u00ba 6.094, de 24 de abril de 2007, fundamentada no Plano de Desenvolvimento da Educa\u00e7\u00e3o (PDE), que consiste em oferecer aos entes federados um instrumento de diagn\u00f3stico e planejamento de pol\u00edtica educacional, concebido para estruturar e gerenciar metas definidas de forma estrat\u00e9gica, contribuindo para a constru\u00e7\u00e3o de um sistema nacional de ensino.<\/p>\n\n\n\n<p>A assessora pedag\u00f3gica e respons\u00e1vel pela forma\u00e7\u00e3o dos professores Maryana Schneider explicou como fazer parte do PAR.<\/p>\n\n\n\n<p>\u201c Gestores de munic\u00edpios que desejam melhorar o Ideb, poder\u00e3o pleitear os recursos para compra destes materiais, atrav\u00e9s da iniciativa 90 que se encontra na dimens\u00e3o 3. Cada rede tem a possibilidade de pedir tr\u00eas tipos de kits a depender da sua matr\u00edcula para turmas que v\u00e3o do 2\u00ba ao 9\u00ba ano. Ap\u00f3s o envio no PAR, a solicita\u00e7\u00e3o vai para aprecia\u00e7\u00e3o do Minist\u00e9rio da Educa\u00e7\u00e3o. Se aprovado, \u00e9 encaminhado para empenho e posteriormente segue para elabora\u00e7\u00e3o e assinatura do termo de refer\u00eancia. A cidade de Sobradinho foi contemplada com este programa pelo excelente trabalho que a equipe da Secretaria de Educa\u00e7\u00e3o vem desempenhando no tocante a apresenta\u00e7\u00e3o de propostas de melhoria da qualidade da educa\u00e7\u00e3o, como tamb\u00e9m por o munic\u00edpio se encontrar com as suas contas em dia com a Uni\u00e3o, sendo assim, estando apto a celebrar parcerias e receber recursos,\u201d explicou a assessora pedag\u00f3gica.<\/p>\n\n\n\n<p>De acordo com a Secret\u00e1ria Dulcilene Kestering ser\u00e1 realizado um encontro, com o objetivo de capacitar os professores no quadri\u00eanio de 2018 a 2021.<\/p>\n\n\n\n<p>&#8220;O PAR foi concebido como uma ferramenta de gest\u00e3o para o planejamento da pol\u00edtica de educa\u00e7\u00e3o em que os estados e munic\u00edpios elaboram um plano para um per\u00edodo de quatro anos. Pelas suas caracter\u00edsticas sist\u00eamicas e estrat\u00e9gicas, o PAR favorece as pol\u00edticas educacionais e a sua continuidade, inclusive durante as mudan\u00e7as de gest\u00e3o, constituindo-se como importante elemento na promo\u00e7\u00e3o de pol\u00edticas de Estado na Educa\u00e7\u00e3o, a fim de desenvolver a\u00e7\u00f5es que contribuam para a amplia\u00e7\u00e3o da oferta, perman\u00eancia e melhoria das condi\u00e7\u00f5es escolares. Consequentemente aprimora o \u00cdndice de Desenvolvimento da Educa\u00e7\u00e3o B\u00e1sica (Ideb) nas escolas do nosso munic\u00edpio\u201d, destacou a secret\u00e1ria.<\/p>\n\n\n\n<p>Ascom PMS<\/p>\n","protected":false},"excerpt":{"rendered":"<p>Visando a melhoria da qualidade da educa\u00e7\u00e3o do munic\u00edpio, a Prefeitura de Sobradinho, atrav\u00e9s da Secretaria Municipal de Educa\u00e7\u00e3o por meio do PAR, Programa de A\u00e7\u00f5es Articuladas, reuniu nesta segunda feira (08) no audit\u00f3rio da Creche Municipal Paulo Pacheco, professores, gestores, coordenadores e colaboradores da educa\u00e7\u00e3o para o planejamento de a\u00e7\u00f5es articuladas para a educa\u00e7\u00e3o com a&nbsp;metodologia do Projeto ACERTA BRASIL e realizou entrega de kits de materiais did\u00e1ticos para as disciplinas de Portugu\u00eas e Matem\u00e1tica por meio da Iniciativa 90. O Plano de A\u00e7\u00f5es Articuladas (PAR) \u00e9 uma estrat\u00e9gia de assist\u00eancia t\u00e9cnica e financeira, institu\u00eddo pelo Decreto n\u00ba 6.094, de 24 de abril de 2007, fundamentada no Plano de Desenvolvimento da Educa\u00e7\u00e3o (PDE), que consiste em oferecer aos entes&hellip; <\/p>\n","protected":false},"author":1,"featured_media":230074,"comment_status":"closed","ping_status":"closed","sticky":false,"template":"","format":"standard","meta":{"_acf_changed":false,"footnotes":""},"categories":[27,6],"tags":[],"class_list":["post-232428","post","type-post","status-publish","format-standard","has-post-thumbnail","hentry","category-cidades","category-educacao"],"acf":[],"yoast_head":"<!-- This site is optimized with the Yoast SEO plugin v27.4 - https:\/\/yoast.com\/product\/yoast-seo-wordpress\/ -->\n<title>Sobradinho realiza entrega de kits do Projeto Acerta Brasil - Blog do Farn\u00e9sio<\/title>\n<meta name=\"robots\" content=\"index, follow, max-snippet:-1, max-image-preview:large, max-video-preview:-1\" \/>\n<link rel=\"canonical\" href=\"https:\/\/blogdofarnesio.com.br\/?p=232428\" \/>\n<meta property=\"og:locale\" content=\"pt_BR\" \/>\n<meta property=\"og:type\" content=\"article\" \/>\n<meta property=\"og:title\" content=\"Sobradinho realiza entrega de kits do Projeto Acerta Brasil - Blog do Farn\u00e9sio\" \/>\n<meta property=\"og:description\" content=\"Visando a melhoria da qualidade da educa\u00e7\u00e3o do munic\u00edpio, a Prefeitura de Sobradinho, atrav\u00e9s da Secretaria Municipal de Educa\u00e7\u00e3o por meio do PAR, Programa de A\u00e7\u00f5es Articuladas, reuniu nesta segunda feira (08) no audit\u00f3rio da Creche Municipal Paulo Pacheco, professores, gestores, coordenadores e colaboradores da educa\u00e7\u00e3o para o planejamento de a\u00e7\u00f5es articuladas para a educa\u00e7\u00e3o com a&nbsp;metodologia do Projeto ACERTA BRASIL e realizou entrega de kits de materiais did\u00e1ticos para as disciplinas de Portugu\u00eas e Matem\u00e1tica por meio da Iniciativa 90. O Plano de A\u00e7\u00f5es Articuladas (PAR) \u00e9 uma estrat\u00e9gia de assist\u00eancia t\u00e9cnica e financeira, institu\u00eddo pelo Decreto n\u00ba 6.094, de 24 de abril de 2007, fundamentada no Plano de Desenvolvimento da Educa\u00e7\u00e3o (PDE), que consiste em oferecer aos entes&hellip;\" \/>\n<meta property=\"og:url\" content=\"https:\/\/blogdofarnesio.com.br\/?p=232428\" \/>\n<meta property=\"og:site_name\" content=\"Blog do Farn\u00e9sio\" \/>\n<meta property=\"article:publisher\" content=\"https:\/\/www.facebook.com\/BlogQuerSaberPolitica\/\" \/>\n<meta property=\"article:published_time\" content=\"2019-07-10T12:40:31+00:00\" \/>\n<meta property=\"og:image\" content=\"https:\/\/blogdofarnesio.com.br\/wp-content\/uploads\/2019\/06\/blogqspsobradinho-professorcurso.jpg\" \/>\n\t<meta property=\"og:image:width\" content=\"640\" \/>\n\t<meta property=\"og:image:height\" content=\"375\" \/>\n\t<meta property=\"og:image:type\" content=\"image\/jpeg\" \/>\n<meta name=\"author\" content=\"Farn\u00e9sio\" \/>\n<meta name=\"twitter:card\" content=\"summary_large_image\" \/>\n<meta name=\"twitter:label1\" content=\"Escrito por\" \/>\n\t<meta name=\"twitter:data1\" content=\"Farn\u00e9sio\" \/>\n\t<meta name=\"twitter:label2\" content=\"Est. tempo de leitura\" \/>\n\t<meta name=\"twitter:data2\" content=\"2 minutos\" \/>\n<script type=\"application\/ld+json\" class=\"yoast-schema-graph\">{\"@context\":\"https:\\\/\\\/schema.org\",\"@graph\":[{\"@type\":\"Article\",\"@id\":\"https:\\\/\\\/blogdofarnesio.com.br\\\/?p=232428#article\",\"isPartOf\":{\"@id\":\"https:\\\/\\\/blogdofarnesio.com.br\\\/?p=232428\"},\"author\":{\"name\":\"Farn\u00e9sio\",\"@id\":\"https:\\\/\\\/blogdofarnesio.com.br\\\/#\\\/schema\\\/person\\\/301c4acf522bccbfdb45af95b5b906a1\"},\"headline\":\"Sobradinho realiza entrega de kits do Projeto Acerta Brasil\",\"datePublished\":\"2019-07-10T12:40:31+00:00\",\"mainEntityOfPage\":{\"@id\":\"https:\\\/\\\/blogdofarnesio.com.br\\\/?p=232428\"},\"wordCount\":507,\"publisher\":{\"@id\":\"https:\\\/\\\/blogdofarnesio.com.br\\\/#organization\"},\"image\":{\"@id\":\"https:\\\/\\\/blogdofarnesio.com.br\\\/?p=232428#primaryimage\"},\"thumbnailUrl\":\"https:\\\/\\\/blogdofarnesio.com.br\\\/wp-content\\\/uploads\\\/2019\\\/06\\\/blogqspsobradinho-professorcurso.jpg\",\"articleSection\":[\"Cidades\",\"Educa\u00e7\u00e3o\"],\"inLanguage\":\"pt-BR\"},{\"@type\":\"WebPage\",\"@id\":\"https:\\\/\\\/blogdofarnesio.com.br\\\/?p=232428\",\"url\":\"https:\\\/\\\/blogdofarnesio.com.br\\\/?p=232428\",\"name\":\"Sobradinho realiza entrega de kits do Projeto Acerta Brasil - Blog do Farn\u00e9sio\",\"isPartOf\":{\"@id\":\"https:\\\/\\\/blogdofarnesio.com.br\\\/#website\"},\"primaryImageOfPage\":{\"@id\":\"https:\\\/\\\/blogdofarnesio.com.br\\\/?p=232428#primaryimage\"},\"image\":{\"@id\":\"https:\\\/\\\/blogdofarnesio.com.br\\\/?p=232428#primaryimage\"},\"thumbnailUrl\":\"https:\\\/\\\/blogdofarnesio.com.br\\\/wp-content\\\/uploads\\\/2019\\\/06\\\/blogqspsobradinho-professorcurso.jpg\",\"datePublished\":\"2019-07-10T12:40:31+00:00\",\"breadcrumb\":{\"@id\":\"https:\\\/\\\/blogdofarnesio.com.br\\\/?p=232428#breadcrumb\"},\"inLanguage\":\"pt-BR\",\"potentialAction\":[{\"@type\":\"ReadAction\",\"target\":[\"https:\\\/\\\/blogdofarnesio.com.br\\\/?p=232428\"]}]},{\"@type\":\"ImageObject\",\"inLanguage\":\"pt-BR\",\"@id\":\"https:\\\/\\\/blogdofarnesio.com.br\\\/?p=232428#primaryimage\",\"url\":\"https:\\\/\\\/blogdofarnesio.com.br\\\/wp-content\\\/uploads\\\/2019\\\/06\\\/blogqspsobradinho-professorcurso.jpg\",\"contentUrl\":\"https:\\\/\\\/blogdofarnesio.com.br\\\/wp-content\\\/uploads\\\/2019\\\/06\\\/blogqspsobradinho-professorcurso.jpg\",\"width\":640,\"height\":375,\"caption\":\"Ilustra\u00e7\u00e3o\"},{\"@type\":\"BreadcrumbList\",\"@id\":\"https:\\\/\\\/blogdofarnesio.com.br\\\/?p=232428#breadcrumb\",\"itemListElement\":[{\"@type\":\"ListItem\",\"position\":1,\"name\":\"In\u00edcio\",\"item\":\"https:\\\/\\\/blogdofarnesio.com.br\\\/\"},{\"@type\":\"ListItem\",\"position\":2,\"name\":\"Sobradinho realiza entrega de kits do Projeto Acerta Brasil\"}]},{\"@type\":\"WebSite\",\"@id\":\"https:\\\/\\\/blogdofarnesio.com.br\\\/#website\",\"url\":\"https:\\\/\\\/blogdofarnesio.com.br\\\/\",\"name\":\"Blog do Farn\u00e9sio\",\"description\":\"Quer Saber Pol\u00edtica?\",\"publisher\":{\"@id\":\"https:\\\/\\\/blogdofarnesio.com.br\\\/#organization\"},\"potentialAction\":[{\"@type\":\"SearchAction\",\"target\":{\"@type\":\"EntryPoint\",\"urlTemplate\":\"https:\\\/\\\/blogdofarnesio.com.br\\\/?s={search_term_string}\"},\"query-input\":{\"@type\":\"PropertyValueSpecification\",\"valueRequired\":true,\"valueName\":\"search_term_string\"}}],\"inLanguage\":\"pt-BR\"},{\"@type\":\"Organization\",\"@id\":\"https:\\\/\\\/blogdofarnesio.com.br\\\/#organization\",\"name\":\"Blog do Farn\u00e9sio\",\"url\":\"https:\\\/\\\/blogdofarnesio.com.br\\\/\",\"logo\":{\"@type\":\"ImageObject\",\"inLanguage\":\"pt-BR\",\"@id\":\"https:\\\/\\\/blogdofarnesio.com.br\\\/#\\\/schema\\\/logo\\\/image\\\/\",\"url\":\"https:\\\/\\\/blogdofarnesio.com.br\\\/wp-content\\\/uploads\\\/2026\\\/03\\\/cropped-logo_new-1.png\",\"contentUrl\":\"https:\\\/\\\/blogdofarnesio.com.br\\\/wp-content\\\/uploads\\\/2026\\\/03\\\/cropped-logo_new-1.png\",\"width\":881,\"height\":685,\"caption\":\"Blog do Farn\u00e9sio\"},\"image\":{\"@id\":\"https:\\\/\\\/blogdofarnesio.com.br\\\/#\\\/schema\\\/logo\\\/image\\\/\"},\"sameAs\":[\"https:\\\/\\\/www.facebook.com\\\/BlogQuerSaberPolitica\\\/\"]},{\"@type\":\"Person\",\"@id\":\"https:\\\/\\\/blogdofarnesio.com.br\\\/#\\\/schema\\\/person\\\/301c4acf522bccbfdb45af95b5b906a1\",\"name\":\"Farn\u00e9sio\",\"image\":{\"@type\":\"ImageObject\",\"inLanguage\":\"pt-BR\",\"@id\":\"https:\\\/\\\/secure.gravatar.com\\\/avatar\\\/df0c9a14567c056f8ad6876ba5bbd1e3e2c48023eb6807342fc4663adf549f38?s=96&d=mm&r=g\",\"url\":\"https:\\\/\\\/secure.gravatar.com\\\/avatar\\\/df0c9a14567c056f8ad6876ba5bbd1e3e2c48023eb6807342fc4663adf549f38?s=96&d=mm&r=g\",\"contentUrl\":\"https:\\\/\\\/secure.gravatar.com\\\/avatar\\\/df0c9a14567c056f8ad6876ba5bbd1e3e2c48023eb6807342fc4663adf549f38?s=96&d=mm&r=g\",\"caption\":\"Farn\u00e9sio\"},\"sameAs\":[\"https:\\\/\\\/quersaberpolitica.com.br\"],\"url\":\"https:\\\/\\\/blogdofarnesio.com.br\\\/?author=1\"}]}<\/script>\n<!-- \/ Yoast SEO plugin. -->","yoast_head_json":{"title":"Sobradinho realiza entrega de kits do Projeto Acerta Brasil - Blog do Farn\u00e9sio","robots":{"index":"index","follow":"follow","max-snippet":"max-snippet:-1","max-image-preview":"max-image-preview:large","max-video-preview":"max-video-preview:-1"},"canonical":"https:\/\/blogdofarnesio.com.br\/?p=232428","og_locale":"pt_BR","og_type":"article","og_title":"Sobradinho realiza entrega de kits do Projeto Acerta Brasil - Blog do Farn\u00e9sio","og_description":"Visando a melhoria da qualidade da educa\u00e7\u00e3o do munic\u00edpio, a Prefeitura de Sobradinho, atrav\u00e9s da Secretaria Municipal de Educa\u00e7\u00e3o por meio do PAR, Programa de A\u00e7\u00f5es Articuladas, reuniu nesta segunda feira (08) no audit\u00f3rio da Creche Municipal Paulo Pacheco, professores, gestores, coordenadores e colaboradores da educa\u00e7\u00e3o para o planejamento de a\u00e7\u00f5es articuladas para a educa\u00e7\u00e3o com a&nbsp;metodologia do Projeto ACERTA BRASIL e realizou entrega de kits de materiais did\u00e1ticos para as disciplinas de Portugu\u00eas e Matem\u00e1tica por meio da Iniciativa 90. O Plano de A\u00e7\u00f5es Articuladas (PAR) \u00e9 uma estrat\u00e9gia de assist\u00eancia t\u00e9cnica e financeira, institu\u00eddo pelo Decreto n\u00ba 6.094, de 24 de abril de 2007, fundamentada no Plano de Desenvolvimento da Educa\u00e7\u00e3o (PDE), que consiste em oferecer aos entes&hellip;","og_url":"https:\/\/blogdofarnesio.com.br\/?p=232428","og_site_name":"Blog do Farn\u00e9sio","article_publisher":"https:\/\/www.facebook.com\/BlogQuerSaberPolitica\/","article_published_time":"2019-07-10T12:40:31+00:00","og_image":[{"width":640,"height":375,"url":"https:\/\/blogdofarnesio.com.br\/wp-content\/uploads\/2019\/06\/blogqspsobradinho-professorcurso.jpg","type":"image\/jpeg"}],"author":"Farn\u00e9sio","twitter_card":"summary_large_image","twitter_misc":{"Escrito por":"Farn\u00e9sio","Est. tempo de leitura":"2 minutos"},"schema":{"@context":"https:\/\/schema.org","@graph":[{"@type":"Article","@id":"https:\/\/blogdofarnesio.com.br\/?p=232428#article","isPartOf":{"@id":"https:\/\/blogdofarnesio.com.br\/?p=232428"},"author":{"name":"Farn\u00e9sio","@id":"https:\/\/blogdofarnesio.com.br\/#\/schema\/person\/301c4acf522bccbfdb45af95b5b906a1"},"headline":"Sobradinho realiza entrega de kits do Projeto Acerta Brasil","datePublished":"2019-07-10T12:40:31+00:00","mainEntityOfPage":{"@id":"https:\/\/blogdofarnesio.com.br\/?p=232428"},"wordCount":507,"publisher":{"@id":"https:\/\/blogdofarnesio.com.br\/#organization"},"image":{"@id":"https:\/\/blogdofarnesio.com.br\/?p=232428#primaryimage"},"thumbnailUrl":"https:\/\/blogdofarnesio.com.br\/wp-content\/uploads\/2019\/06\/blogqspsobradinho-professorcurso.jpg","articleSection":["Cidades","Educa\u00e7\u00e3o"],"inLanguage":"pt-BR"},{"@type":"WebPage","@id":"https:\/\/blogdofarnesio.com.br\/?p=232428","url":"https:\/\/blogdofarnesio.com.br\/?p=232428","name":"Sobradinho realiza entrega de kits do Projeto Acerta Brasil - Blog do Farn\u00e9sio","isPartOf":{"@id":"https:\/\/blogdofarnesio.com.br\/#website"},"primaryImageOfPage":{"@id":"https:\/\/blogdofarnesio.com.br\/?p=232428#primaryimage"},"image":{"@id":"https:\/\/blogdofarnesio.com.br\/?p=232428#primaryimage"},"thumbnailUrl":"https:\/\/blogdofarnesio.com.br\/wp-content\/uploads\/2019\/06\/blogqspsobradinho-professorcurso.jpg","datePublished":"2019-07-10T12:40:31+00:00","breadcrumb":{"@id":"https:\/\/blogdofarnesio.com.br\/?p=232428#breadcrumb"},"inLanguage":"pt-BR","potentialAction":[{"@type":"ReadAction","target":["https:\/\/blogdofarnesio.com.br\/?p=232428"]}]},{"@type":"ImageObject","inLanguage":"pt-BR","@id":"https:\/\/blogdofarnesio.com.br\/?p=232428#primaryimage","url":"https:\/\/blogdofarnesio.com.br\/wp-content\/uploads\/2019\/06\/blogqspsobradinho-professorcurso.jpg","contentUrl":"https:\/\/blogdofarnesio.com.br\/wp-content\/uploads\/2019\/06\/blogqspsobradinho-professorcurso.jpg","width":640,"height":375,"caption":"Ilustra\u00e7\u00e3o"},{"@type":"BreadcrumbList","@id":"https:\/\/blogdofarnesio.com.br\/?p=232428#breadcrumb","itemListElement":[{"@type":"ListItem","position":1,"name":"In\u00edcio","item":"https:\/\/blogdofarnesio.com.br\/"},{"@type":"ListItem","position":2,"name":"Sobradinho realiza entrega de kits do Projeto Acerta Brasil"}]},{"@type":"WebSite","@id":"https:\/\/blogdofarnesio.com.br\/#website","url":"https:\/\/blogdofarnesio.com.br\/","name":"Blog do Farn\u00e9sio","description":"Quer Saber Pol\u00edtica?","publisher":{"@id":"https:\/\/blogdofarnesio.com.br\/#organization"},"potentialAction":[{"@type":"SearchAction","target":{"@type":"EntryPoint","urlTemplate":"https:\/\/blogdofarnesio.com.br\/?s={search_term_string}"},"query-input":{"@type":"PropertyValueSpecification","valueRequired":true,"valueName":"search_term_string"}}],"inLanguage":"pt-BR"},{"@type":"Organization","@id":"https:\/\/blogdofarnesio.com.br\/#organization","name":"Blog do Farn\u00e9sio","url":"https:\/\/blogdofarnesio.com.br\/","logo":{"@type":"ImageObject","inLanguage":"pt-BR","@id":"https:\/\/blogdofarnesio.com.br\/#\/schema\/logo\/image\/","url":"https:\/\/blogdofarnesio.com.br\/wp-content\/uploads\/2026\/03\/cropped-logo_new-1.png","contentUrl":"https:\/\/blogdofarnesio.com.br\/wp-content\/uploads\/2026\/03\/cropped-logo_new-1.png","width":881,"height":685,"caption":"Blog do Farn\u00e9sio"},"image":{"@id":"https:\/\/blogdofarnesio.com.br\/#\/schema\/logo\/image\/"},"sameAs":["https:\/\/www.facebook.com\/BlogQuerSaberPolitica\/"]},{"@type":"Person","@id":"https:\/\/blogdofarnesio.com.br\/#\/schema\/person\/301c4acf522bccbfdb45af95b5b906a1","name":"Farn\u00e9sio","image":{"@type":"ImageObject","inLanguage":"pt-BR","@id":"https:\/\/secure.gravatar.com\/avatar\/df0c9a14567c056f8ad6876ba5bbd1e3e2c48023eb6807342fc4663adf549f38?s=96&d=mm&r=g","url":"https:\/\/secure.gravatar.com\/avatar\/df0c9a14567c056f8ad6876ba5bbd1e3e2c48023eb6807342fc4663adf549f38?s=96&d=mm&r=g","contentUrl":"https:\/\/secure.gravatar.com\/avatar\/df0c9a14567c056f8ad6876ba5bbd1e3e2c48023eb6807342fc4663adf549f38?s=96&d=mm&r=g","caption":"Farn\u00e9sio"},"sameAs":["https:\/\/quersaberpolitica.com.br"],"url":"https:\/\/blogdofarnesio.com.br\/?author=1"}]}},"_links":{"self":[{"href":"https:\/\/blogdofarnesio.com.br\/index.php?rest_route=\/wp\/v2\/posts\/232428","targetHints":{"allow":["GET"]}}],"collection":[{"href":"https:\/\/blogdofarnesio.com.br\/index.php?rest_route=\/wp\/v2\/posts"}],"about":[{"href":"https:\/\/blogdofarnesio.com.br\/index.php?rest_route=\/wp\/v2\/types\/post"}],"author":[{"embeddable":true,"href":"https:\/\/blogdofarnesio.com.br\/index.php?rest_route=\/wp\/v2\/users\/1"}],"replies":[{"embeddable":true,"href":"https:\/\/blogdofarnesio.com.br\/index.php?rest_route=%2Fwp%2Fv2%2Fcomments&post=232428"}],"version-history":[{"count":0,"href":"https:\/\/blogdofarnesio.com.br\/index.php?rest_route=\/wp\/v2\/posts\/232428\/revisions"}],"wp:featuredmedia":[{"embeddable":true,"href":"https:\/\/blogdofarnesio.com.br\/index.php?rest_route=\/wp\/v2\/media\/230074"}],"wp:attachment":[{"href":"https:\/\/blogdofarnesio.com.br\/index.php?rest_route=%2Fwp%2Fv2%2Fmedia&parent=232428"}],"wp:term":[{"taxonomy":"category","embeddable":true,"href":"https:\/\/blogdofarnesio.com.br\/index.php?rest_route=%2Fwp%2Fv2%2Fcategories&post=232428"},{"taxonomy":"post_tag","embeddable":true,"href":"https:\/\/blogdofarnesio.com.br\/index.php?rest_route=%2Fwp%2Fv2%2Ftags&post=232428"}],"curies":[{"name":"wp","href":"https:\/\/api.w.org\/{rel}","templated":true}]}}