{"id":232391,"date":"2019-07-10T07:20:21","date_gmt":"2019-07-10T10:20:21","guid":{"rendered":"http:\/\/quersaberpolitica.com.br\/2016\/?p=232391"},"modified":"2019-07-09T16:20:04","modified_gmt":"2019-07-09T19:20:04","slug":"motociclistas-de-todo-brasil-chegam-para-a-20-edicao-do-moto-chico-neste-fim-de-semana","status":"publish","type":"post","link":"https:\/\/blogdofarnesio.com.br\/?p=232391","title":{"rendered":"Motociclistas de todo Brasil chegam para a 20 edi\u00e7\u00e3o do moto chico neste fim de semana"},"content":{"rendered":"\n<p>O encontro de motociclistas mais esperado da regi\u00e3o come\u00e7a nesta quinta-feira (11), no estacionamento do Parque Municipal Josepha Coelho, em Petrolina. Durante os quatro dias de evento, a 20\u00aa edi\u00e7\u00e3o do Moto Chico deve receber cerca de 4 mil visitantes e representantes de aproximadamente 480 motoclubes. O evento oferece uma programa\u00e7\u00e3o multicultural diversificada, com atra\u00e7\u00f5es musicais, al\u00e9m da exposi\u00e7\u00e3o de motos e estandes tem\u00e1ticos.<\/p>\n\n\n\n<p>O Moto Chico j\u00e1 \u00e9 considerado uma tradi\u00e7\u00e3o para os petrolinenses e amantes de motocicletas de todo pa\u00eds. Conhecendo a import\u00e2ncia do impacto econ\u00f4mico e cultural que o encontro promove, a Prefeitura de Petrolina, mais uma vez, incentiva o evento. \u201c<em>Ano a ano, a festa mostra sua grandiosidade, e vem fomentando o turismo e a economia da cidade. \u00c9 nosso dever fortalecer essa tradi\u00e7\u00e3o, que j\u00e1 existe h\u00e1 20 anos. Por isso, o prefeito Miguel Coelho n\u00e3o mede esfor\u00e7os para viabilizar o evento\u201d<\/em>, constata o secret\u00e1rio de Desenvolvimento Econ\u00f4mico, Emicio J\u00fanior.<\/p>\n\n\n\n<p>De acordo com o representante da Associa\u00e7\u00e3o Moto Chico, Jos\u00e9 Ivanildo dos Santos, \u00e9 uma desafio planejar um evento desse porte sem fins lucrativos. Segundo ele, o diferencial da festa est\u00e1 em trazer artistas de refer\u00eancia para o p\u00fablico alvo.&nbsp;&nbsp;<em>\u201cA nossa expectativa \u00e9 que o evento seja o sucesso como sempre tem sido, pois somos os \u00fanicos do Norte e Nordeste reconhecidos nacionalmente, e conseguimos atrair muitas caravanas\u201d<\/em>, observa o representante.<\/p>\n\n\n\n<p>O Moto Chico come\u00e7a nesta quinta, \u00e0s 14h e encerra no domingo (14), \u00e0s 18h. A programa\u00e7\u00e3o inclui desde a recep\u00e7\u00e3o dos motociclistas, at\u00e9 entrega de pr\u00eamios para os inscritos. Entre os artistas que v\u00e3o se apresentar, destacam-se as bandas locais MPA e Secabudega.<\/p>\n\n\n\n<p>Texto: Stephannie Buonaduce \u2013 Estagi\u00e1ria da ASCOM PMP<\/p>\n\n\n\n<p>Fotos: Jonas Santos\/ Arquivo<\/p>\n","protected":false},"excerpt":{"rendered":"<p>O encontro de motociclistas mais esperado da regi\u00e3o come\u00e7a nesta quinta-feira (11), no estacionamento do Parque Municipal Josepha Coelho, em Petrolina. Durante os quatro dias de evento, a 20\u00aa edi\u00e7\u00e3o do Moto Chico deve receber cerca de 4 mil visitantes e representantes de aproximadamente 480 motoclubes. O evento oferece uma programa\u00e7\u00e3o multicultural diversificada, com atra\u00e7\u00f5es musicais, al\u00e9m da exposi\u00e7\u00e3o de motos e estandes tem\u00e1ticos. O Moto Chico j\u00e1 \u00e9 considerado uma tradi\u00e7\u00e3o para os petrolinenses e amantes de motocicletas de todo pa\u00eds. Conhecendo a import\u00e2ncia do impacto econ\u00f4mico e cultural que o encontro promove, a Prefeitura de Petrolina, mais uma vez, incentiva o evento. \u201cAno a ano, a festa mostra sua grandiosidade, e vem fomentando o turismo e a economia&hellip; <\/p>\n","protected":false},"author":1,"featured_media":205448,"comment_status":"closed","ping_status":"closed","sticky":false,"template":"","format":"standard","meta":{"_acf_changed":false,"footnotes":""},"categories":[11],"tags":[],"class_list":["post-232391","post","type-post","status-publish","format-standard","has-post-thumbnail","hentry","category-turismo"],"acf":[],"yoast_head":"<!-- This site is optimized with the Yoast SEO plugin v27.4 - https:\/\/yoast.com\/product\/yoast-seo-wordpress\/ -->\n<title>Motociclistas de todo Brasil chegam para a 20 edi\u00e7\u00e3o do moto chico neste fim de semana - Blog do Farn\u00e9sio<\/title>\n<meta name=\"robots\" content=\"index, follow, max-snippet:-1, max-image-preview:large, max-video-preview:-1\" \/>\n<link rel=\"canonical\" href=\"https:\/\/blogdofarnesio.com.br\/?p=232391\" \/>\n<meta property=\"og:locale\" content=\"pt_BR\" \/>\n<meta property=\"og:type\" content=\"article\" \/>\n<meta property=\"og:title\" content=\"Motociclistas de todo Brasil chegam para a 20 edi\u00e7\u00e3o do moto chico neste fim de semana - Blog do Farn\u00e9sio\" \/>\n<meta property=\"og:description\" content=\"O encontro de motociclistas mais esperado da regi\u00e3o come\u00e7a nesta quinta-feira (11), no estacionamento do Parque Municipal Josepha Coelho, em Petrolina. Durante os quatro dias de evento, a 20\u00aa edi\u00e7\u00e3o do Moto Chico deve receber cerca de 4 mil visitantes e representantes de aproximadamente 480 motoclubes. O evento oferece uma programa\u00e7\u00e3o multicultural diversificada, com atra\u00e7\u00f5es musicais, al\u00e9m da exposi\u00e7\u00e3o de motos e estandes tem\u00e1ticos. O Moto Chico j\u00e1 \u00e9 considerado uma tradi\u00e7\u00e3o para os petrolinenses e amantes de motocicletas de todo pa\u00eds. Conhecendo a import\u00e2ncia do impacto econ\u00f4mico e cultural que o encontro promove, a Prefeitura de Petrolina, mais uma vez, incentiva o evento. \u201cAno a ano, a festa mostra sua grandiosidade, e vem fomentando o turismo e a economia&hellip;\" \/>\n<meta property=\"og:url\" content=\"https:\/\/blogdofarnesio.com.br\/?p=232391\" \/>\n<meta property=\"og:site_name\" content=\"Blog do Farn\u00e9sio\" \/>\n<meta property=\"article:publisher\" content=\"https:\/\/www.facebook.com\/BlogQuerSaberPolitica\/\" \/>\n<meta property=\"article:published_time\" content=\"2019-07-10T10:20:21+00:00\" \/>\n<meta property=\"og:image\" content=\"https:\/\/blogdofarnesio.com.br\/wp-content\/uploads\/2018\/08\/blogqsp-vitima-motos-1.jpg\" \/>\n\t<meta property=\"og:image:width\" content=\"700\" \/>\n\t<meta property=\"og:image:height\" content=\"467\" \/>\n\t<meta property=\"og:image:type\" content=\"image\/jpeg\" \/>\n<meta name=\"author\" content=\"Farn\u00e9sio\" \/>\n<meta name=\"twitter:card\" content=\"summary_large_image\" \/>\n<meta name=\"twitter:label1\" content=\"Escrito por\" \/>\n\t<meta name=\"twitter:data1\" content=\"Farn\u00e9sio\" \/>\n\t<meta name=\"twitter:label2\" content=\"Est. tempo de leitura\" \/>\n\t<meta name=\"twitter:data2\" content=\"2 minutos\" \/>\n<script type=\"application\/ld+json\" class=\"yoast-schema-graph\">{\"@context\":\"https:\\\/\\\/schema.org\",\"@graph\":[{\"@type\":\"Article\",\"@id\":\"https:\\\/\\\/blogdofarnesio.com.br\\\/?p=232391#article\",\"isPartOf\":{\"@id\":\"https:\\\/\\\/blogdofarnesio.com.br\\\/?p=232391\"},\"author\":{\"name\":\"Farn\u00e9sio\",\"@id\":\"https:\\\/\\\/blogdofarnesio.com.br\\\/#\\\/schema\\\/person\\\/301c4acf522bccbfdb45af95b5b906a1\"},\"headline\":\"Motociclistas de todo Brasil chegam para a 20 edi\u00e7\u00e3o do moto chico neste fim de semana\",\"datePublished\":\"2019-07-10T10:20:21+00:00\",\"mainEntityOfPage\":{\"@id\":\"https:\\\/\\\/blogdofarnesio.com.br\\\/?p=232391\"},\"wordCount\":317,\"publisher\":{\"@id\":\"https:\\\/\\\/blogdofarnesio.com.br\\\/#organization\"},\"image\":{\"@id\":\"https:\\\/\\\/blogdofarnesio.com.br\\\/?p=232391#primaryimage\"},\"thumbnailUrl\":\"https:\\\/\\\/blogdofarnesio.com.br\\\/wp-content\\\/uploads\\\/2018\\\/08\\\/blogqsp-vitima-motos-1.jpg\",\"articleSection\":[\"Turismo\"],\"inLanguage\":\"pt-BR\"},{\"@type\":\"WebPage\",\"@id\":\"https:\\\/\\\/blogdofarnesio.com.br\\\/?p=232391\",\"url\":\"https:\\\/\\\/blogdofarnesio.com.br\\\/?p=232391\",\"name\":\"Motociclistas de todo Brasil chegam para a 20 edi\u00e7\u00e3o do moto chico neste fim de semana - Blog do Farn\u00e9sio\",\"isPartOf\":{\"@id\":\"https:\\\/\\\/blogdofarnesio.com.br\\\/#website\"},\"primaryImageOfPage\":{\"@id\":\"https:\\\/\\\/blogdofarnesio.com.br\\\/?p=232391#primaryimage\"},\"image\":{\"@id\":\"https:\\\/\\\/blogdofarnesio.com.br\\\/?p=232391#primaryimage\"},\"thumbnailUrl\":\"https:\\\/\\\/blogdofarnesio.com.br\\\/wp-content\\\/uploads\\\/2018\\\/08\\\/blogqsp-vitima-motos-1.jpg\",\"datePublished\":\"2019-07-10T10:20:21+00:00\",\"breadcrumb\":{\"@id\":\"https:\\\/\\\/blogdofarnesio.com.br\\\/?p=232391#breadcrumb\"},\"inLanguage\":\"pt-BR\",\"potentialAction\":[{\"@type\":\"ReadAction\",\"target\":[\"https:\\\/\\\/blogdofarnesio.com.br\\\/?p=232391\"]}]},{\"@type\":\"ImageObject\",\"inLanguage\":\"pt-BR\",\"@id\":\"https:\\\/\\\/blogdofarnesio.com.br\\\/?p=232391#primaryimage\",\"url\":\"https:\\\/\\\/blogdofarnesio.com.br\\\/wp-content\\\/uploads\\\/2018\\\/08\\\/blogqsp-vitima-motos-1.jpg\",\"contentUrl\":\"https:\\\/\\\/blogdofarnesio.com.br\\\/wp-content\\\/uploads\\\/2018\\\/08\\\/blogqsp-vitima-motos-1.jpg\",\"width\":700,\"height\":467,\"caption\":\"14\\\/06\\\/2013. Credito: Paulo Paiva\\\/DP\\\/D.A Press. Na foto: Motociclistas, Motoqueiros, Motos na BR 101.\"},{\"@type\":\"BreadcrumbList\",\"@id\":\"https:\\\/\\\/blogdofarnesio.com.br\\\/?p=232391#breadcrumb\",\"itemListElement\":[{\"@type\":\"ListItem\",\"position\":1,\"name\":\"In\u00edcio\",\"item\":\"https:\\\/\\\/blogdofarnesio.com.br\\\/\"},{\"@type\":\"ListItem\",\"position\":2,\"name\":\"Motociclistas de todo Brasil chegam para a 20 edi\u00e7\u00e3o do moto chico neste fim de semana\"}]},{\"@type\":\"WebSite\",\"@id\":\"https:\\\/\\\/blogdofarnesio.com.br\\\/#website\",\"url\":\"https:\\\/\\\/blogdofarnesio.com.br\\\/\",\"name\":\"Blog do Farn\u00e9sio\",\"description\":\"Quer Saber Pol\u00edtica?\",\"publisher\":{\"@id\":\"https:\\\/\\\/blogdofarnesio.com.br\\\/#organization\"},\"potentialAction\":[{\"@type\":\"SearchAction\",\"target\":{\"@type\":\"EntryPoint\",\"urlTemplate\":\"https:\\\/\\\/blogdofarnesio.com.br\\\/?s={search_term_string}\"},\"query-input\":{\"@type\":\"PropertyValueSpecification\",\"valueRequired\":true,\"valueName\":\"search_term_string\"}}],\"inLanguage\":\"pt-BR\"},{\"@type\":\"Organization\",\"@id\":\"https:\\\/\\\/blogdofarnesio.com.br\\\/#organization\",\"name\":\"Blog do Farn\u00e9sio\",\"url\":\"https:\\\/\\\/blogdofarnesio.com.br\\\/\",\"logo\":{\"@type\":\"ImageObject\",\"inLanguage\":\"pt-BR\",\"@id\":\"https:\\\/\\\/blogdofarnesio.com.br\\\/#\\\/schema\\\/logo\\\/image\\\/\",\"url\":\"https:\\\/\\\/blogdofarnesio.com.br\\\/wp-content\\\/uploads\\\/2026\\\/03\\\/cropped-logo_new-1.png\",\"contentUrl\":\"https:\\\/\\\/blogdofarnesio.com.br\\\/wp-content\\\/uploads\\\/2026\\\/03\\\/cropped-logo_new-1.png\",\"width\":881,\"height\":685,\"caption\":\"Blog do Farn\u00e9sio\"},\"image\":{\"@id\":\"https:\\\/\\\/blogdofarnesio.com.br\\\/#\\\/schema\\\/logo\\\/image\\\/\"},\"sameAs\":[\"https:\\\/\\\/www.facebook.com\\\/BlogQuerSaberPolitica\\\/\"]},{\"@type\":\"Person\",\"@id\":\"https:\\\/\\\/blogdofarnesio.com.br\\\/#\\\/schema\\\/person\\\/301c4acf522bccbfdb45af95b5b906a1\",\"name\":\"Farn\u00e9sio\",\"image\":{\"@type\":\"ImageObject\",\"inLanguage\":\"pt-BR\",\"@id\":\"https:\\\/\\\/secure.gravatar.com\\\/avatar\\\/df0c9a14567c056f8ad6876ba5bbd1e3e2c48023eb6807342fc4663adf549f38?s=96&d=mm&r=g\",\"url\":\"https:\\\/\\\/secure.gravatar.com\\\/avatar\\\/df0c9a14567c056f8ad6876ba5bbd1e3e2c48023eb6807342fc4663adf549f38?s=96&d=mm&r=g\",\"contentUrl\":\"https:\\\/\\\/secure.gravatar.com\\\/avatar\\\/df0c9a14567c056f8ad6876ba5bbd1e3e2c48023eb6807342fc4663adf549f38?s=96&d=mm&r=g\",\"caption\":\"Farn\u00e9sio\"},\"sameAs\":[\"https:\\\/\\\/quersaberpolitica.com.br\"],\"url\":\"https:\\\/\\\/blogdofarnesio.com.br\\\/?author=1\"}]}<\/script>\n<!-- \/ Yoast SEO plugin. -->","yoast_head_json":{"title":"Motociclistas de todo Brasil chegam para a 20 edi\u00e7\u00e3o do moto chico neste fim de semana - Blog do Farn\u00e9sio","robots":{"index":"index","follow":"follow","max-snippet":"max-snippet:-1","max-image-preview":"max-image-preview:large","max-video-preview":"max-video-preview:-1"},"canonical":"https:\/\/blogdofarnesio.com.br\/?p=232391","og_locale":"pt_BR","og_type":"article","og_title":"Motociclistas de todo Brasil chegam para a 20 edi\u00e7\u00e3o do moto chico neste fim de semana - Blog do Farn\u00e9sio","og_description":"O encontro de motociclistas mais esperado da regi\u00e3o come\u00e7a nesta quinta-feira (11), no estacionamento do Parque Municipal Josepha Coelho, em Petrolina. Durante os quatro dias de evento, a 20\u00aa edi\u00e7\u00e3o do Moto Chico deve receber cerca de 4 mil visitantes e representantes de aproximadamente 480 motoclubes. O evento oferece uma programa\u00e7\u00e3o multicultural diversificada, com atra\u00e7\u00f5es musicais, al\u00e9m da exposi\u00e7\u00e3o de motos e estandes tem\u00e1ticos. O Moto Chico j\u00e1 \u00e9 considerado uma tradi\u00e7\u00e3o para os petrolinenses e amantes de motocicletas de todo pa\u00eds. Conhecendo a import\u00e2ncia do impacto econ\u00f4mico e cultural que o encontro promove, a Prefeitura de Petrolina, mais uma vez, incentiva o evento. \u201cAno a ano, a festa mostra sua grandiosidade, e vem fomentando o turismo e a economia&hellip;","og_url":"https:\/\/blogdofarnesio.com.br\/?p=232391","og_site_name":"Blog do Farn\u00e9sio","article_publisher":"https:\/\/www.facebook.com\/BlogQuerSaberPolitica\/","article_published_time":"2019-07-10T10:20:21+00:00","og_image":[{"width":700,"height":467,"url":"https:\/\/blogdofarnesio.com.br\/wp-content\/uploads\/2018\/08\/blogqsp-vitima-motos-1.jpg","type":"image\/jpeg"}],"author":"Farn\u00e9sio","twitter_card":"summary_large_image","twitter_misc":{"Escrito por":"Farn\u00e9sio","Est. tempo de leitura":"2 minutos"},"schema":{"@context":"https:\/\/schema.org","@graph":[{"@type":"Article","@id":"https:\/\/blogdofarnesio.com.br\/?p=232391#article","isPartOf":{"@id":"https:\/\/blogdofarnesio.com.br\/?p=232391"},"author":{"name":"Farn\u00e9sio","@id":"https:\/\/blogdofarnesio.com.br\/#\/schema\/person\/301c4acf522bccbfdb45af95b5b906a1"},"headline":"Motociclistas de todo Brasil chegam para a 20 edi\u00e7\u00e3o do moto chico neste fim de semana","datePublished":"2019-07-10T10:20:21+00:00","mainEntityOfPage":{"@id":"https:\/\/blogdofarnesio.com.br\/?p=232391"},"wordCount":317,"publisher":{"@id":"https:\/\/blogdofarnesio.com.br\/#organization"},"image":{"@id":"https:\/\/blogdofarnesio.com.br\/?p=232391#primaryimage"},"thumbnailUrl":"https:\/\/blogdofarnesio.com.br\/wp-content\/uploads\/2018\/08\/blogqsp-vitima-motos-1.jpg","articleSection":["Turismo"],"inLanguage":"pt-BR"},{"@type":"WebPage","@id":"https:\/\/blogdofarnesio.com.br\/?p=232391","url":"https:\/\/blogdofarnesio.com.br\/?p=232391","name":"Motociclistas de todo Brasil chegam para a 20 edi\u00e7\u00e3o do moto chico neste fim de semana - Blog do Farn\u00e9sio","isPartOf":{"@id":"https:\/\/blogdofarnesio.com.br\/#website"},"primaryImageOfPage":{"@id":"https:\/\/blogdofarnesio.com.br\/?p=232391#primaryimage"},"image":{"@id":"https:\/\/blogdofarnesio.com.br\/?p=232391#primaryimage"},"thumbnailUrl":"https:\/\/blogdofarnesio.com.br\/wp-content\/uploads\/2018\/08\/blogqsp-vitima-motos-1.jpg","datePublished":"2019-07-10T10:20:21+00:00","breadcrumb":{"@id":"https:\/\/blogdofarnesio.com.br\/?p=232391#breadcrumb"},"inLanguage":"pt-BR","potentialAction":[{"@type":"ReadAction","target":["https:\/\/blogdofarnesio.com.br\/?p=232391"]}]},{"@type":"ImageObject","inLanguage":"pt-BR","@id":"https:\/\/blogdofarnesio.com.br\/?p=232391#primaryimage","url":"https:\/\/blogdofarnesio.com.br\/wp-content\/uploads\/2018\/08\/blogqsp-vitima-motos-1.jpg","contentUrl":"https:\/\/blogdofarnesio.com.br\/wp-content\/uploads\/2018\/08\/blogqsp-vitima-motos-1.jpg","width":700,"height":467,"caption":"14\/06\/2013. Credito: Paulo Paiva\/DP\/D.A Press. Na foto: Motociclistas, Motoqueiros, Motos na BR 101."},{"@type":"BreadcrumbList","@id":"https:\/\/blogdofarnesio.com.br\/?p=232391#breadcrumb","itemListElement":[{"@type":"ListItem","position":1,"name":"In\u00edcio","item":"https:\/\/blogdofarnesio.com.br\/"},{"@type":"ListItem","position":2,"name":"Motociclistas de todo Brasil chegam para a 20 edi\u00e7\u00e3o do moto chico neste fim de semana"}]},{"@type":"WebSite","@id":"https:\/\/blogdofarnesio.com.br\/#website","url":"https:\/\/blogdofarnesio.com.br\/","name":"Blog do Farn\u00e9sio","description":"Quer Saber Pol\u00edtica?","publisher":{"@id":"https:\/\/blogdofarnesio.com.br\/#organization"},"potentialAction":[{"@type":"SearchAction","target":{"@type":"EntryPoint","urlTemplate":"https:\/\/blogdofarnesio.com.br\/?s={search_term_string}"},"query-input":{"@type":"PropertyValueSpecification","valueRequired":true,"valueName":"search_term_string"}}],"inLanguage":"pt-BR"},{"@type":"Organization","@id":"https:\/\/blogdofarnesio.com.br\/#organization","name":"Blog do Farn\u00e9sio","url":"https:\/\/blogdofarnesio.com.br\/","logo":{"@type":"ImageObject","inLanguage":"pt-BR","@id":"https:\/\/blogdofarnesio.com.br\/#\/schema\/logo\/image\/","url":"https:\/\/blogdofarnesio.com.br\/wp-content\/uploads\/2026\/03\/cropped-logo_new-1.png","contentUrl":"https:\/\/blogdofarnesio.com.br\/wp-content\/uploads\/2026\/03\/cropped-logo_new-1.png","width":881,"height":685,"caption":"Blog do Farn\u00e9sio"},"image":{"@id":"https:\/\/blogdofarnesio.com.br\/#\/schema\/logo\/image\/"},"sameAs":["https:\/\/www.facebook.com\/BlogQuerSaberPolitica\/"]},{"@type":"Person","@id":"https:\/\/blogdofarnesio.com.br\/#\/schema\/person\/301c4acf522bccbfdb45af95b5b906a1","name":"Farn\u00e9sio","image":{"@type":"ImageObject","inLanguage":"pt-BR","@id":"https:\/\/secure.gravatar.com\/avatar\/df0c9a14567c056f8ad6876ba5bbd1e3e2c48023eb6807342fc4663adf549f38?s=96&d=mm&r=g","url":"https:\/\/secure.gravatar.com\/avatar\/df0c9a14567c056f8ad6876ba5bbd1e3e2c48023eb6807342fc4663adf549f38?s=96&d=mm&r=g","contentUrl":"https:\/\/secure.gravatar.com\/avatar\/df0c9a14567c056f8ad6876ba5bbd1e3e2c48023eb6807342fc4663adf549f38?s=96&d=mm&r=g","caption":"Farn\u00e9sio"},"sameAs":["https:\/\/quersaberpolitica.com.br"],"url":"https:\/\/blogdofarnesio.com.br\/?author=1"}]}},"_links":{"self":[{"href":"https:\/\/blogdofarnesio.com.br\/index.php?rest_route=\/wp\/v2\/posts\/232391","targetHints":{"allow":["GET"]}}],"collection":[{"href":"https:\/\/blogdofarnesio.com.br\/index.php?rest_route=\/wp\/v2\/posts"}],"about":[{"href":"https:\/\/blogdofarnesio.com.br\/index.php?rest_route=\/wp\/v2\/types\/post"}],"author":[{"embeddable":true,"href":"https:\/\/blogdofarnesio.com.br\/index.php?rest_route=\/wp\/v2\/users\/1"}],"replies":[{"embeddable":true,"href":"https:\/\/blogdofarnesio.com.br\/index.php?rest_route=%2Fwp%2Fv2%2Fcomments&post=232391"}],"version-history":[{"count":0,"href":"https:\/\/blogdofarnesio.com.br\/index.php?rest_route=\/wp\/v2\/posts\/232391\/revisions"}],"wp:featuredmedia":[{"embeddable":true,"href":"https:\/\/blogdofarnesio.com.br\/index.php?rest_route=\/wp\/v2\/media\/205448"}],"wp:attachment":[{"href":"https:\/\/blogdofarnesio.com.br\/index.php?rest_route=%2Fwp%2Fv2%2Fmedia&parent=232391"}],"wp:term":[{"taxonomy":"category","embeddable":true,"href":"https:\/\/blogdofarnesio.com.br\/index.php?rest_route=%2Fwp%2Fv2%2Fcategories&post=232391"},{"taxonomy":"post_tag","embeddable":true,"href":"https:\/\/blogdofarnesio.com.br\/index.php?rest_route=%2Fwp%2Fv2%2Ftags&post=232391"}],"curies":[{"name":"wp","href":"https:\/\/api.w.org\/{rel}","templated":true}]}}