{"id":232249,"date":"2019-07-08T12:00:50","date_gmt":"2019-07-08T15:00:50","guid":{"rendered":"http:\/\/quersaberpolitica.com.br\/2016\/?p=232249"},"modified":"2019-07-08T11:04:51","modified_gmt":"2019-07-08T14:04:51","slug":"candidatos-tem-ate-hoje-para-comprovar-informacoes-do-prouni","status":"publish","type":"post","link":"https:\/\/blogdofarnesio.com.br\/?p=232249","title":{"rendered":"Candidatos t\u00eam at\u00e9 hoje para comprovar informa\u00e7\u00f5es do ProUni"},"content":{"rendered":"\n<p>Por\u00a0Mariana Tokarnia &#8211; Rep\u00f3rter da <strong>Ag\u00eancia Brasi<\/strong>l\u00a0\u00a0Bras\u00edlia &#8211; <\/p>\n\n\n\n<p>Os estudantes selecionados na segunda chamada do Programa Universidade para Todos (ProUni) t\u00eam at\u00e9 hoje (8) para comprovar as informa\u00e7\u00f5es fornecidas na hora da inscri\u00e7\u00e3o. No&nbsp;<a href=\"http:\/\/siteprouni.mec.gov.br\/documentacao.php\" target=\"_blank\" rel=\"noreferrer noopener\"><em>site<\/em>&nbsp;do ProUni<\/a>&nbsp;est\u00e1 dispon\u00edvel a lista da documenta\u00e7\u00e3o necess\u00e1ria.<br><br>Cabe aos estudantes verificar, nas institui\u00e7\u00f5es de ensino para as quais foram selecionados, os hor\u00e1rios e o local de comparecimento para a confirma\u00e7\u00e3o das informa\u00e7\u00f5es. O resultado da segunda chamada foi divulgado no \u00faltimo dia 2 e est\u00e1 dispon\u00edvel na&nbsp;<a href=\"http:\/\/http\/\/siteprouni.mec.gov.br\/\" target=\"_blank\" rel=\"noreferrer noopener\">p\u00e1gina do programa<\/a>.<br><br>Aqueles que n\u00e3o foram selecionados podem ainda participar da lista de espera nos dias 15 e 16 de julho.<\/p>\n\n\n\n<h2 class=\"wp-block-heading\">ProUni<\/h2>\n\n\n\n<p>Ao todo, ser\u00e3o ofertadas para o segundo semestre deste ano 169.226 bolsas de estudo em institui\u00e7\u00f5es particulares de ensino superior, sendo 68.087 bolsas integrais, de 100% do valor da mensalidade, e 101.139 parciais, que cobrem 50% do valor.<\/p>\n\n\n\n<p>As bolsas integrais s\u00e3o destinadas a estudantes com renda familiar bruta&nbsp;<em>per capita<\/em>de at\u00e9 1,5 sal\u00e1rio m\u00ednimo. As bolsas parciais contemplam os candidatos que t\u00eam renda familiar bruta&nbsp;<em>per capita<\/em>&nbsp;de at\u00e9 3 sal\u00e1rios m\u00ednimos.<\/p>\n\n\n\n<h2 class=\"wp-block-heading\">Quem pode participar<\/h2>\n\n\n\n<p>O ProUni \u00e9 voltado a candidatos que n\u00e3o tenham diploma de curso superior e que tenham participado do Exame Nacional do Ensino M\u00e9dio (Enem) 2018. Al\u00e9m disso, os estudantes precisam ter cursado o ensino m\u00e9dio completo em escola p\u00fablica ou em institui\u00e7\u00e3o privada como bolsista integral.<br><br>\u00c9 preciso ainda ter obtido no m\u00ednimo 450 pontos na m\u00e9dia aritm\u00e9tica das notas obtidas nas provas do Enem. O c\u00e1lculo \u00e9 feito a partir da soma das notas das cinco provas, dividida por cinco. Outra exig\u00eancia \u00e9 de que o aluno n\u00e3o tenha tirado zero na reda\u00e7\u00e3o.<br><br>Tamb\u00e9m podem se inscrever no programa estudantes com defici\u00eancia e professores da rede p\u00fablica.<\/p>\n","protected":false},"excerpt":{"rendered":"<p>Por\u00a0Mariana Tokarnia &#8211; Rep\u00f3rter da Ag\u00eancia Brasil\u00a0\u00a0Bras\u00edlia &#8211; Os estudantes selecionados na segunda chamada do Programa Universidade para Todos (ProUni) t\u00eam at\u00e9 hoje (8) para comprovar as informa\u00e7\u00f5es fornecidas na hora da inscri\u00e7\u00e3o. No&nbsp;site&nbsp;do ProUni&nbsp;est\u00e1 dispon\u00edvel a lista da documenta\u00e7\u00e3o necess\u00e1ria. Cabe aos estudantes verificar, nas institui\u00e7\u00f5es de ensino para as quais foram selecionados, os hor\u00e1rios e o local de comparecimento para a confirma\u00e7\u00e3o das informa\u00e7\u00f5es. O resultado da segunda chamada foi divulgado no \u00faltimo dia 2 e est\u00e1 dispon\u00edvel na&nbsp;p\u00e1gina do programa. Aqueles que n\u00e3o foram selecionados podem ainda participar da lista de espera nos dias 15 e 16 de julho. ProUni Ao todo, ser\u00e3o ofertadas para o segundo semestre deste ano 169.226 bolsas de estudo em institui\u00e7\u00f5es particulares&hellip; <\/p>\n","protected":false},"author":1,"featured_media":231874,"comment_status":"closed","ping_status":"closed","sticky":false,"template":"","format":"standard","meta":{"_acf_changed":false,"footnotes":""},"categories":[44],"tags":[],"class_list":["post-232249","post","type-post","status-publish","format-standard","has-post-thumbnail","hentry","category-administracao"],"acf":[],"yoast_head":"<!-- This site is optimized with the Yoast SEO plugin v27.4 - https:\/\/yoast.com\/product\/yoast-seo-wordpress\/ -->\n<title>Candidatos t\u00eam at\u00e9 hoje para comprovar informa\u00e7\u00f5es do ProUni - Blog do Farn\u00e9sio<\/title>\n<meta name=\"robots\" content=\"index, follow, max-snippet:-1, max-image-preview:large, max-video-preview:-1\" \/>\n<link rel=\"canonical\" href=\"https:\/\/blogdofarnesio.com.br\/?p=232249\" \/>\n<meta property=\"og:locale\" content=\"pt_BR\" \/>\n<meta property=\"og:type\" content=\"article\" \/>\n<meta property=\"og:title\" content=\"Candidatos t\u00eam at\u00e9 hoje para comprovar informa\u00e7\u00f5es do ProUni - Blog do Farn\u00e9sio\" \/>\n<meta property=\"og:description\" content=\"Por\u00a0Mariana Tokarnia &#8211; Rep\u00f3rter da Ag\u00eancia Brasil\u00a0\u00a0Bras\u00edlia &#8211; Os estudantes selecionados na segunda chamada do Programa Universidade para Todos (ProUni) t\u00eam at\u00e9 hoje (8) para comprovar as informa\u00e7\u00f5es fornecidas na hora da inscri\u00e7\u00e3o. No&nbsp;site&nbsp;do ProUni&nbsp;est\u00e1 dispon\u00edvel a lista da documenta\u00e7\u00e3o necess\u00e1ria. Cabe aos estudantes verificar, nas institui\u00e7\u00f5es de ensino para as quais foram selecionados, os hor\u00e1rios e o local de comparecimento para a confirma\u00e7\u00e3o das informa\u00e7\u00f5es. O resultado da segunda chamada foi divulgado no \u00faltimo dia 2 e est\u00e1 dispon\u00edvel na&nbsp;p\u00e1gina do programa. Aqueles que n\u00e3o foram selecionados podem ainda participar da lista de espera nos dias 15 e 16 de julho. ProUni Ao todo, ser\u00e3o ofertadas para o segundo semestre deste ano 169.226 bolsas de estudo em institui\u00e7\u00f5es particulares&hellip;\" \/>\n<meta property=\"og:url\" content=\"https:\/\/blogdofarnesio.com.br\/?p=232249\" \/>\n<meta property=\"og:site_name\" content=\"Blog do Farn\u00e9sio\" \/>\n<meta property=\"article:publisher\" content=\"https:\/\/www.facebook.com\/BlogQuerSaberPolitica\/\" \/>\n<meta property=\"article:published_time\" content=\"2019-07-08T15:00:50+00:00\" \/>\n<meta property=\"og:image\" content=\"https:\/\/blogdofarnesio.com.br\/wp-content\/uploads\/2019\/07\/blogqsp-prouni.jpg\" \/>\n\t<meta property=\"og:image:width\" content=\"750\" \/>\n\t<meta property=\"og:image:height\" content=\"500\" \/>\n\t<meta property=\"og:image:type\" content=\"image\/jpeg\" \/>\n<meta name=\"author\" content=\"Farn\u00e9sio\" \/>\n<meta name=\"twitter:card\" content=\"summary_large_image\" \/>\n<meta name=\"twitter:label1\" content=\"Escrito por\" \/>\n\t<meta name=\"twitter:data1\" content=\"Farn\u00e9sio\" \/>\n\t<meta name=\"twitter:label2\" content=\"Est. tempo de leitura\" \/>\n\t<meta name=\"twitter:data2\" content=\"2 minutos\" \/>\n<script type=\"application\/ld+json\" class=\"yoast-schema-graph\">{\"@context\":\"https:\\\/\\\/schema.org\",\"@graph\":[{\"@type\":\"Article\",\"@id\":\"https:\\\/\\\/blogdofarnesio.com.br\\\/?p=232249#article\",\"isPartOf\":{\"@id\":\"https:\\\/\\\/blogdofarnesio.com.br\\\/?p=232249\"},\"author\":{\"name\":\"Farn\u00e9sio\",\"@id\":\"https:\\\/\\\/blogdofarnesio.com.br\\\/#\\\/schema\\\/person\\\/301c4acf522bccbfdb45af95b5b906a1\"},\"headline\":\"Candidatos t\u00eam at\u00e9 hoje para comprovar informa\u00e7\u00f5es do ProUni\",\"datePublished\":\"2019-07-08T15:00:50+00:00\",\"mainEntityOfPage\":{\"@id\":\"https:\\\/\\\/blogdofarnesio.com.br\\\/?p=232249\"},\"wordCount\":334,\"publisher\":{\"@id\":\"https:\\\/\\\/blogdofarnesio.com.br\\\/#organization\"},\"image\":{\"@id\":\"https:\\\/\\\/blogdofarnesio.com.br\\\/?p=232249#primaryimage\"},\"thumbnailUrl\":\"https:\\\/\\\/blogdofarnesio.com.br\\\/wp-content\\\/uploads\\\/2019\\\/07\\\/blogqsp-prouni.jpg\",\"articleSection\":[\"Administra\u00e7\u00e3o\"],\"inLanguage\":\"pt-BR\"},{\"@type\":\"WebPage\",\"@id\":\"https:\\\/\\\/blogdofarnesio.com.br\\\/?p=232249\",\"url\":\"https:\\\/\\\/blogdofarnesio.com.br\\\/?p=232249\",\"name\":\"Candidatos t\u00eam at\u00e9 hoje para comprovar informa\u00e7\u00f5es do ProUni - Blog do Farn\u00e9sio\",\"isPartOf\":{\"@id\":\"https:\\\/\\\/blogdofarnesio.com.br\\\/#website\"},\"primaryImageOfPage\":{\"@id\":\"https:\\\/\\\/blogdofarnesio.com.br\\\/?p=232249#primaryimage\"},\"image\":{\"@id\":\"https:\\\/\\\/blogdofarnesio.com.br\\\/?p=232249#primaryimage\"},\"thumbnailUrl\":\"https:\\\/\\\/blogdofarnesio.com.br\\\/wp-content\\\/uploads\\\/2019\\\/07\\\/blogqsp-prouni.jpg\",\"datePublished\":\"2019-07-08T15:00:50+00:00\",\"breadcrumb\":{\"@id\":\"https:\\\/\\\/blogdofarnesio.com.br\\\/?p=232249#breadcrumb\"},\"inLanguage\":\"pt-BR\",\"potentialAction\":[{\"@type\":\"ReadAction\",\"target\":[\"https:\\\/\\\/blogdofarnesio.com.br\\\/?p=232249\"]}]},{\"@type\":\"ImageObject\",\"inLanguage\":\"pt-BR\",\"@id\":\"https:\\\/\\\/blogdofarnesio.com.br\\\/?p=232249#primaryimage\",\"url\":\"https:\\\/\\\/blogdofarnesio.com.br\\\/wp-content\\\/uploads\\\/2019\\\/07\\\/blogqsp-prouni.jpg\",\"contentUrl\":\"https:\\\/\\\/blogdofarnesio.com.br\\\/wp-content\\\/uploads\\\/2019\\\/07\\\/blogqsp-prouni.jpg\",\"width\":750,\"height\":500},{\"@type\":\"BreadcrumbList\",\"@id\":\"https:\\\/\\\/blogdofarnesio.com.br\\\/?p=232249#breadcrumb\",\"itemListElement\":[{\"@type\":\"ListItem\",\"position\":1,\"name\":\"In\u00edcio\",\"item\":\"https:\\\/\\\/blogdofarnesio.com.br\\\/\"},{\"@type\":\"ListItem\",\"position\":2,\"name\":\"Candidatos t\u00eam at\u00e9 hoje para comprovar informa\u00e7\u00f5es do ProUni\"}]},{\"@type\":\"WebSite\",\"@id\":\"https:\\\/\\\/blogdofarnesio.com.br\\\/#website\",\"url\":\"https:\\\/\\\/blogdofarnesio.com.br\\\/\",\"name\":\"Blog do Farn\u00e9sio\",\"description\":\"Quer Saber Pol\u00edtica?\",\"publisher\":{\"@id\":\"https:\\\/\\\/blogdofarnesio.com.br\\\/#organization\"},\"potentialAction\":[{\"@type\":\"SearchAction\",\"target\":{\"@type\":\"EntryPoint\",\"urlTemplate\":\"https:\\\/\\\/blogdofarnesio.com.br\\\/?s={search_term_string}\"},\"query-input\":{\"@type\":\"PropertyValueSpecification\",\"valueRequired\":true,\"valueName\":\"search_term_string\"}}],\"inLanguage\":\"pt-BR\"},{\"@type\":\"Organization\",\"@id\":\"https:\\\/\\\/blogdofarnesio.com.br\\\/#organization\",\"name\":\"Blog do Farn\u00e9sio\",\"url\":\"https:\\\/\\\/blogdofarnesio.com.br\\\/\",\"logo\":{\"@type\":\"ImageObject\",\"inLanguage\":\"pt-BR\",\"@id\":\"https:\\\/\\\/blogdofarnesio.com.br\\\/#\\\/schema\\\/logo\\\/image\\\/\",\"url\":\"https:\\\/\\\/blogdofarnesio.com.br\\\/wp-content\\\/uploads\\\/2026\\\/03\\\/cropped-logo_new-1.png\",\"contentUrl\":\"https:\\\/\\\/blogdofarnesio.com.br\\\/wp-content\\\/uploads\\\/2026\\\/03\\\/cropped-logo_new-1.png\",\"width\":881,\"height\":685,\"caption\":\"Blog do Farn\u00e9sio\"},\"image\":{\"@id\":\"https:\\\/\\\/blogdofarnesio.com.br\\\/#\\\/schema\\\/logo\\\/image\\\/\"},\"sameAs\":[\"https:\\\/\\\/www.facebook.com\\\/BlogQuerSaberPolitica\\\/\"]},{\"@type\":\"Person\",\"@id\":\"https:\\\/\\\/blogdofarnesio.com.br\\\/#\\\/schema\\\/person\\\/301c4acf522bccbfdb45af95b5b906a1\",\"name\":\"Farn\u00e9sio\",\"image\":{\"@type\":\"ImageObject\",\"inLanguage\":\"pt-BR\",\"@id\":\"https:\\\/\\\/secure.gravatar.com\\\/avatar\\\/df0c9a14567c056f8ad6876ba5bbd1e3e2c48023eb6807342fc4663adf549f38?s=96&d=mm&r=g\",\"url\":\"https:\\\/\\\/secure.gravatar.com\\\/avatar\\\/df0c9a14567c056f8ad6876ba5bbd1e3e2c48023eb6807342fc4663adf549f38?s=96&d=mm&r=g\",\"contentUrl\":\"https:\\\/\\\/secure.gravatar.com\\\/avatar\\\/df0c9a14567c056f8ad6876ba5bbd1e3e2c48023eb6807342fc4663adf549f38?s=96&d=mm&r=g\",\"caption\":\"Farn\u00e9sio\"},\"sameAs\":[\"https:\\\/\\\/quersaberpolitica.com.br\"],\"url\":\"https:\\\/\\\/blogdofarnesio.com.br\\\/?author=1\"}]}<\/script>\n<!-- \/ Yoast SEO plugin. -->","yoast_head_json":{"title":"Candidatos t\u00eam at\u00e9 hoje para comprovar informa\u00e7\u00f5es do ProUni - Blog do Farn\u00e9sio","robots":{"index":"index","follow":"follow","max-snippet":"max-snippet:-1","max-image-preview":"max-image-preview:large","max-video-preview":"max-video-preview:-1"},"canonical":"https:\/\/blogdofarnesio.com.br\/?p=232249","og_locale":"pt_BR","og_type":"article","og_title":"Candidatos t\u00eam at\u00e9 hoje para comprovar informa\u00e7\u00f5es do ProUni - Blog do Farn\u00e9sio","og_description":"Por\u00a0Mariana Tokarnia &#8211; Rep\u00f3rter da Ag\u00eancia Brasil\u00a0\u00a0Bras\u00edlia &#8211; Os estudantes selecionados na segunda chamada do Programa Universidade para Todos (ProUni) t\u00eam at\u00e9 hoje (8) para comprovar as informa\u00e7\u00f5es fornecidas na hora da inscri\u00e7\u00e3o. No&nbsp;site&nbsp;do ProUni&nbsp;est\u00e1 dispon\u00edvel a lista da documenta\u00e7\u00e3o necess\u00e1ria. Cabe aos estudantes verificar, nas institui\u00e7\u00f5es de ensino para as quais foram selecionados, os hor\u00e1rios e o local de comparecimento para a confirma\u00e7\u00e3o das informa\u00e7\u00f5es. O resultado da segunda chamada foi divulgado no \u00faltimo dia 2 e est\u00e1 dispon\u00edvel na&nbsp;p\u00e1gina do programa. Aqueles que n\u00e3o foram selecionados podem ainda participar da lista de espera nos dias 15 e 16 de julho. ProUni Ao todo, ser\u00e3o ofertadas para o segundo semestre deste ano 169.226 bolsas de estudo em institui\u00e7\u00f5es particulares&hellip;","og_url":"https:\/\/blogdofarnesio.com.br\/?p=232249","og_site_name":"Blog do Farn\u00e9sio","article_publisher":"https:\/\/www.facebook.com\/BlogQuerSaberPolitica\/","article_published_time":"2019-07-08T15:00:50+00:00","og_image":[{"width":750,"height":500,"url":"https:\/\/blogdofarnesio.com.br\/wp-content\/uploads\/2019\/07\/blogqsp-prouni.jpg","type":"image\/jpeg"}],"author":"Farn\u00e9sio","twitter_card":"summary_large_image","twitter_misc":{"Escrito por":"Farn\u00e9sio","Est. tempo de leitura":"2 minutos"},"schema":{"@context":"https:\/\/schema.org","@graph":[{"@type":"Article","@id":"https:\/\/blogdofarnesio.com.br\/?p=232249#article","isPartOf":{"@id":"https:\/\/blogdofarnesio.com.br\/?p=232249"},"author":{"name":"Farn\u00e9sio","@id":"https:\/\/blogdofarnesio.com.br\/#\/schema\/person\/301c4acf522bccbfdb45af95b5b906a1"},"headline":"Candidatos t\u00eam at\u00e9 hoje para comprovar informa\u00e7\u00f5es do ProUni","datePublished":"2019-07-08T15:00:50+00:00","mainEntityOfPage":{"@id":"https:\/\/blogdofarnesio.com.br\/?p=232249"},"wordCount":334,"publisher":{"@id":"https:\/\/blogdofarnesio.com.br\/#organization"},"image":{"@id":"https:\/\/blogdofarnesio.com.br\/?p=232249#primaryimage"},"thumbnailUrl":"https:\/\/blogdofarnesio.com.br\/wp-content\/uploads\/2019\/07\/blogqsp-prouni.jpg","articleSection":["Administra\u00e7\u00e3o"],"inLanguage":"pt-BR"},{"@type":"WebPage","@id":"https:\/\/blogdofarnesio.com.br\/?p=232249","url":"https:\/\/blogdofarnesio.com.br\/?p=232249","name":"Candidatos t\u00eam at\u00e9 hoje para comprovar informa\u00e7\u00f5es do ProUni - Blog do Farn\u00e9sio","isPartOf":{"@id":"https:\/\/blogdofarnesio.com.br\/#website"},"primaryImageOfPage":{"@id":"https:\/\/blogdofarnesio.com.br\/?p=232249#primaryimage"},"image":{"@id":"https:\/\/blogdofarnesio.com.br\/?p=232249#primaryimage"},"thumbnailUrl":"https:\/\/blogdofarnesio.com.br\/wp-content\/uploads\/2019\/07\/blogqsp-prouni.jpg","datePublished":"2019-07-08T15:00:50+00:00","breadcrumb":{"@id":"https:\/\/blogdofarnesio.com.br\/?p=232249#breadcrumb"},"inLanguage":"pt-BR","potentialAction":[{"@type":"ReadAction","target":["https:\/\/blogdofarnesio.com.br\/?p=232249"]}]},{"@type":"ImageObject","inLanguage":"pt-BR","@id":"https:\/\/blogdofarnesio.com.br\/?p=232249#primaryimage","url":"https:\/\/blogdofarnesio.com.br\/wp-content\/uploads\/2019\/07\/blogqsp-prouni.jpg","contentUrl":"https:\/\/blogdofarnesio.com.br\/wp-content\/uploads\/2019\/07\/blogqsp-prouni.jpg","width":750,"height":500},{"@type":"BreadcrumbList","@id":"https:\/\/blogdofarnesio.com.br\/?p=232249#breadcrumb","itemListElement":[{"@type":"ListItem","position":1,"name":"In\u00edcio","item":"https:\/\/blogdofarnesio.com.br\/"},{"@type":"ListItem","position":2,"name":"Candidatos t\u00eam at\u00e9 hoje para comprovar informa\u00e7\u00f5es do ProUni"}]},{"@type":"WebSite","@id":"https:\/\/blogdofarnesio.com.br\/#website","url":"https:\/\/blogdofarnesio.com.br\/","name":"Blog do Farn\u00e9sio","description":"Quer Saber Pol\u00edtica?","publisher":{"@id":"https:\/\/blogdofarnesio.com.br\/#organization"},"potentialAction":[{"@type":"SearchAction","target":{"@type":"EntryPoint","urlTemplate":"https:\/\/blogdofarnesio.com.br\/?s={search_term_string}"},"query-input":{"@type":"PropertyValueSpecification","valueRequired":true,"valueName":"search_term_string"}}],"inLanguage":"pt-BR"},{"@type":"Organization","@id":"https:\/\/blogdofarnesio.com.br\/#organization","name":"Blog do Farn\u00e9sio","url":"https:\/\/blogdofarnesio.com.br\/","logo":{"@type":"ImageObject","inLanguage":"pt-BR","@id":"https:\/\/blogdofarnesio.com.br\/#\/schema\/logo\/image\/","url":"https:\/\/blogdofarnesio.com.br\/wp-content\/uploads\/2026\/03\/cropped-logo_new-1.png","contentUrl":"https:\/\/blogdofarnesio.com.br\/wp-content\/uploads\/2026\/03\/cropped-logo_new-1.png","width":881,"height":685,"caption":"Blog do Farn\u00e9sio"},"image":{"@id":"https:\/\/blogdofarnesio.com.br\/#\/schema\/logo\/image\/"},"sameAs":["https:\/\/www.facebook.com\/BlogQuerSaberPolitica\/"]},{"@type":"Person","@id":"https:\/\/blogdofarnesio.com.br\/#\/schema\/person\/301c4acf522bccbfdb45af95b5b906a1","name":"Farn\u00e9sio","image":{"@type":"ImageObject","inLanguage":"pt-BR","@id":"https:\/\/secure.gravatar.com\/avatar\/df0c9a14567c056f8ad6876ba5bbd1e3e2c48023eb6807342fc4663adf549f38?s=96&d=mm&r=g","url":"https:\/\/secure.gravatar.com\/avatar\/df0c9a14567c056f8ad6876ba5bbd1e3e2c48023eb6807342fc4663adf549f38?s=96&d=mm&r=g","contentUrl":"https:\/\/secure.gravatar.com\/avatar\/df0c9a14567c056f8ad6876ba5bbd1e3e2c48023eb6807342fc4663adf549f38?s=96&d=mm&r=g","caption":"Farn\u00e9sio"},"sameAs":["https:\/\/quersaberpolitica.com.br"],"url":"https:\/\/blogdofarnesio.com.br\/?author=1"}]}},"_links":{"self":[{"href":"https:\/\/blogdofarnesio.com.br\/index.php?rest_route=\/wp\/v2\/posts\/232249","targetHints":{"allow":["GET"]}}],"collection":[{"href":"https:\/\/blogdofarnesio.com.br\/index.php?rest_route=\/wp\/v2\/posts"}],"about":[{"href":"https:\/\/blogdofarnesio.com.br\/index.php?rest_route=\/wp\/v2\/types\/post"}],"author":[{"embeddable":true,"href":"https:\/\/blogdofarnesio.com.br\/index.php?rest_route=\/wp\/v2\/users\/1"}],"replies":[{"embeddable":true,"href":"https:\/\/blogdofarnesio.com.br\/index.php?rest_route=%2Fwp%2Fv2%2Fcomments&post=232249"}],"version-history":[{"count":0,"href":"https:\/\/blogdofarnesio.com.br\/index.php?rest_route=\/wp\/v2\/posts\/232249\/revisions"}],"wp:featuredmedia":[{"embeddable":true,"href":"https:\/\/blogdofarnesio.com.br\/index.php?rest_route=\/wp\/v2\/media\/231874"}],"wp:attachment":[{"href":"https:\/\/blogdofarnesio.com.br\/index.php?rest_route=%2Fwp%2Fv2%2Fmedia&parent=232249"}],"wp:term":[{"taxonomy":"category","embeddable":true,"href":"https:\/\/blogdofarnesio.com.br\/index.php?rest_route=%2Fwp%2Fv2%2Fcategories&post=232249"},{"taxonomy":"post_tag","embeddable":true,"href":"https:\/\/blogdofarnesio.com.br\/index.php?rest_route=%2Fwp%2Fv2%2Ftags&post=232249"}],"curies":[{"name":"wp","href":"https:\/\/api.w.org\/{rel}","templated":true}]}}