{"id":232219,"date":"2019-07-08T10:21:26","date_gmt":"2019-07-08T13:21:26","guid":{"rendered":"http:\/\/quersaberpolitica.com.br\/2016\/?p=232219"},"modified":"2019-07-07T19:57:37","modified_gmt":"2019-07-07T22:57:37","slug":"inscricoes-abertas-na-univasf-para-vagas-ociosas-na-residencias-universitarias","status":"publish","type":"post","link":"https:\/\/blogdofarnesio.com.br\/?p=232219","title":{"rendered":"INSCRI\u00c7\u00d5ES ABERTAS NA UNIVASF PARA VAGAS OCIOSAS NA RESID\u00caNCIAS UNIVERSIT\u00c1RIAS"},"content":{"rendered":"\n<p>A Pr\u00f3-Reitoria de Assist\u00eancia Estudantil (Proae) da Universidade Federal do Vale do S\u00e3o Francisco (Univasf) lan\u00e7a edital simplificado para Preenchimento de Vagas Ociosas nas Resid\u00eancias Universit\u00e1rias. S\u00e3o 14 vagas distribu\u00eddas nas tr\u00eas resid\u00eancias, situadas no Campus Serra da Capivara, Campus Ci\u00eancias Agr\u00e1rias e Campus Paulo Afonso. Os estudantes selecionados ocupar\u00e3o as vagas provisoriamente. As inscri\u00e7\u00f5es devem ser realizadas atrav\u00e9s do site do&nbsp;<a href=\"https:\/\/www.sistemas.univasf.edu.br\/pae\/\" target=\"_blank\" rel=\"noreferrer noopener\">Programa de Assist\u00eancia Estudantil<\/a>, de 5 a 10 de julho.<\/p>\n\n\n\n<p>No ato da inscri\u00e7\u00e3o, o candidato ir\u00e1 preencher um question\u00e1rio socioecon\u00f4mico e enviar\u00e1 em anexo a documenta\u00e7\u00e3o solicitada pelo edital. Os documentos devem ser escaneados em formato JPG, com tamanho m\u00e1ximo de 1MB cada. O n\u00famero de vagas \u00e9 distribu\u00eddo entre as tr\u00eas Resid\u00eancias. Para o Campus Serra da Capivara s\u00e3o disponibilizadas 2 vagas masculinas e 3 femininas; para o Campus Ci\u00eancias Agr\u00e1rias, 4 vagas femininas; para o Campus Paulo Afonso, s\u00e3o disponibilizadas 3 vagas que podem ser preenchidas por estudantes do sexo feminino ou masculino.<\/p>\n\n\n\n<p>Entre os requisitos para participar do processo, se destacam: ser estudante de gradua\u00e7\u00e3o presencial matriculado e com frequ\u00eancia regular nas atividades acad\u00eamicas; atender ao perfil de vulnerabilidade socioecon\u00f4mica definido no&nbsp;<a href=\"http:\/\/portais.univasf.edu.br\/noticias\/EDITALSELEOSIMPLIFICADA2019RESIDENCIAESTUDANTILVAGASPROVISRIAS.pdf\" target=\"_blank\" rel=\"noreferrer noopener\">Edital N\u02da 2\/2019<\/a>; o discente n\u00e3o pode estar recebendo bolsas e aux\u00edlios da Assist\u00eancia Estudantil \u2013 Sele\u00e7\u00e3o Unificada 2019-PAE e Bolsa Perman\u00eancia do MEC; possuir renda familiar per capita de at\u00e9 um sal\u00e1rio m\u00ednimo e meio vigente, ou seja, at\u00e9 R$ 1.497,00 por pessoa. O resultado final ser\u00e1 divulgado na p\u00e1gina da&nbsp;<a href=\"http:\/\/www.proae.univasf.edu.br\/\" target=\"_blank\" rel=\"noreferrer noopener\">Proae<\/a>&nbsp;no dia 19 de julho.<\/p>\n\n\n\n<p>Cronograma:<\/p>\n\n\n\n<p>Inscri\u00e7\u00f5es \u2013 de 5 a 10 de julho<\/p>\n\n\n\n<p>An\u00e1lise documental e entrevistas sociais \u2013 11 a 16 de julho<\/p>\n\n\n\n<p>Resultado parcial \u2013 17 de julho<\/p>\n\n\n\n<p>Recursos \u2013 18 de julho<\/p>\n\n\n\n<p>Resultado final \u2013 19 de julho<\/p>\n\n\n<p><!--EndFragment--><br \/><br \/><\/p>","protected":false},"excerpt":{"rendered":"<p>A Pr\u00f3-Reitoria de Assist\u00eancia Estudantil (Proae) da Universidade Federal do Vale do S\u00e3o Francisco (Univasf) lan\u00e7a edital simplificado para Preenchimento de Vagas Ociosas nas Resid\u00eancias Universit\u00e1rias. S\u00e3o 14 vagas distribu\u00eddas nas tr\u00eas resid\u00eancias, situadas no Campus Serra da Capivara, Campus Ci\u00eancias Agr\u00e1rias e Campus Paulo Afonso. Os estudantes selecionados ocupar\u00e3o as vagas provisoriamente. As inscri\u00e7\u00f5es devem ser realizadas atrav\u00e9s do site do&nbsp;Programa de Assist\u00eancia Estudantil, de 5 a 10 de julho. No ato da inscri\u00e7\u00e3o, o candidato ir\u00e1 preencher um question\u00e1rio socioecon\u00f4mico e enviar\u00e1 em anexo a documenta\u00e7\u00e3o solicitada pelo edital. Os documentos devem ser escaneados em formato JPG, com tamanho m\u00e1ximo de 1MB cada. O n\u00famero de vagas \u00e9 distribu\u00eddo entre as tr\u00eas Resid\u00eancias. Para o Campus Serra da&hellip; <\/p>\n","protected":false},"author":1,"featured_media":113713,"comment_status":"closed","ping_status":"closed","sticky":false,"template":"","format":"standard","meta":{"_acf_changed":false,"footnotes":""},"categories":[6],"tags":[],"class_list":["post-232219","post","type-post","status-publish","format-standard","has-post-thumbnail","hentry","category-educacao"],"acf":[],"yoast_head":"<!-- This site is optimized with the Yoast SEO plugin v27.4 - https:\/\/yoast.com\/product\/yoast-seo-wordpress\/ -->\n<title>INSCRI\u00c7\u00d5ES ABERTAS NA UNIVASF PARA VAGAS OCIOSAS NA RESID\u00caNCIAS UNIVERSIT\u00c1RIAS - Blog do Farn\u00e9sio<\/title>\n<meta name=\"robots\" content=\"index, follow, max-snippet:-1, max-image-preview:large, max-video-preview:-1\" \/>\n<link rel=\"canonical\" href=\"https:\/\/blogdofarnesio.com.br\/?p=232219\" \/>\n<meta property=\"og:locale\" content=\"pt_BR\" \/>\n<meta property=\"og:type\" content=\"article\" \/>\n<meta property=\"og:title\" content=\"INSCRI\u00c7\u00d5ES ABERTAS NA UNIVASF PARA VAGAS OCIOSAS NA RESID\u00caNCIAS UNIVERSIT\u00c1RIAS - Blog do Farn\u00e9sio\" \/>\n<meta property=\"og:description\" content=\"A Pr\u00f3-Reitoria de Assist\u00eancia Estudantil (Proae) da Universidade Federal do Vale do S\u00e3o Francisco (Univasf) lan\u00e7a edital simplificado para Preenchimento de Vagas Ociosas nas Resid\u00eancias Universit\u00e1rias. S\u00e3o 14 vagas distribu\u00eddas nas tr\u00eas resid\u00eancias, situadas no Campus Serra da Capivara, Campus Ci\u00eancias Agr\u00e1rias e Campus Paulo Afonso. Os estudantes selecionados ocupar\u00e3o as vagas provisoriamente. As inscri\u00e7\u00f5es devem ser realizadas atrav\u00e9s do site do&nbsp;Programa de Assist\u00eancia Estudantil, de 5 a 10 de julho. No ato da inscri\u00e7\u00e3o, o candidato ir\u00e1 preencher um question\u00e1rio socioecon\u00f4mico e enviar\u00e1 em anexo a documenta\u00e7\u00e3o solicitada pelo edital. Os documentos devem ser escaneados em formato JPG, com tamanho m\u00e1ximo de 1MB cada. O n\u00famero de vagas \u00e9 distribu\u00eddo entre as tr\u00eas Resid\u00eancias. Para o Campus Serra da&hellip;\" \/>\n<meta property=\"og:url\" content=\"https:\/\/blogdofarnesio.com.br\/?p=232219\" \/>\n<meta property=\"og:site_name\" content=\"Blog do Farn\u00e9sio\" \/>\n<meta property=\"article:publisher\" content=\"https:\/\/www.facebook.com\/BlogQuerSaberPolitica\/\" \/>\n<meta property=\"article:published_time\" content=\"2019-07-08T13:21:26+00:00\" \/>\n<meta property=\"og:image\" content=\"https:\/\/blogdofarnesio.com.br\/wp-content\/uploads\/2015\/01\/blogqsp.restaurante.univasf.jpg\" \/>\n\t<meta property=\"og:image:width\" content=\"314\" \/>\n\t<meta property=\"og:image:height\" content=\"210\" \/>\n\t<meta property=\"og:image:type\" content=\"image\/jpeg\" \/>\n<meta name=\"author\" content=\"Farn\u00e9sio\" \/>\n<meta name=\"twitter:card\" content=\"summary_large_image\" \/>\n<meta name=\"twitter:label1\" content=\"Escrito por\" \/>\n\t<meta name=\"twitter:data1\" content=\"Farn\u00e9sio\" \/>\n\t<meta name=\"twitter:label2\" content=\"Est. tempo de leitura\" \/>\n\t<meta name=\"twitter:data2\" content=\"2 minutos\" \/>\n<script type=\"application\/ld+json\" class=\"yoast-schema-graph\">{\"@context\":\"https:\\\/\\\/schema.org\",\"@graph\":[{\"@type\":\"Article\",\"@id\":\"https:\\\/\\\/blogdofarnesio.com.br\\\/?p=232219#article\",\"isPartOf\":{\"@id\":\"https:\\\/\\\/blogdofarnesio.com.br\\\/?p=232219\"},\"author\":{\"name\":\"Farn\u00e9sio\",\"@id\":\"https:\\\/\\\/blogdofarnesio.com.br\\\/#\\\/schema\\\/person\\\/301c4acf522bccbfdb45af95b5b906a1\"},\"headline\":\"INSCRI\u00c7\u00d5ES ABERTAS NA UNIVASF PARA VAGAS OCIOSAS NA RESID\u00caNCIAS UNIVERSIT\u00c1RIAS\",\"datePublished\":\"2019-07-08T13:21:26+00:00\",\"mainEntityOfPage\":{\"@id\":\"https:\\\/\\\/blogdofarnesio.com.br\\\/?p=232219\"},\"wordCount\":319,\"publisher\":{\"@id\":\"https:\\\/\\\/blogdofarnesio.com.br\\\/#organization\"},\"image\":{\"@id\":\"https:\\\/\\\/blogdofarnesio.com.br\\\/?p=232219#primaryimage\"},\"thumbnailUrl\":\"https:\\\/\\\/blogdofarnesio.com.br\\\/wp-content\\\/uploads\\\/2015\\\/01\\\/blogqsp.restaurante.univasf.jpg\",\"articleSection\":[\"Educa\u00e7\u00e3o\"],\"inLanguage\":\"pt-BR\"},{\"@type\":\"WebPage\",\"@id\":\"https:\\\/\\\/blogdofarnesio.com.br\\\/?p=232219\",\"url\":\"https:\\\/\\\/blogdofarnesio.com.br\\\/?p=232219\",\"name\":\"INSCRI\u00c7\u00d5ES ABERTAS NA UNIVASF PARA VAGAS OCIOSAS NA RESID\u00caNCIAS UNIVERSIT\u00c1RIAS - Blog do Farn\u00e9sio\",\"isPartOf\":{\"@id\":\"https:\\\/\\\/blogdofarnesio.com.br\\\/#website\"},\"primaryImageOfPage\":{\"@id\":\"https:\\\/\\\/blogdofarnesio.com.br\\\/?p=232219#primaryimage\"},\"image\":{\"@id\":\"https:\\\/\\\/blogdofarnesio.com.br\\\/?p=232219#primaryimage\"},\"thumbnailUrl\":\"https:\\\/\\\/blogdofarnesio.com.br\\\/wp-content\\\/uploads\\\/2015\\\/01\\\/blogqsp.restaurante.univasf.jpg\",\"datePublished\":\"2019-07-08T13:21:26+00:00\",\"breadcrumb\":{\"@id\":\"https:\\\/\\\/blogdofarnesio.com.br\\\/?p=232219#breadcrumb\"},\"inLanguage\":\"pt-BR\",\"potentialAction\":[{\"@type\":\"ReadAction\",\"target\":[\"https:\\\/\\\/blogdofarnesio.com.br\\\/?p=232219\"]}]},{\"@type\":\"ImageObject\",\"inLanguage\":\"pt-BR\",\"@id\":\"https:\\\/\\\/blogdofarnesio.com.br\\\/?p=232219#primaryimage\",\"url\":\"https:\\\/\\\/blogdofarnesio.com.br\\\/wp-content\\\/uploads\\\/2015\\\/01\\\/blogqsp.restaurante.univasf.jpg\",\"contentUrl\":\"https:\\\/\\\/blogdofarnesio.com.br\\\/wp-content\\\/uploads\\\/2015\\\/01\\\/blogqsp.restaurante.univasf.jpg\",\"width\":314,\"height\":210},{\"@type\":\"BreadcrumbList\",\"@id\":\"https:\\\/\\\/blogdofarnesio.com.br\\\/?p=232219#breadcrumb\",\"itemListElement\":[{\"@type\":\"ListItem\",\"position\":1,\"name\":\"In\u00edcio\",\"item\":\"https:\\\/\\\/blogdofarnesio.com.br\\\/\"},{\"@type\":\"ListItem\",\"position\":2,\"name\":\"INSCRI\u00c7\u00d5ES ABERTAS NA UNIVASF PARA VAGAS OCIOSAS NA RESID\u00caNCIAS UNIVERSIT\u00c1RIAS\"}]},{\"@type\":\"WebSite\",\"@id\":\"https:\\\/\\\/blogdofarnesio.com.br\\\/#website\",\"url\":\"https:\\\/\\\/blogdofarnesio.com.br\\\/\",\"name\":\"Blog do Farn\u00e9sio\",\"description\":\"Quer Saber Pol\u00edtica?\",\"publisher\":{\"@id\":\"https:\\\/\\\/blogdofarnesio.com.br\\\/#organization\"},\"potentialAction\":[{\"@type\":\"SearchAction\",\"target\":{\"@type\":\"EntryPoint\",\"urlTemplate\":\"https:\\\/\\\/blogdofarnesio.com.br\\\/?s={search_term_string}\"},\"query-input\":{\"@type\":\"PropertyValueSpecification\",\"valueRequired\":true,\"valueName\":\"search_term_string\"}}],\"inLanguage\":\"pt-BR\"},{\"@type\":\"Organization\",\"@id\":\"https:\\\/\\\/blogdofarnesio.com.br\\\/#organization\",\"name\":\"Blog do Farn\u00e9sio\",\"url\":\"https:\\\/\\\/blogdofarnesio.com.br\\\/\",\"logo\":{\"@type\":\"ImageObject\",\"inLanguage\":\"pt-BR\",\"@id\":\"https:\\\/\\\/blogdofarnesio.com.br\\\/#\\\/schema\\\/logo\\\/image\\\/\",\"url\":\"https:\\\/\\\/blogdofarnesio.com.br\\\/wp-content\\\/uploads\\\/2026\\\/03\\\/cropped-logo_new-1.png\",\"contentUrl\":\"https:\\\/\\\/blogdofarnesio.com.br\\\/wp-content\\\/uploads\\\/2026\\\/03\\\/cropped-logo_new-1.png\",\"width\":881,\"height\":685,\"caption\":\"Blog do Farn\u00e9sio\"},\"image\":{\"@id\":\"https:\\\/\\\/blogdofarnesio.com.br\\\/#\\\/schema\\\/logo\\\/image\\\/\"},\"sameAs\":[\"https:\\\/\\\/www.facebook.com\\\/BlogQuerSaberPolitica\\\/\"]},{\"@type\":\"Person\",\"@id\":\"https:\\\/\\\/blogdofarnesio.com.br\\\/#\\\/schema\\\/person\\\/301c4acf522bccbfdb45af95b5b906a1\",\"name\":\"Farn\u00e9sio\",\"image\":{\"@type\":\"ImageObject\",\"inLanguage\":\"pt-BR\",\"@id\":\"https:\\\/\\\/secure.gravatar.com\\\/avatar\\\/df0c9a14567c056f8ad6876ba5bbd1e3e2c48023eb6807342fc4663adf549f38?s=96&d=mm&r=g\",\"url\":\"https:\\\/\\\/secure.gravatar.com\\\/avatar\\\/df0c9a14567c056f8ad6876ba5bbd1e3e2c48023eb6807342fc4663adf549f38?s=96&d=mm&r=g\",\"contentUrl\":\"https:\\\/\\\/secure.gravatar.com\\\/avatar\\\/df0c9a14567c056f8ad6876ba5bbd1e3e2c48023eb6807342fc4663adf549f38?s=96&d=mm&r=g\",\"caption\":\"Farn\u00e9sio\"},\"sameAs\":[\"https:\\\/\\\/quersaberpolitica.com.br\"],\"url\":\"https:\\\/\\\/blogdofarnesio.com.br\\\/?author=1\"}]}<\/script>\n<!-- \/ Yoast SEO plugin. -->","yoast_head_json":{"title":"INSCRI\u00c7\u00d5ES ABERTAS NA UNIVASF PARA VAGAS OCIOSAS NA RESID\u00caNCIAS UNIVERSIT\u00c1RIAS - Blog do Farn\u00e9sio","robots":{"index":"index","follow":"follow","max-snippet":"max-snippet:-1","max-image-preview":"max-image-preview:large","max-video-preview":"max-video-preview:-1"},"canonical":"https:\/\/blogdofarnesio.com.br\/?p=232219","og_locale":"pt_BR","og_type":"article","og_title":"INSCRI\u00c7\u00d5ES ABERTAS NA UNIVASF PARA VAGAS OCIOSAS NA RESID\u00caNCIAS UNIVERSIT\u00c1RIAS - Blog do Farn\u00e9sio","og_description":"A Pr\u00f3-Reitoria de Assist\u00eancia Estudantil (Proae) da Universidade Federal do Vale do S\u00e3o Francisco (Univasf) lan\u00e7a edital simplificado para Preenchimento de Vagas Ociosas nas Resid\u00eancias Universit\u00e1rias. S\u00e3o 14 vagas distribu\u00eddas nas tr\u00eas resid\u00eancias, situadas no Campus Serra da Capivara, Campus Ci\u00eancias Agr\u00e1rias e Campus Paulo Afonso. Os estudantes selecionados ocupar\u00e3o as vagas provisoriamente. As inscri\u00e7\u00f5es devem ser realizadas atrav\u00e9s do site do&nbsp;Programa de Assist\u00eancia Estudantil, de 5 a 10 de julho. No ato da inscri\u00e7\u00e3o, o candidato ir\u00e1 preencher um question\u00e1rio socioecon\u00f4mico e enviar\u00e1 em anexo a documenta\u00e7\u00e3o solicitada pelo edital. Os documentos devem ser escaneados em formato JPG, com tamanho m\u00e1ximo de 1MB cada. O n\u00famero de vagas \u00e9 distribu\u00eddo entre as tr\u00eas Resid\u00eancias. Para o Campus Serra da&hellip;","og_url":"https:\/\/blogdofarnesio.com.br\/?p=232219","og_site_name":"Blog do Farn\u00e9sio","article_publisher":"https:\/\/www.facebook.com\/BlogQuerSaberPolitica\/","article_published_time":"2019-07-08T13:21:26+00:00","og_image":[{"width":314,"height":210,"url":"https:\/\/blogdofarnesio.com.br\/wp-content\/uploads\/2015\/01\/blogqsp.restaurante.univasf.jpg","type":"image\/jpeg"}],"author":"Farn\u00e9sio","twitter_card":"summary_large_image","twitter_misc":{"Escrito por":"Farn\u00e9sio","Est. tempo de leitura":"2 minutos"},"schema":{"@context":"https:\/\/schema.org","@graph":[{"@type":"Article","@id":"https:\/\/blogdofarnesio.com.br\/?p=232219#article","isPartOf":{"@id":"https:\/\/blogdofarnesio.com.br\/?p=232219"},"author":{"name":"Farn\u00e9sio","@id":"https:\/\/blogdofarnesio.com.br\/#\/schema\/person\/301c4acf522bccbfdb45af95b5b906a1"},"headline":"INSCRI\u00c7\u00d5ES ABERTAS NA UNIVASF PARA VAGAS OCIOSAS NA RESID\u00caNCIAS UNIVERSIT\u00c1RIAS","datePublished":"2019-07-08T13:21:26+00:00","mainEntityOfPage":{"@id":"https:\/\/blogdofarnesio.com.br\/?p=232219"},"wordCount":319,"publisher":{"@id":"https:\/\/blogdofarnesio.com.br\/#organization"},"image":{"@id":"https:\/\/blogdofarnesio.com.br\/?p=232219#primaryimage"},"thumbnailUrl":"https:\/\/blogdofarnesio.com.br\/wp-content\/uploads\/2015\/01\/blogqsp.restaurante.univasf.jpg","articleSection":["Educa\u00e7\u00e3o"],"inLanguage":"pt-BR"},{"@type":"WebPage","@id":"https:\/\/blogdofarnesio.com.br\/?p=232219","url":"https:\/\/blogdofarnesio.com.br\/?p=232219","name":"INSCRI\u00c7\u00d5ES ABERTAS NA UNIVASF PARA VAGAS OCIOSAS NA RESID\u00caNCIAS UNIVERSIT\u00c1RIAS - Blog do Farn\u00e9sio","isPartOf":{"@id":"https:\/\/blogdofarnesio.com.br\/#website"},"primaryImageOfPage":{"@id":"https:\/\/blogdofarnesio.com.br\/?p=232219#primaryimage"},"image":{"@id":"https:\/\/blogdofarnesio.com.br\/?p=232219#primaryimage"},"thumbnailUrl":"https:\/\/blogdofarnesio.com.br\/wp-content\/uploads\/2015\/01\/blogqsp.restaurante.univasf.jpg","datePublished":"2019-07-08T13:21:26+00:00","breadcrumb":{"@id":"https:\/\/blogdofarnesio.com.br\/?p=232219#breadcrumb"},"inLanguage":"pt-BR","potentialAction":[{"@type":"ReadAction","target":["https:\/\/blogdofarnesio.com.br\/?p=232219"]}]},{"@type":"ImageObject","inLanguage":"pt-BR","@id":"https:\/\/blogdofarnesio.com.br\/?p=232219#primaryimage","url":"https:\/\/blogdofarnesio.com.br\/wp-content\/uploads\/2015\/01\/blogqsp.restaurante.univasf.jpg","contentUrl":"https:\/\/blogdofarnesio.com.br\/wp-content\/uploads\/2015\/01\/blogqsp.restaurante.univasf.jpg","width":314,"height":210},{"@type":"BreadcrumbList","@id":"https:\/\/blogdofarnesio.com.br\/?p=232219#breadcrumb","itemListElement":[{"@type":"ListItem","position":1,"name":"In\u00edcio","item":"https:\/\/blogdofarnesio.com.br\/"},{"@type":"ListItem","position":2,"name":"INSCRI\u00c7\u00d5ES ABERTAS NA UNIVASF PARA VAGAS OCIOSAS NA RESID\u00caNCIAS UNIVERSIT\u00c1RIAS"}]},{"@type":"WebSite","@id":"https:\/\/blogdofarnesio.com.br\/#website","url":"https:\/\/blogdofarnesio.com.br\/","name":"Blog do Farn\u00e9sio","description":"Quer Saber Pol\u00edtica?","publisher":{"@id":"https:\/\/blogdofarnesio.com.br\/#organization"},"potentialAction":[{"@type":"SearchAction","target":{"@type":"EntryPoint","urlTemplate":"https:\/\/blogdofarnesio.com.br\/?s={search_term_string}"},"query-input":{"@type":"PropertyValueSpecification","valueRequired":true,"valueName":"search_term_string"}}],"inLanguage":"pt-BR"},{"@type":"Organization","@id":"https:\/\/blogdofarnesio.com.br\/#organization","name":"Blog do Farn\u00e9sio","url":"https:\/\/blogdofarnesio.com.br\/","logo":{"@type":"ImageObject","inLanguage":"pt-BR","@id":"https:\/\/blogdofarnesio.com.br\/#\/schema\/logo\/image\/","url":"https:\/\/blogdofarnesio.com.br\/wp-content\/uploads\/2026\/03\/cropped-logo_new-1.png","contentUrl":"https:\/\/blogdofarnesio.com.br\/wp-content\/uploads\/2026\/03\/cropped-logo_new-1.png","width":881,"height":685,"caption":"Blog do Farn\u00e9sio"},"image":{"@id":"https:\/\/blogdofarnesio.com.br\/#\/schema\/logo\/image\/"},"sameAs":["https:\/\/www.facebook.com\/BlogQuerSaberPolitica\/"]},{"@type":"Person","@id":"https:\/\/blogdofarnesio.com.br\/#\/schema\/person\/301c4acf522bccbfdb45af95b5b906a1","name":"Farn\u00e9sio","image":{"@type":"ImageObject","inLanguage":"pt-BR","@id":"https:\/\/secure.gravatar.com\/avatar\/df0c9a14567c056f8ad6876ba5bbd1e3e2c48023eb6807342fc4663adf549f38?s=96&d=mm&r=g","url":"https:\/\/secure.gravatar.com\/avatar\/df0c9a14567c056f8ad6876ba5bbd1e3e2c48023eb6807342fc4663adf549f38?s=96&d=mm&r=g","contentUrl":"https:\/\/secure.gravatar.com\/avatar\/df0c9a14567c056f8ad6876ba5bbd1e3e2c48023eb6807342fc4663adf549f38?s=96&d=mm&r=g","caption":"Farn\u00e9sio"},"sameAs":["https:\/\/quersaberpolitica.com.br"],"url":"https:\/\/blogdofarnesio.com.br\/?author=1"}]}},"_links":{"self":[{"href":"https:\/\/blogdofarnesio.com.br\/index.php?rest_route=\/wp\/v2\/posts\/232219","targetHints":{"allow":["GET"]}}],"collection":[{"href":"https:\/\/blogdofarnesio.com.br\/index.php?rest_route=\/wp\/v2\/posts"}],"about":[{"href":"https:\/\/blogdofarnesio.com.br\/index.php?rest_route=\/wp\/v2\/types\/post"}],"author":[{"embeddable":true,"href":"https:\/\/blogdofarnesio.com.br\/index.php?rest_route=\/wp\/v2\/users\/1"}],"replies":[{"embeddable":true,"href":"https:\/\/blogdofarnesio.com.br\/index.php?rest_route=%2Fwp%2Fv2%2Fcomments&post=232219"}],"version-history":[{"count":0,"href":"https:\/\/blogdofarnesio.com.br\/index.php?rest_route=\/wp\/v2\/posts\/232219\/revisions"}],"wp:featuredmedia":[{"embeddable":true,"href":"https:\/\/blogdofarnesio.com.br\/index.php?rest_route=\/wp\/v2\/media\/113713"}],"wp:attachment":[{"href":"https:\/\/blogdofarnesio.com.br\/index.php?rest_route=%2Fwp%2Fv2%2Fmedia&parent=232219"}],"wp:term":[{"taxonomy":"category","embeddable":true,"href":"https:\/\/blogdofarnesio.com.br\/index.php?rest_route=%2Fwp%2Fv2%2Fcategories&post=232219"},{"taxonomy":"post_tag","embeddable":true,"href":"https:\/\/blogdofarnesio.com.br\/index.php?rest_route=%2Fwp%2Fv2%2Ftags&post=232219"}],"curies":[{"name":"wp","href":"https:\/\/api.w.org\/{rel}","templated":true}]}}