{"id":231913,"date":"2019-07-04T08:41:26","date_gmt":"2019-07-04T11:41:26","guid":{"rendered":"http:\/\/quersaberpolitica.com.br\/2016\/?p=231913"},"modified":"2019-07-03T19:52:03","modified_gmt":"2019-07-03T22:52:03","slug":"mec-diminui-numero-de-bolsas-integrais-do-prouni-parciais-aumentam","status":"publish","type":"post","link":"https:\/\/blogdofarnesio.com.br\/?p=231913","title":{"rendered":"MEC diminui n\u00famero de bolsas integrais do Prouni; parciais aumentam"},"content":{"rendered":"\n<p><a href=\"https:\/\/www.poder360.com.br\/author\/rafael-barbosa\/\">RAFAEL BARBOSA<\/a>\u00a0e\u00a0<a href=\"https:\/\/www.poder360.com.br\/author\/douglas-rodrigues\/\">DOUGLAS RODRIGUES<\/a>\u00a0<\/p>\n\n\n\n<p>O&nbsp;<a href=\"https:\/\/www.poder360.com.br\/tag\/ministerio-da-educacao\/\" target=\"_blank\" rel=\"noreferrer noopener\">Minist\u00e9rio da Educa\u00e7\u00e3o<\/a>&nbsp;aumentou a oferta de bolsas parciais do&nbsp;<a href=\"http:\/\/siteprouni.mec.gov.br\/\" target=\"_blank\" rel=\"noreferrer noopener\">Prouni<\/a>(Programa Universidade Para Todos) nos \u00faltimos 6 anos. Enquanto isso, diminuiu a oferta de bolsas integrais \u2013aquelas em que o Estado arca com 100% da mensalidade.<\/p>\n\n\n\n<p>As&nbsp;<a href=\"http:\/\/prouniportal.mec.gov.br\/dados-e-estatisticas\/9-quadros-informativos\" target=\"_blank\" rel=\"noreferrer noopener\">vagas totais ofertadas<\/a>&nbsp;(incluindo bolsas integrais e parciais) aumentaram 34,7% nos \u00faltimos 6 anos \u2013passaram de 306 mil em 2014 para 413 mil em 2019.<\/p>\n\n\n\n<p>O n\u00famero foi impulsionado pelo crescimento das vagas parciais \u2013em que o estudante paga 50% da mensalidade. Saltaram 125% no per\u00edodo. Passaram de 101 mil em 2014 para 228 mil em 2019.<\/p>\n\n\n\n<p>As integrais, no entanto, tiveram queda de 9,9%. Foram ofertadas 205 mil vagas em 2014. Em 2019, foram 185 mil.<\/p>\n\n\n\n<p>Eis abaixo 1 gr\u00e1fico que mostra a varia\u00e7\u00e3o no n\u00famero de vagas do programa<em>(toque nas linhas do gr\u00e1fico para ler os n\u00fameros de cada curva)<\/em>:<\/p>\n\n\n\n<figure><iframe loading=\"lazy\" src=\"https:\/\/graficos.poder360.com.br\/CvvzC\/1\/\" width=\"100%\" height=\"538\" allowfullscreen=\"allowfullscreen\"><\/iframe><\/figure>\n\n\n\n<h2 class=\"wp-block-heading\">APRENDIZADO A DIST\u00c2NCIA<\/h2>\n\n\n\n<p>Na&nbsp;<a href=\"http:\/\/agenciabrasil.ebc.com.br\/educacao\/noticia\/2019-06\/metade-das-bolsas-integrais-do-prouni-sao-em-cursos-distancia\" target=\"_blank\" rel=\"noreferrer noopener\">2\u00aa etapa de 2019<\/a>, mais da metade (51%) das bolsas integrais do programa do Minist\u00e9rio da Educa\u00e7\u00e3o \u00e9 destinada a cursos de gradua\u00e7\u00e3o a dist\u00e2ncia \u2013que normalmente s\u00e3o mais baratos que os presenciais. O Prouni ofertou, no 2\u00ba per\u00edodo do ano, 169 mil vagas, sendo destas, 68.087 integrais.<\/p>\n\n\n\n<p>Os dados do Inep (Instituto An\u00edsio Teixeira) mostram que a modalidade de ensino a dist\u00e2ncia tamb\u00e9m est\u00e1 abaixo da m\u00e9dia de avalia\u00e7\u00e3o no Conceito Enade (Exame Nacional de Desempenho de Estudantes) \u2013cujas faixas v\u00e3o de 1 a 5.<\/p>\n\n\n\n<p><em>\u201cOs desempenhos acima da m\u00e9dia, representados pelos Conceito Enade 4 e 5, s\u00e3o observados na modalidade presencial. Na modalidade EAD [Educa\u00e7\u00e3o a Dist\u00e2ncia] s\u00e3o registrados os desempenhos nos conceitos mais 1 e 2\u201d<\/em>&nbsp;,&nbsp;<a href=\"http:\/\/portal.inep.gov.br\/artigo\/-\/asset_publisher\/B4AQV9zFY7Bv\/content\/resultados-do-enade-fomentam-politica-de-avaliacao-especial-pela-melhoria-do-ensino-superior\/21206\" target=\"_blank\" rel=\"noreferrer noopener\">afirma<\/a>&nbsp;o instituto.<\/p>\n\n\n\n<p>Em 2017, os dados do Enade mostraram o perfil dos estudantes EAD. Quase metade (46,7%) tinha de 16 a 24 anos. Os n\u00fameros tamb\u00e9m revelam que 80% dos alunos da modalidade j\u00e1 est\u00e3o inseridos no mercado de trabalho.<\/p>\n\n\n\n<h2 class=\"wp-block-heading\"><strong>CALEND\u00c1RIO PROUNI<\/strong><\/h2>\n\n\n\n<p>As inscri\u00e7\u00f5es para a etapa do 2\u00ba semestre de 2019 iniciaram em 11 de junho e foram at\u00e9 dia 14 do mesmo m\u00eas. A 1\u00aa chamada foi divulgada em 18 de junho e a 2\u00aa chamada saiu nessa 3\u00aa (2.jun.2019).<\/p>\n\n\n\n<h2 class=\"wp-block-heading\">ENEM<\/h2>\n\n\n\n<p>Para participar do programa, o estudante deve ter cursado todo o ensino m\u00e9dio em escola p\u00fablica, ou ter sido bolsista integral em institui\u00e7\u00e3o particular. Tamb\u00e9m \u00e9 necess\u00e1rio ter feito o Enem (Exame Nacional do Ensino M\u00e9dio) e obtido nota superior a 450 ponto na reda\u00e7\u00e3o.<\/p>\n\n\n\n<p>Nesta 4\u00aa feira (3.jul.2019), o ministro&nbsp;Abraham Weintraub (Educa\u00e7\u00e3o) anunciou que o&nbsp;Inep (Instituto Nacional de Estudos e Pesquisas)&nbsp;<a href=\"https:\/\/www.poder360.com.br\/governo\/enem-tera-aplicacao-100-digital-ate-2026-diz-ministerio-da-educacao\/\" target=\"_blank\" rel=\"noreferrer noopener\">vai deixar de aplicar o Enem em papel a partir de 2026<\/a>.<\/p>\n\n\n\n<p>A implanta\u00e7\u00e3o do sistema digital ser\u00e1 progressiva. Poder\u00e1 ser testada a partir do ano que vem, quando&nbsp;50.000 candidatos de 15 capitais poder\u00e3o optar por fazer a prova em vers\u00e3o digital.<\/p>\n\n\n\n<h2 class=\"wp-block-heading\"><strong>O QUE DIZ O MEC<\/strong><\/h2>\n\n\n\n<p>Em nota enviada ao&nbsp;<strong>Poder360<\/strong>&nbsp;sobre as vagas do Prouni, o minist\u00e9rio disse apenas que cumpre as regras do programa. Eis a \u00edntegra:<\/p>\n\n\n\n<p><em>\u201cA regra para oferta de bolsas&nbsp;no Prouni \u00e9 definida pela&nbsp;<a href=\"http:\/\/www.planalto.gov.br\/ccivil_03\/_Ato2004-2006\/2005\/Lei\/L11096.htm\" target=\"_blank\" rel=\"noreferrer noopener\">Lei n\u00ba 11.096, de 13 de janeiro de 2005<\/a>, que criou o programa e determina a oferta de bolsas em cada curso efetivamente instalado na institui\u00e7\u00e3o, nos seguintes termos:<\/em><\/p>\n\n\n\n<ul class=\"wp-block-list\"><li><em>Art. 5\u00ba A institui\u00e7\u00e3o privada de ensino superior, com fins lucrativos ou sem fins lucrativos n\u00e3o beneficente, poder\u00e1 aderir ao Prouni mediante assinatura de termo de ades\u00e3o, cumprindo-lhe oferecer, no m\u00ednimo, 1 (uma) bolsa integral para o equivalente a 10,7 (dez inteiros e sete d\u00e9cimos) estudantes regularmente pagantes e devidamente matriculados ao final do correspondente per\u00edodo letivo anterior, conforme regulamento a ser estabelecido pelo Minist\u00e9rio da Educa\u00e7\u00e3o, exclu\u00eddo o n\u00famero correspondente a bolsas integrais concedidas pelo Prouni ou pela pr\u00f3pria institui\u00e7\u00e3o, em cursos efetivamente nela instalados.<\/em><ul><li><em>4\u00ba \u2013 A institui\u00e7\u00e3o privada de ensino superior com fins lucrativos ou sem fins lucrativos n\u00e3o beneficente poder\u00e1, alternativamente, em substitui\u00e7\u00e3o ao requisito previsto no caput deste artigo, oferecer 1 (uma) bolsa integral para cada 22 (vinte e dois) estudantes regularmente pagantes e devidamente matriculados em cursos efetivamente nela instalados, conforme regulamento a ser estabelecido pelo Minist\u00e9rio da Educa\u00e7\u00e3o, desde que ofere\u00e7a, adicionalmente, quantidade de bolsas parciais de 50% (cinq\u00fcenta por cento) ou de 25% (vinte e cinco por cento) na propor\u00e7\u00e3o necess\u00e1ria para que a soma dos benef\u00edcios concedidos na forma desta Lei atinja o equivalente a 8,5% (oito inteiros e cinco d\u00e9cimos por cento) da receita anual dos per\u00edodos letivos que j\u00e1 t\u00eam bolsistas do Prouni, efetivamente recebida nos termos da Lei n\u00ba 9.870, de 23 de novembro de 1999, em cursos de gradua\u00e7\u00e3o ou seq\u00fcencial de forma\u00e7\u00e3o espec\u00edfica.<\/em><\/li><\/ul><\/li><\/ul>\n\n\n\n<p><em>Considerando que a Lei do Prouni&nbsp;determina a oferta de bolsas em cada curso efetivamente instalado na institui\u00e7\u00e3o&nbsp;em propor\u00e7\u00e3o ao n\u00famero de pagantes, tanto para bolsas parciais como integrais, a varia\u00e7\u00e3o da oferta por tipo de bolsas n\u00e3o apresenta distor\u00e7\u00e3o em rela\u00e7\u00e3o ao que disp\u00f5e os normativos do programa\u201d.<\/em>CONTINUAR LENDO<\/p>\n\n\n\n<h3 class=\"wp-block-heading\">Autores<\/h3>\n\n\n\n<p><a href=\"https:\/\/www.poder360.com.br\/author\/rafael-barbosa\/\">RAFAEL BARBOSA<\/a><\/p>\n\n\n\n<p>REDATOR<a href=\"https:\/\/www.poder360.com.br\/brasil\/mec-diminui-numero-de-bolsas-integrais-do-prouni-parciais-aumentam\/#author-modal\">enviar e-mail para Rafael Barbosa<\/a><a href=\"https:\/\/twitter.com\/rafaelbqo\" target=\"_blank\" rel=\"noreferrer noopener\">rafaelbqo<\/a><\/p>\n\n\n\n<p><a href=\"https:\/\/www.poder360.com.br\/author\/douglas-rodrigues\/\">DOUGLAS RODRIGUES<\/a><\/p>\n\n\n\n<p>REDATOR<a href=\"https:\/\/www.poder360.com.br\/brasil\/mec-diminui-numero-de-bolsas-integrais-do-prouni-parciais-aumentam\/#author-modal\">enviar e-mail para Douglas Rodrigues<\/a><a href=\"https:\/\/twitter.com\/Douglaas_rg\" target=\"_blank\" rel=\"noreferrer noopener\">Douglaas_rg<\/a><\/p>\n","protected":false},"excerpt":{"rendered":"<p>RAFAEL BARBOSA\u00a0e\u00a0DOUGLAS RODRIGUES\u00a0 O&nbsp;Minist\u00e9rio da Educa\u00e7\u00e3o&nbsp;aumentou a oferta de bolsas parciais do&nbsp;Prouni(Programa Universidade Para Todos) nos \u00faltimos 6 anos. Enquanto isso, diminuiu a oferta de bolsas integrais \u2013aquelas em que o Estado arca com 100% da mensalidade. As&nbsp;vagas totais ofertadas&nbsp;(incluindo bolsas integrais e parciais) aumentaram 34,7% nos \u00faltimos 6 anos \u2013passaram de 306 mil em 2014 para 413 mil em 2019. O n\u00famero foi impulsionado pelo crescimento das vagas parciais \u2013em que o estudante paga 50% da mensalidade. Saltaram 125% no per\u00edodo. Passaram de 101 mil em 2014 para 228 mil em 2019. As integrais, no entanto, tiveram queda de 9,9%. Foram ofertadas 205 mil vagas em 2014. Em 2019, foram 185 mil. Eis abaixo 1 gr\u00e1fico que mostra a&hellip; <\/p>\n","protected":false},"author":1,"featured_media":206784,"comment_status":"closed","ping_status":"closed","sticky":false,"template":"","format":"standard","meta":{"_acf_changed":false,"footnotes":""},"categories":[6],"tags":[],"class_list":["post-231913","post","type-post","status-publish","format-standard","has-post-thumbnail","hentry","category-educacao"],"acf":[],"yoast_head":"<!-- This site is optimized with the Yoast SEO plugin v27.4 - https:\/\/yoast.com\/product\/yoast-seo-wordpress\/ -->\n<title>MEC diminui n\u00famero de bolsas integrais do Prouni; parciais aumentam - Blog do Farn\u00e9sio<\/title>\n<meta name=\"robots\" content=\"index, follow, max-snippet:-1, max-image-preview:large, max-video-preview:-1\" \/>\n<link rel=\"canonical\" href=\"https:\/\/blogdofarnesio.com.br\/?p=231913\" \/>\n<meta property=\"og:locale\" content=\"pt_BR\" \/>\n<meta property=\"og:type\" content=\"article\" \/>\n<meta property=\"og:title\" content=\"MEC diminui n\u00famero de bolsas integrais do Prouni; parciais aumentam - Blog do Farn\u00e9sio\" \/>\n<meta property=\"og:description\" content=\"RAFAEL BARBOSA\u00a0e\u00a0DOUGLAS RODRIGUES\u00a0 O&nbsp;Minist\u00e9rio da Educa\u00e7\u00e3o&nbsp;aumentou a oferta de bolsas parciais do&nbsp;Prouni(Programa Universidade Para Todos) nos \u00faltimos 6 anos. Enquanto isso, diminuiu a oferta de bolsas integrais \u2013aquelas em que o Estado arca com 100% da mensalidade. As&nbsp;vagas totais ofertadas&nbsp;(incluindo bolsas integrais e parciais) aumentaram 34,7% nos \u00faltimos 6 anos \u2013passaram de 306 mil em 2014 para 413 mil em 2019. O n\u00famero foi impulsionado pelo crescimento das vagas parciais \u2013em que o estudante paga 50% da mensalidade. Saltaram 125% no per\u00edodo. Passaram de 101 mil em 2014 para 228 mil em 2019. As integrais, no entanto, tiveram queda de 9,9%. Foram ofertadas 205 mil vagas em 2014. Em 2019, foram 185 mil. Eis abaixo 1 gr\u00e1fico que mostra a&hellip;\" \/>\n<meta property=\"og:url\" content=\"https:\/\/blogdofarnesio.com.br\/?p=231913\" \/>\n<meta property=\"og:site_name\" content=\"Blog do Farn\u00e9sio\" \/>\n<meta property=\"article:publisher\" content=\"https:\/\/www.facebook.com\/BlogQuerSaberPolitica\/\" \/>\n<meta property=\"article:published_time\" content=\"2019-07-04T11:41:26+00:00\" \/>\n<meta property=\"og:image\" content=\"https:\/\/blogdofarnesio.com.br\/wp-content\/uploads\/2018\/08\/blgoqspprouni.xjpg_.jpg\" \/>\n\t<meta property=\"og:image:width\" content=\"640\" \/>\n\t<meta property=\"og:image:height\" content=\"267\" \/>\n\t<meta property=\"og:image:type\" content=\"image\/jpeg\" \/>\n<meta name=\"author\" content=\"Farn\u00e9sio\" \/>\n<meta name=\"twitter:card\" content=\"summary_large_image\" \/>\n<meta name=\"twitter:label1\" content=\"Escrito por\" \/>\n\t<meta name=\"twitter:data1\" content=\"Farn\u00e9sio\" \/>\n\t<meta name=\"twitter:label2\" content=\"Est. tempo de leitura\" \/>\n\t<meta name=\"twitter:data2\" content=\"4 minutos\" \/>\n<script type=\"application\/ld+json\" class=\"yoast-schema-graph\">{\"@context\":\"https:\\\/\\\/schema.org\",\"@graph\":[{\"@type\":\"Article\",\"@id\":\"https:\\\/\\\/blogdofarnesio.com.br\\\/?p=231913#article\",\"isPartOf\":{\"@id\":\"https:\\\/\\\/blogdofarnesio.com.br\\\/?p=231913\"},\"author\":{\"name\":\"Farn\u00e9sio\",\"@id\":\"https:\\\/\\\/blogdofarnesio.com.br\\\/#\\\/schema\\\/person\\\/301c4acf522bccbfdb45af95b5b906a1\"},\"headline\":\"MEC diminui n\u00famero de bolsas integrais do Prouni; parciais aumentam\",\"datePublished\":\"2019-07-04T11:41:26+00:00\",\"mainEntityOfPage\":{\"@id\":\"https:\\\/\\\/blogdofarnesio.com.br\\\/?p=231913\"},\"wordCount\":870,\"publisher\":{\"@id\":\"https:\\\/\\\/blogdofarnesio.com.br\\\/#organization\"},\"image\":{\"@id\":\"https:\\\/\\\/blogdofarnesio.com.br\\\/?p=231913#primaryimage\"},\"thumbnailUrl\":\"https:\\\/\\\/blogdofarnesio.com.br\\\/wp-content\\\/uploads\\\/2018\\\/08\\\/blgoqspprouni.xjpg_.jpg\",\"articleSection\":[\"Educa\u00e7\u00e3o\"],\"inLanguage\":\"pt-BR\"},{\"@type\":\"WebPage\",\"@id\":\"https:\\\/\\\/blogdofarnesio.com.br\\\/?p=231913\",\"url\":\"https:\\\/\\\/blogdofarnesio.com.br\\\/?p=231913\",\"name\":\"MEC diminui n\u00famero de bolsas integrais do Prouni; parciais aumentam - Blog do Farn\u00e9sio\",\"isPartOf\":{\"@id\":\"https:\\\/\\\/blogdofarnesio.com.br\\\/#website\"},\"primaryImageOfPage\":{\"@id\":\"https:\\\/\\\/blogdofarnesio.com.br\\\/?p=231913#primaryimage\"},\"image\":{\"@id\":\"https:\\\/\\\/blogdofarnesio.com.br\\\/?p=231913#primaryimage\"},\"thumbnailUrl\":\"https:\\\/\\\/blogdofarnesio.com.br\\\/wp-content\\\/uploads\\\/2018\\\/08\\\/blgoqspprouni.xjpg_.jpg\",\"datePublished\":\"2019-07-04T11:41:26+00:00\",\"breadcrumb\":{\"@id\":\"https:\\\/\\\/blogdofarnesio.com.br\\\/?p=231913#breadcrumb\"},\"inLanguage\":\"pt-BR\",\"potentialAction\":[{\"@type\":\"ReadAction\",\"target\":[\"https:\\\/\\\/blogdofarnesio.com.br\\\/?p=231913\"]}]},{\"@type\":\"ImageObject\",\"inLanguage\":\"pt-BR\",\"@id\":\"https:\\\/\\\/blogdofarnesio.com.br\\\/?p=231913#primaryimage\",\"url\":\"https:\\\/\\\/blogdofarnesio.com.br\\\/wp-content\\\/uploads\\\/2018\\\/08\\\/blgoqspprouni.xjpg_.jpg\",\"contentUrl\":\"https:\\\/\\\/blogdofarnesio.com.br\\\/wp-content\\\/uploads\\\/2018\\\/08\\\/blgoqspprouni.xjpg_.jpg\",\"width\":640,\"height\":267},{\"@type\":\"BreadcrumbList\",\"@id\":\"https:\\\/\\\/blogdofarnesio.com.br\\\/?p=231913#breadcrumb\",\"itemListElement\":[{\"@type\":\"ListItem\",\"position\":1,\"name\":\"In\u00edcio\",\"item\":\"https:\\\/\\\/blogdofarnesio.com.br\\\/\"},{\"@type\":\"ListItem\",\"position\":2,\"name\":\"MEC diminui n\u00famero de bolsas integrais do Prouni; parciais aumentam\"}]},{\"@type\":\"WebSite\",\"@id\":\"https:\\\/\\\/blogdofarnesio.com.br\\\/#website\",\"url\":\"https:\\\/\\\/blogdofarnesio.com.br\\\/\",\"name\":\"Blog do Farn\u00e9sio\",\"description\":\"Quer Saber Pol\u00edtica?\",\"publisher\":{\"@id\":\"https:\\\/\\\/blogdofarnesio.com.br\\\/#organization\"},\"potentialAction\":[{\"@type\":\"SearchAction\",\"target\":{\"@type\":\"EntryPoint\",\"urlTemplate\":\"https:\\\/\\\/blogdofarnesio.com.br\\\/?s={search_term_string}\"},\"query-input\":{\"@type\":\"PropertyValueSpecification\",\"valueRequired\":true,\"valueName\":\"search_term_string\"}}],\"inLanguage\":\"pt-BR\"},{\"@type\":\"Organization\",\"@id\":\"https:\\\/\\\/blogdofarnesio.com.br\\\/#organization\",\"name\":\"Blog do Farn\u00e9sio\",\"url\":\"https:\\\/\\\/blogdofarnesio.com.br\\\/\",\"logo\":{\"@type\":\"ImageObject\",\"inLanguage\":\"pt-BR\",\"@id\":\"https:\\\/\\\/blogdofarnesio.com.br\\\/#\\\/schema\\\/logo\\\/image\\\/\",\"url\":\"https:\\\/\\\/blogdofarnesio.com.br\\\/wp-content\\\/uploads\\\/2026\\\/03\\\/cropped-logo_new-1.png\",\"contentUrl\":\"https:\\\/\\\/blogdofarnesio.com.br\\\/wp-content\\\/uploads\\\/2026\\\/03\\\/cropped-logo_new-1.png\",\"width\":881,\"height\":685,\"caption\":\"Blog do Farn\u00e9sio\"},\"image\":{\"@id\":\"https:\\\/\\\/blogdofarnesio.com.br\\\/#\\\/schema\\\/logo\\\/image\\\/\"},\"sameAs\":[\"https:\\\/\\\/www.facebook.com\\\/BlogQuerSaberPolitica\\\/\"]},{\"@type\":\"Person\",\"@id\":\"https:\\\/\\\/blogdofarnesio.com.br\\\/#\\\/schema\\\/person\\\/301c4acf522bccbfdb45af95b5b906a1\",\"name\":\"Farn\u00e9sio\",\"image\":{\"@type\":\"ImageObject\",\"inLanguage\":\"pt-BR\",\"@id\":\"https:\\\/\\\/secure.gravatar.com\\\/avatar\\\/df0c9a14567c056f8ad6876ba5bbd1e3e2c48023eb6807342fc4663adf549f38?s=96&d=mm&r=g\",\"url\":\"https:\\\/\\\/secure.gravatar.com\\\/avatar\\\/df0c9a14567c056f8ad6876ba5bbd1e3e2c48023eb6807342fc4663adf549f38?s=96&d=mm&r=g\",\"contentUrl\":\"https:\\\/\\\/secure.gravatar.com\\\/avatar\\\/df0c9a14567c056f8ad6876ba5bbd1e3e2c48023eb6807342fc4663adf549f38?s=96&d=mm&r=g\",\"caption\":\"Farn\u00e9sio\"},\"sameAs\":[\"https:\\\/\\\/quersaberpolitica.com.br\"],\"url\":\"https:\\\/\\\/blogdofarnesio.com.br\\\/?author=1\"}]}<\/script>\n<!-- \/ Yoast SEO plugin. -->","yoast_head_json":{"title":"MEC diminui n\u00famero de bolsas integrais do Prouni; parciais aumentam - Blog do Farn\u00e9sio","robots":{"index":"index","follow":"follow","max-snippet":"max-snippet:-1","max-image-preview":"max-image-preview:large","max-video-preview":"max-video-preview:-1"},"canonical":"https:\/\/blogdofarnesio.com.br\/?p=231913","og_locale":"pt_BR","og_type":"article","og_title":"MEC diminui n\u00famero de bolsas integrais do Prouni; parciais aumentam - Blog do Farn\u00e9sio","og_description":"RAFAEL BARBOSA\u00a0e\u00a0DOUGLAS RODRIGUES\u00a0 O&nbsp;Minist\u00e9rio da Educa\u00e7\u00e3o&nbsp;aumentou a oferta de bolsas parciais do&nbsp;Prouni(Programa Universidade Para Todos) nos \u00faltimos 6 anos. Enquanto isso, diminuiu a oferta de bolsas integrais \u2013aquelas em que o Estado arca com 100% da mensalidade. As&nbsp;vagas totais ofertadas&nbsp;(incluindo bolsas integrais e parciais) aumentaram 34,7% nos \u00faltimos 6 anos \u2013passaram de 306 mil em 2014 para 413 mil em 2019. O n\u00famero foi impulsionado pelo crescimento das vagas parciais \u2013em que o estudante paga 50% da mensalidade. Saltaram 125% no per\u00edodo. Passaram de 101 mil em 2014 para 228 mil em 2019. As integrais, no entanto, tiveram queda de 9,9%. Foram ofertadas 205 mil vagas em 2014. Em 2019, foram 185 mil. Eis abaixo 1 gr\u00e1fico que mostra a&hellip;","og_url":"https:\/\/blogdofarnesio.com.br\/?p=231913","og_site_name":"Blog do Farn\u00e9sio","article_publisher":"https:\/\/www.facebook.com\/BlogQuerSaberPolitica\/","article_published_time":"2019-07-04T11:41:26+00:00","og_image":[{"width":640,"height":267,"url":"https:\/\/blogdofarnesio.com.br\/wp-content\/uploads\/2018\/08\/blgoqspprouni.xjpg_.jpg","type":"image\/jpeg"}],"author":"Farn\u00e9sio","twitter_card":"summary_large_image","twitter_misc":{"Escrito por":"Farn\u00e9sio","Est. tempo de leitura":"4 minutos"},"schema":{"@context":"https:\/\/schema.org","@graph":[{"@type":"Article","@id":"https:\/\/blogdofarnesio.com.br\/?p=231913#article","isPartOf":{"@id":"https:\/\/blogdofarnesio.com.br\/?p=231913"},"author":{"name":"Farn\u00e9sio","@id":"https:\/\/blogdofarnesio.com.br\/#\/schema\/person\/301c4acf522bccbfdb45af95b5b906a1"},"headline":"MEC diminui n\u00famero de bolsas integrais do Prouni; parciais aumentam","datePublished":"2019-07-04T11:41:26+00:00","mainEntityOfPage":{"@id":"https:\/\/blogdofarnesio.com.br\/?p=231913"},"wordCount":870,"publisher":{"@id":"https:\/\/blogdofarnesio.com.br\/#organization"},"image":{"@id":"https:\/\/blogdofarnesio.com.br\/?p=231913#primaryimage"},"thumbnailUrl":"https:\/\/blogdofarnesio.com.br\/wp-content\/uploads\/2018\/08\/blgoqspprouni.xjpg_.jpg","articleSection":["Educa\u00e7\u00e3o"],"inLanguage":"pt-BR"},{"@type":"WebPage","@id":"https:\/\/blogdofarnesio.com.br\/?p=231913","url":"https:\/\/blogdofarnesio.com.br\/?p=231913","name":"MEC diminui n\u00famero de bolsas integrais do Prouni; parciais aumentam - Blog do Farn\u00e9sio","isPartOf":{"@id":"https:\/\/blogdofarnesio.com.br\/#website"},"primaryImageOfPage":{"@id":"https:\/\/blogdofarnesio.com.br\/?p=231913#primaryimage"},"image":{"@id":"https:\/\/blogdofarnesio.com.br\/?p=231913#primaryimage"},"thumbnailUrl":"https:\/\/blogdofarnesio.com.br\/wp-content\/uploads\/2018\/08\/blgoqspprouni.xjpg_.jpg","datePublished":"2019-07-04T11:41:26+00:00","breadcrumb":{"@id":"https:\/\/blogdofarnesio.com.br\/?p=231913#breadcrumb"},"inLanguage":"pt-BR","potentialAction":[{"@type":"ReadAction","target":["https:\/\/blogdofarnesio.com.br\/?p=231913"]}]},{"@type":"ImageObject","inLanguage":"pt-BR","@id":"https:\/\/blogdofarnesio.com.br\/?p=231913#primaryimage","url":"https:\/\/blogdofarnesio.com.br\/wp-content\/uploads\/2018\/08\/blgoqspprouni.xjpg_.jpg","contentUrl":"https:\/\/blogdofarnesio.com.br\/wp-content\/uploads\/2018\/08\/blgoqspprouni.xjpg_.jpg","width":640,"height":267},{"@type":"BreadcrumbList","@id":"https:\/\/blogdofarnesio.com.br\/?p=231913#breadcrumb","itemListElement":[{"@type":"ListItem","position":1,"name":"In\u00edcio","item":"https:\/\/blogdofarnesio.com.br\/"},{"@type":"ListItem","position":2,"name":"MEC diminui n\u00famero de bolsas integrais do Prouni; parciais aumentam"}]},{"@type":"WebSite","@id":"https:\/\/blogdofarnesio.com.br\/#website","url":"https:\/\/blogdofarnesio.com.br\/","name":"Blog do Farn\u00e9sio","description":"Quer Saber Pol\u00edtica?","publisher":{"@id":"https:\/\/blogdofarnesio.com.br\/#organization"},"potentialAction":[{"@type":"SearchAction","target":{"@type":"EntryPoint","urlTemplate":"https:\/\/blogdofarnesio.com.br\/?s={search_term_string}"},"query-input":{"@type":"PropertyValueSpecification","valueRequired":true,"valueName":"search_term_string"}}],"inLanguage":"pt-BR"},{"@type":"Organization","@id":"https:\/\/blogdofarnesio.com.br\/#organization","name":"Blog do Farn\u00e9sio","url":"https:\/\/blogdofarnesio.com.br\/","logo":{"@type":"ImageObject","inLanguage":"pt-BR","@id":"https:\/\/blogdofarnesio.com.br\/#\/schema\/logo\/image\/","url":"https:\/\/blogdofarnesio.com.br\/wp-content\/uploads\/2026\/03\/cropped-logo_new-1.png","contentUrl":"https:\/\/blogdofarnesio.com.br\/wp-content\/uploads\/2026\/03\/cropped-logo_new-1.png","width":881,"height":685,"caption":"Blog do Farn\u00e9sio"},"image":{"@id":"https:\/\/blogdofarnesio.com.br\/#\/schema\/logo\/image\/"},"sameAs":["https:\/\/www.facebook.com\/BlogQuerSaberPolitica\/"]},{"@type":"Person","@id":"https:\/\/blogdofarnesio.com.br\/#\/schema\/person\/301c4acf522bccbfdb45af95b5b906a1","name":"Farn\u00e9sio","image":{"@type":"ImageObject","inLanguage":"pt-BR","@id":"https:\/\/secure.gravatar.com\/avatar\/df0c9a14567c056f8ad6876ba5bbd1e3e2c48023eb6807342fc4663adf549f38?s=96&d=mm&r=g","url":"https:\/\/secure.gravatar.com\/avatar\/df0c9a14567c056f8ad6876ba5bbd1e3e2c48023eb6807342fc4663adf549f38?s=96&d=mm&r=g","contentUrl":"https:\/\/secure.gravatar.com\/avatar\/df0c9a14567c056f8ad6876ba5bbd1e3e2c48023eb6807342fc4663adf549f38?s=96&d=mm&r=g","caption":"Farn\u00e9sio"},"sameAs":["https:\/\/quersaberpolitica.com.br"],"url":"https:\/\/blogdofarnesio.com.br\/?author=1"}]}},"_links":{"self":[{"href":"https:\/\/blogdofarnesio.com.br\/index.php?rest_route=\/wp\/v2\/posts\/231913","targetHints":{"allow":["GET"]}}],"collection":[{"href":"https:\/\/blogdofarnesio.com.br\/index.php?rest_route=\/wp\/v2\/posts"}],"about":[{"href":"https:\/\/blogdofarnesio.com.br\/index.php?rest_route=\/wp\/v2\/types\/post"}],"author":[{"embeddable":true,"href":"https:\/\/blogdofarnesio.com.br\/index.php?rest_route=\/wp\/v2\/users\/1"}],"replies":[{"embeddable":true,"href":"https:\/\/blogdofarnesio.com.br\/index.php?rest_route=%2Fwp%2Fv2%2Fcomments&post=231913"}],"version-history":[{"count":0,"href":"https:\/\/blogdofarnesio.com.br\/index.php?rest_route=\/wp\/v2\/posts\/231913\/revisions"}],"wp:featuredmedia":[{"embeddable":true,"href":"https:\/\/blogdofarnesio.com.br\/index.php?rest_route=\/wp\/v2\/media\/206784"}],"wp:attachment":[{"href":"https:\/\/blogdofarnesio.com.br\/index.php?rest_route=%2Fwp%2Fv2%2Fmedia&parent=231913"}],"wp:term":[{"taxonomy":"category","embeddable":true,"href":"https:\/\/blogdofarnesio.com.br\/index.php?rest_route=%2Fwp%2Fv2%2Fcategories&post=231913"},{"taxonomy":"post_tag","embeddable":true,"href":"https:\/\/blogdofarnesio.com.br\/index.php?rest_route=%2Fwp%2Fv2%2Ftags&post=231913"}],"curies":[{"name":"wp","href":"https:\/\/api.w.org\/{rel}","templated":true}]}}