{"id":231904,"date":"2019-07-04T08:03:10","date_gmt":"2019-07-04T11:03:10","guid":{"rendered":"http:\/\/quersaberpolitica.com.br\/2016\/?p=231904"},"modified":"2019-07-03T19:54:05","modified_gmt":"2019-07-03T22:54:05","slug":"ministro-do-stf-anulou-decisao-da-justica-trabalhista-do-rj","status":"publish","type":"post","link":"https:\/\/blogdofarnesio.com.br\/?p=231904","title":{"rendered":"Ministro do STF anulou decis\u00e3o da Justi\u00e7a Trabalhista do RJ, que liberava cobran\u00e7a do imposto sindical"},"content":{"rendered":"\n<p>O ministro do Supremo Tribunal Federal (STF) Lu\u00eds Roberto Barroso decidiu anular uma decis\u00e3o da Justi\u00e7a Trabalhista do Rio&nbsp;de Janeiro&nbsp;que autorizou&nbsp;o desconto&nbsp;da contribui\u00e7\u00e3o sindical na folha de pagamento,&nbsp;sem autoriza\u00e7\u00e3o individual do empregado. A decis\u00e3o foi assinada na&nbsp;quinta-feira (25) e vale somente para o Sindicato dos Trabalhadores em Empresas de Telecomunica\u00e7\u00f5es do estado. No entanto, o mesmo entendimento poder\u00e1 ser seguido pela Justi\u00e7a do Trabalho em todo pa\u00eds.<\/p>\n\n\n\n<p>O caso chegou ao Supremo ap\u00f3s uma vara trabalhista no Rio&nbsp;entender que a manifesta\u00e7\u00e3o de vontade do empregado&nbsp;poderia ser substitu\u00edda&nbsp;pela decis\u00e3o tomada por assembleia geral, convocada pelo sindicato, e com validade para todos os membros da categoria, mesmo para quem n\u00e3o esteve presente na reuni\u00e3o. Em 2017, ficou definido na&nbsp;Reforma Trabalhista que os sindicatos s\u00f3 podem receber&nbsp;a contribui\u00e7\u00e3o ap\u00f3s aprova\u00e7\u00e3o pr\u00e9via e expressa do empregado. No entanto, o&nbsp;texto&nbsp;n\u00e3o teria tratado da necessidade de&nbsp;manifesta\u00e7\u00e3o individual do funcion\u00e1rio, segundo o juiz trabalhista.<\/p>\n\n\n\n<p>Ao analisar a quest\u00e3o, &nbsp;o ministro Barroso entendeu que os sindicatos precisam da aprova\u00e7\u00e3o pr\u00e9via e expressa de cada&nbsp;empregado, conforme ficou definido na Reforma Trabalhista. Essa decis\u00e3o j\u00e1 havia sido confirmada&nbsp;pelo plen\u00e1rio do STF. \u201cO \u00f3rg\u00e3o reclamado, por sua vez, afirmou que a aprova\u00e7\u00e3o da cobran\u00e7a da contribui\u00e7\u00e3o em assembleia geral de entidade sindical supre a exig\u00eancia de pr\u00e9via e expressa autoriza\u00e7\u00e3o individual do empregado. Nesses termos, delegou a assembleia geral sindical o poder para decidir acerca da cobran\u00e7a de todos os membros da categoria, presentes ou n\u00e3o na respectiva reuni\u00e3o \u2013 \u00e9 dizer, afirmou a validade de aprova\u00e7\u00e3o t\u00e1cita da cobran\u00e7a. Tal interpreta\u00e7\u00e3o, aparentemente, esvazia o conte\u00fado das altera\u00e7\u00f5es legais declaradas constitucionais pelo STF\u201d, decidiu o ministro.<\/p>\n\n\n\n<div class=\"wp-block-image\"><figure class=\"aligncenter\"><img decoding=\"async\" src=\"http:\/\/imagens.ebc.com.br\/2kb75Ihv52KCeE6o9YjkjCl3Vqw=\/754x0\/smart\/http:\/\/agenciabrasil.ebc.com.br\/sites\/default\/files\/thumbnails\/image\/stf_28-11-2018_3.jpg?itok=o7caOjkD\" alt=\"Plen\u00e1rio do Supremo Tribunal Federal (STF) durante julgamento sobre a constitucionalidade do decreto do indulto natalino editado pelo presidente Michel Temer, no ano passado. O relator do caso, \u00e9 ministro Lu\u00eds Roberto Barroso.\"\/><\/figure><\/div>\n\n\n\n<p>Ministro Lu\u00eds Roberto Barroso no plen\u00e1rio do Supremo Tribunal Federal (STF) durante julgamento sobre a constitucionalidade do decreto do indulto natalino no ano passado. \u2013&nbsp;<strong>Nelson Jr.\/SCO\/STF<\/strong><\/p>\n\n\n\n<p>Hoje, por meio do Twitter, o presidente Jair Bolsonaro comemorou a decis\u00e3o e disse que, mesmo com a falta da aprova\u00e7\u00e3o da Medida Provis\u00f3ria que tratou da mesma quest\u00e3o, a cobran\u00e7a do imposto sindical n\u00e3o poder\u00e1 ser feita sem autoriza\u00e7\u00e3o do empregado.&nbsp;\u201cApesar de o prazo para aprecia\u00e7\u00e3o no Congresso da MP que trata do fim da cobran\u00e7a obrigat\u00f3ria do imposto &nbsp;sindical a empregados&nbsp;ter&nbsp;se encerrado na \u00faltima&nbsp;quinta&nbsp;(27), o STF decidiu liminarmente suspender a&nbsp;cobran\u00e7a do imposto sem autoriza\u00e7\u00e3o do funcion\u00e1rio. \u00d3tima not\u00edcia!\u201d, disse o presidente.<\/p>\n\n\n\n<figure class=\"wp-block-image\"><a href=\"https:\/\/twitter.com\/jairbolsonaro\"><img decoding=\"async\" src=\"https:\/\/pbs.twimg.com\/profile_images\/1057631480459886595\/9VPdGJJz_normal.jpg\" alt=\"\"\/><\/a><\/figure>\n\n\n\n<p><a href=\"https:\/\/twitter.com\/jairbolsonaro\"><strong>Jair M. Bolsonaro<\/strong><strong>\u2714<\/strong>@jairbolsonaro<\/a><a href=\"https:\/\/twitter.com\/jairbolsonaro\/status\/1145788433031487488\"><\/a><\/p>\n\n\n\n<p>&#8211; Apesar de o prazo para aprecia\u00e7\u00e3o no Congresso da MP que trata do fim da cobran\u00e7a obrigat\u00f3ria do imposto sindical a empregados ter se encerrado na \u00faltima quinta (27), o STF decidiu liminarmente suspender a cobran\u00e7a do imposto sem autoriza\u00e7\u00e3o do funcion\u00e1rio. \u00d3tima not\u00edcia!<a href=\"https:\/\/twitter.com\/intent\/like?tweet_id=1145788433031487488\">58,8&nbsp;mil<\/a><a href=\"https:\/\/twitter.com\/jairbolsonaro\/status\/1145788433031487488\">17:17 &#8211; 1 de jul de 2019<\/a><a href=\"https:\/\/support.twitter.com\/articles\/20175256\">Informa\u00e7\u00f5es e privacidade no Twitter Ads<\/a><a href=\"https:\/\/twitter.com\/jairbolsonaro\/status\/1145788433031487488\">10,6&nbsp;mil pessoas est\u00e3o falando sobre isso<\/a><\/p>\n\n\n\n<p>Por&nbsp;Andr\u00e9 Richter \u2013 Rep\u00f3rter da Ag\u00eancia Brasil&nbsp;&nbsp;Bras\u00edlia<\/p>\n","protected":false},"excerpt":{"rendered":"<p>O ministro do Supremo Tribunal Federal (STF) Lu\u00eds Roberto Barroso decidiu anular uma decis\u00e3o da Justi\u00e7a Trabalhista do Rio&nbsp;de Janeiro&nbsp;que autorizou&nbsp;o desconto&nbsp;da contribui\u00e7\u00e3o sindical na folha de pagamento,&nbsp;sem autoriza\u00e7\u00e3o individual do empregado. A decis\u00e3o foi assinada na&nbsp;quinta-feira (25) e vale somente para o Sindicato dos Trabalhadores em Empresas de Telecomunica\u00e7\u00f5es do estado. No entanto, o mesmo entendimento poder\u00e1 ser seguido pela Justi\u00e7a do Trabalho em todo pa\u00eds. O caso chegou ao Supremo ap\u00f3s uma vara trabalhista no Rio&nbsp;entender que a manifesta\u00e7\u00e3o de vontade do empregado&nbsp;poderia ser substitu\u00edda&nbsp;pela decis\u00e3o tomada por assembleia geral, convocada pelo sindicato, e com validade para todos os membros da categoria, mesmo para quem n\u00e3o esteve presente na reuni\u00e3o. Em 2017, ficou definido na&nbsp;Reforma Trabalhista que os&hellip; <\/p>\n","protected":false},"author":1,"featured_media":0,"comment_status":"closed","ping_status":"closed","sticky":false,"template":"","format":"standard","meta":{"_acf_changed":false,"footnotes":""},"categories":[1],"tags":[],"class_list":["post-231904","post","type-post","status-publish","format-standard","hentry","category-politica"],"acf":[],"yoast_head":"<!-- This site is optimized with the Yoast SEO plugin v27.4 - https:\/\/yoast.com\/product\/yoast-seo-wordpress\/ -->\n<title>Ministro do STF anulou decis\u00e3o da Justi\u00e7a Trabalhista do RJ, que liberava cobran\u00e7a do imposto sindical - Blog do Farn\u00e9sio<\/title>\n<meta name=\"robots\" content=\"index, follow, max-snippet:-1, max-image-preview:large, max-video-preview:-1\" \/>\n<link rel=\"canonical\" href=\"https:\/\/blogdofarnesio.com.br\/?p=231904\" \/>\n<meta property=\"og:locale\" content=\"pt_BR\" \/>\n<meta property=\"og:type\" content=\"article\" \/>\n<meta property=\"og:title\" content=\"Ministro do STF anulou decis\u00e3o da Justi\u00e7a Trabalhista do RJ, que liberava cobran\u00e7a do imposto sindical - Blog do Farn\u00e9sio\" \/>\n<meta property=\"og:description\" content=\"O ministro do Supremo Tribunal Federal (STF) Lu\u00eds Roberto Barroso decidiu anular uma decis\u00e3o da Justi\u00e7a Trabalhista do Rio&nbsp;de Janeiro&nbsp;que autorizou&nbsp;o desconto&nbsp;da contribui\u00e7\u00e3o sindical na folha de pagamento,&nbsp;sem autoriza\u00e7\u00e3o individual do empregado. A decis\u00e3o foi assinada na&nbsp;quinta-feira (25) e vale somente para o Sindicato dos Trabalhadores em Empresas de Telecomunica\u00e7\u00f5es do estado. No entanto, o mesmo entendimento poder\u00e1 ser seguido pela Justi\u00e7a do Trabalho em todo pa\u00eds. O caso chegou ao Supremo ap\u00f3s uma vara trabalhista no Rio&nbsp;entender que a manifesta\u00e7\u00e3o de vontade do empregado&nbsp;poderia ser substitu\u00edda&nbsp;pela decis\u00e3o tomada por assembleia geral, convocada pelo sindicato, e com validade para todos os membros da categoria, mesmo para quem n\u00e3o esteve presente na reuni\u00e3o. Em 2017, ficou definido na&nbsp;Reforma Trabalhista que os&hellip;\" \/>\n<meta property=\"og:url\" content=\"https:\/\/blogdofarnesio.com.br\/?p=231904\" \/>\n<meta property=\"og:site_name\" content=\"Blog do Farn\u00e9sio\" \/>\n<meta property=\"article:publisher\" content=\"https:\/\/www.facebook.com\/BlogQuerSaberPolitica\/\" \/>\n<meta property=\"article:published_time\" content=\"2019-07-04T11:03:10+00:00\" \/>\n<meta property=\"og:image\" content=\"http:\/\/imagens.ebc.com.br\/2kb75Ihv52KCeE6o9YjkjCl3Vqw=\/754x0\/smart\/http:\/\/agenciabrasil.ebc.com.br\/sites\/default\/files\/thumbnails\/image\/stf_28-11-2018_3.jpg?itok=o7caOjkD\" \/>\n<meta name=\"author\" content=\"Farn\u00e9sio\" \/>\n<meta name=\"twitter:card\" content=\"summary_large_image\" \/>\n<meta name=\"twitter:label1\" content=\"Escrito por\" \/>\n\t<meta name=\"twitter:data1\" content=\"Farn\u00e9sio\" \/>\n\t<meta name=\"twitter:label2\" content=\"Est. tempo de leitura\" \/>\n\t<meta name=\"twitter:data2\" content=\"3 minutos\" \/>\n<script type=\"application\/ld+json\" class=\"yoast-schema-graph\">{\"@context\":\"https:\\\/\\\/schema.org\",\"@graph\":[{\"@type\":\"Article\",\"@id\":\"https:\\\/\\\/blogdofarnesio.com.br\\\/?p=231904#article\",\"isPartOf\":{\"@id\":\"https:\\\/\\\/blogdofarnesio.com.br\\\/?p=231904\"},\"author\":{\"name\":\"Farn\u00e9sio\",\"@id\":\"https:\\\/\\\/blogdofarnesio.com.br\\\/#\\\/schema\\\/person\\\/301c4acf522bccbfdb45af95b5b906a1\"},\"headline\":\"Ministro do STF anulou decis\u00e3o da Justi\u00e7a Trabalhista do RJ, que liberava cobran\u00e7a do imposto sindical\",\"datePublished\":\"2019-07-04T11:03:10+00:00\",\"mainEntityOfPage\":{\"@id\":\"https:\\\/\\\/blogdofarnesio.com.br\\\/?p=231904\"},\"wordCount\":586,\"publisher\":{\"@id\":\"https:\\\/\\\/blogdofarnesio.com.br\\\/#organization\"},\"image\":{\"@id\":\"https:\\\/\\\/blogdofarnesio.com.br\\\/?p=231904#primaryimage\"},\"thumbnailUrl\":\"http:\\\/\\\/imagens.ebc.com.br\\\/2kb75Ihv52KCeE6o9YjkjCl3Vqw=\\\/754x0\\\/smart\\\/http:\\\/\\\/agenciabrasil.ebc.com.br\\\/sites\\\/default\\\/files\\\/thumbnails\\\/image\\\/stf_28-11-2018_3.jpg?itok=o7caOjkD\",\"articleSection\":[\"Pol\u00edtica\"],\"inLanguage\":\"pt-BR\"},{\"@type\":\"WebPage\",\"@id\":\"https:\\\/\\\/blogdofarnesio.com.br\\\/?p=231904\",\"url\":\"https:\\\/\\\/blogdofarnesio.com.br\\\/?p=231904\",\"name\":\"Ministro do STF anulou decis\u00e3o da Justi\u00e7a Trabalhista do RJ, que liberava cobran\u00e7a do imposto sindical - Blog do Farn\u00e9sio\",\"isPartOf\":{\"@id\":\"https:\\\/\\\/blogdofarnesio.com.br\\\/#website\"},\"primaryImageOfPage\":{\"@id\":\"https:\\\/\\\/blogdofarnesio.com.br\\\/?p=231904#primaryimage\"},\"image\":{\"@id\":\"https:\\\/\\\/blogdofarnesio.com.br\\\/?p=231904#primaryimage\"},\"thumbnailUrl\":\"http:\\\/\\\/imagens.ebc.com.br\\\/2kb75Ihv52KCeE6o9YjkjCl3Vqw=\\\/754x0\\\/smart\\\/http:\\\/\\\/agenciabrasil.ebc.com.br\\\/sites\\\/default\\\/files\\\/thumbnails\\\/image\\\/stf_28-11-2018_3.jpg?itok=o7caOjkD\",\"datePublished\":\"2019-07-04T11:03:10+00:00\",\"breadcrumb\":{\"@id\":\"https:\\\/\\\/blogdofarnesio.com.br\\\/?p=231904#breadcrumb\"},\"inLanguage\":\"pt-BR\",\"potentialAction\":[{\"@type\":\"ReadAction\",\"target\":[\"https:\\\/\\\/blogdofarnesio.com.br\\\/?p=231904\"]}]},{\"@type\":\"ImageObject\",\"inLanguage\":\"pt-BR\",\"@id\":\"https:\\\/\\\/blogdofarnesio.com.br\\\/?p=231904#primaryimage\",\"url\":\"http:\\\/\\\/imagens.ebc.com.br\\\/2kb75Ihv52KCeE6o9YjkjCl3Vqw=\\\/754x0\\\/smart\\\/http:\\\/\\\/agenciabrasil.ebc.com.br\\\/sites\\\/default\\\/files\\\/thumbnails\\\/image\\\/stf_28-11-2018_3.jpg?itok=o7caOjkD\",\"contentUrl\":\"http:\\\/\\\/imagens.ebc.com.br\\\/2kb75Ihv52KCeE6o9YjkjCl3Vqw=\\\/754x0\\\/smart\\\/http:\\\/\\\/agenciabrasil.ebc.com.br\\\/sites\\\/default\\\/files\\\/thumbnails\\\/image\\\/stf_28-11-2018_3.jpg?itok=o7caOjkD\"},{\"@type\":\"BreadcrumbList\",\"@id\":\"https:\\\/\\\/blogdofarnesio.com.br\\\/?p=231904#breadcrumb\",\"itemListElement\":[{\"@type\":\"ListItem\",\"position\":1,\"name\":\"In\u00edcio\",\"item\":\"https:\\\/\\\/blogdofarnesio.com.br\\\/\"},{\"@type\":\"ListItem\",\"position\":2,\"name\":\"Ministro do STF anulou decis\u00e3o da Justi\u00e7a Trabalhista do RJ, que liberava cobran\u00e7a do imposto sindical\"}]},{\"@type\":\"WebSite\",\"@id\":\"https:\\\/\\\/blogdofarnesio.com.br\\\/#website\",\"url\":\"https:\\\/\\\/blogdofarnesio.com.br\\\/\",\"name\":\"Blog do Farn\u00e9sio\",\"description\":\"Quer Saber Pol\u00edtica?\",\"publisher\":{\"@id\":\"https:\\\/\\\/blogdofarnesio.com.br\\\/#organization\"},\"potentialAction\":[{\"@type\":\"SearchAction\",\"target\":{\"@type\":\"EntryPoint\",\"urlTemplate\":\"https:\\\/\\\/blogdofarnesio.com.br\\\/?s={search_term_string}\"},\"query-input\":{\"@type\":\"PropertyValueSpecification\",\"valueRequired\":true,\"valueName\":\"search_term_string\"}}],\"inLanguage\":\"pt-BR\"},{\"@type\":\"Organization\",\"@id\":\"https:\\\/\\\/blogdofarnesio.com.br\\\/#organization\",\"name\":\"Blog do Farn\u00e9sio\",\"url\":\"https:\\\/\\\/blogdofarnesio.com.br\\\/\",\"logo\":{\"@type\":\"ImageObject\",\"inLanguage\":\"pt-BR\",\"@id\":\"https:\\\/\\\/blogdofarnesio.com.br\\\/#\\\/schema\\\/logo\\\/image\\\/\",\"url\":\"https:\\\/\\\/blogdofarnesio.com.br\\\/wp-content\\\/uploads\\\/2026\\\/03\\\/cropped-logo_new-1.png\",\"contentUrl\":\"https:\\\/\\\/blogdofarnesio.com.br\\\/wp-content\\\/uploads\\\/2026\\\/03\\\/cropped-logo_new-1.png\",\"width\":881,\"height\":685,\"caption\":\"Blog do Farn\u00e9sio\"},\"image\":{\"@id\":\"https:\\\/\\\/blogdofarnesio.com.br\\\/#\\\/schema\\\/logo\\\/image\\\/\"},\"sameAs\":[\"https:\\\/\\\/www.facebook.com\\\/BlogQuerSaberPolitica\\\/\"]},{\"@type\":\"Person\",\"@id\":\"https:\\\/\\\/blogdofarnesio.com.br\\\/#\\\/schema\\\/person\\\/301c4acf522bccbfdb45af95b5b906a1\",\"name\":\"Farn\u00e9sio\",\"image\":{\"@type\":\"ImageObject\",\"inLanguage\":\"pt-BR\",\"@id\":\"https:\\\/\\\/secure.gravatar.com\\\/avatar\\\/df0c9a14567c056f8ad6876ba5bbd1e3e2c48023eb6807342fc4663adf549f38?s=96&d=mm&r=g\",\"url\":\"https:\\\/\\\/secure.gravatar.com\\\/avatar\\\/df0c9a14567c056f8ad6876ba5bbd1e3e2c48023eb6807342fc4663adf549f38?s=96&d=mm&r=g\",\"contentUrl\":\"https:\\\/\\\/secure.gravatar.com\\\/avatar\\\/df0c9a14567c056f8ad6876ba5bbd1e3e2c48023eb6807342fc4663adf549f38?s=96&d=mm&r=g\",\"caption\":\"Farn\u00e9sio\"},\"sameAs\":[\"https:\\\/\\\/quersaberpolitica.com.br\"],\"url\":\"https:\\\/\\\/blogdofarnesio.com.br\\\/?author=1\"}]}<\/script>\n<!-- \/ Yoast SEO plugin. -->","yoast_head_json":{"title":"Ministro do STF anulou decis\u00e3o da Justi\u00e7a Trabalhista do RJ, que liberava cobran\u00e7a do imposto sindical - Blog do Farn\u00e9sio","robots":{"index":"index","follow":"follow","max-snippet":"max-snippet:-1","max-image-preview":"max-image-preview:large","max-video-preview":"max-video-preview:-1"},"canonical":"https:\/\/blogdofarnesio.com.br\/?p=231904","og_locale":"pt_BR","og_type":"article","og_title":"Ministro do STF anulou decis\u00e3o da Justi\u00e7a Trabalhista do RJ, que liberava cobran\u00e7a do imposto sindical - Blog do Farn\u00e9sio","og_description":"O ministro do Supremo Tribunal Federal (STF) Lu\u00eds Roberto Barroso decidiu anular uma decis\u00e3o da Justi\u00e7a Trabalhista do Rio&nbsp;de Janeiro&nbsp;que autorizou&nbsp;o desconto&nbsp;da contribui\u00e7\u00e3o sindical na folha de pagamento,&nbsp;sem autoriza\u00e7\u00e3o individual do empregado. A decis\u00e3o foi assinada na&nbsp;quinta-feira (25) e vale somente para o Sindicato dos Trabalhadores em Empresas de Telecomunica\u00e7\u00f5es do estado. No entanto, o mesmo entendimento poder\u00e1 ser seguido pela Justi\u00e7a do Trabalho em todo pa\u00eds. O caso chegou ao Supremo ap\u00f3s uma vara trabalhista no Rio&nbsp;entender que a manifesta\u00e7\u00e3o de vontade do empregado&nbsp;poderia ser substitu\u00edda&nbsp;pela decis\u00e3o tomada por assembleia geral, convocada pelo sindicato, e com validade para todos os membros da categoria, mesmo para quem n\u00e3o esteve presente na reuni\u00e3o. Em 2017, ficou definido na&nbsp;Reforma Trabalhista que os&hellip;","og_url":"https:\/\/blogdofarnesio.com.br\/?p=231904","og_site_name":"Blog do Farn\u00e9sio","article_publisher":"https:\/\/www.facebook.com\/BlogQuerSaberPolitica\/","article_published_time":"2019-07-04T11:03:10+00:00","og_image":[{"url":"http:\/\/imagens.ebc.com.br\/2kb75Ihv52KCeE6o9YjkjCl3Vqw=\/754x0\/smart\/http:\/\/agenciabrasil.ebc.com.br\/sites\/default\/files\/thumbnails\/image\/stf_28-11-2018_3.jpg?itok=o7caOjkD","type":"","width":"","height":""}],"author":"Farn\u00e9sio","twitter_card":"summary_large_image","twitter_misc":{"Escrito por":"Farn\u00e9sio","Est. tempo de leitura":"3 minutos"},"schema":{"@context":"https:\/\/schema.org","@graph":[{"@type":"Article","@id":"https:\/\/blogdofarnesio.com.br\/?p=231904#article","isPartOf":{"@id":"https:\/\/blogdofarnesio.com.br\/?p=231904"},"author":{"name":"Farn\u00e9sio","@id":"https:\/\/blogdofarnesio.com.br\/#\/schema\/person\/301c4acf522bccbfdb45af95b5b906a1"},"headline":"Ministro do STF anulou decis\u00e3o da Justi\u00e7a Trabalhista do RJ, que liberava cobran\u00e7a do imposto sindical","datePublished":"2019-07-04T11:03:10+00:00","mainEntityOfPage":{"@id":"https:\/\/blogdofarnesio.com.br\/?p=231904"},"wordCount":586,"publisher":{"@id":"https:\/\/blogdofarnesio.com.br\/#organization"},"image":{"@id":"https:\/\/blogdofarnesio.com.br\/?p=231904#primaryimage"},"thumbnailUrl":"http:\/\/imagens.ebc.com.br\/2kb75Ihv52KCeE6o9YjkjCl3Vqw=\/754x0\/smart\/http:\/\/agenciabrasil.ebc.com.br\/sites\/default\/files\/thumbnails\/image\/stf_28-11-2018_3.jpg?itok=o7caOjkD","articleSection":["Pol\u00edtica"],"inLanguage":"pt-BR"},{"@type":"WebPage","@id":"https:\/\/blogdofarnesio.com.br\/?p=231904","url":"https:\/\/blogdofarnesio.com.br\/?p=231904","name":"Ministro do STF anulou decis\u00e3o da Justi\u00e7a Trabalhista do RJ, que liberava cobran\u00e7a do imposto sindical - Blog do Farn\u00e9sio","isPartOf":{"@id":"https:\/\/blogdofarnesio.com.br\/#website"},"primaryImageOfPage":{"@id":"https:\/\/blogdofarnesio.com.br\/?p=231904#primaryimage"},"image":{"@id":"https:\/\/blogdofarnesio.com.br\/?p=231904#primaryimage"},"thumbnailUrl":"http:\/\/imagens.ebc.com.br\/2kb75Ihv52KCeE6o9YjkjCl3Vqw=\/754x0\/smart\/http:\/\/agenciabrasil.ebc.com.br\/sites\/default\/files\/thumbnails\/image\/stf_28-11-2018_3.jpg?itok=o7caOjkD","datePublished":"2019-07-04T11:03:10+00:00","breadcrumb":{"@id":"https:\/\/blogdofarnesio.com.br\/?p=231904#breadcrumb"},"inLanguage":"pt-BR","potentialAction":[{"@type":"ReadAction","target":["https:\/\/blogdofarnesio.com.br\/?p=231904"]}]},{"@type":"ImageObject","inLanguage":"pt-BR","@id":"https:\/\/blogdofarnesio.com.br\/?p=231904#primaryimage","url":"http:\/\/imagens.ebc.com.br\/2kb75Ihv52KCeE6o9YjkjCl3Vqw=\/754x0\/smart\/http:\/\/agenciabrasil.ebc.com.br\/sites\/default\/files\/thumbnails\/image\/stf_28-11-2018_3.jpg?itok=o7caOjkD","contentUrl":"http:\/\/imagens.ebc.com.br\/2kb75Ihv52KCeE6o9YjkjCl3Vqw=\/754x0\/smart\/http:\/\/agenciabrasil.ebc.com.br\/sites\/default\/files\/thumbnails\/image\/stf_28-11-2018_3.jpg?itok=o7caOjkD"},{"@type":"BreadcrumbList","@id":"https:\/\/blogdofarnesio.com.br\/?p=231904#breadcrumb","itemListElement":[{"@type":"ListItem","position":1,"name":"In\u00edcio","item":"https:\/\/blogdofarnesio.com.br\/"},{"@type":"ListItem","position":2,"name":"Ministro do STF anulou decis\u00e3o da Justi\u00e7a Trabalhista do RJ, que liberava cobran\u00e7a do imposto sindical"}]},{"@type":"WebSite","@id":"https:\/\/blogdofarnesio.com.br\/#website","url":"https:\/\/blogdofarnesio.com.br\/","name":"Blog do Farn\u00e9sio","description":"Quer Saber Pol\u00edtica?","publisher":{"@id":"https:\/\/blogdofarnesio.com.br\/#organization"},"potentialAction":[{"@type":"SearchAction","target":{"@type":"EntryPoint","urlTemplate":"https:\/\/blogdofarnesio.com.br\/?s={search_term_string}"},"query-input":{"@type":"PropertyValueSpecification","valueRequired":true,"valueName":"search_term_string"}}],"inLanguage":"pt-BR"},{"@type":"Organization","@id":"https:\/\/blogdofarnesio.com.br\/#organization","name":"Blog do Farn\u00e9sio","url":"https:\/\/blogdofarnesio.com.br\/","logo":{"@type":"ImageObject","inLanguage":"pt-BR","@id":"https:\/\/blogdofarnesio.com.br\/#\/schema\/logo\/image\/","url":"https:\/\/blogdofarnesio.com.br\/wp-content\/uploads\/2026\/03\/cropped-logo_new-1.png","contentUrl":"https:\/\/blogdofarnesio.com.br\/wp-content\/uploads\/2026\/03\/cropped-logo_new-1.png","width":881,"height":685,"caption":"Blog do Farn\u00e9sio"},"image":{"@id":"https:\/\/blogdofarnesio.com.br\/#\/schema\/logo\/image\/"},"sameAs":["https:\/\/www.facebook.com\/BlogQuerSaberPolitica\/"]},{"@type":"Person","@id":"https:\/\/blogdofarnesio.com.br\/#\/schema\/person\/301c4acf522bccbfdb45af95b5b906a1","name":"Farn\u00e9sio","image":{"@type":"ImageObject","inLanguage":"pt-BR","@id":"https:\/\/secure.gravatar.com\/avatar\/df0c9a14567c056f8ad6876ba5bbd1e3e2c48023eb6807342fc4663adf549f38?s=96&d=mm&r=g","url":"https:\/\/secure.gravatar.com\/avatar\/df0c9a14567c056f8ad6876ba5bbd1e3e2c48023eb6807342fc4663adf549f38?s=96&d=mm&r=g","contentUrl":"https:\/\/secure.gravatar.com\/avatar\/df0c9a14567c056f8ad6876ba5bbd1e3e2c48023eb6807342fc4663adf549f38?s=96&d=mm&r=g","caption":"Farn\u00e9sio"},"sameAs":["https:\/\/quersaberpolitica.com.br"],"url":"https:\/\/blogdofarnesio.com.br\/?author=1"}]}},"_links":{"self":[{"href":"https:\/\/blogdofarnesio.com.br\/index.php?rest_route=\/wp\/v2\/posts\/231904","targetHints":{"allow":["GET"]}}],"collection":[{"href":"https:\/\/blogdofarnesio.com.br\/index.php?rest_route=\/wp\/v2\/posts"}],"about":[{"href":"https:\/\/blogdofarnesio.com.br\/index.php?rest_route=\/wp\/v2\/types\/post"}],"author":[{"embeddable":true,"href":"https:\/\/blogdofarnesio.com.br\/index.php?rest_route=\/wp\/v2\/users\/1"}],"replies":[{"embeddable":true,"href":"https:\/\/blogdofarnesio.com.br\/index.php?rest_route=%2Fwp%2Fv2%2Fcomments&post=231904"}],"version-history":[{"count":0,"href":"https:\/\/blogdofarnesio.com.br\/index.php?rest_route=\/wp\/v2\/posts\/231904\/revisions"}],"wp:attachment":[{"href":"https:\/\/blogdofarnesio.com.br\/index.php?rest_route=%2Fwp%2Fv2%2Fmedia&parent=231904"}],"wp:term":[{"taxonomy":"category","embeddable":true,"href":"https:\/\/blogdofarnesio.com.br\/index.php?rest_route=%2Fwp%2Fv2%2Fcategories&post=231904"},{"taxonomy":"post_tag","embeddable":true,"href":"https:\/\/blogdofarnesio.com.br\/index.php?rest_route=%2Fwp%2Fv2%2Ftags&post=231904"}],"curies":[{"name":"wp","href":"https:\/\/api.w.org\/{rel}","templated":true}]}}