{"id":231766,"date":"2019-07-02T13:00:52","date_gmt":"2019-07-02T16:00:52","guid":{"rendered":"http:\/\/quersaberpolitica.com.br\/2016\/?p=231766"},"modified":"2019-07-02T09:23:28","modified_gmt":"2019-07-02T12:23:28","slug":"231766","status":"publish","type":"post","link":"https:\/\/blogdofarnesio.com.br\/?p=231766","title":{"rendered":"Bandeira amarela: luz mais cara"},"content":{"rendered":"\n<p>A conta de luz est\u00e1 mais cara desde ontem (1\u00ba), por causa da bandeira tarif\u00e1ria utilizada como refer\u00eancia nas contas deste m\u00eas ser a amarela. Com a medida, as cobran\u00e7as ter\u00e3o um acr\u00e9scimo de R$ 1,50 para cada 100 quilowatts-hora consumidos, segundo a Ag\u00eancia Nacional de Energia El\u00e9trica (Aneel), em comunicado divulgado na \u00faltima sexta-feira (28).<\/p>\n\n\n\n<p>O adicional retorna \u00e0s contas ap\u00f3s a autoridade reguladora ter definido bandeira verde em junho, situa\u00e7\u00e3o em que n\u00e3o \u00e9 cobrado acr\u00e9scimo nas contas. No comunicado, a Aneel justificou a bandeira amarela pelo fato de julho ser um m\u00eas \u201ct\u00edpico da seca nas principais bacias hidrogr\u00e1ficas do pa\u00eds\u201d.<\/p>\n\n\n\n<p>\u201cA previs\u00e3o hidrol\u00f3gica para o m\u00eas sinaliza vaz\u00f5es abaixo da m\u00e9dia hist\u00f3rica e tend\u00eancia de redu\u00e7\u00e3o dos n\u00edveis dos principais reservat\u00f3rios. Esse cen\u00e1rio requer o aumento da gera\u00e7\u00e3o termel\u00e9trica, o que influenciou o aumento do pre\u00e7o da energia (PLD) e dos custos relacionados ao risco hidrol\u00f3gico (GSF) em patamares condizentes com o da Bandeira Amarela\u201d, justificou a ag\u00eancia.<\/p>\n\n\n\n<p><\/p>\n\n\n\n<p>O sistema de bandeiras tarif\u00e1rias foi criado, de acordo com a Aneel, para sinalizar aos consumidores os custos reais da gera\u00e7\u00e3o de energia el\u00e9trica. O funcionamento das bandeiras tarif\u00e1rias tem tr\u00eas cores, a verde, a amarela e a vermelha (nos patamares 1 e 2), que indicam se a energia custar\u00e1 mais ou menos em fun\u00e7\u00e3o das condi\u00e7\u00f5es de gera\u00e7\u00e3o.<\/p>\n\n\n\n<p>O c\u00e1lculo para acionamento das bandeiras tarif\u00e1rias leva em conta, principalmente, dois fatores: o risco hidrol\u00f3gico e o pre\u00e7o da energia. Os recursos pagos pelos consumidores v\u00e3o para uma conta espec\u00edfica e depois s\u00e3o repassados \u00e0s distribuidoras de energia para compensar o custo extra da produ\u00e7\u00e3o de energia em per\u00edodos de seca.<\/p>\n","protected":false},"excerpt":{"rendered":"<p>A conta de luz est\u00e1 mais cara desde ontem (1\u00ba), por causa da bandeira tarif\u00e1ria utilizada como refer\u00eancia nas contas deste m\u00eas ser a amarela. Com a medida, as cobran\u00e7as ter\u00e3o um acr\u00e9scimo de R$ 1,50 para cada 100 quilowatts-hora consumidos, segundo a Ag\u00eancia Nacional de Energia El\u00e9trica (Aneel), em comunicado divulgado na \u00faltima sexta-feira (28). O adicional retorna \u00e0s contas ap\u00f3s a autoridade reguladora ter definido bandeira verde em junho, situa\u00e7\u00e3o em que n\u00e3o \u00e9 cobrado acr\u00e9scimo nas contas. No comunicado, a Aneel justificou a bandeira amarela pelo fato de julho ser um m\u00eas \u201ct\u00edpico da seca nas principais bacias hidrogr\u00e1ficas do pa\u00eds\u201d. \u201cA previs\u00e3o hidrol\u00f3gica para o m\u00eas sinaliza vaz\u00f5es abaixo da m\u00e9dia hist\u00f3rica e tend\u00eancia de redu\u00e7\u00e3o&hellip; <\/p>\n","protected":false},"author":1,"featured_media":138185,"comment_status":"closed","ping_status":"closed","sticky":false,"template":"","format":"standard","meta":{"_acf_changed":false,"footnotes":""},"categories":[44],"tags":[],"class_list":["post-231766","post","type-post","status-publish","format-standard","has-post-thumbnail","hentry","category-administracao"],"acf":[],"yoast_head":"<!-- This site is optimized with the Yoast SEO plugin v27.4 - https:\/\/yoast.com\/product\/yoast-seo-wordpress\/ -->\n<title>Bandeira amarela: luz mais cara - Blog do Farn\u00e9sio<\/title>\n<meta name=\"robots\" content=\"index, follow, max-snippet:-1, max-image-preview:large, max-video-preview:-1\" \/>\n<link rel=\"canonical\" href=\"https:\/\/blogdofarnesio.com.br\/?p=231766\" \/>\n<meta property=\"og:locale\" content=\"pt_BR\" \/>\n<meta property=\"og:type\" content=\"article\" \/>\n<meta property=\"og:title\" content=\"Bandeira amarela: luz mais cara - Blog do Farn\u00e9sio\" \/>\n<meta property=\"og:description\" content=\"A conta de luz est\u00e1 mais cara desde ontem (1\u00ba), por causa da bandeira tarif\u00e1ria utilizada como refer\u00eancia nas contas deste m\u00eas ser a amarela. Com a medida, as cobran\u00e7as ter\u00e3o um acr\u00e9scimo de R$ 1,50 para cada 100 quilowatts-hora consumidos, segundo a Ag\u00eancia Nacional de Energia El\u00e9trica (Aneel), em comunicado divulgado na \u00faltima sexta-feira (28). O adicional retorna \u00e0s contas ap\u00f3s a autoridade reguladora ter definido bandeira verde em junho, situa\u00e7\u00e3o em que n\u00e3o \u00e9 cobrado acr\u00e9scimo nas contas. No comunicado, a Aneel justificou a bandeira amarela pelo fato de julho ser um m\u00eas \u201ct\u00edpico da seca nas principais bacias hidrogr\u00e1ficas do pa\u00eds\u201d. \u201cA previs\u00e3o hidrol\u00f3gica para o m\u00eas sinaliza vaz\u00f5es abaixo da m\u00e9dia hist\u00f3rica e tend\u00eancia de redu\u00e7\u00e3o&hellip;\" \/>\n<meta property=\"og:url\" content=\"https:\/\/blogdofarnesio.com.br\/?p=231766\" \/>\n<meta property=\"og:site_name\" content=\"Blog do Farn\u00e9sio\" \/>\n<meta property=\"article:publisher\" content=\"https:\/\/www.facebook.com\/BlogQuerSaberPolitica\/\" \/>\n<meta property=\"article:published_time\" content=\"2019-07-02T16:00:52+00:00\" \/>\n<meta property=\"og:image\" content=\"https:\/\/blogdofarnesio.com.br\/wp-content\/uploads\/2016\/03\/blogqsp-conta-de-luz-site.jpg\" \/>\n\t<meta property=\"og:image:width\" content=\"390\" \/>\n\t<meta property=\"og:image:height\" content=\"261\" \/>\n\t<meta property=\"og:image:type\" content=\"image\/jpeg\" \/>\n<meta name=\"author\" content=\"Farn\u00e9sio\" \/>\n<meta name=\"twitter:card\" content=\"summary_large_image\" \/>\n<meta name=\"twitter:label1\" content=\"Escrito por\" \/>\n\t<meta name=\"twitter:data1\" content=\"Farn\u00e9sio\" \/>\n\t<meta name=\"twitter:label2\" content=\"Est. tempo de leitura\" \/>\n\t<meta name=\"twitter:data2\" content=\"2 minutos\" \/>\n<script type=\"application\/ld+json\" class=\"yoast-schema-graph\">{\"@context\":\"https:\\\/\\\/schema.org\",\"@graph\":[{\"@type\":\"Article\",\"@id\":\"https:\\\/\\\/blogdofarnesio.com.br\\\/?p=231766#article\",\"isPartOf\":{\"@id\":\"https:\\\/\\\/blogdofarnesio.com.br\\\/?p=231766\"},\"author\":{\"name\":\"Farn\u00e9sio\",\"@id\":\"https:\\\/\\\/blogdofarnesio.com.br\\\/#\\\/schema\\\/person\\\/301c4acf522bccbfdb45af95b5b906a1\"},\"headline\":\"Bandeira amarela: luz mais cara\",\"datePublished\":\"2019-07-02T16:00:52+00:00\",\"mainEntityOfPage\":{\"@id\":\"https:\\\/\\\/blogdofarnesio.com.br\\\/?p=231766\"},\"wordCount\":320,\"publisher\":{\"@id\":\"https:\\\/\\\/blogdofarnesio.com.br\\\/#organization\"},\"image\":{\"@id\":\"https:\\\/\\\/blogdofarnesio.com.br\\\/?p=231766#primaryimage\"},\"thumbnailUrl\":\"https:\\\/\\\/blogdofarnesio.com.br\\\/wp-content\\\/uploads\\\/2016\\\/03\\\/blogqsp-conta-de-luz-site.jpg\",\"articleSection\":[\"Administra\u00e7\u00e3o\"],\"inLanguage\":\"pt-BR\"},{\"@type\":\"WebPage\",\"@id\":\"https:\\\/\\\/blogdofarnesio.com.br\\\/?p=231766\",\"url\":\"https:\\\/\\\/blogdofarnesio.com.br\\\/?p=231766\",\"name\":\"Bandeira amarela: luz mais cara - Blog do Farn\u00e9sio\",\"isPartOf\":{\"@id\":\"https:\\\/\\\/blogdofarnesio.com.br\\\/#website\"},\"primaryImageOfPage\":{\"@id\":\"https:\\\/\\\/blogdofarnesio.com.br\\\/?p=231766#primaryimage\"},\"image\":{\"@id\":\"https:\\\/\\\/blogdofarnesio.com.br\\\/?p=231766#primaryimage\"},\"thumbnailUrl\":\"https:\\\/\\\/blogdofarnesio.com.br\\\/wp-content\\\/uploads\\\/2016\\\/03\\\/blogqsp-conta-de-luz-site.jpg\",\"datePublished\":\"2019-07-02T16:00:52+00:00\",\"breadcrumb\":{\"@id\":\"https:\\\/\\\/blogdofarnesio.com.br\\\/?p=231766#breadcrumb\"},\"inLanguage\":\"pt-BR\",\"potentialAction\":[{\"@type\":\"ReadAction\",\"target\":[\"https:\\\/\\\/blogdofarnesio.com.br\\\/?p=231766\"]}]},{\"@type\":\"ImageObject\",\"inLanguage\":\"pt-BR\",\"@id\":\"https:\\\/\\\/blogdofarnesio.com.br\\\/?p=231766#primaryimage\",\"url\":\"https:\\\/\\\/blogdofarnesio.com.br\\\/wp-content\\\/uploads\\\/2016\\\/03\\\/blogqsp-conta-de-luz-site.jpg\",\"contentUrl\":\"https:\\\/\\\/blogdofarnesio.com.br\\\/wp-content\\\/uploads\\\/2016\\\/03\\\/blogqsp-conta-de-luz-site.jpg\",\"width\":390,\"height\":261},{\"@type\":\"BreadcrumbList\",\"@id\":\"https:\\\/\\\/blogdofarnesio.com.br\\\/?p=231766#breadcrumb\",\"itemListElement\":[{\"@type\":\"ListItem\",\"position\":1,\"name\":\"In\u00edcio\",\"item\":\"https:\\\/\\\/blogdofarnesio.com.br\\\/\"},{\"@type\":\"ListItem\",\"position\":2,\"name\":\"Bandeira amarela: luz mais cara\"}]},{\"@type\":\"WebSite\",\"@id\":\"https:\\\/\\\/blogdofarnesio.com.br\\\/#website\",\"url\":\"https:\\\/\\\/blogdofarnesio.com.br\\\/\",\"name\":\"Blog do Farn\u00e9sio\",\"description\":\"Quer Saber Pol\u00edtica?\",\"publisher\":{\"@id\":\"https:\\\/\\\/blogdofarnesio.com.br\\\/#organization\"},\"potentialAction\":[{\"@type\":\"SearchAction\",\"target\":{\"@type\":\"EntryPoint\",\"urlTemplate\":\"https:\\\/\\\/blogdofarnesio.com.br\\\/?s={search_term_string}\"},\"query-input\":{\"@type\":\"PropertyValueSpecification\",\"valueRequired\":true,\"valueName\":\"search_term_string\"}}],\"inLanguage\":\"pt-BR\"},{\"@type\":\"Organization\",\"@id\":\"https:\\\/\\\/blogdofarnesio.com.br\\\/#organization\",\"name\":\"Blog do Farn\u00e9sio\",\"url\":\"https:\\\/\\\/blogdofarnesio.com.br\\\/\",\"logo\":{\"@type\":\"ImageObject\",\"inLanguage\":\"pt-BR\",\"@id\":\"https:\\\/\\\/blogdofarnesio.com.br\\\/#\\\/schema\\\/logo\\\/image\\\/\",\"url\":\"https:\\\/\\\/blogdofarnesio.com.br\\\/wp-content\\\/uploads\\\/2026\\\/03\\\/cropped-logo_new-1.png\",\"contentUrl\":\"https:\\\/\\\/blogdofarnesio.com.br\\\/wp-content\\\/uploads\\\/2026\\\/03\\\/cropped-logo_new-1.png\",\"width\":881,\"height\":685,\"caption\":\"Blog do Farn\u00e9sio\"},\"image\":{\"@id\":\"https:\\\/\\\/blogdofarnesio.com.br\\\/#\\\/schema\\\/logo\\\/image\\\/\"},\"sameAs\":[\"https:\\\/\\\/www.facebook.com\\\/BlogQuerSaberPolitica\\\/\"]},{\"@type\":\"Person\",\"@id\":\"https:\\\/\\\/blogdofarnesio.com.br\\\/#\\\/schema\\\/person\\\/301c4acf522bccbfdb45af95b5b906a1\",\"name\":\"Farn\u00e9sio\",\"image\":{\"@type\":\"ImageObject\",\"inLanguage\":\"pt-BR\",\"@id\":\"https:\\\/\\\/secure.gravatar.com\\\/avatar\\\/df0c9a14567c056f8ad6876ba5bbd1e3e2c48023eb6807342fc4663adf549f38?s=96&d=mm&r=g\",\"url\":\"https:\\\/\\\/secure.gravatar.com\\\/avatar\\\/df0c9a14567c056f8ad6876ba5bbd1e3e2c48023eb6807342fc4663adf549f38?s=96&d=mm&r=g\",\"contentUrl\":\"https:\\\/\\\/secure.gravatar.com\\\/avatar\\\/df0c9a14567c056f8ad6876ba5bbd1e3e2c48023eb6807342fc4663adf549f38?s=96&d=mm&r=g\",\"caption\":\"Farn\u00e9sio\"},\"sameAs\":[\"https:\\\/\\\/quersaberpolitica.com.br\"],\"url\":\"https:\\\/\\\/blogdofarnesio.com.br\\\/?author=1\"}]}<\/script>\n<!-- \/ Yoast SEO plugin. -->","yoast_head_json":{"title":"Bandeira amarela: luz mais cara - Blog do Farn\u00e9sio","robots":{"index":"index","follow":"follow","max-snippet":"max-snippet:-1","max-image-preview":"max-image-preview:large","max-video-preview":"max-video-preview:-1"},"canonical":"https:\/\/blogdofarnesio.com.br\/?p=231766","og_locale":"pt_BR","og_type":"article","og_title":"Bandeira amarela: luz mais cara - Blog do Farn\u00e9sio","og_description":"A conta de luz est\u00e1 mais cara desde ontem (1\u00ba), por causa da bandeira tarif\u00e1ria utilizada como refer\u00eancia nas contas deste m\u00eas ser a amarela. Com a medida, as cobran\u00e7as ter\u00e3o um acr\u00e9scimo de R$ 1,50 para cada 100 quilowatts-hora consumidos, segundo a Ag\u00eancia Nacional de Energia El\u00e9trica (Aneel), em comunicado divulgado na \u00faltima sexta-feira (28). O adicional retorna \u00e0s contas ap\u00f3s a autoridade reguladora ter definido bandeira verde em junho, situa\u00e7\u00e3o em que n\u00e3o \u00e9 cobrado acr\u00e9scimo nas contas. No comunicado, a Aneel justificou a bandeira amarela pelo fato de julho ser um m\u00eas \u201ct\u00edpico da seca nas principais bacias hidrogr\u00e1ficas do pa\u00eds\u201d. \u201cA previs\u00e3o hidrol\u00f3gica para o m\u00eas sinaliza vaz\u00f5es abaixo da m\u00e9dia hist\u00f3rica e tend\u00eancia de redu\u00e7\u00e3o&hellip;","og_url":"https:\/\/blogdofarnesio.com.br\/?p=231766","og_site_name":"Blog do Farn\u00e9sio","article_publisher":"https:\/\/www.facebook.com\/BlogQuerSaberPolitica\/","article_published_time":"2019-07-02T16:00:52+00:00","og_image":[{"width":390,"height":261,"url":"https:\/\/blogdofarnesio.com.br\/wp-content\/uploads\/2016\/03\/blogqsp-conta-de-luz-site.jpg","type":"image\/jpeg"}],"author":"Farn\u00e9sio","twitter_card":"summary_large_image","twitter_misc":{"Escrito por":"Farn\u00e9sio","Est. tempo de leitura":"2 minutos"},"schema":{"@context":"https:\/\/schema.org","@graph":[{"@type":"Article","@id":"https:\/\/blogdofarnesio.com.br\/?p=231766#article","isPartOf":{"@id":"https:\/\/blogdofarnesio.com.br\/?p=231766"},"author":{"name":"Farn\u00e9sio","@id":"https:\/\/blogdofarnesio.com.br\/#\/schema\/person\/301c4acf522bccbfdb45af95b5b906a1"},"headline":"Bandeira amarela: luz mais cara","datePublished":"2019-07-02T16:00:52+00:00","mainEntityOfPage":{"@id":"https:\/\/blogdofarnesio.com.br\/?p=231766"},"wordCount":320,"publisher":{"@id":"https:\/\/blogdofarnesio.com.br\/#organization"},"image":{"@id":"https:\/\/blogdofarnesio.com.br\/?p=231766#primaryimage"},"thumbnailUrl":"https:\/\/blogdofarnesio.com.br\/wp-content\/uploads\/2016\/03\/blogqsp-conta-de-luz-site.jpg","articleSection":["Administra\u00e7\u00e3o"],"inLanguage":"pt-BR"},{"@type":"WebPage","@id":"https:\/\/blogdofarnesio.com.br\/?p=231766","url":"https:\/\/blogdofarnesio.com.br\/?p=231766","name":"Bandeira amarela: luz mais cara - Blog do Farn\u00e9sio","isPartOf":{"@id":"https:\/\/blogdofarnesio.com.br\/#website"},"primaryImageOfPage":{"@id":"https:\/\/blogdofarnesio.com.br\/?p=231766#primaryimage"},"image":{"@id":"https:\/\/blogdofarnesio.com.br\/?p=231766#primaryimage"},"thumbnailUrl":"https:\/\/blogdofarnesio.com.br\/wp-content\/uploads\/2016\/03\/blogqsp-conta-de-luz-site.jpg","datePublished":"2019-07-02T16:00:52+00:00","breadcrumb":{"@id":"https:\/\/blogdofarnesio.com.br\/?p=231766#breadcrumb"},"inLanguage":"pt-BR","potentialAction":[{"@type":"ReadAction","target":["https:\/\/blogdofarnesio.com.br\/?p=231766"]}]},{"@type":"ImageObject","inLanguage":"pt-BR","@id":"https:\/\/blogdofarnesio.com.br\/?p=231766#primaryimage","url":"https:\/\/blogdofarnesio.com.br\/wp-content\/uploads\/2016\/03\/blogqsp-conta-de-luz-site.jpg","contentUrl":"https:\/\/blogdofarnesio.com.br\/wp-content\/uploads\/2016\/03\/blogqsp-conta-de-luz-site.jpg","width":390,"height":261},{"@type":"BreadcrumbList","@id":"https:\/\/blogdofarnesio.com.br\/?p=231766#breadcrumb","itemListElement":[{"@type":"ListItem","position":1,"name":"In\u00edcio","item":"https:\/\/blogdofarnesio.com.br\/"},{"@type":"ListItem","position":2,"name":"Bandeira amarela: luz mais cara"}]},{"@type":"WebSite","@id":"https:\/\/blogdofarnesio.com.br\/#website","url":"https:\/\/blogdofarnesio.com.br\/","name":"Blog do Farn\u00e9sio","description":"Quer Saber Pol\u00edtica?","publisher":{"@id":"https:\/\/blogdofarnesio.com.br\/#organization"},"potentialAction":[{"@type":"SearchAction","target":{"@type":"EntryPoint","urlTemplate":"https:\/\/blogdofarnesio.com.br\/?s={search_term_string}"},"query-input":{"@type":"PropertyValueSpecification","valueRequired":true,"valueName":"search_term_string"}}],"inLanguage":"pt-BR"},{"@type":"Organization","@id":"https:\/\/blogdofarnesio.com.br\/#organization","name":"Blog do Farn\u00e9sio","url":"https:\/\/blogdofarnesio.com.br\/","logo":{"@type":"ImageObject","inLanguage":"pt-BR","@id":"https:\/\/blogdofarnesio.com.br\/#\/schema\/logo\/image\/","url":"https:\/\/blogdofarnesio.com.br\/wp-content\/uploads\/2026\/03\/cropped-logo_new-1.png","contentUrl":"https:\/\/blogdofarnesio.com.br\/wp-content\/uploads\/2026\/03\/cropped-logo_new-1.png","width":881,"height":685,"caption":"Blog do Farn\u00e9sio"},"image":{"@id":"https:\/\/blogdofarnesio.com.br\/#\/schema\/logo\/image\/"},"sameAs":["https:\/\/www.facebook.com\/BlogQuerSaberPolitica\/"]},{"@type":"Person","@id":"https:\/\/blogdofarnesio.com.br\/#\/schema\/person\/301c4acf522bccbfdb45af95b5b906a1","name":"Farn\u00e9sio","image":{"@type":"ImageObject","inLanguage":"pt-BR","@id":"https:\/\/secure.gravatar.com\/avatar\/df0c9a14567c056f8ad6876ba5bbd1e3e2c48023eb6807342fc4663adf549f38?s=96&d=mm&r=g","url":"https:\/\/secure.gravatar.com\/avatar\/df0c9a14567c056f8ad6876ba5bbd1e3e2c48023eb6807342fc4663adf549f38?s=96&d=mm&r=g","contentUrl":"https:\/\/secure.gravatar.com\/avatar\/df0c9a14567c056f8ad6876ba5bbd1e3e2c48023eb6807342fc4663adf549f38?s=96&d=mm&r=g","caption":"Farn\u00e9sio"},"sameAs":["https:\/\/quersaberpolitica.com.br"],"url":"https:\/\/blogdofarnesio.com.br\/?author=1"}]}},"_links":{"self":[{"href":"https:\/\/blogdofarnesio.com.br\/index.php?rest_route=\/wp\/v2\/posts\/231766","targetHints":{"allow":["GET"]}}],"collection":[{"href":"https:\/\/blogdofarnesio.com.br\/index.php?rest_route=\/wp\/v2\/posts"}],"about":[{"href":"https:\/\/blogdofarnesio.com.br\/index.php?rest_route=\/wp\/v2\/types\/post"}],"author":[{"embeddable":true,"href":"https:\/\/blogdofarnesio.com.br\/index.php?rest_route=\/wp\/v2\/users\/1"}],"replies":[{"embeddable":true,"href":"https:\/\/blogdofarnesio.com.br\/index.php?rest_route=%2Fwp%2Fv2%2Fcomments&post=231766"}],"version-history":[{"count":0,"href":"https:\/\/blogdofarnesio.com.br\/index.php?rest_route=\/wp\/v2\/posts\/231766\/revisions"}],"wp:featuredmedia":[{"embeddable":true,"href":"https:\/\/blogdofarnesio.com.br\/index.php?rest_route=\/wp\/v2\/media\/138185"}],"wp:attachment":[{"href":"https:\/\/blogdofarnesio.com.br\/index.php?rest_route=%2Fwp%2Fv2%2Fmedia&parent=231766"}],"wp:term":[{"taxonomy":"category","embeddable":true,"href":"https:\/\/blogdofarnesio.com.br\/index.php?rest_route=%2Fwp%2Fv2%2Fcategories&post=231766"},{"taxonomy":"post_tag","embeddable":true,"href":"https:\/\/blogdofarnesio.com.br\/index.php?rest_route=%2Fwp%2Fv2%2Ftags&post=231766"}],"curies":[{"name":"wp","href":"https:\/\/api.w.org\/{rel}","templated":true}]}}