{"id":231732,"date":"2019-07-02T14:20:54","date_gmt":"2019-07-02T17:20:54","guid":{"rendered":"http:\/\/quersaberpolitica.com.br\/2016\/?p=231732"},"modified":"2019-07-02T10:04:09","modified_gmt":"2019-07-02T13:04:09","slug":"secretaria-de-saude-de-sobradinho-realiza-roda-de-conversa-sobre-infeccoes-sexualmente-transmissiveis-ists-com-publico-jovem","status":"publish","type":"post","link":"https:\/\/blogdofarnesio.com.br\/?p=231732","title":{"rendered":"Sa\u00fade de Sobradinho realiza Roda de Conversa sobre Infec\u00e7\u00f5es Sexualmente transmiss\u00edveis (ISTs) com p\u00fablico jovem"},"content":{"rendered":"\n<p>A Secretaria de Sa\u00fade (SMS), atrav\u00e9s da Equipe de Sa\u00fade da Fam\u00edlia da Quadra 3, na vila S\u00e3o Francisco, encerrou as atividades do primeiro semestre de 2019 reunindo jovens e adultos para debater sobre as Infec\u00e7\u00f5es Sexualmente transmiss\u00edveis (<em>ISTs<\/em>), um problema de sa\u00fade p\u00fablica no mundo inteiro.<\/p>\n\n\n\n<p>Segundo dados do Minist\u00e9rio da Sa\u00fade, o n\u00famero de jovens portadores de&nbsp;<em>ISTs<\/em>, vem crescendo na \u00faltima d\u00e9cada. Os especialistas do MS alertam principalmente para o crescimento da S\u00edfilis, que por muitos anos foi ignorada, devido ao destaque dado a AIDS.<\/p>\n\n\n\n<p>A a\u00e7\u00e3o da Secretaria de Sa\u00fade refor\u00e7ou o alerta, principalmente entre os jovens, e contou com a participa\u00e7\u00e3o do medico de sa\u00fade da fam\u00edlia Franclen Rusvell e da enfermeira Maria Lucivania da Silva, que diariamente atendem esses jovens na UBS da quadra.<\/p>\n\n\n\n<p>\u201cAproveitamos esse per\u00edodo de f\u00e9rias e festas para alertar a popula\u00e7\u00e3o jovem, atendida pela nossa UBS, para a quest\u00e3o da preven\u00e7\u00e3o das doen\u00e7as sexualmente transmiss\u00edveis. Repassamos informa\u00e7\u00f5es sobre a vacina da HPV, que tem que ser tomada aos 9 anos pelas meninas e aos 11 anos por meninos; sobre a preven\u00e7\u00e3o de DST\u2019s como um todo, e sobre a seguran\u00e7a durante as rela\u00e7\u00f5es sexuais&#8221;, destacou a enfermeira Maria Lucivania da Silva.<\/p>\n\n\n\n<p>Atenta ao tema, a Secret\u00e1ria de Sa\u00fade Maysa Sanjuan falou da import\u00e2ncia da a\u00e7\u00e3oativas como essa que levam informa\u00e7\u00f5es a popula\u00e7\u00e3o de Sobradinho.<\/p>\n\n\n\n<p>\u201cA nossa gest\u00e3o busca uma coer\u00eancia com as quest\u00f5es cotidianas da popula\u00e7\u00e3o de Sobradinho. Por orienta\u00e7\u00e3o do Prefeito Luiz Vicente, fazemos uma gest\u00e3o participativa e buscamos uma proximidade com nossos cidad\u00e3os, para podermos identificar de que forma podemos atend\u00ea-los de maneira mais eficiente. Esse atendimento n\u00e3o se resume apenas nas consultas cl\u00ednicas, mas tamb\u00e9m se refere a levar informa\u00e7\u00e3o e promover debates sobre sa\u00fade e qualidade de vida\u201d, concluiu a secret\u00e1ria.<\/p>\n\n\n\n<p><strong>Ascom PMS<\/strong><\/p>\n","protected":false},"excerpt":{"rendered":"<p>A Secretaria de Sa\u00fade (SMS), atrav\u00e9s da Equipe de Sa\u00fade da Fam\u00edlia da Quadra 3, na vila S\u00e3o Francisco, encerrou as atividades do primeiro semestre de 2019 reunindo jovens e adultos para debater sobre as Infec\u00e7\u00f5es Sexualmente transmiss\u00edveis (ISTs), um problema de sa\u00fade p\u00fablica no mundo inteiro. Segundo dados do Minist\u00e9rio da Sa\u00fade, o n\u00famero de jovens portadores de&nbsp;ISTs, vem crescendo na \u00faltima d\u00e9cada. Os especialistas do MS alertam principalmente para o crescimento da S\u00edfilis, que por muitos anos foi ignorada, devido ao destaque dado a AIDS. A a\u00e7\u00e3o da Secretaria de Sa\u00fade refor\u00e7ou o alerta, principalmente entre os jovens, e contou com a participa\u00e7\u00e3o do medico de sa\u00fade da fam\u00edlia Franclen Rusvell e da enfermeira Maria Lucivania da Silva,&hellip; <\/p>\n","protected":false},"author":1,"featured_media":231734,"comment_status":"closed","ping_status":"closed","sticky":false,"template":"","format":"standard","meta":{"_acf_changed":false,"footnotes":""},"categories":[27,4],"tags":[],"class_list":["post-231732","post","type-post","status-publish","format-standard","has-post-thumbnail","hentry","category-cidades","category-saude"],"acf":[],"yoast_head":"<!-- This site is optimized with the Yoast SEO plugin v27.4 - https:\/\/yoast.com\/product\/yoast-seo-wordpress\/ -->\n<title>Sa\u00fade de Sobradinho realiza Roda de Conversa sobre Infec\u00e7\u00f5es Sexualmente transmiss\u00edveis (ISTs) com p\u00fablico jovem - Blog do Farn\u00e9sio<\/title>\n<meta name=\"robots\" content=\"index, follow, max-snippet:-1, max-image-preview:large, max-video-preview:-1\" \/>\n<link rel=\"canonical\" href=\"https:\/\/blogdofarnesio.com.br\/?p=231732\" \/>\n<meta property=\"og:locale\" content=\"pt_BR\" \/>\n<meta property=\"og:type\" content=\"article\" \/>\n<meta property=\"og:title\" content=\"Sa\u00fade de Sobradinho realiza Roda de Conversa sobre Infec\u00e7\u00f5es Sexualmente transmiss\u00edveis (ISTs) com p\u00fablico jovem - Blog do Farn\u00e9sio\" \/>\n<meta property=\"og:description\" content=\"A Secretaria de Sa\u00fade (SMS), atrav\u00e9s da Equipe de Sa\u00fade da Fam\u00edlia da Quadra 3, na vila S\u00e3o Francisco, encerrou as atividades do primeiro semestre de 2019 reunindo jovens e adultos para debater sobre as Infec\u00e7\u00f5es Sexualmente transmiss\u00edveis (ISTs), um problema de sa\u00fade p\u00fablica no mundo inteiro. Segundo dados do Minist\u00e9rio da Sa\u00fade, o n\u00famero de jovens portadores de&nbsp;ISTs, vem crescendo na \u00faltima d\u00e9cada. Os especialistas do MS alertam principalmente para o crescimento da S\u00edfilis, que por muitos anos foi ignorada, devido ao destaque dado a AIDS. A a\u00e7\u00e3o da Secretaria de Sa\u00fade refor\u00e7ou o alerta, principalmente entre os jovens, e contou com a participa\u00e7\u00e3o do medico de sa\u00fade da fam\u00edlia Franclen Rusvell e da enfermeira Maria Lucivania da Silva,&hellip;\" \/>\n<meta property=\"og:url\" content=\"https:\/\/blogdofarnesio.com.br\/?p=231732\" \/>\n<meta property=\"og:site_name\" content=\"Blog do Farn\u00e9sio\" \/>\n<meta property=\"article:publisher\" content=\"https:\/\/www.facebook.com\/BlogQuerSaberPolitica\/\" \/>\n<meta property=\"article:published_time\" content=\"2019-07-02T17:20:54+00:00\" \/>\n<meta property=\"og:image\" content=\"https:\/\/blogdofarnesio.com.br\/wp-content\/uploads\/2019\/07\/BLOGQSP-SOBRADINHO-REUNI\u00c3O-jovem.jpg\" \/>\n\t<meta property=\"og:image:width\" content=\"640\" \/>\n\t<meta property=\"og:image:height\" content=\"427\" \/>\n\t<meta property=\"og:image:type\" content=\"image\/jpeg\" \/>\n<meta name=\"author\" content=\"Farn\u00e9sio\" \/>\n<meta name=\"twitter:card\" content=\"summary_large_image\" \/>\n<meta name=\"twitter:label1\" content=\"Escrito por\" \/>\n\t<meta name=\"twitter:data1\" content=\"Farn\u00e9sio\" \/>\n\t<meta name=\"twitter:label2\" content=\"Est. tempo de leitura\" \/>\n\t<meta name=\"twitter:data2\" content=\"2 minutos\" \/>\n<script type=\"application\/ld+json\" class=\"yoast-schema-graph\">{\"@context\":\"https:\\\/\\\/schema.org\",\"@graph\":[{\"@type\":\"Article\",\"@id\":\"https:\\\/\\\/blogdofarnesio.com.br\\\/?p=231732#article\",\"isPartOf\":{\"@id\":\"https:\\\/\\\/blogdofarnesio.com.br\\\/?p=231732\"},\"author\":{\"name\":\"Farn\u00e9sio\",\"@id\":\"https:\\\/\\\/blogdofarnesio.com.br\\\/#\\\/schema\\\/person\\\/301c4acf522bccbfdb45af95b5b906a1\"},\"headline\":\"Sa\u00fade de Sobradinho realiza Roda de Conversa sobre Infec\u00e7\u00f5es Sexualmente transmiss\u00edveis (ISTs) com p\u00fablico jovem\",\"datePublished\":\"2019-07-02T17:20:54+00:00\",\"mainEntityOfPage\":{\"@id\":\"https:\\\/\\\/blogdofarnesio.com.br\\\/?p=231732\"},\"wordCount\":365,\"publisher\":{\"@id\":\"https:\\\/\\\/blogdofarnesio.com.br\\\/#organization\"},\"image\":{\"@id\":\"https:\\\/\\\/blogdofarnesio.com.br\\\/?p=231732#primaryimage\"},\"thumbnailUrl\":\"https:\\\/\\\/blogdofarnesio.com.br\\\/wp-content\\\/uploads\\\/2019\\\/07\\\/BLOGQSP-SOBRADINHO-REUNI\u00c3O-jovem.jpg\",\"articleSection\":[\"Cidades\",\"Sa\u00fade\"],\"inLanguage\":\"pt-BR\"},{\"@type\":\"WebPage\",\"@id\":\"https:\\\/\\\/blogdofarnesio.com.br\\\/?p=231732\",\"url\":\"https:\\\/\\\/blogdofarnesio.com.br\\\/?p=231732\",\"name\":\"Sa\u00fade de Sobradinho realiza Roda de Conversa sobre Infec\u00e7\u00f5es Sexualmente transmiss\u00edveis (ISTs) com p\u00fablico jovem - Blog do Farn\u00e9sio\",\"isPartOf\":{\"@id\":\"https:\\\/\\\/blogdofarnesio.com.br\\\/#website\"},\"primaryImageOfPage\":{\"@id\":\"https:\\\/\\\/blogdofarnesio.com.br\\\/?p=231732#primaryimage\"},\"image\":{\"@id\":\"https:\\\/\\\/blogdofarnesio.com.br\\\/?p=231732#primaryimage\"},\"thumbnailUrl\":\"https:\\\/\\\/blogdofarnesio.com.br\\\/wp-content\\\/uploads\\\/2019\\\/07\\\/BLOGQSP-SOBRADINHO-REUNI\u00c3O-jovem.jpg\",\"datePublished\":\"2019-07-02T17:20:54+00:00\",\"breadcrumb\":{\"@id\":\"https:\\\/\\\/blogdofarnesio.com.br\\\/?p=231732#breadcrumb\"},\"inLanguage\":\"pt-BR\",\"potentialAction\":[{\"@type\":\"ReadAction\",\"target\":[\"https:\\\/\\\/blogdofarnesio.com.br\\\/?p=231732\"]}]},{\"@type\":\"ImageObject\",\"inLanguage\":\"pt-BR\",\"@id\":\"https:\\\/\\\/blogdofarnesio.com.br\\\/?p=231732#primaryimage\",\"url\":\"https:\\\/\\\/blogdofarnesio.com.br\\\/wp-content\\\/uploads\\\/2019\\\/07\\\/BLOGQSP-SOBRADINHO-REUNI\u00c3O-jovem.jpg\",\"contentUrl\":\"https:\\\/\\\/blogdofarnesio.com.br\\\/wp-content\\\/uploads\\\/2019\\\/07\\\/BLOGQSP-SOBRADINHO-REUNI\u00c3O-jovem.jpg\",\"width\":640,\"height\":427},{\"@type\":\"BreadcrumbList\",\"@id\":\"https:\\\/\\\/blogdofarnesio.com.br\\\/?p=231732#breadcrumb\",\"itemListElement\":[{\"@type\":\"ListItem\",\"position\":1,\"name\":\"In\u00edcio\",\"item\":\"https:\\\/\\\/blogdofarnesio.com.br\\\/\"},{\"@type\":\"ListItem\",\"position\":2,\"name\":\"Sa\u00fade de Sobradinho realiza Roda de Conversa sobre Infec\u00e7\u00f5es Sexualmente transmiss\u00edveis (ISTs) com p\u00fablico jovem\"}]},{\"@type\":\"WebSite\",\"@id\":\"https:\\\/\\\/blogdofarnesio.com.br\\\/#website\",\"url\":\"https:\\\/\\\/blogdofarnesio.com.br\\\/\",\"name\":\"Blog do Farn\u00e9sio\",\"description\":\"Quer Saber Pol\u00edtica?\",\"publisher\":{\"@id\":\"https:\\\/\\\/blogdofarnesio.com.br\\\/#organization\"},\"potentialAction\":[{\"@type\":\"SearchAction\",\"target\":{\"@type\":\"EntryPoint\",\"urlTemplate\":\"https:\\\/\\\/blogdofarnesio.com.br\\\/?s={search_term_string}\"},\"query-input\":{\"@type\":\"PropertyValueSpecification\",\"valueRequired\":true,\"valueName\":\"search_term_string\"}}],\"inLanguage\":\"pt-BR\"},{\"@type\":\"Organization\",\"@id\":\"https:\\\/\\\/blogdofarnesio.com.br\\\/#organization\",\"name\":\"Blog do Farn\u00e9sio\",\"url\":\"https:\\\/\\\/blogdofarnesio.com.br\\\/\",\"logo\":{\"@type\":\"ImageObject\",\"inLanguage\":\"pt-BR\",\"@id\":\"https:\\\/\\\/blogdofarnesio.com.br\\\/#\\\/schema\\\/logo\\\/image\\\/\",\"url\":\"https:\\\/\\\/blogdofarnesio.com.br\\\/wp-content\\\/uploads\\\/2026\\\/03\\\/cropped-logo_new-1.png\",\"contentUrl\":\"https:\\\/\\\/blogdofarnesio.com.br\\\/wp-content\\\/uploads\\\/2026\\\/03\\\/cropped-logo_new-1.png\",\"width\":881,\"height\":685,\"caption\":\"Blog do Farn\u00e9sio\"},\"image\":{\"@id\":\"https:\\\/\\\/blogdofarnesio.com.br\\\/#\\\/schema\\\/logo\\\/image\\\/\"},\"sameAs\":[\"https:\\\/\\\/www.facebook.com\\\/BlogQuerSaberPolitica\\\/\"]},{\"@type\":\"Person\",\"@id\":\"https:\\\/\\\/blogdofarnesio.com.br\\\/#\\\/schema\\\/person\\\/301c4acf522bccbfdb45af95b5b906a1\",\"name\":\"Farn\u00e9sio\",\"image\":{\"@type\":\"ImageObject\",\"inLanguage\":\"pt-BR\",\"@id\":\"https:\\\/\\\/secure.gravatar.com\\\/avatar\\\/df0c9a14567c056f8ad6876ba5bbd1e3e2c48023eb6807342fc4663adf549f38?s=96&d=mm&r=g\",\"url\":\"https:\\\/\\\/secure.gravatar.com\\\/avatar\\\/df0c9a14567c056f8ad6876ba5bbd1e3e2c48023eb6807342fc4663adf549f38?s=96&d=mm&r=g\",\"contentUrl\":\"https:\\\/\\\/secure.gravatar.com\\\/avatar\\\/df0c9a14567c056f8ad6876ba5bbd1e3e2c48023eb6807342fc4663adf549f38?s=96&d=mm&r=g\",\"caption\":\"Farn\u00e9sio\"},\"sameAs\":[\"https:\\\/\\\/quersaberpolitica.com.br\"],\"url\":\"https:\\\/\\\/blogdofarnesio.com.br\\\/?author=1\"}]}<\/script>\n<!-- \/ Yoast SEO plugin. -->","yoast_head_json":{"title":"Sa\u00fade de Sobradinho realiza Roda de Conversa sobre Infec\u00e7\u00f5es Sexualmente transmiss\u00edveis (ISTs) com p\u00fablico jovem - Blog do Farn\u00e9sio","robots":{"index":"index","follow":"follow","max-snippet":"max-snippet:-1","max-image-preview":"max-image-preview:large","max-video-preview":"max-video-preview:-1"},"canonical":"https:\/\/blogdofarnesio.com.br\/?p=231732","og_locale":"pt_BR","og_type":"article","og_title":"Sa\u00fade de Sobradinho realiza Roda de Conversa sobre Infec\u00e7\u00f5es Sexualmente transmiss\u00edveis (ISTs) com p\u00fablico jovem - Blog do Farn\u00e9sio","og_description":"A Secretaria de Sa\u00fade (SMS), atrav\u00e9s da Equipe de Sa\u00fade da Fam\u00edlia da Quadra 3, na vila S\u00e3o Francisco, encerrou as atividades do primeiro semestre de 2019 reunindo jovens e adultos para debater sobre as Infec\u00e7\u00f5es Sexualmente transmiss\u00edveis (ISTs), um problema de sa\u00fade p\u00fablica no mundo inteiro. Segundo dados do Minist\u00e9rio da Sa\u00fade, o n\u00famero de jovens portadores de&nbsp;ISTs, vem crescendo na \u00faltima d\u00e9cada. Os especialistas do MS alertam principalmente para o crescimento da S\u00edfilis, que por muitos anos foi ignorada, devido ao destaque dado a AIDS. A a\u00e7\u00e3o da Secretaria de Sa\u00fade refor\u00e7ou o alerta, principalmente entre os jovens, e contou com a participa\u00e7\u00e3o do medico de sa\u00fade da fam\u00edlia Franclen Rusvell e da enfermeira Maria Lucivania da Silva,&hellip;","og_url":"https:\/\/blogdofarnesio.com.br\/?p=231732","og_site_name":"Blog do Farn\u00e9sio","article_publisher":"https:\/\/www.facebook.com\/BlogQuerSaberPolitica\/","article_published_time":"2019-07-02T17:20:54+00:00","og_image":[{"width":640,"height":427,"url":"https:\/\/blogdofarnesio.com.br\/wp-content\/uploads\/2019\/07\/BLOGQSP-SOBRADINHO-REUNI\u00c3O-jovem.jpg","type":"image\/jpeg"}],"author":"Farn\u00e9sio","twitter_card":"summary_large_image","twitter_misc":{"Escrito por":"Farn\u00e9sio","Est. tempo de leitura":"2 minutos"},"schema":{"@context":"https:\/\/schema.org","@graph":[{"@type":"Article","@id":"https:\/\/blogdofarnesio.com.br\/?p=231732#article","isPartOf":{"@id":"https:\/\/blogdofarnesio.com.br\/?p=231732"},"author":{"name":"Farn\u00e9sio","@id":"https:\/\/blogdofarnesio.com.br\/#\/schema\/person\/301c4acf522bccbfdb45af95b5b906a1"},"headline":"Sa\u00fade de Sobradinho realiza Roda de Conversa sobre Infec\u00e7\u00f5es Sexualmente transmiss\u00edveis (ISTs) com p\u00fablico jovem","datePublished":"2019-07-02T17:20:54+00:00","mainEntityOfPage":{"@id":"https:\/\/blogdofarnesio.com.br\/?p=231732"},"wordCount":365,"publisher":{"@id":"https:\/\/blogdofarnesio.com.br\/#organization"},"image":{"@id":"https:\/\/blogdofarnesio.com.br\/?p=231732#primaryimage"},"thumbnailUrl":"https:\/\/blogdofarnesio.com.br\/wp-content\/uploads\/2019\/07\/BLOGQSP-SOBRADINHO-REUNI\u00c3O-jovem.jpg","articleSection":["Cidades","Sa\u00fade"],"inLanguage":"pt-BR"},{"@type":"WebPage","@id":"https:\/\/blogdofarnesio.com.br\/?p=231732","url":"https:\/\/blogdofarnesio.com.br\/?p=231732","name":"Sa\u00fade de Sobradinho realiza Roda de Conversa sobre Infec\u00e7\u00f5es Sexualmente transmiss\u00edveis (ISTs) com p\u00fablico jovem - Blog do Farn\u00e9sio","isPartOf":{"@id":"https:\/\/blogdofarnesio.com.br\/#website"},"primaryImageOfPage":{"@id":"https:\/\/blogdofarnesio.com.br\/?p=231732#primaryimage"},"image":{"@id":"https:\/\/blogdofarnesio.com.br\/?p=231732#primaryimage"},"thumbnailUrl":"https:\/\/blogdofarnesio.com.br\/wp-content\/uploads\/2019\/07\/BLOGQSP-SOBRADINHO-REUNI\u00c3O-jovem.jpg","datePublished":"2019-07-02T17:20:54+00:00","breadcrumb":{"@id":"https:\/\/blogdofarnesio.com.br\/?p=231732#breadcrumb"},"inLanguage":"pt-BR","potentialAction":[{"@type":"ReadAction","target":["https:\/\/blogdofarnesio.com.br\/?p=231732"]}]},{"@type":"ImageObject","inLanguage":"pt-BR","@id":"https:\/\/blogdofarnesio.com.br\/?p=231732#primaryimage","url":"https:\/\/blogdofarnesio.com.br\/wp-content\/uploads\/2019\/07\/BLOGQSP-SOBRADINHO-REUNI\u00c3O-jovem.jpg","contentUrl":"https:\/\/blogdofarnesio.com.br\/wp-content\/uploads\/2019\/07\/BLOGQSP-SOBRADINHO-REUNI\u00c3O-jovem.jpg","width":640,"height":427},{"@type":"BreadcrumbList","@id":"https:\/\/blogdofarnesio.com.br\/?p=231732#breadcrumb","itemListElement":[{"@type":"ListItem","position":1,"name":"In\u00edcio","item":"https:\/\/blogdofarnesio.com.br\/"},{"@type":"ListItem","position":2,"name":"Sa\u00fade de Sobradinho realiza Roda de Conversa sobre Infec\u00e7\u00f5es Sexualmente transmiss\u00edveis (ISTs) com p\u00fablico jovem"}]},{"@type":"WebSite","@id":"https:\/\/blogdofarnesio.com.br\/#website","url":"https:\/\/blogdofarnesio.com.br\/","name":"Blog do Farn\u00e9sio","description":"Quer Saber Pol\u00edtica?","publisher":{"@id":"https:\/\/blogdofarnesio.com.br\/#organization"},"potentialAction":[{"@type":"SearchAction","target":{"@type":"EntryPoint","urlTemplate":"https:\/\/blogdofarnesio.com.br\/?s={search_term_string}"},"query-input":{"@type":"PropertyValueSpecification","valueRequired":true,"valueName":"search_term_string"}}],"inLanguage":"pt-BR"},{"@type":"Organization","@id":"https:\/\/blogdofarnesio.com.br\/#organization","name":"Blog do Farn\u00e9sio","url":"https:\/\/blogdofarnesio.com.br\/","logo":{"@type":"ImageObject","inLanguage":"pt-BR","@id":"https:\/\/blogdofarnesio.com.br\/#\/schema\/logo\/image\/","url":"https:\/\/blogdofarnesio.com.br\/wp-content\/uploads\/2026\/03\/cropped-logo_new-1.png","contentUrl":"https:\/\/blogdofarnesio.com.br\/wp-content\/uploads\/2026\/03\/cropped-logo_new-1.png","width":881,"height":685,"caption":"Blog do Farn\u00e9sio"},"image":{"@id":"https:\/\/blogdofarnesio.com.br\/#\/schema\/logo\/image\/"},"sameAs":["https:\/\/www.facebook.com\/BlogQuerSaberPolitica\/"]},{"@type":"Person","@id":"https:\/\/blogdofarnesio.com.br\/#\/schema\/person\/301c4acf522bccbfdb45af95b5b906a1","name":"Farn\u00e9sio","image":{"@type":"ImageObject","inLanguage":"pt-BR","@id":"https:\/\/secure.gravatar.com\/avatar\/df0c9a14567c056f8ad6876ba5bbd1e3e2c48023eb6807342fc4663adf549f38?s=96&d=mm&r=g","url":"https:\/\/secure.gravatar.com\/avatar\/df0c9a14567c056f8ad6876ba5bbd1e3e2c48023eb6807342fc4663adf549f38?s=96&d=mm&r=g","contentUrl":"https:\/\/secure.gravatar.com\/avatar\/df0c9a14567c056f8ad6876ba5bbd1e3e2c48023eb6807342fc4663adf549f38?s=96&d=mm&r=g","caption":"Farn\u00e9sio"},"sameAs":["https:\/\/quersaberpolitica.com.br"],"url":"https:\/\/blogdofarnesio.com.br\/?author=1"}]}},"_links":{"self":[{"href":"https:\/\/blogdofarnesio.com.br\/index.php?rest_route=\/wp\/v2\/posts\/231732","targetHints":{"allow":["GET"]}}],"collection":[{"href":"https:\/\/blogdofarnesio.com.br\/index.php?rest_route=\/wp\/v2\/posts"}],"about":[{"href":"https:\/\/blogdofarnesio.com.br\/index.php?rest_route=\/wp\/v2\/types\/post"}],"author":[{"embeddable":true,"href":"https:\/\/blogdofarnesio.com.br\/index.php?rest_route=\/wp\/v2\/users\/1"}],"replies":[{"embeddable":true,"href":"https:\/\/blogdofarnesio.com.br\/index.php?rest_route=%2Fwp%2Fv2%2Fcomments&post=231732"}],"version-history":[{"count":0,"href":"https:\/\/blogdofarnesio.com.br\/index.php?rest_route=\/wp\/v2\/posts\/231732\/revisions"}],"wp:featuredmedia":[{"embeddable":true,"href":"https:\/\/blogdofarnesio.com.br\/index.php?rest_route=\/wp\/v2\/media\/231734"}],"wp:attachment":[{"href":"https:\/\/blogdofarnesio.com.br\/index.php?rest_route=%2Fwp%2Fv2%2Fmedia&parent=231732"}],"wp:term":[{"taxonomy":"category","embeddable":true,"href":"https:\/\/blogdofarnesio.com.br\/index.php?rest_route=%2Fwp%2Fv2%2Fcategories&post=231732"},{"taxonomy":"post_tag","embeddable":true,"href":"https:\/\/blogdofarnesio.com.br\/index.php?rest_route=%2Fwp%2Fv2%2Ftags&post=231732"}],"curies":[{"name":"wp","href":"https:\/\/api.w.org\/{rel}","templated":true}]}}