{"id":231168,"date":"2019-06-23T15:00:51","date_gmt":"2019-06-23T18:00:51","guid":{"rendered":"http:\/\/quersaberpolitica.com.br\/2016\/?p=231168"},"modified":"2019-06-23T10:21:38","modified_gmt":"2019-06-23T13:21:38","slug":"em-vez-dos-militares","status":"publish","type":"post","link":"https:\/\/blogdofarnesio.com.br\/?p=231168","title":{"rendered":"Em vez dos militares"},"content":{"rendered":"\n<p><strong>J\u00e2nio de Freitas &#8211; Folha de S,Paulo &#8211;<\/strong><\/p>\n\n\n\n<p>Ainda sem saber o que liga o Ex\u00e9rcito ao bolsonarismo, estamos sob um teste novo do nosso futuro democr\u00e1tico e das perspetivas do pa\u00eds. As&nbsp;<a href=\"https:\/\/www1.folha.uol.com.br\/poder\/2019\/06\/conselho-de-justica-ja-arquivou-34-dos-55-processos-instaurados-contra-moro.shtml\">consequ\u00eancias que o Poder Judici\u00e1rio<\/a>&nbsp;der \u00e0s&nbsp;<a href=\"https:\/\/www1.folha.uol.com.br\/poder\/2019\/06\/foi-descuido-meu-diz-moro-sobre-mensagem-a-lava-jato-com-pistas-contra-lula.shtml\">transgress\u00f5es de&nbsp;Sergio Moro<\/a>&nbsp;v\u00e3o indicar a determina\u00e7\u00e3o de sustentar o Estado de Direito ou a capitula\u00e7\u00e3o a um vale tudo irremedi\u00e1vel, escancarando o pa\u00eds, ainda mais, ao que nele haja de pior.<\/p>\n\n\n\n<p>J\u00e1 era tempo de se vislumbrarem alguns sinais nos n\u00edveis de responsabilidade legal e moral na aplica\u00e7\u00e3o de Justi\u00e7a e dos direitos civis. Ali n\u00e3o se ouve, n\u00e3o se v\u00ea, n\u00e3o se fala e, sobretudo, n\u00e3o se age a respeito da conduta de Moro na Lava Jato.<\/p>\n\n\n\n<p>N\u00e3o fugiu a esse imobilismo o requerido \u00e0 Pol\u00edcia Federal pela procuradora-geral Raquel Dodge: a investiga\u00e7\u00e3o pedida \u00e9 sobre a obten\u00e7\u00e3o das grava\u00e7\u00f5es e sua divulga\u00e7\u00e3o. Os alvos verdadeiros s\u00e3o o jornalista Glenn Greenwald e o site The Intercept Brasil.<\/p>\n\n\n\n<p>A Pol\u00edcia Federal \u00e9 um departamento sob controle de&nbsp;<a href=\"https:\/\/www1.folha.uol.com.br\/poder\/2019\/06\/nao-tenho-apego-ao-cargo-se-houver-irregularidade-saio-diz-moro-no-senado.shtml\">Moro no Minist\u00e9rio da Justi\u00e7a<\/a>&nbsp;(nome cada vez mais impr\u00f3prio). A primeira nomea\u00e7\u00e3o de peso desse novo ministro, na PF, foi para a se\u00e7\u00e3o do Crime Organizado. At\u00e9 poderia vir a calhar.<\/p>\n\n\n\n<p>N\u00e3o bastando, por\u00e9m, que o principal interessado seja o pr\u00f3prio ministro, seu nomeado foi um dos delegados da Lava Jato que fizeram propaganda, pela internet, para A\u00e9cio Neves na campanha de 2014. Pretendente a novo mandado,&nbsp;<a href=\"https:\/\/www1.folha.uol.com.br\/poder\/2019\/06\/dodge-questiona-vazamento-de-mensagens-e-se-manifesta-contra-lula-no-supremo.shtml\">Raquel<\/a><a href=\"https:\/\/www1.folha.uol.com.br\/poder\/2019\/06\/dodge-questiona-vazamento-de-mensagens-e-se-manifesta-contra-lula-no-supremo.shtml\">Dodge<\/a>&nbsp;deixa bem claro o limite de sua iniciativa quando, em relat\u00f3rio ao Supremo, opina contra habeas corpus para Lula.<\/p>\n\n\n\n<p>N\u00e3o se ocupa da quest\u00e3o Lula, propriamente, mas do interc\u00e2mbio de&nbsp;<a href=\"https:\/\/www1.folha.uol.com.br\/poder\/2019\/06\/conversas-sobre-odebrecht-sugerem-que-moro-e-deltan-ignoraram-limites-da-lei.shtml\">transgress\u00f5es de Moro e&nbsp;<\/a><a href=\"https:\/\/www1.folha.uol.com.br\/poder\/2019\/06\/conversas-sobre-odebrecht-sugerem-que-moro-e-deltan-ignoraram-limites-da-lei.shtml\">Dallagnol<\/a>. Tem \u201cmanifesta preocupa\u00e7\u00e3o com a circunst\u00e2ncia\u201d de que as mensagens \u201ctenham sido obtidas de maneira criminosa\u201d. D\u00e1 essa \u201ccircunst\u00e2ncia\u201d como decisiva, mas vai al\u00e9m.<\/p>\n\n\n\n<p>Considera que \u201ca autenticidade n\u00e3o foi analisada e muito menos confirmada\u201d, logo, as grava\u00e7\u00f5es n\u00e3o t\u00eam validade processual. Mas, nesse caso, a afirma\u00e7\u00e3o de \u201cmaneira criminosa\u201d de obt\u00ea-las tamb\u00e9m n\u00e3o \u00e9 v\u00e1lida: \u201cn\u00e3o foi analisada e muito menos confirmada\u201d. E quem informou que a obten\u00e7\u00e3o foi criminosa? Ou o que, mais do que admiss\u00edvel probabilidade, prova essa \u201ccircunst\u00e2ncia\u201d?<\/p>\n\n\n\n<p>A autenticidade das vozes e dos di\u00e1logos de Moro e Dallagnol, no entanto,&nbsp;<a href=\"https:\/\/www1.folha.uol.com.br\/poder\/2019\/06\/lava-jato-e-moro-mudam-tom-e-destacam-chance-de-mensagens-falsificadas.shtml\">foi reconhecida por ambos<\/a>. De imediato. Bastou-lhes ouvi-los, para que sa\u00edssem s\u00f3 pela tangente, \u201cn\u00e3o tem nada de mais\u201d, \u201cisso \u00e9 normal\u201d, \u201c<a href=\"https:\/\/www1.folha.uol.com.br\/poder\/2019\/06\/moro-nega-anormalidade-ou-direcionamento-em-troca-de-mensagens-com-dallagnol.shtml\">n\u00e3o houve ilegalidade<\/a>\u201d. Nenhum dos dois negou serem sua voz e suas palavras nem negou o di\u00e1logo. Haveria, portanto, muito mais a ser pedido por Raquel Dodge. Mesmo na ex\u00f3tica situa\u00e7\u00e3o de faz\u00ea-lo ao gravado Moro.<\/p>\n\n\n\n<p>N\u00e3o h\u00e1 como ter d\u00favida honesta sobre a autenticidade das grava\u00e7\u00f5es. Al\u00e9m disso, o site The Intercept, sua se\u00e7\u00e3o Brasil e Greenwald fazem jornalismo s\u00e9rio. D\u00favida e honestidade de prop\u00f3sitos e m\u00e9todos voltam-se para os setores que v\u00e3o dar, ou negar, as consequ\u00eancias apropriadas ao embuste praticado em nome da Lava Jato.<\/p>\n\n\n\n<p>O verdadeiro combate \u00e0 corrup\u00e7\u00e3o s\u00f3 pode ser feito por gente honesta, a Lava Jato n\u00e3o precisa das outras. Nem a popula\u00e7\u00e3o precisa de mais gente a engan\u00e1-la e explor\u00e1-la.<\/p>\n\n\n\n<p>Este \u00e9 um momento de decis\u00f5es graves \u2014o que \u00e9 sempre perigoso no Brasil.<\/p>\n","protected":false},"excerpt":{"rendered":"<p>J\u00e2nio de Freitas &#8211; Folha de S,Paulo &#8211; Ainda sem saber o que liga o Ex\u00e9rcito ao bolsonarismo, estamos sob um teste novo do nosso futuro democr\u00e1tico e das perspetivas do pa\u00eds. As&nbsp;consequ\u00eancias que o Poder Judici\u00e1rio&nbsp;der \u00e0s&nbsp;transgress\u00f5es de&nbsp;Sergio Moro&nbsp;v\u00e3o indicar a determina\u00e7\u00e3o de sustentar o Estado de Direito ou a capitula\u00e7\u00e3o a um vale tudo irremedi\u00e1vel, escancarando o pa\u00eds, ainda mais, ao que nele haja de pior. J\u00e1 era tempo de se vislumbrarem alguns sinais nos n\u00edveis de responsabilidade legal e moral na aplica\u00e7\u00e3o de Justi\u00e7a e dos direitos civis. Ali n\u00e3o se ouve, n\u00e3o se v\u00ea, n\u00e3o se fala e, sobretudo, n\u00e3o se age a respeito da conduta de Moro na Lava Jato. N\u00e3o fugiu a esse imobilismo&hellip; <\/p>\n","protected":false},"author":1,"featured_media":204775,"comment_status":"closed","ping_status":"closed","sticky":false,"template":"","format":"standard","meta":{"_acf_changed":false,"footnotes":""},"categories":[30],"tags":[],"class_list":["post-231168","post","type-post","status-publish","format-standard","has-post-thumbnail","hentry","category-artigo"],"acf":[],"yoast_head":"<!-- This site is optimized with the Yoast SEO plugin v27.4 - https:\/\/yoast.com\/product\/yoast-seo-wordpress\/ -->\n<title>Em vez dos militares - Blog do Farn\u00e9sio<\/title>\n<meta name=\"robots\" content=\"index, follow, max-snippet:-1, max-image-preview:large, max-video-preview:-1\" \/>\n<link rel=\"canonical\" href=\"https:\/\/blogdofarnesio.com.br\/?p=231168\" \/>\n<meta property=\"og:locale\" content=\"pt_BR\" \/>\n<meta property=\"og:type\" content=\"article\" \/>\n<meta property=\"og:title\" content=\"Em vez dos militares - Blog do Farn\u00e9sio\" \/>\n<meta property=\"og:description\" content=\"J\u00e2nio de Freitas &#8211; Folha de S,Paulo &#8211; Ainda sem saber o que liga o Ex\u00e9rcito ao bolsonarismo, estamos sob um teste novo do nosso futuro democr\u00e1tico e das perspetivas do pa\u00eds. As&nbsp;consequ\u00eancias que o Poder Judici\u00e1rio&nbsp;der \u00e0s&nbsp;transgress\u00f5es de&nbsp;Sergio Moro&nbsp;v\u00e3o indicar a determina\u00e7\u00e3o de sustentar o Estado de Direito ou a capitula\u00e7\u00e3o a um vale tudo irremedi\u00e1vel, escancarando o pa\u00eds, ainda mais, ao que nele haja de pior. J\u00e1 era tempo de se vislumbrarem alguns sinais nos n\u00edveis de responsabilidade legal e moral na aplica\u00e7\u00e3o de Justi\u00e7a e dos direitos civis. Ali n\u00e3o se ouve, n\u00e3o se v\u00ea, n\u00e3o se fala e, sobretudo, n\u00e3o se age a respeito da conduta de Moro na Lava Jato. N\u00e3o fugiu a esse imobilismo&hellip;\" \/>\n<meta property=\"og:url\" content=\"https:\/\/blogdofarnesio.com.br\/?p=231168\" \/>\n<meta property=\"og:site_name\" content=\"Blog do Farn\u00e9sio\" \/>\n<meta property=\"article:publisher\" content=\"https:\/\/www.facebook.com\/BlogQuerSaberPolitica\/\" \/>\n<meta property=\"article:published_time\" content=\"2019-06-23T18:00:51+00:00\" \/>\n<meta property=\"og:image\" content=\"https:\/\/blogdofarnesio.com.br\/wp-content\/uploads\/2018\/07\/blogqsp-exercito.jpg\" \/>\n\t<meta property=\"og:image:width\" content=\"380\" \/>\n\t<meta property=\"og:image:height\" content=\"280\" \/>\n\t<meta property=\"og:image:type\" content=\"image\/jpeg\" \/>\n<meta name=\"author\" content=\"Farn\u00e9sio\" \/>\n<meta name=\"twitter:card\" content=\"summary_large_image\" \/>\n<meta name=\"twitter:label1\" content=\"Escrito por\" \/>\n\t<meta name=\"twitter:data1\" content=\"Farn\u00e9sio\" \/>\n\t<meta name=\"twitter:label2\" content=\"Est. tempo de leitura\" \/>\n\t<meta name=\"twitter:data2\" content=\"3 minutos\" \/>\n<script type=\"application\/ld+json\" class=\"yoast-schema-graph\">{\"@context\":\"https:\\\/\\\/schema.org\",\"@graph\":[{\"@type\":\"Article\",\"@id\":\"https:\\\/\\\/blogdofarnesio.com.br\\\/?p=231168#article\",\"isPartOf\":{\"@id\":\"https:\\\/\\\/blogdofarnesio.com.br\\\/?p=231168\"},\"author\":{\"name\":\"Farn\u00e9sio\",\"@id\":\"https:\\\/\\\/blogdofarnesio.com.br\\\/#\\\/schema\\\/person\\\/301c4acf522bccbfdb45af95b5b906a1\"},\"headline\":\"Em vez dos militares\",\"datePublished\":\"2019-06-23T18:00:51+00:00\",\"mainEntityOfPage\":{\"@id\":\"https:\\\/\\\/blogdofarnesio.com.br\\\/?p=231168\"},\"wordCount\":614,\"publisher\":{\"@id\":\"https:\\\/\\\/blogdofarnesio.com.br\\\/#organization\"},\"image\":{\"@id\":\"https:\\\/\\\/blogdofarnesio.com.br\\\/?p=231168#primaryimage\"},\"thumbnailUrl\":\"https:\\\/\\\/blogdofarnesio.com.br\\\/wp-content\\\/uploads\\\/2018\\\/07\\\/blogqsp-exercito.jpg\",\"articleSection\":[\"Artigo\"],\"inLanguage\":\"pt-BR\"},{\"@type\":\"WebPage\",\"@id\":\"https:\\\/\\\/blogdofarnesio.com.br\\\/?p=231168\",\"url\":\"https:\\\/\\\/blogdofarnesio.com.br\\\/?p=231168\",\"name\":\"Em vez dos militares - Blog do Farn\u00e9sio\",\"isPartOf\":{\"@id\":\"https:\\\/\\\/blogdofarnesio.com.br\\\/#website\"},\"primaryImageOfPage\":{\"@id\":\"https:\\\/\\\/blogdofarnesio.com.br\\\/?p=231168#primaryimage\"},\"image\":{\"@id\":\"https:\\\/\\\/blogdofarnesio.com.br\\\/?p=231168#primaryimage\"},\"thumbnailUrl\":\"https:\\\/\\\/blogdofarnesio.com.br\\\/wp-content\\\/uploads\\\/2018\\\/07\\\/blogqsp-exercito.jpg\",\"datePublished\":\"2019-06-23T18:00:51+00:00\",\"breadcrumb\":{\"@id\":\"https:\\\/\\\/blogdofarnesio.com.br\\\/?p=231168#breadcrumb\"},\"inLanguage\":\"pt-BR\",\"potentialAction\":[{\"@type\":\"ReadAction\",\"target\":[\"https:\\\/\\\/blogdofarnesio.com.br\\\/?p=231168\"]}]},{\"@type\":\"ImageObject\",\"inLanguage\":\"pt-BR\",\"@id\":\"https:\\\/\\\/blogdofarnesio.com.br\\\/?p=231168#primaryimage\",\"url\":\"https:\\\/\\\/blogdofarnesio.com.br\\\/wp-content\\\/uploads\\\/2018\\\/07\\\/blogqsp-exercito.jpg\",\"contentUrl\":\"https:\\\/\\\/blogdofarnesio.com.br\\\/wp-content\\\/uploads\\\/2018\\\/07\\\/blogqsp-exercito.jpg\",\"width\":380,\"height\":280},{\"@type\":\"BreadcrumbList\",\"@id\":\"https:\\\/\\\/blogdofarnesio.com.br\\\/?p=231168#breadcrumb\",\"itemListElement\":[{\"@type\":\"ListItem\",\"position\":1,\"name\":\"In\u00edcio\",\"item\":\"https:\\\/\\\/blogdofarnesio.com.br\\\/\"},{\"@type\":\"ListItem\",\"position\":2,\"name\":\"Em vez dos militares\"}]},{\"@type\":\"WebSite\",\"@id\":\"https:\\\/\\\/blogdofarnesio.com.br\\\/#website\",\"url\":\"https:\\\/\\\/blogdofarnesio.com.br\\\/\",\"name\":\"Blog do Farn\u00e9sio\",\"description\":\"Quer Saber Pol\u00edtica?\",\"publisher\":{\"@id\":\"https:\\\/\\\/blogdofarnesio.com.br\\\/#organization\"},\"potentialAction\":[{\"@type\":\"SearchAction\",\"target\":{\"@type\":\"EntryPoint\",\"urlTemplate\":\"https:\\\/\\\/blogdofarnesio.com.br\\\/?s={search_term_string}\"},\"query-input\":{\"@type\":\"PropertyValueSpecification\",\"valueRequired\":true,\"valueName\":\"search_term_string\"}}],\"inLanguage\":\"pt-BR\"},{\"@type\":\"Organization\",\"@id\":\"https:\\\/\\\/blogdofarnesio.com.br\\\/#organization\",\"name\":\"Blog do Farn\u00e9sio\",\"url\":\"https:\\\/\\\/blogdofarnesio.com.br\\\/\",\"logo\":{\"@type\":\"ImageObject\",\"inLanguage\":\"pt-BR\",\"@id\":\"https:\\\/\\\/blogdofarnesio.com.br\\\/#\\\/schema\\\/logo\\\/image\\\/\",\"url\":\"https:\\\/\\\/blogdofarnesio.com.br\\\/wp-content\\\/uploads\\\/2026\\\/03\\\/cropped-logo_new-1.png\",\"contentUrl\":\"https:\\\/\\\/blogdofarnesio.com.br\\\/wp-content\\\/uploads\\\/2026\\\/03\\\/cropped-logo_new-1.png\",\"width\":881,\"height\":685,\"caption\":\"Blog do Farn\u00e9sio\"},\"image\":{\"@id\":\"https:\\\/\\\/blogdofarnesio.com.br\\\/#\\\/schema\\\/logo\\\/image\\\/\"},\"sameAs\":[\"https:\\\/\\\/www.facebook.com\\\/BlogQuerSaberPolitica\\\/\"]},{\"@type\":\"Person\",\"@id\":\"https:\\\/\\\/blogdofarnesio.com.br\\\/#\\\/schema\\\/person\\\/301c4acf522bccbfdb45af95b5b906a1\",\"name\":\"Farn\u00e9sio\",\"image\":{\"@type\":\"ImageObject\",\"inLanguage\":\"pt-BR\",\"@id\":\"https:\\\/\\\/secure.gravatar.com\\\/avatar\\\/df0c9a14567c056f8ad6876ba5bbd1e3e2c48023eb6807342fc4663adf549f38?s=96&d=mm&r=g\",\"url\":\"https:\\\/\\\/secure.gravatar.com\\\/avatar\\\/df0c9a14567c056f8ad6876ba5bbd1e3e2c48023eb6807342fc4663adf549f38?s=96&d=mm&r=g\",\"contentUrl\":\"https:\\\/\\\/secure.gravatar.com\\\/avatar\\\/df0c9a14567c056f8ad6876ba5bbd1e3e2c48023eb6807342fc4663adf549f38?s=96&d=mm&r=g\",\"caption\":\"Farn\u00e9sio\"},\"sameAs\":[\"https:\\\/\\\/quersaberpolitica.com.br\"],\"url\":\"https:\\\/\\\/blogdofarnesio.com.br\\\/?author=1\"}]}<\/script>\n<!-- \/ Yoast SEO plugin. -->","yoast_head_json":{"title":"Em vez dos militares - Blog do Farn\u00e9sio","robots":{"index":"index","follow":"follow","max-snippet":"max-snippet:-1","max-image-preview":"max-image-preview:large","max-video-preview":"max-video-preview:-1"},"canonical":"https:\/\/blogdofarnesio.com.br\/?p=231168","og_locale":"pt_BR","og_type":"article","og_title":"Em vez dos militares - Blog do Farn\u00e9sio","og_description":"J\u00e2nio de Freitas &#8211; Folha de S,Paulo &#8211; Ainda sem saber o que liga o Ex\u00e9rcito ao bolsonarismo, estamos sob um teste novo do nosso futuro democr\u00e1tico e das perspetivas do pa\u00eds. As&nbsp;consequ\u00eancias que o Poder Judici\u00e1rio&nbsp;der \u00e0s&nbsp;transgress\u00f5es de&nbsp;Sergio Moro&nbsp;v\u00e3o indicar a determina\u00e7\u00e3o de sustentar o Estado de Direito ou a capitula\u00e7\u00e3o a um vale tudo irremedi\u00e1vel, escancarando o pa\u00eds, ainda mais, ao que nele haja de pior. J\u00e1 era tempo de se vislumbrarem alguns sinais nos n\u00edveis de responsabilidade legal e moral na aplica\u00e7\u00e3o de Justi\u00e7a e dos direitos civis. Ali n\u00e3o se ouve, n\u00e3o se v\u00ea, n\u00e3o se fala e, sobretudo, n\u00e3o se age a respeito da conduta de Moro na Lava Jato. N\u00e3o fugiu a esse imobilismo&hellip;","og_url":"https:\/\/blogdofarnesio.com.br\/?p=231168","og_site_name":"Blog do Farn\u00e9sio","article_publisher":"https:\/\/www.facebook.com\/BlogQuerSaberPolitica\/","article_published_time":"2019-06-23T18:00:51+00:00","og_image":[{"width":380,"height":280,"url":"https:\/\/blogdofarnesio.com.br\/wp-content\/uploads\/2018\/07\/blogqsp-exercito.jpg","type":"image\/jpeg"}],"author":"Farn\u00e9sio","twitter_card":"summary_large_image","twitter_misc":{"Escrito por":"Farn\u00e9sio","Est. tempo de leitura":"3 minutos"},"schema":{"@context":"https:\/\/schema.org","@graph":[{"@type":"Article","@id":"https:\/\/blogdofarnesio.com.br\/?p=231168#article","isPartOf":{"@id":"https:\/\/blogdofarnesio.com.br\/?p=231168"},"author":{"name":"Farn\u00e9sio","@id":"https:\/\/blogdofarnesio.com.br\/#\/schema\/person\/301c4acf522bccbfdb45af95b5b906a1"},"headline":"Em vez dos militares","datePublished":"2019-06-23T18:00:51+00:00","mainEntityOfPage":{"@id":"https:\/\/blogdofarnesio.com.br\/?p=231168"},"wordCount":614,"publisher":{"@id":"https:\/\/blogdofarnesio.com.br\/#organization"},"image":{"@id":"https:\/\/blogdofarnesio.com.br\/?p=231168#primaryimage"},"thumbnailUrl":"https:\/\/blogdofarnesio.com.br\/wp-content\/uploads\/2018\/07\/blogqsp-exercito.jpg","articleSection":["Artigo"],"inLanguage":"pt-BR"},{"@type":"WebPage","@id":"https:\/\/blogdofarnesio.com.br\/?p=231168","url":"https:\/\/blogdofarnesio.com.br\/?p=231168","name":"Em vez dos militares - Blog do Farn\u00e9sio","isPartOf":{"@id":"https:\/\/blogdofarnesio.com.br\/#website"},"primaryImageOfPage":{"@id":"https:\/\/blogdofarnesio.com.br\/?p=231168#primaryimage"},"image":{"@id":"https:\/\/blogdofarnesio.com.br\/?p=231168#primaryimage"},"thumbnailUrl":"https:\/\/blogdofarnesio.com.br\/wp-content\/uploads\/2018\/07\/blogqsp-exercito.jpg","datePublished":"2019-06-23T18:00:51+00:00","breadcrumb":{"@id":"https:\/\/blogdofarnesio.com.br\/?p=231168#breadcrumb"},"inLanguage":"pt-BR","potentialAction":[{"@type":"ReadAction","target":["https:\/\/blogdofarnesio.com.br\/?p=231168"]}]},{"@type":"ImageObject","inLanguage":"pt-BR","@id":"https:\/\/blogdofarnesio.com.br\/?p=231168#primaryimage","url":"https:\/\/blogdofarnesio.com.br\/wp-content\/uploads\/2018\/07\/blogqsp-exercito.jpg","contentUrl":"https:\/\/blogdofarnesio.com.br\/wp-content\/uploads\/2018\/07\/blogqsp-exercito.jpg","width":380,"height":280},{"@type":"BreadcrumbList","@id":"https:\/\/blogdofarnesio.com.br\/?p=231168#breadcrumb","itemListElement":[{"@type":"ListItem","position":1,"name":"In\u00edcio","item":"https:\/\/blogdofarnesio.com.br\/"},{"@type":"ListItem","position":2,"name":"Em vez dos militares"}]},{"@type":"WebSite","@id":"https:\/\/blogdofarnesio.com.br\/#website","url":"https:\/\/blogdofarnesio.com.br\/","name":"Blog do Farn\u00e9sio","description":"Quer Saber Pol\u00edtica?","publisher":{"@id":"https:\/\/blogdofarnesio.com.br\/#organization"},"potentialAction":[{"@type":"SearchAction","target":{"@type":"EntryPoint","urlTemplate":"https:\/\/blogdofarnesio.com.br\/?s={search_term_string}"},"query-input":{"@type":"PropertyValueSpecification","valueRequired":true,"valueName":"search_term_string"}}],"inLanguage":"pt-BR"},{"@type":"Organization","@id":"https:\/\/blogdofarnesio.com.br\/#organization","name":"Blog do Farn\u00e9sio","url":"https:\/\/blogdofarnesio.com.br\/","logo":{"@type":"ImageObject","inLanguage":"pt-BR","@id":"https:\/\/blogdofarnesio.com.br\/#\/schema\/logo\/image\/","url":"https:\/\/blogdofarnesio.com.br\/wp-content\/uploads\/2026\/03\/cropped-logo_new-1.png","contentUrl":"https:\/\/blogdofarnesio.com.br\/wp-content\/uploads\/2026\/03\/cropped-logo_new-1.png","width":881,"height":685,"caption":"Blog do Farn\u00e9sio"},"image":{"@id":"https:\/\/blogdofarnesio.com.br\/#\/schema\/logo\/image\/"},"sameAs":["https:\/\/www.facebook.com\/BlogQuerSaberPolitica\/"]},{"@type":"Person","@id":"https:\/\/blogdofarnesio.com.br\/#\/schema\/person\/301c4acf522bccbfdb45af95b5b906a1","name":"Farn\u00e9sio","image":{"@type":"ImageObject","inLanguage":"pt-BR","@id":"https:\/\/secure.gravatar.com\/avatar\/df0c9a14567c056f8ad6876ba5bbd1e3e2c48023eb6807342fc4663adf549f38?s=96&d=mm&r=g","url":"https:\/\/secure.gravatar.com\/avatar\/df0c9a14567c056f8ad6876ba5bbd1e3e2c48023eb6807342fc4663adf549f38?s=96&d=mm&r=g","contentUrl":"https:\/\/secure.gravatar.com\/avatar\/df0c9a14567c056f8ad6876ba5bbd1e3e2c48023eb6807342fc4663adf549f38?s=96&d=mm&r=g","caption":"Farn\u00e9sio"},"sameAs":["https:\/\/quersaberpolitica.com.br"],"url":"https:\/\/blogdofarnesio.com.br\/?author=1"}]}},"_links":{"self":[{"href":"https:\/\/blogdofarnesio.com.br\/index.php?rest_route=\/wp\/v2\/posts\/231168","targetHints":{"allow":["GET"]}}],"collection":[{"href":"https:\/\/blogdofarnesio.com.br\/index.php?rest_route=\/wp\/v2\/posts"}],"about":[{"href":"https:\/\/blogdofarnesio.com.br\/index.php?rest_route=\/wp\/v2\/types\/post"}],"author":[{"embeddable":true,"href":"https:\/\/blogdofarnesio.com.br\/index.php?rest_route=\/wp\/v2\/users\/1"}],"replies":[{"embeddable":true,"href":"https:\/\/blogdofarnesio.com.br\/index.php?rest_route=%2Fwp%2Fv2%2Fcomments&post=231168"}],"version-history":[{"count":0,"href":"https:\/\/blogdofarnesio.com.br\/index.php?rest_route=\/wp\/v2\/posts\/231168\/revisions"}],"wp:featuredmedia":[{"embeddable":true,"href":"https:\/\/blogdofarnesio.com.br\/index.php?rest_route=\/wp\/v2\/media\/204775"}],"wp:attachment":[{"href":"https:\/\/blogdofarnesio.com.br\/index.php?rest_route=%2Fwp%2Fv2%2Fmedia&parent=231168"}],"wp:term":[{"taxonomy":"category","embeddable":true,"href":"https:\/\/blogdofarnesio.com.br\/index.php?rest_route=%2Fwp%2Fv2%2Fcategories&post=231168"},{"taxonomy":"post_tag","embeddable":true,"href":"https:\/\/blogdofarnesio.com.br\/index.php?rest_route=%2Fwp%2Fv2%2Ftags&post=231168"}],"curies":[{"name":"wp","href":"https:\/\/api.w.org\/{rel}","templated":true}]}}