{"id":230172,"date":"2019-06-11T09:00:49","date_gmt":"2019-06-11T12:00:49","guid":{"rendered":"http:\/\/quersaberpolitica.com.br\/2016\/?p=230172"},"modified":"2019-06-10T18:30:10","modified_gmt":"2019-06-10T21:30:10","slug":"concerto-junino-vai-reunir-musica-instrumental-com-forro-e-poesia-regional-em-petrolina","status":"publish","type":"post","link":"https:\/\/blogdofarnesio.com.br\/?p=230172","title":{"rendered":"Concerto Junino vai reunir m\u00fasica instrumental com forr\u00f3 e poesia regional em Petrolina"},"content":{"rendered":"\n<p>A sinfonia da Philarm\u00f4nica 21 de Setembro ir\u00e1 se encontrar com a poesia do cantor Fl\u00e1vio Leandro no palco da Concha Ac\u00fastica de Petrolina, nesta ter\u00e7a-feira (11), a partir das 19h. O \u2018Concerto Junino\u2019 levar\u00e1 ao p\u00fablico da regi\u00e3o um repert\u00f3rio especialmente pensado com m\u00fasicas regionais e sucessos do forr\u00f3 nordestino. O evento aberto ao p\u00fablico integra a programa\u00e7\u00e3o do Circuito Junino da Prefeitura de Petrolina.<\/p>\n\n\n\n<p>Pela primeira vez em um concerto tem\u00e1tico, a orquestra regida pelo maestro Helio Lima dividir\u00e1 o palco com um artista de renome como o cantor e compositor pernambucano, Fl\u00e1vio Leandro. Quem for ao centro da cidade ter\u00e1 a oportunidade de assistir um espet\u00e1culo musical in\u00e9dito e com caracter\u00edsticas regionais.<\/p>\n\n\n\n<p>O evento ter\u00e1 dura\u00e7\u00e3o de cerca de 50 minutos com repert\u00f3rio para todos os p\u00fablicos e admiradores de diversos g\u00eaneros musicais como explica o secret\u00e1rio executivo de Cultura, C\u00e1ssio Lucena. \u201c<em>O grande diferencial do Concerto Junino \u00e9 o di\u00e1logo entre o imagin\u00e1rio do cancioneiro nordestino e a obra de Fl\u00e1vio Leandro, um grande poeta dessas nossas bandas. Acreditamos que o p\u00fablico sair\u00e1 satisfeito e encantado com essa apresenta\u00e7\u00e3o\u201d,&nbsp;<\/em>pontua.<\/p>\n","protected":false},"excerpt":{"rendered":"<p>A sinfonia da Philarm\u00f4nica 21 de Setembro ir\u00e1 se encontrar com a poesia do cantor Fl\u00e1vio Leandro no palco da Concha Ac\u00fastica de Petrolina, nesta ter\u00e7a-feira (11), a partir das 19h. O \u2018Concerto Junino\u2019 levar\u00e1 ao p\u00fablico da regi\u00e3o um repert\u00f3rio especialmente pensado com m\u00fasicas regionais e sucessos do forr\u00f3 nordestino. O evento aberto ao p\u00fablico integra a programa\u00e7\u00e3o do Circuito Junino da Prefeitura de Petrolina. Pela primeira vez em um concerto tem\u00e1tico, a orquestra regida pelo maestro Helio Lima dividir\u00e1 o palco com um artista de renome como o cantor e compositor pernambucano, Fl\u00e1vio Leandro. Quem for ao centro da cidade ter\u00e1 a oportunidade de assistir um espet\u00e1culo musical in\u00e9dito e com caracter\u00edsticas regionais. O evento ter\u00e1 dura\u00e7\u00e3o de&hellip; <\/p>\n","protected":false},"author":1,"featured_media":230173,"comment_status":"closed","ping_status":"closed","sticky":false,"template":"","format":"standard","meta":{"_acf_changed":false,"footnotes":""},"categories":[10],"tags":[],"class_list":["post-230172","post","type-post","status-publish","format-standard","has-post-thumbnail","hentry","category-cultura"],"acf":[],"yoast_head":"<!-- This site is optimized with the Yoast SEO plugin v27.4 - https:\/\/yoast.com\/product\/yoast-seo-wordpress\/ -->\n<title>Concerto Junino vai reunir m\u00fasica instrumental com forr\u00f3 e poesia regional em Petrolina - Blog do Farn\u00e9sio<\/title>\n<meta name=\"robots\" content=\"index, follow, max-snippet:-1, max-image-preview:large, max-video-preview:-1\" \/>\n<link rel=\"canonical\" href=\"https:\/\/blogdofarnesio.com.br\/?p=230172\" \/>\n<meta property=\"og:locale\" content=\"pt_BR\" \/>\n<meta property=\"og:type\" content=\"article\" \/>\n<meta property=\"og:title\" content=\"Concerto Junino vai reunir m\u00fasica instrumental com forr\u00f3 e poesia regional em Petrolina - Blog do Farn\u00e9sio\" \/>\n<meta property=\"og:description\" content=\"A sinfonia da Philarm\u00f4nica 21 de Setembro ir\u00e1 se encontrar com a poesia do cantor Fl\u00e1vio Leandro no palco da Concha Ac\u00fastica de Petrolina, nesta ter\u00e7a-feira (11), a partir das 19h. O \u2018Concerto Junino\u2019 levar\u00e1 ao p\u00fablico da regi\u00e3o um repert\u00f3rio especialmente pensado com m\u00fasicas regionais e sucessos do forr\u00f3 nordestino. O evento aberto ao p\u00fablico integra a programa\u00e7\u00e3o do Circuito Junino da Prefeitura de Petrolina. Pela primeira vez em um concerto tem\u00e1tico, a orquestra regida pelo maestro Helio Lima dividir\u00e1 o palco com um artista de renome como o cantor e compositor pernambucano, Fl\u00e1vio Leandro. Quem for ao centro da cidade ter\u00e1 a oportunidade de assistir um espet\u00e1culo musical in\u00e9dito e com caracter\u00edsticas regionais. O evento ter\u00e1 dura\u00e7\u00e3o de&hellip;\" \/>\n<meta property=\"og:url\" content=\"https:\/\/blogdofarnesio.com.br\/?p=230172\" \/>\n<meta property=\"og:site_name\" content=\"Blog do Farn\u00e9sio\" \/>\n<meta property=\"article:publisher\" content=\"https:\/\/www.facebook.com\/BlogQuerSaberPolitica\/\" \/>\n<meta property=\"article:published_time\" content=\"2019-06-11T12:00:49+00:00\" \/>\n<meta property=\"og:image\" content=\"https:\/\/blogdofarnesio.com.br\/wp-content\/uploads\/2019\/06\/blogqspflavioleandro-Concerto-Junino.jpg\" \/>\n\t<meta property=\"og:image:width\" content=\"480\" \/>\n\t<meta property=\"og:image:height\" content=\"480\" \/>\n\t<meta property=\"og:image:type\" content=\"image\/jpeg\" \/>\n<meta name=\"author\" content=\"Farn\u00e9sio\" \/>\n<meta name=\"twitter:card\" content=\"summary_large_image\" \/>\n<meta name=\"twitter:label1\" content=\"Escrito por\" \/>\n\t<meta name=\"twitter:data1\" content=\"Farn\u00e9sio\" \/>\n\t<meta name=\"twitter:label2\" content=\"Est. tempo de leitura\" \/>\n\t<meta name=\"twitter:data2\" content=\"1 minuto\" \/>\n<script type=\"application\/ld+json\" class=\"yoast-schema-graph\">{\"@context\":\"https:\\\/\\\/schema.org\",\"@graph\":[{\"@type\":\"Article\",\"@id\":\"https:\\\/\\\/blogdofarnesio.com.br\\\/?p=230172#article\",\"isPartOf\":{\"@id\":\"https:\\\/\\\/blogdofarnesio.com.br\\\/?p=230172\"},\"author\":{\"name\":\"Farn\u00e9sio\",\"@id\":\"https:\\\/\\\/blogdofarnesio.com.br\\\/#\\\/schema\\\/person\\\/301c4acf522bccbfdb45af95b5b906a1\"},\"headline\":\"Concerto Junino vai reunir m\u00fasica instrumental com forr\u00f3 e poesia regional em Petrolina\",\"datePublished\":\"2019-06-11T12:00:49+00:00\",\"mainEntityOfPage\":{\"@id\":\"https:\\\/\\\/blogdofarnesio.com.br\\\/?p=230172\"},\"wordCount\":221,\"publisher\":{\"@id\":\"https:\\\/\\\/blogdofarnesio.com.br\\\/#organization\"},\"image\":{\"@id\":\"https:\\\/\\\/blogdofarnesio.com.br\\\/?p=230172#primaryimage\"},\"thumbnailUrl\":\"https:\\\/\\\/blogdofarnesio.com.br\\\/wp-content\\\/uploads\\\/2019\\\/06\\\/blogqspflavioleandro-Concerto-Junino.jpg\",\"articleSection\":[\"Cultura\"],\"inLanguage\":\"pt-BR\"},{\"@type\":\"WebPage\",\"@id\":\"https:\\\/\\\/blogdofarnesio.com.br\\\/?p=230172\",\"url\":\"https:\\\/\\\/blogdofarnesio.com.br\\\/?p=230172\",\"name\":\"Concerto Junino vai reunir m\u00fasica instrumental com forr\u00f3 e poesia regional em Petrolina - Blog do Farn\u00e9sio\",\"isPartOf\":{\"@id\":\"https:\\\/\\\/blogdofarnesio.com.br\\\/#website\"},\"primaryImageOfPage\":{\"@id\":\"https:\\\/\\\/blogdofarnesio.com.br\\\/?p=230172#primaryimage\"},\"image\":{\"@id\":\"https:\\\/\\\/blogdofarnesio.com.br\\\/?p=230172#primaryimage\"},\"thumbnailUrl\":\"https:\\\/\\\/blogdofarnesio.com.br\\\/wp-content\\\/uploads\\\/2019\\\/06\\\/blogqspflavioleandro-Concerto-Junino.jpg\",\"datePublished\":\"2019-06-11T12:00:49+00:00\",\"breadcrumb\":{\"@id\":\"https:\\\/\\\/blogdofarnesio.com.br\\\/?p=230172#breadcrumb\"},\"inLanguage\":\"pt-BR\",\"potentialAction\":[{\"@type\":\"ReadAction\",\"target\":[\"https:\\\/\\\/blogdofarnesio.com.br\\\/?p=230172\"]}]},{\"@type\":\"ImageObject\",\"inLanguage\":\"pt-BR\",\"@id\":\"https:\\\/\\\/blogdofarnesio.com.br\\\/?p=230172#primaryimage\",\"url\":\"https:\\\/\\\/blogdofarnesio.com.br\\\/wp-content\\\/uploads\\\/2019\\\/06\\\/blogqspflavioleandro-Concerto-Junino.jpg\",\"contentUrl\":\"https:\\\/\\\/blogdofarnesio.com.br\\\/wp-content\\\/uploads\\\/2019\\\/06\\\/blogqspflavioleandro-Concerto-Junino.jpg\",\"width\":480,\"height\":480},{\"@type\":\"BreadcrumbList\",\"@id\":\"https:\\\/\\\/blogdofarnesio.com.br\\\/?p=230172#breadcrumb\",\"itemListElement\":[{\"@type\":\"ListItem\",\"position\":1,\"name\":\"In\u00edcio\",\"item\":\"https:\\\/\\\/blogdofarnesio.com.br\\\/\"},{\"@type\":\"ListItem\",\"position\":2,\"name\":\"Concerto Junino vai reunir m\u00fasica instrumental com forr\u00f3 e poesia regional em Petrolina\"}]},{\"@type\":\"WebSite\",\"@id\":\"https:\\\/\\\/blogdofarnesio.com.br\\\/#website\",\"url\":\"https:\\\/\\\/blogdofarnesio.com.br\\\/\",\"name\":\"Blog do Farn\u00e9sio\",\"description\":\"Quer Saber Pol\u00edtica?\",\"publisher\":{\"@id\":\"https:\\\/\\\/blogdofarnesio.com.br\\\/#organization\"},\"potentialAction\":[{\"@type\":\"SearchAction\",\"target\":{\"@type\":\"EntryPoint\",\"urlTemplate\":\"https:\\\/\\\/blogdofarnesio.com.br\\\/?s={search_term_string}\"},\"query-input\":{\"@type\":\"PropertyValueSpecification\",\"valueRequired\":true,\"valueName\":\"search_term_string\"}}],\"inLanguage\":\"pt-BR\"},{\"@type\":\"Organization\",\"@id\":\"https:\\\/\\\/blogdofarnesio.com.br\\\/#organization\",\"name\":\"Blog do Farn\u00e9sio\",\"url\":\"https:\\\/\\\/blogdofarnesio.com.br\\\/\",\"logo\":{\"@type\":\"ImageObject\",\"inLanguage\":\"pt-BR\",\"@id\":\"https:\\\/\\\/blogdofarnesio.com.br\\\/#\\\/schema\\\/logo\\\/image\\\/\",\"url\":\"https:\\\/\\\/blogdofarnesio.com.br\\\/wp-content\\\/uploads\\\/2026\\\/03\\\/cropped-logo_new-1.png\",\"contentUrl\":\"https:\\\/\\\/blogdofarnesio.com.br\\\/wp-content\\\/uploads\\\/2026\\\/03\\\/cropped-logo_new-1.png\",\"width\":881,\"height\":685,\"caption\":\"Blog do Farn\u00e9sio\"},\"image\":{\"@id\":\"https:\\\/\\\/blogdofarnesio.com.br\\\/#\\\/schema\\\/logo\\\/image\\\/\"},\"sameAs\":[\"https:\\\/\\\/www.facebook.com\\\/BlogQuerSaberPolitica\\\/\"]},{\"@type\":\"Person\",\"@id\":\"https:\\\/\\\/blogdofarnesio.com.br\\\/#\\\/schema\\\/person\\\/301c4acf522bccbfdb45af95b5b906a1\",\"name\":\"Farn\u00e9sio\",\"image\":{\"@type\":\"ImageObject\",\"inLanguage\":\"pt-BR\",\"@id\":\"https:\\\/\\\/secure.gravatar.com\\\/avatar\\\/df0c9a14567c056f8ad6876ba5bbd1e3e2c48023eb6807342fc4663adf549f38?s=96&d=mm&r=g\",\"url\":\"https:\\\/\\\/secure.gravatar.com\\\/avatar\\\/df0c9a14567c056f8ad6876ba5bbd1e3e2c48023eb6807342fc4663adf549f38?s=96&d=mm&r=g\",\"contentUrl\":\"https:\\\/\\\/secure.gravatar.com\\\/avatar\\\/df0c9a14567c056f8ad6876ba5bbd1e3e2c48023eb6807342fc4663adf549f38?s=96&d=mm&r=g\",\"caption\":\"Farn\u00e9sio\"},\"sameAs\":[\"https:\\\/\\\/quersaberpolitica.com.br\"],\"url\":\"https:\\\/\\\/blogdofarnesio.com.br\\\/?author=1\"}]}<\/script>\n<!-- \/ Yoast SEO plugin. -->","yoast_head_json":{"title":"Concerto Junino vai reunir m\u00fasica instrumental com forr\u00f3 e poesia regional em Petrolina - Blog do Farn\u00e9sio","robots":{"index":"index","follow":"follow","max-snippet":"max-snippet:-1","max-image-preview":"max-image-preview:large","max-video-preview":"max-video-preview:-1"},"canonical":"https:\/\/blogdofarnesio.com.br\/?p=230172","og_locale":"pt_BR","og_type":"article","og_title":"Concerto Junino vai reunir m\u00fasica instrumental com forr\u00f3 e poesia regional em Petrolina - Blog do Farn\u00e9sio","og_description":"A sinfonia da Philarm\u00f4nica 21 de Setembro ir\u00e1 se encontrar com a poesia do cantor Fl\u00e1vio Leandro no palco da Concha Ac\u00fastica de Petrolina, nesta ter\u00e7a-feira (11), a partir das 19h. O \u2018Concerto Junino\u2019 levar\u00e1 ao p\u00fablico da regi\u00e3o um repert\u00f3rio especialmente pensado com m\u00fasicas regionais e sucessos do forr\u00f3 nordestino. O evento aberto ao p\u00fablico integra a programa\u00e7\u00e3o do Circuito Junino da Prefeitura de Petrolina. Pela primeira vez em um concerto tem\u00e1tico, a orquestra regida pelo maestro Helio Lima dividir\u00e1 o palco com um artista de renome como o cantor e compositor pernambucano, Fl\u00e1vio Leandro. Quem for ao centro da cidade ter\u00e1 a oportunidade de assistir um espet\u00e1culo musical in\u00e9dito e com caracter\u00edsticas regionais. O evento ter\u00e1 dura\u00e7\u00e3o de&hellip;","og_url":"https:\/\/blogdofarnesio.com.br\/?p=230172","og_site_name":"Blog do Farn\u00e9sio","article_publisher":"https:\/\/www.facebook.com\/BlogQuerSaberPolitica\/","article_published_time":"2019-06-11T12:00:49+00:00","og_image":[{"width":480,"height":480,"url":"https:\/\/blogdofarnesio.com.br\/wp-content\/uploads\/2019\/06\/blogqspflavioleandro-Concerto-Junino.jpg","type":"image\/jpeg"}],"author":"Farn\u00e9sio","twitter_card":"summary_large_image","twitter_misc":{"Escrito por":"Farn\u00e9sio","Est. tempo de leitura":"1 minuto"},"schema":{"@context":"https:\/\/schema.org","@graph":[{"@type":"Article","@id":"https:\/\/blogdofarnesio.com.br\/?p=230172#article","isPartOf":{"@id":"https:\/\/blogdofarnesio.com.br\/?p=230172"},"author":{"name":"Farn\u00e9sio","@id":"https:\/\/blogdofarnesio.com.br\/#\/schema\/person\/301c4acf522bccbfdb45af95b5b906a1"},"headline":"Concerto Junino vai reunir m\u00fasica instrumental com forr\u00f3 e poesia regional em Petrolina","datePublished":"2019-06-11T12:00:49+00:00","mainEntityOfPage":{"@id":"https:\/\/blogdofarnesio.com.br\/?p=230172"},"wordCount":221,"publisher":{"@id":"https:\/\/blogdofarnesio.com.br\/#organization"},"image":{"@id":"https:\/\/blogdofarnesio.com.br\/?p=230172#primaryimage"},"thumbnailUrl":"https:\/\/blogdofarnesio.com.br\/wp-content\/uploads\/2019\/06\/blogqspflavioleandro-Concerto-Junino.jpg","articleSection":["Cultura"],"inLanguage":"pt-BR"},{"@type":"WebPage","@id":"https:\/\/blogdofarnesio.com.br\/?p=230172","url":"https:\/\/blogdofarnesio.com.br\/?p=230172","name":"Concerto Junino vai reunir m\u00fasica instrumental com forr\u00f3 e poesia regional em Petrolina - Blog do Farn\u00e9sio","isPartOf":{"@id":"https:\/\/blogdofarnesio.com.br\/#website"},"primaryImageOfPage":{"@id":"https:\/\/blogdofarnesio.com.br\/?p=230172#primaryimage"},"image":{"@id":"https:\/\/blogdofarnesio.com.br\/?p=230172#primaryimage"},"thumbnailUrl":"https:\/\/blogdofarnesio.com.br\/wp-content\/uploads\/2019\/06\/blogqspflavioleandro-Concerto-Junino.jpg","datePublished":"2019-06-11T12:00:49+00:00","breadcrumb":{"@id":"https:\/\/blogdofarnesio.com.br\/?p=230172#breadcrumb"},"inLanguage":"pt-BR","potentialAction":[{"@type":"ReadAction","target":["https:\/\/blogdofarnesio.com.br\/?p=230172"]}]},{"@type":"ImageObject","inLanguage":"pt-BR","@id":"https:\/\/blogdofarnesio.com.br\/?p=230172#primaryimage","url":"https:\/\/blogdofarnesio.com.br\/wp-content\/uploads\/2019\/06\/blogqspflavioleandro-Concerto-Junino.jpg","contentUrl":"https:\/\/blogdofarnesio.com.br\/wp-content\/uploads\/2019\/06\/blogqspflavioleandro-Concerto-Junino.jpg","width":480,"height":480},{"@type":"BreadcrumbList","@id":"https:\/\/blogdofarnesio.com.br\/?p=230172#breadcrumb","itemListElement":[{"@type":"ListItem","position":1,"name":"In\u00edcio","item":"https:\/\/blogdofarnesio.com.br\/"},{"@type":"ListItem","position":2,"name":"Concerto Junino vai reunir m\u00fasica instrumental com forr\u00f3 e poesia regional em Petrolina"}]},{"@type":"WebSite","@id":"https:\/\/blogdofarnesio.com.br\/#website","url":"https:\/\/blogdofarnesio.com.br\/","name":"Blog do Farn\u00e9sio","description":"Quer Saber Pol\u00edtica?","publisher":{"@id":"https:\/\/blogdofarnesio.com.br\/#organization"},"potentialAction":[{"@type":"SearchAction","target":{"@type":"EntryPoint","urlTemplate":"https:\/\/blogdofarnesio.com.br\/?s={search_term_string}"},"query-input":{"@type":"PropertyValueSpecification","valueRequired":true,"valueName":"search_term_string"}}],"inLanguage":"pt-BR"},{"@type":"Organization","@id":"https:\/\/blogdofarnesio.com.br\/#organization","name":"Blog do Farn\u00e9sio","url":"https:\/\/blogdofarnesio.com.br\/","logo":{"@type":"ImageObject","inLanguage":"pt-BR","@id":"https:\/\/blogdofarnesio.com.br\/#\/schema\/logo\/image\/","url":"https:\/\/blogdofarnesio.com.br\/wp-content\/uploads\/2026\/03\/cropped-logo_new-1.png","contentUrl":"https:\/\/blogdofarnesio.com.br\/wp-content\/uploads\/2026\/03\/cropped-logo_new-1.png","width":881,"height":685,"caption":"Blog do Farn\u00e9sio"},"image":{"@id":"https:\/\/blogdofarnesio.com.br\/#\/schema\/logo\/image\/"},"sameAs":["https:\/\/www.facebook.com\/BlogQuerSaberPolitica\/"]},{"@type":"Person","@id":"https:\/\/blogdofarnesio.com.br\/#\/schema\/person\/301c4acf522bccbfdb45af95b5b906a1","name":"Farn\u00e9sio","image":{"@type":"ImageObject","inLanguage":"pt-BR","@id":"https:\/\/secure.gravatar.com\/avatar\/df0c9a14567c056f8ad6876ba5bbd1e3e2c48023eb6807342fc4663adf549f38?s=96&d=mm&r=g","url":"https:\/\/secure.gravatar.com\/avatar\/df0c9a14567c056f8ad6876ba5bbd1e3e2c48023eb6807342fc4663adf549f38?s=96&d=mm&r=g","contentUrl":"https:\/\/secure.gravatar.com\/avatar\/df0c9a14567c056f8ad6876ba5bbd1e3e2c48023eb6807342fc4663adf549f38?s=96&d=mm&r=g","caption":"Farn\u00e9sio"},"sameAs":["https:\/\/quersaberpolitica.com.br"],"url":"https:\/\/blogdofarnesio.com.br\/?author=1"}]}},"_links":{"self":[{"href":"https:\/\/blogdofarnesio.com.br\/index.php?rest_route=\/wp\/v2\/posts\/230172","targetHints":{"allow":["GET"]}}],"collection":[{"href":"https:\/\/blogdofarnesio.com.br\/index.php?rest_route=\/wp\/v2\/posts"}],"about":[{"href":"https:\/\/blogdofarnesio.com.br\/index.php?rest_route=\/wp\/v2\/types\/post"}],"author":[{"embeddable":true,"href":"https:\/\/blogdofarnesio.com.br\/index.php?rest_route=\/wp\/v2\/users\/1"}],"replies":[{"embeddable":true,"href":"https:\/\/blogdofarnesio.com.br\/index.php?rest_route=%2Fwp%2Fv2%2Fcomments&post=230172"}],"version-history":[{"count":0,"href":"https:\/\/blogdofarnesio.com.br\/index.php?rest_route=\/wp\/v2\/posts\/230172\/revisions"}],"wp:featuredmedia":[{"embeddable":true,"href":"https:\/\/blogdofarnesio.com.br\/index.php?rest_route=\/wp\/v2\/media\/230173"}],"wp:attachment":[{"href":"https:\/\/blogdofarnesio.com.br\/index.php?rest_route=%2Fwp%2Fv2%2Fmedia&parent=230172"}],"wp:term":[{"taxonomy":"category","embeddable":true,"href":"https:\/\/blogdofarnesio.com.br\/index.php?rest_route=%2Fwp%2Fv2%2Fcategories&post=230172"},{"taxonomy":"post_tag","embeddable":true,"href":"https:\/\/blogdofarnesio.com.br\/index.php?rest_route=%2Fwp%2Fv2%2Ftags&post=230172"}],"curies":[{"name":"wp","href":"https:\/\/api.w.org\/{rel}","templated":true}]}}