{"id":230164,"date":"2019-06-11T08:00:18","date_gmt":"2019-06-11T11:00:18","guid":{"rendered":"http:\/\/quersaberpolitica.com.br\/2016\/?p=230164"},"modified":"2019-06-10T18:08:25","modified_gmt":"2019-06-10T21:08:25","slug":"suspeito-de-assalto-usa-o-proprio-celular-para-chamar-a-policia-com-medo-de-ser-linchado-veja-video","status":"publish","type":"post","link":"https:\/\/blogdofarnesio.com.br\/?p=230164","title":{"rendered":"Suspeito de assalto usa o pr\u00f3prio celular para chamar a pol\u00edcia com medo de ser linchado; veja v\u00eddeo"},"content":{"rendered":"\n<h2 class=\"wp-block-heading\">C\u00e2meras de seguran\u00e7a registraram o momento em que o suspeito aparece empurrando a moto e \u00e9 perseguido pelos moradores.<\/h2>\n\n\n\n<p>Por Rafaela Leal* e Catarina Costa &#8211; G1<\/p>\n\n\n\n<hr class=\"wp-block-separator\"\/>\n\n\n\n<figure><iframe src=\"https:\/\/imasdk.googleapis.com\/js\/core\/bridge3.310.0_pt_br.html#goog_168630605\" allowfullscreen=\"\"><\/iframe><\/figure>\n\n\n\n<p>Suspeito \u00e9 perseguido ap\u00f3s assaltos na Zona Sul de TeresinaG1 PI00:00\/01:01<\/p>\n\n\n\n<p>Um suspeito de cometer uma s\u00e9rie de assaltos foi preso na tarde desta segunda-feira (10) ap\u00f3s invadir uma padaria na Rua 15 de Novembro, no bairro Lourival Parente, Zona Sul de&nbsp;<a href=\"https:\/\/g1.globo.com\/pi\/piaui\/cidade\/teresina\/\">Teresina<\/a>. Segundo os funcion\u00e1rios, o criminoso usou o pr\u00f3prio celular para chamar a pol\u00edcia com medo de ser linchado pelos populares.<\/p>\n\n\n\n<p>&#8220;Ele roubou o celular de um funcion\u00e1rio da padaria na esquina e outras pessoas no bairro, quando a popula\u00e7\u00e3o passou a persegui-lo. Ao chegar aqui na frente, o assaltante tomou a moto do entregador que estava chegando, mas ela n\u00e3o pegou e ele correu para dentro da padaria com medo de ser linchado&#8221;, contou uma funcion\u00e1ria, que preferiu n\u00e3o se identificar.<\/p>\n\n\n\n<p>As c\u00e2meras de seguran\u00e7a registraram o momento em que o suspeito aparece empurrando a moto e \u00e9 perseguido pelos moradores. O assaltante ainda chega a apontar a arma e efetuar dois disparos para cima, na tentativa de intimidar os populares, que come\u00e7am a jogar pedra na sua dire\u00e7\u00e3o.<\/p>\n\n\n\n<figure class=\"wp-block-image\"><img loading=\"lazy\" decoding=\"async\" width=\"25\" height=\"17\" src=\"http:\/\/quersaberpolitica.com.br\/2016\/wp-content\/uploads\/2019\/06\/image-11.jpeg\" alt=\"\" class=\"wp-image-230165\"\/><\/figure>\n\n\n\n<figure class=\"wp-block-image\"><img decoding=\"async\" src=\"https:\/\/s2.glbimg.com\/WRQRHAWZh0uX24U_ar-rWZHJJyI=\/0x0:1280x853\/984x0\/smart\/filters:strip_icc()\/i.s3.glbimg.com\/v1\/AUTH_59edd422c0c84a879bd37670ae4f538a\/internal_photos\/bs\/2019\/g\/7\/ykBV0iSLKMI7jDZAu2hw\/padria.jpg\" alt=\"Suspeito de assalto invade padaria para n\u00e3o ser linchado \u2014 Foto: Rafaela Leal G1 \/ PI\"\/><\/figure>\n\n\n\n<p>Suspeito de assalto invade padaria para n\u00e3o ser linchado \u2014 Foto: Rafaela Leal G1 \/ PI<\/p>\n\n\n\n<figure><iframe width=\"970\" height=\"250\"><\/iframe><\/figure>\n\n\n\n<p>O suspeito foge e entra na padaria para n\u00e3o ser linchado. De acordo com a funcion\u00e1ria, o assaltante pediu para chamar a pol\u00edcia.<\/p>\n\n\n\n<p>&#8220;Ele n\u00e3o fez nada com ningu\u00e9m. O assaltante escondeu a arma no dep\u00f3sito e os celulares no balc\u00e3o, enquanto a popula\u00e7\u00e3o querendo entrar na padaria. Com o outro aparelho, ele mesmo ligou para a pol\u00edcia&#8221;, contou a funcion\u00e1ria.<\/p>\n\n\n\n<p>O criminoso ficou com os dois funcion\u00e1rios dentro da padaria at\u00e9 os policiais do 6\u00ba Batalh\u00e3o da Pol\u00edcia Militar chegar ao local. O suspeito foi encaminhado para Central de Flagrantes, onde foi autuado.<\/p>\n\n\n\n<p><em>Rafaela Leal*, estagi\u00e1ria sob supervis\u00e3o de Catarina Costa.<\/em><\/p>\n","protected":false},"excerpt":{"rendered":"<p>C\u00e2meras de seguran\u00e7a registraram o momento em que o suspeito aparece empurrando a moto e \u00e9 perseguido pelos moradores. Por Rafaela Leal* e Catarina Costa &#8211; G1 Suspeito \u00e9 perseguido ap\u00f3s assaltos na Zona Sul de TeresinaG1 PI00:00\/01:01 Um suspeito de cometer uma s\u00e9rie de assaltos foi preso na tarde desta segunda-feira (10) ap\u00f3s invadir uma padaria na Rua 15 de Novembro, no bairro Lourival Parente, Zona Sul de&nbsp;Teresina. Segundo os funcion\u00e1rios, o criminoso usou o pr\u00f3prio celular para chamar a pol\u00edcia com medo de ser linchado pelos populares. &#8220;Ele roubou o celular de um funcion\u00e1rio da padaria na esquina e outras pessoas no bairro, quando a popula\u00e7\u00e3o passou a persegui-lo. Ao chegar aqui na frente, o assaltante tomou a&hellip; <\/p>\n","protected":false},"author":1,"featured_media":230168,"comment_status":"closed","ping_status":"closed","sticky":false,"template":"","format":"standard","meta":{"_acf_changed":false,"footnotes":""},"categories":[9,1],"tags":[],"class_list":["post-230164","post","type-post","status-publish","format-standard","has-post-thumbnail","hentry","category-policia","category-politica"],"acf":[],"yoast_head":"<!-- This site is optimized with the Yoast SEO plugin v27.4 - https:\/\/yoast.com\/product\/yoast-seo-wordpress\/ -->\n<title>Suspeito de assalto usa o pr\u00f3prio celular para chamar a pol\u00edcia com medo de ser linchado; veja v\u00eddeo - Blog do Farn\u00e9sio<\/title>\n<meta name=\"robots\" content=\"index, follow, max-snippet:-1, max-image-preview:large, max-video-preview:-1\" \/>\n<link rel=\"canonical\" href=\"https:\/\/blogdofarnesio.com.br\/?p=230164\" \/>\n<meta property=\"og:locale\" content=\"pt_BR\" \/>\n<meta property=\"og:type\" content=\"article\" \/>\n<meta property=\"og:title\" content=\"Suspeito de assalto usa o pr\u00f3prio celular para chamar a pol\u00edcia com medo de ser linchado; veja v\u00eddeo - Blog do Farn\u00e9sio\" \/>\n<meta property=\"og:description\" content=\"C\u00e2meras de seguran\u00e7a registraram o momento em que o suspeito aparece empurrando a moto e \u00e9 perseguido pelos moradores. Por Rafaela Leal* e Catarina Costa &#8211; G1 Suspeito \u00e9 perseguido ap\u00f3s assaltos na Zona Sul de TeresinaG1 PI00:00\/01:01 Um suspeito de cometer uma s\u00e9rie de assaltos foi preso na tarde desta segunda-feira (10) ap\u00f3s invadir uma padaria na Rua 15 de Novembro, no bairro Lourival Parente, Zona Sul de&nbsp;Teresina. Segundo os funcion\u00e1rios, o criminoso usou o pr\u00f3prio celular para chamar a pol\u00edcia com medo de ser linchado pelos populares. &#8220;Ele roubou o celular de um funcion\u00e1rio da padaria na esquina e outras pessoas no bairro, quando a popula\u00e7\u00e3o passou a persegui-lo. Ao chegar aqui na frente, o assaltante tomou a&hellip;\" \/>\n<meta property=\"og:url\" content=\"https:\/\/blogdofarnesio.com.br\/?p=230164\" \/>\n<meta property=\"og:site_name\" content=\"Blog do Farn\u00e9sio\" \/>\n<meta property=\"article:publisher\" content=\"https:\/\/www.facebook.com\/BlogQuerSaberPolitica\/\" \/>\n<meta property=\"article:published_time\" content=\"2019-06-11T11:00:18+00:00\" \/>\n<meta property=\"og:image\" content=\"https:\/\/blogdofarnesio.com.br\/wp-content\/uploads\/2019\/06\/blogqspcrime-video.jpg\" \/>\n\t<meta property=\"og:image:width\" content=\"640\" \/>\n\t<meta property=\"og:image:height\" content=\"360\" \/>\n\t<meta property=\"og:image:type\" content=\"image\/jpeg\" \/>\n<meta name=\"author\" content=\"Farn\u00e9sio\" \/>\n<meta name=\"twitter:card\" content=\"summary_large_image\" \/>\n<meta name=\"twitter:label1\" content=\"Escrito por\" \/>\n\t<meta name=\"twitter:data1\" content=\"Farn\u00e9sio\" \/>\n\t<meta name=\"twitter:label2\" content=\"Est. tempo de leitura\" \/>\n\t<meta name=\"twitter:data2\" content=\"2 minutos\" \/>\n<script type=\"application\/ld+json\" class=\"yoast-schema-graph\">{\"@context\":\"https:\\\/\\\/schema.org\",\"@graph\":[{\"@type\":\"Article\",\"@id\":\"https:\\\/\\\/blogdofarnesio.com.br\\\/?p=230164#article\",\"isPartOf\":{\"@id\":\"https:\\\/\\\/blogdofarnesio.com.br\\\/?p=230164\"},\"author\":{\"name\":\"Farn\u00e9sio\",\"@id\":\"https:\\\/\\\/blogdofarnesio.com.br\\\/#\\\/schema\\\/person\\\/301c4acf522bccbfdb45af95b5b906a1\"},\"headline\":\"Suspeito de assalto usa o pr\u00f3prio celular para chamar a pol\u00edcia com medo de ser linchado; veja v\u00eddeo\",\"datePublished\":\"2019-06-11T11:00:18+00:00\",\"mainEntityOfPage\":{\"@id\":\"https:\\\/\\\/blogdofarnesio.com.br\\\/?p=230164\"},\"wordCount\":364,\"publisher\":{\"@id\":\"https:\\\/\\\/blogdofarnesio.com.br\\\/#organization\"},\"image\":{\"@id\":\"https:\\\/\\\/blogdofarnesio.com.br\\\/?p=230164#primaryimage\"},\"thumbnailUrl\":\"https:\\\/\\\/blogdofarnesio.com.br\\\/wp-content\\\/uploads\\\/2019\\\/06\\\/blogqspcrime-video.jpg\",\"articleSection\":[\"Pol\u00edcia\",\"Pol\u00edtica\"],\"inLanguage\":\"pt-BR\"},{\"@type\":\"WebPage\",\"@id\":\"https:\\\/\\\/blogdofarnesio.com.br\\\/?p=230164\",\"url\":\"https:\\\/\\\/blogdofarnesio.com.br\\\/?p=230164\",\"name\":\"Suspeito de assalto usa o pr\u00f3prio celular para chamar a pol\u00edcia com medo de ser linchado; veja v\u00eddeo - Blog do Farn\u00e9sio\",\"isPartOf\":{\"@id\":\"https:\\\/\\\/blogdofarnesio.com.br\\\/#website\"},\"primaryImageOfPage\":{\"@id\":\"https:\\\/\\\/blogdofarnesio.com.br\\\/?p=230164#primaryimage\"},\"image\":{\"@id\":\"https:\\\/\\\/blogdofarnesio.com.br\\\/?p=230164#primaryimage\"},\"thumbnailUrl\":\"https:\\\/\\\/blogdofarnesio.com.br\\\/wp-content\\\/uploads\\\/2019\\\/06\\\/blogqspcrime-video.jpg\",\"datePublished\":\"2019-06-11T11:00:18+00:00\",\"breadcrumb\":{\"@id\":\"https:\\\/\\\/blogdofarnesio.com.br\\\/?p=230164#breadcrumb\"},\"inLanguage\":\"pt-BR\",\"potentialAction\":[{\"@type\":\"ReadAction\",\"target\":[\"https:\\\/\\\/blogdofarnesio.com.br\\\/?p=230164\"]}]},{\"@type\":\"ImageObject\",\"inLanguage\":\"pt-BR\",\"@id\":\"https:\\\/\\\/blogdofarnesio.com.br\\\/?p=230164#primaryimage\",\"url\":\"https:\\\/\\\/blogdofarnesio.com.br\\\/wp-content\\\/uploads\\\/2019\\\/06\\\/blogqspcrime-video.jpg\",\"contentUrl\":\"https:\\\/\\\/blogdofarnesio.com.br\\\/wp-content\\\/uploads\\\/2019\\\/06\\\/blogqspcrime-video.jpg\",\"width\":640,\"height\":360},{\"@type\":\"BreadcrumbList\",\"@id\":\"https:\\\/\\\/blogdofarnesio.com.br\\\/?p=230164#breadcrumb\",\"itemListElement\":[{\"@type\":\"ListItem\",\"position\":1,\"name\":\"In\u00edcio\",\"item\":\"https:\\\/\\\/blogdofarnesio.com.br\\\/\"},{\"@type\":\"ListItem\",\"position\":2,\"name\":\"Suspeito de assalto usa o pr\u00f3prio celular para chamar a pol\u00edcia com medo de ser linchado; veja v\u00eddeo\"}]},{\"@type\":\"WebSite\",\"@id\":\"https:\\\/\\\/blogdofarnesio.com.br\\\/#website\",\"url\":\"https:\\\/\\\/blogdofarnesio.com.br\\\/\",\"name\":\"Blog do Farn\u00e9sio\",\"description\":\"Quer Saber Pol\u00edtica?\",\"publisher\":{\"@id\":\"https:\\\/\\\/blogdofarnesio.com.br\\\/#organization\"},\"potentialAction\":[{\"@type\":\"SearchAction\",\"target\":{\"@type\":\"EntryPoint\",\"urlTemplate\":\"https:\\\/\\\/blogdofarnesio.com.br\\\/?s={search_term_string}\"},\"query-input\":{\"@type\":\"PropertyValueSpecification\",\"valueRequired\":true,\"valueName\":\"search_term_string\"}}],\"inLanguage\":\"pt-BR\"},{\"@type\":\"Organization\",\"@id\":\"https:\\\/\\\/blogdofarnesio.com.br\\\/#organization\",\"name\":\"Blog do Farn\u00e9sio\",\"url\":\"https:\\\/\\\/blogdofarnesio.com.br\\\/\",\"logo\":{\"@type\":\"ImageObject\",\"inLanguage\":\"pt-BR\",\"@id\":\"https:\\\/\\\/blogdofarnesio.com.br\\\/#\\\/schema\\\/logo\\\/image\\\/\",\"url\":\"https:\\\/\\\/blogdofarnesio.com.br\\\/wp-content\\\/uploads\\\/2026\\\/03\\\/cropped-logo_new-1.png\",\"contentUrl\":\"https:\\\/\\\/blogdofarnesio.com.br\\\/wp-content\\\/uploads\\\/2026\\\/03\\\/cropped-logo_new-1.png\",\"width\":881,\"height\":685,\"caption\":\"Blog do Farn\u00e9sio\"},\"image\":{\"@id\":\"https:\\\/\\\/blogdofarnesio.com.br\\\/#\\\/schema\\\/logo\\\/image\\\/\"},\"sameAs\":[\"https:\\\/\\\/www.facebook.com\\\/BlogQuerSaberPolitica\\\/\"]},{\"@type\":\"Person\",\"@id\":\"https:\\\/\\\/blogdofarnesio.com.br\\\/#\\\/schema\\\/person\\\/301c4acf522bccbfdb45af95b5b906a1\",\"name\":\"Farn\u00e9sio\",\"image\":{\"@type\":\"ImageObject\",\"inLanguage\":\"pt-BR\",\"@id\":\"https:\\\/\\\/secure.gravatar.com\\\/avatar\\\/df0c9a14567c056f8ad6876ba5bbd1e3e2c48023eb6807342fc4663adf549f38?s=96&d=mm&r=g\",\"url\":\"https:\\\/\\\/secure.gravatar.com\\\/avatar\\\/df0c9a14567c056f8ad6876ba5bbd1e3e2c48023eb6807342fc4663adf549f38?s=96&d=mm&r=g\",\"contentUrl\":\"https:\\\/\\\/secure.gravatar.com\\\/avatar\\\/df0c9a14567c056f8ad6876ba5bbd1e3e2c48023eb6807342fc4663adf549f38?s=96&d=mm&r=g\",\"caption\":\"Farn\u00e9sio\"},\"sameAs\":[\"https:\\\/\\\/quersaberpolitica.com.br\"],\"url\":\"https:\\\/\\\/blogdofarnesio.com.br\\\/?author=1\"}]}<\/script>\n<!-- \/ Yoast SEO plugin. -->","yoast_head_json":{"title":"Suspeito de assalto usa o pr\u00f3prio celular para chamar a pol\u00edcia com medo de ser linchado; veja v\u00eddeo - Blog do Farn\u00e9sio","robots":{"index":"index","follow":"follow","max-snippet":"max-snippet:-1","max-image-preview":"max-image-preview:large","max-video-preview":"max-video-preview:-1"},"canonical":"https:\/\/blogdofarnesio.com.br\/?p=230164","og_locale":"pt_BR","og_type":"article","og_title":"Suspeito de assalto usa o pr\u00f3prio celular para chamar a pol\u00edcia com medo de ser linchado; veja v\u00eddeo - Blog do Farn\u00e9sio","og_description":"C\u00e2meras de seguran\u00e7a registraram o momento em que o suspeito aparece empurrando a moto e \u00e9 perseguido pelos moradores. Por Rafaela Leal* e Catarina Costa &#8211; G1 Suspeito \u00e9 perseguido ap\u00f3s assaltos na Zona Sul de TeresinaG1 PI00:00\/01:01 Um suspeito de cometer uma s\u00e9rie de assaltos foi preso na tarde desta segunda-feira (10) ap\u00f3s invadir uma padaria na Rua 15 de Novembro, no bairro Lourival Parente, Zona Sul de&nbsp;Teresina. Segundo os funcion\u00e1rios, o criminoso usou o pr\u00f3prio celular para chamar a pol\u00edcia com medo de ser linchado pelos populares. &#8220;Ele roubou o celular de um funcion\u00e1rio da padaria na esquina e outras pessoas no bairro, quando a popula\u00e7\u00e3o passou a persegui-lo. Ao chegar aqui na frente, o assaltante tomou a&hellip;","og_url":"https:\/\/blogdofarnesio.com.br\/?p=230164","og_site_name":"Blog do Farn\u00e9sio","article_publisher":"https:\/\/www.facebook.com\/BlogQuerSaberPolitica\/","article_published_time":"2019-06-11T11:00:18+00:00","og_image":[{"width":640,"height":360,"url":"https:\/\/blogdofarnesio.com.br\/wp-content\/uploads\/2019\/06\/blogqspcrime-video.jpg","type":"image\/jpeg"}],"author":"Farn\u00e9sio","twitter_card":"summary_large_image","twitter_misc":{"Escrito por":"Farn\u00e9sio","Est. tempo de leitura":"2 minutos"},"schema":{"@context":"https:\/\/schema.org","@graph":[{"@type":"Article","@id":"https:\/\/blogdofarnesio.com.br\/?p=230164#article","isPartOf":{"@id":"https:\/\/blogdofarnesio.com.br\/?p=230164"},"author":{"name":"Farn\u00e9sio","@id":"https:\/\/blogdofarnesio.com.br\/#\/schema\/person\/301c4acf522bccbfdb45af95b5b906a1"},"headline":"Suspeito de assalto usa o pr\u00f3prio celular para chamar a pol\u00edcia com medo de ser linchado; veja v\u00eddeo","datePublished":"2019-06-11T11:00:18+00:00","mainEntityOfPage":{"@id":"https:\/\/blogdofarnesio.com.br\/?p=230164"},"wordCount":364,"publisher":{"@id":"https:\/\/blogdofarnesio.com.br\/#organization"},"image":{"@id":"https:\/\/blogdofarnesio.com.br\/?p=230164#primaryimage"},"thumbnailUrl":"https:\/\/blogdofarnesio.com.br\/wp-content\/uploads\/2019\/06\/blogqspcrime-video.jpg","articleSection":["Pol\u00edcia","Pol\u00edtica"],"inLanguage":"pt-BR"},{"@type":"WebPage","@id":"https:\/\/blogdofarnesio.com.br\/?p=230164","url":"https:\/\/blogdofarnesio.com.br\/?p=230164","name":"Suspeito de assalto usa o pr\u00f3prio celular para chamar a pol\u00edcia com medo de ser linchado; veja v\u00eddeo - Blog do Farn\u00e9sio","isPartOf":{"@id":"https:\/\/blogdofarnesio.com.br\/#website"},"primaryImageOfPage":{"@id":"https:\/\/blogdofarnesio.com.br\/?p=230164#primaryimage"},"image":{"@id":"https:\/\/blogdofarnesio.com.br\/?p=230164#primaryimage"},"thumbnailUrl":"https:\/\/blogdofarnesio.com.br\/wp-content\/uploads\/2019\/06\/blogqspcrime-video.jpg","datePublished":"2019-06-11T11:00:18+00:00","breadcrumb":{"@id":"https:\/\/blogdofarnesio.com.br\/?p=230164#breadcrumb"},"inLanguage":"pt-BR","potentialAction":[{"@type":"ReadAction","target":["https:\/\/blogdofarnesio.com.br\/?p=230164"]}]},{"@type":"ImageObject","inLanguage":"pt-BR","@id":"https:\/\/blogdofarnesio.com.br\/?p=230164#primaryimage","url":"https:\/\/blogdofarnesio.com.br\/wp-content\/uploads\/2019\/06\/blogqspcrime-video.jpg","contentUrl":"https:\/\/blogdofarnesio.com.br\/wp-content\/uploads\/2019\/06\/blogqspcrime-video.jpg","width":640,"height":360},{"@type":"BreadcrumbList","@id":"https:\/\/blogdofarnesio.com.br\/?p=230164#breadcrumb","itemListElement":[{"@type":"ListItem","position":1,"name":"In\u00edcio","item":"https:\/\/blogdofarnesio.com.br\/"},{"@type":"ListItem","position":2,"name":"Suspeito de assalto usa o pr\u00f3prio celular para chamar a pol\u00edcia com medo de ser linchado; veja v\u00eddeo"}]},{"@type":"WebSite","@id":"https:\/\/blogdofarnesio.com.br\/#website","url":"https:\/\/blogdofarnesio.com.br\/","name":"Blog do Farn\u00e9sio","description":"Quer Saber Pol\u00edtica?","publisher":{"@id":"https:\/\/blogdofarnesio.com.br\/#organization"},"potentialAction":[{"@type":"SearchAction","target":{"@type":"EntryPoint","urlTemplate":"https:\/\/blogdofarnesio.com.br\/?s={search_term_string}"},"query-input":{"@type":"PropertyValueSpecification","valueRequired":true,"valueName":"search_term_string"}}],"inLanguage":"pt-BR"},{"@type":"Organization","@id":"https:\/\/blogdofarnesio.com.br\/#organization","name":"Blog do Farn\u00e9sio","url":"https:\/\/blogdofarnesio.com.br\/","logo":{"@type":"ImageObject","inLanguage":"pt-BR","@id":"https:\/\/blogdofarnesio.com.br\/#\/schema\/logo\/image\/","url":"https:\/\/blogdofarnesio.com.br\/wp-content\/uploads\/2026\/03\/cropped-logo_new-1.png","contentUrl":"https:\/\/blogdofarnesio.com.br\/wp-content\/uploads\/2026\/03\/cropped-logo_new-1.png","width":881,"height":685,"caption":"Blog do Farn\u00e9sio"},"image":{"@id":"https:\/\/blogdofarnesio.com.br\/#\/schema\/logo\/image\/"},"sameAs":["https:\/\/www.facebook.com\/BlogQuerSaberPolitica\/"]},{"@type":"Person","@id":"https:\/\/blogdofarnesio.com.br\/#\/schema\/person\/301c4acf522bccbfdb45af95b5b906a1","name":"Farn\u00e9sio","image":{"@type":"ImageObject","inLanguage":"pt-BR","@id":"https:\/\/secure.gravatar.com\/avatar\/df0c9a14567c056f8ad6876ba5bbd1e3e2c48023eb6807342fc4663adf549f38?s=96&d=mm&r=g","url":"https:\/\/secure.gravatar.com\/avatar\/df0c9a14567c056f8ad6876ba5bbd1e3e2c48023eb6807342fc4663adf549f38?s=96&d=mm&r=g","contentUrl":"https:\/\/secure.gravatar.com\/avatar\/df0c9a14567c056f8ad6876ba5bbd1e3e2c48023eb6807342fc4663adf549f38?s=96&d=mm&r=g","caption":"Farn\u00e9sio"},"sameAs":["https:\/\/quersaberpolitica.com.br"],"url":"https:\/\/blogdofarnesio.com.br\/?author=1"}]}},"_links":{"self":[{"href":"https:\/\/blogdofarnesio.com.br\/index.php?rest_route=\/wp\/v2\/posts\/230164","targetHints":{"allow":["GET"]}}],"collection":[{"href":"https:\/\/blogdofarnesio.com.br\/index.php?rest_route=\/wp\/v2\/posts"}],"about":[{"href":"https:\/\/blogdofarnesio.com.br\/index.php?rest_route=\/wp\/v2\/types\/post"}],"author":[{"embeddable":true,"href":"https:\/\/blogdofarnesio.com.br\/index.php?rest_route=\/wp\/v2\/users\/1"}],"replies":[{"embeddable":true,"href":"https:\/\/blogdofarnesio.com.br\/index.php?rest_route=%2Fwp%2Fv2%2Fcomments&post=230164"}],"version-history":[{"count":0,"href":"https:\/\/blogdofarnesio.com.br\/index.php?rest_route=\/wp\/v2\/posts\/230164\/revisions"}],"wp:featuredmedia":[{"embeddable":true,"href":"https:\/\/blogdofarnesio.com.br\/index.php?rest_route=\/wp\/v2\/media\/230168"}],"wp:attachment":[{"href":"https:\/\/blogdofarnesio.com.br\/index.php?rest_route=%2Fwp%2Fv2%2Fmedia&parent=230164"}],"wp:term":[{"taxonomy":"category","embeddable":true,"href":"https:\/\/blogdofarnesio.com.br\/index.php?rest_route=%2Fwp%2Fv2%2Fcategories&post=230164"},{"taxonomy":"post_tag","embeddable":true,"href":"https:\/\/blogdofarnesio.com.br\/index.php?rest_route=%2Fwp%2Fv2%2Ftags&post=230164"}],"curies":[{"name":"wp","href":"https:\/\/api.w.org\/{rel}","templated":true}]}}