{"id":230088,"date":"2019-06-10T17:00:25","date_gmt":"2019-06-10T20:00:25","guid":{"rendered":"http:\/\/quersaberpolitica.com.br\/2016\/?p=230088"},"modified":"2019-06-10T11:18:36","modified_gmt":"2019-06-10T14:18:36","slug":"governadores-voltam-a-brasilia-para-discutir-reforma-da-previdencia","status":"publish","type":"post","link":"https:\/\/blogdofarnesio.com.br\/?p=230088","title":{"rendered":"Governadores voltam a Bras\u00edlia para discutir reforma da Previd\u00eancia"},"content":{"rendered":"\n<p>Os chefes dos governos estaduais se re\u00fanem, nesta ter\u00e7a (11), em Bras\u00edlia, na 5\u00aa Reuni\u00e3o do F\u00f3rum de Governadores, com o objetivo de afinar o discursoA pauta prev\u00ea discuss\u00f5es em torno de temas que afetam diretamente o caixa dos governadores.<\/p>\n\n\n\n<p>Com a proximidade da apresenta\u00e7\u00e3o do relat\u00f3rio da reforma da Previd\u00eancia, prevista para esta semana na comiss\u00e3o especial da C\u00e2mara que analisa a proposta, crescem a press\u00e3o e a expectativa de estados e munic\u00edpios para permanecer no texto, como proposto originalmente pelo governo. Nesta&nbsp;ter\u00e7a-feira (11), os chefes dos governos estaduais desembarcam em Bras\u00edlia para a 5\u00aa Reuni\u00e3o do F\u00f3rum de Governadores, com o objetivo de afinar o discurso. A divulga\u00e7\u00e3o antecipada de uma&nbsp;carta p\u00fablica&nbsp;na \u00faltima quinta-feira (6) pelo F\u00f3rum desagradou a alguns governadores da Regi\u00e3o Nordeste.<\/p>\n\n\n\n<p>O documento ressalta a import\u00e2ncia de os estados serem garantidos no texto por causa do d\u00e9ficit nos regimes de aposentadoria e pens\u00e3o de seus servidores. Apesar da assinatura de sete dos nove chefes do Executivo da regi\u00e3o, eles negam que tenham dado o \u201cde acordo\u201d ao documento.&nbsp;A rea\u00e7\u00e3o veio no mesmo dia, por meio de outra carta, assinada por todos os governadores nordestinos. Nela, al\u00e9m do ponto comum que estava na carta do F\u00f3rum, eles acrescentaram pontos espec\u00edficos que querem ver retirados da proposta, como as mudan\u00e7as no Benef\u00edcio de Presta\u00e7\u00e3o Continua (BPC) e nas aposentadorias rurais. Eles questionaram tamb\u00e9m a desconstitucionaliza\u00e7\u00e3o da Previd\u00eancia e o sistema de capitaliza\u00e7\u00e3o, no qual se baseia o regime futuro de Previd\u00eancia.<\/p>\n\n\n\n<h2 class=\"wp-block-heading\">Pauta<\/h2>\n\n\n\n<p>A pauta, previamente distribu\u00edda, do encontro em Bras\u00edlia \u00e9 extensa: prev\u00ea discuss\u00f5es em torno de temas que afetam diretamente o caixa dos governadores. Entre os temas est\u00e3o&nbsp; o chamado de Plano Mansueto &#8211; pacote de ajuda aos estados em dificuldades financeiras &#8211; a Lei Kandir, Cess\u00e3o Onerosa\/ B\u00f4nus de Assinatura al\u00e9m da PEC 51\/19, que trata da amplia\u00e7\u00e3o do Fundo de Participa\u00e7\u00e3o dos Estados (FPE) no Or\u00e7amento da Uni\u00e3o e do Novo Marco Legal do Saneamento B\u00e1sico. A lista tamb\u00e9m traz a reforma da Previd\u00eancia, que deve dominar a maior parte da reuni\u00e3o.&nbsp;Embora o d\u00e9ficit previdenci\u00e1rio dos estados ultrapasse os R$ 90 bilh\u00f5es por ano, l\u00edderes da C\u00e2mara resistem em aprovar regras mais duras para aposentadorias de servidores estaduais e municipais. No Congresso, a avalia\u00e7\u00e3o dos que resistem \u00e0 ideia&nbsp; \u00e9 de que governadores e prefeitos n\u00e3o podem transferir para deputados e senadores o desgaste pol\u00edtico de medidas impopulares nos \u00f3rg\u00e3os legislativos.<\/p>\n\n\n\n<p><\/p>\n\n\n\n<h2 class=\"wp-block-heading\">Munic\u00edpios<\/h2>\n\n\n\n<p>Os munic\u00edpios tamb\u00e9m querem garantir que ser\u00e3o mantidos no texto da reforma da Previd\u00eancia. Na semana passada, o presidente da Confedera\u00e7\u00e3o Nacional dos Munic\u00edpios (CNM), Glademir Aroldi, levou ao presidente e ao relator da comiss\u00e3o especial da reforma, respectivamente Marcelo Ramos (PL-AM) e&nbsp;Samuel Moreira (PSDB-SP),&nbsp;um documento assinado pelos presidentes das entidades estaduais que destaca a import\u00e2ncia de estabelecer um modelo previdenci\u00e1rio sustent\u00e1vel para a atual e as futuras gera\u00e7\u00f5es.<\/p>\n\n\n\n<p>O manifesto estima uma redu\u00e7\u00e3o de despesa de R$ 41 bilh\u00f5es em quatro anos e R$ 170 bilh\u00f5es em dez anos com aposentadorias e pens\u00f5es para os 2.108 munic\u00edpios com Regime Pr\u00f3prio de Previd\u00eancia Social (RPPS). Levantamento feito pela entidade mostra que a redu\u00e7\u00e3o de custos poss\u00edvel, caso haja a reforma, poder\u00e1 motivar os demais munic\u00edpios a adotarem o RPPS.&nbsp;Se os munic\u00edpios criarem um regime pr\u00f3prio, a CNM estima redu\u00e7\u00e3o m\u00e9dia nas taxas de contribui\u00e7\u00e3o de 55% \u2013 referentes \u00e0 al\u00edquota patronal para o RGPS e ao Fundo de Garantia do Tempo de Servi\u00e7o (FGTS). Mesmo para os que se mantiverem no Regime Geral de Previd\u00eancia Social, a PEC traz ganhos ao obrigar a desvincula\u00e7\u00e3o do servidor aposentado de suas fun\u00e7\u00f5es na prefeitura.<\/p>\n\n\n\n<h3 class=\"wp-block-heading\">Leia Tamb\u00e9m<\/h3>\n\n\n\n<ul class=\"wp-block-list\"><li><a href=\"https:\/\/jconline.ne10.uol.com.br\/canal\/politica\/nacional\/noticia\/2019\/06\/06\/em-carta-governadores-do-nordeste-defendem-manutencao-de-estados-na-reforma-380520.php\">Em carta, governadores do Nordeste defendem manuten\u00e7\u00e3o de Estados na reforma<\/a><\/li><li><a href=\"https:\/\/jconline.ne10.uol.com.br\/canal\/politica\/nacional\/noticia\/2019\/06\/05\/governadores-do-ne-tratam-previdencia-como-demonio-diz-bruno-araujo-380359.php\">Governadores do NE tratam Previd\u00eancia como &#8216;dem\u00f4nio&#8217;, diz Bruno Ara\u00fajo<\/a><\/li><li><a href=\"https:\/\/jconline.ne10.uol.com.br\/canal\/politica\/nacional\/noticia\/2019\/05\/24\/governadores-avaliam-que-previdencia-nao-pode-parar-o-brasil-379491.php\">Governadores avaliam que Previd\u00eancia n\u00e3o pode parar o Brasil<\/a><\/li><li><a href=\"https:\/\/jconline.ne10.uol.com.br\/canal\/politica\/nacional\/noticia\/2019\/05\/21\/paulo-camara-e-mais-13-governadores-assinam-carta-contra-decreto-de-armas-379164.php\">Paulo C\u00e2mara e mais 13 governadores assinam carta contra decreto de armas<\/a><\/li><li><a href=\"https:\/\/jconline.ne10.uol.com.br\/canal\/politica\/nacional\/noticia\/2019\/05\/09\/governadores-do-nordeste-pedem-revisao-de-bloqueio-nas-universidades-378358.php\">Governadores do Nordeste pedem revis\u00e3o de bloqueio nas universidades<\/a><\/li><\/ul>\n\n\n\n<p>Convidado a participar da reuni\u00e3o do F\u00f3rum dos Governadores esta semana, Aroldi disse \u00e0&nbsp;Ag\u00eancia Brasil&nbsp;que os prefeitos est\u00e3o em contato com deputados federais de suas regi\u00f5es para pedir apoio \u00e0 inclus\u00e3o deles no texto da reforma. \u201cO corpo a corpo no Congresso est\u00e1 sendo e ser\u00e1 feito at\u00e9 a hora das vota\u00e7\u00f5es\u201d, garantiu.<\/p>\n","protected":false},"excerpt":{"rendered":"<p>Os chefes dos governos estaduais se re\u00fanem, nesta ter\u00e7a (11), em Bras\u00edlia, na 5\u00aa Reuni\u00e3o do F\u00f3rum de Governadores, com o objetivo de afinar o discursoA pauta prev\u00ea discuss\u00f5es em torno de temas que afetam diretamente o caixa dos governadores. Com a proximidade da apresenta\u00e7\u00e3o do relat\u00f3rio da reforma da Previd\u00eancia, prevista para esta semana na comiss\u00e3o especial da C\u00e2mara que analisa a proposta, crescem a press\u00e3o e a expectativa de estados e munic\u00edpios para permanecer no texto, como proposto originalmente pelo governo. Nesta&nbsp;ter\u00e7a-feira (11), os chefes dos governos estaduais desembarcam em Bras\u00edlia para a 5\u00aa Reuni\u00e3o do F\u00f3rum de Governadores, com o objetivo de afinar o discurso. A divulga\u00e7\u00e3o antecipada de uma&nbsp;carta p\u00fablica&nbsp;na \u00faltima quinta-feira (6) pelo F\u00f3rum desagradou&hellip; <\/p>\n","protected":false},"author":1,"featured_media":230092,"comment_status":"closed","ping_status":"closed","sticky":false,"template":"","format":"standard","meta":{"_acf_changed":false,"footnotes":""},"categories":[44],"tags":[],"class_list":["post-230088","post","type-post","status-publish","format-standard","has-post-thumbnail","hentry","category-administracao"],"acf":[],"yoast_head":"<!-- This site is optimized with the Yoast SEO plugin v27.4 - https:\/\/yoast.com\/product\/yoast-seo-wordpress\/ -->\n<title>Governadores voltam a Bras\u00edlia para discutir reforma da Previd\u00eancia - Blog do Farn\u00e9sio<\/title>\n<meta name=\"robots\" content=\"index, follow, max-snippet:-1, max-image-preview:large, max-video-preview:-1\" \/>\n<link rel=\"canonical\" href=\"https:\/\/blogdofarnesio.com.br\/?p=230088\" \/>\n<meta property=\"og:locale\" content=\"pt_BR\" \/>\n<meta property=\"og:type\" content=\"article\" \/>\n<meta property=\"og:title\" content=\"Governadores voltam a Bras\u00edlia para discutir reforma da Previd\u00eancia - Blog do Farn\u00e9sio\" \/>\n<meta property=\"og:description\" content=\"Os chefes dos governos estaduais se re\u00fanem, nesta ter\u00e7a (11), em Bras\u00edlia, na 5\u00aa Reuni\u00e3o do F\u00f3rum de Governadores, com o objetivo de afinar o discursoA pauta prev\u00ea discuss\u00f5es em torno de temas que afetam diretamente o caixa dos governadores. Com a proximidade da apresenta\u00e7\u00e3o do relat\u00f3rio da reforma da Previd\u00eancia, prevista para esta semana na comiss\u00e3o especial da C\u00e2mara que analisa a proposta, crescem a press\u00e3o e a expectativa de estados e munic\u00edpios para permanecer no texto, como proposto originalmente pelo governo. Nesta&nbsp;ter\u00e7a-feira (11), os chefes dos governos estaduais desembarcam em Bras\u00edlia para a 5\u00aa Reuni\u00e3o do F\u00f3rum de Governadores, com o objetivo de afinar o discurso. A divulga\u00e7\u00e3o antecipada de uma&nbsp;carta p\u00fablica&nbsp;na \u00faltima quinta-feira (6) pelo F\u00f3rum desagradou&hellip;\" \/>\n<meta property=\"og:url\" content=\"https:\/\/blogdofarnesio.com.br\/?p=230088\" \/>\n<meta property=\"og:site_name\" content=\"Blog do Farn\u00e9sio\" \/>\n<meta property=\"article:publisher\" content=\"https:\/\/www.facebook.com\/BlogQuerSaberPolitica\/\" \/>\n<meta property=\"article:published_time\" content=\"2019-06-10T20:00:25+00:00\" \/>\n<meta property=\"og:image\" content=\"https:\/\/blogdofarnesio.com.br\/wp-content\/uploads\/2019\/06\/blogqsp-governadores.jpg\" \/>\n\t<meta property=\"og:image:width\" content=\"748\" \/>\n\t<meta property=\"og:image:height\" content=\"410\" \/>\n\t<meta property=\"og:image:type\" content=\"image\/jpeg\" \/>\n<meta name=\"author\" content=\"Farn\u00e9sio\" \/>\n<meta name=\"twitter:card\" content=\"summary_large_image\" \/>\n<meta name=\"twitter:label1\" content=\"Escrito por\" \/>\n\t<meta name=\"twitter:data1\" content=\"Farn\u00e9sio\" \/>\n\t<meta name=\"twitter:label2\" content=\"Est. tempo de leitura\" \/>\n\t<meta name=\"twitter:data2\" content=\"4 minutos\" \/>\n<script type=\"application\/ld+json\" class=\"yoast-schema-graph\">{\"@context\":\"https:\\\/\\\/schema.org\",\"@graph\":[{\"@type\":\"Article\",\"@id\":\"https:\\\/\\\/blogdofarnesio.com.br\\\/?p=230088#article\",\"isPartOf\":{\"@id\":\"https:\\\/\\\/blogdofarnesio.com.br\\\/?p=230088\"},\"author\":{\"name\":\"Farn\u00e9sio\",\"@id\":\"https:\\\/\\\/blogdofarnesio.com.br\\\/#\\\/schema\\\/person\\\/301c4acf522bccbfdb45af95b5b906a1\"},\"headline\":\"Governadores voltam a Bras\u00edlia para discutir reforma da Previd\u00eancia\",\"datePublished\":\"2019-06-10T20:00:25+00:00\",\"mainEntityOfPage\":{\"@id\":\"https:\\\/\\\/blogdofarnesio.com.br\\\/?p=230088\"},\"wordCount\":819,\"publisher\":{\"@id\":\"https:\\\/\\\/blogdofarnesio.com.br\\\/#organization\"},\"image\":{\"@id\":\"https:\\\/\\\/blogdofarnesio.com.br\\\/?p=230088#primaryimage\"},\"thumbnailUrl\":\"https:\\\/\\\/blogdofarnesio.com.br\\\/wp-content\\\/uploads\\\/2019\\\/06\\\/blogqsp-governadores.jpg\",\"articleSection\":[\"Administra\u00e7\u00e3o\"],\"inLanguage\":\"pt-BR\"},{\"@type\":\"WebPage\",\"@id\":\"https:\\\/\\\/blogdofarnesio.com.br\\\/?p=230088\",\"url\":\"https:\\\/\\\/blogdofarnesio.com.br\\\/?p=230088\",\"name\":\"Governadores voltam a Bras\u00edlia para discutir reforma da Previd\u00eancia - Blog do Farn\u00e9sio\",\"isPartOf\":{\"@id\":\"https:\\\/\\\/blogdofarnesio.com.br\\\/#website\"},\"primaryImageOfPage\":{\"@id\":\"https:\\\/\\\/blogdofarnesio.com.br\\\/?p=230088#primaryimage\"},\"image\":{\"@id\":\"https:\\\/\\\/blogdofarnesio.com.br\\\/?p=230088#primaryimage\"},\"thumbnailUrl\":\"https:\\\/\\\/blogdofarnesio.com.br\\\/wp-content\\\/uploads\\\/2019\\\/06\\\/blogqsp-governadores.jpg\",\"datePublished\":\"2019-06-10T20:00:25+00:00\",\"breadcrumb\":{\"@id\":\"https:\\\/\\\/blogdofarnesio.com.br\\\/?p=230088#breadcrumb\"},\"inLanguage\":\"pt-BR\",\"potentialAction\":[{\"@type\":\"ReadAction\",\"target\":[\"https:\\\/\\\/blogdofarnesio.com.br\\\/?p=230088\"]}]},{\"@type\":\"ImageObject\",\"inLanguage\":\"pt-BR\",\"@id\":\"https:\\\/\\\/blogdofarnesio.com.br\\\/?p=230088#primaryimage\",\"url\":\"https:\\\/\\\/blogdofarnesio.com.br\\\/wp-content\\\/uploads\\\/2019\\\/06\\\/blogqsp-governadores.jpg\",\"contentUrl\":\"https:\\\/\\\/blogdofarnesio.com.br\\\/wp-content\\\/uploads\\\/2019\\\/06\\\/blogqsp-governadores.jpg\",\"width\":748,\"height\":410},{\"@type\":\"BreadcrumbList\",\"@id\":\"https:\\\/\\\/blogdofarnesio.com.br\\\/?p=230088#breadcrumb\",\"itemListElement\":[{\"@type\":\"ListItem\",\"position\":1,\"name\":\"In\u00edcio\",\"item\":\"https:\\\/\\\/blogdofarnesio.com.br\\\/\"},{\"@type\":\"ListItem\",\"position\":2,\"name\":\"Governadores voltam a Bras\u00edlia para discutir reforma da Previd\u00eancia\"}]},{\"@type\":\"WebSite\",\"@id\":\"https:\\\/\\\/blogdofarnesio.com.br\\\/#website\",\"url\":\"https:\\\/\\\/blogdofarnesio.com.br\\\/\",\"name\":\"Blog do Farn\u00e9sio\",\"description\":\"Quer Saber Pol\u00edtica?\",\"publisher\":{\"@id\":\"https:\\\/\\\/blogdofarnesio.com.br\\\/#organization\"},\"potentialAction\":[{\"@type\":\"SearchAction\",\"target\":{\"@type\":\"EntryPoint\",\"urlTemplate\":\"https:\\\/\\\/blogdofarnesio.com.br\\\/?s={search_term_string}\"},\"query-input\":{\"@type\":\"PropertyValueSpecification\",\"valueRequired\":true,\"valueName\":\"search_term_string\"}}],\"inLanguage\":\"pt-BR\"},{\"@type\":\"Organization\",\"@id\":\"https:\\\/\\\/blogdofarnesio.com.br\\\/#organization\",\"name\":\"Blog do Farn\u00e9sio\",\"url\":\"https:\\\/\\\/blogdofarnesio.com.br\\\/\",\"logo\":{\"@type\":\"ImageObject\",\"inLanguage\":\"pt-BR\",\"@id\":\"https:\\\/\\\/blogdofarnesio.com.br\\\/#\\\/schema\\\/logo\\\/image\\\/\",\"url\":\"https:\\\/\\\/blogdofarnesio.com.br\\\/wp-content\\\/uploads\\\/2026\\\/03\\\/cropped-logo_new-1.png\",\"contentUrl\":\"https:\\\/\\\/blogdofarnesio.com.br\\\/wp-content\\\/uploads\\\/2026\\\/03\\\/cropped-logo_new-1.png\",\"width\":881,\"height\":685,\"caption\":\"Blog do Farn\u00e9sio\"},\"image\":{\"@id\":\"https:\\\/\\\/blogdofarnesio.com.br\\\/#\\\/schema\\\/logo\\\/image\\\/\"},\"sameAs\":[\"https:\\\/\\\/www.facebook.com\\\/BlogQuerSaberPolitica\\\/\"]},{\"@type\":\"Person\",\"@id\":\"https:\\\/\\\/blogdofarnesio.com.br\\\/#\\\/schema\\\/person\\\/301c4acf522bccbfdb45af95b5b906a1\",\"name\":\"Farn\u00e9sio\",\"image\":{\"@type\":\"ImageObject\",\"inLanguage\":\"pt-BR\",\"@id\":\"https:\\\/\\\/secure.gravatar.com\\\/avatar\\\/df0c9a14567c056f8ad6876ba5bbd1e3e2c48023eb6807342fc4663adf549f38?s=96&d=mm&r=g\",\"url\":\"https:\\\/\\\/secure.gravatar.com\\\/avatar\\\/df0c9a14567c056f8ad6876ba5bbd1e3e2c48023eb6807342fc4663adf549f38?s=96&d=mm&r=g\",\"contentUrl\":\"https:\\\/\\\/secure.gravatar.com\\\/avatar\\\/df0c9a14567c056f8ad6876ba5bbd1e3e2c48023eb6807342fc4663adf549f38?s=96&d=mm&r=g\",\"caption\":\"Farn\u00e9sio\"},\"sameAs\":[\"https:\\\/\\\/quersaberpolitica.com.br\"],\"url\":\"https:\\\/\\\/blogdofarnesio.com.br\\\/?author=1\"}]}<\/script>\n<!-- \/ Yoast SEO plugin. -->","yoast_head_json":{"title":"Governadores voltam a Bras\u00edlia para discutir reforma da Previd\u00eancia - Blog do Farn\u00e9sio","robots":{"index":"index","follow":"follow","max-snippet":"max-snippet:-1","max-image-preview":"max-image-preview:large","max-video-preview":"max-video-preview:-1"},"canonical":"https:\/\/blogdofarnesio.com.br\/?p=230088","og_locale":"pt_BR","og_type":"article","og_title":"Governadores voltam a Bras\u00edlia para discutir reforma da Previd\u00eancia - Blog do Farn\u00e9sio","og_description":"Os chefes dos governos estaduais se re\u00fanem, nesta ter\u00e7a (11), em Bras\u00edlia, na 5\u00aa Reuni\u00e3o do F\u00f3rum de Governadores, com o objetivo de afinar o discursoA pauta prev\u00ea discuss\u00f5es em torno de temas que afetam diretamente o caixa dos governadores. Com a proximidade da apresenta\u00e7\u00e3o do relat\u00f3rio da reforma da Previd\u00eancia, prevista para esta semana na comiss\u00e3o especial da C\u00e2mara que analisa a proposta, crescem a press\u00e3o e a expectativa de estados e munic\u00edpios para permanecer no texto, como proposto originalmente pelo governo. Nesta&nbsp;ter\u00e7a-feira (11), os chefes dos governos estaduais desembarcam em Bras\u00edlia para a 5\u00aa Reuni\u00e3o do F\u00f3rum de Governadores, com o objetivo de afinar o discurso. A divulga\u00e7\u00e3o antecipada de uma&nbsp;carta p\u00fablica&nbsp;na \u00faltima quinta-feira (6) pelo F\u00f3rum desagradou&hellip;","og_url":"https:\/\/blogdofarnesio.com.br\/?p=230088","og_site_name":"Blog do Farn\u00e9sio","article_publisher":"https:\/\/www.facebook.com\/BlogQuerSaberPolitica\/","article_published_time":"2019-06-10T20:00:25+00:00","og_image":[{"width":748,"height":410,"url":"https:\/\/blogdofarnesio.com.br\/wp-content\/uploads\/2019\/06\/blogqsp-governadores.jpg","type":"image\/jpeg"}],"author":"Farn\u00e9sio","twitter_card":"summary_large_image","twitter_misc":{"Escrito por":"Farn\u00e9sio","Est. tempo de leitura":"4 minutos"},"schema":{"@context":"https:\/\/schema.org","@graph":[{"@type":"Article","@id":"https:\/\/blogdofarnesio.com.br\/?p=230088#article","isPartOf":{"@id":"https:\/\/blogdofarnesio.com.br\/?p=230088"},"author":{"name":"Farn\u00e9sio","@id":"https:\/\/blogdofarnesio.com.br\/#\/schema\/person\/301c4acf522bccbfdb45af95b5b906a1"},"headline":"Governadores voltam a Bras\u00edlia para discutir reforma da Previd\u00eancia","datePublished":"2019-06-10T20:00:25+00:00","mainEntityOfPage":{"@id":"https:\/\/blogdofarnesio.com.br\/?p=230088"},"wordCount":819,"publisher":{"@id":"https:\/\/blogdofarnesio.com.br\/#organization"},"image":{"@id":"https:\/\/blogdofarnesio.com.br\/?p=230088#primaryimage"},"thumbnailUrl":"https:\/\/blogdofarnesio.com.br\/wp-content\/uploads\/2019\/06\/blogqsp-governadores.jpg","articleSection":["Administra\u00e7\u00e3o"],"inLanguage":"pt-BR"},{"@type":"WebPage","@id":"https:\/\/blogdofarnesio.com.br\/?p=230088","url":"https:\/\/blogdofarnesio.com.br\/?p=230088","name":"Governadores voltam a Bras\u00edlia para discutir reforma da Previd\u00eancia - Blog do Farn\u00e9sio","isPartOf":{"@id":"https:\/\/blogdofarnesio.com.br\/#website"},"primaryImageOfPage":{"@id":"https:\/\/blogdofarnesio.com.br\/?p=230088#primaryimage"},"image":{"@id":"https:\/\/blogdofarnesio.com.br\/?p=230088#primaryimage"},"thumbnailUrl":"https:\/\/blogdofarnesio.com.br\/wp-content\/uploads\/2019\/06\/blogqsp-governadores.jpg","datePublished":"2019-06-10T20:00:25+00:00","breadcrumb":{"@id":"https:\/\/blogdofarnesio.com.br\/?p=230088#breadcrumb"},"inLanguage":"pt-BR","potentialAction":[{"@type":"ReadAction","target":["https:\/\/blogdofarnesio.com.br\/?p=230088"]}]},{"@type":"ImageObject","inLanguage":"pt-BR","@id":"https:\/\/blogdofarnesio.com.br\/?p=230088#primaryimage","url":"https:\/\/blogdofarnesio.com.br\/wp-content\/uploads\/2019\/06\/blogqsp-governadores.jpg","contentUrl":"https:\/\/blogdofarnesio.com.br\/wp-content\/uploads\/2019\/06\/blogqsp-governadores.jpg","width":748,"height":410},{"@type":"BreadcrumbList","@id":"https:\/\/blogdofarnesio.com.br\/?p=230088#breadcrumb","itemListElement":[{"@type":"ListItem","position":1,"name":"In\u00edcio","item":"https:\/\/blogdofarnesio.com.br\/"},{"@type":"ListItem","position":2,"name":"Governadores voltam a Bras\u00edlia para discutir reforma da Previd\u00eancia"}]},{"@type":"WebSite","@id":"https:\/\/blogdofarnesio.com.br\/#website","url":"https:\/\/blogdofarnesio.com.br\/","name":"Blog do Farn\u00e9sio","description":"Quer Saber Pol\u00edtica?","publisher":{"@id":"https:\/\/blogdofarnesio.com.br\/#organization"},"potentialAction":[{"@type":"SearchAction","target":{"@type":"EntryPoint","urlTemplate":"https:\/\/blogdofarnesio.com.br\/?s={search_term_string}"},"query-input":{"@type":"PropertyValueSpecification","valueRequired":true,"valueName":"search_term_string"}}],"inLanguage":"pt-BR"},{"@type":"Organization","@id":"https:\/\/blogdofarnesio.com.br\/#organization","name":"Blog do Farn\u00e9sio","url":"https:\/\/blogdofarnesio.com.br\/","logo":{"@type":"ImageObject","inLanguage":"pt-BR","@id":"https:\/\/blogdofarnesio.com.br\/#\/schema\/logo\/image\/","url":"https:\/\/blogdofarnesio.com.br\/wp-content\/uploads\/2026\/03\/cropped-logo_new-1.png","contentUrl":"https:\/\/blogdofarnesio.com.br\/wp-content\/uploads\/2026\/03\/cropped-logo_new-1.png","width":881,"height":685,"caption":"Blog do Farn\u00e9sio"},"image":{"@id":"https:\/\/blogdofarnesio.com.br\/#\/schema\/logo\/image\/"},"sameAs":["https:\/\/www.facebook.com\/BlogQuerSaberPolitica\/"]},{"@type":"Person","@id":"https:\/\/blogdofarnesio.com.br\/#\/schema\/person\/301c4acf522bccbfdb45af95b5b906a1","name":"Farn\u00e9sio","image":{"@type":"ImageObject","inLanguage":"pt-BR","@id":"https:\/\/secure.gravatar.com\/avatar\/df0c9a14567c056f8ad6876ba5bbd1e3e2c48023eb6807342fc4663adf549f38?s=96&d=mm&r=g","url":"https:\/\/secure.gravatar.com\/avatar\/df0c9a14567c056f8ad6876ba5bbd1e3e2c48023eb6807342fc4663adf549f38?s=96&d=mm&r=g","contentUrl":"https:\/\/secure.gravatar.com\/avatar\/df0c9a14567c056f8ad6876ba5bbd1e3e2c48023eb6807342fc4663adf549f38?s=96&d=mm&r=g","caption":"Farn\u00e9sio"},"sameAs":["https:\/\/quersaberpolitica.com.br"],"url":"https:\/\/blogdofarnesio.com.br\/?author=1"}]}},"_links":{"self":[{"href":"https:\/\/blogdofarnesio.com.br\/index.php?rest_route=\/wp\/v2\/posts\/230088","targetHints":{"allow":["GET"]}}],"collection":[{"href":"https:\/\/blogdofarnesio.com.br\/index.php?rest_route=\/wp\/v2\/posts"}],"about":[{"href":"https:\/\/blogdofarnesio.com.br\/index.php?rest_route=\/wp\/v2\/types\/post"}],"author":[{"embeddable":true,"href":"https:\/\/blogdofarnesio.com.br\/index.php?rest_route=\/wp\/v2\/users\/1"}],"replies":[{"embeddable":true,"href":"https:\/\/blogdofarnesio.com.br\/index.php?rest_route=%2Fwp%2Fv2%2Fcomments&post=230088"}],"version-history":[{"count":0,"href":"https:\/\/blogdofarnesio.com.br\/index.php?rest_route=\/wp\/v2\/posts\/230088\/revisions"}],"wp:featuredmedia":[{"embeddable":true,"href":"https:\/\/blogdofarnesio.com.br\/index.php?rest_route=\/wp\/v2\/media\/230092"}],"wp:attachment":[{"href":"https:\/\/blogdofarnesio.com.br\/index.php?rest_route=%2Fwp%2Fv2%2Fmedia&parent=230088"}],"wp:term":[{"taxonomy":"category","embeddable":true,"href":"https:\/\/blogdofarnesio.com.br\/index.php?rest_route=%2Fwp%2Fv2%2Fcategories&post=230088"},{"taxonomy":"post_tag","embeddable":true,"href":"https:\/\/blogdofarnesio.com.br\/index.php?rest_route=%2Fwp%2Fv2%2Ftags&post=230088"}],"curies":[{"name":"wp","href":"https:\/\/api.w.org\/{rel}","templated":true}]}}