{"id":230064,"date":"2019-06-10T10:21:46","date_gmt":"2019-06-10T13:21:46","guid":{"rendered":"http:\/\/quersaberpolitica.com.br\/2016\/?p=230064"},"modified":"2019-06-09T18:11:24","modified_gmt":"2019-06-09T21:11:24","slug":"moveis-comercializadas-irregularmente-em-area-publica-de-petrolina-sao-apreendidos","status":"publish","type":"post","link":"https:\/\/blogdofarnesio.com.br\/?p=230064","title":{"rendered":"M\u00f3veis comercializadas irregularmente em \u00e1rea p\u00fablica de Petrolina s\u00e3o apreendidos"},"content":{"rendered":"\n<p>Mercadorias que estavam sendo comercializadas irregularmente na Avenida Cardoso de S\u00e1, em Petrolina, foram apreendidas na manh\u00e3 deste s\u00e1bado (8), pela equipe de disciplinamento urbano da Prefeitura de Petrolina. Os ambulantes estavam usando vias p\u00fablicas sem autoriza\u00e7\u00e3o para expor m\u00f3veis trazidos do Sul do pa\u00eds.<\/p>\n\n\n\n<p>De acordo com a equipe da Secretaria de Desenvolvimento Urbano e Habita\u00e7\u00e3o, os respons\u00e1veis tinham a autoriza\u00e7\u00e3o para comercializar a mercadoria em outros munic\u00edpios, mas n\u00e3o haviam solicitado a permiss\u00e3o aqui em Petrolina. Todos os m\u00f3veis foram encaminhados para um dep\u00f3sito, onde ficar\u00e3o guardados at\u00e9 que os propriet\u00e1rios fa\u00e7am o resgate e o pagamento das taxas devidas. A opera\u00e7\u00e3o foi em parceria com a Guarda Civil Municipal.&nbsp;<\/p>\n\n\n\n<p>Texto: Andr\u00e9a Meireles<\/p>\n","protected":false},"excerpt":{"rendered":"<p>Mercadorias que estavam sendo comercializadas irregularmente na Avenida Cardoso de S\u00e1, em Petrolina, foram apreendidas na manh\u00e3 deste s\u00e1bado (8), pela equipe de disciplinamento urbano da Prefeitura de Petrolina. Os ambulantes estavam usando vias p\u00fablicas sem autoriza\u00e7\u00e3o para expor m\u00f3veis trazidos do Sul do pa\u00eds. De acordo com a equipe da Secretaria de Desenvolvimento Urbano e Habita\u00e7\u00e3o, os respons\u00e1veis tinham a autoriza\u00e7\u00e3o para comercializar a mercadoria em outros munic\u00edpios, mas n\u00e3o haviam solicitado a permiss\u00e3o aqui em Petrolina. Todos os m\u00f3veis foram encaminhados para um dep\u00f3sito, onde ficar\u00e3o guardados at\u00e9 que os propriet\u00e1rios fa\u00e7am o resgate e o pagamento das taxas devidas. A opera\u00e7\u00e3o foi em parceria com a Guarda Civil Municipal.&nbsp; Texto: Andr\u00e9a Meireles<\/p>\n","protected":false},"author":1,"featured_media":230066,"comment_status":"closed","ping_status":"closed","sticky":false,"template":"","format":"standard","meta":{"_acf_changed":false,"footnotes":""},"categories":[44],"tags":[],"class_list":["post-230064","post","type-post","status-publish","format-standard","has-post-thumbnail","hentry","category-administracao"],"acf":[],"yoast_head":"<!-- This site is optimized with the Yoast SEO plugin v27.4 - https:\/\/yoast.com\/product\/yoast-seo-wordpress\/ -->\n<title>M\u00f3veis comercializadas irregularmente em \u00e1rea p\u00fablica de Petrolina s\u00e3o apreendidos - Blog do Farn\u00e9sio<\/title>\n<meta name=\"robots\" content=\"index, follow, max-snippet:-1, max-image-preview:large, max-video-preview:-1\" \/>\n<link rel=\"canonical\" href=\"https:\/\/blogdofarnesio.com.br\/?p=230064\" \/>\n<meta property=\"og:locale\" content=\"pt_BR\" \/>\n<meta property=\"og:type\" content=\"article\" \/>\n<meta property=\"og:title\" content=\"M\u00f3veis comercializadas irregularmente em \u00e1rea p\u00fablica de Petrolina s\u00e3o apreendidos - Blog do Farn\u00e9sio\" \/>\n<meta property=\"og:description\" content=\"Mercadorias que estavam sendo comercializadas irregularmente na Avenida Cardoso de S\u00e1, em Petrolina, foram apreendidas na manh\u00e3 deste s\u00e1bado (8), pela equipe de disciplinamento urbano da Prefeitura de Petrolina. Os ambulantes estavam usando vias p\u00fablicas sem autoriza\u00e7\u00e3o para expor m\u00f3veis trazidos do Sul do pa\u00eds. De acordo com a equipe da Secretaria de Desenvolvimento Urbano e Habita\u00e7\u00e3o, os respons\u00e1veis tinham a autoriza\u00e7\u00e3o para comercializar a mercadoria em outros munic\u00edpios, mas n\u00e3o haviam solicitado a permiss\u00e3o aqui em Petrolina. Todos os m\u00f3veis foram encaminhados para um dep\u00f3sito, onde ficar\u00e3o guardados at\u00e9 que os propriet\u00e1rios fa\u00e7am o resgate e o pagamento das taxas devidas. A opera\u00e7\u00e3o foi em parceria com a Guarda Civil Municipal.&nbsp; Texto: Andr\u00e9a Meireles\" \/>\n<meta property=\"og:url\" content=\"https:\/\/blogdofarnesio.com.br\/?p=230064\" \/>\n<meta property=\"og:site_name\" content=\"Blog do Farn\u00e9sio\" \/>\n<meta property=\"article:publisher\" content=\"https:\/\/www.facebook.com\/BlogQuerSaberPolitica\/\" \/>\n<meta property=\"article:published_time\" content=\"2019-06-10T13:21:46+00:00\" \/>\n<meta property=\"og:image\" content=\"https:\/\/blogdofarnesio.com.br\/wp-content\/uploads\/2019\/06\/blogqsppet-APREENS\u00c3O-M\u00d3VEIS-3.jpeg\" \/>\n\t<meta property=\"og:image:width\" content=\"640\" \/>\n\t<meta property=\"og:image:height\" content=\"311\" \/>\n\t<meta property=\"og:image:type\" content=\"image\/jpeg\" \/>\n<meta name=\"author\" content=\"Farn\u00e9sio\" \/>\n<meta name=\"twitter:card\" content=\"summary_large_image\" \/>\n<meta name=\"twitter:label1\" content=\"Escrito por\" \/>\n\t<meta name=\"twitter:data1\" content=\"Farn\u00e9sio\" \/>\n\t<meta name=\"twitter:label2\" content=\"Est. tempo de leitura\" \/>\n\t<meta name=\"twitter:data2\" content=\"1 minuto\" \/>\n<script type=\"application\/ld+json\" class=\"yoast-schema-graph\">{\"@context\":\"https:\\\/\\\/schema.org\",\"@graph\":[{\"@type\":\"Article\",\"@id\":\"https:\\\/\\\/blogdofarnesio.com.br\\\/?p=230064#article\",\"isPartOf\":{\"@id\":\"https:\\\/\\\/blogdofarnesio.com.br\\\/?p=230064\"},\"author\":{\"name\":\"Farn\u00e9sio\",\"@id\":\"https:\\\/\\\/blogdofarnesio.com.br\\\/#\\\/schema\\\/person\\\/301c4acf522bccbfdb45af95b5b906a1\"},\"headline\":\"M\u00f3veis comercializadas irregularmente em \u00e1rea p\u00fablica de Petrolina s\u00e3o apreendidos\",\"datePublished\":\"2019-06-10T13:21:46+00:00\",\"mainEntityOfPage\":{\"@id\":\"https:\\\/\\\/blogdofarnesio.com.br\\\/?p=230064\"},\"wordCount\":146,\"publisher\":{\"@id\":\"https:\\\/\\\/blogdofarnesio.com.br\\\/#organization\"},\"image\":{\"@id\":\"https:\\\/\\\/blogdofarnesio.com.br\\\/?p=230064#primaryimage\"},\"thumbnailUrl\":\"https:\\\/\\\/blogdofarnesio.com.br\\\/wp-content\\\/uploads\\\/2019\\\/06\\\/blogqsppet-APREENS\u00c3O-M\u00d3VEIS-3.jpeg\",\"articleSection\":[\"Administra\u00e7\u00e3o\"],\"inLanguage\":\"pt-BR\"},{\"@type\":\"WebPage\",\"@id\":\"https:\\\/\\\/blogdofarnesio.com.br\\\/?p=230064\",\"url\":\"https:\\\/\\\/blogdofarnesio.com.br\\\/?p=230064\",\"name\":\"M\u00f3veis comercializadas irregularmente em \u00e1rea p\u00fablica de Petrolina s\u00e3o apreendidos - Blog do Farn\u00e9sio\",\"isPartOf\":{\"@id\":\"https:\\\/\\\/blogdofarnesio.com.br\\\/#website\"},\"primaryImageOfPage\":{\"@id\":\"https:\\\/\\\/blogdofarnesio.com.br\\\/?p=230064#primaryimage\"},\"image\":{\"@id\":\"https:\\\/\\\/blogdofarnesio.com.br\\\/?p=230064#primaryimage\"},\"thumbnailUrl\":\"https:\\\/\\\/blogdofarnesio.com.br\\\/wp-content\\\/uploads\\\/2019\\\/06\\\/blogqsppet-APREENS\u00c3O-M\u00d3VEIS-3.jpeg\",\"datePublished\":\"2019-06-10T13:21:46+00:00\",\"breadcrumb\":{\"@id\":\"https:\\\/\\\/blogdofarnesio.com.br\\\/?p=230064#breadcrumb\"},\"inLanguage\":\"pt-BR\",\"potentialAction\":[{\"@type\":\"ReadAction\",\"target\":[\"https:\\\/\\\/blogdofarnesio.com.br\\\/?p=230064\"]}]},{\"@type\":\"ImageObject\",\"inLanguage\":\"pt-BR\",\"@id\":\"https:\\\/\\\/blogdofarnesio.com.br\\\/?p=230064#primaryimage\",\"url\":\"https:\\\/\\\/blogdofarnesio.com.br\\\/wp-content\\\/uploads\\\/2019\\\/06\\\/blogqsppet-APREENS\u00c3O-M\u00d3VEIS-3.jpeg\",\"contentUrl\":\"https:\\\/\\\/blogdofarnesio.com.br\\\/wp-content\\\/uploads\\\/2019\\\/06\\\/blogqsppet-APREENS\u00c3O-M\u00d3VEIS-3.jpeg\",\"width\":640,\"height\":311},{\"@type\":\"BreadcrumbList\",\"@id\":\"https:\\\/\\\/blogdofarnesio.com.br\\\/?p=230064#breadcrumb\",\"itemListElement\":[{\"@type\":\"ListItem\",\"position\":1,\"name\":\"In\u00edcio\",\"item\":\"https:\\\/\\\/blogdofarnesio.com.br\\\/\"},{\"@type\":\"ListItem\",\"position\":2,\"name\":\"M\u00f3veis comercializadas irregularmente em \u00e1rea p\u00fablica de Petrolina s\u00e3o apreendidos\"}]},{\"@type\":\"WebSite\",\"@id\":\"https:\\\/\\\/blogdofarnesio.com.br\\\/#website\",\"url\":\"https:\\\/\\\/blogdofarnesio.com.br\\\/\",\"name\":\"Blog do Farn\u00e9sio\",\"description\":\"Quer Saber Pol\u00edtica?\",\"publisher\":{\"@id\":\"https:\\\/\\\/blogdofarnesio.com.br\\\/#organization\"},\"potentialAction\":[{\"@type\":\"SearchAction\",\"target\":{\"@type\":\"EntryPoint\",\"urlTemplate\":\"https:\\\/\\\/blogdofarnesio.com.br\\\/?s={search_term_string}\"},\"query-input\":{\"@type\":\"PropertyValueSpecification\",\"valueRequired\":true,\"valueName\":\"search_term_string\"}}],\"inLanguage\":\"pt-BR\"},{\"@type\":\"Organization\",\"@id\":\"https:\\\/\\\/blogdofarnesio.com.br\\\/#organization\",\"name\":\"Blog do Farn\u00e9sio\",\"url\":\"https:\\\/\\\/blogdofarnesio.com.br\\\/\",\"logo\":{\"@type\":\"ImageObject\",\"inLanguage\":\"pt-BR\",\"@id\":\"https:\\\/\\\/blogdofarnesio.com.br\\\/#\\\/schema\\\/logo\\\/image\\\/\",\"url\":\"https:\\\/\\\/blogdofarnesio.com.br\\\/wp-content\\\/uploads\\\/2026\\\/03\\\/cropped-logo_new-1.png\",\"contentUrl\":\"https:\\\/\\\/blogdofarnesio.com.br\\\/wp-content\\\/uploads\\\/2026\\\/03\\\/cropped-logo_new-1.png\",\"width\":881,\"height\":685,\"caption\":\"Blog do Farn\u00e9sio\"},\"image\":{\"@id\":\"https:\\\/\\\/blogdofarnesio.com.br\\\/#\\\/schema\\\/logo\\\/image\\\/\"},\"sameAs\":[\"https:\\\/\\\/www.facebook.com\\\/BlogQuerSaberPolitica\\\/\"]},{\"@type\":\"Person\",\"@id\":\"https:\\\/\\\/blogdofarnesio.com.br\\\/#\\\/schema\\\/person\\\/301c4acf522bccbfdb45af95b5b906a1\",\"name\":\"Farn\u00e9sio\",\"image\":{\"@type\":\"ImageObject\",\"inLanguage\":\"pt-BR\",\"@id\":\"https:\\\/\\\/secure.gravatar.com\\\/avatar\\\/df0c9a14567c056f8ad6876ba5bbd1e3e2c48023eb6807342fc4663adf549f38?s=96&d=mm&r=g\",\"url\":\"https:\\\/\\\/secure.gravatar.com\\\/avatar\\\/df0c9a14567c056f8ad6876ba5bbd1e3e2c48023eb6807342fc4663adf549f38?s=96&d=mm&r=g\",\"contentUrl\":\"https:\\\/\\\/secure.gravatar.com\\\/avatar\\\/df0c9a14567c056f8ad6876ba5bbd1e3e2c48023eb6807342fc4663adf549f38?s=96&d=mm&r=g\",\"caption\":\"Farn\u00e9sio\"},\"sameAs\":[\"https:\\\/\\\/quersaberpolitica.com.br\"],\"url\":\"https:\\\/\\\/blogdofarnesio.com.br\\\/?author=1\"}]}<\/script>\n<!-- \/ Yoast SEO plugin. -->","yoast_head_json":{"title":"M\u00f3veis comercializadas irregularmente em \u00e1rea p\u00fablica de Petrolina s\u00e3o apreendidos - Blog do Farn\u00e9sio","robots":{"index":"index","follow":"follow","max-snippet":"max-snippet:-1","max-image-preview":"max-image-preview:large","max-video-preview":"max-video-preview:-1"},"canonical":"https:\/\/blogdofarnesio.com.br\/?p=230064","og_locale":"pt_BR","og_type":"article","og_title":"M\u00f3veis comercializadas irregularmente em \u00e1rea p\u00fablica de Petrolina s\u00e3o apreendidos - Blog do Farn\u00e9sio","og_description":"Mercadorias que estavam sendo comercializadas irregularmente na Avenida Cardoso de S\u00e1, em Petrolina, foram apreendidas na manh\u00e3 deste s\u00e1bado (8), pela equipe de disciplinamento urbano da Prefeitura de Petrolina. Os ambulantes estavam usando vias p\u00fablicas sem autoriza\u00e7\u00e3o para expor m\u00f3veis trazidos do Sul do pa\u00eds. De acordo com a equipe da Secretaria de Desenvolvimento Urbano e Habita\u00e7\u00e3o, os respons\u00e1veis tinham a autoriza\u00e7\u00e3o para comercializar a mercadoria em outros munic\u00edpios, mas n\u00e3o haviam solicitado a permiss\u00e3o aqui em Petrolina. Todos os m\u00f3veis foram encaminhados para um dep\u00f3sito, onde ficar\u00e3o guardados at\u00e9 que os propriet\u00e1rios fa\u00e7am o resgate e o pagamento das taxas devidas. A opera\u00e7\u00e3o foi em parceria com a Guarda Civil Municipal.&nbsp; Texto: Andr\u00e9a Meireles","og_url":"https:\/\/blogdofarnesio.com.br\/?p=230064","og_site_name":"Blog do Farn\u00e9sio","article_publisher":"https:\/\/www.facebook.com\/BlogQuerSaberPolitica\/","article_published_time":"2019-06-10T13:21:46+00:00","og_image":[{"width":640,"height":311,"url":"https:\/\/blogdofarnesio.com.br\/wp-content\/uploads\/2019\/06\/blogqsppet-APREENS\u00c3O-M\u00d3VEIS-3.jpeg","type":"image\/jpeg"}],"author":"Farn\u00e9sio","twitter_card":"summary_large_image","twitter_misc":{"Escrito por":"Farn\u00e9sio","Est. tempo de leitura":"1 minuto"},"schema":{"@context":"https:\/\/schema.org","@graph":[{"@type":"Article","@id":"https:\/\/blogdofarnesio.com.br\/?p=230064#article","isPartOf":{"@id":"https:\/\/blogdofarnesio.com.br\/?p=230064"},"author":{"name":"Farn\u00e9sio","@id":"https:\/\/blogdofarnesio.com.br\/#\/schema\/person\/301c4acf522bccbfdb45af95b5b906a1"},"headline":"M\u00f3veis comercializadas irregularmente em \u00e1rea p\u00fablica de Petrolina s\u00e3o apreendidos","datePublished":"2019-06-10T13:21:46+00:00","mainEntityOfPage":{"@id":"https:\/\/blogdofarnesio.com.br\/?p=230064"},"wordCount":146,"publisher":{"@id":"https:\/\/blogdofarnesio.com.br\/#organization"},"image":{"@id":"https:\/\/blogdofarnesio.com.br\/?p=230064#primaryimage"},"thumbnailUrl":"https:\/\/blogdofarnesio.com.br\/wp-content\/uploads\/2019\/06\/blogqsppet-APREENS\u00c3O-M\u00d3VEIS-3.jpeg","articleSection":["Administra\u00e7\u00e3o"],"inLanguage":"pt-BR"},{"@type":"WebPage","@id":"https:\/\/blogdofarnesio.com.br\/?p=230064","url":"https:\/\/blogdofarnesio.com.br\/?p=230064","name":"M\u00f3veis comercializadas irregularmente em \u00e1rea p\u00fablica de Petrolina s\u00e3o apreendidos - Blog do Farn\u00e9sio","isPartOf":{"@id":"https:\/\/blogdofarnesio.com.br\/#website"},"primaryImageOfPage":{"@id":"https:\/\/blogdofarnesio.com.br\/?p=230064#primaryimage"},"image":{"@id":"https:\/\/blogdofarnesio.com.br\/?p=230064#primaryimage"},"thumbnailUrl":"https:\/\/blogdofarnesio.com.br\/wp-content\/uploads\/2019\/06\/blogqsppet-APREENS\u00c3O-M\u00d3VEIS-3.jpeg","datePublished":"2019-06-10T13:21:46+00:00","breadcrumb":{"@id":"https:\/\/blogdofarnesio.com.br\/?p=230064#breadcrumb"},"inLanguage":"pt-BR","potentialAction":[{"@type":"ReadAction","target":["https:\/\/blogdofarnesio.com.br\/?p=230064"]}]},{"@type":"ImageObject","inLanguage":"pt-BR","@id":"https:\/\/blogdofarnesio.com.br\/?p=230064#primaryimage","url":"https:\/\/blogdofarnesio.com.br\/wp-content\/uploads\/2019\/06\/blogqsppet-APREENS\u00c3O-M\u00d3VEIS-3.jpeg","contentUrl":"https:\/\/blogdofarnesio.com.br\/wp-content\/uploads\/2019\/06\/blogqsppet-APREENS\u00c3O-M\u00d3VEIS-3.jpeg","width":640,"height":311},{"@type":"BreadcrumbList","@id":"https:\/\/blogdofarnesio.com.br\/?p=230064#breadcrumb","itemListElement":[{"@type":"ListItem","position":1,"name":"In\u00edcio","item":"https:\/\/blogdofarnesio.com.br\/"},{"@type":"ListItem","position":2,"name":"M\u00f3veis comercializadas irregularmente em \u00e1rea p\u00fablica de Petrolina s\u00e3o apreendidos"}]},{"@type":"WebSite","@id":"https:\/\/blogdofarnesio.com.br\/#website","url":"https:\/\/blogdofarnesio.com.br\/","name":"Blog do Farn\u00e9sio","description":"Quer Saber Pol\u00edtica?","publisher":{"@id":"https:\/\/blogdofarnesio.com.br\/#organization"},"potentialAction":[{"@type":"SearchAction","target":{"@type":"EntryPoint","urlTemplate":"https:\/\/blogdofarnesio.com.br\/?s={search_term_string}"},"query-input":{"@type":"PropertyValueSpecification","valueRequired":true,"valueName":"search_term_string"}}],"inLanguage":"pt-BR"},{"@type":"Organization","@id":"https:\/\/blogdofarnesio.com.br\/#organization","name":"Blog do Farn\u00e9sio","url":"https:\/\/blogdofarnesio.com.br\/","logo":{"@type":"ImageObject","inLanguage":"pt-BR","@id":"https:\/\/blogdofarnesio.com.br\/#\/schema\/logo\/image\/","url":"https:\/\/blogdofarnesio.com.br\/wp-content\/uploads\/2026\/03\/cropped-logo_new-1.png","contentUrl":"https:\/\/blogdofarnesio.com.br\/wp-content\/uploads\/2026\/03\/cropped-logo_new-1.png","width":881,"height":685,"caption":"Blog do Farn\u00e9sio"},"image":{"@id":"https:\/\/blogdofarnesio.com.br\/#\/schema\/logo\/image\/"},"sameAs":["https:\/\/www.facebook.com\/BlogQuerSaberPolitica\/"]},{"@type":"Person","@id":"https:\/\/blogdofarnesio.com.br\/#\/schema\/person\/301c4acf522bccbfdb45af95b5b906a1","name":"Farn\u00e9sio","image":{"@type":"ImageObject","inLanguage":"pt-BR","@id":"https:\/\/secure.gravatar.com\/avatar\/df0c9a14567c056f8ad6876ba5bbd1e3e2c48023eb6807342fc4663adf549f38?s=96&d=mm&r=g","url":"https:\/\/secure.gravatar.com\/avatar\/df0c9a14567c056f8ad6876ba5bbd1e3e2c48023eb6807342fc4663adf549f38?s=96&d=mm&r=g","contentUrl":"https:\/\/secure.gravatar.com\/avatar\/df0c9a14567c056f8ad6876ba5bbd1e3e2c48023eb6807342fc4663adf549f38?s=96&d=mm&r=g","caption":"Farn\u00e9sio"},"sameAs":["https:\/\/quersaberpolitica.com.br"],"url":"https:\/\/blogdofarnesio.com.br\/?author=1"}]}},"_links":{"self":[{"href":"https:\/\/blogdofarnesio.com.br\/index.php?rest_route=\/wp\/v2\/posts\/230064","targetHints":{"allow":["GET"]}}],"collection":[{"href":"https:\/\/blogdofarnesio.com.br\/index.php?rest_route=\/wp\/v2\/posts"}],"about":[{"href":"https:\/\/blogdofarnesio.com.br\/index.php?rest_route=\/wp\/v2\/types\/post"}],"author":[{"embeddable":true,"href":"https:\/\/blogdofarnesio.com.br\/index.php?rest_route=\/wp\/v2\/users\/1"}],"replies":[{"embeddable":true,"href":"https:\/\/blogdofarnesio.com.br\/index.php?rest_route=%2Fwp%2Fv2%2Fcomments&post=230064"}],"version-history":[{"count":0,"href":"https:\/\/blogdofarnesio.com.br\/index.php?rest_route=\/wp\/v2\/posts\/230064\/revisions"}],"wp:featuredmedia":[{"embeddable":true,"href":"https:\/\/blogdofarnesio.com.br\/index.php?rest_route=\/wp\/v2\/media\/230066"}],"wp:attachment":[{"href":"https:\/\/blogdofarnesio.com.br\/index.php?rest_route=%2Fwp%2Fv2%2Fmedia&parent=230064"}],"wp:term":[{"taxonomy":"category","embeddable":true,"href":"https:\/\/blogdofarnesio.com.br\/index.php?rest_route=%2Fwp%2Fv2%2Fcategories&post=230064"},{"taxonomy":"post_tag","embeddable":true,"href":"https:\/\/blogdofarnesio.com.br\/index.php?rest_route=%2Fwp%2Fv2%2Ftags&post=230064"}],"curies":[{"name":"wp","href":"https:\/\/api.w.org\/{rel}","templated":true}]}}