{"id":230002,"date":"2019-06-10T08:00:17","date_gmt":"2019-06-10T11:00:17","guid":{"rendered":"http:\/\/quersaberpolitica.com.br\/2016\/?p=230002"},"modified":"2019-06-09T17:19:53","modified_gmt":"2019-06-09T20:19:53","slug":"alerta-doenca-transmitida-por-gato-preocupa-medicos-de-pernambuco","status":"publish","type":"post","link":"https:\/\/blogdofarnesio.com.br\/?p=230002","title":{"rendered":"ALERTA!!! Doen\u00e7a transmitida por gato preocupa m\u00e9dicos de Pernambuco"},"content":{"rendered":"\n<p>Tv Jornal &#8211;<\/p>\n\n\n\n<p><a href=\"https:\/\/tvjornal.ne10.uol.com.br\/noticias-da-manha-pe\/2018\/09\/13\/cresce-o-numero-de-casos-de-doenca-que-atinge-animais-e-humanos-114311\">Uma doen\u00e7a est\u00e1 preocupando os m\u00e9dicos e veterin\u00e1rios<\/a>&nbsp;do estado de Pernambuco. Trata-se da&nbsp;<a href=\"https:\/\/blogs.ne10.uol.com.br\/casasaudavel\/2017\/05\/24\/urbanizacao-da-esporotricose-doenca-que-afeta-gatos-torna-se-comum-em-humanos\/amp\/\">esporotricose, que \u00e9 normalmente transmitida por gato.<\/a>&nbsp;A&nbsp;<a href=\"https:\/\/blogs.ne10.uol.com.br\/casasaudavel\/2017\/03\/10\/esporotricose-doenca-emergente-que-afeta-gatos-pode-atingir-humanos\/\">doen\u00e7a causa les\u00f5es na pele<\/a>&nbsp;e,&nbsp;<a href=\"https:\/\/blogs.ne10.uol.com.br\/coisasdepet\/2018\/06\/14\/pernambuco-vive-surto-de-esporotricose-doenca-que-atinge-gatos\/\">em muitos casos, \u00e9 registrada no paciente<\/a>&nbsp;a presen\u00e7a de febre, dor e secre\u00e7\u00f5es nas les\u00f5es.<\/p>\n\n\n\n<p>Somente nesta quinta-feira (06), cinco pessoas\nprocuraram atendimento no Hospital Oswaldo Cruz, em Santo Amaro, \u00c1rea Central\ndo Recife. De acordo com os infectologistas, os&nbsp;<a href=\"https:\/\/radiojornal.ne10.uol.com.br\/noticia\/2017\/03\/09\/esporotricose-dermatologista-tranquiliza-sobre-tratamento-da-doenca-51424\">sintomas iniciam com o surgimento de\nn\u00f3dulos na pele, que se transformam em feridas.<\/a>&nbsp;O tratamento\npode durar de tr\u00eas a seis meses.<\/p>\n\n\n\n<p><strong>Confira:<\/strong><\/p>\n\n\n\n<p><a href=\"https:\/\/blogs.ne10.uol.com.br\/coisasdepet\/2018\/06\/14\/pernambuco-vive-surto-de-esporotricose-doenca-que-atinge-gatos\/\">&gt;&gt;&nbsp;Pernambuco vive surto de\nesporotricose, doen\u00e7a que atinge gatos<\/a><br>\n&nbsp;<\/p>\n\n\n\n<p><strong>Nota<\/strong><\/p>\n\n\n\n<p>De acordo com a Secretaria de Sa\u00fade do Estado, um\ngrupo est\u00e1 sendo formado para estudar a&nbsp;<a href=\"https:\/\/tvjornal.ne10.uol.com.br\/por-dentro-com-cardinot\/2019\/06\/06\/hospital-oswaldo-cruz-trata-27-pacientes-com-sintomas-de-doenca-de-chagas-170823\">doen\u00e7a<\/a>. Segundo dados da\nsecretaria,&nbsp;<a href=\"https:\/\/tvjornal.ne10.uol.com.br\/noticias-da-manha-pe\/2018\/09\/13\/cresce-o-numero-de-casos-de-doenca-que-atinge-animais-e-humanos-114311\">nos anos de 2017 e 2018, mais de 140\ncasos de esporotricose em humanos foram registrados em Pernambuco.<\/a><\/p>\n\n\n\n<p><strong>A doen\u00e7a<\/strong><\/p>\n\n\n\n<p><a href=\"https:\/\/jconline.ne10.uol.com.br\/canal\/cidades\/noticia\/2017\/03\/07\/pe-comeca-a-notificar-casos-da-esporotricose-micose-causada-por-fungo-273333.php\">A esporotricose \u00e9 uma micose, que pode\nser adquirida ao se ferir em plantas, madeiras, pedras ou em terra,<\/a>&nbsp;que\npode entrar em seu organismo por meio de alguma ferida. A doen\u00e7a \u00e9 dividida\nclinicamente em quatro formas: a esporotricose cut\u00e2nea, que s\u00e3o identificadas\nles\u00f5es nas m\u00e3os e nos bra\u00e7os; a extracut\u00e2nea, quando a doen\u00e7a se espalha para\noutras regi\u00f5es do corpo; a disseminada, quando a doen\u00e7a se espalha para outros\norganismo do corpo, comprometendo o funcionamento desses \u00f3rg\u00e3os; e a mais comum\nque \u00e9 a linfocut\u00e2nea, onde s\u00e3o formados pequenos n\u00f3dulos na camada mais profunda\nda pele e \u00e9 localizada normalmente em membros do corpo.<\/p>\n\n\n\n<p><strong>Doen\u00e7a em humanos<\/strong><\/p>\n\n\n\n<p><a href=\"https:\/\/blogs.ne10.uol.com.br\/casasaudavel\/2017\/05\/24\/urbanizacao-da-esporotricose-doenca-que-afeta-gatos-torna-se-comum-em-humanos\/amp\/\">S\u00e3o mais comuns entre homens jovens<\/a>&nbsp;que\ntrabalham como agricultores, jardineiros ou entre crian\u00e7as que brincam com\nterra e plantas.<\/p>\n\n\n\n<p><a href=\"https:\/\/blogs.ne10.uol.com.br\/casasaudavel\/2017\/05\/24\/urbanizacao-da-esporotricose-doenca-que-afeta-gatos-torna-se-comum-em-humanos\/amp\/\">&gt;&gt;&nbsp;Urbaniza\u00e7\u00e3o da\nesporotricose? Doen\u00e7a que afeta gatos torna-se comum em humanos<\/a><\/p>\n\n\n\n<p><strong>Tratamento<\/strong><\/p>\n\n\n\n<p><a href=\"https:\/\/radiojornal.ne10.uol.com.br\/noticia\/2017\/03\/09\/esporotricose-dermatologista-tranquiliza-sobre-tratamento-da-doenca-51424\">O tratamento deve ser realizado com\nacompanhamento profissional<\/a>. A dura\u00e7\u00e3o do tratamento dura de tr\u00eas a\num ano.<\/p>\n\n\n\n<p><a href=\"https:\/\/radiojornal.ne10.uol.com.br\/noticia\/2017\/03\/09\/esporotricose-dermatologista-tranquiliza-sobre-tratamento-da-doenca-51424\">&gt;&gt;&nbsp;Esporotricose:\nDermatologista tranquiliza sobre tratamento da doen\u00e7a<\/a><\/p>\n\n\n\n<p><strong>Orienta\u00e7\u00f5es para\nos donos de animais infectados<\/strong><\/p>\n\n\n\n<p><a href=\"https:\/\/blogs.ne10.uol.com.br\/casasaudavel\/2017\/05\/24\/urbanizacao-da-esporotricose-doenca-que-afeta-gatos-torna-se-comum-em-humanos\/amp\/\">Se algum animal estiver sob suspeita\nda doen\u00e7a, \u00e9 necess\u00e1rio isol\u00e1-lo para evitar a contamina\u00e7\u00e3o em outros seres.<\/a>&nbsp;Nos\ngatos, geralmente, as feridas s\u00e3o localizadas no focinho, orelhas e patas.<\/p>\n\n\n\n<p>Os brinquedos e utens\u00edlios do animal devem ser\nlavados com \u00e1gua e sab\u00e3o, rotineiramente. Em caso de morte do pet, ele n\u00e3o\npoder\u00e1 ser enterrado. A recomenda\u00e7\u00e3o \u00e9 que seja encaminhado a um veterin\u00e1rio\npara que seja feito a incinera\u00e7\u00e3o do corpo do animal.<\/p>\n","protected":false},"excerpt":{"rendered":"<p>Tv Jornal &#8211; Uma doen\u00e7a est\u00e1 preocupando os m\u00e9dicos e veterin\u00e1rios&nbsp;do estado de Pernambuco. Trata-se da&nbsp;esporotricose, que \u00e9 normalmente transmitida por gato.&nbsp;A&nbsp;doen\u00e7a causa les\u00f5es na pele&nbsp;e,&nbsp;em muitos casos, \u00e9 registrada no paciente&nbsp;a presen\u00e7a de febre, dor e secre\u00e7\u00f5es nas les\u00f5es. Somente nesta quinta-feira (06), cinco pessoas procuraram atendimento no Hospital Oswaldo Cruz, em Santo Amaro, \u00c1rea Central do Recife. De acordo com os infectologistas, os&nbsp;sintomas iniciam com o surgimento de n\u00f3dulos na pele, que se transformam em feridas.&nbsp;O tratamento pode durar de tr\u00eas a seis meses. Confira: &gt;&gt;&nbsp;Pernambuco vive surto de esporotricose, doen\u00e7a que atinge gatos &nbsp; Nota De acordo com a Secretaria de Sa\u00fade do Estado, um grupo est\u00e1 sendo formado para estudar a&nbsp;doen\u00e7a. Segundo dados da secretaria,&nbsp;nos anos&hellip; <\/p>\n","protected":false},"author":1,"featured_media":230003,"comment_status":"closed","ping_status":"closed","sticky":false,"template":"","format":"standard","meta":{"_acf_changed":false,"footnotes":""},"categories":[4],"tags":[],"class_list":["post-230002","post","type-post","status-publish","format-standard","has-post-thumbnail","hentry","category-saude"],"acf":[],"yoast_head":"<!-- This site is optimized with the Yoast SEO plugin v27.4 - https:\/\/yoast.com\/product\/yoast-seo-wordpress\/ -->\n<title>ALERTA!!! Doen\u00e7a transmitida por gato preocupa m\u00e9dicos de Pernambuco - Blog do Farn\u00e9sio<\/title>\n<meta name=\"robots\" content=\"index, follow, max-snippet:-1, max-image-preview:large, max-video-preview:-1\" \/>\n<link rel=\"canonical\" href=\"https:\/\/blogdofarnesio.com.br\/?p=230002\" \/>\n<meta property=\"og:locale\" content=\"pt_BR\" \/>\n<meta property=\"og:type\" content=\"article\" \/>\n<meta property=\"og:title\" content=\"ALERTA!!! Doen\u00e7a transmitida por gato preocupa m\u00e9dicos de Pernambuco - Blog do Farn\u00e9sio\" \/>\n<meta property=\"og:description\" content=\"Tv Jornal &#8211; Uma doen\u00e7a est\u00e1 preocupando os m\u00e9dicos e veterin\u00e1rios&nbsp;do estado de Pernambuco. Trata-se da&nbsp;esporotricose, que \u00e9 normalmente transmitida por gato.&nbsp;A&nbsp;doen\u00e7a causa les\u00f5es na pele&nbsp;e,&nbsp;em muitos casos, \u00e9 registrada no paciente&nbsp;a presen\u00e7a de febre, dor e secre\u00e7\u00f5es nas les\u00f5es. Somente nesta quinta-feira (06), cinco pessoas procuraram atendimento no Hospital Oswaldo Cruz, em Santo Amaro, \u00c1rea Central do Recife. De acordo com os infectologistas, os&nbsp;sintomas iniciam com o surgimento de n\u00f3dulos na pele, que se transformam em feridas.&nbsp;O tratamento pode durar de tr\u00eas a seis meses. Confira: &gt;&gt;&nbsp;Pernambuco vive surto de esporotricose, doen\u00e7a que atinge gatos &nbsp; Nota De acordo com a Secretaria de Sa\u00fade do Estado, um grupo est\u00e1 sendo formado para estudar a&nbsp;doen\u00e7a. Segundo dados da secretaria,&nbsp;nos anos&hellip;\" \/>\n<meta property=\"og:url\" content=\"https:\/\/blogdofarnesio.com.br\/?p=230002\" \/>\n<meta property=\"og:site_name\" content=\"Blog do Farn\u00e9sio\" \/>\n<meta property=\"article:publisher\" content=\"https:\/\/www.facebook.com\/BlogQuerSaberPolitica\/\" \/>\n<meta property=\"article:published_time\" content=\"2019-06-10T11:00:17+00:00\" \/>\n<meta property=\"og:image\" content=\"https:\/\/blogdofarnesio.com.br\/wp-content\/uploads\/2019\/06\/blogqspdoen\u00e7a-gato-8bebbb2f18_captura-de-tela-20190606-a\u0300s-161859.jpg\" \/>\n\t<meta property=\"og:image:width\" content=\"550\" \/>\n\t<meta property=\"og:image:height\" content=\"300\" \/>\n\t<meta property=\"og:image:type\" content=\"image\/jpeg\" \/>\n<meta name=\"author\" content=\"Farn\u00e9sio\" \/>\n<meta name=\"twitter:card\" content=\"summary_large_image\" \/>\n<meta name=\"twitter:label1\" content=\"Escrito por\" \/>\n\t<meta name=\"twitter:data1\" content=\"Farn\u00e9sio\" \/>\n\t<meta name=\"twitter:label2\" content=\"Est. tempo de leitura\" \/>\n\t<meta name=\"twitter:data2\" content=\"2 minutos\" \/>\n<script type=\"application\/ld+json\" class=\"yoast-schema-graph\">{\"@context\":\"https:\\\/\\\/schema.org\",\"@graph\":[{\"@type\":\"Article\",\"@id\":\"https:\\\/\\\/blogdofarnesio.com.br\\\/?p=230002#article\",\"isPartOf\":{\"@id\":\"https:\\\/\\\/blogdofarnesio.com.br\\\/?p=230002\"},\"author\":{\"name\":\"Farn\u00e9sio\",\"@id\":\"https:\\\/\\\/blogdofarnesio.com.br\\\/#\\\/schema\\\/person\\\/301c4acf522bccbfdb45af95b5b906a1\"},\"headline\":\"ALERTA!!! Doen\u00e7a transmitida por gato preocupa m\u00e9dicos de Pernambuco\",\"datePublished\":\"2019-06-10T11:00:17+00:00\",\"mainEntityOfPage\":{\"@id\":\"https:\\\/\\\/blogdofarnesio.com.br\\\/?p=230002\"},\"wordCount\":466,\"publisher\":{\"@id\":\"https:\\\/\\\/blogdofarnesio.com.br\\\/#organization\"},\"image\":{\"@id\":\"https:\\\/\\\/blogdofarnesio.com.br\\\/?p=230002#primaryimage\"},\"thumbnailUrl\":\"https:\\\/\\\/blogdofarnesio.com.br\\\/wp-content\\\/uploads\\\/2019\\\/06\\\/blogqspdoen\u00e7a-gato-8bebbb2f18_captura-de-tela-20190606-a\u0300s-161859.jpg\",\"articleSection\":[\"Sa\u00fade\"],\"inLanguage\":\"pt-BR\"},{\"@type\":\"WebPage\",\"@id\":\"https:\\\/\\\/blogdofarnesio.com.br\\\/?p=230002\",\"url\":\"https:\\\/\\\/blogdofarnesio.com.br\\\/?p=230002\",\"name\":\"ALERTA!!! Doen\u00e7a transmitida por gato preocupa m\u00e9dicos de Pernambuco - Blog do Farn\u00e9sio\",\"isPartOf\":{\"@id\":\"https:\\\/\\\/blogdofarnesio.com.br\\\/#website\"},\"primaryImageOfPage\":{\"@id\":\"https:\\\/\\\/blogdofarnesio.com.br\\\/?p=230002#primaryimage\"},\"image\":{\"@id\":\"https:\\\/\\\/blogdofarnesio.com.br\\\/?p=230002#primaryimage\"},\"thumbnailUrl\":\"https:\\\/\\\/blogdofarnesio.com.br\\\/wp-content\\\/uploads\\\/2019\\\/06\\\/blogqspdoen\u00e7a-gato-8bebbb2f18_captura-de-tela-20190606-a\u0300s-161859.jpg\",\"datePublished\":\"2019-06-10T11:00:17+00:00\",\"breadcrumb\":{\"@id\":\"https:\\\/\\\/blogdofarnesio.com.br\\\/?p=230002#breadcrumb\"},\"inLanguage\":\"pt-BR\",\"potentialAction\":[{\"@type\":\"ReadAction\",\"target\":[\"https:\\\/\\\/blogdofarnesio.com.br\\\/?p=230002\"]}]},{\"@type\":\"ImageObject\",\"inLanguage\":\"pt-BR\",\"@id\":\"https:\\\/\\\/blogdofarnesio.com.br\\\/?p=230002#primaryimage\",\"url\":\"https:\\\/\\\/blogdofarnesio.com.br\\\/wp-content\\\/uploads\\\/2019\\\/06\\\/blogqspdoen\u00e7a-gato-8bebbb2f18_captura-de-tela-20190606-a\u0300s-161859.jpg\",\"contentUrl\":\"https:\\\/\\\/blogdofarnesio.com.br\\\/wp-content\\\/uploads\\\/2019\\\/06\\\/blogqspdoen\u00e7a-gato-8bebbb2f18_captura-de-tela-20190606-a\u0300s-161859.jpg\",\"width\":550,\"height\":300},{\"@type\":\"BreadcrumbList\",\"@id\":\"https:\\\/\\\/blogdofarnesio.com.br\\\/?p=230002#breadcrumb\",\"itemListElement\":[{\"@type\":\"ListItem\",\"position\":1,\"name\":\"In\u00edcio\",\"item\":\"https:\\\/\\\/blogdofarnesio.com.br\\\/\"},{\"@type\":\"ListItem\",\"position\":2,\"name\":\"ALERTA!!! Doen\u00e7a transmitida por gato preocupa m\u00e9dicos de Pernambuco\"}]},{\"@type\":\"WebSite\",\"@id\":\"https:\\\/\\\/blogdofarnesio.com.br\\\/#website\",\"url\":\"https:\\\/\\\/blogdofarnesio.com.br\\\/\",\"name\":\"Blog do Farn\u00e9sio\",\"description\":\"Quer Saber Pol\u00edtica?\",\"publisher\":{\"@id\":\"https:\\\/\\\/blogdofarnesio.com.br\\\/#organization\"},\"potentialAction\":[{\"@type\":\"SearchAction\",\"target\":{\"@type\":\"EntryPoint\",\"urlTemplate\":\"https:\\\/\\\/blogdofarnesio.com.br\\\/?s={search_term_string}\"},\"query-input\":{\"@type\":\"PropertyValueSpecification\",\"valueRequired\":true,\"valueName\":\"search_term_string\"}}],\"inLanguage\":\"pt-BR\"},{\"@type\":\"Organization\",\"@id\":\"https:\\\/\\\/blogdofarnesio.com.br\\\/#organization\",\"name\":\"Blog do Farn\u00e9sio\",\"url\":\"https:\\\/\\\/blogdofarnesio.com.br\\\/\",\"logo\":{\"@type\":\"ImageObject\",\"inLanguage\":\"pt-BR\",\"@id\":\"https:\\\/\\\/blogdofarnesio.com.br\\\/#\\\/schema\\\/logo\\\/image\\\/\",\"url\":\"https:\\\/\\\/blogdofarnesio.com.br\\\/wp-content\\\/uploads\\\/2026\\\/03\\\/cropped-logo_new-1.png\",\"contentUrl\":\"https:\\\/\\\/blogdofarnesio.com.br\\\/wp-content\\\/uploads\\\/2026\\\/03\\\/cropped-logo_new-1.png\",\"width\":881,\"height\":685,\"caption\":\"Blog do Farn\u00e9sio\"},\"image\":{\"@id\":\"https:\\\/\\\/blogdofarnesio.com.br\\\/#\\\/schema\\\/logo\\\/image\\\/\"},\"sameAs\":[\"https:\\\/\\\/www.facebook.com\\\/BlogQuerSaberPolitica\\\/\"]},{\"@type\":\"Person\",\"@id\":\"https:\\\/\\\/blogdofarnesio.com.br\\\/#\\\/schema\\\/person\\\/301c4acf522bccbfdb45af95b5b906a1\",\"name\":\"Farn\u00e9sio\",\"image\":{\"@type\":\"ImageObject\",\"inLanguage\":\"pt-BR\",\"@id\":\"https:\\\/\\\/secure.gravatar.com\\\/avatar\\\/df0c9a14567c056f8ad6876ba5bbd1e3e2c48023eb6807342fc4663adf549f38?s=96&d=mm&r=g\",\"url\":\"https:\\\/\\\/secure.gravatar.com\\\/avatar\\\/df0c9a14567c056f8ad6876ba5bbd1e3e2c48023eb6807342fc4663adf549f38?s=96&d=mm&r=g\",\"contentUrl\":\"https:\\\/\\\/secure.gravatar.com\\\/avatar\\\/df0c9a14567c056f8ad6876ba5bbd1e3e2c48023eb6807342fc4663adf549f38?s=96&d=mm&r=g\",\"caption\":\"Farn\u00e9sio\"},\"sameAs\":[\"https:\\\/\\\/quersaberpolitica.com.br\"],\"url\":\"https:\\\/\\\/blogdofarnesio.com.br\\\/?author=1\"}]}<\/script>\n<!-- \/ Yoast SEO plugin. -->","yoast_head_json":{"title":"ALERTA!!! Doen\u00e7a transmitida por gato preocupa m\u00e9dicos de Pernambuco - Blog do Farn\u00e9sio","robots":{"index":"index","follow":"follow","max-snippet":"max-snippet:-1","max-image-preview":"max-image-preview:large","max-video-preview":"max-video-preview:-1"},"canonical":"https:\/\/blogdofarnesio.com.br\/?p=230002","og_locale":"pt_BR","og_type":"article","og_title":"ALERTA!!! Doen\u00e7a transmitida por gato preocupa m\u00e9dicos de Pernambuco - Blog do Farn\u00e9sio","og_description":"Tv Jornal &#8211; Uma doen\u00e7a est\u00e1 preocupando os m\u00e9dicos e veterin\u00e1rios&nbsp;do estado de Pernambuco. Trata-se da&nbsp;esporotricose, que \u00e9 normalmente transmitida por gato.&nbsp;A&nbsp;doen\u00e7a causa les\u00f5es na pele&nbsp;e,&nbsp;em muitos casos, \u00e9 registrada no paciente&nbsp;a presen\u00e7a de febre, dor e secre\u00e7\u00f5es nas les\u00f5es. Somente nesta quinta-feira (06), cinco pessoas procuraram atendimento no Hospital Oswaldo Cruz, em Santo Amaro, \u00c1rea Central do Recife. De acordo com os infectologistas, os&nbsp;sintomas iniciam com o surgimento de n\u00f3dulos na pele, que se transformam em feridas.&nbsp;O tratamento pode durar de tr\u00eas a seis meses. Confira: &gt;&gt;&nbsp;Pernambuco vive surto de esporotricose, doen\u00e7a que atinge gatos &nbsp; Nota De acordo com a Secretaria de Sa\u00fade do Estado, um grupo est\u00e1 sendo formado para estudar a&nbsp;doen\u00e7a. Segundo dados da secretaria,&nbsp;nos anos&hellip;","og_url":"https:\/\/blogdofarnesio.com.br\/?p=230002","og_site_name":"Blog do Farn\u00e9sio","article_publisher":"https:\/\/www.facebook.com\/BlogQuerSaberPolitica\/","article_published_time":"2019-06-10T11:00:17+00:00","og_image":[{"width":550,"height":300,"url":"https:\/\/blogdofarnesio.com.br\/wp-content\/uploads\/2019\/06\/blogqspdoen\u00e7a-gato-8bebbb2f18_captura-de-tela-20190606-a\u0300s-161859.jpg","type":"image\/jpeg"}],"author":"Farn\u00e9sio","twitter_card":"summary_large_image","twitter_misc":{"Escrito por":"Farn\u00e9sio","Est. tempo de leitura":"2 minutos"},"schema":{"@context":"https:\/\/schema.org","@graph":[{"@type":"Article","@id":"https:\/\/blogdofarnesio.com.br\/?p=230002#article","isPartOf":{"@id":"https:\/\/blogdofarnesio.com.br\/?p=230002"},"author":{"name":"Farn\u00e9sio","@id":"https:\/\/blogdofarnesio.com.br\/#\/schema\/person\/301c4acf522bccbfdb45af95b5b906a1"},"headline":"ALERTA!!! Doen\u00e7a transmitida por gato preocupa m\u00e9dicos de Pernambuco","datePublished":"2019-06-10T11:00:17+00:00","mainEntityOfPage":{"@id":"https:\/\/blogdofarnesio.com.br\/?p=230002"},"wordCount":466,"publisher":{"@id":"https:\/\/blogdofarnesio.com.br\/#organization"},"image":{"@id":"https:\/\/blogdofarnesio.com.br\/?p=230002#primaryimage"},"thumbnailUrl":"https:\/\/blogdofarnesio.com.br\/wp-content\/uploads\/2019\/06\/blogqspdoen\u00e7a-gato-8bebbb2f18_captura-de-tela-20190606-a\u0300s-161859.jpg","articleSection":["Sa\u00fade"],"inLanguage":"pt-BR"},{"@type":"WebPage","@id":"https:\/\/blogdofarnesio.com.br\/?p=230002","url":"https:\/\/blogdofarnesio.com.br\/?p=230002","name":"ALERTA!!! Doen\u00e7a transmitida por gato preocupa m\u00e9dicos de Pernambuco - Blog do Farn\u00e9sio","isPartOf":{"@id":"https:\/\/blogdofarnesio.com.br\/#website"},"primaryImageOfPage":{"@id":"https:\/\/blogdofarnesio.com.br\/?p=230002#primaryimage"},"image":{"@id":"https:\/\/blogdofarnesio.com.br\/?p=230002#primaryimage"},"thumbnailUrl":"https:\/\/blogdofarnesio.com.br\/wp-content\/uploads\/2019\/06\/blogqspdoen\u00e7a-gato-8bebbb2f18_captura-de-tela-20190606-a\u0300s-161859.jpg","datePublished":"2019-06-10T11:00:17+00:00","breadcrumb":{"@id":"https:\/\/blogdofarnesio.com.br\/?p=230002#breadcrumb"},"inLanguage":"pt-BR","potentialAction":[{"@type":"ReadAction","target":["https:\/\/blogdofarnesio.com.br\/?p=230002"]}]},{"@type":"ImageObject","inLanguage":"pt-BR","@id":"https:\/\/blogdofarnesio.com.br\/?p=230002#primaryimage","url":"https:\/\/blogdofarnesio.com.br\/wp-content\/uploads\/2019\/06\/blogqspdoen\u00e7a-gato-8bebbb2f18_captura-de-tela-20190606-a\u0300s-161859.jpg","contentUrl":"https:\/\/blogdofarnesio.com.br\/wp-content\/uploads\/2019\/06\/blogqspdoen\u00e7a-gato-8bebbb2f18_captura-de-tela-20190606-a\u0300s-161859.jpg","width":550,"height":300},{"@type":"BreadcrumbList","@id":"https:\/\/blogdofarnesio.com.br\/?p=230002#breadcrumb","itemListElement":[{"@type":"ListItem","position":1,"name":"In\u00edcio","item":"https:\/\/blogdofarnesio.com.br\/"},{"@type":"ListItem","position":2,"name":"ALERTA!!! Doen\u00e7a transmitida por gato preocupa m\u00e9dicos de Pernambuco"}]},{"@type":"WebSite","@id":"https:\/\/blogdofarnesio.com.br\/#website","url":"https:\/\/blogdofarnesio.com.br\/","name":"Blog do Farn\u00e9sio","description":"Quer Saber Pol\u00edtica?","publisher":{"@id":"https:\/\/blogdofarnesio.com.br\/#organization"},"potentialAction":[{"@type":"SearchAction","target":{"@type":"EntryPoint","urlTemplate":"https:\/\/blogdofarnesio.com.br\/?s={search_term_string}"},"query-input":{"@type":"PropertyValueSpecification","valueRequired":true,"valueName":"search_term_string"}}],"inLanguage":"pt-BR"},{"@type":"Organization","@id":"https:\/\/blogdofarnesio.com.br\/#organization","name":"Blog do Farn\u00e9sio","url":"https:\/\/blogdofarnesio.com.br\/","logo":{"@type":"ImageObject","inLanguage":"pt-BR","@id":"https:\/\/blogdofarnesio.com.br\/#\/schema\/logo\/image\/","url":"https:\/\/blogdofarnesio.com.br\/wp-content\/uploads\/2026\/03\/cropped-logo_new-1.png","contentUrl":"https:\/\/blogdofarnesio.com.br\/wp-content\/uploads\/2026\/03\/cropped-logo_new-1.png","width":881,"height":685,"caption":"Blog do Farn\u00e9sio"},"image":{"@id":"https:\/\/blogdofarnesio.com.br\/#\/schema\/logo\/image\/"},"sameAs":["https:\/\/www.facebook.com\/BlogQuerSaberPolitica\/"]},{"@type":"Person","@id":"https:\/\/blogdofarnesio.com.br\/#\/schema\/person\/301c4acf522bccbfdb45af95b5b906a1","name":"Farn\u00e9sio","image":{"@type":"ImageObject","inLanguage":"pt-BR","@id":"https:\/\/secure.gravatar.com\/avatar\/df0c9a14567c056f8ad6876ba5bbd1e3e2c48023eb6807342fc4663adf549f38?s=96&d=mm&r=g","url":"https:\/\/secure.gravatar.com\/avatar\/df0c9a14567c056f8ad6876ba5bbd1e3e2c48023eb6807342fc4663adf549f38?s=96&d=mm&r=g","contentUrl":"https:\/\/secure.gravatar.com\/avatar\/df0c9a14567c056f8ad6876ba5bbd1e3e2c48023eb6807342fc4663adf549f38?s=96&d=mm&r=g","caption":"Farn\u00e9sio"},"sameAs":["https:\/\/quersaberpolitica.com.br"],"url":"https:\/\/blogdofarnesio.com.br\/?author=1"}]}},"_links":{"self":[{"href":"https:\/\/blogdofarnesio.com.br\/index.php?rest_route=\/wp\/v2\/posts\/230002","targetHints":{"allow":["GET"]}}],"collection":[{"href":"https:\/\/blogdofarnesio.com.br\/index.php?rest_route=\/wp\/v2\/posts"}],"about":[{"href":"https:\/\/blogdofarnesio.com.br\/index.php?rest_route=\/wp\/v2\/types\/post"}],"author":[{"embeddable":true,"href":"https:\/\/blogdofarnesio.com.br\/index.php?rest_route=\/wp\/v2\/users\/1"}],"replies":[{"embeddable":true,"href":"https:\/\/blogdofarnesio.com.br\/index.php?rest_route=%2Fwp%2Fv2%2Fcomments&post=230002"}],"version-history":[{"count":0,"href":"https:\/\/blogdofarnesio.com.br\/index.php?rest_route=\/wp\/v2\/posts\/230002\/revisions"}],"wp:featuredmedia":[{"embeddable":true,"href":"https:\/\/blogdofarnesio.com.br\/index.php?rest_route=\/wp\/v2\/media\/230003"}],"wp:attachment":[{"href":"https:\/\/blogdofarnesio.com.br\/index.php?rest_route=%2Fwp%2Fv2%2Fmedia&parent=230002"}],"wp:term":[{"taxonomy":"category","embeddable":true,"href":"https:\/\/blogdofarnesio.com.br\/index.php?rest_route=%2Fwp%2Fv2%2Fcategories&post=230002"},{"taxonomy":"post_tag","embeddable":true,"href":"https:\/\/blogdofarnesio.com.br\/index.php?rest_route=%2Fwp%2Fv2%2Ftags&post=230002"}],"curies":[{"name":"wp","href":"https:\/\/api.w.org\/{rel}","templated":true}]}}