{"id":229932,"date":"2019-06-07T16:20:46","date_gmt":"2019-06-07T19:20:46","guid":{"rendered":"http:\/\/quersaberpolitica.com.br\/2016\/?p=229932"},"modified":"2019-06-07T13:42:13","modified_gmt":"2019-06-07T16:42:13","slug":"presidente-do-psl-usa-empresas-que-vendem-nota-fiscal-para-justificar-gastos","status":"publish","type":"post","link":"https:\/\/blogdofarnesio.com.br\/?p=229932","title":{"rendered":"Presidente do PSL usa empresas que vendem nota fiscal para justificar gastos"},"content":{"rendered":"\n<p>por Thais Arbex, Ranier Bragon e Camila Mattoso | <strong>Folhapress &#8211; <\/strong><\/p>\n\n\n\n<p><\/p>\n\n\n\n<p>Presidente nacional do PSL, partido de Jair Bolsonaro, o deputado federal Luciano Bivar (PE) apresentou \u00e0 C\u00e2mara e ao Tribunal Superior Eleitoral (TSE) notas fiscais de duas empresas que negociam a venda desse tipo de documento.<\/p>\n\n\n\n<p>A primeira empresa, ML Servi\u00e7os de Comunica\u00e7\u00e3o, pertence a uma assessora de Luciano Bivar e foi destinat\u00e1ria de R$ 50 mil de verbas da C\u00e2mara de 2017 a abril deste ano.<\/p>\n\n\n\n<p>Filiada ao PSL desde 2013, a propriet\u00e1ria, Marta Patr\u00edcia Heitor Lemos, confirma ter fornecido as notas relativas a 2017 e 2018 sem ter prestado os servi\u00e7os, que teriam sido feitos, na verdade, por uma outra assessora que n\u00e3o tinha empresa em seu nome.<\/p>\n\n\n\n<p>Ela afirma que, anteriormente, a jornalista Maria das Gra\u00e7as de Lima, que morreu neste ano, era a respons\u00e1vel pela assessoria de imprensa do pol\u00edtico.<\/p>\n\n\n\n<p>\u201cEla n\u00e3o tinha empresa. Desta forma, eu passava a nota e ela pagava o imposto\u201d, diz Marta Lemos, que afirma ter come\u00e7ado a trabalhar diretamente para o gabinete de Bivar apenas em fevereiro deste ano.<\/p>\n\n\n\n<p>A Folha de S.Paulo tamb\u00e9m teve acesso a uma conversa telef\u00f4nica gravada em que ela negocia a venda de uma nota fiscal de sua empresa a uma pessoa que se passava por assessor de um deputado federal, mediante comiss\u00e3o de 25% a 30% do valor do documento. O neg\u00f3cio n\u00e3o chegou a ser fechado. Marta confirmou essas negocia\u00e7\u00f5es e, questionada pela reportagem, disse ter se arrependido.<\/p>\n\n\n\n<p>Em anos anteriores, a ML figura como prestadora de servi\u00e7os de assessoria de comunica\u00e7\u00e3o \u00e0 funda\u00e7\u00e3o de estudos e atividades de milit\u00e2ncia do PSL nacional, com notas mensais no valor de R$ 2.500.<\/p>\n\n\n\n<p>Em 2014, a empresa emitiu notas nos valores de R$ 6.868,76 e R$ 5.000 para organizar semin\u00e1rios sobre as elei\u00e7\u00f5es daquele ano nas cidades de Recife e Petrolina.<\/p>\n\n\n\n<p>\u00c9 relacionada a essa associa\u00e7\u00e3o do partido que surge o nome da segunda empresa, a Associa\u00e7\u00e3o Pr\u00f3 Esporte e Cultural, tamb\u00e9m de propriedade de uma filiada ao PSL, Giselle Miller do Amaral, que foi candidata a deputada estadual pelo partido em 2014.<\/p>\n\n\n\n<p>A Pr\u00f3 Esporte aparece na presta\u00e7\u00e3o de contas do PSL nacional como tendo realizado um semin\u00e1rio preparat\u00f3rio \u00e0s elei\u00e7\u00f5es no Rio de Janeiro, em 2014, ao custo de R$ 15 mil.<\/p>\n\n\n\n<p>A Folha de S.Paulo tamb\u00e9m obteve acesso \u00e0 troca de mensagens entre a dona da empresa e uma pessoa que se passou por assessor de um deputado federal e que adquiriu, mediante comiss\u00e3o, uma nota fiscal fria da Pr\u00f3 Esporte com valor de face de R$ 8.000.<\/p>\n\n\n\n<p>O servi\u00e7o descrito na nota, que jamais existiu, \u00e9 a realiza\u00e7\u00e3o de semin\u00e1rio sobre participa\u00e7\u00e3o das mulheres nas elei\u00e7\u00f5es de 2020.<\/p>\n\n\n\n<p>Nessas conversas, Giselle indica ter fornecido notas frias a Bivar e afirma que sua candidatura em 2014 foi de fachada, apenas para cumprir a cota m\u00ednima de candidatas mulheres.<\/p>\n\n\n\n<p>Essas notas da funda\u00e7\u00e3o foram entregues pelo partido ao Tribunal Superior Eleitoral nas presta\u00e7\u00f5es de contas anuais da legenda, como comprovantes do uso que a sigla fez do fundo partid\u00e1rio, o dinheiro p\u00fablico destinado \u00e0s legendas.<\/p>\n\n\n\n<p>De acordo com t\u00e9cnicos da C\u00e2mara ouvidos pela reportagem, apresentar \u00e0 Casa uma nota fiscal que n\u00e3o corresponde \u00e0 realidade configura, em tese, crime de falsidade ideol\u00f3gica, com pena de um a cinco anos de pris\u00e3o.<\/p>\n\n\n\n<p>Luciano Bivar \u00e9 fundador do PSL e \u00e9 tratado como dono da sigla, considerada nanica at\u00e9 o ingresso de Jair Bolsonaro e seus aliados, no in\u00edcio de 2018.<\/p>\n\n\n\n<p>O partido recebeu at\u00e9 2018 cerca de R$ 7 milh\u00f5es ao ano de fundo partid\u00e1rio, mas, com a onda que elegeu Bolsonaro, passar\u00e1 a ter direito, a partir deste ano, a mais de R$ 100 milh\u00f5es ao ano \u2014 a distribui\u00e7\u00e3o do fundo entre os partidos \u00e9 calculada com base nos votos obtidos por seus candidatos a deputado federal.<\/p>\n\n\n\n<p>Como mostrou a Folha de S.Paulo, a atividade partid\u00e1ria de Bivar \u2014 que foi candidato a presidente da Rep\u00fablica em 2006, tendo obtido apenas 0,06% dos votos \u2014 se mistura em alguns pontos com suas atividades empresariais. Dirigentes da sigla s\u00e3o ligados a empresas ligadas a ele. Bivar declarou em 2018 bens no valor de R$ 18 milh\u00f5es.<\/p>\n\n\n\n<p>A Folha de S.Paulo tamb\u00e9m mostrou em fevereiro que seu grupo pol\u00edtico criou candidatas laranjas em Pernambuco que receberam mais de R$ 600 mil de dinheiro p\u00fablico do partido na elei\u00e7\u00e3o de 2018.<\/p>\n\n\n\n<p>O caso \u00e9 similar ao revelado pela Folha de S.Paulo em Minas Gerais, cujo diret\u00f3rio do PSL era comandado \u00e0 \u00e9poca pelo atual ministro de Turismo de Bolsonaro, Marcelo \u00c1lvaro Ant\u00f4nio. Os pol\u00edticos negam irregularidade. Os dois casos s\u00e3o investigados pela Pol\u00edcia Federal.<\/p>\n\n\n\n<p><strong>OUTRO LADO<\/strong><\/p>\n\n\n\n<p>Luciano Bivar disse que todos os servi\u00e7os foram prestados e que Marta trabalha para o partido e seu gabinete h\u00e1 alguns anos.<\/p>\n\n\n\n<p>&#8220;Ent\u00e3o n\u00e3o era ela que dava o servi\u00e7o profissional? Ent\u00e3o vou ter que despedi-la. Como \u00e9 que ela fazia isso, meu Deus do c\u00e9u? Se ela que prestava o servi\u00e7o, falava comigo, mandava as notas dela e ela n\u00e3o prestava o servi\u00e7o? O que ela fazia, ent\u00e3o?&#8221;, disse o dirigente, se referindo \u00e0 afirma\u00e7\u00e3o da assessora de que o trabalho era prestado por outra jornalista.<\/p>\n\n\n\n<p>&#8220;Se ela fez essa confiss\u00e3o, ela \u00e9 uma proxeneta [intermedi\u00e1ria de casos amorosos] da Gra\u00e7a, ent\u00e3o&#8221;.<\/p>\n\n\n\n<p>Segundo o dirigente, Marta prestava servi\u00e7o de assessoria de imprensa.<\/p>\n\n\n\n<p>&#8220;Hoje, por exemplo, vou fazer visita em tal lugar. Ela pede umas fotos, pede umas coisas. Ela divulga na imprensa, ela me transmite o que saiu na Folha de S.Paulo, o que saiu no blog de n\u00e3o sei quem. Ela me p\u00f5e a par de tudo. \u00c9 uma assessoria de imprensa, entendeu?&#8221;.<\/p>\n\n\n\n<p>Marta Lemos afirmou que desde fevereiro presta servi\u00e7os de assessoria de imprensa a Bivar, divulgando seu trabalho legislativo na imprensa de Pernambuco e fazendo o acompanhamento das not\u00edcias que dizem respeito ao deputado. Ela disse receber R$ 7.000 mensalmente e que trabalha em casa, no bairro do Fund\u00e3o, na zona norte do Recife.<\/p>\n\n\n\n<p>A jornalista afirma que n\u00e3o precisa de uma grande estrutura para trabalhar e diz que todos os meses entrega a clipagem, conjunto de mat\u00e9rias publicadas na imprensa sobre o cliente, no escrit\u00f3rio de Luciano Bivar no Recife.<\/p>\n\n\n\n<p>Ela j\u00e1 prestou servi\u00e7os de comunica\u00e7\u00e3o para o PSL e tamb\u00e9m para o plano de sa\u00fade Excelsior, pertencente a Luciano Bivar.<\/p>\n\n\n\n<p>A ML tem endere\u00e7o no bairro de Boa Viagem, zona sul do Recife. \u201cN\u00e3o h\u00e1 nenhuma ilegalidade. Temos contador e endere\u00e7o. Uso uma sala l\u00e1 para fazer reuni\u00f5es quando necess\u00e1rio. Basta ir l\u00e1\u201d, disse.<\/p>\n\n\n\n<p>A Folha de S.Paulo esteve no local, que funciona como um espa\u00e7o de trabalho compartilhado, e confirmou com funcion\u00e1rios que Marta realiza encontros profissionais em uma das salas.<\/p>\n\n\n\n<p>A reportagem n\u00e3o localizou Giselle nos endere\u00e7os que constam em suas notas fiscais. Por telefone, ela n\u00e3o quis responder a perguntas sobre a liga\u00e7\u00e3o da sua empresa com o PSL e, dizendo que n\u00e3o responderia a nenhuma pergunta, encerrou a liga\u00e7\u00e3o antes que fosse questionada sobre a venda da nota fiscal.<\/p>\n\n\n\n<p><strong>CONHE\u00c7A BIVAR<\/strong><\/p>\n\n\n\n<p>Quem \u00e9<\/p>\n\n\n\n<p>Deputado federal por PE e presidente nacional do PSL. Tem 73 anos e \u00e9 tamb\u00e9m empres\u00e1rio<\/p>\n\n\n\n<p>Chefia do PSL<\/p>\n\n\n\n<p>Bivar comanda a sigla desde 1998 (o partido foi criado em 1994), com algumas licen\u00e7as tempor\u00e1rias \u2014 como na elei\u00e7\u00e3o de 2018<\/p>\n\n\n\n<p>Candidato \u00e0 Presid\u00eancia<\/p>\n\n\n\n<p>Foi o primeiro candidato ao Planalto pelo partido, em 2006. Obteve apenas 0,06% dos votos<\/p>\n\n\n\n<p>Esporte<\/p>\n\n\n\n<p>Bivar foi cartola de futebol. Em 2013, confessou que, na fun\u00e7\u00e3o de presidente do Sport Club do Recife, em 2001, pagou propina a dirigentes da CBF para assegurar a convoca\u00e7\u00e3o de um jogador<\/p>\n\n\n\n<p>Laranjas<\/p>\n\n\n\n<p>A Folha de S.Paulo mostrou em fevereiro que seu grupo pol\u00edtico criou candidatas laranjas em Pernambuco que receberam mais de R$ 600 mil de dinheiro p\u00fablico do partido na elei\u00e7\u00e3o de 2018<\/p>\n","protected":false},"excerpt":{"rendered":"<p>por Thais Arbex, Ranier Bragon e Camila Mattoso | Folhapress &#8211; Presidente nacional do PSL, partido de Jair Bolsonaro, o deputado federal Luciano Bivar (PE) apresentou \u00e0 C\u00e2mara e ao Tribunal Superior Eleitoral (TSE) notas fiscais de duas empresas que negociam a venda desse tipo de documento. A primeira empresa, ML Servi\u00e7os de Comunica\u00e7\u00e3o, pertence a uma assessora de Luciano Bivar e foi destinat\u00e1ria de R$ 50 mil de verbas da C\u00e2mara de 2017 a abril deste ano. Filiada ao PSL desde 2013, a propriet\u00e1ria, Marta Patr\u00edcia Heitor Lemos, confirma ter fornecido as notas relativas a 2017 e 2018 sem ter prestado os servi\u00e7os, que teriam sido feitos, na verdade, por uma outra assessora que n\u00e3o tinha empresa em seu&hellip; <\/p>\n","protected":false},"author":1,"featured_media":213365,"comment_status":"closed","ping_status":"closed","sticky":false,"template":"","format":"standard","meta":{"_acf_changed":false,"footnotes":""},"categories":[1],"tags":[],"class_list":["post-229932","post","type-post","status-publish","format-standard","has-post-thumbnail","hentry","category-politica"],"acf":[],"yoast_head":"<!-- This site is optimized with the Yoast SEO plugin v27.4 - https:\/\/yoast.com\/product\/yoast-seo-wordpress\/ -->\n<title>Presidente do PSL usa empresas que vendem nota fiscal para justificar gastos - Blog do Farn\u00e9sio<\/title>\n<meta name=\"robots\" content=\"index, follow, max-snippet:-1, max-image-preview:large, max-video-preview:-1\" \/>\n<link rel=\"canonical\" href=\"https:\/\/blogdofarnesio.com.br\/?p=229932\" \/>\n<meta property=\"og:locale\" content=\"pt_BR\" \/>\n<meta property=\"og:type\" content=\"article\" \/>\n<meta property=\"og:title\" content=\"Presidente do PSL usa empresas que vendem nota fiscal para justificar gastos - Blog do Farn\u00e9sio\" \/>\n<meta property=\"og:description\" content=\"por Thais Arbex, Ranier Bragon e Camila Mattoso | Folhapress &#8211; Presidente nacional do PSL, partido de Jair Bolsonaro, o deputado federal Luciano Bivar (PE) apresentou \u00e0 C\u00e2mara e ao Tribunal Superior Eleitoral (TSE) notas fiscais de duas empresas que negociam a venda desse tipo de documento. A primeira empresa, ML Servi\u00e7os de Comunica\u00e7\u00e3o, pertence a uma assessora de Luciano Bivar e foi destinat\u00e1ria de R$ 50 mil de verbas da C\u00e2mara de 2017 a abril deste ano. Filiada ao PSL desde 2013, a propriet\u00e1ria, Marta Patr\u00edcia Heitor Lemos, confirma ter fornecido as notas relativas a 2017 e 2018 sem ter prestado os servi\u00e7os, que teriam sido feitos, na verdade, por uma outra assessora que n\u00e3o tinha empresa em seu&hellip;\" \/>\n<meta property=\"og:url\" content=\"https:\/\/blogdofarnesio.com.br\/?p=229932\" \/>\n<meta property=\"og:site_name\" content=\"Blog do Farn\u00e9sio\" \/>\n<meta property=\"article:publisher\" content=\"https:\/\/www.facebook.com\/BlogQuerSaberPolitica\/\" \/>\n<meta property=\"article:published_time\" content=\"2019-06-07T19:20:46+00:00\" \/>\n<meta property=\"og:image\" content=\"https:\/\/blogdofarnesio.com.br\/wp-content\/uploads\/2018\/10\/blogqsplucianoBivar-PSL.jpg\" \/>\n\t<meta property=\"og:image:width\" content=\"600\" \/>\n\t<meta property=\"og:image:height\" content=\"350\" \/>\n\t<meta property=\"og:image:type\" content=\"image\/jpeg\" \/>\n<meta name=\"author\" content=\"Farn\u00e9sio\" \/>\n<meta name=\"twitter:card\" content=\"summary_large_image\" \/>\n<meta name=\"twitter:label1\" content=\"Escrito por\" \/>\n\t<meta name=\"twitter:data1\" content=\"Farn\u00e9sio\" \/>\n\t<meta name=\"twitter:label2\" content=\"Est. tempo de leitura\" \/>\n\t<meta name=\"twitter:data2\" content=\"7 minutos\" \/>\n<script type=\"application\/ld+json\" class=\"yoast-schema-graph\">{\"@context\":\"https:\\\/\\\/schema.org\",\"@graph\":[{\"@type\":\"Article\",\"@id\":\"https:\\\/\\\/blogdofarnesio.com.br\\\/?p=229932#article\",\"isPartOf\":{\"@id\":\"https:\\\/\\\/blogdofarnesio.com.br\\\/?p=229932\"},\"author\":{\"name\":\"Farn\u00e9sio\",\"@id\":\"https:\\\/\\\/blogdofarnesio.com.br\\\/#\\\/schema\\\/person\\\/301c4acf522bccbfdb45af95b5b906a1\"},\"headline\":\"Presidente do PSL usa empresas que vendem nota fiscal para justificar gastos\",\"datePublished\":\"2019-06-07T19:20:46+00:00\",\"mainEntityOfPage\":{\"@id\":\"https:\\\/\\\/blogdofarnesio.com.br\\\/?p=229932\"},\"wordCount\":1370,\"publisher\":{\"@id\":\"https:\\\/\\\/blogdofarnesio.com.br\\\/#organization\"},\"image\":{\"@id\":\"https:\\\/\\\/blogdofarnesio.com.br\\\/?p=229932#primaryimage\"},\"thumbnailUrl\":\"https:\\\/\\\/blogdofarnesio.com.br\\\/wp-content\\\/uploads\\\/2018\\\/10\\\/blogqsplucianoBivar-PSL.jpg\",\"articleSection\":[\"Pol\u00edtica\"],\"inLanguage\":\"pt-BR\"},{\"@type\":\"WebPage\",\"@id\":\"https:\\\/\\\/blogdofarnesio.com.br\\\/?p=229932\",\"url\":\"https:\\\/\\\/blogdofarnesio.com.br\\\/?p=229932\",\"name\":\"Presidente do PSL usa empresas que vendem nota fiscal para justificar gastos - Blog do Farn\u00e9sio\",\"isPartOf\":{\"@id\":\"https:\\\/\\\/blogdofarnesio.com.br\\\/#website\"},\"primaryImageOfPage\":{\"@id\":\"https:\\\/\\\/blogdofarnesio.com.br\\\/?p=229932#primaryimage\"},\"image\":{\"@id\":\"https:\\\/\\\/blogdofarnesio.com.br\\\/?p=229932#primaryimage\"},\"thumbnailUrl\":\"https:\\\/\\\/blogdofarnesio.com.br\\\/wp-content\\\/uploads\\\/2018\\\/10\\\/blogqsplucianoBivar-PSL.jpg\",\"datePublished\":\"2019-06-07T19:20:46+00:00\",\"breadcrumb\":{\"@id\":\"https:\\\/\\\/blogdofarnesio.com.br\\\/?p=229932#breadcrumb\"},\"inLanguage\":\"pt-BR\",\"potentialAction\":[{\"@type\":\"ReadAction\",\"target\":[\"https:\\\/\\\/blogdofarnesio.com.br\\\/?p=229932\"]}]},{\"@type\":\"ImageObject\",\"inLanguage\":\"pt-BR\",\"@id\":\"https:\\\/\\\/blogdofarnesio.com.br\\\/?p=229932#primaryimage\",\"url\":\"https:\\\/\\\/blogdofarnesio.com.br\\\/wp-content\\\/uploads\\\/2018\\\/10\\\/blogqsplucianoBivar-PSL.jpg\",\"contentUrl\":\"https:\\\/\\\/blogdofarnesio.com.br\\\/wp-content\\\/uploads\\\/2018\\\/10\\\/blogqsplucianoBivar-PSL.jpg\",\"width\":600,\"height\":350},{\"@type\":\"BreadcrumbList\",\"@id\":\"https:\\\/\\\/blogdofarnesio.com.br\\\/?p=229932#breadcrumb\",\"itemListElement\":[{\"@type\":\"ListItem\",\"position\":1,\"name\":\"In\u00edcio\",\"item\":\"https:\\\/\\\/blogdofarnesio.com.br\\\/\"},{\"@type\":\"ListItem\",\"position\":2,\"name\":\"Presidente do PSL usa empresas que vendem nota fiscal para justificar gastos\"}]},{\"@type\":\"WebSite\",\"@id\":\"https:\\\/\\\/blogdofarnesio.com.br\\\/#website\",\"url\":\"https:\\\/\\\/blogdofarnesio.com.br\\\/\",\"name\":\"Blog do Farn\u00e9sio\",\"description\":\"Quer Saber Pol\u00edtica?\",\"publisher\":{\"@id\":\"https:\\\/\\\/blogdofarnesio.com.br\\\/#organization\"},\"potentialAction\":[{\"@type\":\"SearchAction\",\"target\":{\"@type\":\"EntryPoint\",\"urlTemplate\":\"https:\\\/\\\/blogdofarnesio.com.br\\\/?s={search_term_string}\"},\"query-input\":{\"@type\":\"PropertyValueSpecification\",\"valueRequired\":true,\"valueName\":\"search_term_string\"}}],\"inLanguage\":\"pt-BR\"},{\"@type\":\"Organization\",\"@id\":\"https:\\\/\\\/blogdofarnesio.com.br\\\/#organization\",\"name\":\"Blog do Farn\u00e9sio\",\"url\":\"https:\\\/\\\/blogdofarnesio.com.br\\\/\",\"logo\":{\"@type\":\"ImageObject\",\"inLanguage\":\"pt-BR\",\"@id\":\"https:\\\/\\\/blogdofarnesio.com.br\\\/#\\\/schema\\\/logo\\\/image\\\/\",\"url\":\"https:\\\/\\\/blogdofarnesio.com.br\\\/wp-content\\\/uploads\\\/2026\\\/03\\\/cropped-logo_new-1.png\",\"contentUrl\":\"https:\\\/\\\/blogdofarnesio.com.br\\\/wp-content\\\/uploads\\\/2026\\\/03\\\/cropped-logo_new-1.png\",\"width\":881,\"height\":685,\"caption\":\"Blog do Farn\u00e9sio\"},\"image\":{\"@id\":\"https:\\\/\\\/blogdofarnesio.com.br\\\/#\\\/schema\\\/logo\\\/image\\\/\"},\"sameAs\":[\"https:\\\/\\\/www.facebook.com\\\/BlogQuerSaberPolitica\\\/\"]},{\"@type\":\"Person\",\"@id\":\"https:\\\/\\\/blogdofarnesio.com.br\\\/#\\\/schema\\\/person\\\/301c4acf522bccbfdb45af95b5b906a1\",\"name\":\"Farn\u00e9sio\",\"image\":{\"@type\":\"ImageObject\",\"inLanguage\":\"pt-BR\",\"@id\":\"https:\\\/\\\/secure.gravatar.com\\\/avatar\\\/df0c9a14567c056f8ad6876ba5bbd1e3e2c48023eb6807342fc4663adf549f38?s=96&d=mm&r=g\",\"url\":\"https:\\\/\\\/secure.gravatar.com\\\/avatar\\\/df0c9a14567c056f8ad6876ba5bbd1e3e2c48023eb6807342fc4663adf549f38?s=96&d=mm&r=g\",\"contentUrl\":\"https:\\\/\\\/secure.gravatar.com\\\/avatar\\\/df0c9a14567c056f8ad6876ba5bbd1e3e2c48023eb6807342fc4663adf549f38?s=96&d=mm&r=g\",\"caption\":\"Farn\u00e9sio\"},\"sameAs\":[\"https:\\\/\\\/quersaberpolitica.com.br\"],\"url\":\"https:\\\/\\\/blogdofarnesio.com.br\\\/?author=1\"}]}<\/script>\n<!-- \/ Yoast SEO plugin. -->","yoast_head_json":{"title":"Presidente do PSL usa empresas que vendem nota fiscal para justificar gastos - Blog do Farn\u00e9sio","robots":{"index":"index","follow":"follow","max-snippet":"max-snippet:-1","max-image-preview":"max-image-preview:large","max-video-preview":"max-video-preview:-1"},"canonical":"https:\/\/blogdofarnesio.com.br\/?p=229932","og_locale":"pt_BR","og_type":"article","og_title":"Presidente do PSL usa empresas que vendem nota fiscal para justificar gastos - Blog do Farn\u00e9sio","og_description":"por Thais Arbex, Ranier Bragon e Camila Mattoso | Folhapress &#8211; Presidente nacional do PSL, partido de Jair Bolsonaro, o deputado federal Luciano Bivar (PE) apresentou \u00e0 C\u00e2mara e ao Tribunal Superior Eleitoral (TSE) notas fiscais de duas empresas que negociam a venda desse tipo de documento. A primeira empresa, ML Servi\u00e7os de Comunica\u00e7\u00e3o, pertence a uma assessora de Luciano Bivar e foi destinat\u00e1ria de R$ 50 mil de verbas da C\u00e2mara de 2017 a abril deste ano. Filiada ao PSL desde 2013, a propriet\u00e1ria, Marta Patr\u00edcia Heitor Lemos, confirma ter fornecido as notas relativas a 2017 e 2018 sem ter prestado os servi\u00e7os, que teriam sido feitos, na verdade, por uma outra assessora que n\u00e3o tinha empresa em seu&hellip;","og_url":"https:\/\/blogdofarnesio.com.br\/?p=229932","og_site_name":"Blog do Farn\u00e9sio","article_publisher":"https:\/\/www.facebook.com\/BlogQuerSaberPolitica\/","article_published_time":"2019-06-07T19:20:46+00:00","og_image":[{"width":600,"height":350,"url":"https:\/\/blogdofarnesio.com.br\/wp-content\/uploads\/2018\/10\/blogqsplucianoBivar-PSL.jpg","type":"image\/jpeg"}],"author":"Farn\u00e9sio","twitter_card":"summary_large_image","twitter_misc":{"Escrito por":"Farn\u00e9sio","Est. tempo de leitura":"7 minutos"},"schema":{"@context":"https:\/\/schema.org","@graph":[{"@type":"Article","@id":"https:\/\/blogdofarnesio.com.br\/?p=229932#article","isPartOf":{"@id":"https:\/\/blogdofarnesio.com.br\/?p=229932"},"author":{"name":"Farn\u00e9sio","@id":"https:\/\/blogdofarnesio.com.br\/#\/schema\/person\/301c4acf522bccbfdb45af95b5b906a1"},"headline":"Presidente do PSL usa empresas que vendem nota fiscal para justificar gastos","datePublished":"2019-06-07T19:20:46+00:00","mainEntityOfPage":{"@id":"https:\/\/blogdofarnesio.com.br\/?p=229932"},"wordCount":1370,"publisher":{"@id":"https:\/\/blogdofarnesio.com.br\/#organization"},"image":{"@id":"https:\/\/blogdofarnesio.com.br\/?p=229932#primaryimage"},"thumbnailUrl":"https:\/\/blogdofarnesio.com.br\/wp-content\/uploads\/2018\/10\/blogqsplucianoBivar-PSL.jpg","articleSection":["Pol\u00edtica"],"inLanguage":"pt-BR"},{"@type":"WebPage","@id":"https:\/\/blogdofarnesio.com.br\/?p=229932","url":"https:\/\/blogdofarnesio.com.br\/?p=229932","name":"Presidente do PSL usa empresas que vendem nota fiscal para justificar gastos - Blog do Farn\u00e9sio","isPartOf":{"@id":"https:\/\/blogdofarnesio.com.br\/#website"},"primaryImageOfPage":{"@id":"https:\/\/blogdofarnesio.com.br\/?p=229932#primaryimage"},"image":{"@id":"https:\/\/blogdofarnesio.com.br\/?p=229932#primaryimage"},"thumbnailUrl":"https:\/\/blogdofarnesio.com.br\/wp-content\/uploads\/2018\/10\/blogqsplucianoBivar-PSL.jpg","datePublished":"2019-06-07T19:20:46+00:00","breadcrumb":{"@id":"https:\/\/blogdofarnesio.com.br\/?p=229932#breadcrumb"},"inLanguage":"pt-BR","potentialAction":[{"@type":"ReadAction","target":["https:\/\/blogdofarnesio.com.br\/?p=229932"]}]},{"@type":"ImageObject","inLanguage":"pt-BR","@id":"https:\/\/blogdofarnesio.com.br\/?p=229932#primaryimage","url":"https:\/\/blogdofarnesio.com.br\/wp-content\/uploads\/2018\/10\/blogqsplucianoBivar-PSL.jpg","contentUrl":"https:\/\/blogdofarnesio.com.br\/wp-content\/uploads\/2018\/10\/blogqsplucianoBivar-PSL.jpg","width":600,"height":350},{"@type":"BreadcrumbList","@id":"https:\/\/blogdofarnesio.com.br\/?p=229932#breadcrumb","itemListElement":[{"@type":"ListItem","position":1,"name":"In\u00edcio","item":"https:\/\/blogdofarnesio.com.br\/"},{"@type":"ListItem","position":2,"name":"Presidente do PSL usa empresas que vendem nota fiscal para justificar gastos"}]},{"@type":"WebSite","@id":"https:\/\/blogdofarnesio.com.br\/#website","url":"https:\/\/blogdofarnesio.com.br\/","name":"Blog do Farn\u00e9sio","description":"Quer Saber Pol\u00edtica?","publisher":{"@id":"https:\/\/blogdofarnesio.com.br\/#organization"},"potentialAction":[{"@type":"SearchAction","target":{"@type":"EntryPoint","urlTemplate":"https:\/\/blogdofarnesio.com.br\/?s={search_term_string}"},"query-input":{"@type":"PropertyValueSpecification","valueRequired":true,"valueName":"search_term_string"}}],"inLanguage":"pt-BR"},{"@type":"Organization","@id":"https:\/\/blogdofarnesio.com.br\/#organization","name":"Blog do Farn\u00e9sio","url":"https:\/\/blogdofarnesio.com.br\/","logo":{"@type":"ImageObject","inLanguage":"pt-BR","@id":"https:\/\/blogdofarnesio.com.br\/#\/schema\/logo\/image\/","url":"https:\/\/blogdofarnesio.com.br\/wp-content\/uploads\/2026\/03\/cropped-logo_new-1.png","contentUrl":"https:\/\/blogdofarnesio.com.br\/wp-content\/uploads\/2026\/03\/cropped-logo_new-1.png","width":881,"height":685,"caption":"Blog do Farn\u00e9sio"},"image":{"@id":"https:\/\/blogdofarnesio.com.br\/#\/schema\/logo\/image\/"},"sameAs":["https:\/\/www.facebook.com\/BlogQuerSaberPolitica\/"]},{"@type":"Person","@id":"https:\/\/blogdofarnesio.com.br\/#\/schema\/person\/301c4acf522bccbfdb45af95b5b906a1","name":"Farn\u00e9sio","image":{"@type":"ImageObject","inLanguage":"pt-BR","@id":"https:\/\/secure.gravatar.com\/avatar\/df0c9a14567c056f8ad6876ba5bbd1e3e2c48023eb6807342fc4663adf549f38?s=96&d=mm&r=g","url":"https:\/\/secure.gravatar.com\/avatar\/df0c9a14567c056f8ad6876ba5bbd1e3e2c48023eb6807342fc4663adf549f38?s=96&d=mm&r=g","contentUrl":"https:\/\/secure.gravatar.com\/avatar\/df0c9a14567c056f8ad6876ba5bbd1e3e2c48023eb6807342fc4663adf549f38?s=96&d=mm&r=g","caption":"Farn\u00e9sio"},"sameAs":["https:\/\/quersaberpolitica.com.br"],"url":"https:\/\/blogdofarnesio.com.br\/?author=1"}]}},"_links":{"self":[{"href":"https:\/\/blogdofarnesio.com.br\/index.php?rest_route=\/wp\/v2\/posts\/229932","targetHints":{"allow":["GET"]}}],"collection":[{"href":"https:\/\/blogdofarnesio.com.br\/index.php?rest_route=\/wp\/v2\/posts"}],"about":[{"href":"https:\/\/blogdofarnesio.com.br\/index.php?rest_route=\/wp\/v2\/types\/post"}],"author":[{"embeddable":true,"href":"https:\/\/blogdofarnesio.com.br\/index.php?rest_route=\/wp\/v2\/users\/1"}],"replies":[{"embeddable":true,"href":"https:\/\/blogdofarnesio.com.br\/index.php?rest_route=%2Fwp%2Fv2%2Fcomments&post=229932"}],"version-history":[{"count":0,"href":"https:\/\/blogdofarnesio.com.br\/index.php?rest_route=\/wp\/v2\/posts\/229932\/revisions"}],"wp:featuredmedia":[{"embeddable":true,"href":"https:\/\/blogdofarnesio.com.br\/index.php?rest_route=\/wp\/v2\/media\/213365"}],"wp:attachment":[{"href":"https:\/\/blogdofarnesio.com.br\/index.php?rest_route=%2Fwp%2Fv2%2Fmedia&parent=229932"}],"wp:term":[{"taxonomy":"category","embeddable":true,"href":"https:\/\/blogdofarnesio.com.br\/index.php?rest_route=%2Fwp%2Fv2%2Fcategories&post=229932"},{"taxonomy":"post_tag","embeddable":true,"href":"https:\/\/blogdofarnesio.com.br\/index.php?rest_route=%2Fwp%2Fv2%2Ftags&post=229932"}],"curies":[{"name":"wp","href":"https:\/\/api.w.org\/{rel}","templated":true}]}}