{"id":229924,"date":"2019-06-07T16:40:04","date_gmt":"2019-06-07T19:40:04","guid":{"rendered":"http:\/\/quersaberpolitica.com.br\/2016\/?p=229924"},"modified":"2019-06-07T11:30:22","modified_gmt":"2019-06-07T14:30:22","slug":"%ef%bb%bfprojeto-realiza-implantacao-de-sistema-de-agrofloresta-no-campus-petrolina-zona-rural","status":"publish","type":"post","link":"https:\/\/blogdofarnesio.com.br\/?p=229924","title":{"rendered":"\ufeffProjeto realiza implanta\u00e7\u00e3o de sistema de agrofloresta no campus Petrolina Zona Rural"},"content":{"rendered":"\n<p><strong>Projeto realiza implanta\u00e7\u00e3o de sistema de agrofloresta no campus Petrolina Zona Rural<\/strong><\/p>\n\n\n\n<p>Plantas nativas da Caatinga, esp\u00e9cies frut\u00edferas e de ciclo curto convivendo harmoniosamente na mesma \u00e1rea. Essa \u00e9 a ideia principal do sistema de agrofloresta, que teve uma unidade demonstrativa implantada no campus Petrolina Zona Rural do&nbsp;<strong>IF Sert\u00e3o-PE<\/strong>, atrav\u00e9s de um projeto de extens\u00e3o.<\/p>\n\n\n\n<p>O sistema agroflorestal \u00e9 um modelo de cultivo milenar, que permite que o produtor tenha v\u00e1rias colheitas por ano de diversos produtos e ao mesmo tempo mantenha a sustentabilidade do ecossistema. \u201cO sistema de fato visa imitar uma floresta, o solo \u00e9 todo coberto por plantas espont\u00e2neas e mat\u00e9ria org\u00e2nica e as plantas v\u00e3o crescendo juntas, uma ajudando a outra. Temos tamb\u00e9m uma menor incid\u00eancia de pragas e doen\u00e7as, porque tem v\u00e1rios inimigos naturais na \u00e1rea\u201d, explicou a orientadora do projeto, professora Luciana Oliveira.<br><\/p>\n\n\n\n<p>Na \u00e1rea cultivada no campus Petrolina Zona Rural, instalada h\u00e1 cerca de um ano, as esp\u00e9cies nativas como angico, caatingueira, mulungu, caraibeira, tamboril, juazeiro, umbuzeiro, bara\u00fana e maca\u00faba est\u00e3o em cons\u00f3rcio com p\u00e9s de banana, mam\u00e3o, pinha, abacaxi, cana-de-a\u00e7\u00facar, ab\u00f3bora, melancia e mel\u00e3o. \u00c9 priorizada a utiliza\u00e7\u00e3o de sementes crioulas, sem o uso de agrot\u00f3xicos, apenas aduba\u00e7\u00e3o com produtos da agricultura org\u00e2nica. \u201cAs plantas vivem em perfeita harmonia, ocupando diversos estratos tanto de forma horizontal, como tamb\u00e9m em rela\u00e7\u00e3o ao espa\u00e7o vertical, de forma que a energia solar seja melhor aproveitada pelas diferentes esp\u00e9cies no processo de fotoss\u00edntese\u201d, afirmou Luciana.<br><\/p>\n\n\n\n<p>De acordo com o professor Am\u00e2ncio Holanda, um dos colaboradores do trabalho ao lado do professor Almir Costa, uma das pr\u00e1ticas da agrofloresta \u00e9 o aproveitamento de todo material vegetal, a partir do trabalho de incorpora\u00e7\u00e3o, que faz com que haja uma ciclagem de nutrientes e consequentemente melhora do solo. \u201cCom o passar do tempo o solo vai estar bem melhor, diferentemente da agricultura convencional, que a cada safra, se voc\u00ea n\u00e3o estiver repondo nutrientes, o solo vai ficando cada vez mais pobre\u201d.<br><\/p>\n\n\n\n<p>O professor Am\u00e2ncio ainda destaca outras diferen\u00e7as em rela\u00e7\u00e3o \u00e0 agricultura convencional. \u201cNa verdade, n\u00f3s estamos copiando o que acontece na natureza, na floresta. O que n\u00f3s estamos fazendo \u00e9 potencializar e ao mesmo tempo fazer uma inclus\u00e3o do homem como ser naquele sistema. Na agricultura convencional o homem fica um pouco de fora do sistema, se n\u00e3o tiver toda a tecnologia n\u00e3o vai acontecer o esperado. Na natureza, n\u00e3o. Mesmo com a aus\u00eancia do homem, os processos continuam, os animais pegando as sementes, disseminando, polinizando. O homem deve estar presente em harmonia\u201d.<br><\/p>\n\n\n\n<p>O projeto conta ainda com o apoio de estudantes do curso de Agronomia. Para o bolsista Valmir Nogueira, \u00e9 uma experi\u00eancia totalmente nova. Juntamente a estudantes volunt\u00e1rios, Valmir realiza os tratos culturais necess\u00e1rios, como aduba\u00e7\u00f5es e ro\u00e7agem. \u201cPodemos tirar a conclus\u00e3o de que \u00e9 poss\u00edvel produzir sem agredir a natureza, inclusive podendo ajudar a recuperar, tanto o solo, quanto a pr\u00f3pria caatinga\u201d, disse. Ainda segundo Valmir, novas esp\u00e9cies dever\u00e3o ser plantadas em breve na \u00e1rea, como produtos de horta, esp\u00e9cies forrageiras, al\u00e9m de p\u00e9s de manga espada e rosa, tamarindo, macaxeira, milho e licuri.<br><\/p>\n\n\n\n<p><strong>Agricultura familiar<\/strong>&nbsp;\u2013 Al\u00e9m da implanta\u00e7\u00e3o da \u00e1rea demonstrativa, o projeto tem como finalidade a capacita\u00e7\u00e3o dos alunos e tamb\u00e9m de agricultores familiares. \u201c\u00c9 um sistema ideal para agricultura familiar, por reunir vantagens tanto econ\u00f4micas quanto ambientais. \u00c9 algo relativamente novo na regi\u00e3o, por isso vamos fazer um dia de campo, para compartilhar a experi\u00eancia que a gente tem tido e mostrar que \u00e9 poss\u00edvel\u201d, disse Luciana.<br><\/p>\n\n\n\n<p>Atualmente, a maior parte dos alimentos consumidos no Brasil tem origem na agricultura familiar e o sistema agroflorestal abrange muito al\u00e9m do segmento da produ\u00e7\u00e3o, como tamb\u00e9m da preserva\u00e7\u00e3o do meio ambiente. \u201cAo mesmo tempo em que v\u00e3o produzir alimentos para eles, para a fam\u00edlia, para a regi\u00e3o, tem uma coisa que \u00e9 muito importante que \u00e9 a prepara\u00e7\u00e3o para a gera\u00e7\u00e3o seguinte: eles estar\u00e3o melhorando o solo, o microclima, vai ter um menor gasto de \u00e1gua, a biomassa ser\u00e1 encontrada no pr\u00f3prio sistema. Essa \u00e9 a ideia\u201d, disse o professor Am\u00e2ncio.<br><\/p>\n\n\n\n<p>A \u00e1rea de agrofloresta do campus Petrolina Zona Rural est\u00e1 aberta \u00e0 visita\u00e7\u00e3o. Desde sua implanta\u00e7\u00e3o, diversas turmas de estudantes j\u00e1 conheceram o sistema, incentivando pr\u00e1ticas de ensino, pesquisa e extens\u00e3o.<\/p>\n","protected":false},"excerpt":{"rendered":"<p>Projeto realiza implanta\u00e7\u00e3o de sistema de agrofloresta no campus Petrolina Zona Rural Plantas nativas da Caatinga, esp\u00e9cies frut\u00edferas e de ciclo curto convivendo harmoniosamente na mesma \u00e1rea. Essa \u00e9 a ideia principal do sistema de agrofloresta, que teve uma unidade demonstrativa implantada no campus Petrolina Zona Rural do&nbsp;IF Sert\u00e3o-PE, atrav\u00e9s de um projeto de extens\u00e3o. O sistema agroflorestal \u00e9 um modelo de cultivo milenar, que permite que o produtor tenha v\u00e1rias colheitas por ano de diversos produtos e ao mesmo tempo mantenha a sustentabilidade do ecossistema. \u201cO sistema de fato visa imitar uma floresta, o solo \u00e9 todo coberto por plantas espont\u00e2neas e mat\u00e9ria org\u00e2nica e as plantas v\u00e3o crescendo juntas, uma ajudando a outra. Temos tamb\u00e9m uma menor incid\u00eancia&hellip; <\/p>\n","protected":false},"author":1,"featured_media":229925,"comment_status":"closed","ping_status":"closed","sticky":false,"template":"","format":"standard","meta":{"_acf_changed":false,"footnotes":""},"categories":[44],"tags":[],"class_list":["post-229924","post","type-post","status-publish","format-standard","has-post-thumbnail","hentry","category-administracao"],"acf":[],"yoast_head":"<!-- This site is optimized with the Yoast SEO plugin v27.4 - https:\/\/yoast.com\/product\/yoast-seo-wordpress\/ -->\n<title>\ufeffProjeto realiza implanta\u00e7\u00e3o de sistema de agrofloresta no campus Petrolina Zona Rural - Blog do Farn\u00e9sio<\/title>\n<meta name=\"robots\" content=\"index, follow, max-snippet:-1, max-image-preview:large, max-video-preview:-1\" \/>\n<link rel=\"canonical\" href=\"https:\/\/blogdofarnesio.com.br\/?p=229924\" \/>\n<meta property=\"og:locale\" content=\"pt_BR\" \/>\n<meta property=\"og:type\" content=\"article\" \/>\n<meta property=\"og:title\" content=\"\ufeffProjeto realiza implanta\u00e7\u00e3o de sistema de agrofloresta no campus Petrolina Zona Rural - Blog do Farn\u00e9sio\" \/>\n<meta property=\"og:description\" content=\"Projeto realiza implanta\u00e7\u00e3o de sistema de agrofloresta no campus Petrolina Zona Rural Plantas nativas da Caatinga, esp\u00e9cies frut\u00edferas e de ciclo curto convivendo harmoniosamente na mesma \u00e1rea. Essa \u00e9 a ideia principal do sistema de agrofloresta, que teve uma unidade demonstrativa implantada no campus Petrolina Zona Rural do&nbsp;IF Sert\u00e3o-PE, atrav\u00e9s de um projeto de extens\u00e3o. O sistema agroflorestal \u00e9 um modelo de cultivo milenar, que permite que o produtor tenha v\u00e1rias colheitas por ano de diversos produtos e ao mesmo tempo mantenha a sustentabilidade do ecossistema. \u201cO sistema de fato visa imitar uma floresta, o solo \u00e9 todo coberto por plantas espont\u00e2neas e mat\u00e9ria org\u00e2nica e as plantas v\u00e3o crescendo juntas, uma ajudando a outra. Temos tamb\u00e9m uma menor incid\u00eancia&hellip;\" \/>\n<meta property=\"og:url\" content=\"https:\/\/blogdofarnesio.com.br\/?p=229924\" \/>\n<meta property=\"og:site_name\" content=\"Blog do Farn\u00e9sio\" \/>\n<meta property=\"article:publisher\" content=\"https:\/\/www.facebook.com\/BlogQuerSaberPolitica\/\" \/>\n<meta property=\"article:published_time\" content=\"2019-06-07T19:40:04+00:00\" \/>\n<meta property=\"og:image\" content=\"https:\/\/blogdofarnesio.com.br\/wp-content\/uploads\/2019\/06\/BLOGQSP-Agrofloresta5.jpg\" \/>\n\t<meta property=\"og:image:width\" content=\"640\" \/>\n\t<meta property=\"og:image:height\" content=\"427\" \/>\n\t<meta property=\"og:image:type\" content=\"image\/jpeg\" \/>\n<meta name=\"author\" content=\"Farn\u00e9sio\" \/>\n<meta name=\"twitter:card\" content=\"summary_large_image\" \/>\n<meta name=\"twitter:label1\" content=\"Escrito por\" \/>\n\t<meta name=\"twitter:data1\" content=\"Farn\u00e9sio\" \/>\n\t<meta name=\"twitter:label2\" content=\"Est. tempo de leitura\" \/>\n\t<meta name=\"twitter:data2\" content=\"4 minutos\" \/>\n<script type=\"application\/ld+json\" class=\"yoast-schema-graph\">{\"@context\":\"https:\\\/\\\/schema.org\",\"@graph\":[{\"@type\":\"Article\",\"@id\":\"https:\\\/\\\/blogdofarnesio.com.br\\\/?p=229924#article\",\"isPartOf\":{\"@id\":\"https:\\\/\\\/blogdofarnesio.com.br\\\/?p=229924\"},\"author\":{\"name\":\"Farn\u00e9sio\",\"@id\":\"https:\\\/\\\/blogdofarnesio.com.br\\\/#\\\/schema\\\/person\\\/301c4acf522bccbfdb45af95b5b906a1\"},\"headline\":\"\ufeffProjeto realiza implanta\u00e7\u00e3o de sistema de agrofloresta no campus Petrolina Zona Rural\",\"datePublished\":\"2019-06-07T19:40:04+00:00\",\"mainEntityOfPage\":{\"@id\":\"https:\\\/\\\/blogdofarnesio.com.br\\\/?p=229924\"},\"wordCount\":783,\"publisher\":{\"@id\":\"https:\\\/\\\/blogdofarnesio.com.br\\\/#organization\"},\"image\":{\"@id\":\"https:\\\/\\\/blogdofarnesio.com.br\\\/?p=229924#primaryimage\"},\"thumbnailUrl\":\"https:\\\/\\\/blogdofarnesio.com.br\\\/wp-content\\\/uploads\\\/2019\\\/06\\\/BLOGQSP-Agrofloresta5.jpg\",\"articleSection\":[\"Administra\u00e7\u00e3o\"],\"inLanguage\":\"pt-BR\"},{\"@type\":\"WebPage\",\"@id\":\"https:\\\/\\\/blogdofarnesio.com.br\\\/?p=229924\",\"url\":\"https:\\\/\\\/blogdofarnesio.com.br\\\/?p=229924\",\"name\":\"\ufeffProjeto realiza implanta\u00e7\u00e3o de sistema de agrofloresta no campus Petrolina Zona Rural - Blog do Farn\u00e9sio\",\"isPartOf\":{\"@id\":\"https:\\\/\\\/blogdofarnesio.com.br\\\/#website\"},\"primaryImageOfPage\":{\"@id\":\"https:\\\/\\\/blogdofarnesio.com.br\\\/?p=229924#primaryimage\"},\"image\":{\"@id\":\"https:\\\/\\\/blogdofarnesio.com.br\\\/?p=229924#primaryimage\"},\"thumbnailUrl\":\"https:\\\/\\\/blogdofarnesio.com.br\\\/wp-content\\\/uploads\\\/2019\\\/06\\\/BLOGQSP-Agrofloresta5.jpg\",\"datePublished\":\"2019-06-07T19:40:04+00:00\",\"breadcrumb\":{\"@id\":\"https:\\\/\\\/blogdofarnesio.com.br\\\/?p=229924#breadcrumb\"},\"inLanguage\":\"pt-BR\",\"potentialAction\":[{\"@type\":\"ReadAction\",\"target\":[\"https:\\\/\\\/blogdofarnesio.com.br\\\/?p=229924\"]}]},{\"@type\":\"ImageObject\",\"inLanguage\":\"pt-BR\",\"@id\":\"https:\\\/\\\/blogdofarnesio.com.br\\\/?p=229924#primaryimage\",\"url\":\"https:\\\/\\\/blogdofarnesio.com.br\\\/wp-content\\\/uploads\\\/2019\\\/06\\\/BLOGQSP-Agrofloresta5.jpg\",\"contentUrl\":\"https:\\\/\\\/blogdofarnesio.com.br\\\/wp-content\\\/uploads\\\/2019\\\/06\\\/BLOGQSP-Agrofloresta5.jpg\",\"width\":640,\"height\":427},{\"@type\":\"BreadcrumbList\",\"@id\":\"https:\\\/\\\/blogdofarnesio.com.br\\\/?p=229924#breadcrumb\",\"itemListElement\":[{\"@type\":\"ListItem\",\"position\":1,\"name\":\"In\u00edcio\",\"item\":\"https:\\\/\\\/blogdofarnesio.com.br\\\/\"},{\"@type\":\"ListItem\",\"position\":2,\"name\":\"\ufeffProjeto realiza implanta\u00e7\u00e3o de sistema de agrofloresta no campus Petrolina Zona Rural\"}]},{\"@type\":\"WebSite\",\"@id\":\"https:\\\/\\\/blogdofarnesio.com.br\\\/#website\",\"url\":\"https:\\\/\\\/blogdofarnesio.com.br\\\/\",\"name\":\"Blog do Farn\u00e9sio\",\"description\":\"Quer Saber Pol\u00edtica?\",\"publisher\":{\"@id\":\"https:\\\/\\\/blogdofarnesio.com.br\\\/#organization\"},\"potentialAction\":[{\"@type\":\"SearchAction\",\"target\":{\"@type\":\"EntryPoint\",\"urlTemplate\":\"https:\\\/\\\/blogdofarnesio.com.br\\\/?s={search_term_string}\"},\"query-input\":{\"@type\":\"PropertyValueSpecification\",\"valueRequired\":true,\"valueName\":\"search_term_string\"}}],\"inLanguage\":\"pt-BR\"},{\"@type\":\"Organization\",\"@id\":\"https:\\\/\\\/blogdofarnesio.com.br\\\/#organization\",\"name\":\"Blog do Farn\u00e9sio\",\"url\":\"https:\\\/\\\/blogdofarnesio.com.br\\\/\",\"logo\":{\"@type\":\"ImageObject\",\"inLanguage\":\"pt-BR\",\"@id\":\"https:\\\/\\\/blogdofarnesio.com.br\\\/#\\\/schema\\\/logo\\\/image\\\/\",\"url\":\"https:\\\/\\\/blogdofarnesio.com.br\\\/wp-content\\\/uploads\\\/2026\\\/03\\\/cropped-logo_new-1.png\",\"contentUrl\":\"https:\\\/\\\/blogdofarnesio.com.br\\\/wp-content\\\/uploads\\\/2026\\\/03\\\/cropped-logo_new-1.png\",\"width\":881,\"height\":685,\"caption\":\"Blog do Farn\u00e9sio\"},\"image\":{\"@id\":\"https:\\\/\\\/blogdofarnesio.com.br\\\/#\\\/schema\\\/logo\\\/image\\\/\"},\"sameAs\":[\"https:\\\/\\\/www.facebook.com\\\/BlogQuerSaberPolitica\\\/\"]},{\"@type\":\"Person\",\"@id\":\"https:\\\/\\\/blogdofarnesio.com.br\\\/#\\\/schema\\\/person\\\/301c4acf522bccbfdb45af95b5b906a1\",\"name\":\"Farn\u00e9sio\",\"image\":{\"@type\":\"ImageObject\",\"inLanguage\":\"pt-BR\",\"@id\":\"https:\\\/\\\/secure.gravatar.com\\\/avatar\\\/df0c9a14567c056f8ad6876ba5bbd1e3e2c48023eb6807342fc4663adf549f38?s=96&d=mm&r=g\",\"url\":\"https:\\\/\\\/secure.gravatar.com\\\/avatar\\\/df0c9a14567c056f8ad6876ba5bbd1e3e2c48023eb6807342fc4663adf549f38?s=96&d=mm&r=g\",\"contentUrl\":\"https:\\\/\\\/secure.gravatar.com\\\/avatar\\\/df0c9a14567c056f8ad6876ba5bbd1e3e2c48023eb6807342fc4663adf549f38?s=96&d=mm&r=g\",\"caption\":\"Farn\u00e9sio\"},\"sameAs\":[\"https:\\\/\\\/quersaberpolitica.com.br\"],\"url\":\"https:\\\/\\\/blogdofarnesio.com.br\\\/?author=1\"}]}<\/script>\n<!-- \/ Yoast SEO plugin. -->","yoast_head_json":{"title":"\ufeffProjeto realiza implanta\u00e7\u00e3o de sistema de agrofloresta no campus Petrolina Zona Rural - Blog do Farn\u00e9sio","robots":{"index":"index","follow":"follow","max-snippet":"max-snippet:-1","max-image-preview":"max-image-preview:large","max-video-preview":"max-video-preview:-1"},"canonical":"https:\/\/blogdofarnesio.com.br\/?p=229924","og_locale":"pt_BR","og_type":"article","og_title":"\ufeffProjeto realiza implanta\u00e7\u00e3o de sistema de agrofloresta no campus Petrolina Zona Rural - Blog do Farn\u00e9sio","og_description":"Projeto realiza implanta\u00e7\u00e3o de sistema de agrofloresta no campus Petrolina Zona Rural Plantas nativas da Caatinga, esp\u00e9cies frut\u00edferas e de ciclo curto convivendo harmoniosamente na mesma \u00e1rea. Essa \u00e9 a ideia principal do sistema de agrofloresta, que teve uma unidade demonstrativa implantada no campus Petrolina Zona Rural do&nbsp;IF Sert\u00e3o-PE, atrav\u00e9s de um projeto de extens\u00e3o. O sistema agroflorestal \u00e9 um modelo de cultivo milenar, que permite que o produtor tenha v\u00e1rias colheitas por ano de diversos produtos e ao mesmo tempo mantenha a sustentabilidade do ecossistema. \u201cO sistema de fato visa imitar uma floresta, o solo \u00e9 todo coberto por plantas espont\u00e2neas e mat\u00e9ria org\u00e2nica e as plantas v\u00e3o crescendo juntas, uma ajudando a outra. Temos tamb\u00e9m uma menor incid\u00eancia&hellip;","og_url":"https:\/\/blogdofarnesio.com.br\/?p=229924","og_site_name":"Blog do Farn\u00e9sio","article_publisher":"https:\/\/www.facebook.com\/BlogQuerSaberPolitica\/","article_published_time":"2019-06-07T19:40:04+00:00","og_image":[{"width":640,"height":427,"url":"https:\/\/blogdofarnesio.com.br\/wp-content\/uploads\/2019\/06\/BLOGQSP-Agrofloresta5.jpg","type":"image\/jpeg"}],"author":"Farn\u00e9sio","twitter_card":"summary_large_image","twitter_misc":{"Escrito por":"Farn\u00e9sio","Est. tempo de leitura":"4 minutos"},"schema":{"@context":"https:\/\/schema.org","@graph":[{"@type":"Article","@id":"https:\/\/blogdofarnesio.com.br\/?p=229924#article","isPartOf":{"@id":"https:\/\/blogdofarnesio.com.br\/?p=229924"},"author":{"name":"Farn\u00e9sio","@id":"https:\/\/blogdofarnesio.com.br\/#\/schema\/person\/301c4acf522bccbfdb45af95b5b906a1"},"headline":"\ufeffProjeto realiza implanta\u00e7\u00e3o de sistema de agrofloresta no campus Petrolina Zona Rural","datePublished":"2019-06-07T19:40:04+00:00","mainEntityOfPage":{"@id":"https:\/\/blogdofarnesio.com.br\/?p=229924"},"wordCount":783,"publisher":{"@id":"https:\/\/blogdofarnesio.com.br\/#organization"},"image":{"@id":"https:\/\/blogdofarnesio.com.br\/?p=229924#primaryimage"},"thumbnailUrl":"https:\/\/blogdofarnesio.com.br\/wp-content\/uploads\/2019\/06\/BLOGQSP-Agrofloresta5.jpg","articleSection":["Administra\u00e7\u00e3o"],"inLanguage":"pt-BR"},{"@type":"WebPage","@id":"https:\/\/blogdofarnesio.com.br\/?p=229924","url":"https:\/\/blogdofarnesio.com.br\/?p=229924","name":"\ufeffProjeto realiza implanta\u00e7\u00e3o de sistema de agrofloresta no campus Petrolina Zona Rural - Blog do Farn\u00e9sio","isPartOf":{"@id":"https:\/\/blogdofarnesio.com.br\/#website"},"primaryImageOfPage":{"@id":"https:\/\/blogdofarnesio.com.br\/?p=229924#primaryimage"},"image":{"@id":"https:\/\/blogdofarnesio.com.br\/?p=229924#primaryimage"},"thumbnailUrl":"https:\/\/blogdofarnesio.com.br\/wp-content\/uploads\/2019\/06\/BLOGQSP-Agrofloresta5.jpg","datePublished":"2019-06-07T19:40:04+00:00","breadcrumb":{"@id":"https:\/\/blogdofarnesio.com.br\/?p=229924#breadcrumb"},"inLanguage":"pt-BR","potentialAction":[{"@type":"ReadAction","target":["https:\/\/blogdofarnesio.com.br\/?p=229924"]}]},{"@type":"ImageObject","inLanguage":"pt-BR","@id":"https:\/\/blogdofarnesio.com.br\/?p=229924#primaryimage","url":"https:\/\/blogdofarnesio.com.br\/wp-content\/uploads\/2019\/06\/BLOGQSP-Agrofloresta5.jpg","contentUrl":"https:\/\/blogdofarnesio.com.br\/wp-content\/uploads\/2019\/06\/BLOGQSP-Agrofloresta5.jpg","width":640,"height":427},{"@type":"BreadcrumbList","@id":"https:\/\/blogdofarnesio.com.br\/?p=229924#breadcrumb","itemListElement":[{"@type":"ListItem","position":1,"name":"In\u00edcio","item":"https:\/\/blogdofarnesio.com.br\/"},{"@type":"ListItem","position":2,"name":"\ufeffProjeto realiza implanta\u00e7\u00e3o de sistema de agrofloresta no campus Petrolina Zona Rural"}]},{"@type":"WebSite","@id":"https:\/\/blogdofarnesio.com.br\/#website","url":"https:\/\/blogdofarnesio.com.br\/","name":"Blog do Farn\u00e9sio","description":"Quer Saber Pol\u00edtica?","publisher":{"@id":"https:\/\/blogdofarnesio.com.br\/#organization"},"potentialAction":[{"@type":"SearchAction","target":{"@type":"EntryPoint","urlTemplate":"https:\/\/blogdofarnesio.com.br\/?s={search_term_string}"},"query-input":{"@type":"PropertyValueSpecification","valueRequired":true,"valueName":"search_term_string"}}],"inLanguage":"pt-BR"},{"@type":"Organization","@id":"https:\/\/blogdofarnesio.com.br\/#organization","name":"Blog do Farn\u00e9sio","url":"https:\/\/blogdofarnesio.com.br\/","logo":{"@type":"ImageObject","inLanguage":"pt-BR","@id":"https:\/\/blogdofarnesio.com.br\/#\/schema\/logo\/image\/","url":"https:\/\/blogdofarnesio.com.br\/wp-content\/uploads\/2026\/03\/cropped-logo_new-1.png","contentUrl":"https:\/\/blogdofarnesio.com.br\/wp-content\/uploads\/2026\/03\/cropped-logo_new-1.png","width":881,"height":685,"caption":"Blog do Farn\u00e9sio"},"image":{"@id":"https:\/\/blogdofarnesio.com.br\/#\/schema\/logo\/image\/"},"sameAs":["https:\/\/www.facebook.com\/BlogQuerSaberPolitica\/"]},{"@type":"Person","@id":"https:\/\/blogdofarnesio.com.br\/#\/schema\/person\/301c4acf522bccbfdb45af95b5b906a1","name":"Farn\u00e9sio","image":{"@type":"ImageObject","inLanguage":"pt-BR","@id":"https:\/\/secure.gravatar.com\/avatar\/df0c9a14567c056f8ad6876ba5bbd1e3e2c48023eb6807342fc4663adf549f38?s=96&d=mm&r=g","url":"https:\/\/secure.gravatar.com\/avatar\/df0c9a14567c056f8ad6876ba5bbd1e3e2c48023eb6807342fc4663adf549f38?s=96&d=mm&r=g","contentUrl":"https:\/\/secure.gravatar.com\/avatar\/df0c9a14567c056f8ad6876ba5bbd1e3e2c48023eb6807342fc4663adf549f38?s=96&d=mm&r=g","caption":"Farn\u00e9sio"},"sameAs":["https:\/\/quersaberpolitica.com.br"],"url":"https:\/\/blogdofarnesio.com.br\/?author=1"}]}},"_links":{"self":[{"href":"https:\/\/blogdofarnesio.com.br\/index.php?rest_route=\/wp\/v2\/posts\/229924","targetHints":{"allow":["GET"]}}],"collection":[{"href":"https:\/\/blogdofarnesio.com.br\/index.php?rest_route=\/wp\/v2\/posts"}],"about":[{"href":"https:\/\/blogdofarnesio.com.br\/index.php?rest_route=\/wp\/v2\/types\/post"}],"author":[{"embeddable":true,"href":"https:\/\/blogdofarnesio.com.br\/index.php?rest_route=\/wp\/v2\/users\/1"}],"replies":[{"embeddable":true,"href":"https:\/\/blogdofarnesio.com.br\/index.php?rest_route=%2Fwp%2Fv2%2Fcomments&post=229924"}],"version-history":[{"count":0,"href":"https:\/\/blogdofarnesio.com.br\/index.php?rest_route=\/wp\/v2\/posts\/229924\/revisions"}],"wp:featuredmedia":[{"embeddable":true,"href":"https:\/\/blogdofarnesio.com.br\/index.php?rest_route=\/wp\/v2\/media\/229925"}],"wp:attachment":[{"href":"https:\/\/blogdofarnesio.com.br\/index.php?rest_route=%2Fwp%2Fv2%2Fmedia&parent=229924"}],"wp:term":[{"taxonomy":"category","embeddable":true,"href":"https:\/\/blogdofarnesio.com.br\/index.php?rest_route=%2Fwp%2Fv2%2Fcategories&post=229924"},{"taxonomy":"post_tag","embeddable":true,"href":"https:\/\/blogdofarnesio.com.br\/index.php?rest_route=%2Fwp%2Fv2%2Ftags&post=229924"}],"curies":[{"name":"wp","href":"https:\/\/api.w.org\/{rel}","templated":true}]}}