{"id":229880,"date":"2019-06-10T10:01:53","date_gmt":"2019-06-10T13:01:53","guid":{"rendered":"http:\/\/quersaberpolitica.com.br\/2016\/?p=229880"},"modified":"2019-06-09T17:54:13","modified_gmt":"2019-06-09T20:54:13","slug":"receita-abrira-consultas-ao-1o-lote-de-restituicao-do-irpf-2019-na-2a-feira","status":"publish","type":"post","link":"https:\/\/blogdofarnesio.com.br\/?p=229880","title":{"rendered":"Receita abre consultas ao 1\u00ba lote de restitui\u00e7\u00e3o do IRPF 2019 na 2\u00aa feira"},"content":{"rendered":"\n<p><a href=\"https:\/\/www.poder360.com.br\/author\/gabriel-ponte\/\">GABRIEL PONTE<\/a>&nbsp;<br><br><\/p>\n\n\n\n<p>A Receita Federal disponibiliza a partir desta  2\u00aa feira (10.jun.2019), a consulta ao 1\u00ba lote de restitui\u00e7\u00e3o do IRPF (Imposto sobre a Renda da Pessoa F\u00edsica), incluindo tamb\u00e9m restitui\u00e7\u00f5es residuais dos exerc\u00edcios de 2008 a 2018.<\/p>\n\n\n\n<p>O cr\u00e9dito banc\u00e1rio contemplar\u00e1 2.573.186 contribuintes e ser\u00e1 realizado no dia 17 de junho. O valor da restitui\u00e7\u00e3o totaliza R$ 5,1 bilh\u00f5es, sendo R$ 4,99 bilh\u00f5es somente para o IR 2019 \u2013 ano-base 2018.<\/p>\n\n\n\n<p>Neste Lote, receber\u00e3o a restitui\u00e7\u00e3o 2.174.038 contribuintes entre 60 e 79 anos, 245.552 contribuintes idosos acima de 80 anos e 153.596 contribuintes com alguma defici\u00eancia f\u00edsica, mental ou mol\u00e9stia grave.<\/p>\n\n\n\n<p>Eis os montantes de restitui\u00e7\u00e3o para cada exerc\u00edcio, e a respectiva taxa Selic aplicada:<\/p>\n\n\n\n<figure class=\"wp-block-image\"><img decoding=\"async\" src=\"https:\/\/static.poder360.com.br\/2019\/06\/noname.jpg\" alt=\"\"\/><\/figure>\n\n\n\n<p>Lote de restitui\u00e7\u00e3o MultiExerc\u00edcio do IRPF de junho de 2019Reprodu\u00e7\u00e3o\/Receita Federal<\/p>\n\n\n\n<p>Para saber se teve a declara\u00e7\u00e3o liberada, o contribuinte dever\u00e1 consultar a p\u00e1gina da Receita na&nbsp;<a href=\"https:\/\/receita.economia.gov.br\/\" target=\"_blank\" rel=\"noreferrer noopener\">Internet<\/a>&nbsp;ou consultar o Receitafone (186).<\/p>\n\n\n\n<p>No sistema online, o contribuinte poder\u00e1 verificar se h\u00e1 eventuais inconsist\u00eancias, e, caso haja, fazer a autorregulariza\u00e7\u00e3o, com entrega da declara\u00e7\u00e3o retificadora.&nbsp;O acesso tamb\u00e9m ser\u00e1 poss\u00edvel pelo aplicativo da Receita dispon\u00edvel para tablets e smartphones.<\/p>\n\n\n\n<p>A restitui\u00e7\u00e3o ficar\u00e1 dispon\u00edvel para resgate no banco por 1 ano. Caso n\u00e3o recorra o valor durante esse per\u00edodo, o contribuinte dever\u00e1 requerer a restitui\u00e7\u00e3o pela Internet, acessando o Formul\u00e1rio Eletr\u00f4nico \u2013 Pedido de Pagamento de Restitui\u00e7\u00e3o, ou diretamente no e-CAC, no servi\u00e7o Extrato do Processamento da DIRPF.<\/p>\n\n\n\n<p>Entretanto, se o valor n\u00e3o for creditado, o contribuinte dever\u00e1 requerer, pessoalmente, a qualquer ag\u00eancia do BB (Banco do Brasil) ou contatar a Central de Atendimento por meio do telefone 4004-0001 (capitais), 0800-729-0001 (demais localidades) e 0800-729-0088 (telefone para deficientes auditivos) para agendar o cr\u00e9dito em conta-corrente ou poupan\u00e7a, em seu nome, em qualquer banco.<\/p>\n\n\n\n<h3 class=\"wp-block-heading\">Autores<\/h3>\n\n\n\n<p><a href=\"https:\/\/www.poder360.com.br\/author\/gabriel-ponte\/\">GABRIEL PONTE<\/a><\/p>\n\n\n\n<p>ESTAGI\u00c1RIO DE JORNALISMO<\/p>\n","protected":false},"excerpt":{"rendered":"<p>GABRIEL PONTE&nbsp; A Receita Federal disponibiliza a partir desta 2\u00aa feira (10.jun.2019), a consulta ao 1\u00ba lote de restitui\u00e7\u00e3o do IRPF (Imposto sobre a Renda da Pessoa F\u00edsica), incluindo tamb\u00e9m restitui\u00e7\u00f5es residuais dos exerc\u00edcios de 2008 a 2018. O cr\u00e9dito banc\u00e1rio contemplar\u00e1 2.573.186 contribuintes e ser\u00e1 realizado no dia 17 de junho. O valor da restitui\u00e7\u00e3o totaliza R$ 5,1 bilh\u00f5es, sendo R$ 4,99 bilh\u00f5es somente para o IR 2019 \u2013 ano-base 2018. Neste Lote, receber\u00e3o a restitui\u00e7\u00e3o 2.174.038 contribuintes entre 60 e 79 anos, 245.552 contribuintes idosos acima de 80 anos e 153.596 contribuintes com alguma defici\u00eancia f\u00edsica, mental ou mol\u00e9stia grave. Eis os montantes de restitui\u00e7\u00e3o para cada exerc\u00edcio, e a respectiva taxa Selic aplicada: Lote de restitui\u00e7\u00e3o MultiExerc\u00edcio&hellip; <\/p>\n","protected":false},"author":1,"featured_media":222705,"comment_status":"closed","ping_status":"closed","sticky":false,"template":"","format":"standard","meta":{"_acf_changed":false,"footnotes":""},"categories":[20],"tags":[],"class_list":["post-229880","post","type-post","status-publish","format-standard","has-post-thumbnail","hentry","category-economia"],"acf":[],"yoast_head":"<!-- This site is optimized with the Yoast SEO plugin v27.4 - https:\/\/yoast.com\/product\/yoast-seo-wordpress\/ -->\n<title>Receita abre consultas ao 1\u00ba lote de restitui\u00e7\u00e3o do IRPF 2019 na 2\u00aa feira - Blog do Farn\u00e9sio<\/title>\n<meta name=\"robots\" content=\"index, follow, max-snippet:-1, max-image-preview:large, max-video-preview:-1\" \/>\n<link rel=\"canonical\" href=\"https:\/\/blogdofarnesio.com.br\/?p=229880\" \/>\n<meta property=\"og:locale\" content=\"pt_BR\" \/>\n<meta property=\"og:type\" content=\"article\" \/>\n<meta property=\"og:title\" content=\"Receita abre consultas ao 1\u00ba lote de restitui\u00e7\u00e3o do IRPF 2019 na 2\u00aa feira - Blog do Farn\u00e9sio\" \/>\n<meta property=\"og:description\" content=\"GABRIEL PONTE&nbsp; A Receita Federal disponibiliza a partir desta 2\u00aa feira (10.jun.2019), a consulta ao 1\u00ba lote de restitui\u00e7\u00e3o do IRPF (Imposto sobre a Renda da Pessoa F\u00edsica), incluindo tamb\u00e9m restitui\u00e7\u00f5es residuais dos exerc\u00edcios de 2008 a 2018. O cr\u00e9dito banc\u00e1rio contemplar\u00e1 2.573.186 contribuintes e ser\u00e1 realizado no dia 17 de junho. O valor da restitui\u00e7\u00e3o totaliza R$ 5,1 bilh\u00f5es, sendo R$ 4,99 bilh\u00f5es somente para o IR 2019 \u2013 ano-base 2018. Neste Lote, receber\u00e3o a restitui\u00e7\u00e3o 2.174.038 contribuintes entre 60 e 79 anos, 245.552 contribuintes idosos acima de 80 anos e 153.596 contribuintes com alguma defici\u00eancia f\u00edsica, mental ou mol\u00e9stia grave. Eis os montantes de restitui\u00e7\u00e3o para cada exerc\u00edcio, e a respectiva taxa Selic aplicada: Lote de restitui\u00e7\u00e3o MultiExerc\u00edcio&hellip;\" \/>\n<meta property=\"og:url\" content=\"https:\/\/blogdofarnesio.com.br\/?p=229880\" \/>\n<meta property=\"og:site_name\" content=\"Blog do Farn\u00e9sio\" \/>\n<meta property=\"article:publisher\" content=\"https:\/\/www.facebook.com\/BlogQuerSaberPolitica\/\" \/>\n<meta property=\"article:published_time\" content=\"2019-06-10T13:01:53+00:00\" \/>\n<meta property=\"og:image\" content=\"https:\/\/blogdofarnesio.com.br\/wp-content\/uploads\/2019\/03\/blogqspleaoimpostorenda2019.jpg\" \/>\n\t<meta property=\"og:image:width\" content=\"640\" \/>\n\t<meta property=\"og:image:height\" content=\"357\" \/>\n\t<meta property=\"og:image:type\" content=\"image\/jpeg\" \/>\n<meta name=\"author\" content=\"Farn\u00e9sio\" \/>\n<meta name=\"twitter:card\" content=\"summary_large_image\" \/>\n<meta name=\"twitter:label1\" content=\"Escrito por\" \/>\n\t<meta name=\"twitter:data1\" content=\"Farn\u00e9sio\" \/>\n\t<meta name=\"twitter:label2\" content=\"Est. tempo de leitura\" \/>\n\t<meta name=\"twitter:data2\" content=\"2 minutos\" \/>\n<script type=\"application\/ld+json\" class=\"yoast-schema-graph\">{\"@context\":\"https:\\\/\\\/schema.org\",\"@graph\":[{\"@type\":\"Article\",\"@id\":\"https:\\\/\\\/blogdofarnesio.com.br\\\/?p=229880#article\",\"isPartOf\":{\"@id\":\"https:\\\/\\\/blogdofarnesio.com.br\\\/?p=229880\"},\"author\":{\"name\":\"Farn\u00e9sio\",\"@id\":\"https:\\\/\\\/blogdofarnesio.com.br\\\/#\\\/schema\\\/person\\\/301c4acf522bccbfdb45af95b5b906a1\"},\"headline\":\"Receita abre consultas ao 1\u00ba lote de restitui\u00e7\u00e3o do IRPF 2019 na 2\u00aa feira\",\"datePublished\":\"2019-06-10T13:01:53+00:00\",\"mainEntityOfPage\":{\"@id\":\"https:\\\/\\\/blogdofarnesio.com.br\\\/?p=229880\"},\"wordCount\":335,\"publisher\":{\"@id\":\"https:\\\/\\\/blogdofarnesio.com.br\\\/#organization\"},\"image\":{\"@id\":\"https:\\\/\\\/blogdofarnesio.com.br\\\/?p=229880#primaryimage\"},\"thumbnailUrl\":\"https:\\\/\\\/blogdofarnesio.com.br\\\/wp-content\\\/uploads\\\/2019\\\/03\\\/blogqspleaoimpostorenda2019.jpg\",\"articleSection\":[\"Economia\"],\"inLanguage\":\"pt-BR\"},{\"@type\":\"WebPage\",\"@id\":\"https:\\\/\\\/blogdofarnesio.com.br\\\/?p=229880\",\"url\":\"https:\\\/\\\/blogdofarnesio.com.br\\\/?p=229880\",\"name\":\"Receita abre consultas ao 1\u00ba lote de restitui\u00e7\u00e3o do IRPF 2019 na 2\u00aa feira - Blog do Farn\u00e9sio\",\"isPartOf\":{\"@id\":\"https:\\\/\\\/blogdofarnesio.com.br\\\/#website\"},\"primaryImageOfPage\":{\"@id\":\"https:\\\/\\\/blogdofarnesio.com.br\\\/?p=229880#primaryimage\"},\"image\":{\"@id\":\"https:\\\/\\\/blogdofarnesio.com.br\\\/?p=229880#primaryimage\"},\"thumbnailUrl\":\"https:\\\/\\\/blogdofarnesio.com.br\\\/wp-content\\\/uploads\\\/2019\\\/03\\\/blogqspleaoimpostorenda2019.jpg\",\"datePublished\":\"2019-06-10T13:01:53+00:00\",\"breadcrumb\":{\"@id\":\"https:\\\/\\\/blogdofarnesio.com.br\\\/?p=229880#breadcrumb\"},\"inLanguage\":\"pt-BR\",\"potentialAction\":[{\"@type\":\"ReadAction\",\"target\":[\"https:\\\/\\\/blogdofarnesio.com.br\\\/?p=229880\"]}]},{\"@type\":\"ImageObject\",\"inLanguage\":\"pt-BR\",\"@id\":\"https:\\\/\\\/blogdofarnesio.com.br\\\/?p=229880#primaryimage\",\"url\":\"https:\\\/\\\/blogdofarnesio.com.br\\\/wp-content\\\/uploads\\\/2019\\\/03\\\/blogqspleaoimpostorenda2019.jpg\",\"contentUrl\":\"https:\\\/\\\/blogdofarnesio.com.br\\\/wp-content\\\/uploads\\\/2019\\\/03\\\/blogqspleaoimpostorenda2019.jpg\",\"width\":640,\"height\":357},{\"@type\":\"BreadcrumbList\",\"@id\":\"https:\\\/\\\/blogdofarnesio.com.br\\\/?p=229880#breadcrumb\",\"itemListElement\":[{\"@type\":\"ListItem\",\"position\":1,\"name\":\"In\u00edcio\",\"item\":\"https:\\\/\\\/blogdofarnesio.com.br\\\/\"},{\"@type\":\"ListItem\",\"position\":2,\"name\":\"Receita abre consultas ao 1\u00ba lote de restitui\u00e7\u00e3o do IRPF 2019 na 2\u00aa feira\"}]},{\"@type\":\"WebSite\",\"@id\":\"https:\\\/\\\/blogdofarnesio.com.br\\\/#website\",\"url\":\"https:\\\/\\\/blogdofarnesio.com.br\\\/\",\"name\":\"Blog do Farn\u00e9sio\",\"description\":\"Quer Saber Pol\u00edtica?\",\"publisher\":{\"@id\":\"https:\\\/\\\/blogdofarnesio.com.br\\\/#organization\"},\"potentialAction\":[{\"@type\":\"SearchAction\",\"target\":{\"@type\":\"EntryPoint\",\"urlTemplate\":\"https:\\\/\\\/blogdofarnesio.com.br\\\/?s={search_term_string}\"},\"query-input\":{\"@type\":\"PropertyValueSpecification\",\"valueRequired\":true,\"valueName\":\"search_term_string\"}}],\"inLanguage\":\"pt-BR\"},{\"@type\":\"Organization\",\"@id\":\"https:\\\/\\\/blogdofarnesio.com.br\\\/#organization\",\"name\":\"Blog do Farn\u00e9sio\",\"url\":\"https:\\\/\\\/blogdofarnesio.com.br\\\/\",\"logo\":{\"@type\":\"ImageObject\",\"inLanguage\":\"pt-BR\",\"@id\":\"https:\\\/\\\/blogdofarnesio.com.br\\\/#\\\/schema\\\/logo\\\/image\\\/\",\"url\":\"https:\\\/\\\/blogdofarnesio.com.br\\\/wp-content\\\/uploads\\\/2026\\\/03\\\/cropped-logo_new-1.png\",\"contentUrl\":\"https:\\\/\\\/blogdofarnesio.com.br\\\/wp-content\\\/uploads\\\/2026\\\/03\\\/cropped-logo_new-1.png\",\"width\":881,\"height\":685,\"caption\":\"Blog do Farn\u00e9sio\"},\"image\":{\"@id\":\"https:\\\/\\\/blogdofarnesio.com.br\\\/#\\\/schema\\\/logo\\\/image\\\/\"},\"sameAs\":[\"https:\\\/\\\/www.facebook.com\\\/BlogQuerSaberPolitica\\\/\"]},{\"@type\":\"Person\",\"@id\":\"https:\\\/\\\/blogdofarnesio.com.br\\\/#\\\/schema\\\/person\\\/301c4acf522bccbfdb45af95b5b906a1\",\"name\":\"Farn\u00e9sio\",\"image\":{\"@type\":\"ImageObject\",\"inLanguage\":\"pt-BR\",\"@id\":\"https:\\\/\\\/secure.gravatar.com\\\/avatar\\\/df0c9a14567c056f8ad6876ba5bbd1e3e2c48023eb6807342fc4663adf549f38?s=96&d=mm&r=g\",\"url\":\"https:\\\/\\\/secure.gravatar.com\\\/avatar\\\/df0c9a14567c056f8ad6876ba5bbd1e3e2c48023eb6807342fc4663adf549f38?s=96&d=mm&r=g\",\"contentUrl\":\"https:\\\/\\\/secure.gravatar.com\\\/avatar\\\/df0c9a14567c056f8ad6876ba5bbd1e3e2c48023eb6807342fc4663adf549f38?s=96&d=mm&r=g\",\"caption\":\"Farn\u00e9sio\"},\"sameAs\":[\"https:\\\/\\\/quersaberpolitica.com.br\"],\"url\":\"https:\\\/\\\/blogdofarnesio.com.br\\\/?author=1\"}]}<\/script>\n<!-- \/ Yoast SEO plugin. -->","yoast_head_json":{"title":"Receita abre consultas ao 1\u00ba lote de restitui\u00e7\u00e3o do IRPF 2019 na 2\u00aa feira - Blog do Farn\u00e9sio","robots":{"index":"index","follow":"follow","max-snippet":"max-snippet:-1","max-image-preview":"max-image-preview:large","max-video-preview":"max-video-preview:-1"},"canonical":"https:\/\/blogdofarnesio.com.br\/?p=229880","og_locale":"pt_BR","og_type":"article","og_title":"Receita abre consultas ao 1\u00ba lote de restitui\u00e7\u00e3o do IRPF 2019 na 2\u00aa feira - Blog do Farn\u00e9sio","og_description":"GABRIEL PONTE&nbsp; A Receita Federal disponibiliza a partir desta 2\u00aa feira (10.jun.2019), a consulta ao 1\u00ba lote de restitui\u00e7\u00e3o do IRPF (Imposto sobre a Renda da Pessoa F\u00edsica), incluindo tamb\u00e9m restitui\u00e7\u00f5es residuais dos exerc\u00edcios de 2008 a 2018. O cr\u00e9dito banc\u00e1rio contemplar\u00e1 2.573.186 contribuintes e ser\u00e1 realizado no dia 17 de junho. O valor da restitui\u00e7\u00e3o totaliza R$ 5,1 bilh\u00f5es, sendo R$ 4,99 bilh\u00f5es somente para o IR 2019 \u2013 ano-base 2018. Neste Lote, receber\u00e3o a restitui\u00e7\u00e3o 2.174.038 contribuintes entre 60 e 79 anos, 245.552 contribuintes idosos acima de 80 anos e 153.596 contribuintes com alguma defici\u00eancia f\u00edsica, mental ou mol\u00e9stia grave. Eis os montantes de restitui\u00e7\u00e3o para cada exerc\u00edcio, e a respectiva taxa Selic aplicada: Lote de restitui\u00e7\u00e3o MultiExerc\u00edcio&hellip;","og_url":"https:\/\/blogdofarnesio.com.br\/?p=229880","og_site_name":"Blog do Farn\u00e9sio","article_publisher":"https:\/\/www.facebook.com\/BlogQuerSaberPolitica\/","article_published_time":"2019-06-10T13:01:53+00:00","og_image":[{"width":640,"height":357,"url":"https:\/\/blogdofarnesio.com.br\/wp-content\/uploads\/2019\/03\/blogqspleaoimpostorenda2019.jpg","type":"image\/jpeg"}],"author":"Farn\u00e9sio","twitter_card":"summary_large_image","twitter_misc":{"Escrito por":"Farn\u00e9sio","Est. tempo de leitura":"2 minutos"},"schema":{"@context":"https:\/\/schema.org","@graph":[{"@type":"Article","@id":"https:\/\/blogdofarnesio.com.br\/?p=229880#article","isPartOf":{"@id":"https:\/\/blogdofarnesio.com.br\/?p=229880"},"author":{"name":"Farn\u00e9sio","@id":"https:\/\/blogdofarnesio.com.br\/#\/schema\/person\/301c4acf522bccbfdb45af95b5b906a1"},"headline":"Receita abre consultas ao 1\u00ba lote de restitui\u00e7\u00e3o do IRPF 2019 na 2\u00aa feira","datePublished":"2019-06-10T13:01:53+00:00","mainEntityOfPage":{"@id":"https:\/\/blogdofarnesio.com.br\/?p=229880"},"wordCount":335,"publisher":{"@id":"https:\/\/blogdofarnesio.com.br\/#organization"},"image":{"@id":"https:\/\/blogdofarnesio.com.br\/?p=229880#primaryimage"},"thumbnailUrl":"https:\/\/blogdofarnesio.com.br\/wp-content\/uploads\/2019\/03\/blogqspleaoimpostorenda2019.jpg","articleSection":["Economia"],"inLanguage":"pt-BR"},{"@type":"WebPage","@id":"https:\/\/blogdofarnesio.com.br\/?p=229880","url":"https:\/\/blogdofarnesio.com.br\/?p=229880","name":"Receita abre consultas ao 1\u00ba lote de restitui\u00e7\u00e3o do IRPF 2019 na 2\u00aa feira - Blog do Farn\u00e9sio","isPartOf":{"@id":"https:\/\/blogdofarnesio.com.br\/#website"},"primaryImageOfPage":{"@id":"https:\/\/blogdofarnesio.com.br\/?p=229880#primaryimage"},"image":{"@id":"https:\/\/blogdofarnesio.com.br\/?p=229880#primaryimage"},"thumbnailUrl":"https:\/\/blogdofarnesio.com.br\/wp-content\/uploads\/2019\/03\/blogqspleaoimpostorenda2019.jpg","datePublished":"2019-06-10T13:01:53+00:00","breadcrumb":{"@id":"https:\/\/blogdofarnesio.com.br\/?p=229880#breadcrumb"},"inLanguage":"pt-BR","potentialAction":[{"@type":"ReadAction","target":["https:\/\/blogdofarnesio.com.br\/?p=229880"]}]},{"@type":"ImageObject","inLanguage":"pt-BR","@id":"https:\/\/blogdofarnesio.com.br\/?p=229880#primaryimage","url":"https:\/\/blogdofarnesio.com.br\/wp-content\/uploads\/2019\/03\/blogqspleaoimpostorenda2019.jpg","contentUrl":"https:\/\/blogdofarnesio.com.br\/wp-content\/uploads\/2019\/03\/blogqspleaoimpostorenda2019.jpg","width":640,"height":357},{"@type":"BreadcrumbList","@id":"https:\/\/blogdofarnesio.com.br\/?p=229880#breadcrumb","itemListElement":[{"@type":"ListItem","position":1,"name":"In\u00edcio","item":"https:\/\/blogdofarnesio.com.br\/"},{"@type":"ListItem","position":2,"name":"Receita abre consultas ao 1\u00ba lote de restitui\u00e7\u00e3o do IRPF 2019 na 2\u00aa feira"}]},{"@type":"WebSite","@id":"https:\/\/blogdofarnesio.com.br\/#website","url":"https:\/\/blogdofarnesio.com.br\/","name":"Blog do Farn\u00e9sio","description":"Quer Saber Pol\u00edtica?","publisher":{"@id":"https:\/\/blogdofarnesio.com.br\/#organization"},"potentialAction":[{"@type":"SearchAction","target":{"@type":"EntryPoint","urlTemplate":"https:\/\/blogdofarnesio.com.br\/?s={search_term_string}"},"query-input":{"@type":"PropertyValueSpecification","valueRequired":true,"valueName":"search_term_string"}}],"inLanguage":"pt-BR"},{"@type":"Organization","@id":"https:\/\/blogdofarnesio.com.br\/#organization","name":"Blog do Farn\u00e9sio","url":"https:\/\/blogdofarnesio.com.br\/","logo":{"@type":"ImageObject","inLanguage":"pt-BR","@id":"https:\/\/blogdofarnesio.com.br\/#\/schema\/logo\/image\/","url":"https:\/\/blogdofarnesio.com.br\/wp-content\/uploads\/2026\/03\/cropped-logo_new-1.png","contentUrl":"https:\/\/blogdofarnesio.com.br\/wp-content\/uploads\/2026\/03\/cropped-logo_new-1.png","width":881,"height":685,"caption":"Blog do Farn\u00e9sio"},"image":{"@id":"https:\/\/blogdofarnesio.com.br\/#\/schema\/logo\/image\/"},"sameAs":["https:\/\/www.facebook.com\/BlogQuerSaberPolitica\/"]},{"@type":"Person","@id":"https:\/\/blogdofarnesio.com.br\/#\/schema\/person\/301c4acf522bccbfdb45af95b5b906a1","name":"Farn\u00e9sio","image":{"@type":"ImageObject","inLanguage":"pt-BR","@id":"https:\/\/secure.gravatar.com\/avatar\/df0c9a14567c056f8ad6876ba5bbd1e3e2c48023eb6807342fc4663adf549f38?s=96&d=mm&r=g","url":"https:\/\/secure.gravatar.com\/avatar\/df0c9a14567c056f8ad6876ba5bbd1e3e2c48023eb6807342fc4663adf549f38?s=96&d=mm&r=g","contentUrl":"https:\/\/secure.gravatar.com\/avatar\/df0c9a14567c056f8ad6876ba5bbd1e3e2c48023eb6807342fc4663adf549f38?s=96&d=mm&r=g","caption":"Farn\u00e9sio"},"sameAs":["https:\/\/quersaberpolitica.com.br"],"url":"https:\/\/blogdofarnesio.com.br\/?author=1"}]}},"_links":{"self":[{"href":"https:\/\/blogdofarnesio.com.br\/index.php?rest_route=\/wp\/v2\/posts\/229880","targetHints":{"allow":["GET"]}}],"collection":[{"href":"https:\/\/blogdofarnesio.com.br\/index.php?rest_route=\/wp\/v2\/posts"}],"about":[{"href":"https:\/\/blogdofarnesio.com.br\/index.php?rest_route=\/wp\/v2\/types\/post"}],"author":[{"embeddable":true,"href":"https:\/\/blogdofarnesio.com.br\/index.php?rest_route=\/wp\/v2\/users\/1"}],"replies":[{"embeddable":true,"href":"https:\/\/blogdofarnesio.com.br\/index.php?rest_route=%2Fwp%2Fv2%2Fcomments&post=229880"}],"version-history":[{"count":0,"href":"https:\/\/blogdofarnesio.com.br\/index.php?rest_route=\/wp\/v2\/posts\/229880\/revisions"}],"wp:featuredmedia":[{"embeddable":true,"href":"https:\/\/blogdofarnesio.com.br\/index.php?rest_route=\/wp\/v2\/media\/222705"}],"wp:attachment":[{"href":"https:\/\/blogdofarnesio.com.br\/index.php?rest_route=%2Fwp%2Fv2%2Fmedia&parent=229880"}],"wp:term":[{"taxonomy":"category","embeddable":true,"href":"https:\/\/blogdofarnesio.com.br\/index.php?rest_route=%2Fwp%2Fv2%2Fcategories&post=229880"},{"taxonomy":"post_tag","embeddable":true,"href":"https:\/\/blogdofarnesio.com.br\/index.php?rest_route=%2Fwp%2Fv2%2Ftags&post=229880"}],"curies":[{"name":"wp","href":"https:\/\/api.w.org\/{rel}","templated":true}]}}