{"id":229520,"date":"2019-06-03T12:00:48","date_gmt":"2019-06-03T15:00:48","guid":{"rendered":"http:\/\/quersaberpolitica.com.br\/2016\/?p=229520"},"modified":"2019-06-03T09:07:52","modified_gmt":"2019-06-03T12:07:52","slug":"agentes-de-seguranca-gays-e-trans-tiram-a-farda-do-armario-para-combater-preconceito","status":"publish","type":"post","link":"https:\/\/blogdofarnesio.com.br\/?p=229520","title":{"rendered":"Agentes de seguran\u00e7a gays e trans tiram a farda do arm\u00e1rio para combater preconceito"},"content":{"rendered":"\n<p>Elisa Martins\/<strong>O GLOBO<\/strong><\/p>\n\n\n\n<p><a href=\"https:\/\/www.facebook.com\/dialog\/feed?app_id=431855430329169&amp;display=popup&amp;name=Agentes+de+seguran%c3%a7a+gays+e+trans+tiram+a+farda+do+arm%c3%a1rio+para+combater+preconceito&amp;link=https%3a%2f%2foglobo.globo.com%2fsociedade%2fagentes-de-seguranca-gays-trans-tiram-farda-do-armario-para-combater-preconceito-23713162%3futm_source%3dFacebook%26utm_medium%3dSocial%26utm_campaign%3dcompartilhar&amp;redirect_uri=https%3a%2f%2foglobo.globo.com%2f%23close_window&amp;description=Policiais%2c+bombeiros%2c+guardas+e+militares+se+unem+em+rede+para+debater+discrimina%c3%a7%c3%a3o+nas+corpora%c3%a7%c3%b5es&amp;picture=https%3a%2f%2fogimg.infoglobo.com.br%2fin%2f23713169-903-06a%2fFT460B%2f220%2f82950921_SOC-FARDA-SAI-DO-ARMARIOHOMOFOBIAHenrique-Lunardi-Ferreira-o-soldado-Henrique-e-o-prim.jpg\" target=\"_blank\" rel=\"noreferrer noopener\"><\/a><a href=\"https:\/\/twitter.com\/intent\/tweet?text=Agentes+de+seguran%c3%a7a+gays+e+trans+tiram+a+farda+do+arm%c3%a1rio+para+combater+preconceito&amp;url=https%3a%2f%2foglobo.globo.com%2fsociedade%2fagentes-de-seguranca-gays-trans-tiram-farda-do-armario-para-combater-preconceito-23713162%3futm_source%3dTwitter%26utm_medium%3dSocial%26utm_campaign%3dcompartilhar\" target=\"_blank\" rel=\"noreferrer noopener\"><\/a><a href=\"https:\/\/web.whatsapp.com\/send?text=O%20Globo:%20Agentes%20de%20seguran%C3%A7a%20gays%20e%20trans%20tiram%20a%20farda%20do%20arm%C3%A1rio%20para%20combater%20preconceito%20-%20https%3A%2F%2Foglobo.globo.com%2Fsociedade%2Fagentes-de-seguranca-gays-trans-tiram-farda-do-armario-para-combater-preconceito-23713162%3Futm_source%3DWhatsapp%26utm_medium%3DSocial%26utm_campaign%3Dcompartilhar\" target=\"_blank\" rel=\"noreferrer noopener\"><\/a><a href=\"https:\/\/oglobo.globo.com\/anuncie\/\" target=\"_blank\" rel=\"noreferrer noopener\">PUBLICIDADE<\/a><\/p>\n\n\n\n<figure><iframe width=\"300\" height=\"250\"><\/iframe><\/figure>\n\n\n\n<p>S\u00c3O PAULO \u2014 Em junho do ano passado, o policial militar Leandro Prior, de 27 anos, recebeu amea\u00e7as de morte depois que viralizou um v\u00eddeo em que ele, fardado, beijava outro rapaz no metr\u00f4 de S\u00e3o Paulo. A maioria das agress\u00f5es veio de colegas da corpora\u00e7\u00e3o. Abalado, Prior se afastou para tratamento m\u00e9dico. Na ocasi\u00e3o, afirmou: \u201cExistem gays na PM, e muitos\u201d. Mas homossexualidade e LGBTfobia s\u00e3o temas pouco abordados na \u00e1rea de seguran\u00e7a p\u00fablica. Ou eram.&nbsp;RECEBA AS NEWSLETTERS DO GLOBO:CADASTRARJ\u00e1 recebe a newsletter di\u00e1ria?&nbsp;<a href=\"https:\/\/oglobo.globo.com\/newsletter\/cardapio\/\">Veja mais op\u00e7\u00f5es<\/a><\/p>\n\n\n\n<figure><iframe width=\"2\" height=\"2\"><\/iframe><\/figure>\n\n\n\n<p>Depois do epis\u00f3dio de Prior, v\u00e1rios outros agentes, entre policiais militares, civis, rodovi\u00e1rios, federais, bombeiros, guardas municipais e militares se uniram em uma rede para fortalecer o combate ao preconceito nas institui\u00e7\u00f5es de seguran\u00e7a, e tamb\u00e9m fora delas. A chamada Rede Nacional de Operadores de Seguran\u00e7a P\u00fablica LGBTI+ (Renosp) foi formalizada. Os agentes criaram um estatuto de a\u00e7\u00e3o, um perfil engajado nas redes sociais e redigiram um manual com dicas de seguran\u00e7a para a popula\u00e7\u00e3o LGBT+ nas ruas. Agora, \u00e0s v\u00e9speras da poss\u00edvel retomada do julgamento no STF sobre a criminaliza\u00e7\u00e3o da homofobia, organizam uma nova mobiliza\u00e7\u00e3o nas redes e em Bras\u00edlia.<\/p>\n","protected":false},"excerpt":{"rendered":"<p>Elisa Martins\/O GLOBO PUBLICIDADE S\u00c3O PAULO \u2014 Em junho do ano passado, o policial militar Leandro Prior, de 27 anos, recebeu amea\u00e7as de morte depois que viralizou um v\u00eddeo em que ele, fardado, beijava outro rapaz no metr\u00f4 de S\u00e3o Paulo. A maioria das agress\u00f5es veio de colegas da corpora\u00e7\u00e3o. Abalado, Prior se afastou para tratamento m\u00e9dico. Na ocasi\u00e3o, afirmou: \u201cExistem gays na PM, e muitos\u201d. Mas homossexualidade e LGBTfobia s\u00e3o temas pouco abordados na \u00e1rea de seguran\u00e7a p\u00fablica. Ou eram.&nbsp;RECEBA AS NEWSLETTERS DO GLOBO:CADASTRARJ\u00e1 recebe a newsletter di\u00e1ria?&nbsp;Veja mais op\u00e7\u00f5es Depois do epis\u00f3dio de Prior, v\u00e1rios outros agentes, entre policiais militares, civis, rodovi\u00e1rios, federais, bombeiros, guardas municipais e militares se uniram em uma rede para fortalecer o combate ao&hellip; <\/p>\n","protected":false},"author":1,"featured_media":229527,"comment_status":"closed","ping_status":"closed","sticky":false,"template":"","format":"standard","meta":{"_acf_changed":false,"footnotes":""},"categories":[1],"tags":[],"class_list":["post-229520","post","type-post","status-publish","format-standard","has-post-thumbnail","hentry","category-politica"],"acf":[],"yoast_head":"<!-- This site is optimized with the Yoast SEO plugin v27.4 - https:\/\/yoast.com\/product\/yoast-seo-wordpress\/ -->\n<title>Agentes de seguran\u00e7a gays e trans tiram a farda do arm\u00e1rio para combater preconceito - Blog do Farn\u00e9sio<\/title>\n<meta name=\"robots\" content=\"index, follow, max-snippet:-1, max-image-preview:large, max-video-preview:-1\" \/>\n<link rel=\"canonical\" href=\"https:\/\/blogdofarnesio.com.br\/?p=229520\" \/>\n<meta property=\"og:locale\" content=\"pt_BR\" \/>\n<meta property=\"og:type\" content=\"article\" \/>\n<meta property=\"og:title\" content=\"Agentes de seguran\u00e7a gays e trans tiram a farda do arm\u00e1rio para combater preconceito - Blog do Farn\u00e9sio\" \/>\n<meta property=\"og:description\" content=\"Elisa Martins\/O GLOBO PUBLICIDADE S\u00c3O PAULO \u2014 Em junho do ano passado, o policial militar Leandro Prior, de 27 anos, recebeu amea\u00e7as de morte depois que viralizou um v\u00eddeo em que ele, fardado, beijava outro rapaz no metr\u00f4 de S\u00e3o Paulo. A maioria das agress\u00f5es veio de colegas da corpora\u00e7\u00e3o. Abalado, Prior se afastou para tratamento m\u00e9dico. Na ocasi\u00e3o, afirmou: \u201cExistem gays na PM, e muitos\u201d. Mas homossexualidade e LGBTfobia s\u00e3o temas pouco abordados na \u00e1rea de seguran\u00e7a p\u00fablica. Ou eram.&nbsp;RECEBA AS NEWSLETTERS DO GLOBO:CADASTRARJ\u00e1 recebe a newsletter di\u00e1ria?&nbsp;Veja mais op\u00e7\u00f5es Depois do epis\u00f3dio de Prior, v\u00e1rios outros agentes, entre policiais militares, civis, rodovi\u00e1rios, federais, bombeiros, guardas municipais e militares se uniram em uma rede para fortalecer o combate ao&hellip;\" \/>\n<meta property=\"og:url\" content=\"https:\/\/blogdofarnesio.com.br\/?p=229520\" \/>\n<meta property=\"og:site_name\" content=\"Blog do Farn\u00e9sio\" \/>\n<meta property=\"article:publisher\" content=\"https:\/\/www.facebook.com\/BlogQuerSaberPolitica\/\" \/>\n<meta property=\"article:published_time\" content=\"2019-06-03T15:00:48+00:00\" \/>\n<meta property=\"og:image\" content=\"https:\/\/blogdofarnesio.com.br\/wp-content\/uploads\/2019\/06\/blogqsp-agentegay.jpg\" \/>\n\t<meta property=\"og:image:width\" content=\"1086\" \/>\n\t<meta property=\"og:image:height\" content=\"652\" \/>\n\t<meta property=\"og:image:type\" content=\"image\/jpeg\" \/>\n<meta name=\"author\" content=\"Farn\u00e9sio\" \/>\n<meta name=\"twitter:card\" content=\"summary_large_image\" \/>\n<meta name=\"twitter:label1\" content=\"Escrito por\" \/>\n\t<meta name=\"twitter:data1\" content=\"Farn\u00e9sio\" \/>\n\t<meta name=\"twitter:label2\" content=\"Est. tempo de leitura\" \/>\n\t<meta name=\"twitter:data2\" content=\"1 minuto\" \/>\n<script type=\"application\/ld+json\" class=\"yoast-schema-graph\">{\"@context\":\"https:\\\/\\\/schema.org\",\"@graph\":[{\"@type\":\"Article\",\"@id\":\"https:\\\/\\\/blogdofarnesio.com.br\\\/?p=229520#article\",\"isPartOf\":{\"@id\":\"https:\\\/\\\/blogdofarnesio.com.br\\\/?p=229520\"},\"author\":{\"name\":\"Farn\u00e9sio\",\"@id\":\"https:\\\/\\\/blogdofarnesio.com.br\\\/#\\\/schema\\\/person\\\/301c4acf522bccbfdb45af95b5b906a1\"},\"headline\":\"Agentes de seguran\u00e7a gays e trans tiram a farda do arm\u00e1rio para combater preconceito\",\"datePublished\":\"2019-06-03T15:00:48+00:00\",\"mainEntityOfPage\":{\"@id\":\"https:\\\/\\\/blogdofarnesio.com.br\\\/?p=229520\"},\"wordCount\":242,\"publisher\":{\"@id\":\"https:\\\/\\\/blogdofarnesio.com.br\\\/#organization\"},\"image\":{\"@id\":\"https:\\\/\\\/blogdofarnesio.com.br\\\/?p=229520#primaryimage\"},\"thumbnailUrl\":\"https:\\\/\\\/blogdofarnesio.com.br\\\/wp-content\\\/uploads\\\/2019\\\/06\\\/blogqsp-agentegay.jpg\",\"articleSection\":[\"Pol\u00edtica\"],\"inLanguage\":\"pt-BR\"},{\"@type\":\"WebPage\",\"@id\":\"https:\\\/\\\/blogdofarnesio.com.br\\\/?p=229520\",\"url\":\"https:\\\/\\\/blogdofarnesio.com.br\\\/?p=229520\",\"name\":\"Agentes de seguran\u00e7a gays e trans tiram a farda do arm\u00e1rio para combater preconceito - Blog do Farn\u00e9sio\",\"isPartOf\":{\"@id\":\"https:\\\/\\\/blogdofarnesio.com.br\\\/#website\"},\"primaryImageOfPage\":{\"@id\":\"https:\\\/\\\/blogdofarnesio.com.br\\\/?p=229520#primaryimage\"},\"image\":{\"@id\":\"https:\\\/\\\/blogdofarnesio.com.br\\\/?p=229520#primaryimage\"},\"thumbnailUrl\":\"https:\\\/\\\/blogdofarnesio.com.br\\\/wp-content\\\/uploads\\\/2019\\\/06\\\/blogqsp-agentegay.jpg\",\"datePublished\":\"2019-06-03T15:00:48+00:00\",\"breadcrumb\":{\"@id\":\"https:\\\/\\\/blogdofarnesio.com.br\\\/?p=229520#breadcrumb\"},\"inLanguage\":\"pt-BR\",\"potentialAction\":[{\"@type\":\"ReadAction\",\"target\":[\"https:\\\/\\\/blogdofarnesio.com.br\\\/?p=229520\"]}]},{\"@type\":\"ImageObject\",\"inLanguage\":\"pt-BR\",\"@id\":\"https:\\\/\\\/blogdofarnesio.com.br\\\/?p=229520#primaryimage\",\"url\":\"https:\\\/\\\/blogdofarnesio.com.br\\\/wp-content\\\/uploads\\\/2019\\\/06\\\/blogqsp-agentegay.jpg\",\"contentUrl\":\"https:\\\/\\\/blogdofarnesio.com.br\\\/wp-content\\\/uploads\\\/2019\\\/06\\\/blogqsp-agentegay.jpg\",\"width\":1086,\"height\":652},{\"@type\":\"BreadcrumbList\",\"@id\":\"https:\\\/\\\/blogdofarnesio.com.br\\\/?p=229520#breadcrumb\",\"itemListElement\":[{\"@type\":\"ListItem\",\"position\":1,\"name\":\"In\u00edcio\",\"item\":\"https:\\\/\\\/blogdofarnesio.com.br\\\/\"},{\"@type\":\"ListItem\",\"position\":2,\"name\":\"Agentes de seguran\u00e7a gays e trans tiram a farda do arm\u00e1rio para combater preconceito\"}]},{\"@type\":\"WebSite\",\"@id\":\"https:\\\/\\\/blogdofarnesio.com.br\\\/#website\",\"url\":\"https:\\\/\\\/blogdofarnesio.com.br\\\/\",\"name\":\"Blog do Farn\u00e9sio\",\"description\":\"Quer Saber Pol\u00edtica?\",\"publisher\":{\"@id\":\"https:\\\/\\\/blogdofarnesio.com.br\\\/#organization\"},\"potentialAction\":[{\"@type\":\"SearchAction\",\"target\":{\"@type\":\"EntryPoint\",\"urlTemplate\":\"https:\\\/\\\/blogdofarnesio.com.br\\\/?s={search_term_string}\"},\"query-input\":{\"@type\":\"PropertyValueSpecification\",\"valueRequired\":true,\"valueName\":\"search_term_string\"}}],\"inLanguage\":\"pt-BR\"},{\"@type\":\"Organization\",\"@id\":\"https:\\\/\\\/blogdofarnesio.com.br\\\/#organization\",\"name\":\"Blog do Farn\u00e9sio\",\"url\":\"https:\\\/\\\/blogdofarnesio.com.br\\\/\",\"logo\":{\"@type\":\"ImageObject\",\"inLanguage\":\"pt-BR\",\"@id\":\"https:\\\/\\\/blogdofarnesio.com.br\\\/#\\\/schema\\\/logo\\\/image\\\/\",\"url\":\"https:\\\/\\\/blogdofarnesio.com.br\\\/wp-content\\\/uploads\\\/2026\\\/03\\\/cropped-logo_new-1.png\",\"contentUrl\":\"https:\\\/\\\/blogdofarnesio.com.br\\\/wp-content\\\/uploads\\\/2026\\\/03\\\/cropped-logo_new-1.png\",\"width\":881,\"height\":685,\"caption\":\"Blog do Farn\u00e9sio\"},\"image\":{\"@id\":\"https:\\\/\\\/blogdofarnesio.com.br\\\/#\\\/schema\\\/logo\\\/image\\\/\"},\"sameAs\":[\"https:\\\/\\\/www.facebook.com\\\/BlogQuerSaberPolitica\\\/\"]},{\"@type\":\"Person\",\"@id\":\"https:\\\/\\\/blogdofarnesio.com.br\\\/#\\\/schema\\\/person\\\/301c4acf522bccbfdb45af95b5b906a1\",\"name\":\"Farn\u00e9sio\",\"image\":{\"@type\":\"ImageObject\",\"inLanguage\":\"pt-BR\",\"@id\":\"https:\\\/\\\/secure.gravatar.com\\\/avatar\\\/df0c9a14567c056f8ad6876ba5bbd1e3e2c48023eb6807342fc4663adf549f38?s=96&d=mm&r=g\",\"url\":\"https:\\\/\\\/secure.gravatar.com\\\/avatar\\\/df0c9a14567c056f8ad6876ba5bbd1e3e2c48023eb6807342fc4663adf549f38?s=96&d=mm&r=g\",\"contentUrl\":\"https:\\\/\\\/secure.gravatar.com\\\/avatar\\\/df0c9a14567c056f8ad6876ba5bbd1e3e2c48023eb6807342fc4663adf549f38?s=96&d=mm&r=g\",\"caption\":\"Farn\u00e9sio\"},\"sameAs\":[\"https:\\\/\\\/quersaberpolitica.com.br\"],\"url\":\"https:\\\/\\\/blogdofarnesio.com.br\\\/?author=1\"}]}<\/script>\n<!-- \/ Yoast SEO plugin. -->","yoast_head_json":{"title":"Agentes de seguran\u00e7a gays e trans tiram a farda do arm\u00e1rio para combater preconceito - Blog do Farn\u00e9sio","robots":{"index":"index","follow":"follow","max-snippet":"max-snippet:-1","max-image-preview":"max-image-preview:large","max-video-preview":"max-video-preview:-1"},"canonical":"https:\/\/blogdofarnesio.com.br\/?p=229520","og_locale":"pt_BR","og_type":"article","og_title":"Agentes de seguran\u00e7a gays e trans tiram a farda do arm\u00e1rio para combater preconceito - Blog do Farn\u00e9sio","og_description":"Elisa Martins\/O GLOBO PUBLICIDADE S\u00c3O PAULO \u2014 Em junho do ano passado, o policial militar Leandro Prior, de 27 anos, recebeu amea\u00e7as de morte depois que viralizou um v\u00eddeo em que ele, fardado, beijava outro rapaz no metr\u00f4 de S\u00e3o Paulo. A maioria das agress\u00f5es veio de colegas da corpora\u00e7\u00e3o. Abalado, Prior se afastou para tratamento m\u00e9dico. Na ocasi\u00e3o, afirmou: \u201cExistem gays na PM, e muitos\u201d. Mas homossexualidade e LGBTfobia s\u00e3o temas pouco abordados na \u00e1rea de seguran\u00e7a p\u00fablica. Ou eram.&nbsp;RECEBA AS NEWSLETTERS DO GLOBO:CADASTRARJ\u00e1 recebe a newsletter di\u00e1ria?&nbsp;Veja mais op\u00e7\u00f5es Depois do epis\u00f3dio de Prior, v\u00e1rios outros agentes, entre policiais militares, civis, rodovi\u00e1rios, federais, bombeiros, guardas municipais e militares se uniram em uma rede para fortalecer o combate ao&hellip;","og_url":"https:\/\/blogdofarnesio.com.br\/?p=229520","og_site_name":"Blog do Farn\u00e9sio","article_publisher":"https:\/\/www.facebook.com\/BlogQuerSaberPolitica\/","article_published_time":"2019-06-03T15:00:48+00:00","og_image":[{"width":1086,"height":652,"url":"https:\/\/blogdofarnesio.com.br\/wp-content\/uploads\/2019\/06\/blogqsp-agentegay.jpg","type":"image\/jpeg"}],"author":"Farn\u00e9sio","twitter_card":"summary_large_image","twitter_misc":{"Escrito por":"Farn\u00e9sio","Est. tempo de leitura":"1 minuto"},"schema":{"@context":"https:\/\/schema.org","@graph":[{"@type":"Article","@id":"https:\/\/blogdofarnesio.com.br\/?p=229520#article","isPartOf":{"@id":"https:\/\/blogdofarnesio.com.br\/?p=229520"},"author":{"name":"Farn\u00e9sio","@id":"https:\/\/blogdofarnesio.com.br\/#\/schema\/person\/301c4acf522bccbfdb45af95b5b906a1"},"headline":"Agentes de seguran\u00e7a gays e trans tiram a farda do arm\u00e1rio para combater preconceito","datePublished":"2019-06-03T15:00:48+00:00","mainEntityOfPage":{"@id":"https:\/\/blogdofarnesio.com.br\/?p=229520"},"wordCount":242,"publisher":{"@id":"https:\/\/blogdofarnesio.com.br\/#organization"},"image":{"@id":"https:\/\/blogdofarnesio.com.br\/?p=229520#primaryimage"},"thumbnailUrl":"https:\/\/blogdofarnesio.com.br\/wp-content\/uploads\/2019\/06\/blogqsp-agentegay.jpg","articleSection":["Pol\u00edtica"],"inLanguage":"pt-BR"},{"@type":"WebPage","@id":"https:\/\/blogdofarnesio.com.br\/?p=229520","url":"https:\/\/blogdofarnesio.com.br\/?p=229520","name":"Agentes de seguran\u00e7a gays e trans tiram a farda do arm\u00e1rio para combater preconceito - Blog do Farn\u00e9sio","isPartOf":{"@id":"https:\/\/blogdofarnesio.com.br\/#website"},"primaryImageOfPage":{"@id":"https:\/\/blogdofarnesio.com.br\/?p=229520#primaryimage"},"image":{"@id":"https:\/\/blogdofarnesio.com.br\/?p=229520#primaryimage"},"thumbnailUrl":"https:\/\/blogdofarnesio.com.br\/wp-content\/uploads\/2019\/06\/blogqsp-agentegay.jpg","datePublished":"2019-06-03T15:00:48+00:00","breadcrumb":{"@id":"https:\/\/blogdofarnesio.com.br\/?p=229520#breadcrumb"},"inLanguage":"pt-BR","potentialAction":[{"@type":"ReadAction","target":["https:\/\/blogdofarnesio.com.br\/?p=229520"]}]},{"@type":"ImageObject","inLanguage":"pt-BR","@id":"https:\/\/blogdofarnesio.com.br\/?p=229520#primaryimage","url":"https:\/\/blogdofarnesio.com.br\/wp-content\/uploads\/2019\/06\/blogqsp-agentegay.jpg","contentUrl":"https:\/\/blogdofarnesio.com.br\/wp-content\/uploads\/2019\/06\/blogqsp-agentegay.jpg","width":1086,"height":652},{"@type":"BreadcrumbList","@id":"https:\/\/blogdofarnesio.com.br\/?p=229520#breadcrumb","itemListElement":[{"@type":"ListItem","position":1,"name":"In\u00edcio","item":"https:\/\/blogdofarnesio.com.br\/"},{"@type":"ListItem","position":2,"name":"Agentes de seguran\u00e7a gays e trans tiram a farda do arm\u00e1rio para combater preconceito"}]},{"@type":"WebSite","@id":"https:\/\/blogdofarnesio.com.br\/#website","url":"https:\/\/blogdofarnesio.com.br\/","name":"Blog do Farn\u00e9sio","description":"Quer Saber Pol\u00edtica?","publisher":{"@id":"https:\/\/blogdofarnesio.com.br\/#organization"},"potentialAction":[{"@type":"SearchAction","target":{"@type":"EntryPoint","urlTemplate":"https:\/\/blogdofarnesio.com.br\/?s={search_term_string}"},"query-input":{"@type":"PropertyValueSpecification","valueRequired":true,"valueName":"search_term_string"}}],"inLanguage":"pt-BR"},{"@type":"Organization","@id":"https:\/\/blogdofarnesio.com.br\/#organization","name":"Blog do Farn\u00e9sio","url":"https:\/\/blogdofarnesio.com.br\/","logo":{"@type":"ImageObject","inLanguage":"pt-BR","@id":"https:\/\/blogdofarnesio.com.br\/#\/schema\/logo\/image\/","url":"https:\/\/blogdofarnesio.com.br\/wp-content\/uploads\/2026\/03\/cropped-logo_new-1.png","contentUrl":"https:\/\/blogdofarnesio.com.br\/wp-content\/uploads\/2026\/03\/cropped-logo_new-1.png","width":881,"height":685,"caption":"Blog do Farn\u00e9sio"},"image":{"@id":"https:\/\/blogdofarnesio.com.br\/#\/schema\/logo\/image\/"},"sameAs":["https:\/\/www.facebook.com\/BlogQuerSaberPolitica\/"]},{"@type":"Person","@id":"https:\/\/blogdofarnesio.com.br\/#\/schema\/person\/301c4acf522bccbfdb45af95b5b906a1","name":"Farn\u00e9sio","image":{"@type":"ImageObject","inLanguage":"pt-BR","@id":"https:\/\/secure.gravatar.com\/avatar\/df0c9a14567c056f8ad6876ba5bbd1e3e2c48023eb6807342fc4663adf549f38?s=96&d=mm&r=g","url":"https:\/\/secure.gravatar.com\/avatar\/df0c9a14567c056f8ad6876ba5bbd1e3e2c48023eb6807342fc4663adf549f38?s=96&d=mm&r=g","contentUrl":"https:\/\/secure.gravatar.com\/avatar\/df0c9a14567c056f8ad6876ba5bbd1e3e2c48023eb6807342fc4663adf549f38?s=96&d=mm&r=g","caption":"Farn\u00e9sio"},"sameAs":["https:\/\/quersaberpolitica.com.br"],"url":"https:\/\/blogdofarnesio.com.br\/?author=1"}]}},"_links":{"self":[{"href":"https:\/\/blogdofarnesio.com.br\/index.php?rest_route=\/wp\/v2\/posts\/229520","targetHints":{"allow":["GET"]}}],"collection":[{"href":"https:\/\/blogdofarnesio.com.br\/index.php?rest_route=\/wp\/v2\/posts"}],"about":[{"href":"https:\/\/blogdofarnesio.com.br\/index.php?rest_route=\/wp\/v2\/types\/post"}],"author":[{"embeddable":true,"href":"https:\/\/blogdofarnesio.com.br\/index.php?rest_route=\/wp\/v2\/users\/1"}],"replies":[{"embeddable":true,"href":"https:\/\/blogdofarnesio.com.br\/index.php?rest_route=%2Fwp%2Fv2%2Fcomments&post=229520"}],"version-history":[{"count":0,"href":"https:\/\/blogdofarnesio.com.br\/index.php?rest_route=\/wp\/v2\/posts\/229520\/revisions"}],"wp:featuredmedia":[{"embeddable":true,"href":"https:\/\/blogdofarnesio.com.br\/index.php?rest_route=\/wp\/v2\/media\/229527"}],"wp:attachment":[{"href":"https:\/\/blogdofarnesio.com.br\/index.php?rest_route=%2Fwp%2Fv2%2Fmedia&parent=229520"}],"wp:term":[{"taxonomy":"category","embeddable":true,"href":"https:\/\/blogdofarnesio.com.br\/index.php?rest_route=%2Fwp%2Fv2%2Fcategories&post=229520"},{"taxonomy":"post_tag","embeddable":true,"href":"https:\/\/blogdofarnesio.com.br\/index.php?rest_route=%2Fwp%2Fv2%2Ftags&post=229520"}],"curies":[{"name":"wp","href":"https:\/\/api.w.org\/{rel}","templated":true}]}}