{"id":229516,"date":"2019-06-03T11:30:58","date_gmt":"2019-06-03T14:30:58","guid":{"rendered":"http:\/\/quersaberpolitica.com.br\/2016\/?p=229516"},"modified":"2019-06-02T20:16:53","modified_gmt":"2019-06-02T23:16:53","slug":"em-missa-de-7-dia-pai-de-gabriel-diniz-diz-que-objetivo-de-vida-do-musico-era-divulgar-o-amor","status":"publish","type":"post","link":"https:\/\/blogdofarnesio.com.br\/?p=229516","title":{"rendered":"Em missa de 7\u00b0 dia, pai de Gabriel Diniz diz que objetivo de vida do m\u00fasico era divulgar o amor"},"content":{"rendered":"\n<p>\n\nA missa de s\u00e9timo&nbsp;dia do cantor Gabriel Diniz, morto&nbsp;em um acidente a\u00e9reo&nbsp;na \u00faltima segunda (27) (<a href=\"https:\/\/www.bahianoticias.com.br\/noticia\/236195-bn-na-tela-conhecido-por-cancao-jenifer-cantor-gabriel-diniz-morre-em-acidente-aereo.html\" target=\"_blank\" rel=\"noreferrer noopener\"><strong>ver aqui<\/strong><\/a>), aconteceu na tarde deste domingo (2), na Catedral Bas\u00edlica de Nossa Senhora das Neves, no centro da cidade de Jo\u00e3o Pessoa.<\/p>\n\n\n\n<p>Antes da celebra\u00e7\u00e3o, o pai do m\u00fasico, Francisco Cizinato Diniz, revelou as perspectivas para o futuro e anunciou o fim da banda do filho.<\/p>\n\n\n\n<p>Meia hora antes do in\u00edcio da missa chegaram Francisco Cizinato Diniz, a m\u00e3e e a&nbsp;irm\u00e3 do artista, al\u00e9m da&nbsp;namorada, a psic\u00f3loga Karoline Calheiros. Todos estavam abalados com a perda.<\/p>\n\n\n\n<p>Francisco&nbsp;afirmou que agora se encerra a entrega do m\u00fasico a Deus. &#8220;Hoje para mim \u00e9 um momento de alegria. De fato eu encerro a entrega do Gabriel. Hoje eu estou consagrando ele a Deus com todo o meu cora\u00e7\u00e3o porque eu sei que ele est\u00e1 num lugar bacana, num local legal. Quando falo bacana, lugar legal, n\u00e3o \u00e9 s\u00f3 uma met\u00e1fora porque eu sei que ele est\u00e1 em um lugar perfeito para o que ele veio fazer aqui&#8221;, disse.<\/p>\n\n\n\n<p>Al\u00e9m disso, o pai disse acreditar&nbsp;que o objetivo de Gabriel&nbsp;era maior do que a m\u00fasica. &#8220;Eu tenho certeza que ele usou como ferramenta a m\u00fasica, mas o grande objetivo n\u00e3o era a m\u00fasica, mas divulgar o amor, a forma de amor, de fazer rir. N\u00e3o falo isso porque \u00e9 um momento simb\u00f3lico,&nbsp;mas \u00e9 porque eu tive entendimento &#8220;, afirmou.<\/p>\n\n\n\n<p>Em rela\u00e7\u00e3o \u00e0&nbsp;banda de Gabriel, Francisco revelou que ela ser\u00e1 encerrada. &#8220;Nesses 30 dias eu tenho que tomar algumas atitudes burocr\u00e1ticas e n\u00e3o posso fugir disso. Eu j\u00e1 estou tomando algumas. A gente j\u00e1 deu aviso pr\u00e9vio a todos da banda. Fizemos uma reuni\u00e3o anteontem. A gente tinha que fazer&#8221;, disse.<\/p>\n\n\n\n<p>&#8220;N\u00e3o temos interesse em manter a banda em andamento. N\u00f3s vamos fazer a&nbsp;baixa dela, botar em sil\u00eancio, dormindo em sil\u00eancio por seis meses, um ano&#8230; N\u00e3o sei.&nbsp;Confesso que me envolvi pela m\u00fasica com rela\u00e7\u00e3o ao Gabriel. Ele me agitou tanto que fiquei apaixonado pela m\u00fasica e isso \u00e9 o mais dif\u00edcil.&#8221;<\/p>\n\n\n\n<p>Ap\u00f3s a cerim\u00f4nia religiosa, foram realizadas v\u00e1rias homenagens. Alguns f\u00e3s compareceram com alguns cartazes em apoio aos familiares.<\/p>\n\n\n\n<p>Futuro Antes de morrer, Gabriel deixou algumas m\u00fasicas gravadas, de acordo com seu pai.<\/p>\n\n\n\n<p>&#8220;Ele gravou umas tr\u00eas m\u00fasicas l\u00e1 em casa, mas n\u00e3o sei se eles chegaram a fechar e gravar. Existem alguns EPs que est\u00e3o&nbsp;na Universal,&nbsp;tem at\u00e9 uns clipes que&nbsp;a gente ia lan\u00e7ar&#8221;, comenta.<\/p>\n\n\n\n<p>Francisco tamb\u00e9m disse que o cantor estava construindo uma casa para a fam\u00edlia. &#8220;Talvez eu at\u00e9 construa para vender, mas eu n\u00e3o queria vender porque seria vender o sonho dele&#8221;, disse ap\u00f3s a missa.<\/p>\n\n\n\n<p>Na \u00faltima sexta&nbsp;(31), Francisco fez uma transmiss\u00e3o ao vivo nas redes sociais,&nbsp;ao lado da nora&nbsp;Karoline Calheiros, para falar que todos estavam bem.&nbsp;&#8220;Quero deixar claro para voc\u00eas o seguinte, que eu n\u00e3o estou sofrendo tanto. Acho que estou sofrendo uns 30% do que um pai deveria sofrer&#8221;, disse.<\/p>\n\n\n\n<p>&#8220;Como eu sei que o Gabriel era diferente, um cara forte. Como eu sei que o que ele veio fazer aqui&nbsp;ele j\u00e1 resolveu, isso me alegra. Eu sei que ele fez bem feito. Um cara alegre, feliz, que botou a\u00e7\u00facar na vida de todo mundo. Como \u00e9 que eu posso reclamar de Deus, se eu tive a oportunidade de conviver 28 anos com ele?&#8221;.<\/p>\n\n\n\n<p>TRAG\u00c9DIA<\/p>\n\n\n\n<p>Gabriel Diniz morreu em um acidente a\u00e9reo na cidade de Est\u00e2ncia, na regi\u00e3o de manguezal do Porto do Mato, perto da divisa entre Sergipe e Bahia nesta segunda-feira (27).<\/p>\n\n\n\n<p>O m\u00fasico nasceu em Campo Grande, no Mato Grosso do Sul, mas desde os dois&nbsp;anos morava na cidade de Jo\u00e3o Pessoa. Por onde andava, Gabriel Diniz carregava o nome da Para\u00edba.<\/p>\n\n\n\n<p>No dia 1\u00b0\/4, ele recebeu da Assembleia Legislativa da Para\u00edba o t\u00edtulo de cidad\u00e3o paraibano. Emocionado, fez um v\u00eddeo mostrando a alegria de se tornar um verdadeiro paraibano.\n\n<\/p>\n","protected":false},"excerpt":{"rendered":"<p>A missa de s\u00e9timo&nbsp;dia do cantor Gabriel Diniz, morto&nbsp;em um acidente a\u00e9reo&nbsp;na \u00faltima segunda (27) (ver aqui), aconteceu na tarde deste domingo (2), na Catedral Bas\u00edlica de Nossa Senhora das Neves, no centro da cidade de Jo\u00e3o Pessoa. Antes da celebra\u00e7\u00e3o, o pai do m\u00fasico, Francisco Cizinato Diniz, revelou as perspectivas para o futuro e anunciou o fim da banda do filho. Meia hora antes do in\u00edcio da missa chegaram Francisco Cizinato Diniz, a m\u00e3e e a&nbsp;irm\u00e3 do artista, al\u00e9m da&nbsp;namorada, a psic\u00f3loga Karoline Calheiros. Todos estavam abalados com a perda. Francisco&nbsp;afirmou que agora se encerra a entrega do m\u00fasico a Deus. &#8220;Hoje para mim \u00e9 um momento de alegria. De fato eu encerro a entrega do Gabriel. Hoje eu&hellip; <\/p>\n","protected":false},"author":1,"featured_media":229517,"comment_status":"closed","ping_status":"closed","sticky":false,"template":"","format":"standard","meta":{"_acf_changed":false,"footnotes":""},"categories":[44],"tags":[],"class_list":["post-229516","post","type-post","status-publish","format-standard","has-post-thumbnail","hentry","category-administracao"],"acf":[],"yoast_head":"<!-- This site is optimized with the Yoast SEO plugin v27.4 - https:\/\/yoast.com\/product\/yoast-seo-wordpress\/ -->\n<title>Em missa de 7\u00b0 dia, pai de Gabriel Diniz diz que objetivo de vida do m\u00fasico era divulgar o amor - Blog do Farn\u00e9sio<\/title>\n<meta name=\"robots\" content=\"index, follow, max-snippet:-1, max-image-preview:large, max-video-preview:-1\" \/>\n<link rel=\"canonical\" href=\"https:\/\/blogdofarnesio.com.br\/?p=229516\" \/>\n<meta property=\"og:locale\" content=\"pt_BR\" \/>\n<meta property=\"og:type\" content=\"article\" \/>\n<meta property=\"og:title\" content=\"Em missa de 7\u00b0 dia, pai de Gabriel Diniz diz que objetivo de vida do m\u00fasico era divulgar o amor - Blog do Farn\u00e9sio\" \/>\n<meta property=\"og:description\" content=\"A missa de s\u00e9timo&nbsp;dia do cantor Gabriel Diniz, morto&nbsp;em um acidente a\u00e9reo&nbsp;na \u00faltima segunda (27) (ver aqui), aconteceu na tarde deste domingo (2), na Catedral Bas\u00edlica de Nossa Senhora das Neves, no centro da cidade de Jo\u00e3o Pessoa. Antes da celebra\u00e7\u00e3o, o pai do m\u00fasico, Francisco Cizinato Diniz, revelou as perspectivas para o futuro e anunciou o fim da banda do filho. Meia hora antes do in\u00edcio da missa chegaram Francisco Cizinato Diniz, a m\u00e3e e a&nbsp;irm\u00e3 do artista, al\u00e9m da&nbsp;namorada, a psic\u00f3loga Karoline Calheiros. Todos estavam abalados com a perda. Francisco&nbsp;afirmou que agora se encerra a entrega do m\u00fasico a Deus. &#8220;Hoje para mim \u00e9 um momento de alegria. De fato eu encerro a entrega do Gabriel. Hoje eu&hellip;\" \/>\n<meta property=\"og:url\" content=\"https:\/\/blogdofarnesio.com.br\/?p=229516\" \/>\n<meta property=\"og:site_name\" content=\"Blog do Farn\u00e9sio\" \/>\n<meta property=\"article:publisher\" content=\"https:\/\/www.facebook.com\/BlogQuerSaberPolitica\/\" \/>\n<meta property=\"article:published_time\" content=\"2019-06-03T14:30:58+00:00\" \/>\n<meta property=\"og:image\" content=\"https:\/\/blogdofarnesio.com.br\/wp-content\/uploads\/2019\/06\/blogqsp-paidegabriel.jpg\" \/>\n\t<meta property=\"og:image:width\" content=\"380\" \/>\n\t<meta property=\"og:image:height\" content=\"280\" \/>\n\t<meta property=\"og:image:type\" content=\"image\/jpeg\" \/>\n<meta name=\"author\" content=\"Farn\u00e9sio\" \/>\n<meta name=\"twitter:card\" content=\"summary_large_image\" \/>\n<meta name=\"twitter:label1\" content=\"Escrito por\" \/>\n\t<meta name=\"twitter:data1\" content=\"Farn\u00e9sio\" \/>\n\t<meta name=\"twitter:label2\" content=\"Est. tempo de leitura\" \/>\n\t<meta name=\"twitter:data2\" content=\"4 minutos\" \/>\n<script type=\"application\/ld+json\" class=\"yoast-schema-graph\">{\"@context\":\"https:\\\/\\\/schema.org\",\"@graph\":[{\"@type\":\"Article\",\"@id\":\"https:\\\/\\\/blogdofarnesio.com.br\\\/?p=229516#article\",\"isPartOf\":{\"@id\":\"https:\\\/\\\/blogdofarnesio.com.br\\\/?p=229516\"},\"author\":{\"name\":\"Farn\u00e9sio\",\"@id\":\"https:\\\/\\\/blogdofarnesio.com.br\\\/#\\\/schema\\\/person\\\/301c4acf522bccbfdb45af95b5b906a1\"},\"headline\":\"Em missa de 7\u00b0 dia, pai de Gabriel Diniz diz que objetivo de vida do m\u00fasico era divulgar o amor\",\"datePublished\":\"2019-06-03T14:30:58+00:00\",\"mainEntityOfPage\":{\"@id\":\"https:\\\/\\\/blogdofarnesio.com.br\\\/?p=229516\"},\"wordCount\":739,\"publisher\":{\"@id\":\"https:\\\/\\\/blogdofarnesio.com.br\\\/#organization\"},\"image\":{\"@id\":\"https:\\\/\\\/blogdofarnesio.com.br\\\/?p=229516#primaryimage\"},\"thumbnailUrl\":\"https:\\\/\\\/blogdofarnesio.com.br\\\/wp-content\\\/uploads\\\/2019\\\/06\\\/blogqsp-paidegabriel.jpg\",\"articleSection\":[\"Administra\u00e7\u00e3o\"],\"inLanguage\":\"pt-BR\"},{\"@type\":\"WebPage\",\"@id\":\"https:\\\/\\\/blogdofarnesio.com.br\\\/?p=229516\",\"url\":\"https:\\\/\\\/blogdofarnesio.com.br\\\/?p=229516\",\"name\":\"Em missa de 7\u00b0 dia, pai de Gabriel Diniz diz que objetivo de vida do m\u00fasico era divulgar o amor - Blog do Farn\u00e9sio\",\"isPartOf\":{\"@id\":\"https:\\\/\\\/blogdofarnesio.com.br\\\/#website\"},\"primaryImageOfPage\":{\"@id\":\"https:\\\/\\\/blogdofarnesio.com.br\\\/?p=229516#primaryimage\"},\"image\":{\"@id\":\"https:\\\/\\\/blogdofarnesio.com.br\\\/?p=229516#primaryimage\"},\"thumbnailUrl\":\"https:\\\/\\\/blogdofarnesio.com.br\\\/wp-content\\\/uploads\\\/2019\\\/06\\\/blogqsp-paidegabriel.jpg\",\"datePublished\":\"2019-06-03T14:30:58+00:00\",\"breadcrumb\":{\"@id\":\"https:\\\/\\\/blogdofarnesio.com.br\\\/?p=229516#breadcrumb\"},\"inLanguage\":\"pt-BR\",\"potentialAction\":[{\"@type\":\"ReadAction\",\"target\":[\"https:\\\/\\\/blogdofarnesio.com.br\\\/?p=229516\"]}]},{\"@type\":\"ImageObject\",\"inLanguage\":\"pt-BR\",\"@id\":\"https:\\\/\\\/blogdofarnesio.com.br\\\/?p=229516#primaryimage\",\"url\":\"https:\\\/\\\/blogdofarnesio.com.br\\\/wp-content\\\/uploads\\\/2019\\\/06\\\/blogqsp-paidegabriel.jpg\",\"contentUrl\":\"https:\\\/\\\/blogdofarnesio.com.br\\\/wp-content\\\/uploads\\\/2019\\\/06\\\/blogqsp-paidegabriel.jpg\",\"width\":380,\"height\":280},{\"@type\":\"BreadcrumbList\",\"@id\":\"https:\\\/\\\/blogdofarnesio.com.br\\\/?p=229516#breadcrumb\",\"itemListElement\":[{\"@type\":\"ListItem\",\"position\":1,\"name\":\"In\u00edcio\",\"item\":\"https:\\\/\\\/blogdofarnesio.com.br\\\/\"},{\"@type\":\"ListItem\",\"position\":2,\"name\":\"Em missa de 7\u00b0 dia, pai de Gabriel Diniz diz que objetivo de vida do m\u00fasico era divulgar o amor\"}]},{\"@type\":\"WebSite\",\"@id\":\"https:\\\/\\\/blogdofarnesio.com.br\\\/#website\",\"url\":\"https:\\\/\\\/blogdofarnesio.com.br\\\/\",\"name\":\"Blog do Farn\u00e9sio\",\"description\":\"Quer Saber Pol\u00edtica?\",\"publisher\":{\"@id\":\"https:\\\/\\\/blogdofarnesio.com.br\\\/#organization\"},\"potentialAction\":[{\"@type\":\"SearchAction\",\"target\":{\"@type\":\"EntryPoint\",\"urlTemplate\":\"https:\\\/\\\/blogdofarnesio.com.br\\\/?s={search_term_string}\"},\"query-input\":{\"@type\":\"PropertyValueSpecification\",\"valueRequired\":true,\"valueName\":\"search_term_string\"}}],\"inLanguage\":\"pt-BR\"},{\"@type\":\"Organization\",\"@id\":\"https:\\\/\\\/blogdofarnesio.com.br\\\/#organization\",\"name\":\"Blog do Farn\u00e9sio\",\"url\":\"https:\\\/\\\/blogdofarnesio.com.br\\\/\",\"logo\":{\"@type\":\"ImageObject\",\"inLanguage\":\"pt-BR\",\"@id\":\"https:\\\/\\\/blogdofarnesio.com.br\\\/#\\\/schema\\\/logo\\\/image\\\/\",\"url\":\"https:\\\/\\\/blogdofarnesio.com.br\\\/wp-content\\\/uploads\\\/2026\\\/03\\\/cropped-logo_new-1.png\",\"contentUrl\":\"https:\\\/\\\/blogdofarnesio.com.br\\\/wp-content\\\/uploads\\\/2026\\\/03\\\/cropped-logo_new-1.png\",\"width\":881,\"height\":685,\"caption\":\"Blog do Farn\u00e9sio\"},\"image\":{\"@id\":\"https:\\\/\\\/blogdofarnesio.com.br\\\/#\\\/schema\\\/logo\\\/image\\\/\"},\"sameAs\":[\"https:\\\/\\\/www.facebook.com\\\/BlogQuerSaberPolitica\\\/\"]},{\"@type\":\"Person\",\"@id\":\"https:\\\/\\\/blogdofarnesio.com.br\\\/#\\\/schema\\\/person\\\/301c4acf522bccbfdb45af95b5b906a1\",\"name\":\"Farn\u00e9sio\",\"image\":{\"@type\":\"ImageObject\",\"inLanguage\":\"pt-BR\",\"@id\":\"https:\\\/\\\/secure.gravatar.com\\\/avatar\\\/df0c9a14567c056f8ad6876ba5bbd1e3e2c48023eb6807342fc4663adf549f38?s=96&d=mm&r=g\",\"url\":\"https:\\\/\\\/secure.gravatar.com\\\/avatar\\\/df0c9a14567c056f8ad6876ba5bbd1e3e2c48023eb6807342fc4663adf549f38?s=96&d=mm&r=g\",\"contentUrl\":\"https:\\\/\\\/secure.gravatar.com\\\/avatar\\\/df0c9a14567c056f8ad6876ba5bbd1e3e2c48023eb6807342fc4663adf549f38?s=96&d=mm&r=g\",\"caption\":\"Farn\u00e9sio\"},\"sameAs\":[\"https:\\\/\\\/quersaberpolitica.com.br\"],\"url\":\"https:\\\/\\\/blogdofarnesio.com.br\\\/?author=1\"}]}<\/script>\n<!-- \/ Yoast SEO plugin. -->","yoast_head_json":{"title":"Em missa de 7\u00b0 dia, pai de Gabriel Diniz diz que objetivo de vida do m\u00fasico era divulgar o amor - Blog do Farn\u00e9sio","robots":{"index":"index","follow":"follow","max-snippet":"max-snippet:-1","max-image-preview":"max-image-preview:large","max-video-preview":"max-video-preview:-1"},"canonical":"https:\/\/blogdofarnesio.com.br\/?p=229516","og_locale":"pt_BR","og_type":"article","og_title":"Em missa de 7\u00b0 dia, pai de Gabriel Diniz diz que objetivo de vida do m\u00fasico era divulgar o amor - Blog do Farn\u00e9sio","og_description":"A missa de s\u00e9timo&nbsp;dia do cantor Gabriel Diniz, morto&nbsp;em um acidente a\u00e9reo&nbsp;na \u00faltima segunda (27) (ver aqui), aconteceu na tarde deste domingo (2), na Catedral Bas\u00edlica de Nossa Senhora das Neves, no centro da cidade de Jo\u00e3o Pessoa. Antes da celebra\u00e7\u00e3o, o pai do m\u00fasico, Francisco Cizinato Diniz, revelou as perspectivas para o futuro e anunciou o fim da banda do filho. Meia hora antes do in\u00edcio da missa chegaram Francisco Cizinato Diniz, a m\u00e3e e a&nbsp;irm\u00e3 do artista, al\u00e9m da&nbsp;namorada, a psic\u00f3loga Karoline Calheiros. Todos estavam abalados com a perda. Francisco&nbsp;afirmou que agora se encerra a entrega do m\u00fasico a Deus. &#8220;Hoje para mim \u00e9 um momento de alegria. De fato eu encerro a entrega do Gabriel. Hoje eu&hellip;","og_url":"https:\/\/blogdofarnesio.com.br\/?p=229516","og_site_name":"Blog do Farn\u00e9sio","article_publisher":"https:\/\/www.facebook.com\/BlogQuerSaberPolitica\/","article_published_time":"2019-06-03T14:30:58+00:00","og_image":[{"width":380,"height":280,"url":"https:\/\/blogdofarnesio.com.br\/wp-content\/uploads\/2019\/06\/blogqsp-paidegabriel.jpg","type":"image\/jpeg"}],"author":"Farn\u00e9sio","twitter_card":"summary_large_image","twitter_misc":{"Escrito por":"Farn\u00e9sio","Est. tempo de leitura":"4 minutos"},"schema":{"@context":"https:\/\/schema.org","@graph":[{"@type":"Article","@id":"https:\/\/blogdofarnesio.com.br\/?p=229516#article","isPartOf":{"@id":"https:\/\/blogdofarnesio.com.br\/?p=229516"},"author":{"name":"Farn\u00e9sio","@id":"https:\/\/blogdofarnesio.com.br\/#\/schema\/person\/301c4acf522bccbfdb45af95b5b906a1"},"headline":"Em missa de 7\u00b0 dia, pai de Gabriel Diniz diz que objetivo de vida do m\u00fasico era divulgar o amor","datePublished":"2019-06-03T14:30:58+00:00","mainEntityOfPage":{"@id":"https:\/\/blogdofarnesio.com.br\/?p=229516"},"wordCount":739,"publisher":{"@id":"https:\/\/blogdofarnesio.com.br\/#organization"},"image":{"@id":"https:\/\/blogdofarnesio.com.br\/?p=229516#primaryimage"},"thumbnailUrl":"https:\/\/blogdofarnesio.com.br\/wp-content\/uploads\/2019\/06\/blogqsp-paidegabriel.jpg","articleSection":["Administra\u00e7\u00e3o"],"inLanguage":"pt-BR"},{"@type":"WebPage","@id":"https:\/\/blogdofarnesio.com.br\/?p=229516","url":"https:\/\/blogdofarnesio.com.br\/?p=229516","name":"Em missa de 7\u00b0 dia, pai de Gabriel Diniz diz que objetivo de vida do m\u00fasico era divulgar o amor - Blog do Farn\u00e9sio","isPartOf":{"@id":"https:\/\/blogdofarnesio.com.br\/#website"},"primaryImageOfPage":{"@id":"https:\/\/blogdofarnesio.com.br\/?p=229516#primaryimage"},"image":{"@id":"https:\/\/blogdofarnesio.com.br\/?p=229516#primaryimage"},"thumbnailUrl":"https:\/\/blogdofarnesio.com.br\/wp-content\/uploads\/2019\/06\/blogqsp-paidegabriel.jpg","datePublished":"2019-06-03T14:30:58+00:00","breadcrumb":{"@id":"https:\/\/blogdofarnesio.com.br\/?p=229516#breadcrumb"},"inLanguage":"pt-BR","potentialAction":[{"@type":"ReadAction","target":["https:\/\/blogdofarnesio.com.br\/?p=229516"]}]},{"@type":"ImageObject","inLanguage":"pt-BR","@id":"https:\/\/blogdofarnesio.com.br\/?p=229516#primaryimage","url":"https:\/\/blogdofarnesio.com.br\/wp-content\/uploads\/2019\/06\/blogqsp-paidegabriel.jpg","contentUrl":"https:\/\/blogdofarnesio.com.br\/wp-content\/uploads\/2019\/06\/blogqsp-paidegabriel.jpg","width":380,"height":280},{"@type":"BreadcrumbList","@id":"https:\/\/blogdofarnesio.com.br\/?p=229516#breadcrumb","itemListElement":[{"@type":"ListItem","position":1,"name":"In\u00edcio","item":"https:\/\/blogdofarnesio.com.br\/"},{"@type":"ListItem","position":2,"name":"Em missa de 7\u00b0 dia, pai de Gabriel Diniz diz que objetivo de vida do m\u00fasico era divulgar o amor"}]},{"@type":"WebSite","@id":"https:\/\/blogdofarnesio.com.br\/#website","url":"https:\/\/blogdofarnesio.com.br\/","name":"Blog do Farn\u00e9sio","description":"Quer Saber Pol\u00edtica?","publisher":{"@id":"https:\/\/blogdofarnesio.com.br\/#organization"},"potentialAction":[{"@type":"SearchAction","target":{"@type":"EntryPoint","urlTemplate":"https:\/\/blogdofarnesio.com.br\/?s={search_term_string}"},"query-input":{"@type":"PropertyValueSpecification","valueRequired":true,"valueName":"search_term_string"}}],"inLanguage":"pt-BR"},{"@type":"Organization","@id":"https:\/\/blogdofarnesio.com.br\/#organization","name":"Blog do Farn\u00e9sio","url":"https:\/\/blogdofarnesio.com.br\/","logo":{"@type":"ImageObject","inLanguage":"pt-BR","@id":"https:\/\/blogdofarnesio.com.br\/#\/schema\/logo\/image\/","url":"https:\/\/blogdofarnesio.com.br\/wp-content\/uploads\/2026\/03\/cropped-logo_new-1.png","contentUrl":"https:\/\/blogdofarnesio.com.br\/wp-content\/uploads\/2026\/03\/cropped-logo_new-1.png","width":881,"height":685,"caption":"Blog do Farn\u00e9sio"},"image":{"@id":"https:\/\/blogdofarnesio.com.br\/#\/schema\/logo\/image\/"},"sameAs":["https:\/\/www.facebook.com\/BlogQuerSaberPolitica\/"]},{"@type":"Person","@id":"https:\/\/blogdofarnesio.com.br\/#\/schema\/person\/301c4acf522bccbfdb45af95b5b906a1","name":"Farn\u00e9sio","image":{"@type":"ImageObject","inLanguage":"pt-BR","@id":"https:\/\/secure.gravatar.com\/avatar\/df0c9a14567c056f8ad6876ba5bbd1e3e2c48023eb6807342fc4663adf549f38?s=96&d=mm&r=g","url":"https:\/\/secure.gravatar.com\/avatar\/df0c9a14567c056f8ad6876ba5bbd1e3e2c48023eb6807342fc4663adf549f38?s=96&d=mm&r=g","contentUrl":"https:\/\/secure.gravatar.com\/avatar\/df0c9a14567c056f8ad6876ba5bbd1e3e2c48023eb6807342fc4663adf549f38?s=96&d=mm&r=g","caption":"Farn\u00e9sio"},"sameAs":["https:\/\/quersaberpolitica.com.br"],"url":"https:\/\/blogdofarnesio.com.br\/?author=1"}]}},"_links":{"self":[{"href":"https:\/\/blogdofarnesio.com.br\/index.php?rest_route=\/wp\/v2\/posts\/229516","targetHints":{"allow":["GET"]}}],"collection":[{"href":"https:\/\/blogdofarnesio.com.br\/index.php?rest_route=\/wp\/v2\/posts"}],"about":[{"href":"https:\/\/blogdofarnesio.com.br\/index.php?rest_route=\/wp\/v2\/types\/post"}],"author":[{"embeddable":true,"href":"https:\/\/blogdofarnesio.com.br\/index.php?rest_route=\/wp\/v2\/users\/1"}],"replies":[{"embeddable":true,"href":"https:\/\/blogdofarnesio.com.br\/index.php?rest_route=%2Fwp%2Fv2%2Fcomments&post=229516"}],"version-history":[{"count":0,"href":"https:\/\/blogdofarnesio.com.br\/index.php?rest_route=\/wp\/v2\/posts\/229516\/revisions"}],"wp:featuredmedia":[{"embeddable":true,"href":"https:\/\/blogdofarnesio.com.br\/index.php?rest_route=\/wp\/v2\/media\/229517"}],"wp:attachment":[{"href":"https:\/\/blogdofarnesio.com.br\/index.php?rest_route=%2Fwp%2Fv2%2Fmedia&parent=229516"}],"wp:term":[{"taxonomy":"category","embeddable":true,"href":"https:\/\/blogdofarnesio.com.br\/index.php?rest_route=%2Fwp%2Fv2%2Fcategories&post=229516"},{"taxonomy":"post_tag","embeddable":true,"href":"https:\/\/blogdofarnesio.com.br\/index.php?rest_route=%2Fwp%2Fv2%2Ftags&post=229516"}],"curies":[{"name":"wp","href":"https:\/\/api.w.org\/{rel}","templated":true}]}}